{"id":10005,"date":"2026-04-16T14:59:58","date_gmt":"2026-04-16T12:59:58","guid":{"rendered":"https:\/\/naturvernforbundet.no\/finnmark\/?p=10005"},"modified":"2026-04-25T00:01:54","modified_gmt":"2026-04-24T22:01:54","slug":"statnett-ma-offentliggjore-sitt-vedtak-av-03-04-2019-om-frakt-av-kraft-til-melkoya","status":"publish","type":"post","link":"https:\/\/naturvernforbundet.no\/finnmark\/statnett-ma-offentliggjore-sitt-vedtak-av-03-04-2019-om-frakt-av-kraft-til-melkoya\/","title":{"rendered":"Statnett m\u00e5 offentliggj\u00f8re sitt vedtak av 03.04.2019 om frakt av kraft til Melk\u00f8ya"},"content":{"rendered":"\t<div class=\"template-post alignnone wp-block-naturvern-hero\">\n\t\t<div class=\"hero__inner\">\n\t\t\t<div class=\"hero__inner_blocks\">\n\t\t\t\t\t\t\t\t\n<h1 class=\"wp-block-post-title\">Statnett m\u00e5 offentliggj\u00f8re sitt vedtak av 03.04.2019 om frakt av kraft til Melk\u00f8ya<\/h1>\n\n<div class=\"wp-block-post-excerpt\"><p class=\"wp-block-post-excerpt__excerpt\">Saksbehandling som gjelder sv\u00e6rt store naturverdier, m\u00e5 v\u00e6re offentlig tilgjengelig. <\/p><\/div>\n\n<figure class=\"wp-block-post-featured-image\"><img loading=\"lazy\" decoding=\"async\" width=\"1100\" height=\"698\" src=\"https:\/\/naturvernforbundet.no\/content\/uploads\/sites\/12\/2026\/04\/2024_11_22_Myrtveit_NVE_Tana.png\" class=\"attachment-post-thumbnail size-post-thumbnail wp-post-image\" alt=\"\" style=\"object-fit:cover;\" srcset=\"https:\/\/naturvernforbundet.no\/content\/uploads\/sites\/12\/2026\/04\/2024_11_22_Myrtveit_NVE_Tana.png 1100w, https:\/\/naturvernforbundet.no\/content\/uploads\/sites\/12\/2026\/04\/2024_11_22_Myrtveit_NVE_Tana-300x190.png 300w, https:\/\/naturvernforbundet.no\/content\/uploads\/sites\/12\/2026\/04\/2024_11_22_Myrtveit_NVE_Tana-1024x650.png 1024w, https:\/\/naturvernforbundet.no\/content\/uploads\/sites\/12\/2026\/04\/2024_11_22_Myrtveit_NVE_Tana-768x487.png 768w\" sizes=\"auto, (max-width: 1100px) 100vw, 1100px\" \/><\/figure>\n\t\t\t<\/div>\n\t\t\t\t\t<\/div>\n\t\t\t<\/div>\n\t\n\n\n<p>Naturvernforbundet har lenge krevd at Statnett m\u00e5 offentliggj\u00f8re sine reservasjons-vedtak for frakting av str\u00f8m fra A til B, og tilh\u00f8rende saksdokumenter. Dette gjelder b\u00e5de kraftprodusenter og kraftkj\u00f8pere sin bestilling av fraktkapasitet i linjenettet. Vi mener at saksbehandling som gjelder sv\u00e6rt store naturverdier, m\u00e5 v\u00e6re offentlig tilgjengelig.<\/p>\n\n\n\n<p>I vedlegg til h\u00f8ringsdokumenter for Alta Kraftverk vedr. utbygging av en tredje turbin i Alra-Kautokeino-vassdraget, var brev fra Statnett til Statkraft Energi AS datert 6. mai 2025 vedlagt. Dette viser en ny praksis hos Statnett, som sett fra Naturvernforbundet sin side er sv\u00e6rt gledelig.<\/p>\n\n\n\n<p>Utdrag fra brevet: &laquo;Statnett har vurdert bestillingen og dette brevet bekrefter reservasjon av 120 MW nettkapasitet i Sautso transformatorstasjon.&nbsp;Tilknytningen av deres prosjekt til transmisjonsnettet forutsetter ferdigstillelse av Statnetts prosjekt &laquo;Ny 420 kV ledning Skaidi-Lebesby og Lebesby transformatorstasjon&raquo;&nbsp;med planlagt idriftsettelse i l\u00f8pet av 2032 med forbehold om konsesjon og fremdrift i henhold til n\u00e5v\u00e6rende fremdriftsplan.&raquo;<br><br>Brevet gir viktig informasjon om tildelingsprosedyrer for linjekapasitet. Denne form for \u00e5penhet m\u00e5 gjelde ogs\u00e5 andre saker der linjekapasitet er tildelt. Ogs\u00e5 tidligere brev om reservasjoner av linjekapasitet m\u00e5 offentliggj\u00f8res. Dette gjelder spesielt tildelingen av linjekapasitet til Equinor for kraft av str\u00f8m til Melk\u00f8ya, datert 3. april 2019. <br><br>Allerede p\u00e5 folkem\u00f8te arrangert av NVE i Tana 20.11. 2024, orienterte avdelingssjef Ingrid Myrtveit om at de skulle vurdere \u00e5 p\u00e5legge Statnett krav om \u00e5 offentliggj\u00f8re b\u00e5de prosedyrer og resultat i behandling av linjekapasitets-saker.<\/p>\n\n\n\n<p>Ovennevnte brev til Statskraft som vi her har brukt som eksempel p\u00e5 god og \u00e5pen prosedyre, er signert Statnett SF ved Gunnar L\u00f8v\u00e5s, konserndirekt\u00f8r Kraftsystem og Kunder. Hele brevet kan leses her: <\/p>\n\n\n<div class=\"t2-files wp-block-t2-files\">\n<div class=\"t2-file-item wp-block-t2-file-item\">\n\t\t<a href=\"https:\/\/naturvernforbundet.no\/content\/uploads\/sites\/12\/2026\/04\/Statnett_dokumentasjon_pa-reservert_nett_3448744_alta.pdf\" class=\"t2-file-item__link t2-file-item__link--icon-left\" download>\n\t\t\t<span class=\"t2-file-item__icon\"><svg xmlns=\"http:\/\/www.w3.org\/2000\/svg\" viewBox=\"0 0 24 24\" height=\"24\" width=\"24\" class=\"t2-icon t2-icon-filedownload\" aria-hidden=\"true\" focusable=\"false\"><path d=\"M16.59 9H15V4C15 3.45 14.55 3 14 3H10C9.45 3 9 3.45 9 4V9H7.41C6.52 9 6.07 10.08 6.7 10.71L11.29 15.3C11.68 15.69 12.31 15.69 12.7 15.3L17.29 10.71C17.92 10.08 17.48 9 16.59 9ZM5 19C5 19.55 5.45 20 6 20H18C18.55 20 19 19.55 19 19C19 18.45 18.55 18 18 18H6C5.45 18 5 18.45 5 19Z\" \/><\/svg><\/span>\n\t\t\t<span class=\"t2-file-item__info\">\n\t\t\t\t<span class=\"t2-file-item__filename\">Statnett_dokumentasjon_p\u00e5 reservert_nett_3448744_alta<\/span>\n\t\t\t\t\n\t\t\t\t<span class=\"t2-file-item__meta\">pdf \u00b7 318 KB<\/span>\n\t\t\t<\/span>\n\t\t<\/a>\n\t\t<\/div>\n<\/div>\n\n\n<p>Vi viser ogs\u00e5 til brev av 27.03.2019 hvor Statnett trakk s\u00f8knad om dispensasjon for fritak fra \u00e5 bygge ut 420 kV-linje. De \u00f8nsket alts\u00e5 \u00e5 bygge likevel, og uka etter innvilget de linjekapasitet til \u00e5 frakte 350 MW til Melk\u00f8ya. Denne snuoperasjonen m\u00e5 granskes. <br><br>Link til ovennevnte brev av 27.03.2019 er med i denne h\u00f8ringsuttalelsen fra Naturvernforbundet i Finnmark: <a href=\"https:\/\/naturvernforbundet.no\/finnmark\/horingsuttalelse-420-kv-kraftlinje-skaidi-lebesby\/\">H\u00f8ringsuttalelse 420 kV-kraftlinje Skaidi\u2013Lebesby &#8211; Finnmark<\/a><\/p>\n\n\n\n<figure class=\"wp-block-image size-large\"><img loading=\"lazy\" decoding=\"async\" width=\"1024\" height=\"728\" src=\"https:\/\/naturvernforbundet.no\/content\/uploads\/sites\/12\/2026\/04\/2024_11_20_Statnett_Tana_Kjell_D-1024x728.jpg\" alt=\"\" class=\"wp-image-10006\" srcset=\"https:\/\/naturvernforbundet.no\/content\/uploads\/sites\/12\/2026\/04\/2024_11_20_Statnett_Tana_Kjell_D-1024x728.jpg 1024w, https:\/\/naturvernforbundet.no\/content\/uploads\/sites\/12\/2026\/04\/2024_11_20_Statnett_Tana_Kjell_D-300x213.jpg 300w, https:\/\/naturvernforbundet.no\/content\/uploads\/sites\/12\/2026\/04\/2024_11_20_Statnett_Tana_Kjell_D-768x546.jpg 768w, https:\/\/naturvernforbundet.no\/content\/uploads\/sites\/12\/2026\/04\/2024_11_20_Statnett_Tana_Kjell_D.jpg 1040w\" sizes=\"auto, (max-width: 1024px) 100vw, 1024px\" \/><\/figure>\n\n\n\n<p><em>Bildene er fra folkem\u00f8te i Tana 20.11. 2024, arrangert av NVE. \u00d8verst: Skjermdump fra NRK O\u0111\u0111asat (nyheter p\u00e5 samisk). <br>Foto nederst: Naturvernforbundet.<\/em><\/p>\n","protected":false},"excerpt":{"rendered":"<p>Saksbehandling som gjelder sv\u00e6rt store naturverdier, m\u00e5 v\u00e6re offentlig tilgjengelig.<\/p>\n","protected":false},"author":222,"featured_media":10007,"comment_status":"closed","ping_status":"closed","sticky":false,"template":"","format":"standard","meta":{"_relevanssi_hide_post":"","_relevanssi_hide_content":"","_relevanssi_pin_for_all":"","_relevanssi_pin_keywords":"","_relevanssi_unpin_keywords":"","_relevanssi_related_keywords":"","_relevanssi_related_include_ids":"","_relevanssi_related_exclude_ids":"","_relevanssi_related_no_append":"","_relevanssi_related_not_related":"","_relevanssi_related_posts":"5948,764,9785,7883,735,4799","_relevanssi_noindex_reason":"","hide_logo":false,"footnotes":""},"categories":[68,31],"tags":[121],"local":[],"class_list":["post-10005","post","type-post","status-publish","format-standard","has-post-thumbnail","hentry","category-aktuelt","category-vindkraft-og-kraftlinjer","tag-kraftlinje"],"acf":[],"yoast_head":"<!-- This site is optimized with the Yoast SEO plugin v24.9 - https:\/\/yoast.com\/wordpress\/plugins\/seo\/ -->\n<title>Statnett m\u00e5 offentliggj\u00f8re sitt vedtak av 03.04.2019 om frakt av kraft til Melk\u00f8ya - Finnmark<\/title>\n<meta name=\"robots\" content=\"index, follow, max-snippet:-1, max-image-preview:large, max-video-preview:-1\" \/>\n<link rel=\"canonical\" href=\"https:\/\/naturvernforbundet.no\/finnmark\/statnett-ma-offentliggjore-sitt-vedtak-av-03-04-2019-om-frakt-av-kraft-til-melkoya\/\" \/>\n<meta property=\"og:locale\" content=\"nb_NO\" \/>\n<meta property=\"og:type\" content=\"article\" \/>\n<meta property=\"og:title\" content=\"Statnett m\u00e5 offentliggj\u00f8re sitt vedtak av 03.04.2019 om frakt av kraft til Melk\u00f8ya - Finnmark\" \/>\n<meta property=\"og:description\" content=\"Saksbehandling som gjelder sv\u00e6rt store naturverdier, m\u00e5 v\u00e6re offentlig tilgjengelig.\" \/>\n<meta property=\"og:url\" content=\"https:\/\/naturvernforbundet.no\/finnmark\/statnett-ma-offentliggjore-sitt-vedtak-av-03-04-2019-om-frakt-av-kraft-til-melkoya\/\" \/>\n<meta property=\"og:site_name\" content=\"Finnmark\" \/>\n<meta property=\"article:published_time\" content=\"2026-04-16T12:59:58+00:00\" \/>\n<meta property=\"article:modified_time\" content=\"2026-04-24T22:01:54+00:00\" \/>\n<meta property=\"og:image\" content=\"https:\/\/naturvernforbundet.no\/content\/uploads\/sites\/12\/2026\/04\/2024_11_22_Myrtveit_NVE_Tana.png\" \/>\n\t<meta property=\"og:image:width\" content=\"1100\" \/>\n\t<meta property=\"og:image:height\" content=\"698\" \/>\n\t<meta property=\"og:image:type\" content=\"image\/png\" \/>\n<meta name=\"author\" content=\"Svanhild Andersen\" \/>\n<meta name=\"twitter:card\" content=\"summary_large_image\" \/>\n<meta name=\"twitter:label1\" content=\"Skrevet av\" \/>\n\t<meta name=\"twitter:data1\" content=\"Svanhild Andersen\" \/>\n\t<meta name=\"twitter:label2\" content=\"Ansl. lesetid\" \/>\n\t<meta name=\"twitter:data2\" content=\"3 minutter\" \/>\n<script type=\"application\/ld+json\" class=\"yoast-schema-graph\">{\"@context\":\"https:\/\/schema.org\",\"@graph\":[{\"@type\":\"WebPage\",\"@id\":\"https:\/\/naturvernforbundet.no\/finnmark\/statnett-ma-offentliggjore-sitt-vedtak-av-03-04-2019-om-frakt-av-kraft-til-melkoya\/\",\"url\":\"https:\/\/naturvernforbundet.no\/finnmark\/statnett-ma-offentliggjore-sitt-vedtak-av-03-04-2019-om-frakt-av-kraft-til-melkoya\/\",\"name\":\"Statnett m\u00e5 offentliggj\u00f8re sitt vedtak av 03.04.2019 om frakt av kraft til Melk\u00f8ya - Finnmark\",\"isPartOf\":{\"@id\":\"https:\/\/naturvernforbundet.no\/finnmark\/#website\"},\"primaryImageOfPage\":{\"@id\":\"https:\/\/naturvernforbundet.no\/finnmark\/statnett-ma-offentliggjore-sitt-vedtak-av-03-04-2019-om-frakt-av-kraft-til-melkoya\/#primaryimage\"},\"image\":{\"@id\":\"https:\/\/naturvernforbundet.no\/finnmark\/statnett-ma-offentliggjore-sitt-vedtak-av-03-04-2019-om-frakt-av-kraft-til-melkoya\/#primaryimage\"},\"thumbnailUrl\":\"https:\/\/naturvernforbundet.no\/content\/uploads\/sites\/12\/2026\/04\/2024_11_22_Myrtveit_NVE_Tana.png\",\"datePublished\":\"2026-04-16T12:59:58+00:00\",\"dateModified\":\"2026-04-24T22:01:54+00:00\",\"author\":{\"@id\":\"https:\/\/naturvernforbundet.no\/finnmark\/#\/schema\/person\/ac9adf3e6dde1f63a4c15df0e6898079\"},\"breadcrumb\":{\"@id\":\"https:\/\/naturvernforbundet.no\/finnmark\/statnett-ma-offentliggjore-sitt-vedtak-av-03-04-2019-om-frakt-av-kraft-til-melkoya\/#breadcrumb\"},\"inLanguage\":\"nb-NO\",\"potentialAction\":[{\"@type\":\"ReadAction\",\"target\":[\"https:\/\/naturvernforbundet.no\/finnmark\/statnett-ma-offentliggjore-sitt-vedtak-av-03-04-2019-om-frakt-av-kraft-til-melkoya\/\"]}]},{\"@type\":\"ImageObject\",\"inLanguage\":\"nb-NO\",\"@id\":\"https:\/\/naturvernforbundet.no\/finnmark\/statnett-ma-offentliggjore-sitt-vedtak-av-03-04-2019-om-frakt-av-kraft-til-melkoya\/#primaryimage\",\"url\":\"https:\/\/naturvernforbundet.no\/content\/uploads\/sites\/12\/2026\/04\/2024_11_22_Myrtveit_NVE_Tana.png\",\"contentUrl\":\"https:\/\/naturvernforbundet.no\/content\/uploads\/sites\/12\/2026\/04\/2024_11_22_Myrtveit_NVE_Tana.png\",\"width\":1100,\"height\":698},{\"@type\":\"BreadcrumbList\",\"@id\":\"https:\/\/naturvernforbundet.no\/finnmark\/statnett-ma-offentliggjore-sitt-vedtak-av-03-04-2019-om-frakt-av-kraft-til-melkoya\/#breadcrumb\",\"itemListElement\":[{\"@type\":\"ListItem\",\"position\":1,\"name\":\"Till naturvernforbundet.no\",\"item\":\"https:\/\/naturvernforbundet.no\/\"},{\"@type\":\"ListItem\",\"position\":2,\"name\":\"Finnmark\",\"item\":\"https:\/\/naturvernforbundet.no\/finnmark\/\"},{\"@type\":\"ListItem\",\"position\":3,\"name\":\"Statnett m\u00e5 offentliggj\u00f8re sitt vedtak av 03.04.2019 om frakt av kraft til Melk\u00f8ya\"}]},{\"@type\":\"WebSite\",\"@id\":\"https:\/\/naturvernforbundet.no\/finnmark\/#website\",\"url\":\"https:\/\/naturvernforbundet.no\/finnmark\/\",\"name\":\"Finnmark\",\"description\":\"Bare enda et Naturvernforbundet Sites-nettsted\",\"potentialAction\":[{\"@type\":\"SearchAction\",\"target\":{\"@type\":\"EntryPoint\",\"urlTemplate\":\"https:\/\/naturvernforbundet.no\/finnmark\/?s={search_term_string}\"},\"query-input\":{\"@type\":\"PropertyValueSpecification\",\"valueRequired\":true,\"valueName\":\"search_term_string\"}}],\"inLanguage\":\"nb-NO\"},{\"@type\":\"Person\",\"@id\":\"https:\/\/naturvernforbundet.no\/finnmark\/#\/schema\/person\/ac9adf3e6dde1f63a4c15df0e6898079\",\"name\":\"Svanhild Andersen\",\"image\":{\"@type\":\"ImageObject\",\"inLanguage\":\"nb-NO\",\"@id\":\"https:\/\/naturvernforbundet.no\/finnmark\/#\/schema\/person\/image\/\",\"url\":\"https:\/\/secure.gravatar.com\/avatar\/b76c896dbbc1d0390c53b245ebb2e708?s=96&d=mm&r=g\",\"contentUrl\":\"https:\/\/secure.gravatar.com\/avatar\/b76c896dbbc1d0390c53b245ebb2e708?s=96&d=mm&r=g\",\"caption\":\"Svanhild Andersen\"},\"url\":\"https:\/\/naturvernforbundet.no\/finnmark\/author\/svanhildandersen\/\"}]}<\/script>\n<!-- \/ Yoast SEO plugin. -->","yoast_head_json":{"title":"Statnett m\u00e5 offentliggj\u00f8re sitt vedtak av 03.04.2019 om frakt av kraft til Melk\u00f8ya - Finnmark","robots":{"index":"index","follow":"follow","max-snippet":"max-snippet:-1","max-image-preview":"max-image-preview:large","max-video-preview":"max-video-preview:-1"},"canonical":"https:\/\/naturvernforbundet.no\/finnmark\/statnett-ma-offentliggjore-sitt-vedtak-av-03-04-2019-om-frakt-av-kraft-til-melkoya\/","og_locale":"nb_NO","og_type":"article","og_title":"Statnett m\u00e5 offentliggj\u00f8re sitt vedtak av 03.04.2019 om frakt av kraft til Melk\u00f8ya - Finnmark","og_description":"Saksbehandling som gjelder sv\u00e6rt store naturverdier, m\u00e5 v\u00e6re offentlig tilgjengelig.","og_url":"https:\/\/naturvernforbundet.no\/finnmark\/statnett-ma-offentliggjore-sitt-vedtak-av-03-04-2019-om-frakt-av-kraft-til-melkoya\/","og_site_name":"Finnmark","article_published_time":"2026-04-16T12:59:58+00:00","article_modified_time":"2026-04-24T22:01:54+00:00","og_image":[{"width":1100,"height":698,"url":"https:\/\/naturvernforbundet.no\/content\/uploads\/sites\/12\/2026\/04\/2024_11_22_Myrtveit_NVE_Tana.png","type":"image\/png"}],"author":"Svanhild Andersen","twitter_card":"summary_large_image","twitter_misc":{"Skrevet av":"Svanhild Andersen","Ansl. lesetid":"3 minutter"},"schema":{"@context":"https:\/\/schema.org","@graph":[{"@type":"WebPage","@id":"https:\/\/naturvernforbundet.no\/finnmark\/statnett-ma-offentliggjore-sitt-vedtak-av-03-04-2019-om-frakt-av-kraft-til-melkoya\/","url":"https:\/\/naturvernforbundet.no\/finnmark\/statnett-ma-offentliggjore-sitt-vedtak-av-03-04-2019-om-frakt-av-kraft-til-melkoya\/","name":"Statnett m\u00e5 offentliggj\u00f8re sitt vedtak av 03.04.2019 om frakt av kraft til Melk\u00f8ya - Finnmark","isPartOf":{"@id":"https:\/\/naturvernforbundet.no\/finnmark\/#website"},"primaryImageOfPage":{"@id":"https:\/\/naturvernforbundet.no\/finnmark\/statnett-ma-offentliggjore-sitt-vedtak-av-03-04-2019-om-frakt-av-kraft-til-melkoya\/#primaryimage"},"image":{"@id":"https:\/\/naturvernforbundet.no\/finnmark\/statnett-ma-offentliggjore-sitt-vedtak-av-03-04-2019-om-frakt-av-kraft-til-melkoya\/#primaryimage"},"thumbnailUrl":"https:\/\/naturvernforbundet.no\/content\/uploads\/sites\/12\/2026\/04\/2024_11_22_Myrtveit_NVE_Tana.png","datePublished":"2026-04-16T12:59:58+00:00","dateModified":"2026-04-24T22:01:54+00:00","author":{"@id":"https:\/\/naturvernforbundet.no\/finnmark\/#\/schema\/person\/ac9adf3e6dde1f63a4c15df0e6898079"},"breadcrumb":{"@id":"https:\/\/naturvernforbundet.no\/finnmark\/statnett-ma-offentliggjore-sitt-vedtak-av-03-04-2019-om-frakt-av-kraft-til-melkoya\/#breadcrumb"},"inLanguage":"nb-NO","potentialAction":[{"@type":"ReadAction","target":["https:\/\/naturvernforbundet.no\/finnmark\/statnett-ma-offentliggjore-sitt-vedtak-av-03-04-2019-om-frakt-av-kraft-til-melkoya\/"]}]},{"@type":"ImageObject","inLanguage":"nb-NO","@id":"https:\/\/naturvernforbundet.no\/finnmark\/statnett-ma-offentliggjore-sitt-vedtak-av-03-04-2019-om-frakt-av-kraft-til-melkoya\/#primaryimage","url":"https:\/\/naturvernforbundet.no\/content\/uploads\/sites\/12\/2026\/04\/2024_11_22_Myrtveit_NVE_Tana.png","contentUrl":"https:\/\/naturvernforbundet.no\/content\/uploads\/sites\/12\/2026\/04\/2024_11_22_Myrtveit_NVE_Tana.png","width":1100,"height":698},{"@type":"BreadcrumbList","@id":"https:\/\/naturvernforbundet.no\/finnmark\/statnett-ma-offentliggjore-sitt-vedtak-av-03-04-2019-om-frakt-av-kraft-til-melkoya\/#breadcrumb","itemListElement":[{"@type":"ListItem","position":1,"name":"Till naturvernforbundet.no","item":"https:\/\/naturvernforbundet.no\/"},{"@type":"ListItem","position":2,"name":"Finnmark","item":"https:\/\/naturvernforbundet.no\/finnmark\/"},{"@type":"ListItem","position":3,"name":"Statnett m\u00e5 offentliggj\u00f8re sitt vedtak av 03.04.2019 om frakt av kraft til Melk\u00f8ya"}]},{"@type":"WebSite","@id":"https:\/\/naturvernforbundet.no\/finnmark\/#website","url":"https:\/\/naturvernforbundet.no\/finnmark\/","name":"Finnmark","description":"Bare enda et Naturvernforbundet Sites-nettsted","potentialAction":[{"@type":"SearchAction","target":{"@type":"EntryPoint","urlTemplate":"https:\/\/naturvernforbundet.no\/finnmark\/?s={search_term_string}"},"query-input":{"@type":"PropertyValueSpecification","valueRequired":true,"valueName":"search_term_string"}}],"inLanguage":"nb-NO"},{"@type":"Person","@id":"https:\/\/naturvernforbundet.no\/finnmark\/#\/schema\/person\/ac9adf3e6dde1f63a4c15df0e6898079","name":"Svanhild Andersen","image":{"@type":"ImageObject","inLanguage":"nb-NO","@id":"https:\/\/naturvernforbundet.no\/finnmark\/#\/schema\/person\/image\/","url":"https:\/\/secure.gravatar.com\/avatar\/b76c896dbbc1d0390c53b245ebb2e708?s=96&d=mm&r=g","contentUrl":"https:\/\/secure.gravatar.com\/avatar\/b76c896dbbc1d0390c53b245ebb2e708?s=96&d=mm&r=g","caption":"Svanhild Andersen"},"url":"https:\/\/naturvernforbundet.no\/finnmark\/author\/svanhildandersen\/"}]}},"_links":{"self":[{"href":"https:\/\/naturvernforbundet.no\/finnmark\/wp-json\/wp\/v2\/posts\/10005","targetHints":{"allow":["GET"]}}],"collection":[{"href":"https:\/\/naturvernforbundet.no\/finnmark\/wp-json\/wp\/v2\/posts"}],"about":[{"href":"https:\/\/naturvernforbundet.no\/finnmark\/wp-json\/wp\/v2\/types\/post"}],"author":[{"embeddable":true,"href":"https:\/\/naturvernforbundet.no\/finnmark\/wp-json\/wp\/v2\/users\/222"}],"replies":[{"embeddable":true,"href":"https:\/\/naturvernforbundet.no\/finnmark\/wp-json\/wp\/v2\/comments?post=10005"}],"version-history":[{"count":13,"href":"https:\/\/naturvernforbundet.no\/finnmark\/wp-json\/wp\/v2\/posts\/10005\/revisions"}],"predecessor-version":[{"id":10160,"href":"https:\/\/naturvernforbundet.no\/finnmark\/wp-json\/wp\/v2\/posts\/10005\/revisions\/10160"}],"wp:featuredmedia":[{"embeddable":true,"href":"https:\/\/naturvernforbundet.no\/finnmark\/wp-json\/wp\/v2\/media\/10007"}],"wp:attachment":[{"href":"https:\/\/naturvernforbundet.no\/finnmark\/wp-json\/wp\/v2\/media?parent=10005"}],"wp:term":[{"taxonomy":"category","embeddable":true,"href":"https:\/\/naturvernforbundet.no\/finnmark\/wp-json\/wp\/v2\/categories?post=10005"},{"taxonomy":"post_tag","embeddable":true,"href":"https:\/\/naturvernforbundet.no\/finnmark\/wp-json\/wp\/v2\/tags?post=10005"},{"taxonomy":"local","embeddable":true,"href":"https:\/\/naturvernforbundet.no\/finnmark\/wp-json\/wp\/v2\/local?post=10005"}],"curies":[{"name":"wp","href":"https:\/\/api.w.org\/{rel}","templated":true}]}}