{"id":10039,"date":"2026-04-20T13:19:35","date_gmt":"2026-04-20T11:19:35","guid":{"rendered":"https:\/\/naturvernforbundet.no\/finnmark\/?p=10039"},"modified":"2026-04-21T15:33:50","modified_gmt":"2026-04-21T13:33:50","slug":"naturvernforbundet-i-finnmark-sier-nei-til-torskeoppdrett-og-krever-at-all-oppdrett-ma-inn-i-lukkede-anlegg","status":"publish","type":"post","link":"https:\/\/naturvernforbundet.no\/finnmark\/naturvernforbundet-i-finnmark-sier-nei-til-torskeoppdrett-og-krever-at-all-oppdrett-ma-inn-i-lukkede-anlegg\/","title":{"rendered":"Nei til torskeoppdrett, og st\u00f8tte til krav om at all oppdrett m\u00e5 inn i lukkede anlegg"},"content":{"rendered":"\t<div class=\"template-post alignnone wp-block-naturvern-hero\">\n\t\t<div class=\"hero__inner\">\n\t\t\t<div class=\"hero__inner_blocks\">\n\t\t\t\t\t\t\t\t\n<h1 class=\"wp-block-post-title\">Nei til torskeoppdrett, og st\u00f8tte til krav om at all oppdrett m\u00e5 inn i lukkede anlegg<\/h1>\n\n<div class=\"wp-block-post-excerpt\"><p class=\"wp-block-post-excerpt__excerpt\">Uttalelse fra Naturvernforbundet i Finnmark sitt \u00e5rsm\u00f8te 19. april 2026 <\/p><\/div>\n\n<figure class=\"wp-block-post-featured-image\"><img loading=\"lazy\" decoding=\"async\" width=\"2560\" height=\"1123\" src=\"https:\/\/naturvernforbundet.no\/content\/uploads\/sites\/12\/2026\/04\/DSC_0216_vedbotn-scaled.jpg\" class=\"attachment-post-thumbnail size-post-thumbnail wp-post-image\" alt=\"\" style=\"object-fit:cover;\" srcset=\"https:\/\/naturvernforbundet.no\/content\/uploads\/sites\/12\/2026\/04\/DSC_0216_vedbotn-scaled.jpg 2560w, https:\/\/naturvernforbundet.no\/content\/uploads\/sites\/12\/2026\/04\/DSC_0216_vedbotn-300x132.jpg 300w, https:\/\/naturvernforbundet.no\/content\/uploads\/sites\/12\/2026\/04\/DSC_0216_vedbotn-1024x449.jpg 1024w, https:\/\/naturvernforbundet.no\/content\/uploads\/sites\/12\/2026\/04\/DSC_0216_vedbotn-768x337.jpg 768w, https:\/\/naturvernforbundet.no\/content\/uploads\/sites\/12\/2026\/04\/DSC_0216_vedbotn-1536x674.jpg 1536w, https:\/\/naturvernforbundet.no\/content\/uploads\/sites\/12\/2026\/04\/DSC_0216_vedbotn-2048x899.jpg 2048w, https:\/\/naturvernforbundet.no\/content\/uploads\/sites\/12\/2026\/04\/DSC_0216_vedbotn-1920x842.jpg 1920w\" sizes=\"auto, (max-width: 2560px) 100vw, 2560px\" \/><\/figure>\n\t\t\t<\/div>\n\t\t\t\t\t<\/div>\n\t\t\t<\/div>\n\t\n\n\n<p><strong>Torskeoppdrett<\/strong><\/p>\n\n\n\n<p>KIME Akva har s\u00f8kt om tillatelse til \u00e5 etablere torskeoppdrett p\u00e5 Segelnes i Neverfjord i Hammerfest kommune. Saken behandles i Fylkesutvalget 21. april. If\u00f8lge <a href=\"https:\/\/www.altaposten.no\/nyheter\/n\/q6yxje\/nei-til-torskeoppdrett-konsekvensen-kan-bli-alvorlig\">oppslag i Altaposten<\/a> den 16. april har Fylkeskommune-direkt\u00f8ren etter en samlet vurdering kommet fram til at det ikke b\u00f8r gis tillatelse til torskeoppdrett. Begrunnelsen er at man ikke har nok sikker kunnskap om lokale bestander av kysttorsk og om hvordan r\u00f8mming eller gyting i merd kan p\u00e5virke viktige n\u00e6rliggende gytefelt (s\u00e6rlig Repparfjorden). Det vises til at det ogs\u00e5 foreligger frar\u00e5ding fra Fiskeridirektoratet, som begrunnes med risikoen for negativ p\u00e5virkning p\u00e5 lokale bestander av kysttorsk. Fylkeskommune-direkt\u00f8ren har i saksframlegget lagt stor vekt p\u00e5 denne frar\u00e5dingen, og innstiller p\u00e5 avslag. (<a href=\"https:\/\/opengov.360online.com\/Meetings\/ffk\/Meetings\/Details\/302820?agendaItemId=202798\">Sakspapirer til Fylkesutvalget<\/a>). <br><br>Naturvernforbundet i Finnmark st\u00f8tter innstillingen fra Fylkeskommune-direkt\u00f8ren.<br><br>Vi viser til f\u00f8lgende prinsipp som ble vedtatt p\u00e5 Naturvernforbundets landsm\u00f8te h\u00f8sten 2024: <em>Torskeoppdrett utgj\u00f8r en uakseptabel risiko for villtorskstammen og skal ikke tillates.<\/em> Utdrag fra uttalelsen: \u00abDet er sannsynlig at en stor del av deformert torsk overlever til gytemoden alder og kan gyte sammen med lokale torskebestander. N\u00e5r oppdrettstorsk r\u00f8mmer fra anlegg eller gyter i merdene risikerer en dermed p\u00e5 sikt genetisk innblanding av oppdrettstorsk i villtorsk-bestanden. Over tid vil det kunne p\u00e5virke genene og egenskapene til kysttorsken, s\u00e6rlig i sm\u00e5 og s\u00e5rbare bestander. Det er heller ingen garanti for at ikke torskeegg ogs\u00e5 kan slippes ut fra lukkede anlegg ved et uhell.\u00bb<\/p>\n\n\n\n<p><strong>All oppdrett m\u00e5 inn i lukkede anlegg<\/strong><\/p>\n\n\n\n<p>Naturvernforbundet har i en \u00e5rrekke omtalt negative konsekvenser av oppdrett, og mener at all oppdrett m\u00e5 inn i lukkede, utslippsfrie anlegg for \u00e5 f\u00e5 bukt med problemene. Vi viser til opprop sendt til Stortinget og Regjeringen i 2024, p\u00e5 vegne av Naturvernforbundet og en rekke andre naturkj\u00e6re organisasjoner:<\/p>\n\n\n\n<p>\u00abOppdrettsn\u00e6ringen er blitt en av v\u00e5re st\u00f8rste industrier, og vi m\u00e5 ha de samme forventningene til milj\u00f8ansvar hos den som i andre store n\u00e6ringer: Krav til utslippskontroll, lokalitets- og konsekvensvurderinger og ikke minst: Samme dyrevelferd for fisk som for andre husdyr.<\/p>\n\n\n\n<p>Prisen for \u00e5 fortsette som i dag er altfor h\u00f8y for kysten v\u00e5r, med stadig spredning av lakselus, fiskesykdommer, forurensning og r\u00f8mning: For eksempel er oppdrettsn\u00e6ringens totale utslipp av n\u00e6ringssalter n\u00e5 fem ganger s\u00e5 store som utslippene fra kommuner, jordbruk og industri til sammen. Sykdom, lus og genetisk forurensning fra r\u00f8mt fisk sprer seg til villaks og villtorsk.\u00bb<br><br>Et av forslagene i oppropet er oppdrettsanleggene gj\u00f8res utslipps- og r\u00f8mningsfrie, b\u00e5de eksisterende og nye anlegg.<br><br>Naturvernforbundet i Finnmark \u00f8nsker med den \u00e5rsm\u00f8te-uttalelsen \u00e5 minne om at krav om oppdrett i lukkende anlegg m\u00e5 tas p\u00e5 alvor, og oppfordrer politiske partier og andre organisasjoner i Finnmark om \u00e5 ta stilling til dette kravet som har kommer fra en rekke hold, og som har stor st\u00f8tte i kyst- og fjordomr\u00e5dene.  <\/p>\n\n\n\n<p><br><strong>Uttalelsen om torskeoppdrett fra Naturvernforbundets landsm\u00f8te i 2024: <\/strong><\/p>\n\n\n<div class=\"t2-files wp-block-t2-files\">\n<div class=\"t2-file-item wp-block-t2-file-item\">\n\t\t<a href=\"https:\/\/naturvernforbundet.no\/content\/uploads\/sites\/12\/2026\/04\/Naturvernforbundet-sier-nei-til-torskeoppdrett.pdf\" class=\"t2-file-item__link t2-file-item__link--icon-left\" download>\n\t\t\t<span class=\"t2-file-item__icon\"><svg xmlns=\"http:\/\/www.w3.org\/2000\/svg\" viewBox=\"0 0 24 24\" height=\"24\" width=\"24\" class=\"t2-icon t2-icon-filedownload\" aria-hidden=\"true\" focusable=\"false\"><path d=\"M16.59 9H15V4C15 3.45 14.55 3 14 3H10C9.45 3 9 3.45 9 4V9H7.41C6.52 9 6.07 10.08 6.7 10.71L11.29 15.3C11.68 15.69 12.31 15.69 12.7 15.3L17.29 10.71C17.92 10.08 17.48 9 16.59 9ZM5 19C5 19.55 5.45 20 6 20H18C18.55 20 19 19.55 19 19C19 18.45 18.55 18 18 18H6C5.45 18 5 18.45 5 19Z\" \/><\/svg><\/span>\n\t\t\t<span class=\"t2-file-item__info\">\n\t\t\t\t<span class=\"t2-file-item__filename\">Naturvernforbundet-sier-nei-til-torskeoppdrett<\/span>\n\t\t\t\t\n\t\t\t\t<span class=\"t2-file-item__meta\">pdf \u00b7 35 KB<\/span>\n\t\t\t<\/span>\n\t\t<\/a>\n\t\t<\/div>\n<\/div>\n\n\n<p><strong>Hele oppropet til Stortinget og Regjeringen i 2024 kan leses her: <\/strong><br><br><a href=\"https:\/\/naturvernforbundet.no\/oppdrettsanlegg-ma-tettes-eller-stenges\/\">Oppdrettsanlegg m\u00e5 tettes eller stenges &#8211; Naturvernforbundet<\/a><\/p>\n\n\n\n<p><\/p>\n\n\n\n<p><em>P\u00e5 bildet: Grieg Seafood sitt oppdrettsanlegg i Vedbotn, Porsangerfjorden. Foto: Kjell M. Der\u00e5s. <\/em><\/p>\n\n\n\n<hr class=\"wp-block-separator has-alpha-channel-opacity\"\/>\n\n\n\n<p><strong>Media<\/strong><\/p>\n\n\n\n<p>Uttalelsen ble sendt til noen aviser i Finnmark.<br><br><em>S\u00e1gat:<\/em><br><a href=\"https:\/\/www.sagat.no\/debatt\/nei-til-torskeoppdrett-og-all-oppdrett-ma-inn-i-lukkede-anlegg\/19.56736\">Nei til torskeoppdrett, og all oppdrett m\u00e5 inn i lukkede anlegg \/ Uttalelse fra Naturvernforbundet i Finnmark sitt \u00e5rsm\u00f8te 19. april 2026<\/a><br><br><em>iFinnmark: <\/em><br><a href=\"https:\/\/www.finnmarkdebatten.no\/nei-til-torskeoppdrett-pa-segelnes\/o\/5-149-30084\">Torskeoppdrett, Hammerfest | Nei til torskeoppdrett p\u00e5 Segelnes<\/a><br><\/p>\n","protected":false},"excerpt":{"rendered":"<p>Uttalelse fra Naturvernforbundet i Finnmark sitt \u00e5rsm\u00f8te 19. april 2026<\/p>\n","protected":false},"author":222,"featured_media":10047,"comment_status":"closed","ping_status":"closed","sticky":false,"template":"","format":"standard","meta":{"_relevanssi_hide_post":"","_relevanssi_hide_content":"","_relevanssi_pin_for_all":"","_relevanssi_pin_keywords":"","_relevanssi_unpin_keywords":"","_relevanssi_related_keywords":"","_relevanssi_related_include_ids":"","_relevanssi_related_exclude_ids":"","_relevanssi_related_no_append":"","_relevanssi_related_not_related":"","_relevanssi_related_posts":"1211,3023,9841,631,1222,1245","_relevanssi_noindex_reason":"","hide_logo":false,"footnotes":""},"categories":[68,89,32,72],"tags":[174,232],"local":[],"class_list":["post-10039","post","type-post","status-publish","format-standard","has-post-thumbnail","hentry","category-aktuelt","category-arsmote-fylkeslag","category-fiske-og-oppdrett","category-innspill","tag-lakseoppdrett","tag-torskeoppdrett"],"acf":[],"yoast_head":"<!-- This site is optimized with the Yoast SEO plugin v24.9 - https:\/\/yoast.com\/wordpress\/plugins\/seo\/ -->\n<title>Nei til torskeoppdrett, og st\u00f8tte til krav om at all oppdrett m\u00e5 inn i lukkede anlegg - Finnmark<\/title>\n<meta name=\"robots\" content=\"index, follow, max-snippet:-1, max-image-preview:large, max-video-preview:-1\" \/>\n<link rel=\"canonical\" href=\"https:\/\/naturvernforbundet.no\/finnmark\/naturvernforbundet-i-finnmark-sier-nei-til-torskeoppdrett-og-krever-at-all-oppdrett-ma-inn-i-lukkede-anlegg\/\" \/>\n<meta property=\"og:locale\" content=\"nb_NO\" \/>\n<meta property=\"og:type\" content=\"article\" \/>\n<meta property=\"og:title\" content=\"Nei til torskeoppdrett, og st\u00f8tte til krav om at all oppdrett m\u00e5 inn i lukkede anlegg - Finnmark\" \/>\n<meta property=\"og:description\" content=\"Uttalelse fra Naturvernforbundet i Finnmark sitt \u00e5rsm\u00f8te 19. april 2026\" \/>\n<meta property=\"og:url\" content=\"https:\/\/naturvernforbundet.no\/finnmark\/naturvernforbundet-i-finnmark-sier-nei-til-torskeoppdrett-og-krever-at-all-oppdrett-ma-inn-i-lukkede-anlegg\/\" \/>\n<meta property=\"og:site_name\" content=\"Finnmark\" \/>\n<meta property=\"article:published_time\" content=\"2026-04-20T11:19:35+00:00\" \/>\n<meta property=\"article:modified_time\" content=\"2026-04-21T13:33:50+00:00\" \/>\n<meta property=\"og:image\" content=\"https:\/\/naturvernforbundet.no\/content\/uploads\/sites\/12\/2026\/04\/DSC_0216_vedbotn-scaled.jpg\" \/>\n\t<meta property=\"og:image:width\" content=\"2560\" \/>\n\t<meta property=\"og:image:height\" content=\"1123\" \/>\n\t<meta property=\"og:image:type\" content=\"image\/jpeg\" \/>\n<meta name=\"author\" content=\"Svanhild Andersen\" \/>\n<meta name=\"twitter:card\" content=\"summary_large_image\" \/>\n<meta name=\"twitter:label1\" content=\"Skrevet av\" \/>\n\t<meta name=\"twitter:data1\" content=\"Svanhild Andersen\" \/>\n\t<meta name=\"twitter:label2\" content=\"Ansl. lesetid\" \/>\n\t<meta name=\"twitter:data2\" content=\"4 minutter\" \/>\n<script type=\"application\/ld+json\" class=\"yoast-schema-graph\">{\"@context\":\"https:\/\/schema.org\",\"@graph\":[{\"@type\":\"WebPage\",\"@id\":\"https:\/\/naturvernforbundet.no\/finnmark\/naturvernforbundet-i-finnmark-sier-nei-til-torskeoppdrett-og-krever-at-all-oppdrett-ma-inn-i-lukkede-anlegg\/\",\"url\":\"https:\/\/naturvernforbundet.no\/finnmark\/naturvernforbundet-i-finnmark-sier-nei-til-torskeoppdrett-og-krever-at-all-oppdrett-ma-inn-i-lukkede-anlegg\/\",\"name\":\"Nei til torskeoppdrett, og st\u00f8tte til krav om at all oppdrett m\u00e5 inn i lukkede anlegg - Finnmark\",\"isPartOf\":{\"@id\":\"https:\/\/naturvernforbundet.no\/finnmark\/#website\"},\"primaryImageOfPage\":{\"@id\":\"https:\/\/naturvernforbundet.no\/finnmark\/naturvernforbundet-i-finnmark-sier-nei-til-torskeoppdrett-og-krever-at-all-oppdrett-ma-inn-i-lukkede-anlegg\/#primaryimage\"},\"image\":{\"@id\":\"https:\/\/naturvernforbundet.no\/finnmark\/naturvernforbundet-i-finnmark-sier-nei-til-torskeoppdrett-og-krever-at-all-oppdrett-ma-inn-i-lukkede-anlegg\/#primaryimage\"},\"thumbnailUrl\":\"https:\/\/naturvernforbundet.no\/content\/uploads\/sites\/12\/2026\/04\/DSC_0216_vedbotn-scaled.jpg\",\"datePublished\":\"2026-04-20T11:19:35+00:00\",\"dateModified\":\"2026-04-21T13:33:50+00:00\",\"author\":{\"@id\":\"https:\/\/naturvernforbundet.no\/finnmark\/#\/schema\/person\/ac9adf3e6dde1f63a4c15df0e6898079\"},\"breadcrumb\":{\"@id\":\"https:\/\/naturvernforbundet.no\/finnmark\/naturvernforbundet-i-finnmark-sier-nei-til-torskeoppdrett-og-krever-at-all-oppdrett-ma-inn-i-lukkede-anlegg\/#breadcrumb\"},\"inLanguage\":\"nb-NO\",\"potentialAction\":[{\"@type\":\"ReadAction\",\"target\":[\"https:\/\/naturvernforbundet.no\/finnmark\/naturvernforbundet-i-finnmark-sier-nei-til-torskeoppdrett-og-krever-at-all-oppdrett-ma-inn-i-lukkede-anlegg\/\"]}]},{\"@type\":\"ImageObject\",\"inLanguage\":\"nb-NO\",\"@id\":\"https:\/\/naturvernforbundet.no\/finnmark\/naturvernforbundet-i-finnmark-sier-nei-til-torskeoppdrett-og-krever-at-all-oppdrett-ma-inn-i-lukkede-anlegg\/#primaryimage\",\"url\":\"https:\/\/naturvernforbundet.no\/content\/uploads\/sites\/12\/2026\/04\/DSC_0216_vedbotn-scaled.jpg\",\"contentUrl\":\"https:\/\/naturvernforbundet.no\/content\/uploads\/sites\/12\/2026\/04\/DSC_0216_vedbotn-scaled.jpg\",\"width\":2560,\"height\":1123},{\"@type\":\"BreadcrumbList\",\"@id\":\"https:\/\/naturvernforbundet.no\/finnmark\/naturvernforbundet-i-finnmark-sier-nei-til-torskeoppdrett-og-krever-at-all-oppdrett-ma-inn-i-lukkede-anlegg\/#breadcrumb\",\"itemListElement\":[{\"@type\":\"ListItem\",\"position\":1,\"name\":\"Till naturvernforbundet.no\",\"item\":\"https:\/\/naturvernforbundet.no\/\"},{\"@type\":\"ListItem\",\"position\":2,\"name\":\"Finnmark\",\"item\":\"https:\/\/naturvernforbundet.no\/finnmark\/\"},{\"@type\":\"ListItem\",\"position\":3,\"name\":\"Nei til torskeoppdrett, og st\u00f8tte til krav om at all oppdrett m\u00e5 inn i lukkede anlegg\"}]},{\"@type\":\"WebSite\",\"@id\":\"https:\/\/naturvernforbundet.no\/finnmark\/#website\",\"url\":\"https:\/\/naturvernforbundet.no\/finnmark\/\",\"name\":\"Finnmark\",\"description\":\"Bare enda et Naturvernforbundet Sites-nettsted\",\"potentialAction\":[{\"@type\":\"SearchAction\",\"target\":{\"@type\":\"EntryPoint\",\"urlTemplate\":\"https:\/\/naturvernforbundet.no\/finnmark\/?s={search_term_string}\"},\"query-input\":{\"@type\":\"PropertyValueSpecification\",\"valueRequired\":true,\"valueName\":\"search_term_string\"}}],\"inLanguage\":\"nb-NO\"},{\"@type\":\"Person\",\"@id\":\"https:\/\/naturvernforbundet.no\/finnmark\/#\/schema\/person\/ac9adf3e6dde1f63a4c15df0e6898079\",\"name\":\"Svanhild Andersen\",\"image\":{\"@type\":\"ImageObject\",\"inLanguage\":\"nb-NO\",\"@id\":\"https:\/\/naturvernforbundet.no\/finnmark\/#\/schema\/person\/image\/\",\"url\":\"https:\/\/secure.gravatar.com\/avatar\/b76c896dbbc1d0390c53b245ebb2e708?s=96&d=mm&r=g\",\"contentUrl\":\"https:\/\/secure.gravatar.com\/avatar\/b76c896dbbc1d0390c53b245ebb2e708?s=96&d=mm&r=g\",\"caption\":\"Svanhild Andersen\"},\"url\":\"https:\/\/naturvernforbundet.no\/finnmark\/author\/svanhildandersen\/\"}]}<\/script>\n<!-- \/ Yoast SEO plugin. -->","yoast_head_json":{"title":"Nei til torskeoppdrett, og st\u00f8tte til krav om at all oppdrett m\u00e5 inn i lukkede anlegg - Finnmark","robots":{"index":"index","follow":"follow","max-snippet":"max-snippet:-1","max-image-preview":"max-image-preview:large","max-video-preview":"max-video-preview:-1"},"canonical":"https:\/\/naturvernforbundet.no\/finnmark\/naturvernforbundet-i-finnmark-sier-nei-til-torskeoppdrett-og-krever-at-all-oppdrett-ma-inn-i-lukkede-anlegg\/","og_locale":"nb_NO","og_type":"article","og_title":"Nei til torskeoppdrett, og st\u00f8tte til krav om at all oppdrett m\u00e5 inn i lukkede anlegg - Finnmark","og_description":"Uttalelse fra Naturvernforbundet i Finnmark sitt \u00e5rsm\u00f8te 19. april 2026","og_url":"https:\/\/naturvernforbundet.no\/finnmark\/naturvernforbundet-i-finnmark-sier-nei-til-torskeoppdrett-og-krever-at-all-oppdrett-ma-inn-i-lukkede-anlegg\/","og_site_name":"Finnmark","article_published_time":"2026-04-20T11:19:35+00:00","article_modified_time":"2026-04-21T13:33:50+00:00","og_image":[{"width":2560,"height":1123,"url":"https:\/\/naturvernforbundet.no\/content\/uploads\/sites\/12\/2026\/04\/DSC_0216_vedbotn-scaled.jpg","type":"image\/jpeg"}],"author":"Svanhild Andersen","twitter_card":"summary_large_image","twitter_misc":{"Skrevet av":"Svanhild Andersen","Ansl. lesetid":"4 minutter"},"schema":{"@context":"https:\/\/schema.org","@graph":[{"@type":"WebPage","@id":"https:\/\/naturvernforbundet.no\/finnmark\/naturvernforbundet-i-finnmark-sier-nei-til-torskeoppdrett-og-krever-at-all-oppdrett-ma-inn-i-lukkede-anlegg\/","url":"https:\/\/naturvernforbundet.no\/finnmark\/naturvernforbundet-i-finnmark-sier-nei-til-torskeoppdrett-og-krever-at-all-oppdrett-ma-inn-i-lukkede-anlegg\/","name":"Nei til torskeoppdrett, og st\u00f8tte til krav om at all oppdrett m\u00e5 inn i lukkede anlegg - Finnmark","isPartOf":{"@id":"https:\/\/naturvernforbundet.no\/finnmark\/#website"},"primaryImageOfPage":{"@id":"https:\/\/naturvernforbundet.no\/finnmark\/naturvernforbundet-i-finnmark-sier-nei-til-torskeoppdrett-og-krever-at-all-oppdrett-ma-inn-i-lukkede-anlegg\/#primaryimage"},"image":{"@id":"https:\/\/naturvernforbundet.no\/finnmark\/naturvernforbundet-i-finnmark-sier-nei-til-torskeoppdrett-og-krever-at-all-oppdrett-ma-inn-i-lukkede-anlegg\/#primaryimage"},"thumbnailUrl":"https:\/\/naturvernforbundet.no\/content\/uploads\/sites\/12\/2026\/04\/DSC_0216_vedbotn-scaled.jpg","datePublished":"2026-04-20T11:19:35+00:00","dateModified":"2026-04-21T13:33:50+00:00","author":{"@id":"https:\/\/naturvernforbundet.no\/finnmark\/#\/schema\/person\/ac9adf3e6dde1f63a4c15df0e6898079"},"breadcrumb":{"@id":"https:\/\/naturvernforbundet.no\/finnmark\/naturvernforbundet-i-finnmark-sier-nei-til-torskeoppdrett-og-krever-at-all-oppdrett-ma-inn-i-lukkede-anlegg\/#breadcrumb"},"inLanguage":"nb-NO","potentialAction":[{"@type":"ReadAction","target":["https:\/\/naturvernforbundet.no\/finnmark\/naturvernforbundet-i-finnmark-sier-nei-til-torskeoppdrett-og-krever-at-all-oppdrett-ma-inn-i-lukkede-anlegg\/"]}]},{"@type":"ImageObject","inLanguage":"nb-NO","@id":"https:\/\/naturvernforbundet.no\/finnmark\/naturvernforbundet-i-finnmark-sier-nei-til-torskeoppdrett-og-krever-at-all-oppdrett-ma-inn-i-lukkede-anlegg\/#primaryimage","url":"https:\/\/naturvernforbundet.no\/content\/uploads\/sites\/12\/2026\/04\/DSC_0216_vedbotn-scaled.jpg","contentUrl":"https:\/\/naturvernforbundet.no\/content\/uploads\/sites\/12\/2026\/04\/DSC_0216_vedbotn-scaled.jpg","width":2560,"height":1123},{"@type":"BreadcrumbList","@id":"https:\/\/naturvernforbundet.no\/finnmark\/naturvernforbundet-i-finnmark-sier-nei-til-torskeoppdrett-og-krever-at-all-oppdrett-ma-inn-i-lukkede-anlegg\/#breadcrumb","itemListElement":[{"@type":"ListItem","position":1,"name":"Till naturvernforbundet.no","item":"https:\/\/naturvernforbundet.no\/"},{"@type":"ListItem","position":2,"name":"Finnmark","item":"https:\/\/naturvernforbundet.no\/finnmark\/"},{"@type":"ListItem","position":3,"name":"Nei til torskeoppdrett, og st\u00f8tte til krav om at all oppdrett m\u00e5 inn i lukkede anlegg"}]},{"@type":"WebSite","@id":"https:\/\/naturvernforbundet.no\/finnmark\/#website","url":"https:\/\/naturvernforbundet.no\/finnmark\/","name":"Finnmark","description":"Bare enda et Naturvernforbundet Sites-nettsted","potentialAction":[{"@type":"SearchAction","target":{"@type":"EntryPoint","urlTemplate":"https:\/\/naturvernforbundet.no\/finnmark\/?s={search_term_string}"},"query-input":{"@type":"PropertyValueSpecification","valueRequired":true,"valueName":"search_term_string"}}],"inLanguage":"nb-NO"},{"@type":"Person","@id":"https:\/\/naturvernforbundet.no\/finnmark\/#\/schema\/person\/ac9adf3e6dde1f63a4c15df0e6898079","name":"Svanhild Andersen","image":{"@type":"ImageObject","inLanguage":"nb-NO","@id":"https:\/\/naturvernforbundet.no\/finnmark\/#\/schema\/person\/image\/","url":"https:\/\/secure.gravatar.com\/avatar\/b76c896dbbc1d0390c53b245ebb2e708?s=96&d=mm&r=g","contentUrl":"https:\/\/secure.gravatar.com\/avatar\/b76c896dbbc1d0390c53b245ebb2e708?s=96&d=mm&r=g","caption":"Svanhild Andersen"},"url":"https:\/\/naturvernforbundet.no\/finnmark\/author\/svanhildandersen\/"}]}},"_links":{"self":[{"href":"https:\/\/naturvernforbundet.no\/finnmark\/wp-json\/wp\/v2\/posts\/10039","targetHints":{"allow":["GET"]}}],"collection":[{"href":"https:\/\/naturvernforbundet.no\/finnmark\/wp-json\/wp\/v2\/posts"}],"about":[{"href":"https:\/\/naturvernforbundet.no\/finnmark\/wp-json\/wp\/v2\/types\/post"}],"author":[{"embeddable":true,"href":"https:\/\/naturvernforbundet.no\/finnmark\/wp-json\/wp\/v2\/users\/222"}],"replies":[{"embeddable":true,"href":"https:\/\/naturvernforbundet.no\/finnmark\/wp-json\/wp\/v2\/comments?post=10039"}],"version-history":[{"count":12,"href":"https:\/\/naturvernforbundet.no\/finnmark\/wp-json\/wp\/v2\/posts\/10039\/revisions"}],"predecessor-version":[{"id":10094,"href":"https:\/\/naturvernforbundet.no\/finnmark\/wp-json\/wp\/v2\/posts\/10039\/revisions\/10094"}],"wp:featuredmedia":[{"embeddable":true,"href":"https:\/\/naturvernforbundet.no\/finnmark\/wp-json\/wp\/v2\/media\/10047"}],"wp:attachment":[{"href":"https:\/\/naturvernforbundet.no\/finnmark\/wp-json\/wp\/v2\/media?parent=10039"}],"wp:term":[{"taxonomy":"category","embeddable":true,"href":"https:\/\/naturvernforbundet.no\/finnmark\/wp-json\/wp\/v2\/categories?post=10039"},{"taxonomy":"post_tag","embeddable":true,"href":"https:\/\/naturvernforbundet.no\/finnmark\/wp-json\/wp\/v2\/tags?post=10039"},{"taxonomy":"local","embeddable":true,"href":"https:\/\/naturvernforbundet.no\/finnmark\/wp-json\/wp\/v2\/local?post=10039"}],"curies":[{"name":"wp","href":"https:\/\/api.w.org\/{rel}","templated":true}]}}