{"id":10075,"date":"2026-04-22T17:27:07","date_gmt":"2026-04-22T15:27:07","guid":{"rendered":"https:\/\/naturvernforbundet.no\/finnmark\/?p=10075"},"modified":"2026-04-25T13:03:58","modified_gmt":"2026-04-25T11:03:58","slug":"apent-mote-og-arsmote-for-fylkeslaget","status":"publish","type":"post","link":"https:\/\/naturvernforbundet.no\/finnmark\/apent-mote-og-arsmote-for-fylkeslaget\/","title":{"rendered":"\u00c5pent m\u00f8te, og \u00e5rsm\u00f8te for fylkeslaget"},"content":{"rendered":"\t<div class=\"template-post alignnone wp-block-naturvern-hero\">\n\t\t<div class=\"hero__inner\">\n\t\t\t<div class=\"hero__inner_blocks\">\n\t\t\t\t\t\t\t\t\n<h1 class=\"wp-block-post-title\">\u00c5pent m\u00f8te, og \u00e5rsm\u00f8te for fylkeslaget<\/h1>\n\n<div class=\"wp-block-post-excerpt\"><p class=\"wp-block-post-excerpt__excerpt\">S\u00f8ndag 19. april holdt Naturvernforbundet i Finnmark \u00e5pent m\u00f8te og \u00e5rsm\u00f8te p\u00e5 Sami Siida i Alta. Det \u00e5pne m\u00f8te hadde sofasamtale mellom Bente Haug (AP), Sofie Marhaug (R), Geir Ove Bakken (DNT) og Kjell M. Der\u00e5s (Naturvernforbundet i Finnmark) om Melk\u00f8ya og industrikraftl\u00f8ftet for Finnmark. <\/p><\/div>\n\n<figure class=\"wp-block-post-featured-image\"><img loading=\"lazy\" decoding=\"async\" width=\"2560\" height=\"1721\" src=\"https:\/\/naturvernforbundet.no\/content\/uploads\/sites\/12\/2026\/04\/GG7A7199_2-scaled.jpg\" class=\"attachment-post-thumbnail size-post-thumbnail wp-post-image\" alt=\"\" style=\"object-fit:cover;\" srcset=\"https:\/\/naturvernforbundet.no\/content\/uploads\/sites\/12\/2026\/04\/GG7A7199_2-scaled.jpg 2560w, https:\/\/naturvernforbundet.no\/content\/uploads\/sites\/12\/2026\/04\/GG7A7199_2-300x202.jpg 300w, https:\/\/naturvernforbundet.no\/content\/uploads\/sites\/12\/2026\/04\/GG7A7199_2-1024x688.jpg 1024w, https:\/\/naturvernforbundet.no\/content\/uploads\/sites\/12\/2026\/04\/GG7A7199_2-768x516.jpg 768w, https:\/\/naturvernforbundet.no\/content\/uploads\/sites\/12\/2026\/04\/GG7A7199_2-1536x1033.jpg 1536w, https:\/\/naturvernforbundet.no\/content\/uploads\/sites\/12\/2026\/04\/GG7A7199_2-2048x1377.jpg 2048w, https:\/\/naturvernforbundet.no\/content\/uploads\/sites\/12\/2026\/04\/GG7A7199_2-1920x1291.jpg 1920w\" sizes=\"auto, (max-width: 2560px) 100vw, 2560px\" \/><\/figure>\n\n<div class=\"wp-block-naturvern-byline\">\n\t\t\t<div class=\"authors\"><div class=\"t2-byline__author-link\">\n\t\t\t\t\t<a href=\"https:\/\/naturvernforbundet.no\/finnmark\/ansatte\/lone-bjorkmann\/\">Lone Bj\u00f8rkmann<\/a>\n\t\t\t\t\t<span>&#8211; Fylkessekret\u00e6r i Finnmark<\/span>\n\t\t\t\t<\/div><\/div>\n\t\t\t<small class=\"entry-date\">22.04.2026 17:27<\/small><small class=\"entry-date\"> | Sist oppdatert: 25.04.2026 13:03<\/small>\n\t\t<\/div>\n\t\t\t<\/div>\n\t\t\t\t\t<\/div>\n\t\t\t<\/div>\n\t\n\n\n<figure class=\"wp-block-image size-large\"><img loading=\"lazy\" decoding=\"async\" width=\"1024\" height=\"682\" src=\"https:\/\/naturvernforbundet.no\/content\/uploads\/sites\/12\/2026\/04\/GG7A7168_2-1024x682.jpg\" alt=\"\" class=\"wp-image-10119\" srcset=\"https:\/\/naturvernforbundet.no\/content\/uploads\/sites\/12\/2026\/04\/GG7A7168_2-1024x682.jpg 1024w, https:\/\/naturvernforbundet.no\/content\/uploads\/sites\/12\/2026\/04\/GG7A7168_2-300x200.jpg 300w, https:\/\/naturvernforbundet.no\/content\/uploads\/sites\/12\/2026\/04\/GG7A7168_2-768x512.jpg 768w, https:\/\/naturvernforbundet.no\/content\/uploads\/sites\/12\/2026\/04\/GG7A7168_2-1536x1024.jpg 1536w, https:\/\/naturvernforbundet.no\/content\/uploads\/sites\/12\/2026\/04\/GG7A7168_2-2048x1365.jpg 2048w, https:\/\/naturvernforbundet.no\/content\/uploads\/sites\/12\/2026\/04\/GG7A7168_2-1920x1280.jpg 1920w\" sizes=\"auto, (max-width: 1024px) 100vw, 1024px\" \/><figcaption class=\"wp-element-caption\">Mange traff kjentfolk, og Sami Siida leverte p\u00e5 kanonfint m\u00f8terom med b\u00e5lgrue i skifer, og masikvartsitt (de gr\u00f8nne steinene). Masikvartsitt ble dannet under eonet <a href=\"https:\/\/snl.no\/proterozoikum\">proterozoikum<\/a>, og er trolig mellom 1000 og 2500 millioner \u00e5r gammelt. Foto: Lone Bj\u00f8rkmann <\/figcaption><\/figure>\n\n\n\n<figure class=\"wp-block-image size-large\"><img loading=\"lazy\" decoding=\"async\" width=\"1024\" height=\"683\" src=\"https:\/\/naturvernforbundet.no\/content\/uploads\/sites\/12\/2026\/04\/GG7A7177_1-1024x683.jpg\" alt=\"\" class=\"wp-image-10118\" srcset=\"https:\/\/naturvernforbundet.no\/content\/uploads\/sites\/12\/2026\/04\/GG7A7177_1-1024x683.jpg 1024w, https:\/\/naturvernforbundet.no\/content\/uploads\/sites\/12\/2026\/04\/GG7A7177_1-300x200.jpg 300w, https:\/\/naturvernforbundet.no\/content\/uploads\/sites\/12\/2026\/04\/GG7A7177_1-768x512.jpg 768w, https:\/\/naturvernforbundet.no\/content\/uploads\/sites\/12\/2026\/04\/GG7A7177_1-1536x1024.jpg 1536w, https:\/\/naturvernforbundet.no\/content\/uploads\/sites\/12\/2026\/04\/GG7A7177_1-2048x1365.jpg 2048w, https:\/\/naturvernforbundet.no\/content\/uploads\/sites\/12\/2026\/04\/GG7A7177_1-1920x1280.jpg 1920w\" sizes=\"auto, (max-width: 1024px) 100vw, 1024px\" \/><figcaption class=\"wp-element-caption\">Tor Bj\u00f8rnar Henriksen fra Naturvernforbundet i Stilla og Vest-Finnmark  startet kunstnerisk hele seansen med diktlesning.  Vi fikk h\u00f8re to flotte dikt som Tor Bj\u00f8rnar har skrevet selv, og s\u00e5 gener\u00f8st delte med oss. Hans f\u00f8rste dikt deles her, hans andre dikt kan leses nederst i artikkelen. Foto: Lone Bj\u00f8rkmann <\/figcaption><\/figure>\n\n\n\n\t\t<div class=\"t2-factbox wp-block-t2-factbox\" id=\"t2-factbox\">\n\t\t\t<div class=\"t2-factbox__content\">\n\t\t\t\t<div class=\"t2-factbox__blocks t2-factbox__inner-container\">\n\t\t\t\t\t\n\n<h2 class=\"wp-block-heading\">VINDENS VEI<\/h2>\n\n\n\n<p>Sjura varslet<br>fare<br>Vi h\u00f8rte<br><br>at bekkene<br>sildret<br><br>De klukket<br>og lo<br><br>Uten \u00e5 vite<br><br>at der ute<br>i skumringen<br>ventet<br>gufihtar<br><br>hen<br><br>knelte<br>i \u00e5ndel\u00f8s stillhet<br><br>Vi var der<br>vi forstod<br><br><em>Tor Bj\u00f8rnar Henriksen<\/em><\/p>\n\n\n\t\t\t\t<\/div>\n\t\t\t\t\n\t\t\t<\/div>\n\t\t\t\n\t\t<\/div>\n\n\n<figure class=\"wp-block-image size-large\"><img loading=\"lazy\" decoding=\"async\" width=\"1024\" height=\"903\" src=\"https:\/\/naturvernforbundet.no\/content\/uploads\/sites\/12\/2026\/04\/2026_04_19_bente_haug_kjell-1024x903.jpg\" alt=\"\" class=\"wp-image-10151\" srcset=\"https:\/\/naturvernforbundet.no\/content\/uploads\/sites\/12\/2026\/04\/2026_04_19_bente_haug_kjell-1024x903.jpg 1024w, https:\/\/naturvernforbundet.no\/content\/uploads\/sites\/12\/2026\/04\/2026_04_19_bente_haug_kjell-300x264.jpg 300w, https:\/\/naturvernforbundet.no\/content\/uploads\/sites\/12\/2026\/04\/2026_04_19_bente_haug_kjell-768x677.jpg 768w, https:\/\/naturvernforbundet.no\/content\/uploads\/sites\/12\/2026\/04\/2026_04_19_bente_haug_kjell-1536x1354.jpg 1536w, https:\/\/naturvernforbundet.no\/content\/uploads\/sites\/12\/2026\/04\/2026_04_19_bente_haug_kjell.jpg 1588w\" sizes=\"auto, (max-width: 1024px) 100vw, 1024px\" \/><figcaption class=\"wp-element-caption\">Leder for Naturvernforbundet i Finnmark Kjell M. Der\u00e5s satte deretter i gang sofasamtalen. Kan vi finne et kompromiss som berger oss unna landstr\u00f8m til Melk\u00f8ya, spurte han. Til h\u00f8yre Bente Haug. Foto: Piera Jovnna Somby<\/figcaption><\/figure>\n\n\n\n<figure class=\"wp-block-image size-large\"><img loading=\"lazy\" decoding=\"async\" width=\"1024\" height=\"683\" src=\"https:\/\/naturvernforbundet.no\/content\/uploads\/sites\/12\/2026\/04\/GG7A7199_Lone-Bjorkmann_2025_1-1024x683.jpg\" alt=\"\" class=\"wp-image-10109\" srcset=\"https:\/\/naturvernforbundet.no\/content\/uploads\/sites\/12\/2026\/04\/GG7A7199_Lone-Bjorkmann_2025_1-1024x683.jpg 1024w, https:\/\/naturvernforbundet.no\/content\/uploads\/sites\/12\/2026\/04\/GG7A7199_Lone-Bjorkmann_2025_1-300x200.jpg 300w, https:\/\/naturvernforbundet.no\/content\/uploads\/sites\/12\/2026\/04\/GG7A7199_Lone-Bjorkmann_2025_1-768x512.jpg 768w, https:\/\/naturvernforbundet.no\/content\/uploads\/sites\/12\/2026\/04\/GG7A7199_Lone-Bjorkmann_2025_1-1536x1024.jpg 1536w, https:\/\/naturvernforbundet.no\/content\/uploads\/sites\/12\/2026\/04\/GG7A7199_Lone-Bjorkmann_2025_1-2048x1365.jpg 2048w, https:\/\/naturvernforbundet.no\/content\/uploads\/sites\/12\/2026\/04\/GG7A7199_Lone-Bjorkmann_2025_1-1920x1280.jpg 1920w\" sizes=\"auto, (max-width: 1024px) 100vw, 1024px\" \/><figcaption class=\"wp-element-caption\">Sofie Marhaug p\u00e5pekte at Finnmark har halvparten av den villmarksprega naturen som er igjen i Norge. Vi m\u00e5 ikke godta ny linjebygging og vindindustri for enhver pris, spesielt hvis \u00e5 oppgradere de gamle er et alternativ som skader naturen mye mindre, ytret hun, som ved linja i Stabbursdalen Nasjonalpark. Hun p\u00e5pekte at mellom Oslo Vest og B\u00e6rum ble det gravd ned jordkabel i stedet for \u00e5 henge luftspenn, for \u00e5 sikre at boligene der ikke sank i verdi. Det synliggj\u00f8r at det er mulig, men at det er makta som r\u00e5r.  Foto: Lone Bj\u00f8rkmann <\/figcaption><\/figure>\n\n\n\n<figure class=\"wp-block-image size-large\"><img loading=\"lazy\" decoding=\"async\" width=\"1024\" height=\"683\" src=\"https:\/\/naturvernforbundet.no\/content\/uploads\/sites\/12\/2026\/04\/GG7A7186_1-1024x683.jpg\" alt=\"\" class=\"wp-image-10115\" srcset=\"https:\/\/naturvernforbundet.no\/content\/uploads\/sites\/12\/2026\/04\/GG7A7186_1-1024x683.jpg 1024w, https:\/\/naturvernforbundet.no\/content\/uploads\/sites\/12\/2026\/04\/GG7A7186_1-300x200.jpg 300w, https:\/\/naturvernforbundet.no\/content\/uploads\/sites\/12\/2026\/04\/GG7A7186_1-768x512.jpg 768w, https:\/\/naturvernforbundet.no\/content\/uploads\/sites\/12\/2026\/04\/GG7A7186_1-1536x1024.jpg 1536w, https:\/\/naturvernforbundet.no\/content\/uploads\/sites\/12\/2026\/04\/GG7A7186_1-2048x1365.jpg 2048w, https:\/\/naturvernforbundet.no\/content\/uploads\/sites\/12\/2026\/04\/GG7A7186_1-1920x1280.jpg 1920w\" sizes=\"auto, (max-width: 1024px) 100vw, 1024px\" \/><figcaption class=\"wp-element-caption\">Bente Haug som er leder i Alta AP ytret at Kraftpakke Melk\u00f8ya ikke har en sjanse mot Finnmarksloven. Det er ingen som kan komme s\u00f8rfra og bestemme hva vi i Finnmark skal gj\u00f8re med grunnen v\u00e5r, p\u00e5pekte hun, og at det m\u00e5 vi minne dem p\u00e5. Glemmer vi Finnmarksloven glemmer vi rettigheten Finnmarkingene har til \u00e5 bestemme over v\u00e5re egne omr\u00e5der og forme egen framtid. Foto: Lone Bj\u00f8rkmann <\/figcaption><\/figure>\n\n\n\n<figure class=\"wp-block-image size-large\"><img loading=\"lazy\" decoding=\"async\" width=\"754\" height=\"1024\" src=\"https:\/\/naturvernforbundet.no\/content\/uploads\/sites\/12\/2026\/04\/GG7A7189_1-754x1024.jpg\" alt=\"\" class=\"wp-image-10112\" srcset=\"https:\/\/naturvernforbundet.no\/content\/uploads\/sites\/12\/2026\/04\/GG7A7189_1-754x1024.jpg 754w, https:\/\/naturvernforbundet.no\/content\/uploads\/sites\/12\/2026\/04\/GG7A7189_1-221x300.jpg 221w, https:\/\/naturvernforbundet.no\/content\/uploads\/sites\/12\/2026\/04\/GG7A7189_1-768x1043.jpg 768w, https:\/\/naturvernforbundet.no\/content\/uploads\/sites\/12\/2026\/04\/GG7A7189_1-1131x1536.jpg 1131w, https:\/\/naturvernforbundet.no\/content\/uploads\/sites\/12\/2026\/04\/GG7A7189_1-1508x2048.jpg 1508w, https:\/\/naturvernforbundet.no\/content\/uploads\/sites\/12\/2026\/04\/GG7A7189_1-1414x1920.jpg 1414w, https:\/\/naturvernforbundet.no\/content\/uploads\/sites\/12\/2026\/04\/GG7A7189_1-scaled.jpg 1885w\" sizes=\"auto, (max-width: 754px) 100vw, 754px\" \/><figcaption class=\"wp-element-caption\">Vi m\u00e5 sl\u00e5 ring om den naturen som er igjen, p\u00e5pekte Geir Ove Bakken i DNT. B\u00e5de natur- og klimakrisa merkes av den som g\u00e5r i naturen, men beslutningene om nedbygging tas ofte av de som ikke lengre har tid til \u00e5 gj\u00f8re det, var hans kloke innvending.  Foto: Lone Bj\u00f8rkmann <\/figcaption><\/figure>\n\n\n\n<figure class=\"wp-block-image size-large\"><img loading=\"lazy\" decoding=\"async\" width=\"1024\" height=\"655\" src=\"https:\/\/naturvernforbundet.no\/content\/uploads\/sites\/12\/2026\/04\/GG7A7193_1-1024x655.jpg\" alt=\"\" class=\"wp-image-10111\" srcset=\"https:\/\/naturvernforbundet.no\/content\/uploads\/sites\/12\/2026\/04\/GG7A7193_1-1024x655.jpg 1024w, https:\/\/naturvernforbundet.no\/content\/uploads\/sites\/12\/2026\/04\/GG7A7193_1-300x192.jpg 300w, https:\/\/naturvernforbundet.no\/content\/uploads\/sites\/12\/2026\/04\/GG7A7193_1-768x491.jpg 768w, https:\/\/naturvernforbundet.no\/content\/uploads\/sites\/12\/2026\/04\/GG7A7193_1-1536x983.jpg 1536w, https:\/\/naturvernforbundet.no\/content\/uploads\/sites\/12\/2026\/04\/GG7A7193_1-2048x1310.jpg 2048w, https:\/\/naturvernforbundet.no\/content\/uploads\/sites\/12\/2026\/04\/GG7A7193_1-1920x1228.jpg 1920w\" sizes=\"auto, (max-width: 1024px) 100vw, 1024px\" \/><figcaption class=\"wp-element-caption\">Piera Jovna Somby fra Naturvernforbundet i \u00c1vjov\u00e1rri forklarte hvordan Kraftpakke Melk\u00f8ya p\u00e5virker reindrifta i Skuohtanjarga Siida, b\u00e5de fysisk og psykisk. Det er ingen steder man kan flytte reindrifta, p\u00e5pekte han. Godtar man at reindriftas omr\u00e5der blir ekspropriert til vindindustri, har man godtatt at reindrifta fordrives fra sine leveomr\u00e5der av industriakt\u00f8rer. Foto: Lone Bj\u00f8rkmann<\/figcaption><\/figure>\n\n\n\n<figure class=\"wp-block-image size-large\"><img loading=\"lazy\" decoding=\"async\" width=\"683\" height=\"1024\" src=\"https:\/\/naturvernforbundet.no\/content\/uploads\/sites\/12\/2026\/04\/GG7A7197_1-683x1024.jpg\" alt=\"\" class=\"wp-image-10110\" srcset=\"https:\/\/naturvernforbundet.no\/content\/uploads\/sites\/12\/2026\/04\/GG7A7197_1-683x1024.jpg 683w, https:\/\/naturvernforbundet.no\/content\/uploads\/sites\/12\/2026\/04\/GG7A7197_1-200x300.jpg 200w, https:\/\/naturvernforbundet.no\/content\/uploads\/sites\/12\/2026\/04\/GG7A7197_1-768x1152.jpg 768w, https:\/\/naturvernforbundet.no\/content\/uploads\/sites\/12\/2026\/04\/GG7A7197_1-1024x1536.jpg 1024w, https:\/\/naturvernforbundet.no\/content\/uploads\/sites\/12\/2026\/04\/GG7A7197_1-1365x2048.jpg 1365w, https:\/\/naturvernforbundet.no\/content\/uploads\/sites\/12\/2026\/04\/GG7A7197_1-1280x1920.jpg 1280w, https:\/\/naturvernforbundet.no\/content\/uploads\/sites\/12\/2026\/04\/GG7A7197_1-scaled.jpg 1707w\" sizes=\"auto, (max-width: 683px) 100vw, 683px\" \/><figcaption class=\"wp-element-caption\">Anton Petter Hauan (NNV \u00c1vjov\u00e1rri) p\u00e5pekte at Norge ligger langt bak n\u00e5r det gjelder lokal str\u00f8mproduksjon og energisparing, som ogs\u00e5 bidrar til \u00f8kt forsyningssikkerhet og beredskap. Solcelle, sm\u00e5 vind- og vannturbiner og geovarme er gode l\u00f8sninger, i tillegg til at nordmenns generelle str\u00f8mforbruk er i verdenstoppen, og m\u00e5 ned. Kjell M. Der\u00e5s nevnte samisk videreg\u00e5ende skole, som drastisk har redusert str\u00f8mbehovet ved \u00e5 bruke geotermisk energi. Foto: Lone Bj\u00f8rkmann<\/figcaption><\/figure>\n\n\n\n<figure class=\"wp-block-image size-large\"><img loading=\"lazy\" decoding=\"async\" width=\"1024\" height=\"683\" src=\"https:\/\/naturvernforbundet.no\/content\/uploads\/sites\/12\/2026\/04\/GG7A7204_1-1024x683.jpg\" alt=\"\" class=\"wp-image-10108\" srcset=\"https:\/\/naturvernforbundet.no\/content\/uploads\/sites\/12\/2026\/04\/GG7A7204_1-1024x683.jpg 1024w, https:\/\/naturvernforbundet.no\/content\/uploads\/sites\/12\/2026\/04\/GG7A7204_1-300x200.jpg 300w, https:\/\/naturvernforbundet.no\/content\/uploads\/sites\/12\/2026\/04\/GG7A7204_1-768x512.jpg 768w, https:\/\/naturvernforbundet.no\/content\/uploads\/sites\/12\/2026\/04\/GG7A7204_1-1536x1024.jpg 1536w, https:\/\/naturvernforbundet.no\/content\/uploads\/sites\/12\/2026\/04\/GG7A7204_1-2048x1365.jpg 2048w, https:\/\/naturvernforbundet.no\/content\/uploads\/sites\/12\/2026\/04\/GG7A7204_1-1920x1280.jpg 1920w\" sizes=\"auto, (max-width: 1024px) 100vw, 1024px\" \/><figcaption class=\"wp-element-caption\">Kjell M. Der\u00e5s s\u00f8rget for struktur i sofasamtalen. Det ble etter hvert knapt om plassen i m\u00f8telokalet. Foto: Lone Bj\u00f8rkmann <\/figcaption><\/figure>\n\n\n\n<figure class=\"wp-block-image size-large\"><img loading=\"lazy\" decoding=\"async\" width=\"1024\" height=\"667\" src=\"https:\/\/naturvernforbundet.no\/content\/uploads\/sites\/12\/2026\/04\/GG7A7212_1-1024x667.jpg\" alt=\"\" class=\"wp-image-10107\" srcset=\"https:\/\/naturvernforbundet.no\/content\/uploads\/sites\/12\/2026\/04\/GG7A7212_1-1024x667.jpg 1024w, https:\/\/naturvernforbundet.no\/content\/uploads\/sites\/12\/2026\/04\/GG7A7212_1-300x195.jpg 300w, https:\/\/naturvernforbundet.no\/content\/uploads\/sites\/12\/2026\/04\/GG7A7212_1-768x500.jpg 768w, https:\/\/naturvernforbundet.no\/content\/uploads\/sites\/12\/2026\/04\/GG7A7212_1-1536x1000.jpg 1536w, https:\/\/naturvernforbundet.no\/content\/uploads\/sites\/12\/2026\/04\/GG7A7212_1-2048x1333.jpg 2048w, https:\/\/naturvernforbundet.no\/content\/uploads\/sites\/12\/2026\/04\/GG7A7212_1-1920x1250.jpg 1920w\" sizes=\"auto, (max-width: 1024px) 100vw, 1024px\" \/><figcaption class=\"wp-element-caption\">Mange \u00f8nsket \u00e5 bli med \u00e5 spise bidus etter det \u00e5pne m\u00f8tet.  Foto: Lone Bj\u00f8rkmann <\/figcaption><\/figure>\n\n\n\n<figure class=\"wp-block-image size-large\"><img loading=\"lazy\" decoding=\"async\" width=\"1024\" height=\"662\" src=\"https:\/\/naturvernforbundet.no\/content\/uploads\/sites\/12\/2026\/04\/GG7A7216_1-1024x662.jpg\" alt=\"\" class=\"wp-image-10097\" srcset=\"https:\/\/naturvernforbundet.no\/content\/uploads\/sites\/12\/2026\/04\/GG7A7216_1-1024x662.jpg 1024w, https:\/\/naturvernforbundet.no\/content\/uploads\/sites\/12\/2026\/04\/GG7A7216_1-300x194.jpg 300w, https:\/\/naturvernforbundet.no\/content\/uploads\/sites\/12\/2026\/04\/GG7A7216_1-768x497.jpg 768w, https:\/\/naturvernforbundet.no\/content\/uploads\/sites\/12\/2026\/04\/GG7A7216_1-1536x994.jpg 1536w, https:\/\/naturvernforbundet.no\/content\/uploads\/sites\/12\/2026\/04\/GG7A7216_1-2048x1325.jpg 2048w, https:\/\/naturvernforbundet.no\/content\/uploads\/sites\/12\/2026\/04\/GG7A7216_1-1920x1242.jpg 1920w\" sizes=\"auto, (max-width: 1024px) 100vw, 1024px\" \/><figcaption class=\"wp-element-caption\">Vi fikk h\u00f8re imponerende joik fra datteren p\u00e5 Sami Siida, som ogs\u00e5 serverte oss. Hun fortalte ogs\u00e5 om kulturen og tradisjonskunnskapen knyttet til reinen, \u00e5rstidene og reindrifta, som er grunnlaget for deres bedrift. Det samiske kalender\u00e5ret med \u00e5tte \u00e5rstider starter n\u00e5, forklarte hun, med reinkalvingen som symboliserer livets start.  Foto: Lone Bj\u00f8rkmann <\/figcaption><\/figure>\n\n\n\n<p>Heretter ble det avholdt \u00e5rsm\u00f8te, med valg. Disse ble valgt inn som representanter i Naturvernforbundet i Finnmark for 2026: <\/p>\n\n\n\n<div class=\"wp-block-group is-layout-constrained wp-block-group-is-layout-constrained\">\n\t\t<div class=\"t2-factbox wp-block-t2-factbox\" id=\"t2-factbox-1\">\n\t\t\t<div class=\"t2-factbox__content\">\n\t\t\t\t<div class=\"t2-factbox__blocks t2-factbox__inner-container\">\n\t\t\t\t\t\n\n<h2 class=\"wp-block-heading\">Styre for Naturvernforbundet i Finnmark &#8211; Finnm\u00e1rkku luonddug\u00e1httenlihttu<\/h2>\n\n\n\n<ul class=\"wp-block-list\">\n<li>Leder: Kjell M. Der\u00e5s (Gjenvalg, et \u00e5r til 2027) Alta\/\u00c1lt\u00e1<\/li>\n\n\n\n<li>Styremedlem: Tom Eirik Ness (Valgt i 2025 fram til 2027) Hammerfest\/H\u00e1mmerfeasta<\/li>\n\n\n\n<li>Styremedlem: Camilla Betten (Valgt i 2025 fram til 2027) Vads\u00f8\/ Vesisaari \/\u010c\u00e1hcesullo<\/li>\n\n\n\n<li>Styremedlem: Kai Simon Johansen (Valgt i 2026 fram til 2028) Porsanger\/Pors\u00e1\u014bgu\/Porsanki<\/li>\n\n\n\n<li>Styremedlem: Elin Karlsen (Valgt i 2026 fram til 2028) Hammerfest\/H\u00e1mmerfeasta<\/li>\n\n\n\n<li>Styremedlem: Helene Sofie Smit (Valgt i 2026 fram til 2028) <\/li>\n\n\n\n<li>1. Vara, Rebecka Buschmann Ekeland. (Ny. Velges for to \u00e5r fram til 2028)&nbsp; Alta\/\u00c1lt\u00e1<\/li>\n\n\n\n<li>2. Vara: Anne-Karin Daniloff (Valgt i 2025 fram til 2027) Alta\/\u00c1lt\u00e1<\/li>\n\n\n\n<li>3. Vara: Johannes Mattis Anti (Valgt i 2025 fram til 2027) Karasjok\/ K\u00e1r\u00e1\u0161johka<\/li>\n\n\n\n<li>4. Vara: Pierre Fagard (Gjenvalg, to \u00e5r til 2028) Tana\/Deatnu<\/li>\n<\/ul>\n\n\n\t\t\t\t<\/div>\n\t\t\t\t\n\t\t\t<\/div>\n\t\t\t\n\t\t<\/div><\/div>\n\n\n\n<figure class=\"wp-block-image size-large\"><img loading=\"lazy\" decoding=\"async\" width=\"653\" height=\"1024\" src=\"https:\/\/naturvernforbundet.no\/content\/uploads\/sites\/12\/2026\/04\/GG7A7220_2-653x1024.jpg\" alt=\"\" class=\"wp-image-10092\" srcset=\"https:\/\/naturvernforbundet.no\/content\/uploads\/sites\/12\/2026\/04\/GG7A7220_2-653x1024.jpg 653w, https:\/\/naturvernforbundet.no\/content\/uploads\/sites\/12\/2026\/04\/GG7A7220_2-191x300.jpg 191w, https:\/\/naturvernforbundet.no\/content\/uploads\/sites\/12\/2026\/04\/GG7A7220_2-768x1205.jpg 768w, https:\/\/naturvernforbundet.no\/content\/uploads\/sites\/12\/2026\/04\/GG7A7220_2-979x1536.jpg 979w, https:\/\/naturvernforbundet.no\/content\/uploads\/sites\/12\/2026\/04\/GG7A7220_2-1306x2048.jpg 1306w, https:\/\/naturvernforbundet.no\/content\/uploads\/sites\/12\/2026\/04\/GG7A7220_2-1224x1920.jpg 1224w, https:\/\/naturvernforbundet.no\/content\/uploads\/sites\/12\/2026\/04\/GG7A7220_2-scaled.jpg 1632w\" sizes=\"auto, (max-width: 653px) 100vw, 653px\" \/><figcaption class=\"wp-element-caption\">Leder avsluttet \u00e5rsm\u00f8tet med \u00e5 gi honn\u00f8r til Annie Henriksen for \u00e5 v\u00e6re en god og kj\u00e6r lagbygger for Naturvernforbundet i Finnmark, som tar alle imot med \u00e5pne armer. Annie tildeles for sin varme en varm\/kald termos med logoen til fylkeslaget og inngravert navn fra Montana i Alta, som hun kan ha med seg p\u00e5 tur eller i bussen mellom slagene. Foto: Lone Bj\u00f8rkmann <\/figcaption><\/figure>\n\n\n\n<figure class=\"wp-block-image size-large\"><img loading=\"lazy\" decoding=\"async\" width=\"1024\" height=\"683\" src=\"https:\/\/naturvernforbundet.no\/content\/uploads\/sites\/12\/2026\/04\/GG7A7221_1-1024x683.jpg\" alt=\"\" class=\"wp-image-10090\" srcset=\"https:\/\/naturvernforbundet.no\/content\/uploads\/sites\/12\/2026\/04\/GG7A7221_1-1024x683.jpg 1024w, https:\/\/naturvernforbundet.no\/content\/uploads\/sites\/12\/2026\/04\/GG7A7221_1-300x200.jpg 300w, https:\/\/naturvernforbundet.no\/content\/uploads\/sites\/12\/2026\/04\/GG7A7221_1-768x512.jpg 768w, https:\/\/naturvernforbundet.no\/content\/uploads\/sites\/12\/2026\/04\/GG7A7221_1-1536x1024.jpg 1536w, https:\/\/naturvernforbundet.no\/content\/uploads\/sites\/12\/2026\/04\/GG7A7221_1-2048x1365.jpg 2048w, https:\/\/naturvernforbundet.no\/content\/uploads\/sites\/12\/2026\/04\/GG7A7221_1-1920x1280.jpg 1920w\" sizes=\"auto, (max-width: 1024px) 100vw, 1024px\" \/><figcaption class=\"wp-element-caption\">Kjell M. Der\u00e5s mottok uh\u00f8ytidelig honn\u00f8r for sitt store engasjement i det foreg\u00e5ende \u00e5ret. Kjell ble tildelt hjemmestrikka naturvern-i-hjertet-votter. Foto: Lone Bj\u00f8rkmann <\/figcaption><\/figure>\n\n\n<div class=\"t2-files wp-block-t2-files\">\n<div class=\"t2-file-item wp-block-t2-file-item\">\n\t\t<a href=\"https:\/\/naturvernforbundet.no\/content\/uploads\/sites\/12\/2026\/04\/Arsberetning-2025-1.pdf\" class=\"t2-file-item__link t2-file-item__link--icon-left\" download>\n\t\t\t<span class=\"t2-file-item__icon\"><svg xmlns=\"http:\/\/www.w3.org\/2000\/svg\" viewBox=\"0 0 24 24\" height=\"24\" width=\"24\" class=\"t2-icon t2-icon-filedownload\" aria-hidden=\"true\" focusable=\"false\"><path d=\"M16.59 9H15V4C15 3.45 14.55 3 14 3H10C9.45 3 9 3.45 9 4V9H7.41C6.52 9 6.07 10.08 6.7 10.71L11.29 15.3C11.68 15.69 12.31 15.69 12.7 15.3L17.29 10.71C17.92 10.08 17.48 9 16.59 9ZM5 19C5 19.55 5.45 20 6 20H18C18.55 20 19 19.55 19 19C19 18.45 18.55 18 18 18H6C5.45 18 5 18.45 5 19Z\" \/><\/svg><\/span>\n\t\t\t<span class=\"t2-file-item__info\">\n\t\t\t\t<span class=\"t2-file-item__filename\">A\u030arsberetning 2025<\/span>\n\t\t\t\t\n\t\t\t\t<span class=\"t2-file-item__meta\">pdf \u00b7 803 KB<\/span>\n\t\t\t<\/span>\n\t\t<\/a>\n\t\t<\/div>\n\n<div class=\"t2-file-item wp-block-t2-file-item\">\n\t\t<a href=\"https:\/\/naturvernforbundet.no\/content\/uploads\/sites\/12\/2026\/04\/Arbeidsprogram-2026-1.pdf\" class=\"t2-file-item__link t2-file-item__link--icon-left\" download>\n\t\t\t<span class=\"t2-file-item__icon\"><svg xmlns=\"http:\/\/www.w3.org\/2000\/svg\" viewBox=\"0 0 24 24\" height=\"24\" width=\"24\" class=\"t2-icon t2-icon-filedownload\" aria-hidden=\"true\" focusable=\"false\"><path d=\"M16.59 9H15V4C15 3.45 14.55 3 14 3H10C9.45 3 9 3.45 9 4V9H7.41C6.52 9 6.07 10.08 6.7 10.71L11.29 15.3C11.68 15.69 12.31 15.69 12.7 15.3L17.29 10.71C17.92 10.08 17.48 9 16.59 9ZM5 19C5 19.55 5.45 20 6 20H18C18.55 20 19 19.55 19 19C19 18.45 18.55 18 18 18H6C5.45 18 5 18.45 5 19Z\" \/><\/svg><\/span>\n\t\t\t<span class=\"t2-file-item__info\">\n\t\t\t\t<span class=\"t2-file-item__filename\">Arbeidsprogram 2026<\/span>\n\t\t\t\t\n\t\t\t\t<span class=\"t2-file-item__meta\">pdf \u00b7 2 MB<\/span>\n\t\t\t<\/span>\n\t\t<\/a>\n\t\t<\/div>\n<\/div>\n\n\n\t\t<div class=\"t2-factbox wp-block-t2-factbox\" id=\"t2-factbox-2\">\n\t\t\t<div class=\"t2-factbox__content\">\n\t\t\t\t<div class=\"t2-factbox__blocks t2-factbox__inner-container\">\n\t\t\t\t\t\n\n<h2 class=\"wp-block-heading\">Jeg er her<\/h2>\n\n\n\n<p>En liten del av meg<br>er jeg<br>her<br>i respekt for naturen<br><br>Nedarvet \u00e5nderlighet<br>Jeg h\u00f8rer<br>jeg ser<br><br>Jeg kjenner p\u00e5<br>stammem\u00f8drenes r\u00f8st<br><br>De sa at det er nok nu<br><br>Hvorfor \u00f8delegge<br>Alt vi hadde<br>Alt vi visste<br>Alt vi gjorde rett<br><br>Vi vandrer taktfast<br>Ned trappa<br>Alltid mot natt<br><br>Tusen tanker<br>for h\u00e5p, for tro<br>For gode verdier<br>Flyter forbi<br><br>I potten ligger alt<br><br>Fremtiden er<br>Fremtiden var<br>Fremtiden har v\u00e6rt<br><br>Hvorfor<br>Forsynte vi oss<br>S\u00e5 grovt<br>S\u00e5 gr\u00e5dig<br>S\u00e5 brutalt<br><br>Jeg fikk beskjed<br>Men kunne ikke hjelpe<br><br>Endeligheten<br>innhenter oss<br>Som forventet<br><br><em>Tor Bj\u00f8rnar Henriksen<\/em><\/p>\n\n\n\t\t\t\t<\/div>\n\t\t\t\t\n\t\t\t<\/div>\n\t\t\t\n\t\t<\/div>\n\n\n<p>Takk til alle som kom og deltok i b\u00e5de det \u00e5pne m\u00f8tet og \u00e5rsm\u00f8tet. Vi sees snart igjen \ud83e\udef6<\/p>\n\n\n\n<div class=\"wp-block-group alignwide is-layout-constrained wp-block-group-is-layout-constrained\">\n<div class=\"wp-block-group alignwide is-style-green-light is-layout-flow wp-block-group-is-layout-flow\">\n<div class=\"wp-block-media-text alignwide is-stacked-on-mobile\"><figure class=\"wp-block-media-text__media\"><a href=\"https:\/\/naturvernforbundet.no\/stott_arbeidet\/\"><img loading=\"lazy\" decoding=\"async\" width=\"1024\" height=\"768\" src=\"https:\/\/naturvernforbundet.no\/content\/uploads\/sites\/12\/2026\/03\/Repparfjord_Foto-gunn-birgit-pedersen.jpg.jpeg\" alt=\"\" class=\"wp-image-9998 size-full\" srcset=\"https:\/\/naturvernforbundet.no\/content\/uploads\/sites\/12\/2026\/03\/Repparfjord_Foto-gunn-birgit-pedersen.jpg.jpeg 1024w, https:\/\/naturvernforbundet.no\/content\/uploads\/sites\/12\/2026\/03\/Repparfjord_Foto-gunn-birgit-pedersen.jpg-300x225.jpeg 300w, https:\/\/naturvernforbundet.no\/content\/uploads\/sites\/12\/2026\/03\/Repparfjord_Foto-gunn-birgit-pedersen.jpg-768x576.jpeg 768w\" sizes=\"auto, (max-width: 1024px) 100vw, 1024px\" \/><\/a><\/figure><div class=\"wp-block-media-text__content\">\n<h2 class=\"wp-block-heading\"><a href=\"https:\/\/naturvernforbundet.no\/stott_arbeidet\/\">Lyst \u00e5 gj\u00f8re en forskjell?<\/a><\/h2>\n\n\n\n<p>\u00d8nsker du \u00e5 bli medlem eller p\u00e5 andre m\u00e5ter st\u00f8tte Naturvernforbundets arbeid med \u00e5 ta vare p\u00e5 naturen og sakke tempoet i klimaendringene?<\/p>\n\n\n\n<div class=\"wp-block-buttons is-layout-flex wp-block-buttons-is-layout-flex\">\n<div class=\"wp-block-button is-style-pink\"><a class=\"wp-block-button__link wp-element-button\" href=\"https:\/\/naturvernforbundet.no\/stott_arbeidet\/\">Les mer her<\/a><\/div>\n<\/div>\n\n\n\n<p>P\u00e5 bildet: Repparfjord. Foto: Gunn Birgit Pedersen<\/p>\n<\/div><\/div>\n<\/div>\n<\/div>\n","protected":false},"excerpt":{"rendered":"<p>S\u00f8ndag 19. april holdt Naturvernforbundet i Finnmark \u00e5pent m\u00f8te og \u00e5rsm\u00f8te p\u00e5 Sami Siida i Alta. Det \u00e5pne m\u00f8te hadde sofasamtale mellom Bente Haug (AP), Sofie Marhaug (R), Geir Ove Bakken (DNT) og Kjell M. Der\u00e5s (Naturvernforbundet i Finnmark) om Melk\u00f8ya og industrikraftl\u00f8ftet for Finnmark.<\/p>\n","protected":false},"author":352,"featured_media":10114,"comment_status":"closed","ping_status":"closed","sticky":false,"template":"","format":"standard","meta":{"_relevanssi_hide_post":"","_relevanssi_hide_content":"","_relevanssi_pin_for_all":"","_relevanssi_pin_keywords":"","_relevanssi_unpin_keywords":"","_relevanssi_related_keywords":"","_relevanssi_related_include_ids":"","_relevanssi_related_exclude_ids":"","_relevanssi_related_no_append":"","_relevanssi_related_not_related":"","_relevanssi_related_posts":"669,1011,1262,166,1155,5099","_relevanssi_noindex_reason":"","hide_logo":false,"footnotes":""},"categories":[68,43,89,31],"tags":[],"local":[],"class_list":["post-10075","post","type-post","status-publish","format-standard","has-post-thumbnail","hentry","category-aktuelt","category-arrangement","category-arsmote-fylkeslag","category-vindkraft-og-kraftlinjer"],"acf":[],"yoast_head":"<!-- This site is optimized with the Yoast SEO plugin v24.9 - https:\/\/yoast.com\/wordpress\/plugins\/seo\/ -->\n<title>\u00c5pent m\u00f8te, og \u00e5rsm\u00f8te for fylkeslaget - Finnmark<\/title>\n<meta name=\"robots\" content=\"index, follow, max-snippet:-1, max-image-preview:large, max-video-preview:-1\" \/>\n<link rel=\"canonical\" href=\"https:\/\/naturvernforbundet.no\/finnmark\/apent-mote-og-arsmote-for-fylkeslaget\/\" \/>\n<meta property=\"og:locale\" content=\"nb_NO\" \/>\n<meta property=\"og:type\" content=\"article\" \/>\n<meta property=\"og:title\" content=\"\u00c5pent m\u00f8te, og \u00e5rsm\u00f8te for fylkeslaget - Finnmark\" \/>\n<meta property=\"og:description\" content=\"S\u00f8ndag 19. april holdt Naturvernforbundet i Finnmark \u00e5pent m\u00f8te og \u00e5rsm\u00f8te p\u00e5 Sami Siida i Alta. Det \u00e5pne m\u00f8te hadde sofasamtale mellom Bente Haug (AP), Sofie Marhaug (R), Geir Ove Bakken (DNT) og Kjell M. Der\u00e5s (Naturvernforbundet i Finnmark) om Melk\u00f8ya og industrikraftl\u00f8ftet for Finnmark.\" \/>\n<meta property=\"og:url\" content=\"https:\/\/naturvernforbundet.no\/finnmark\/apent-mote-og-arsmote-for-fylkeslaget\/\" \/>\n<meta property=\"og:site_name\" content=\"Finnmark\" \/>\n<meta property=\"article:published_time\" content=\"2026-04-22T15:27:07+00:00\" \/>\n<meta property=\"article:modified_time\" content=\"2026-04-25T11:03:58+00:00\" \/>\n<meta property=\"og:image\" content=\"https:\/\/naturvernforbundet.no\/content\/uploads\/sites\/12\/2026\/04\/GG7A7199_2-scaled.jpg\" \/>\n\t<meta property=\"og:image:width\" content=\"2560\" \/>\n\t<meta property=\"og:image:height\" content=\"1721\" \/>\n\t<meta property=\"og:image:type\" content=\"image\/jpeg\" \/>\n<meta name=\"author\" content=\"Lone Bj\u00f8rkmann\" \/>\n<meta name=\"twitter:card\" content=\"summary_large_image\" \/>\n<meta name=\"twitter:label1\" content=\"Skrevet av\" \/>\n\t<meta name=\"twitter:data1\" content=\"Lone Bj\u00f8rkmann\" \/>\n\t<meta name=\"twitter:label2\" content=\"Ansl. lesetid\" \/>\n\t<meta name=\"twitter:data2\" content=\"9 minutter\" \/>\n<script type=\"application\/ld+json\" class=\"yoast-schema-graph\">{\"@context\":\"https:\/\/schema.org\",\"@graph\":[{\"@type\":\"WebPage\",\"@id\":\"https:\/\/naturvernforbundet.no\/finnmark\/apent-mote-og-arsmote-for-fylkeslaget\/\",\"url\":\"https:\/\/naturvernforbundet.no\/finnmark\/apent-mote-og-arsmote-for-fylkeslaget\/\",\"name\":\"\u00c5pent m\u00f8te, og \u00e5rsm\u00f8te for fylkeslaget - Finnmark\",\"isPartOf\":{\"@id\":\"https:\/\/naturvernforbundet.no\/finnmark\/#website\"},\"primaryImageOfPage\":{\"@id\":\"https:\/\/naturvernforbundet.no\/finnmark\/apent-mote-og-arsmote-for-fylkeslaget\/#primaryimage\"},\"image\":{\"@id\":\"https:\/\/naturvernforbundet.no\/finnmark\/apent-mote-og-arsmote-for-fylkeslaget\/#primaryimage\"},\"thumbnailUrl\":\"https:\/\/naturvernforbundet.no\/content\/uploads\/sites\/12\/2026\/04\/GG7A7199_2-scaled.jpg\",\"datePublished\":\"2026-04-22T15:27:07+00:00\",\"dateModified\":\"2026-04-25T11:03:58+00:00\",\"author\":{\"@id\":\"https:\/\/naturvernforbundet.no\/finnmark\/#\/schema\/person\/705280f0de19b41d2f9b695efe0e4082\"},\"breadcrumb\":{\"@id\":\"https:\/\/naturvernforbundet.no\/finnmark\/apent-mote-og-arsmote-for-fylkeslaget\/#breadcrumb\"},\"inLanguage\":\"nb-NO\",\"potentialAction\":[{\"@type\":\"ReadAction\",\"target\":[\"https:\/\/naturvernforbundet.no\/finnmark\/apent-mote-og-arsmote-for-fylkeslaget\/\"]}]},{\"@type\":\"ImageObject\",\"inLanguage\":\"nb-NO\",\"@id\":\"https:\/\/naturvernforbundet.no\/finnmark\/apent-mote-og-arsmote-for-fylkeslaget\/#primaryimage\",\"url\":\"https:\/\/naturvernforbundet.no\/content\/uploads\/sites\/12\/2026\/04\/GG7A7199_2-scaled.jpg\",\"contentUrl\":\"https:\/\/naturvernforbundet.no\/content\/uploads\/sites\/12\/2026\/04\/GG7A7199_2-scaled.jpg\",\"width\":2560,\"height\":1721},{\"@type\":\"BreadcrumbList\",\"@id\":\"https:\/\/naturvernforbundet.no\/finnmark\/apent-mote-og-arsmote-for-fylkeslaget\/#breadcrumb\",\"itemListElement\":[{\"@type\":\"ListItem\",\"position\":1,\"name\":\"Till naturvernforbundet.no\",\"item\":\"https:\/\/naturvernforbundet.no\/\"},{\"@type\":\"ListItem\",\"position\":2,\"name\":\"Finnmark\",\"item\":\"https:\/\/naturvernforbundet.no\/finnmark\/\"},{\"@type\":\"ListItem\",\"position\":3,\"name\":\"\u00c5pent m\u00f8te, og \u00e5rsm\u00f8te for fylkeslaget\"}]},{\"@type\":\"WebSite\",\"@id\":\"https:\/\/naturvernforbundet.no\/finnmark\/#website\",\"url\":\"https:\/\/naturvernforbundet.no\/finnmark\/\",\"name\":\"Finnmark\",\"description\":\"Bare enda et Naturvernforbundet Sites-nettsted\",\"potentialAction\":[{\"@type\":\"SearchAction\",\"target\":{\"@type\":\"EntryPoint\",\"urlTemplate\":\"https:\/\/naturvernforbundet.no\/finnmark\/?s={search_term_string}\"},\"query-input\":{\"@type\":\"PropertyValueSpecification\",\"valueRequired\":true,\"valueName\":\"search_term_string\"}}],\"inLanguage\":\"nb-NO\"},{\"@type\":\"Person\",\"@id\":\"https:\/\/naturvernforbundet.no\/finnmark\/#\/schema\/person\/705280f0de19b41d2f9b695efe0e4082\",\"name\":\"Lone Bj\u00f8rkmann\",\"image\":{\"@type\":\"ImageObject\",\"inLanguage\":\"nb-NO\",\"@id\":\"https:\/\/naturvernforbundet.no\/finnmark\/#\/schema\/person\/image\/\",\"url\":\"https:\/\/secure.gravatar.com\/avatar\/0f063dfb070e38eca4efba97afc0da79?s=96&d=mm&r=g\",\"contentUrl\":\"https:\/\/secure.gravatar.com\/avatar\/0f063dfb070e38eca4efba97afc0da79?s=96&d=mm&r=g\",\"caption\":\"Lone Bj\u00f8rkmann\"},\"url\":\"https:\/\/naturvernforbundet.no\/finnmark\/author\/loneb\/\"}]}<\/script>\n<!-- \/ Yoast SEO plugin. -->","yoast_head_json":{"title":"\u00c5pent m\u00f8te, og \u00e5rsm\u00f8te for fylkeslaget - Finnmark","robots":{"index":"index","follow":"follow","max-snippet":"max-snippet:-1","max-image-preview":"max-image-preview:large","max-video-preview":"max-video-preview:-1"},"canonical":"https:\/\/naturvernforbundet.no\/finnmark\/apent-mote-og-arsmote-for-fylkeslaget\/","og_locale":"nb_NO","og_type":"article","og_title":"\u00c5pent m\u00f8te, og \u00e5rsm\u00f8te for fylkeslaget - Finnmark","og_description":"S\u00f8ndag 19. april holdt Naturvernforbundet i Finnmark \u00e5pent m\u00f8te og \u00e5rsm\u00f8te p\u00e5 Sami Siida i Alta. Det \u00e5pne m\u00f8te hadde sofasamtale mellom Bente Haug (AP), Sofie Marhaug (R), Geir Ove Bakken (DNT) og Kjell M. Der\u00e5s (Naturvernforbundet i Finnmark) om Melk\u00f8ya og industrikraftl\u00f8ftet for Finnmark.","og_url":"https:\/\/naturvernforbundet.no\/finnmark\/apent-mote-og-arsmote-for-fylkeslaget\/","og_site_name":"Finnmark","article_published_time":"2026-04-22T15:27:07+00:00","article_modified_time":"2026-04-25T11:03:58+00:00","og_image":[{"width":2560,"height":1721,"url":"https:\/\/naturvernforbundet.no\/content\/uploads\/sites\/12\/2026\/04\/GG7A7199_2-scaled.jpg","type":"image\/jpeg"}],"author":"Lone Bj\u00f8rkmann","twitter_card":"summary_large_image","twitter_misc":{"Skrevet av":"Lone Bj\u00f8rkmann","Ansl. lesetid":"9 minutter"},"schema":{"@context":"https:\/\/schema.org","@graph":[{"@type":"WebPage","@id":"https:\/\/naturvernforbundet.no\/finnmark\/apent-mote-og-arsmote-for-fylkeslaget\/","url":"https:\/\/naturvernforbundet.no\/finnmark\/apent-mote-og-arsmote-for-fylkeslaget\/","name":"\u00c5pent m\u00f8te, og \u00e5rsm\u00f8te for fylkeslaget - Finnmark","isPartOf":{"@id":"https:\/\/naturvernforbundet.no\/finnmark\/#website"},"primaryImageOfPage":{"@id":"https:\/\/naturvernforbundet.no\/finnmark\/apent-mote-og-arsmote-for-fylkeslaget\/#primaryimage"},"image":{"@id":"https:\/\/naturvernforbundet.no\/finnmark\/apent-mote-og-arsmote-for-fylkeslaget\/#primaryimage"},"thumbnailUrl":"https:\/\/naturvernforbundet.no\/content\/uploads\/sites\/12\/2026\/04\/GG7A7199_2-scaled.jpg","datePublished":"2026-04-22T15:27:07+00:00","dateModified":"2026-04-25T11:03:58+00:00","author":{"@id":"https:\/\/naturvernforbundet.no\/finnmark\/#\/schema\/person\/705280f0de19b41d2f9b695efe0e4082"},"breadcrumb":{"@id":"https:\/\/naturvernforbundet.no\/finnmark\/apent-mote-og-arsmote-for-fylkeslaget\/#breadcrumb"},"inLanguage":"nb-NO","potentialAction":[{"@type":"ReadAction","target":["https:\/\/naturvernforbundet.no\/finnmark\/apent-mote-og-arsmote-for-fylkeslaget\/"]}]},{"@type":"ImageObject","inLanguage":"nb-NO","@id":"https:\/\/naturvernforbundet.no\/finnmark\/apent-mote-og-arsmote-for-fylkeslaget\/#primaryimage","url":"https:\/\/naturvernforbundet.no\/content\/uploads\/sites\/12\/2026\/04\/GG7A7199_2-scaled.jpg","contentUrl":"https:\/\/naturvernforbundet.no\/content\/uploads\/sites\/12\/2026\/04\/GG7A7199_2-scaled.jpg","width":2560,"height":1721},{"@type":"BreadcrumbList","@id":"https:\/\/naturvernforbundet.no\/finnmark\/apent-mote-og-arsmote-for-fylkeslaget\/#breadcrumb","itemListElement":[{"@type":"ListItem","position":1,"name":"Till naturvernforbundet.no","item":"https:\/\/naturvernforbundet.no\/"},{"@type":"ListItem","position":2,"name":"Finnmark","item":"https:\/\/naturvernforbundet.no\/finnmark\/"},{"@type":"ListItem","position":3,"name":"\u00c5pent m\u00f8te, og \u00e5rsm\u00f8te for fylkeslaget"}]},{"@type":"WebSite","@id":"https:\/\/naturvernforbundet.no\/finnmark\/#website","url":"https:\/\/naturvernforbundet.no\/finnmark\/","name":"Finnmark","description":"Bare enda et Naturvernforbundet Sites-nettsted","potentialAction":[{"@type":"SearchAction","target":{"@type":"EntryPoint","urlTemplate":"https:\/\/naturvernforbundet.no\/finnmark\/?s={search_term_string}"},"query-input":{"@type":"PropertyValueSpecification","valueRequired":true,"valueName":"search_term_string"}}],"inLanguage":"nb-NO"},{"@type":"Person","@id":"https:\/\/naturvernforbundet.no\/finnmark\/#\/schema\/person\/705280f0de19b41d2f9b695efe0e4082","name":"Lone Bj\u00f8rkmann","image":{"@type":"ImageObject","inLanguage":"nb-NO","@id":"https:\/\/naturvernforbundet.no\/finnmark\/#\/schema\/person\/image\/","url":"https:\/\/secure.gravatar.com\/avatar\/0f063dfb070e38eca4efba97afc0da79?s=96&d=mm&r=g","contentUrl":"https:\/\/secure.gravatar.com\/avatar\/0f063dfb070e38eca4efba97afc0da79?s=96&d=mm&r=g","caption":"Lone Bj\u00f8rkmann"},"url":"https:\/\/naturvernforbundet.no\/finnmark\/author\/loneb\/"}]}},"_links":{"self":[{"href":"https:\/\/naturvernforbundet.no\/finnmark\/wp-json\/wp\/v2\/posts\/10075","targetHints":{"allow":["GET"]}}],"collection":[{"href":"https:\/\/naturvernforbundet.no\/finnmark\/wp-json\/wp\/v2\/posts"}],"about":[{"href":"https:\/\/naturvernforbundet.no\/finnmark\/wp-json\/wp\/v2\/types\/post"}],"author":[{"embeddable":true,"href":"https:\/\/naturvernforbundet.no\/finnmark\/wp-json\/wp\/v2\/users\/352"}],"replies":[{"embeddable":true,"href":"https:\/\/naturvernforbundet.no\/finnmark\/wp-json\/wp\/v2\/comments?post=10075"}],"version-history":[{"count":35,"href":"https:\/\/naturvernforbundet.no\/finnmark\/wp-json\/wp\/v2\/posts\/10075\/revisions"}],"predecessor-version":[{"id":10161,"href":"https:\/\/naturvernforbundet.no\/finnmark\/wp-json\/wp\/v2\/posts\/10075\/revisions\/10161"}],"wp:featuredmedia":[{"embeddable":true,"href":"https:\/\/naturvernforbundet.no\/finnmark\/wp-json\/wp\/v2\/media\/10114"}],"wp:attachment":[{"href":"https:\/\/naturvernforbundet.no\/finnmark\/wp-json\/wp\/v2\/media?parent=10075"}],"wp:term":[{"taxonomy":"category","embeddable":true,"href":"https:\/\/naturvernforbundet.no\/finnmark\/wp-json\/wp\/v2\/categories?post=10075"},{"taxonomy":"post_tag","embeddable":true,"href":"https:\/\/naturvernforbundet.no\/finnmark\/wp-json\/wp\/v2\/tags?post=10075"},{"taxonomy":"local","embeddable":true,"href":"https:\/\/naturvernforbundet.no\/finnmark\/wp-json\/wp\/v2\/local?post=10075"}],"curies":[{"name":"wp","href":"https:\/\/api.w.org\/{rel}","templated":true}]}}