{"id":1565,"date":"2011-08-28T19:01:37","date_gmt":"2011-08-28T17:01:37","guid":{"rendered":"https:\/\/naturvernforbundet.no\/finnmark\/gronne-linjer-et-ufullendt-verk\/"},"modified":"2025-09-22T11:47:14","modified_gmt":"2025-09-22T09:47:14","slug":"gronne-linjer-et-ufullendt-verk","status":"publish","type":"post","link":"https:\/\/naturvernforbundet.no\/finnmark\/gronne-linjer-et-ufullendt-verk\/","title":{"rendered":"\u00abGr\u00f8nne linjer\u00bb &#8211; et ufullendt verk?"},"content":{"rendered":"\t<div class=\"template-post alignfull wp-block-naturvern-hero\">\n\t\t<div class=\"hero__inner\">\n\t\t\t<div class=\"hero__inner_blocks\">\n\t\t\t\t\t\t\t\t\n\t\t\t\t\t<h1 class=\"wp-block-post-title\">\u00abGr\u00f8nne linjer\u00bb &#8211; et ufullendt verk?<\/h1>\n\n\t\t\t\t\t<div class=\"wp-block-post-excerpt\"><p class=\"wp-block-post-excerpt__excerpt\">Svar fra forfatteren Bredo Berntsen <\/p><\/div>\n\n\t\t\t\t\t<figure class=\"wp-block-post-featured-image\"><img loading=\"lazy\" decoding=\"async\" width=\"116\" height=\"125\" src=\"https:\/\/naturvernforbundet.no\/content\/uploads\/sites\/12\/2011\/06\/forside.jpg2028thumbnail29.jpg\" class=\"attachment-post-thumbnail size-post-thumbnail wp-post-image\" alt=\"\" style=\"object-fit:cover;\" \/><\/figure>\n\n\t\t\t\t\t<div class=\"wp-block-naturvern-byline\">\n\t\t\t<div class=\"authors\">By <span class=\"t2-byline__author-link\">Svein Lund<\/span><\/div>\n\t\t\t<small class=\"entry-date\">28.08.2011 19:01<\/small><small class=\"entry-date\"> | Sist oppdatert: 22.09.2025 11:47<\/small>\n\t\t<\/div>\n\t\t\t\t\t\t\t\t<\/div>\n\t\t\t\t\t<\/div>\n\t\t\t<\/div>\n\t\n<p>\n\tSvein Lund har sendt en bokmelding til Natur &amp; Milj\u00f8 5.6.2011 som jeg kort vil kommentere.<\/p>\n\n\n\n<p>\n\tF\u00f8rst vil jeg si meg tilfreds med at Lund har lest boka, og at han synes det er en god og viktig bok p\u00e5 mange m\u00e5ter. Men han har ogs\u00e5 kritiske vurderinger, som at jeg har mitt utgangspunkt i hovedstaden. At jeg bor i Oslo synes jeg er helt uinteressant. Utgangspunktet er selvsagt det omfattende kildematerialet som er grunnlaget for boka. Og ut fra det er hele landet satt under lupen n\u00e5r saker eller omr\u00e5der er naturvernmessig relevante: Svalbard som Femunden, Jotunheimen som Alta, Vassfaret som Oslomarka, kraftlinjer som atomkraftverk.<\/p>\n\n\n\n<p>\n\tJeg har kort og godt \u00abs\u00f8kt \u00e5 vise hovedtrekkene ved utviklingen i Norge\u00bb n\u00e5r det gjelder natur &#8211; og milj\u00f8vern. Hele det omfattende lovverket og den viktige milj\u00f8forvaltningen er beskrevet, som for eksempel alle de fire naturvernlovene fra 1910, 1954, 1970 og 2009. Den internasjonale dimensjonen er trukket frem: Stockholmkonferansen, Brundtland-rapporten og Rio &#8211; konferansen.<\/p>\n\n\n\n<p>\n\tLund savner stoff om utmarksh\u00f8stingen. Om den er det skrevet mengder av b\u00f8ker &#8211; om seterdriften, fiskeriene, skogbruket og tamreindriften. Men historier om utmarksh\u00f8stingen er imidlertid ingen solskinnshistorie ressursmessig sett. N\u00e5r bruken av utmarka blir en trussel mot naturen blir dette relevant for \u00abGr\u00f8nne linjer\u00bb: Allerede i Gulatingsloven ville man verne laksen. Senere tar myndighetene lovverket fatt for \u00e5 forhindre jakt som truer elg og hjort. Slik ogs\u00e5 med bruken av skogressursene &#8211; her g\u00e5r konflikten mellom b\u00e6rekraftig bruk og rovdrift som en gr\u00f8nn tr\u00e5d gjennom hele boka. Myndighetene har i flere hundre \u00e5r, gjennom lovverk og forvaltning kjempet mot rovdrift av ressursene. Mye har lykkes, noe har sl\u00e5tt feil, slik som raseringen av S\u00f8rlandets eikeskoger, og furuskogen p\u00e5 R\u00f8ros.<\/p>\n\n\n\n<p>\n\tSamenes utmarksbruk har ikke v\u00e6rt noe viktig tema. Rett og slett fordi driften lenge var naturn\u00e6r og n\u00f8ktern. Men i dag er jo situasjonen en annen, med sn\u00f8scootere, fastmarkkj\u00f8ring, snaubeiting og st\u00e5ltr\u00e5dgjerder i \u00f8st og vest. <em>Det<\/em> kunne v\u00e6rt nevnt.<\/p>\n\n\n\n<p>\n\tI Alta-saken synes jeg at samenes rolle er nevnt flere ganger. Et av de f\u00e5 fargebildene i boka \u2013 om Alta-aksjonen \u2013 ser vi klart at en gruppe samer er med.<\/p>\n\n\n\n<p>\n\tN\u00e5r det gjelder Lunds hjertesukk om manglende stoff om Norges kommunistparti og AKP(ml) er saken den at dette er politiske partier som naturvernmessig og ellers er helt marginale &#8211; mer opptatt av revolusjon enn av et gr\u00f8nt Norge.<\/p>\n\n\n\n<p>\n\tTil dette m\u00e5 det tilf\u00f8yes at fordi Gr\u00f8nne linjer tar for seg hovedlinjene m\u00e5 den enkelte leser bruke litteraturliste og noteapparat for \u00e5 s\u00f8ke detaljer. For \u00e5 nevne partiene som Lund er opptatt av er det nevnt mye viktig litteratur. For eksempel<\/p>\n\n\n\n<p>\n\tTor Bj\u00f8rklund og Ottar Hellevik (1988). De gr\u00f8nne stridssp\u00f8rsm\u00e5lene i norsk politikk. Politica.Vol 20.<\/p>\n\n\n\n<p>\n\tBernt Aardal (1990). Green Politics. A Norwegian Experience. Scand. Pol. Studies. Vol.13.<\/p>\n\n\n\n<p>\n\tAxelsen,V.(2001) Den moderne milj\u00f8bevegelsen i Norge og den politiske offentligheten. Fra grasrotbevegelse til integrasjon i politiske partier og institusjoner.<\/p>\n\n\n\n<p>\n\tKonklusjon: Jeg mener \u00e5 ha dekning for \u00e5 hevde at jeg har skrevet en bok som utreder og forklarer hovedtrekkene i norsk natur \u2013 og milj\u00f8verns historie. Mye av det omfattende arbeidet med boka er ogs\u00e5 \u00e5 finne frem til og presentere den litteraturen, de ar ikler og de offentlige utredningene som er bokas basis. Her vil leserne kunne dukke ned i de spesielle temaene og granske videre.<\/p>\n","protected":false},"excerpt":{"rendered":"<p>Svar fra forfatteren Bredo Berntsen<\/p>\n","protected":false},"author":223,"featured_media":1502,"comment_status":"closed","ping_status":"closed","sticky":false,"template":"","format":"standard","meta":{"_relevanssi_hide_post":"","_relevanssi_hide_content":"","_relevanssi_pin_for_all":"","_relevanssi_pin_keywords":"","_relevanssi_unpin_keywords":"","_relevanssi_related_keywords":"","_relevanssi_related_include_ids":"","_relevanssi_related_exclude_ids":"","_relevanssi_related_no_append":"","_relevanssi_related_not_related":"","_relevanssi_related_posts":"8638,6045,7263,8385,6747,8773","_relevanssi_noindex_reason":"","hide_logo":false,"footnotes":""},"categories":[72],"tags":[],"local":[],"class_list":["post-1565","post","type-post","status-publish","format-standard","has-post-thumbnail","hentry","category-innspill"],"acf":[],"yoast_head":"<!-- This site is optimized with the Yoast SEO plugin v24.9 - https:\/\/yoast.com\/wordpress\/plugins\/seo\/ -->\n<title>\u00abGr\u00f8nne linjer\u00bb - et ufullendt verk? - Finnmark<\/title>\n<meta name=\"robots\" content=\"index, follow, max-snippet:-1, max-image-preview:large, max-video-preview:-1\" \/>\n<link rel=\"canonical\" href=\"https:\/\/naturvernforbundet.no\/finnmark\/gronne-linjer-et-ufullendt-verk\/\" \/>\n<meta property=\"og:locale\" content=\"nb_NO\" \/>\n<meta property=\"og:type\" content=\"article\" \/>\n<meta property=\"og:title\" content=\"\u00abGr\u00f8nne linjer\u00bb - et ufullendt verk? - Finnmark\" \/>\n<meta property=\"og:description\" content=\"Svar fra forfatteren Bredo Berntsen\" \/>\n<meta property=\"og:url\" content=\"https:\/\/naturvernforbundet.no\/finnmark\/gronne-linjer-et-ufullendt-verk\/\" \/>\n<meta property=\"og:site_name\" content=\"Finnmark\" \/>\n<meta property=\"article:published_time\" content=\"2011-08-28T17:01:37+00:00\" \/>\n<meta property=\"article:modified_time\" content=\"2025-09-22T09:47:14+00:00\" \/>\n<meta property=\"og:image\" content=\"https:\/\/naturvernforbundet.no\/content\/uploads\/sites\/12\/2011\/06\/forside.jpg2028thumbnail29.jpg\" \/>\n\t<meta property=\"og:image:width\" content=\"116\" \/>\n\t<meta property=\"og:image:height\" content=\"125\" \/>\n\t<meta property=\"og:image:type\" content=\"image\/jpeg\" \/>\n<meta name=\"author\" content=\"Svein Lund\" \/>\n<meta name=\"twitter:card\" content=\"summary_large_image\" \/>\n<meta name=\"twitter:label1\" content=\"Skrevet av\" \/>\n\t<meta name=\"twitter:data1\" content=\"Svein Lund\" \/>\n\t<meta name=\"twitter:label2\" content=\"Ansl. lesetid\" \/>\n\t<meta name=\"twitter:data2\" content=\"3 minutter\" \/>\n<script type=\"application\/ld+json\" class=\"yoast-schema-graph\">{\"@context\":\"https:\/\/schema.org\",\"@graph\":[{\"@type\":\"WebPage\",\"@id\":\"https:\/\/naturvernforbundet.no\/finnmark\/gronne-linjer-et-ufullendt-verk\/\",\"url\":\"https:\/\/naturvernforbundet.no\/finnmark\/gronne-linjer-et-ufullendt-verk\/\",\"name\":\"\u00abGr\u00f8nne linjer\u00bb - et ufullendt verk? - Finnmark\",\"isPartOf\":{\"@id\":\"https:\/\/naturvernforbundet.no\/finnmark\/#website\"},\"primaryImageOfPage\":{\"@id\":\"https:\/\/naturvernforbundet.no\/finnmark\/gronne-linjer-et-ufullendt-verk\/#primaryimage\"},\"image\":{\"@id\":\"https:\/\/naturvernforbundet.no\/finnmark\/gronne-linjer-et-ufullendt-verk\/#primaryimage\"},\"thumbnailUrl\":\"https:\/\/naturvernforbundet.no\/content\/uploads\/sites\/12\/2011\/06\/forside.jpg2028thumbnail29.jpg\",\"datePublished\":\"2011-08-28T17:01:37+00:00\",\"dateModified\":\"2025-09-22T09:47:14+00:00\",\"author\":{\"@id\":\"https:\/\/naturvernforbundet.no\/finnmark\/#\/schema\/person\/bbc5425286f1a8d7abecbd801199a3ab\"},\"breadcrumb\":{\"@id\":\"https:\/\/naturvernforbundet.no\/finnmark\/gronne-linjer-et-ufullendt-verk\/#breadcrumb\"},\"inLanguage\":\"nb-NO\",\"potentialAction\":[{\"@type\":\"ReadAction\",\"target\":[\"https:\/\/naturvernforbundet.no\/finnmark\/gronne-linjer-et-ufullendt-verk\/\"]}]},{\"@type\":\"ImageObject\",\"inLanguage\":\"nb-NO\",\"@id\":\"https:\/\/naturvernforbundet.no\/finnmark\/gronne-linjer-et-ufullendt-verk\/#primaryimage\",\"url\":\"https:\/\/naturvernforbundet.no\/content\/uploads\/sites\/12\/2011\/06\/forside.jpg2028thumbnail29.jpg\",\"contentUrl\":\"https:\/\/naturvernforbundet.no\/content\/uploads\/sites\/12\/2011\/06\/forside.jpg2028thumbnail29.jpg\",\"width\":116,\"height\":125},{\"@type\":\"BreadcrumbList\",\"@id\":\"https:\/\/naturvernforbundet.no\/finnmark\/gronne-linjer-et-ufullendt-verk\/#breadcrumb\",\"itemListElement\":[{\"@type\":\"ListItem\",\"position\":1,\"name\":\"Till naturvernforbundet.no\",\"item\":\"https:\/\/naturvernforbundet.no\/\"},{\"@type\":\"ListItem\",\"position\":2,\"name\":\"Finnmark\",\"item\":\"https:\/\/naturvernforbundet.no\/finnmark\/\"},{\"@type\":\"ListItem\",\"position\":3,\"name\":\"\u00abGr\u00f8nne linjer\u00bb &#8211; et ufullendt verk?\"}]},{\"@type\":\"WebSite\",\"@id\":\"https:\/\/naturvernforbundet.no\/finnmark\/#website\",\"url\":\"https:\/\/naturvernforbundet.no\/finnmark\/\",\"name\":\"Finnmark\",\"description\":\"Bare enda et Naturvernforbundet Sites-nettsted\",\"potentialAction\":[{\"@type\":\"SearchAction\",\"target\":{\"@type\":\"EntryPoint\",\"urlTemplate\":\"https:\/\/naturvernforbundet.no\/finnmark\/?s={search_term_string}\"},\"query-input\":{\"@type\":\"PropertyValueSpecification\",\"valueRequired\":true,\"valueName\":\"search_term_string\"}}],\"inLanguage\":\"nb-NO\"},{\"@type\":\"Person\",\"@id\":\"https:\/\/naturvernforbundet.no\/finnmark\/#\/schema\/person\/bbc5425286f1a8d7abecbd801199a3ab\",\"name\":\"Svein Lund\",\"image\":{\"@type\":\"ImageObject\",\"inLanguage\":\"nb-NO\",\"@id\":\"https:\/\/naturvernforbundet.no\/finnmark\/#\/schema\/person\/image\/\",\"url\":\"https:\/\/secure.gravatar.com\/avatar\/b0dc1b0158d5e6e61777bbb618e663ac?s=96&d=mm&r=g\",\"contentUrl\":\"https:\/\/secure.gravatar.com\/avatar\/b0dc1b0158d5e6e61777bbb618e663ac?s=96&d=mm&r=g\",\"caption\":\"Svein Lund\"},\"url\":\"https:\/\/naturvernforbundet.no\/finnmark\/author\/sveinlund\/\"}]}<\/script>\n<!-- \/ Yoast SEO plugin. -->","yoast_head_json":{"title":"\u00abGr\u00f8nne linjer\u00bb - et ufullendt verk? - Finnmark","robots":{"index":"index","follow":"follow","max-snippet":"max-snippet:-1","max-image-preview":"max-image-preview:large","max-video-preview":"max-video-preview:-1"},"canonical":"https:\/\/naturvernforbundet.no\/finnmark\/gronne-linjer-et-ufullendt-verk\/","og_locale":"nb_NO","og_type":"article","og_title":"\u00abGr\u00f8nne linjer\u00bb - et ufullendt verk? - Finnmark","og_description":"Svar fra forfatteren Bredo Berntsen","og_url":"https:\/\/naturvernforbundet.no\/finnmark\/gronne-linjer-et-ufullendt-verk\/","og_site_name":"Finnmark","article_published_time":"2011-08-28T17:01:37+00:00","article_modified_time":"2025-09-22T09:47:14+00:00","og_image":[{"width":116,"height":125,"url":"https:\/\/naturvernforbundet.no\/content\/uploads\/sites\/12\/2011\/06\/forside.jpg2028thumbnail29.jpg","type":"image\/jpeg"}],"author":"Svein Lund","twitter_card":"summary_large_image","twitter_misc":{"Skrevet av":"Svein Lund","Ansl. lesetid":"3 minutter"},"schema":{"@context":"https:\/\/schema.org","@graph":[{"@type":"WebPage","@id":"https:\/\/naturvernforbundet.no\/finnmark\/gronne-linjer-et-ufullendt-verk\/","url":"https:\/\/naturvernforbundet.no\/finnmark\/gronne-linjer-et-ufullendt-verk\/","name":"\u00abGr\u00f8nne linjer\u00bb - et ufullendt verk? - Finnmark","isPartOf":{"@id":"https:\/\/naturvernforbundet.no\/finnmark\/#website"},"primaryImageOfPage":{"@id":"https:\/\/naturvernforbundet.no\/finnmark\/gronne-linjer-et-ufullendt-verk\/#primaryimage"},"image":{"@id":"https:\/\/naturvernforbundet.no\/finnmark\/gronne-linjer-et-ufullendt-verk\/#primaryimage"},"thumbnailUrl":"https:\/\/naturvernforbundet.no\/content\/uploads\/sites\/12\/2011\/06\/forside.jpg2028thumbnail29.jpg","datePublished":"2011-08-28T17:01:37+00:00","dateModified":"2025-09-22T09:47:14+00:00","author":{"@id":"https:\/\/naturvernforbundet.no\/finnmark\/#\/schema\/person\/bbc5425286f1a8d7abecbd801199a3ab"},"breadcrumb":{"@id":"https:\/\/naturvernforbundet.no\/finnmark\/gronne-linjer-et-ufullendt-verk\/#breadcrumb"},"inLanguage":"nb-NO","potentialAction":[{"@type":"ReadAction","target":["https:\/\/naturvernforbundet.no\/finnmark\/gronne-linjer-et-ufullendt-verk\/"]}]},{"@type":"ImageObject","inLanguage":"nb-NO","@id":"https:\/\/naturvernforbundet.no\/finnmark\/gronne-linjer-et-ufullendt-verk\/#primaryimage","url":"https:\/\/naturvernforbundet.no\/content\/uploads\/sites\/12\/2011\/06\/forside.jpg2028thumbnail29.jpg","contentUrl":"https:\/\/naturvernforbundet.no\/content\/uploads\/sites\/12\/2011\/06\/forside.jpg2028thumbnail29.jpg","width":116,"height":125},{"@type":"BreadcrumbList","@id":"https:\/\/naturvernforbundet.no\/finnmark\/gronne-linjer-et-ufullendt-verk\/#breadcrumb","itemListElement":[{"@type":"ListItem","position":1,"name":"Till naturvernforbundet.no","item":"https:\/\/naturvernforbundet.no\/"},{"@type":"ListItem","position":2,"name":"Finnmark","item":"https:\/\/naturvernforbundet.no\/finnmark\/"},{"@type":"ListItem","position":3,"name":"\u00abGr\u00f8nne linjer\u00bb &#8211; et ufullendt verk?"}]},{"@type":"WebSite","@id":"https:\/\/naturvernforbundet.no\/finnmark\/#website","url":"https:\/\/naturvernforbundet.no\/finnmark\/","name":"Finnmark","description":"Bare enda et Naturvernforbundet Sites-nettsted","potentialAction":[{"@type":"SearchAction","target":{"@type":"EntryPoint","urlTemplate":"https:\/\/naturvernforbundet.no\/finnmark\/?s={search_term_string}"},"query-input":{"@type":"PropertyValueSpecification","valueRequired":true,"valueName":"search_term_string"}}],"inLanguage":"nb-NO"},{"@type":"Person","@id":"https:\/\/naturvernforbundet.no\/finnmark\/#\/schema\/person\/bbc5425286f1a8d7abecbd801199a3ab","name":"Svein Lund","image":{"@type":"ImageObject","inLanguage":"nb-NO","@id":"https:\/\/naturvernforbundet.no\/finnmark\/#\/schema\/person\/image\/","url":"https:\/\/secure.gravatar.com\/avatar\/b0dc1b0158d5e6e61777bbb618e663ac?s=96&d=mm&r=g","contentUrl":"https:\/\/secure.gravatar.com\/avatar\/b0dc1b0158d5e6e61777bbb618e663ac?s=96&d=mm&r=g","caption":"Svein Lund"},"url":"https:\/\/naturvernforbundet.no\/finnmark\/author\/sveinlund\/"}]}},"_links":{"self":[{"href":"https:\/\/naturvernforbundet.no\/finnmark\/wp-json\/wp\/v2\/posts\/1565","targetHints":{"allow":["GET"]}}],"collection":[{"href":"https:\/\/naturvernforbundet.no\/finnmark\/wp-json\/wp\/v2\/posts"}],"about":[{"href":"https:\/\/naturvernforbundet.no\/finnmark\/wp-json\/wp\/v2\/types\/post"}],"author":[{"embeddable":true,"href":"https:\/\/naturvernforbundet.no\/finnmark\/wp-json\/wp\/v2\/users\/223"}],"replies":[{"embeddable":true,"href":"https:\/\/naturvernforbundet.no\/finnmark\/wp-json\/wp\/v2\/comments?post=1565"}],"version-history":[{"count":1,"href":"https:\/\/naturvernforbundet.no\/finnmark\/wp-json\/wp\/v2\/posts\/1565\/revisions"}],"predecessor-version":[{"id":3485,"href":"https:\/\/naturvernforbundet.no\/finnmark\/wp-json\/wp\/v2\/posts\/1565\/revisions\/3485"}],"wp:featuredmedia":[{"embeddable":true,"href":"https:\/\/naturvernforbundet.no\/finnmark\/wp-json\/wp\/v2\/media\/1502"}],"wp:attachment":[{"href":"https:\/\/naturvernforbundet.no\/finnmark\/wp-json\/wp\/v2\/media?parent=1565"}],"wp:term":[{"taxonomy":"category","embeddable":true,"href":"https:\/\/naturvernforbundet.no\/finnmark\/wp-json\/wp\/v2\/categories?post=1565"},{"taxonomy":"post_tag","embeddable":true,"href":"https:\/\/naturvernforbundet.no\/finnmark\/wp-json\/wp\/v2\/tags?post=1565"},{"taxonomy":"local","embeddable":true,"href":"https:\/\/naturvernforbundet.no\/finnmark\/wp-json\/wp\/v2\/local?post=1565"}],"curies":[{"name":"wp","href":"https:\/\/api.w.org\/{rel}","templated":true}]}}