{"id":889,"date":"2010-07-12T12:41:28","date_gmt":"2010-07-12T10:41:28","guid":{"rendered":"https:\/\/naturvernforbundet.no\/finnmark\/forslag-om-opprettelse-av-verneomrade-ved-goahteluoppal-horingsuttalelse-fra-naturvernforbundet-i-finnmark\/"},"modified":"2010-07-12T12:41:28","modified_gmt":"2010-07-12T10:41:28","slug":"forslag-om-opprettelse-av-verneomrade-ved-goahteluoppal-horingsuttalelse-fra-naturvernforbundet-i-finnmark","status":"publish","type":"post","link":"https:\/\/naturvernforbundet.no\/finnmark\/forslag-om-opprettelse-av-verneomrade-ved-goahteluoppal-horingsuttalelse-fra-naturvernforbundet-i-finnmark\/","title":{"rendered":"Forslag om opprettelse av verneomr\u00e5de ved Goahteluoppal H\u00f8ringsuttalelse fra Naturvernforbundet i Finnmark"},"content":{"rendered":"\t<div class=\"template-post alignfull wp-block-naturvern-hero\">\n\t\t<div class=\"hero__inner\">\n\t\t\t<div class=\"hero__inner_blocks\">\n\t\t\t\t\t\t\t\t\n\t\t\t\t\t<h1 class=\"wp-block-post-title\">Forslag om opprettelse av verneomr\u00e5de ved Goahteluoppal H\u00f8ringsuttalelse fra Naturvernforbundet i Finnmark<\/h1>\n\n\t\t\t\t\t<div class=\"wp-block-post-excerpt\"><p class=\"wp-block-post-excerpt__excerpt\">H\u00f8ringsuttalelse fra Naturvernforbundet i Finnmark. Sendt til Fylkesmannen i Finnmark 04.07.2010 <\/p><\/div>\n\n\t\t\t\t\t\n\n\t\t\t\t\t<div class=\"wp-block-naturvern-byline\">\n\t\t\t<div class=\"authors\">By <span class=\"t2-byline__author-link\">Svein Lund<\/span><\/div>\n\t\t\t<small class=\"entry-date\">12.07.2010 12:41<\/small>\n\t\t<\/div>\n\t\t\t\t\t\t\t\t<\/div>\n\t\t\t\t\t<\/div>\n\t\t\t<\/div>\n\t\n<p>\n\t1 Innledning<\/p>\n\n\n\n<p>\n\tNaturvernforbundet i Finnmark (NVF) har vurdert verneforslaget og fattet f\u00f8lgende vedtak:<\/p>\n\n\n\n<p>\n\tNVF st\u00f8tter Fylkesmannens innstilling til alternativ B1 Muvrres\u00e1hpi landskapsvernomr\u00e5de.<\/p>\n\n\n\n<p>\n\tVi anser nasjonalpark som et foretrukket alternativ for de viltlokaliteter med nasjonal verdi og for de naturtypelokaliteter som er betegnet som sv\u00e6rt viktig. Da det ikke er fremmet forslag om blanding av vernetyper har NVF valgt \u00e5 st\u00f8tte det framsatte forslag som kan v\u00e6re mulig \u00e5 f\u00e5 vedtatt.<\/p>\n\n\n\n<p>\n\tSubsidi\u00e6rt vil vi likevel foresl\u00e5 en nasjonalpark for kjerneomr\u00e5dene omkranset av et landskaps-verneomr\u00e5de (LVO), og vi har ogs\u00e5 noen merknader til verneforslagene.<\/p>\n\n\n\n<p>\n\tVi vil ogs\u00e5 vise vi til den grundige og gode uttalelsen fra Naturvernforbundet i Kautokeino.<\/p>\n\n\n\n<p>\n\t2 Dr\u00f8fting<\/p>\n\n\n\n<p>\n\t2.1 Verneverdier<\/p>\n\n\n\n<p>\n\tVi st\u00f8tter forslaget om \u00e5 verne s\u00e6rs viktig v\u00e5tmarks- og vassdragsnatur med nasjonal til internasjonal verdi. Det gjelder bevaringen av et subarktisk \u00f8kosystem i et viddeomr\u00e5de med mange s\u00e6rpreg, inkludert dette kjerneomr\u00e5det for palsmyrer som Norge har et internasjonalt ansvar for \u00e5 ivareta. For fauna er omr\u00e5dene s\u00e6rs viktig for mange r\u00f8dlistede arter. Vi mener derfor det er vesentlig \u00e5 ivareta disse viktige hekkeomr\u00e5dene for v\u00e5tmarksfugl. Omr\u00e5dets plassering har ogs\u00e5 vesentlig betydning ved at det gir et sammenhengende verneomr\u00e5de \u2013 Reisa nasjonalpark og Goahteluoppal verneomr\u00e5de. Noe som ogs\u00e5 kan v\u00e6re positivt for vernet av den trua fjellreven. Vi mener ogs\u00e5 det er viktig \u00e5 bevare kulturminnene her sammen med naturgrunnlaget for framtidige generasjoner, uten tyngre tekniske inngrep.<\/p>\n\n\n\n<p>\n\t2.2 Vernestatus<\/p>\n\n\n\n<p>\n\tForslag B1 med landskapsvernomr\u00e5det er det av de framlagte forslagene som best ivaretar de lokale brukernes interesser, og dermed tilsier at vernebestemmelsene best kan realiseres. N\u00e5r man videre skal finne l\u00f8sninger, vil vi fremheve viktigheten av \u00e5 samarbeide med innbyggerne i omr\u00e5det, og vil rose bruken av et lokalt arbeidsutvalg som vi mener ansporer til nettopp dette. Det vil etter v\u00e5r mening styrke muligheten av \u00e5 n\u00e5 verneform\u00e5let.<\/p>\n\n\n\n<p>\n\tFor \u00e5 oppn\u00e5 et enda bedre vern av omr\u00e5dene med h\u00f8yest verneverdi, anbefaler vi imidlertid at en ogs\u00e5 utreder en l\u00f8sning der de mest s\u00e5rbare omr\u00e5dene er vernet som en nasjonalpark, og at resten av omr\u00e5det f\u00e5r status som landskapsverneomr\u00e5de. Dette gir prim\u00e6romr\u00e5dene et bedre vern, samtidig som den gir lokalbefolkningen en st\u00f8rre bruksrett enn nasjonalpark-status for hele omr\u00e5det ville gjort.<\/p>\n\n\n\n<p>\n\t2.3 Bruk av omr\u00e5det<\/p>\n\n\n\n<p>\n\tNVF mener at det i verneforskriftene m\u00e5 gis rom for b\u00e6rekraftig h\u00f8sting og bruk av naturen uten \u00e5 forringe omr\u00e5dets kvalitet og b\u00e6rekraft. Vi merker oss som positivt at forslaget \u00e5pner for mulighet for jakt, fiske og annen h\u00f8sting. Ivaretakelse av naturgrunnlaget i et langsiktig perspektiv er viktig for \u00e5 kunne bevare grunnlaget for tradisjonell samisk utmarksbruk og kulturoverf\u00f8ring.<\/p>\n\n\n\n<p>\n\tDet lokale arbeidsutvalget har argumentert for \u00e5 sikre fortsatt adgang til meahcc\u00e1steapmi eller kulturbasert h\u00f8sting. NVF st\u00f8tter den uttalte intensjon bak, men ikke at reindrift og kulturbasert h\u00f8sting skal likestilles n\u00e5r det gjelder motorferdsel. Vi forutsetter at man kommer fram til ordninger som ivaretar omr\u00e5dets verneverdi, og at tillatelsen til \u00e5 sette opp bygninger avgrenses til reindrifta. Vi st\u00f8tter ogs\u00e5 uttalelsen fra Naturvernforbundet i Kautokeino om at det ikke m\u00e5 v\u00e6re mulig \u00e5 endre bruken av gjeterhytter til fritidshytter eller utleie hytter.<\/p>\n\n\n\n<p>\n\t2.4 Bruken av motorkj\u00f8ret\u00f8y<\/p>\n\n\n\n<p>\n\tI all forvaltning er det n\u00e5 n\u00f8dvendig at klimahensyn legges til grunn. Utslipp fra motorferdsel m\u00e5 derfor begrenses mest mulig. Ny teknologi gir oss hjelp et stykke p\u00e5 veien. Likevel m\u00e5 vi innse at p\u00e5 sikt m\u00e5 omfanget av all motorisert ferdsel reduseres b\u00e5de p\u00e5 bakken, p\u00e5 vannet og i luften. Dette gjelder i forskjellig grad alle brukere og brukstyper.<\/p>\n\n\n\n<p>\n\tVi ser i utredningene at det har v\u00e6rt omfattende barmarkskj\u00f8ring og mange kj\u00f8respor med terrengskader i omr\u00e5det. Dette tilsier at tiltak for \u00e5 styre og redusere kj\u00f8ringen ogs\u00e5 her er n\u00f8dvendig.<\/p>\n\n\n\n<p>\n\t2.5 Politisk holdning til vern<\/p>\n\n\n\n<p>\n\tNaturvernforbundet i Finnmark mener viktige vernesaker m\u00e5 v\u00e6re et lokalt, regionalt, nasjonalt og internasjonalt ansvar og en motvekt til de \u00f8konomiske kreftene som fremmer behagelige, men ofte skadelige produkter, tjenester og konsumentadferd.<\/p>\n\n\n\n<p>\n\t3 Konklusjon<\/p>\n\n\n\n<p>\n\tNaturvernforbundet i Finnmark st\u00f8tter forslaget om vern av omr\u00e5dene rundt Goahteluoppal, og h\u00e5per at man gjennom utredning av de innkomne uttalelser og de muligheter som det er pekt p\u00e5 kommer frem til et godt verneregime.<\/p>\n\n\n\n<p>\n\tVi anser det som sv\u00e6rt viktig \u00e5 m\u00f8te lokalbefolkningens behov s\u00e5 langt verneform\u00e5let og lovens rammer tillater.<\/p>\n\n\n\n<p>\n\tBlant de forsl\u00e5tte l\u00f8sninger st\u00f8tter vi B1, men helst s\u00e5 vi at det opprettes en nasjonalpark omkranset av et landskapsvernomr\u00e5de i sammenheng med Reisa nasjonalpark.<\/p>\n\n\n\n<p>\n\tVigdis Siri,<\/p>\n\n\n\n<p>\n\tStyremedlem\/koordinator<\/p>\n\n\n\n<p>\n\tNaturvernforbundet i Finnmark<\/p>\n","protected":false},"excerpt":{"rendered":"<p>H\u00f8ringsuttalelse fra Naturvernforbundet i Finnmark. Sendt til Fylkesmannen i Finnmark 04.07.2010<\/p>\n","protected":false},"author":223,"featured_media":0,"comment_status":"closed","ping_status":"closed","sticky":false,"template":"","format":"standard","meta":{"_relevanssi_hide_post":"","_relevanssi_hide_content":"","_relevanssi_pin_for_all":"","_relevanssi_pin_keywords":"","_relevanssi_unpin_keywords":"","_relevanssi_related_keywords":"","_relevanssi_related_include_ids":"","_relevanssi_related_exclude_ids":"","_relevanssi_related_no_append":"","_relevanssi_related_not_related":"","_relevanssi_related_posts":"","_relevanssi_noindex_reason":"","hide_logo":false,"footnotes":""},"categories":[33],"tags":[],"local":[],"class_list":["post-889","post","type-post","status-publish","format-standard","hentry","category-verneomrader"],"acf":[],"yoast_head":"<!-- This site is optimized with the Yoast SEO plugin v24.9 - https:\/\/yoast.com\/wordpress\/plugins\/seo\/ -->\n<title>Forslag om opprettelse av verneomr\u00e5de ved Goahteluoppal H\u00f8ringsuttalelse fra Naturvernforbundet i Finnmark - Finnmark<\/title>\n<meta name=\"robots\" content=\"index, follow, max-snippet:-1, max-image-preview:large, max-video-preview:-1\" \/>\n<link rel=\"canonical\" href=\"https:\/\/naturvernforbundet.no\/finnmark\/forslag-om-opprettelse-av-verneomrade-ved-goahteluoppal-horingsuttalelse-fra-naturvernforbundet-i-finnmark\/\" \/>\n<meta property=\"og:locale\" content=\"nb_NO\" \/>\n<meta property=\"og:type\" content=\"article\" \/>\n<meta property=\"og:title\" content=\"Forslag om opprettelse av verneomr\u00e5de ved Goahteluoppal H\u00f8ringsuttalelse fra Naturvernforbundet i Finnmark - Finnmark\" \/>\n<meta property=\"og:description\" content=\"H\u00f8ringsuttalelse fra Naturvernforbundet i Finnmark. Sendt til Fylkesmannen i Finnmark 04.07.2010\" \/>\n<meta property=\"og:url\" content=\"https:\/\/naturvernforbundet.no\/finnmark\/forslag-om-opprettelse-av-verneomrade-ved-goahteluoppal-horingsuttalelse-fra-naturvernforbundet-i-finnmark\/\" \/>\n<meta property=\"og:site_name\" content=\"Finnmark\" \/>\n<meta property=\"article:published_time\" content=\"2010-07-12T10:41:28+00:00\" \/>\n<meta name=\"author\" content=\"Svein Lund\" \/>\n<meta name=\"twitter:card\" content=\"summary_large_image\" \/>\n<meta name=\"twitter:label1\" content=\"Skrevet av\" \/>\n\t<meta name=\"twitter:data1\" content=\"Svein Lund\" \/>\n\t<meta name=\"twitter:label2\" content=\"Ansl. lesetid\" \/>\n\t<meta name=\"twitter:data2\" content=\"4 minutter\" \/>\n<script type=\"application\/ld+json\" class=\"yoast-schema-graph\">{\"@context\":\"https:\/\/schema.org\",\"@graph\":[{\"@type\":\"WebPage\",\"@id\":\"https:\/\/naturvernforbundet.no\/finnmark\/forslag-om-opprettelse-av-verneomrade-ved-goahteluoppal-horingsuttalelse-fra-naturvernforbundet-i-finnmark\/\",\"url\":\"https:\/\/naturvernforbundet.no\/finnmark\/forslag-om-opprettelse-av-verneomrade-ved-goahteluoppal-horingsuttalelse-fra-naturvernforbundet-i-finnmark\/\",\"name\":\"Forslag om opprettelse av verneomr\u00e5de ved Goahteluoppal H\u00f8ringsuttalelse fra Naturvernforbundet i Finnmark - Finnmark\",\"isPartOf\":{\"@id\":\"https:\/\/naturvernforbundet.no\/finnmark\/#website\"},\"datePublished\":\"2010-07-12T10:41:28+00:00\",\"author\":{\"@id\":\"https:\/\/naturvernforbundet.no\/finnmark\/#\/schema\/person\/bbc5425286f1a8d7abecbd801199a3ab\"},\"breadcrumb\":{\"@id\":\"https:\/\/naturvernforbundet.no\/finnmark\/forslag-om-opprettelse-av-verneomrade-ved-goahteluoppal-horingsuttalelse-fra-naturvernforbundet-i-finnmark\/#breadcrumb\"},\"inLanguage\":\"nb-NO\",\"potentialAction\":[{\"@type\":\"ReadAction\",\"target\":[\"https:\/\/naturvernforbundet.no\/finnmark\/forslag-om-opprettelse-av-verneomrade-ved-goahteluoppal-horingsuttalelse-fra-naturvernforbundet-i-finnmark\/\"]}]},{\"@type\":\"BreadcrumbList\",\"@id\":\"https:\/\/naturvernforbundet.no\/finnmark\/forslag-om-opprettelse-av-verneomrade-ved-goahteluoppal-horingsuttalelse-fra-naturvernforbundet-i-finnmark\/#breadcrumb\",\"itemListElement\":[{\"@type\":\"ListItem\",\"position\":1,\"name\":\"Till naturvernforbundet.no\",\"item\":\"https:\/\/naturvernforbundet.no\/\"},{\"@type\":\"ListItem\",\"position\":2,\"name\":\"Finnmark\",\"item\":\"https:\/\/naturvernforbundet.no\/finnmark\/\"},{\"@type\":\"ListItem\",\"position\":3,\"name\":\"Forslag om opprettelse av verneomr\u00e5de ved Goahteluoppal H\u00f8ringsuttalelse fra Naturvernforbundet i Finnmark\"}]},{\"@type\":\"WebSite\",\"@id\":\"https:\/\/naturvernforbundet.no\/finnmark\/#website\",\"url\":\"https:\/\/naturvernforbundet.no\/finnmark\/\",\"name\":\"Finnmark\",\"description\":\"Bare enda et Naturvernforbundet Sites-nettsted\",\"potentialAction\":[{\"@type\":\"SearchAction\",\"target\":{\"@type\":\"EntryPoint\",\"urlTemplate\":\"https:\/\/naturvernforbundet.no\/finnmark\/?s={search_term_string}\"},\"query-input\":{\"@type\":\"PropertyValueSpecification\",\"valueRequired\":true,\"valueName\":\"search_term_string\"}}],\"inLanguage\":\"nb-NO\"},{\"@type\":\"Person\",\"@id\":\"https:\/\/naturvernforbundet.no\/finnmark\/#\/schema\/person\/bbc5425286f1a8d7abecbd801199a3ab\",\"name\":\"Svein Lund\",\"image\":{\"@type\":\"ImageObject\",\"inLanguage\":\"nb-NO\",\"@id\":\"https:\/\/naturvernforbundet.no\/finnmark\/#\/schema\/person\/image\/\",\"url\":\"https:\/\/secure.gravatar.com\/avatar\/b0dc1b0158d5e6e61777bbb618e663ac?s=96&d=mm&r=g\",\"contentUrl\":\"https:\/\/secure.gravatar.com\/avatar\/b0dc1b0158d5e6e61777bbb618e663ac?s=96&d=mm&r=g\",\"caption\":\"Svein Lund\"},\"url\":\"https:\/\/naturvernforbundet.no\/finnmark\/author\/sveinlund\/\"}]}<\/script>\n<!-- \/ Yoast SEO plugin. -->","yoast_head_json":{"title":"Forslag om opprettelse av verneomr\u00e5de ved Goahteluoppal H\u00f8ringsuttalelse fra Naturvernforbundet i Finnmark - Finnmark","robots":{"index":"index","follow":"follow","max-snippet":"max-snippet:-1","max-image-preview":"max-image-preview:large","max-video-preview":"max-video-preview:-1"},"canonical":"https:\/\/naturvernforbundet.no\/finnmark\/forslag-om-opprettelse-av-verneomrade-ved-goahteluoppal-horingsuttalelse-fra-naturvernforbundet-i-finnmark\/","og_locale":"nb_NO","og_type":"article","og_title":"Forslag om opprettelse av verneomr\u00e5de ved Goahteluoppal H\u00f8ringsuttalelse fra Naturvernforbundet i Finnmark - Finnmark","og_description":"H\u00f8ringsuttalelse fra Naturvernforbundet i Finnmark. Sendt til Fylkesmannen i Finnmark 04.07.2010","og_url":"https:\/\/naturvernforbundet.no\/finnmark\/forslag-om-opprettelse-av-verneomrade-ved-goahteluoppal-horingsuttalelse-fra-naturvernforbundet-i-finnmark\/","og_site_name":"Finnmark","article_published_time":"2010-07-12T10:41:28+00:00","author":"Svein Lund","twitter_card":"summary_large_image","twitter_misc":{"Skrevet av":"Svein Lund","Ansl. lesetid":"4 minutter"},"schema":{"@context":"https:\/\/schema.org","@graph":[{"@type":"WebPage","@id":"https:\/\/naturvernforbundet.no\/finnmark\/forslag-om-opprettelse-av-verneomrade-ved-goahteluoppal-horingsuttalelse-fra-naturvernforbundet-i-finnmark\/","url":"https:\/\/naturvernforbundet.no\/finnmark\/forslag-om-opprettelse-av-verneomrade-ved-goahteluoppal-horingsuttalelse-fra-naturvernforbundet-i-finnmark\/","name":"Forslag om opprettelse av verneomr\u00e5de ved Goahteluoppal H\u00f8ringsuttalelse fra Naturvernforbundet i Finnmark - Finnmark","isPartOf":{"@id":"https:\/\/naturvernforbundet.no\/finnmark\/#website"},"datePublished":"2010-07-12T10:41:28+00:00","author":{"@id":"https:\/\/naturvernforbundet.no\/finnmark\/#\/schema\/person\/bbc5425286f1a8d7abecbd801199a3ab"},"breadcrumb":{"@id":"https:\/\/naturvernforbundet.no\/finnmark\/forslag-om-opprettelse-av-verneomrade-ved-goahteluoppal-horingsuttalelse-fra-naturvernforbundet-i-finnmark\/#breadcrumb"},"inLanguage":"nb-NO","potentialAction":[{"@type":"ReadAction","target":["https:\/\/naturvernforbundet.no\/finnmark\/forslag-om-opprettelse-av-verneomrade-ved-goahteluoppal-horingsuttalelse-fra-naturvernforbundet-i-finnmark\/"]}]},{"@type":"BreadcrumbList","@id":"https:\/\/naturvernforbundet.no\/finnmark\/forslag-om-opprettelse-av-verneomrade-ved-goahteluoppal-horingsuttalelse-fra-naturvernforbundet-i-finnmark\/#breadcrumb","itemListElement":[{"@type":"ListItem","position":1,"name":"Till naturvernforbundet.no","item":"https:\/\/naturvernforbundet.no\/"},{"@type":"ListItem","position":2,"name":"Finnmark","item":"https:\/\/naturvernforbundet.no\/finnmark\/"},{"@type":"ListItem","position":3,"name":"Forslag om opprettelse av verneomr\u00e5de ved Goahteluoppal H\u00f8ringsuttalelse fra Naturvernforbundet i Finnmark"}]},{"@type":"WebSite","@id":"https:\/\/naturvernforbundet.no\/finnmark\/#website","url":"https:\/\/naturvernforbundet.no\/finnmark\/","name":"Finnmark","description":"Bare enda et Naturvernforbundet Sites-nettsted","potentialAction":[{"@type":"SearchAction","target":{"@type":"EntryPoint","urlTemplate":"https:\/\/naturvernforbundet.no\/finnmark\/?s={search_term_string}"},"query-input":{"@type":"PropertyValueSpecification","valueRequired":true,"valueName":"search_term_string"}}],"inLanguage":"nb-NO"},{"@type":"Person","@id":"https:\/\/naturvernforbundet.no\/finnmark\/#\/schema\/person\/bbc5425286f1a8d7abecbd801199a3ab","name":"Svein Lund","image":{"@type":"ImageObject","inLanguage":"nb-NO","@id":"https:\/\/naturvernforbundet.no\/finnmark\/#\/schema\/person\/image\/","url":"https:\/\/secure.gravatar.com\/avatar\/b0dc1b0158d5e6e61777bbb618e663ac?s=96&d=mm&r=g","contentUrl":"https:\/\/secure.gravatar.com\/avatar\/b0dc1b0158d5e6e61777bbb618e663ac?s=96&d=mm&r=g","caption":"Svein Lund"},"url":"https:\/\/naturvernforbundet.no\/finnmark\/author\/sveinlund\/"}]}},"_links":{"self":[{"href":"https:\/\/naturvernforbundet.no\/finnmark\/wp-json\/wp\/v2\/posts\/889","targetHints":{"allow":["GET"]}}],"collection":[{"href":"https:\/\/naturvernforbundet.no\/finnmark\/wp-json\/wp\/v2\/posts"}],"about":[{"href":"https:\/\/naturvernforbundet.no\/finnmark\/wp-json\/wp\/v2\/types\/post"}],"author":[{"embeddable":true,"href":"https:\/\/naturvernforbundet.no\/finnmark\/wp-json\/wp\/v2\/users\/223"}],"replies":[{"embeddable":true,"href":"https:\/\/naturvernforbundet.no\/finnmark\/wp-json\/wp\/v2\/comments?post=889"}],"version-history":[{"count":0,"href":"https:\/\/naturvernforbundet.no\/finnmark\/wp-json\/wp\/v2\/posts\/889\/revisions"}],"wp:attachment":[{"href":"https:\/\/naturvernforbundet.no\/finnmark\/wp-json\/wp\/v2\/media?parent=889"}],"wp:term":[{"taxonomy":"category","embeddable":true,"href":"https:\/\/naturvernforbundet.no\/finnmark\/wp-json\/wp\/v2\/categories?post=889"},{"taxonomy":"post_tag","embeddable":true,"href":"https:\/\/naturvernforbundet.no\/finnmark\/wp-json\/wp\/v2\/tags?post=889"},{"taxonomy":"local","embeddable":true,"href":"https:\/\/naturvernforbundet.no\/finnmark\/wp-json\/wp\/v2\/local?post=889"}],"curies":[{"name":"wp","href":"https:\/\/api.w.org\/{rel}","templated":true}]}}