{"id":11814,"date":"2024-11-28T14:11:18","date_gmt":"2024-11-28T13:11:18","guid":{"rendered":"https:\/\/naturvernforbundet.no\/hordaland\/?p=11814"},"modified":"2024-11-28T14:17:05","modified_gmt":"2024-11-28T13:17:05","slug":"nyvalgt-nestleder-i-naturvernforbundet","status":"publish","type":"post","link":"https:\/\/naturvernforbundet.no\/hordaland\/nyvalgt-nestleder-i-naturvernforbundet\/","title":{"rendered":"Nyvalgt nestleder i Naturvernforbundet"},"content":{"rendered":"\t<div class=\"template-post alignnone wp-block-naturvern-hero\">\n\t\t<div class=\"hero__inner\">\n\t\t\t<div class=\"hero__inner_blocks\">\n\t\t\t\t\t\t\t\t\n<h1 class=\"wp-block-post-title\">Nyvalgt nestleder i Naturvernforbundet<\/h1>\n\n<div class=\"wp-block-post-excerpt\"><p class=\"wp-block-post-excerpt__excerpt\">Helene \u00d8dven fra Bergen ble valgt som nestleder i Naturvernforbundet. <\/p><\/div>\n\n<figure style=\"aspect-ratio:4\/3;\" class=\"wp-block-post-featured-image\"><div class=\"t2-image-credit\"><div class=\"t2-image-credit\"><img loading=\"lazy\" decoding=\"async\" width=\"1365\" height=\"1423\" src=\"https:\/\/naturvernforbundet.no\/content\/uploads\/sites\/13\/2024\/11\/Helene-Odven2-foto-Sveinung-Skjong-Arnestad-2-e1732799551873.jpg\" class=\"attachment-post-thumbnail size-post-thumbnail wp-post-image\" alt=\"Helene \u00d8dven er valgt som ny nestleder\" style=\"width:100%;height:100%;object-fit:cover;\" srcset=\"https:\/\/naturvernforbundet.no\/content\/uploads\/sites\/13\/2024\/11\/Helene-Odven2-foto-Sveinung-Skjong-Arnestad-2-e1732799551873.jpg 1365w, https:\/\/naturvernforbundet.no\/content\/uploads\/sites\/13\/2024\/11\/Helene-Odven2-foto-Sveinung-Skjong-Arnestad-2-e1732799551873-288x300.jpg 288w, https:\/\/naturvernforbundet.no\/content\/uploads\/sites\/13\/2024\/11\/Helene-Odven2-foto-Sveinung-Skjong-Arnestad-2-e1732799551873-982x1024.jpg 982w, https:\/\/naturvernforbundet.no\/content\/uploads\/sites\/13\/2024\/11\/Helene-Odven2-foto-Sveinung-Skjong-Arnestad-2-e1732799551873-768x801.jpg 768w\" sizes=\"auto, (max-width: 1365px) 100vw, 1365px\" \/><span class=\"t2-image-credit-name\">Foto: Sveinung Skjong-Arnestad<\/span><\/div><span class=\"t2-image-credit-name\">Foto: Sveinung Skjong-Arnestad<\/span><\/div><\/figure>\n\t\t\t<\/div>\n\t\t\t\t\t<\/div>\n\t\t\t<\/div>\n\t\n\n\n<div class=\"wp-block-media-text is-stacked-on-mobile is-image-fill\"><figure class=\"wp-block-media-text__media\" style=\"background-image:url(https:\/\/naturvernforbundet.no\/content\/uploads\/sites\/13\/2024\/11\/54129564199_189bc8c71e_k-1-1024x683.jpg);background-position:49% 33%\"><img loading=\"lazy\" decoding=\"async\" width=\"1024\" height=\"683\" src=\"https:\/\/naturvernforbundet.no\/content\/uploads\/sites\/13\/2024\/11\/54129564199_189bc8c71e_k-1-1024x683.jpg\" alt=\"\" class=\"wp-image-11816 size-full\" srcset=\"https:\/\/naturvernforbundet.no\/content\/uploads\/sites\/13\/2024\/11\/54129564199_189bc8c71e_k-1-1024x683.jpg 1024w, https:\/\/naturvernforbundet.no\/content\/uploads\/sites\/13\/2024\/11\/54129564199_189bc8c71e_k-1-300x200.jpg 300w, https:\/\/naturvernforbundet.no\/content\/uploads\/sites\/13\/2024\/11\/54129564199_189bc8c71e_k-1-768x512.jpg 768w, https:\/\/naturvernforbundet.no\/content\/uploads\/sites\/13\/2024\/11\/54129564199_189bc8c71e_k-1-1536x1024.jpg 1536w, https:\/\/naturvernforbundet.no\/content\/uploads\/sites\/13\/2024\/11\/54129564199_189bc8c71e_k-1-1920x1280.jpg 1920w, https:\/\/naturvernforbundet.no\/content\/uploads\/sites\/13\/2024\/11\/54129564199_189bc8c71e_k-1.jpg 2048w\" sizes=\"auto, (max-width: 1024px) 100vw, 1024px\" \/><\/figure><div class=\"wp-block-media-text__content\">\n<p>Naturvernforbundet gjennomf\u00f8rte sitt landsm\u00f8te i Trondheim 8. &#8211; 10. november. <\/p>\n\n\n\n<p>Der ble Truls Gulowsen gjenvalgt som leder og Pernille Bonnevie Hansen som nestleder. I tillegg ble Helene \u00d8dven fra Bergen valgt som nestleder nummer to. <\/p>\n<\/div><\/div>\n\n\n\n<p>Helene \u00d8dven har bakgrunn fra reiseliv og media, og har de siste \u00e5rene jobbet mye med b\u00e6rekraft og naturvern i Den norske turistforening som leder for Bergen og Hordaland Turlag. Hun sitter ogs\u00e5 i styret i Naturvernforbundet Hordaland.<\/p>\n\n\n\n<p>&#8211; Jeg \u00f8nsker \u00e5 bidra til at vi tar bedre vare p\u00e5 naturen v\u00e5r, og at vi utvikler et samfunn som spiller p\u00e5 lag med naturen med redusert forbruk. Fornybar energi er en knapp ressurs, og det blir viktig \u00e5 prioritere hva vi skal bruke den fornybare krafta v\u00e5r p\u00e5. Vi m\u00e5 s\u00f8rge for \u00e5 stoppe bit-for-bit-nedbyggingen av naturen v\u00e5r, sier \u00d8dven.<\/p>\n\n\n\n<div class=\"wp-block-buttons is-layout-flex wp-block-buttons-is-layout-flex\">\n<div class=\"wp-block-button is-style-link\"><a class=\"wp-block-button__link wp-element-button\" href=\"https:\/\/naturvernforbundet.no\/om-oss\/uttalelser-fra-styrende-organer\/\">Les uttalelser fra landsstyrem\u00f8ter og landsm\u00f8ter<\/a><\/div>\n<\/div>\n\n\n\n<p>\u2013 Jeg har v\u00e6rt opptatt av \u00e5 f\u00e5 vernet mer natur, og det var en stor seier n\u00e5r vi fikk vernet \u00d8ystesevassdraget i Hardanger, og hindret vindkraftanlegg i omr\u00e5der med viktige natur-, friluftslivs og landskapsverdier, slik som p\u00e5 Bremangerlandet, sier \u00d8dven. <\/p>\n\n\n\n<div class=\"wp-block-group alignwide is-layout-constrained wp-block-group-is-layout-constrained\">\n<div class=\"wp-block-group alignwide is-layout-constrained wp-block-group-is-layout-constrained\">\n<h2 class=\"wp-block-heading has-text-align-center\" id=\"artikler-fra-hordaland\">Artikler fra Hordaland<\/h2>\n\n\n<div class=\"t2-featured-content-layout alignwide alignwide wp-block-t2-featured-content-layout\">\n<div class=\"t2-featured-query-post t2-featured-content is-post-type-post category-aktuelt category-skogsbilvei local-bergen wp-block-t2-featured-query-post\"><a class=\"t2-post-link wp-block-t2-post-link\" href=\"https:\/\/naturvernforbundet.no\/hordaland\/nei-takk-digranes-vi-har-sett-nok\/\">\n<figure style=\"--t2-focal-point: 50% 50%;\" class=\"t2-post-featured-image has-image-ratio-4-3 wp-block-t2-post-featured-image\"><img loading=\"lazy\" decoding=\"async\" width=\"2560\" height=\"1920\" src=\"https:\/\/naturvernforbundet.no\/content\/uploads\/sites\/13\/2026\/09\/Bilde-1-Fanafjellet-scaled.jpg\" class=\"attachment-post-thumbnail size-post-thumbnail wp-post-image\" alt=\"Fanafjellet, 2018\" srcset=\"https:\/\/naturvernforbundet.no\/content\/uploads\/sites\/13\/2026\/09\/Bilde-1-Fanafjellet-scaled.jpg 2560w, https:\/\/naturvernforbundet.no\/content\/uploads\/sites\/13\/2026\/09\/Bilde-1-Fanafjellet-300x225.jpg 300w, https:\/\/naturvernforbundet.no\/content\/uploads\/sites\/13\/2026\/09\/Bilde-1-Fanafjellet-1024x768.jpg 1024w, https:\/\/naturvernforbundet.no\/content\/uploads\/sites\/13\/2026\/09\/Bilde-1-Fanafjellet-768x576.jpg 768w, https:\/\/naturvernforbundet.no\/content\/uploads\/sites\/13\/2026\/09\/Bilde-1-Fanafjellet-1536x1152.jpg 1536w, https:\/\/naturvernforbundet.no\/content\/uploads\/sites\/13\/2026\/09\/Bilde-1-Fanafjellet-2048x1536.jpg 2048w, https:\/\/naturvernforbundet.no\/content\/uploads\/sites\/13\/2026\/09\/Bilde-1-Fanafjellet-1920x1440.jpg 1920w\" sizes=\"auto, (max-width: 2560px) 100vw, 2560px\" \/><\/figure>\n\n<div class=\"wp-block-group alignfull is-layout-flow wp-block-group-is-layout-flow\">\n\t<h2 class=\"t2-post-title wp-block-t2-post-title\">Nei takk, Digranes \u2013 vi har sett nok<\/h2>\n\t<p class=\"wp-block-naturvern-post-excerpt\">Reidar Digranes (Sp) \u00f8nsker seg makt over skogsbilveiene, men makter ikke \u00e5 rydde opp i milj\u00f8forurensningen.<\/p>\n<\/div>\n\n<\/a>\n<\/div>\n\n<div class=\"t2-featured-query-post t2-featured-content is-post-type-post category-aktuelt wp-block-t2-featured-query-post\"><a class=\"t2-post-link wp-block-t2-post-link\" href=\"https:\/\/naturvernforbundet.no\/hordaland\/takk-for-alt\/\">\n<figure style=\"--t2-focal-point: 50% 50%;\" class=\"t2-post-featured-image has-image-ratio-4-3 wp-block-t2-post-featured-image\"><img loading=\"lazy\" decoding=\"async\" width=\"2048\" height=\"1366\" src=\"https:\/\/naturvernforbundet.no\/content\/uploads\/sites\/13\/2026\/08\/789594451_1542196221277541_1211379475370230879_n.jpg\" class=\"attachment-post-thumbnail size-post-thumbnail wp-post-image\" alt=\"\" srcset=\"https:\/\/naturvernforbundet.no\/content\/uploads\/sites\/13\/2026\/08\/789594451_1542196221277541_1211379475370230879_n.jpg 2048w, https:\/\/naturvernforbundet.no\/content\/uploads\/sites\/13\/2026\/08\/789594451_1542196221277541_1211379475370230879_n-300x200.jpg 300w, https:\/\/naturvernforbundet.no\/content\/uploads\/sites\/13\/2026\/08\/789594451_1542196221277541_1211379475370230879_n-1024x683.jpg 1024w, https:\/\/naturvernforbundet.no\/content\/uploads\/sites\/13\/2026\/08\/789594451_1542196221277541_1211379475370230879_n-768x512.jpg 768w, https:\/\/naturvernforbundet.no\/content\/uploads\/sites\/13\/2026\/08\/789594451_1542196221277541_1211379475370230879_n-1536x1025.jpg 1536w, https:\/\/naturvernforbundet.no\/content\/uploads\/sites\/13\/2026\/08\/789594451_1542196221277541_1211379475370230879_n-1920x1281.jpg 1920w\" sizes=\"auto, (max-width: 2048px) 100vw, 2048px\" \/><\/figure>\n\n<div class=\"wp-block-group alignfull is-layout-flow wp-block-group-is-layout-flow\">\n\t<h2 class=\"t2-post-title wp-block-t2-post-title\">Takk for alt<\/h2>\n\t<p class=\"wp-block-naturvern-post-excerpt\">Vi s\u00f8rger sammen med resten av folket i dag.<\/p>\n<\/div>\n\n<\/a>\n<\/div>\n\n<div class=\"t2-featured-query-post t2-featured-content is-post-type-post category-aktuelt category-kulturlandskap category-naturmangfold local-askoy local-bergen local-bjornafjorden wp-block-t2-featured-query-post\"><a class=\"t2-post-link wp-block-t2-post-link\" href=\"https:\/\/naturvernforbundet.no\/hordaland\/kartleggingssamling-i-sommer\/\">\n<figure style=\"--t2-focal-point: 50% 50%;\" class=\"t2-post-featured-image has-image-ratio-4-3 wp-block-t2-post-featured-image\"><img loading=\"lazy\" decoding=\"async\" width=\"1920\" height=\"1280\" src=\"https:\/\/naturvernforbundet.no\/content\/uploads\/sites\/13\/2026\/08\/DSC01177.jpg\" class=\"attachment-post-thumbnail size-post-thumbnail wp-post-image\" alt=\"Storhaugen, Bj\u00f8rnafjorden\" srcset=\"https:\/\/naturvernforbundet.no\/content\/uploads\/sites\/13\/2026\/08\/DSC01177.jpg 1920w, https:\/\/naturvernforbundet.no\/content\/uploads\/sites\/13\/2026\/08\/DSC01177-300x200.jpg 300w, https:\/\/naturvernforbundet.no\/content\/uploads\/sites\/13\/2026\/08\/DSC01177-1024x683.jpg 1024w, https:\/\/naturvernforbundet.no\/content\/uploads\/sites\/13\/2026\/08\/DSC01177-768x512.jpg 768w, https:\/\/naturvernforbundet.no\/content\/uploads\/sites\/13\/2026\/08\/DSC01177-1536x1024.jpg 1536w\" sizes=\"auto, (max-width: 1920px) 100vw, 1920px\" \/><\/figure>\n\n<div class=\"wp-block-group alignfull is-layout-flow wp-block-group-is-layout-flow\">\n\t<h2 class=\"t2-post-title wp-block-t2-post-title\">Kartleggingssommer<\/h2>\n\t<p class=\"wp-block-naturvern-post-excerpt\">Vi kartla utbyggingstruet natur i Bj\u00f8rnafjorden, Bergen og Ask\u00f8y i sommer. Se bildene!<\/p>\n<\/div>\n\n<\/a>\n<\/div>\n<\/div><\/div>\n<\/div>\n","protected":false},"excerpt":{"rendered":"<p>Helene \u00d8dven fra Bergen ble valgt som nestleder i Naturvernforbundet.<\/p>\n","protected":false},"author":185,"featured_media":11815,"comment_status":"closed","ping_status":"closed","sticky":false,"template":"","format":"standard","meta":{"_relevanssi_hide_post":"","_relevanssi_hide_content":"","_relevanssi_pin_for_all":"","_relevanssi_pin_keywords":"","_relevanssi_unpin_keywords":"","_relevanssi_related_keywords":"","_relevanssi_related_include_ids":"","_relevanssi_related_exclude_ids":"","_relevanssi_related_no_append":"","_relevanssi_related_not_related":"","_relevanssi_related_posts":"10776,2262,9243,9233,10566,8253","_relevanssi_noindex_reason":"","t2_featured_media_focal_point":{"x":0.5,"y":0.5},"hide_logo":false,"footnotes":"","_members_access_role":[],"_members_access_error":""},"categories":[68],"local":[],"class_list":["post-11814","post","type-post","status-publish","format-standard","has-post-thumbnail","hentry","category-aktuelt"],"acf":[],"yoast_head":"<!-- This site is optimized with the Yoast SEO plugin v24.9 - https:\/\/yoast.com\/wordpress\/plugins\/seo\/ -->\n<title>Nyvalgt nestleder i Naturvernforbundet - Hordaland<\/title>\n<meta name=\"robots\" content=\"index, follow, max-snippet:-1, max-image-preview:large, max-video-preview:-1\" \/>\n<link rel=\"canonical\" href=\"https:\/\/naturvernforbundet.no\/hordaland\/nyvalgt-nestleder-i-naturvernforbundet\/\" \/>\n<meta property=\"og:locale\" content=\"nb_NO\" \/>\n<meta property=\"og:type\" content=\"article\" \/>\n<meta property=\"og:title\" content=\"Nyvalgt nestleder i Naturvernforbundet - Hordaland\" \/>\n<meta property=\"og:description\" content=\"Helene \u00d8dven fra Bergen ble valgt som nestleder i Naturvernforbundet.\" \/>\n<meta property=\"og:url\" content=\"https:\/\/naturvernforbundet.no\/hordaland\/nyvalgt-nestleder-i-naturvernforbundet\/\" \/>\n<meta property=\"og:site_name\" content=\"Hordaland\" \/>\n<meta property=\"article:publisher\" content=\"https:\/\/www.facebook.com\/naturvernforbundet.hordaland\" \/>\n<meta property=\"article:published_time\" content=\"2024-11-28T13:11:18+00:00\" \/>\n<meta property=\"article:modified_time\" content=\"2024-11-28T13:17:05+00:00\" \/>\n<meta property=\"og:image\" content=\"https:\/\/naturvernforbundet.no\/content\/uploads\/sites\/13\/2024\/11\/Helene-Odven2-foto-Sveinung-Skjong-Arnestad-2-e1732799551873.jpg\" \/>\n\t<meta property=\"og:image:width\" content=\"1365\" \/>\n\t<meta property=\"og:image:height\" content=\"1423\" \/>\n\t<meta property=\"og:image:type\" content=\"image\/jpeg\" \/>\n<meta name=\"author\" content=\"Mona Maria L\u00f8berg\" \/>\n<meta name=\"twitter:card\" content=\"summary_large_image\" \/>\n<meta name=\"twitter:label1\" content=\"Skrevet av\" \/>\n\t<meta name=\"twitter:data1\" content=\"Mona Maria L\u00f8berg\" \/>\n\t<meta name=\"twitter:label2\" content=\"Ansl. lesetid\" \/>\n\t<meta name=\"twitter:data2\" content=\"1 minutt\" \/>\n<script type=\"application\/ld+json\" class=\"yoast-schema-graph\">{\"@context\":\"https:\/\/schema.org\",\"@graph\":[{\"@type\":\"Article\",\"@id\":\"https:\/\/naturvernforbundet.no\/hordaland\/nyvalgt-nestleder-i-naturvernforbundet\/#article\",\"isPartOf\":{\"@id\":\"https:\/\/naturvernforbundet.no\/hordaland\/nyvalgt-nestleder-i-naturvernforbundet\/\"},\"author\":{\"name\":\"Mona Maria L\u00f8berg\",\"@id\":\"https:\/\/naturvernforbundet.no\/hordaland\/#\/schema\/person\/2b4f064c76270324a903c0a70e9f6afd\"},\"headline\":\"Nyvalgt nestleder i Naturvernforbundet\",\"datePublished\":\"2024-11-28T13:11:18+00:00\",\"dateModified\":\"2024-11-28T13:17:05+00:00\",\"mainEntityOfPage\":{\"@id\":\"https:\/\/naturvernforbundet.no\/hordaland\/nyvalgt-nestleder-i-naturvernforbundet\/\"},\"wordCount\":191,\"publisher\":{\"@id\":\"https:\/\/naturvernforbundet.no\/hordaland\/#organization\"},\"image\":{\"@id\":\"https:\/\/naturvernforbundet.no\/hordaland\/nyvalgt-nestleder-i-naturvernforbundet\/#primaryimage\"},\"thumbnailUrl\":\"https:\/\/naturvernforbundet.no\/content\/uploads\/sites\/13\/2024\/11\/Helene-Odven2-foto-Sveinung-Skjong-Arnestad-2-e1732799551873.jpg\",\"articleSection\":[\"Aktuelt\"],\"inLanguage\":\"nb-NO\"},{\"@type\":\"WebPage\",\"@id\":\"https:\/\/naturvernforbundet.no\/hordaland\/nyvalgt-nestleder-i-naturvernforbundet\/\",\"url\":\"https:\/\/naturvernforbundet.no\/hordaland\/nyvalgt-nestleder-i-naturvernforbundet\/\",\"name\":\"Nyvalgt nestleder i Naturvernforbundet - Hordaland\",\"isPartOf\":{\"@id\":\"https:\/\/naturvernforbundet.no\/hordaland\/#website\"},\"primaryImageOfPage\":{\"@id\":\"https:\/\/naturvernforbundet.no\/hordaland\/nyvalgt-nestleder-i-naturvernforbundet\/#primaryimage\"},\"image\":{\"@id\":\"https:\/\/naturvernforbundet.no\/hordaland\/nyvalgt-nestleder-i-naturvernforbundet\/#primaryimage\"},\"thumbnailUrl\":\"https:\/\/naturvernforbundet.no\/content\/uploads\/sites\/13\/2024\/11\/Helene-Odven2-foto-Sveinung-Skjong-Arnestad-2-e1732799551873.jpg\",\"datePublished\":\"2024-11-28T13:11:18+00:00\",\"dateModified\":\"2024-11-28T13:17:05+00:00\",\"breadcrumb\":{\"@id\":\"https:\/\/naturvernforbundet.no\/hordaland\/nyvalgt-nestleder-i-naturvernforbundet\/#breadcrumb\"},\"inLanguage\":\"nb-NO\",\"potentialAction\":[{\"@type\":\"ReadAction\",\"target\":[\"https:\/\/naturvernforbundet.no\/hordaland\/nyvalgt-nestleder-i-naturvernforbundet\/\"]}]},{\"@type\":\"ImageObject\",\"inLanguage\":\"nb-NO\",\"@id\":\"https:\/\/naturvernforbundet.no\/hordaland\/nyvalgt-nestleder-i-naturvernforbundet\/#primaryimage\",\"url\":\"https:\/\/naturvernforbundet.no\/content\/uploads\/sites\/13\/2024\/11\/Helene-Odven2-foto-Sveinung-Skjong-Arnestad-2-e1732799551873.jpg\",\"contentUrl\":\"https:\/\/naturvernforbundet.no\/content\/uploads\/sites\/13\/2024\/11\/Helene-Odven2-foto-Sveinung-Skjong-Arnestad-2-e1732799551873.jpg\",\"width\":1365,\"height\":1423,\"caption\":\"Helene \u00d8dven er valgt som ny nestleder\"},{\"@type\":\"BreadcrumbList\",\"@id\":\"https:\/\/naturvernforbundet.no\/hordaland\/nyvalgt-nestleder-i-naturvernforbundet\/#breadcrumb\",\"itemListElement\":[{\"@type\":\"ListItem\",\"position\":1,\"name\":\"Till naturvernforbundet.no\",\"item\":\"https:\/\/naturvernforbundet.no\/\"},{\"@type\":\"ListItem\",\"position\":2,\"name\":\"Hordaland\",\"item\":\"https:\/\/naturvernforbundet.no\/hordaland\/\"},{\"@type\":\"ListItem\",\"position\":3,\"name\":\"Nyvalgt nestleder i Naturvernforbundet\"}]},{\"@type\":\"WebSite\",\"@id\":\"https:\/\/naturvernforbundet.no\/hordaland\/#website\",\"url\":\"https:\/\/naturvernforbundet.no\/hordaland\/\",\"name\":\"Hordaland\",\"description\":\"\",\"publisher\":{\"@id\":\"https:\/\/naturvernforbundet.no\/hordaland\/#organization\"},\"potentialAction\":[{\"@type\":\"SearchAction\",\"target\":{\"@type\":\"EntryPoint\",\"urlTemplate\":\"https:\/\/naturvernforbundet.no\/hordaland\/?s={search_term_string}\"},\"query-input\":{\"@type\":\"PropertyValueSpecification\",\"valueRequired\":true,\"valueName\":\"search_term_string\"}}],\"inLanguage\":\"nb-NO\"},{\"@type\":\"Organization\",\"@id\":\"https:\/\/naturvernforbundet.no\/hordaland\/#organization\",\"name\":\"Naturvernforbundet Hordaland\",\"url\":\"https:\/\/naturvernforbundet.no\/hordaland\/\",\"logo\":{\"@type\":\"ImageObject\",\"inLanguage\":\"nb-NO\",\"@id\":\"https:\/\/naturvernforbundet.no\/hordaland\/#\/schema\/logo\/image\/\",\"url\":\"https:\/\/naturvernforbundet.no\/content\/uploads\/sites\/13\/2022\/11\/Logo_Hordaland_transparent.png\",\"contentUrl\":\"https:\/\/naturvernforbundet.no\/content\/uploads\/sites\/13\/2022\/11\/Logo_Hordaland_transparent.png\",\"width\":1095,\"height\":203,\"caption\":\"Naturvernforbundet Hordaland\"},\"image\":{\"@id\":\"https:\/\/naturvernforbundet.no\/hordaland\/#\/schema\/logo\/image\/\"},\"sameAs\":[\"https:\/\/www.facebook.com\/naturvernforbundet.hordaland\",\"https:\/\/www.instagram.com\/naturvern_hordaland\/\",\"https:\/\/www.flickr.com\/photos\/naturvernforbundet_hordaland\/\"]},{\"@type\":\"Person\",\"@id\":\"https:\/\/naturvernforbundet.no\/hordaland\/#\/schema\/person\/2b4f064c76270324a903c0a70e9f6afd\",\"name\":\"Mona Maria L\u00f8berg\",\"image\":{\"@type\":\"ImageObject\",\"inLanguage\":\"nb-NO\",\"@id\":\"https:\/\/naturvernforbundet.no\/hordaland\/#\/schema\/person\/image\/\",\"url\":\"https:\/\/secure.gravatar.com\/avatar\/b7d3282848b65fe5d48ca594f5a7108b?s=96&d=mm&r=g\",\"contentUrl\":\"https:\/\/secure.gravatar.com\/avatar\/b7d3282848b65fe5d48ca594f5a7108b?s=96&d=mm&r=g\",\"caption\":\"Mona Maria L\u00f8berg\"},\"sameAs\":[\"instagram.com\/manamoria\"],\"url\":\"https:\/\/naturvernforbundet.no\/hordaland\/author\/monamarialoberg\/\"}]}<\/script>\n<!-- \/ Yoast SEO plugin. -->","yoast_head_json":{"title":"Nyvalgt nestleder i Naturvernforbundet - Hordaland","robots":{"index":"index","follow":"follow","max-snippet":"max-snippet:-1","max-image-preview":"max-image-preview:large","max-video-preview":"max-video-preview:-1"},"canonical":"https:\/\/naturvernforbundet.no\/hordaland\/nyvalgt-nestleder-i-naturvernforbundet\/","og_locale":"nb_NO","og_type":"article","og_title":"Nyvalgt nestleder i Naturvernforbundet - Hordaland","og_description":"Helene \u00d8dven fra Bergen ble valgt som nestleder i Naturvernforbundet.","og_url":"https:\/\/naturvernforbundet.no\/hordaland\/nyvalgt-nestleder-i-naturvernforbundet\/","og_site_name":"Hordaland","article_publisher":"https:\/\/www.facebook.com\/naturvernforbundet.hordaland","article_published_time":"2024-11-28T13:11:18+00:00","article_modified_time":"2024-11-28T13:17:05+00:00","og_image":[{"width":1365,"height":1423,"url":"https:\/\/naturvernforbundet.no\/content\/uploads\/sites\/13\/2024\/11\/Helene-Odven2-foto-Sveinung-Skjong-Arnestad-2-e1732799551873.jpg","type":"image\/jpeg"}],"author":"Mona Maria L\u00f8berg","twitter_card":"summary_large_image","twitter_misc":{"Skrevet av":"Mona Maria L\u00f8berg","Ansl. lesetid":"1 minutt"},"schema":{"@context":"https:\/\/schema.org","@graph":[{"@type":"Article","@id":"https:\/\/naturvernforbundet.no\/hordaland\/nyvalgt-nestleder-i-naturvernforbundet\/#article","isPartOf":{"@id":"https:\/\/naturvernforbundet.no\/hordaland\/nyvalgt-nestleder-i-naturvernforbundet\/"},"author":{"name":"Mona Maria L\u00f8berg","@id":"https:\/\/naturvernforbundet.no\/hordaland\/#\/schema\/person\/2b4f064c76270324a903c0a70e9f6afd"},"headline":"Nyvalgt nestleder i Naturvernforbundet","datePublished":"2024-11-28T13:11:18+00:00","dateModified":"2024-11-28T13:17:05+00:00","mainEntityOfPage":{"@id":"https:\/\/naturvernforbundet.no\/hordaland\/nyvalgt-nestleder-i-naturvernforbundet\/"},"wordCount":191,"publisher":{"@id":"https:\/\/naturvernforbundet.no\/hordaland\/#organization"},"image":{"@id":"https:\/\/naturvernforbundet.no\/hordaland\/nyvalgt-nestleder-i-naturvernforbundet\/#primaryimage"},"thumbnailUrl":"https:\/\/naturvernforbundet.no\/content\/uploads\/sites\/13\/2024\/11\/Helene-Odven2-foto-Sveinung-Skjong-Arnestad-2-e1732799551873.jpg","articleSection":["Aktuelt"],"inLanguage":"nb-NO"},{"@type":"WebPage","@id":"https:\/\/naturvernforbundet.no\/hordaland\/nyvalgt-nestleder-i-naturvernforbundet\/","url":"https:\/\/naturvernforbundet.no\/hordaland\/nyvalgt-nestleder-i-naturvernforbundet\/","name":"Nyvalgt nestleder i Naturvernforbundet - Hordaland","isPartOf":{"@id":"https:\/\/naturvernforbundet.no\/hordaland\/#website"},"primaryImageOfPage":{"@id":"https:\/\/naturvernforbundet.no\/hordaland\/nyvalgt-nestleder-i-naturvernforbundet\/#primaryimage"},"image":{"@id":"https:\/\/naturvernforbundet.no\/hordaland\/nyvalgt-nestleder-i-naturvernforbundet\/#primaryimage"},"thumbnailUrl":"https:\/\/naturvernforbundet.no\/content\/uploads\/sites\/13\/2024\/11\/Helene-Odven2-foto-Sveinung-Skjong-Arnestad-2-e1732799551873.jpg","datePublished":"2024-11-28T13:11:18+00:00","dateModified":"2024-11-28T13:17:05+00:00","breadcrumb":{"@id":"https:\/\/naturvernforbundet.no\/hordaland\/nyvalgt-nestleder-i-naturvernforbundet\/#breadcrumb"},"inLanguage":"nb-NO","potentialAction":[{"@type":"ReadAction","target":["https:\/\/naturvernforbundet.no\/hordaland\/nyvalgt-nestleder-i-naturvernforbundet\/"]}]},{"@type":"ImageObject","inLanguage":"nb-NO","@id":"https:\/\/naturvernforbundet.no\/hordaland\/nyvalgt-nestleder-i-naturvernforbundet\/#primaryimage","url":"https:\/\/naturvernforbundet.no\/content\/uploads\/sites\/13\/2024\/11\/Helene-Odven2-foto-Sveinung-Skjong-Arnestad-2-e1732799551873.jpg","contentUrl":"https:\/\/naturvernforbundet.no\/content\/uploads\/sites\/13\/2024\/11\/Helene-Odven2-foto-Sveinung-Skjong-Arnestad-2-e1732799551873.jpg","width":1365,"height":1423,"caption":"Helene \u00d8dven er valgt som ny nestleder"},{"@type":"BreadcrumbList","@id":"https:\/\/naturvernforbundet.no\/hordaland\/nyvalgt-nestleder-i-naturvernforbundet\/#breadcrumb","itemListElement":[{"@type":"ListItem","position":1,"name":"Till naturvernforbundet.no","item":"https:\/\/naturvernforbundet.no\/"},{"@type":"ListItem","position":2,"name":"Hordaland","item":"https:\/\/naturvernforbundet.no\/hordaland\/"},{"@type":"ListItem","position":3,"name":"Nyvalgt nestleder i Naturvernforbundet"}]},{"@type":"WebSite","@id":"https:\/\/naturvernforbundet.no\/hordaland\/#website","url":"https:\/\/naturvernforbundet.no\/hordaland\/","name":"Hordaland","description":"","publisher":{"@id":"https:\/\/naturvernforbundet.no\/hordaland\/#organization"},"potentialAction":[{"@type":"SearchAction","target":{"@type":"EntryPoint","urlTemplate":"https:\/\/naturvernforbundet.no\/hordaland\/?s={search_term_string}"},"query-input":{"@type":"PropertyValueSpecification","valueRequired":true,"valueName":"search_term_string"}}],"inLanguage":"nb-NO"},{"@type":"Organization","@id":"https:\/\/naturvernforbundet.no\/hordaland\/#organization","name":"Naturvernforbundet Hordaland","url":"https:\/\/naturvernforbundet.no\/hordaland\/","logo":{"@type":"ImageObject","inLanguage":"nb-NO","@id":"https:\/\/naturvernforbundet.no\/hordaland\/#\/schema\/logo\/image\/","url":"https:\/\/naturvernforbundet.no\/content\/uploads\/sites\/13\/2022\/11\/Logo_Hordaland_transparent.png","contentUrl":"https:\/\/naturvernforbundet.no\/content\/uploads\/sites\/13\/2022\/11\/Logo_Hordaland_transparent.png","width":1095,"height":203,"caption":"Naturvernforbundet Hordaland"},"image":{"@id":"https:\/\/naturvernforbundet.no\/hordaland\/#\/schema\/logo\/image\/"},"sameAs":["https:\/\/www.facebook.com\/naturvernforbundet.hordaland","https:\/\/www.instagram.com\/naturvern_hordaland\/","https:\/\/www.flickr.com\/photos\/naturvernforbundet_hordaland\/"]},{"@type":"Person","@id":"https:\/\/naturvernforbundet.no\/hordaland\/#\/schema\/person\/2b4f064c76270324a903c0a70e9f6afd","name":"Mona Maria L\u00f8berg","image":{"@type":"ImageObject","inLanguage":"nb-NO","@id":"https:\/\/naturvernforbundet.no\/hordaland\/#\/schema\/person\/image\/","url":"https:\/\/secure.gravatar.com\/avatar\/b7d3282848b65fe5d48ca594f5a7108b?s=96&d=mm&r=g","contentUrl":"https:\/\/secure.gravatar.com\/avatar\/b7d3282848b65fe5d48ca594f5a7108b?s=96&d=mm&r=g","caption":"Mona Maria L\u00f8berg"},"sameAs":["instagram.com\/manamoria"],"url":"https:\/\/naturvernforbundet.no\/hordaland\/author\/monamarialoberg\/"}]}},"_links":{"self":[{"href":"https:\/\/naturvernforbundet.no\/hordaland\/wp-json\/wp\/v2\/posts\/11814","targetHints":{"allow":["GET"]}}],"collection":[{"href":"https:\/\/naturvernforbundet.no\/hordaland\/wp-json\/wp\/v2\/posts"}],"about":[{"href":"https:\/\/naturvernforbundet.no\/hordaland\/wp-json\/wp\/v2\/types\/post"}],"author":[{"embeddable":true,"href":"https:\/\/naturvernforbundet.no\/hordaland\/wp-json\/wp\/v2\/users\/185"}],"replies":[{"embeddable":true,"href":"https:\/\/naturvernforbundet.no\/hordaland\/wp-json\/wp\/v2\/comments?post=11814"}],"version-history":[{"count":4,"href":"https:\/\/naturvernforbundet.no\/hordaland\/wp-json\/wp\/v2\/posts\/11814\/revisions"}],"predecessor-version":[{"id":11822,"href":"https:\/\/naturvernforbundet.no\/hordaland\/wp-json\/wp\/v2\/posts\/11814\/revisions\/11822"}],"wp:featuredmedia":[{"embeddable":true,"href":"https:\/\/naturvernforbundet.no\/hordaland\/wp-json\/wp\/v2\/media\/11815"}],"wp:attachment":[{"href":"https:\/\/naturvernforbundet.no\/hordaland\/wp-json\/wp\/v2\/media?parent=11814"}],"wp:term":[{"taxonomy":"category","embeddable":true,"href":"https:\/\/naturvernforbundet.no\/hordaland\/wp-json\/wp\/v2\/categories?post=11814"},{"taxonomy":"local","embeddable":true,"href":"https:\/\/naturvernforbundet.no\/hordaland\/wp-json\/wp\/v2\/local?post=11814"}],"curies":[{"name":"wp","href":"https:\/\/api.w.org\/{rel}","templated":true}]}}