{"id":12878,"date":"2025-02-04T08:56:37","date_gmt":"2025-02-04T07:56:37","guid":{"rendered":"https:\/\/naturvernforbundet.no\/hordaland\/?p=12878"},"modified":"2025-03-24T11:00:54","modified_gmt":"2025-03-24T10:00:54","slug":"kraftlinje-samnanger-kollsnes","status":"publish","type":"post","link":"https:\/\/naturvernforbundet.no\/hordaland\/kraftlinje-samnanger-kollsnes\/","title":{"rendered":"Kraftlinje Samnanger-Kollsnes"},"content":{"rendered":"\t<div style=\"--t2-story-hero-dim:0.5\" class=\"alignfull has-media wp-block-t2-story-hero\">\n\t\t<div class=\"t2-story-hero__content-wrap\">\n\t\t\t<h1 class=\"wp-block-post-title\">Kraftlinje Samnanger-Kollsnes<\/h1>\n\n<p>Det er ikke behov for en ny kraftlinje gjennom naturen i Nordhordland. <\/p>\n\n\t\t\t<div class=\"button-wrapper\">\n\t\t\t\t<button class=\"t2-story-hero__read-more\" type=\"button\">\n\t\t\t\t\t<span class=\"screen-reader-text\">Les mer<\/span>\n\t\t\t\t\t<svg xmlns=\"http:\/\/www.w3.org\/2000\/svg\" viewBox=\"0 0 24 24\" height=\"24\" width=\"24\" class=\"t2-icon t2-icon-chevrondown\" aria-hidden=\"true\" focusable=\"false\"><path d=\"M12 14.9c-.1 0-.3 0-.4-.1-.1 0-.2-.1-.3-.2L6.7 10c-.2-.1-.3-.4-.3-.6 0-.3.1-.5.3-.7.2-.2.4-.3.7-.3s.5.1.7.3l3.9 3.9 3.9-3.9c.2-.2.4-.3.7-.3.3 0 .5.1.7.3.2.2.3.4.3.7s-.1.5-.3.7l-4.6 4.6c-.1.1-.2.2-.3.2H12z\" \/><\/svg>\t\t\t\t<\/button>\n\t\t\t<\/div>\n\t\t<\/div>\n\t\t\t\t\t<div class=\"t2-story-hero__media-wrap\">\n\t\t\t\t<img loading=\"lazy\" decoding=\"async\" width=\"2560\" height=\"1917\" src=\"https:\/\/naturvernforbundet.no\/content\/uploads\/sites\/13\/2025\/01\/Fakkeltog-mot-mastene.-Foto-av-Ruben-Soltvedt-for-NEI-til-monstermaster-scaled.jpg\" class=\"attachment-scaled size-scaled\" alt=\"\" srcset=\"https:\/\/naturvernforbundet.no\/content\/uploads\/sites\/13\/2025\/01\/Fakkeltog-mot-mastene.-Foto-av-Ruben-Soltvedt-for-NEI-til-monstermaster-scaled.jpg 2560w, https:\/\/naturvernforbundet.no\/content\/uploads\/sites\/13\/2025\/01\/Fakkeltog-mot-mastene.-Foto-av-Ruben-Soltvedt-for-NEI-til-monstermaster-300x225.jpg 300w, https:\/\/naturvernforbundet.no\/content\/uploads\/sites\/13\/2025\/01\/Fakkeltog-mot-mastene.-Foto-av-Ruben-Soltvedt-for-NEI-til-monstermaster-1024x767.jpg 1024w, https:\/\/naturvernforbundet.no\/content\/uploads\/sites\/13\/2025\/01\/Fakkeltog-mot-mastene.-Foto-av-Ruben-Soltvedt-for-NEI-til-monstermaster-768x575.jpg 768w, https:\/\/naturvernforbundet.no\/content\/uploads\/sites\/13\/2025\/01\/Fakkeltog-mot-mastene.-Foto-av-Ruben-Soltvedt-for-NEI-til-monstermaster-1536x1150.jpg 1536w\" sizes=\"auto, (max-width: 2560px) 100vw, 2560px\" \/>\t\t\t<\/div>\n\t\t\t<\/div>\n\t\n\n\n<p class=\"has-text-align-left\">Statnett har lagt frem planer for en ny kraftlinje fra Samnanger til Kollsnes &#8211; den tredje forsyningslinjen. V\u00e5rt standpunkt er at det er behov for \u00e5 vurdere p\u00e5 ny om vi trenger s\u00e5 mye kraft &#8211; og at naturen m\u00e5 verdsettes h\u00f8yere enn den gj\u00f8r i dagens planer.<\/p>\n\n\n\n<div class=\"wp-block-buttons is-layout-flex wp-block-buttons-is-layout-flex\">\n<div class=\"wp-block-button is-style-link\"><a class=\"wp-block-button__link wp-element-button\" href=\"https:\/\/naturvernforbundet.no\/hordaland\/ny-420-kv-forbindelse-samnanger-oygarden\/\">Les v\u00e5r uttalelse (17.1.2025)<\/a><\/div>\n\n\n\n<div class=\"wp-block-button is-style-link\"><a class=\"wp-block-button__link wp-element-button\" href=\"https:\/\/www.ba.no\/om-staten-pa-dod-og-liv-skal-unnga-stoy-kan-det-verta-eit-helsikes-rabalder\/o\/5-8-2887927\">Politisk redakt\u00f8r i BA kommenterer (22.1.2025)<\/a><\/div>\n\n\n\n<div class=\"wp-block-button is-style-link\"><a class=\"wp-block-button__link wp-element-button\" href=\"https:\/\/naturvernforbundet.no\/hordaland\/ny-kraftledning-fra-samnanger-til-kollsnes-hva-skjer\/\">Ny kraftledning fra Samnanger til Kollsnes, hva skjer? (17.12.2024)<\/a><\/div>\n\n\n\n<div class=\"wp-block-button is-style-link\"><a class=\"wp-block-button__link wp-element-button\" href=\"https:\/\/naturvernforbundet.no\/hordaland\/ny-kraftledning-fra-samnanger-til-kollsnes-er-den-nodvendig\/\">Er den n\u00f8dvendig? (30.5.2024)<\/a><\/div>\n<\/div>\n\n\n\n<p><em>Foto i header: Ruben Soltvedt for NEI til monstermaster<\/em><\/p>\n\n\n\n<figure class=\"wp-block-embed dekode-gtm-iframe-preview is-type-video is-provider-youtube wp-block-embed-youtube wp-embed-aspect-16-9 wp-has-aspect-ratio\"><div class=\"wp-block-embed__wrapper\">\n<iframe title=\"NEI TIL Monstermaster\" width=\"500\" height=\"281\" data-cookieconsent=\"marketing\" data-cookieblock-src=\"https:\/\/www.youtube.com\/embed\/Mz_K75-Tibw?feature=oembed\" frameborder=\"0\" allow=\"accelerometer; autoplay; clipboard-write; encrypted-media; gyroscope; picture-in-picture; web-share\" referrerpolicy=\"strict-origin-when-cross-origin\" allowfullscreen><\/iframe>\n\t\t<div class=\"cookieconsent-optout-marketing\">\n\t\t\t<div class=\"dekode-gtm-cookie-consent is-block-core-embed is-provider-youtube\">\n\t\t\t\t\n\t\t\t<img decoding=\"async\" src=\"https:\/\/i.ytimg.com\/vi\/Mz_K75-Tibw\/hqdefault.jpg\" alt=\"youtube\" \/>\n\t\t\t\t<div class=\"overlay\">\n\t\t\t\t\t<div class=\"cookie-info\">\n\t\t\t\t\t\t\n\t\t\t\t\t\t<p>\n\t\t\t\t\t\t\t<a title=\"Endre samtykke\" class=\"dekode-gtm-cookiebot-renew\" href=\"#\">Endre samtykke<\/a>\n\t\t\t\t\t\t\t\n\t\t\t\t\t\t<\/p>\n\t\t\t\t\t<\/div>\n\t\t\t\t<\/div>\n\t\t\t<\/div>\n\t\t<\/div>\n<\/div><\/figure>\n\n\n\n<p>Jan Nord\u00f8, leder i Naturvernforbundet Nordhordland, holder appell for demonstranter mot den tredje forsyningslinjen:<\/p>\n\n\n\n<figure class=\"wp-block-embed dekode-gtm-iframe-preview is-type-video is-provider-youtube wp-block-embed-youtube wp-embed-aspect-16-9 wp-has-aspect-ratio\"><div class=\"wp-block-embed__wrapper\">\n<iframe title=\"Ikke flere kraftlinjer i v\u00e5r natur!\" width=\"500\" height=\"281\" data-cookieconsent=\"marketing\" data-cookieblock-src=\"https:\/\/www.youtube.com\/embed\/jb5l7mCgTYI?feature=oembed\" frameborder=\"0\" allow=\"accelerometer; autoplay; clipboard-write; encrypted-media; gyroscope; picture-in-picture; web-share\" referrerpolicy=\"strict-origin-when-cross-origin\" allowfullscreen><\/iframe>\n\t\t<div class=\"cookieconsent-optout-marketing\">\n\t\t\t<div class=\"dekode-gtm-cookie-consent is-block-core-embed is-provider-youtube\">\n\t\t\t\t\n\t\t\t<img decoding=\"async\" src=\"https:\/\/i.ytimg.com\/vi\/jb5l7mCgTYI\/hqdefault.jpg\" alt=\"youtube\" \/>\n\t\t\t\t<div class=\"overlay\">\n\t\t\t\t\t<div class=\"cookie-info\">\n\t\t\t\t\t\t\n\t\t\t\t\t\t<p>\n\t\t\t\t\t\t\t<a title=\"Endre samtykke\" class=\"dekode-gtm-cookiebot-renew\" href=\"#\">Endre samtykke<\/a>\n\t\t\t\t\t\t\t\n\t\t\t\t\t\t<\/p>\n\t\t\t\t\t<\/div>\n\t\t\t\t<\/div>\n\t\t\t<\/div>\n\t\t<\/div>\n<\/div><\/figure>\n\n\n\n<div class=\"wp-block-group is-layout-constrained wp-block-group-is-layout-constrained\">\n<h2 class=\"wp-block-heading\" id=\"ikke-flere-kraftlinjer-i-var-natur\">Ikke flere kraftlinjer i v\u00e5r natur<\/h2>\n\n\n\n<p>Vi har opprettet en spleis for \u00e5 jobbe m\u00e5lrettet med \u00e5 hindre byggingen av ny kraftgate fra Samnanger til Kollsnes. Vi vil opplyse befolkning og politikere om hvilke negative konsekvenser en slik un\u00f8dvendig nedbygging av naturen vil gi, oppfordre til debatt og gi naturen en ekstra stemme.<\/p>\n<\/div>\n\n\n\n<h2 class=\"wp-block-heading\" id=\"et-kraftsluk-vi-ikke-trenger\">Et kraftsluk vi ikke trenger<\/h2>\n\n\n\n<p>Basert p\u00e5 innmeldt behov for kraft, vil det bli kraftunderskudd. Derfor foresl\u00e5s det \u00e5 oppgradere transmisjonsnettet til 420kV, samt en lage en ny forbindelse. Det har v\u00e6rt flere forslag til traseer, som forsyner seg grovt av naturen, spesielt i Vaksdal, Oster\u00f8y og Alver.<\/p>\n\n\n\n<p>Men er det behov for mer kraft? I dag r\u00e5r \u00abf\u00f8rstemann til m\u00f8lla\u00bb-prinsippet. <a href=\"https:\/\/naturvernforbundet.no\/hordaland\/datalagring-og-naturen\/\">En bitcoinfabrikk<\/a> kan i prinsippet f\u00e5 kraft f\u00f8r et CO<sub>2<\/sub>-fangstanlegg. Vi mener at krafta er dyrebar og at kraft er et knapphetsgode. Det m\u00e5 tildeles etter en bevisst prioritering, basert p\u00e5 livsl\u00f8psanalyse og klimagassutslipp, spillvarme, arealbehov og naturp\u00e5virkning, arbeidsplasser og \u00f8konomi.<\/p>\n\n\n\n<p>Det st\u00f8rste behovet for kraft kommer fra oljeplattformene. Hvis sokkelen skal elektrifiseres, vil det tappe Vestlandet for kraft. Dyrebar energi b\u00f8r heller g\u00e5 til gr\u00f8nne bedrifter p\u00e5 land. Faktisk ville elektrifiseringen alene st\u00e5tt for 1\/3 av kraftbehovet! Og selv om man hadde elektrifisert sokkelen, hadde vi ikke l\u00f8st klimaproblemet. De st\u00f8rste utslippene fra olje og gass kommer ikke fra produksjonen \u2013 men n\u00e5r den brennes. For \u00e5 unng\u00e5 farlige klimaendringer m\u00e5 vi heller fase ut bruken av olje, kull og gass.<\/p>\n\n\n\n<div class=\"wp-block-buttons is-vertical is-layout-flex wp-container-core-buttons-is-layout-2 wp-block-buttons-is-layout-flex\">\n<div class=\"wp-block-button is-style-link\"><a class=\"wp-block-button__link wp-element-button\" href=\"https:\/\/naturvernforbundet.no\/elektrifisering-av-sokkelen\/\">Hva vi mener om elektrifisering av sokkelen<\/a><\/div>\n\n\n\n<div class=\"wp-block-button is-style-link\"><a class=\"wp-block-button__link wp-element-button\" href=\"https:\/\/naturvernforbundet.no\/hordaland\/datalagring-og-naturen\/\">Hvem skal f\u00e5 tilgang til v\u00e5r dyrebare energi?<\/a><\/div>\n<\/div>\n\n\n\n<h2 class=\"wp-block-heading\" id=\"hvor-skal-kraftmastene-ga\">Hvor skal kraftmastene g\u00e5?<\/h2>\n\n\n\n<p>Forh\u00e5pentligvis ingen steder.<\/p>\n\n\n\n<p>Men dersom den <em>m\u00e5 <\/em>bygges, er det mulig \u00e5 minimere naturinngrepene. Det inneb\u00e6rer at eksisterende krafttraseer brukes i kombinasjon med sj\u00f8kabel. Denne l\u00f8sningen kalles alternativ 6.1. Den g\u00e5r fra Samnanger via Myrdalsvatnet til Arna og Jordalen, og derfra i sj\u00f8kabel s\u00e5 godt som hele strekket fra Eidsv\u00e5g til Kollsnes.<\/p>\n\n\n\n<p>Alternativ 6.1 er markert inn i de to kartene under:<\/p>\n\n\n\n<figure class=\"wp-block-image size-large is-resized\"><img loading=\"lazy\" decoding=\"async\" width=\"1024\" height=\"724\" src=\"https:\/\/naturvernforbundet.no\/content\/uploads\/sites\/13\/2025\/01\/Trase-420kV-linje-mellom-Jordal-og-Kollsnes-2-002-1024x724.png\" alt=\"\" class=\"wp-image-12619\" style=\"width:704px;height:auto\" srcset=\"https:\/\/naturvernforbundet.no\/content\/uploads\/sites\/13\/2025\/01\/Trase-420kV-linje-mellom-Jordal-og-Kollsnes-2-002-1024x724.png 1024w, https:\/\/naturvernforbundet.no\/content\/uploads\/sites\/13\/2025\/01\/Trase-420kV-linje-mellom-Jordal-og-Kollsnes-2-002-300x212.png 300w, https:\/\/naturvernforbundet.no\/content\/uploads\/sites\/13\/2025\/01\/Trase-420kV-linje-mellom-Jordal-og-Kollsnes-2-002-768x543.png 768w, https:\/\/naturvernforbundet.no\/content\/uploads\/sites\/13\/2025\/01\/Trase-420kV-linje-mellom-Jordal-og-Kollsnes-2-002.png 1193w\" sizes=\"auto, (max-width: 1024px) 100vw, 1024px\" \/><figcaption class=\"wp-element-caption\">Strekket fra Kollsnes til Jordal.<\/figcaption><\/figure>\n\n\n\n<figure class=\"wp-block-image size-large\"><img loading=\"lazy\" decoding=\"async\" width=\"1024\" height=\"724\" src=\"https:\/\/naturvernforbundet.no\/content\/uploads\/sites\/13\/2025\/01\/Trase-420kV-linje-mellom-Samnanger-og-Jordal-1-002-1024x724.png\" alt=\"\" class=\"wp-image-12620\" srcset=\"https:\/\/naturvernforbundet.no\/content\/uploads\/sites\/13\/2025\/01\/Trase-420kV-linje-mellom-Samnanger-og-Jordal-1-002-1024x724.png 1024w, https:\/\/naturvernforbundet.no\/content\/uploads\/sites\/13\/2025\/01\/Trase-420kV-linje-mellom-Samnanger-og-Jordal-1-002-300x212.png 300w, https:\/\/naturvernforbundet.no\/content\/uploads\/sites\/13\/2025\/01\/Trase-420kV-linje-mellom-Samnanger-og-Jordal-1-002-768x543.png 768w, https:\/\/naturvernforbundet.no\/content\/uploads\/sites\/13\/2025\/01\/Trase-420kV-linje-mellom-Samnanger-og-Jordal-1-002.png 1193w\" sizes=\"auto, (max-width: 1024px) 100vw, 1024px\" \/><figcaption class=\"wp-element-caption\">Strekket fra Jordal til Samnanger. <\/figcaption><\/figure>\n\n\n\n<div class=\"wp-block-group is-layout-constrained wp-block-group-is-layout-constrained\">\n<p>Alver kommune bestilte en rapport av \u00c6ge Energy, som st\u00f8tter v\u00e5rt syn. <\/p>\n\n\n<div class=\"t2-files wp-block-t2-files\">\n<div class=\"t2-file-item wp-block-t2-file-item\">\n\t\t<a href=\"https:\/\/naturvernforbundet.no\/content\/uploads\/sites\/13\/2025\/01\/Rapport-fra-AEge-Energy-om-kraftline-mellom-Samnanger-og-Oygarden.docx\" class=\"t2-file-item__link t2-file-item__link--icon-left\" download>\n\t\t\t<span class=\"t2-file-item__icon\"><svg xmlns=\"http:\/\/www.w3.org\/2000\/svg\" viewBox=\"0 0 24 24\" height=\"24\" width=\"24\" class=\"t2-icon t2-icon-filedownload\" aria-hidden=\"true\" focusable=\"false\"><path d=\"M16.59 9H15V4C15 3.45 14.55 3 14 3H10C9.45 3 9 3.45 9 4V9H7.41C6.52 9 6.07 10.08 6.7 10.71L11.29 15.3C11.68 15.69 12.31 15.69 12.7 15.3L17.29 10.71C17.92 10.08 17.48 9 16.59 9ZM5 19C5 19.55 5.45 20 6 20H18C18.55 20 19 19.55 19 19C19 18.45 18.55 18 18 18H6C5.45 18 5 18.45 5 19Z\" \/><\/svg><\/span>\n\t\t\t<span class=\"t2-file-item__info\">\n\t\t\t\t<span class=\"t2-file-item__filename\">Ny 420 kV forbindelse Samnanger-\u00d8ygarden (Kollsnes)<\/span>\n\t\t\t\t\n\t\t\t\t<span class=\"t2-file-item__meta\">docx \u00b7 9 MB<\/span>\n\t\t\t<\/span>\n\t\t<\/a>\n\t\t<\/div>\n<\/div><\/div>\n\n\n\n<div class=\"wp-block-group is-layout-constrained wp-block-group-is-layout-constrained\">\n<p>Vestland fylkeskommune gir full st\u00f8tte til v\u00e5rt krav om \u00e5 utgreie alternativ 6.1, og skriver at &laquo;Alternativet synest \u00e5 ha stort potensial for auka samfunnsnytte, s\u00e5 vel som for mindre konfliktar med andre viktige samfunnsverdiar.&raquo;<\/p>\n\n\n<div class=\"t2-files wp-block-t2-files\">\n<div class=\"t2-file-item wp-block-t2-file-item\">\n\t\t<a href=\"https:\/\/naturvernforbundet.no\/content\/uploads\/sites\/13\/2025\/01\/Frasegn-til-hoyring-av-meldingar-om-ny-420-kV-kraftleidning-Sauda-Blafalli-Mauranger-Samnanger-Oygarden-1.pdf\" class=\"t2-file-item__link t2-file-item__link--icon-left\" download>\n\t\t\t<span class=\"t2-file-item__icon\"><svg xmlns=\"http:\/\/www.w3.org\/2000\/svg\" viewBox=\"0 0 24 24\" height=\"24\" width=\"24\" class=\"t2-icon t2-icon-filedownload\" aria-hidden=\"true\" focusable=\"false\"><path d=\"M16.59 9H15V4C15 3.45 14.55 3 14 3H10C9.45 3 9 3.45 9 4V9H7.41C6.52 9 6.07 10.08 6.7 10.71L11.29 15.3C11.68 15.69 12.31 15.69 12.7 15.3L17.29 10.71C17.92 10.08 17.48 9 16.59 9ZM5 19C5 19.55 5.45 20 6 20H18C18.55 20 19 19.55 19 19C19 18.45 18.55 18 18 18H6C5.45 18 5 18.45 5 19Z\" \/><\/svg><\/span>\n\t\t\t<span class=\"t2-file-item__info\">\n\t\t\t\t<span class=\"t2-file-item__filename\">Fr\u00e5segn til h\u00f8yring av meldingar om ny 420 kV kraftleidning Sauda-Bl\u00e5falli-Mauranger-Samnanger-\u00d8ygarden<\/span>\n\t\t\t\t\n\t\t\t\t<span class=\"t2-file-item__meta\">pdf \u00b7 2 MB<\/span>\n\t\t\t<\/span>\n\t\t<\/a>\n\t\t<\/div>\n<\/div><\/div>\n\n\n\n<p>Hovedalternativene g\u00e5r fra Samnanger over Oster\u00f8y, Alver og Ask\u00f8y, og vil \u00f8delegge og dele opp st\u00f8rre omr\u00e5der sammenhengende natur.<\/p>\n\n\n\n<hr class=\"wp-block-separator has-alpha-channel-opacity\"\/>\n\n\n\n<div class=\"wp-block-group alignwide is-layout-constrained wp-block-group-is-layout-constrained\">\n<div class=\"wp-block-group alignwide is-layout-constrained wp-block-group-is-layout-constrained\">\n<h2 class=\"wp-block-heading has-text-align-center\" id=\"artikler-fra-hordaland\">Artikler fra Hordaland<\/h2>\n\n\n<div class=\"t2-featured-content-layout alignwide alignwide wp-block-t2-featured-content-layout\">\n<div class=\"t2-featured-query-post t2-featured-content is-post-type-post category-aktuelt wp-block-t2-featured-query-post\"><a class=\"t2-post-link wp-block-t2-post-link\" href=\"https:\/\/naturvernforbundet.no\/hordaland\/digitalt-kurs-om-biodiversitet-og-natur\/\">\n<figure style=\"--t2-focal-point: 50% 50%;\" class=\"t2-post-featured-image has-image-ratio-4-3 wp-block-t2-post-featured-image\"><img loading=\"lazy\" decoding=\"async\" width=\"2560\" height=\"1920\" src=\"https:\/\/naturvernforbundet.no\/content\/uploads\/sites\/13\/2023\/03\/Oksnesmarka_-Gunvar-Mikkelsen-scaled.jpg\" class=\"attachment-post-thumbnail size-post-thumbnail wp-post-image\" alt=\"\u00d8ksnesmarka. Foto av Gunvar Mikkelsen.\" srcset=\"https:\/\/naturvernforbundet.no\/content\/uploads\/sites\/13\/2023\/03\/Oksnesmarka_-Gunvar-Mikkelsen-scaled.jpg 2560w, https:\/\/naturvernforbundet.no\/content\/uploads\/sites\/13\/2023\/03\/Oksnesmarka_-Gunvar-Mikkelsen-300x225.jpg 300w, https:\/\/naturvernforbundet.no\/content\/uploads\/sites\/13\/2023\/03\/Oksnesmarka_-Gunvar-Mikkelsen-1024x768.jpg 1024w, https:\/\/naturvernforbundet.no\/content\/uploads\/sites\/13\/2023\/03\/Oksnesmarka_-Gunvar-Mikkelsen-768x576.jpg 768w, https:\/\/naturvernforbundet.no\/content\/uploads\/sites\/13\/2023\/03\/Oksnesmarka_-Gunvar-Mikkelsen-1536x1152.jpg 1536w, https:\/\/naturvernforbundet.no\/content\/uploads\/sites\/13\/2023\/03\/Oksnesmarka_-Gunvar-Mikkelsen-2048x1536.jpg 2048w, https:\/\/naturvernforbundet.no\/content\/uploads\/sites\/13\/2023\/03\/Oksnesmarka_-Gunvar-Mikkelsen-1920x1440.jpg 1920w\" sizes=\"auto, (max-width: 2560px) 100vw, 2560px\" \/><\/figure>\n\n<div class=\"wp-block-group alignfull is-layout-flow wp-block-group-is-layout-flow\">\n\t<h2 class=\"t2-post-title wp-block-t2-post-title\">Digitalt kurs om biodiversitet og natur<\/h2>\n\t<p class=\"wp-block-naturvern-post-excerpt\">Bli med p\u00e5 kurs for frivillige i Naturvernforbundet om biodiversitet og natur! Kurset vil gi innsikt i norsk natur, og viktige verkt\u00f8y som brukes i kartlegging av arter, naturtyper og mer, hvor vi kan hente ut informasjon som er nyttig for omr\u00e5der vi \u00f8nsker \u00e5 ta vare p\u00e5.<\/p>\n\t\t<div class=\"wp-block-naturvern-post-meta\">\n\t\t\t\t\t<span class=\"cat\">\n\t\t\t\t\t\t\t\t\t<span><span class=\"tag-link\" data-href=\"https:\/\/naturvernforbundet.no\/hordaland\/category\/aktuelt\/\">Aktuelt<\/span><\/span>\n\t\t\t\t\t\t\t<\/span>\n\t\t\t\t\t\t\t<span class=\"date\">27.04.2026<\/span>\n\t\t\t<\/div>\n\t\n<\/div>\n\n<\/a>\n<\/div>\n\n<div class=\"t2-featured-query-post t2-featured-content is-post-type-post category-aktuelt wp-block-t2-featured-query-post\"><a class=\"t2-post-link wp-block-t2-post-link\" href=\"https:\/\/naturvernforbundet.no\/hordaland\/naturvernhelga2026\/\">\n<figure style=\"--t2-focal-point: 50% 50%;\" class=\"t2-post-featured-image has-image-ratio-4-3 wp-block-t2-post-featured-image\"><img loading=\"lazy\" decoding=\"async\" width=\"2048\" height=\"1382\" src=\"https:\/\/naturvernforbundet.no\/content\/uploads\/sites\/13\/2026\/04\/DSC00732.jpg\" class=\"attachment-post-thumbnail size-post-thumbnail wp-post-image\" alt=\"\" srcset=\"https:\/\/naturvernforbundet.no\/content\/uploads\/sites\/13\/2026\/04\/DSC00732.jpg 2048w, https:\/\/naturvernforbundet.no\/content\/uploads\/sites\/13\/2026\/04\/DSC00732-300x202.jpg 300w, https:\/\/naturvernforbundet.no\/content\/uploads\/sites\/13\/2026\/04\/DSC00732-1024x691.jpg 1024w, https:\/\/naturvernforbundet.no\/content\/uploads\/sites\/13\/2026\/04\/DSC00732-768x518.jpg 768w, https:\/\/naturvernforbundet.no\/content\/uploads\/sites\/13\/2026\/04\/DSC00732-1536x1037.jpg 1536w, https:\/\/naturvernforbundet.no\/content\/uploads\/sites\/13\/2026\/04\/DSC00732-1920x1296.jpg 1920w\" sizes=\"auto, (max-width: 2048px) 100vw, 2048px\" \/><\/figure>\n\n<div class=\"wp-block-group alignfull is-layout-flow wp-block-group-is-layout-flow\">\n\t<h2 class=\"t2-post-title wp-block-t2-post-title\">Naturvernhelga<\/h2>\n\t<p class=\"wp-block-naturvern-post-excerpt\">Sosial og faglig m\u00f8teplass hvor naturvernere m\u00f8tes, blir inspirert og l\u00e6rer noe nytt.<\/p>\n\t\t<div class=\"wp-block-naturvern-post-meta\">\n\t\t\t\t\t<span class=\"cat\">\n\t\t\t\t\t\t\t\t\t<span><span class=\"tag-link\" data-href=\"https:\/\/naturvernforbundet.no\/hordaland\/category\/aktuelt\/\">Aktuelt<\/span><\/span>\n\t\t\t\t\t\t\t<\/span>\n\t\t\t\t\t\t\t<span class=\"date\">17.04.2026<\/span>\n\t\t\t<\/div>\n\t\n<\/div>\n\n<\/a>\n<\/div>\n\n<div class=\"t2-featured-query-post t2-featured-content is-post-type-post category-aktuelt wp-block-t2-featured-query-post\"><a class=\"t2-post-link wp-block-t2-post-link\" href=\"https:\/\/naturvernforbundet.no\/hordaland\/ny-rapport-om-kildn\/\">\n<figure style=\"--t2-focal-point: 50% 50%;\" class=\"t2-post-featured-image has-image-ratio-4-3 wp-block-t2-post-featured-image\"><img loading=\"lazy\" decoding=\"async\" width=\"1860\" height=\"874\" src=\"https:\/\/naturvernforbundet.no\/content\/uploads\/sites\/13\/2026\/04\/Skjermbilde-KILDN.png\" class=\"attachment-post-thumbnail size-post-thumbnail wp-post-image\" alt=\"\" srcset=\"https:\/\/naturvernforbundet.no\/content\/uploads\/sites\/13\/2026\/04\/Skjermbilde-KILDN.png 1860w, https:\/\/naturvernforbundet.no\/content\/uploads\/sites\/13\/2026\/04\/Skjermbilde-KILDN-300x141.png 300w, https:\/\/naturvernforbundet.no\/content\/uploads\/sites\/13\/2026\/04\/Skjermbilde-KILDN-1024x481.png 1024w, https:\/\/naturvernforbundet.no\/content\/uploads\/sites\/13\/2026\/04\/Skjermbilde-KILDN-768x361.png 768w, https:\/\/naturvernforbundet.no\/content\/uploads\/sites\/13\/2026\/04\/Skjermbilde-KILDN-1536x722.png 1536w\" sizes=\"auto, (max-width: 1860px) 100vw, 1860px\" \/><\/figure>\n\n<div class=\"wp-block-group alignfull is-layout-flow wp-block-group-is-layout-flow\">\n\t<h2 class=\"t2-post-title wp-block-t2-post-title\">Ny rapport om KILDN<\/h2>\n\t<p class=\"wp-block-naturvern-post-excerpt\">Prosjektet KILDNs l\u00f8fter om \u00e5 etablere verdens f\u00f8rste nullutslippshavn p\u00e5 Ask\u00f8y er s\u00e5 vidl\u00f8ftige at rapporten rett og slett har f\u00e5tt undertittelen &laquo;Gr\u00f8nnvasking i s\u00e6rklasse&raquo;<\/p>\n\t\t<div class=\"wp-block-naturvern-post-meta\">\n\t\t\t\t\t<span class=\"cat\">\n\t\t\t\t\t\t\t\t\t<span><span class=\"tag-link\" data-href=\"https:\/\/naturvernforbundet.no\/hordaland\/category\/aktuelt\/\">Aktuelt<\/span><\/span>\n\t\t\t\t\t\t\t<\/span>\n\t\t\t\t\t\t\t<span class=\"date\">10.04.2026<\/span>\n\t\t\t<\/div>\n\t\n<\/div>\n\n<\/a>\n<\/div>\n<\/div><\/div>\n<\/div>\n","protected":false},"excerpt":{"rendered":"<p>Det er ikke behov for en ny kraftlinje gjennom naturen i Nordhordland. \u00a0<\/p>\n","protected":false},"author":185,"featured_media":12738,"comment_status":"closed","ping_status":"closed","sticky":false,"template":"","format":"standard","meta":{"_relevanssi_hide_post":"","_relevanssi_hide_content":"","_relevanssi_pin_for_all":"","_relevanssi_pin_keywords":"","_relevanssi_unpin_keywords":"","_relevanssi_related_keywords":"","_relevanssi_related_include_ids":"","_relevanssi_related_exclude_ids":"","_relevanssi_related_no_append":"","_relevanssi_related_not_related":"","_relevanssi_related_posts":"924,12073,155,12838,66,1357","_relevanssi_noindex_reason":"","t2_featured_media_focal_point":{"x":0.5,"y":0.5},"hide_logo":false,"footnotes":""},"categories":[68,30],"local":[8],"class_list":["post-12878","post","type-post","status-publish","format-standard","has-post-thumbnail","hentry","category-aktuelt","category-energi","local-nordhordland"],"acf":[],"yoast_head":"<!-- This site is optimized with the Yoast SEO plugin v24.9 - https:\/\/yoast.com\/wordpress\/plugins\/seo\/ -->\n<title>Kraftlinje Samnanger-Kollsnes - Hordaland<\/title>\n<meta name=\"robots\" content=\"index, follow, max-snippet:-1, max-image-preview:large, max-video-preview:-1\" \/>\n<link rel=\"canonical\" href=\"https:\/\/naturvernforbundet.no\/hordaland\/kraftlinje-samnanger-kollsnes\/\" \/>\n<meta property=\"og:locale\" content=\"nb_NO\" \/>\n<meta property=\"og:type\" content=\"article\" \/>\n<meta property=\"og:title\" content=\"Kraftlinje Samnanger-Kollsnes - Hordaland\" \/>\n<meta property=\"og:description\" content=\"Det er ikke behov for en ny kraftlinje gjennom naturen i Nordhordland. \u00a0\" \/>\n<meta property=\"og:url\" content=\"https:\/\/naturvernforbundet.no\/hordaland\/kraftlinje-samnanger-kollsnes\/\" \/>\n<meta property=\"og:site_name\" content=\"Hordaland\" \/>\n<meta property=\"article:publisher\" content=\"https:\/\/www.facebook.com\/naturvernforbundet.hordaland\" \/>\n<meta property=\"article:published_time\" content=\"2025-02-04T07:56:37+00:00\" \/>\n<meta property=\"article:modified_time\" content=\"2025-03-24T10:00:54+00:00\" \/>\n<meta property=\"og:image\" content=\"https:\/\/naturvernforbundet.no\/content\/uploads\/sites\/13\/2025\/01\/Fakkeltog-mot-mastene.-Foto-av-Ruben-Soltvedt-for-NEI-til-monstermaster-scaled.jpg\" \/>\n\t<meta property=\"og:image:width\" content=\"2560\" \/>\n\t<meta property=\"og:image:height\" content=\"1917\" \/>\n\t<meta property=\"og:image:type\" content=\"image\/jpeg\" \/>\n<meta name=\"author\" content=\"Mona Maria L\u00f8berg\" \/>\n<meta name=\"twitter:card\" content=\"summary_large_image\" \/>\n<meta name=\"twitter:label1\" content=\"Skrevet av\" \/>\n\t<meta name=\"twitter:data1\" content=\"Mona Maria L\u00f8berg\" \/>\n\t<meta name=\"twitter:label2\" content=\"Ansl. lesetid\" \/>\n\t<meta name=\"twitter:data2\" content=\"4 minutter\" \/>\n<script type=\"application\/ld+json\" class=\"yoast-schema-graph\">{\"@context\":\"https:\/\/schema.org\",\"@graph\":[{\"@type\":\"Article\",\"@id\":\"https:\/\/naturvernforbundet.no\/hordaland\/kraftlinje-samnanger-kollsnes\/#article\",\"isPartOf\":{\"@id\":\"https:\/\/naturvernforbundet.no\/hordaland\/kraftlinje-samnanger-kollsnes\/\"},\"author\":{\"name\":\"Mona Maria L\u00f8berg\",\"@id\":\"https:\/\/naturvernforbundet.no\/hordaland\/#\/schema\/person\/2b4f064c76270324a903c0a70e9f6afd\"},\"headline\":\"Kraftlinje Samnanger-Kollsnes\",\"datePublished\":\"2025-02-04T07:56:37+00:00\",\"dateModified\":\"2025-03-24T10:00:54+00:00\",\"mainEntityOfPage\":{\"@id\":\"https:\/\/naturvernforbundet.no\/hordaland\/kraftlinje-samnanger-kollsnes\/\"},\"wordCount\":546,\"publisher\":{\"@id\":\"https:\/\/naturvernforbundet.no\/hordaland\/#organization\"},\"image\":{\"@id\":\"https:\/\/naturvernforbundet.no\/hordaland\/kraftlinje-samnanger-kollsnes\/#primaryimage\"},\"thumbnailUrl\":\"https:\/\/naturvernforbundet.no\/content\/uploads\/sites\/13\/2025\/01\/Fakkeltog-mot-mastene.-Foto-av-Ruben-Soltvedt-for-NEI-til-monstermaster-scaled.jpg\",\"articleSection\":[\"Aktuelt\",\"Energi\"],\"inLanguage\":\"nb-NO\"},{\"@type\":\"WebPage\",\"@id\":\"https:\/\/naturvernforbundet.no\/hordaland\/kraftlinje-samnanger-kollsnes\/\",\"url\":\"https:\/\/naturvernforbundet.no\/hordaland\/kraftlinje-samnanger-kollsnes\/\",\"name\":\"Kraftlinje Samnanger-Kollsnes - Hordaland\",\"isPartOf\":{\"@id\":\"https:\/\/naturvernforbundet.no\/hordaland\/#website\"},\"primaryImageOfPage\":{\"@id\":\"https:\/\/naturvernforbundet.no\/hordaland\/kraftlinje-samnanger-kollsnes\/#primaryimage\"},\"image\":{\"@id\":\"https:\/\/naturvernforbundet.no\/hordaland\/kraftlinje-samnanger-kollsnes\/#primaryimage\"},\"thumbnailUrl\":\"https:\/\/naturvernforbundet.no\/content\/uploads\/sites\/13\/2025\/01\/Fakkeltog-mot-mastene.-Foto-av-Ruben-Soltvedt-for-NEI-til-monstermaster-scaled.jpg\",\"datePublished\":\"2025-02-04T07:56:37+00:00\",\"dateModified\":\"2025-03-24T10:00:54+00:00\",\"breadcrumb\":{\"@id\":\"https:\/\/naturvernforbundet.no\/hordaland\/kraftlinje-samnanger-kollsnes\/#breadcrumb\"},\"inLanguage\":\"nb-NO\",\"potentialAction\":[{\"@type\":\"ReadAction\",\"target\":[\"https:\/\/naturvernforbundet.no\/hordaland\/kraftlinje-samnanger-kollsnes\/\"]}]},{\"@type\":\"ImageObject\",\"inLanguage\":\"nb-NO\",\"@id\":\"https:\/\/naturvernforbundet.no\/hordaland\/kraftlinje-samnanger-kollsnes\/#primaryimage\",\"url\":\"https:\/\/naturvernforbundet.no\/content\/uploads\/sites\/13\/2025\/01\/Fakkeltog-mot-mastene.-Foto-av-Ruben-Soltvedt-for-NEI-til-monstermaster-scaled.jpg\",\"contentUrl\":\"https:\/\/naturvernforbundet.no\/content\/uploads\/sites\/13\/2025\/01\/Fakkeltog-mot-mastene.-Foto-av-Ruben-Soltvedt-for-NEI-til-monstermaster-scaled.jpg\",\"width\":2560,\"height\":1917,\"caption\":\"default\"},{\"@type\":\"BreadcrumbList\",\"@id\":\"https:\/\/naturvernforbundet.no\/hordaland\/kraftlinje-samnanger-kollsnes\/#breadcrumb\",\"itemListElement\":[{\"@type\":\"ListItem\",\"position\":1,\"name\":\"Till naturvernforbundet.no\",\"item\":\"https:\/\/naturvernforbundet.no\/\"},{\"@type\":\"ListItem\",\"position\":2,\"name\":\"Hordaland\",\"item\":\"https:\/\/naturvernforbundet.no\/hordaland\/\"},{\"@type\":\"ListItem\",\"position\":3,\"name\":\"Nordhordland\",\"item\":\"https:\/\/naturvernforbundet.no\/hordaland\/lokallag\/nordhordland\/\"},{\"@type\":\"ListItem\",\"position\":4,\"name\":\"Kraftlinje Samnanger-Kollsnes\"}]},{\"@type\":\"WebSite\",\"@id\":\"https:\/\/naturvernforbundet.no\/hordaland\/#website\",\"url\":\"https:\/\/naturvernforbundet.no\/hordaland\/\",\"name\":\"Hordaland\",\"description\":\"\",\"publisher\":{\"@id\":\"https:\/\/naturvernforbundet.no\/hordaland\/#organization\"},\"potentialAction\":[{\"@type\":\"SearchAction\",\"target\":{\"@type\":\"EntryPoint\",\"urlTemplate\":\"https:\/\/naturvernforbundet.no\/hordaland\/?s={search_term_string}\"},\"query-input\":{\"@type\":\"PropertyValueSpecification\",\"valueRequired\":true,\"valueName\":\"search_term_string\"}}],\"inLanguage\":\"nb-NO\"},{\"@type\":\"Organization\",\"@id\":\"https:\/\/naturvernforbundet.no\/hordaland\/#organization\",\"name\":\"Naturvernforbundet Hordaland\",\"url\":\"https:\/\/naturvernforbundet.no\/hordaland\/\",\"logo\":{\"@type\":\"ImageObject\",\"inLanguage\":\"nb-NO\",\"@id\":\"https:\/\/naturvernforbundet.no\/hordaland\/#\/schema\/logo\/image\/\",\"url\":\"https:\/\/naturvernforbundet.no\/content\/uploads\/sites\/13\/2022\/11\/Logo_Hordaland_transparent.png\",\"contentUrl\":\"https:\/\/naturvernforbundet.no\/content\/uploads\/sites\/13\/2022\/11\/Logo_Hordaland_transparent.png\",\"width\":1095,\"height\":203,\"caption\":\"Naturvernforbundet Hordaland\"},\"image\":{\"@id\":\"https:\/\/naturvernforbundet.no\/hordaland\/#\/schema\/logo\/image\/\"},\"sameAs\":[\"https:\/\/www.facebook.com\/naturvernforbundet.hordaland\",\"https:\/\/www.instagram.com\/naturvern_hordaland\/\",\"https:\/\/www.flickr.com\/photos\/naturvernforbundet_hordaland\/\"]},{\"@type\":\"Person\",\"@id\":\"https:\/\/naturvernforbundet.no\/hordaland\/#\/schema\/person\/2b4f064c76270324a903c0a70e9f6afd\",\"name\":\"Mona Maria L\u00f8berg\",\"image\":{\"@type\":\"ImageObject\",\"inLanguage\":\"nb-NO\",\"@id\":\"https:\/\/naturvernforbundet.no\/hordaland\/#\/schema\/person\/image\/\",\"url\":\"https:\/\/secure.gravatar.com\/avatar\/b7d3282848b65fe5d48ca594f5a7108b?s=96&d=mm&r=g\",\"contentUrl\":\"https:\/\/secure.gravatar.com\/avatar\/b7d3282848b65fe5d48ca594f5a7108b?s=96&d=mm&r=g\",\"caption\":\"Mona Maria L\u00f8berg\"},\"sameAs\":[\"instagram.com\/manamoria\"],\"url\":\"https:\/\/naturvernforbundet.no\/hordaland\/author\/monamarialoberg\/\"}]}<\/script>\n<!-- \/ Yoast SEO plugin. -->","yoast_head_json":{"title":"Kraftlinje Samnanger-Kollsnes - Hordaland","robots":{"index":"index","follow":"follow","max-snippet":"max-snippet:-1","max-image-preview":"max-image-preview:large","max-video-preview":"max-video-preview:-1"},"canonical":"https:\/\/naturvernforbundet.no\/hordaland\/kraftlinje-samnanger-kollsnes\/","og_locale":"nb_NO","og_type":"article","og_title":"Kraftlinje Samnanger-Kollsnes - Hordaland","og_description":"Det er ikke behov for en ny kraftlinje gjennom naturen i Nordhordland. \u00a0","og_url":"https:\/\/naturvernforbundet.no\/hordaland\/kraftlinje-samnanger-kollsnes\/","og_site_name":"Hordaland","article_publisher":"https:\/\/www.facebook.com\/naturvernforbundet.hordaland","article_published_time":"2025-02-04T07:56:37+00:00","article_modified_time":"2025-03-24T10:00:54+00:00","og_image":[{"width":2560,"height":1917,"url":"https:\/\/naturvernforbundet.no\/content\/uploads\/sites\/13\/2025\/01\/Fakkeltog-mot-mastene.-Foto-av-Ruben-Soltvedt-for-NEI-til-monstermaster-scaled.jpg","type":"image\/jpeg"}],"author":"Mona Maria L\u00f8berg","twitter_card":"summary_large_image","twitter_misc":{"Skrevet av":"Mona Maria L\u00f8berg","Ansl. lesetid":"4 minutter"},"schema":{"@context":"https:\/\/schema.org","@graph":[{"@type":"Article","@id":"https:\/\/naturvernforbundet.no\/hordaland\/kraftlinje-samnanger-kollsnes\/#article","isPartOf":{"@id":"https:\/\/naturvernforbundet.no\/hordaland\/kraftlinje-samnanger-kollsnes\/"},"author":{"name":"Mona Maria L\u00f8berg","@id":"https:\/\/naturvernforbundet.no\/hordaland\/#\/schema\/person\/2b4f064c76270324a903c0a70e9f6afd"},"headline":"Kraftlinje Samnanger-Kollsnes","datePublished":"2025-02-04T07:56:37+00:00","dateModified":"2025-03-24T10:00:54+00:00","mainEntityOfPage":{"@id":"https:\/\/naturvernforbundet.no\/hordaland\/kraftlinje-samnanger-kollsnes\/"},"wordCount":546,"publisher":{"@id":"https:\/\/naturvernforbundet.no\/hordaland\/#organization"},"image":{"@id":"https:\/\/naturvernforbundet.no\/hordaland\/kraftlinje-samnanger-kollsnes\/#primaryimage"},"thumbnailUrl":"https:\/\/naturvernforbundet.no\/content\/uploads\/sites\/13\/2025\/01\/Fakkeltog-mot-mastene.-Foto-av-Ruben-Soltvedt-for-NEI-til-monstermaster-scaled.jpg","articleSection":["Aktuelt","Energi"],"inLanguage":"nb-NO"},{"@type":"WebPage","@id":"https:\/\/naturvernforbundet.no\/hordaland\/kraftlinje-samnanger-kollsnes\/","url":"https:\/\/naturvernforbundet.no\/hordaland\/kraftlinje-samnanger-kollsnes\/","name":"Kraftlinje Samnanger-Kollsnes - Hordaland","isPartOf":{"@id":"https:\/\/naturvernforbundet.no\/hordaland\/#website"},"primaryImageOfPage":{"@id":"https:\/\/naturvernforbundet.no\/hordaland\/kraftlinje-samnanger-kollsnes\/#primaryimage"},"image":{"@id":"https:\/\/naturvernforbundet.no\/hordaland\/kraftlinje-samnanger-kollsnes\/#primaryimage"},"thumbnailUrl":"https:\/\/naturvernforbundet.no\/content\/uploads\/sites\/13\/2025\/01\/Fakkeltog-mot-mastene.-Foto-av-Ruben-Soltvedt-for-NEI-til-monstermaster-scaled.jpg","datePublished":"2025-02-04T07:56:37+00:00","dateModified":"2025-03-24T10:00:54+00:00","breadcrumb":{"@id":"https:\/\/naturvernforbundet.no\/hordaland\/kraftlinje-samnanger-kollsnes\/#breadcrumb"},"inLanguage":"nb-NO","potentialAction":[{"@type":"ReadAction","target":["https:\/\/naturvernforbundet.no\/hordaland\/kraftlinje-samnanger-kollsnes\/"]}]},{"@type":"ImageObject","inLanguage":"nb-NO","@id":"https:\/\/naturvernforbundet.no\/hordaland\/kraftlinje-samnanger-kollsnes\/#primaryimage","url":"https:\/\/naturvernforbundet.no\/content\/uploads\/sites\/13\/2025\/01\/Fakkeltog-mot-mastene.-Foto-av-Ruben-Soltvedt-for-NEI-til-monstermaster-scaled.jpg","contentUrl":"https:\/\/naturvernforbundet.no\/content\/uploads\/sites\/13\/2025\/01\/Fakkeltog-mot-mastene.-Foto-av-Ruben-Soltvedt-for-NEI-til-monstermaster-scaled.jpg","width":2560,"height":1917,"caption":"default"},{"@type":"BreadcrumbList","@id":"https:\/\/naturvernforbundet.no\/hordaland\/kraftlinje-samnanger-kollsnes\/#breadcrumb","itemListElement":[{"@type":"ListItem","position":1,"name":"Till naturvernforbundet.no","item":"https:\/\/naturvernforbundet.no\/"},{"@type":"ListItem","position":2,"name":"Hordaland","item":"https:\/\/naturvernforbundet.no\/hordaland\/"},{"@type":"ListItem","position":3,"name":"Nordhordland","item":"https:\/\/naturvernforbundet.no\/hordaland\/lokallag\/nordhordland\/"},{"@type":"ListItem","position":4,"name":"Kraftlinje Samnanger-Kollsnes"}]},{"@type":"WebSite","@id":"https:\/\/naturvernforbundet.no\/hordaland\/#website","url":"https:\/\/naturvernforbundet.no\/hordaland\/","name":"Hordaland","description":"","publisher":{"@id":"https:\/\/naturvernforbundet.no\/hordaland\/#organization"},"potentialAction":[{"@type":"SearchAction","target":{"@type":"EntryPoint","urlTemplate":"https:\/\/naturvernforbundet.no\/hordaland\/?s={search_term_string}"},"query-input":{"@type":"PropertyValueSpecification","valueRequired":true,"valueName":"search_term_string"}}],"inLanguage":"nb-NO"},{"@type":"Organization","@id":"https:\/\/naturvernforbundet.no\/hordaland\/#organization","name":"Naturvernforbundet Hordaland","url":"https:\/\/naturvernforbundet.no\/hordaland\/","logo":{"@type":"ImageObject","inLanguage":"nb-NO","@id":"https:\/\/naturvernforbundet.no\/hordaland\/#\/schema\/logo\/image\/","url":"https:\/\/naturvernforbundet.no\/content\/uploads\/sites\/13\/2022\/11\/Logo_Hordaland_transparent.png","contentUrl":"https:\/\/naturvernforbundet.no\/content\/uploads\/sites\/13\/2022\/11\/Logo_Hordaland_transparent.png","width":1095,"height":203,"caption":"Naturvernforbundet Hordaland"},"image":{"@id":"https:\/\/naturvernforbundet.no\/hordaland\/#\/schema\/logo\/image\/"},"sameAs":["https:\/\/www.facebook.com\/naturvernforbundet.hordaland","https:\/\/www.instagram.com\/naturvern_hordaland\/","https:\/\/www.flickr.com\/photos\/naturvernforbundet_hordaland\/"]},{"@type":"Person","@id":"https:\/\/naturvernforbundet.no\/hordaland\/#\/schema\/person\/2b4f064c76270324a903c0a70e9f6afd","name":"Mona Maria L\u00f8berg","image":{"@type":"ImageObject","inLanguage":"nb-NO","@id":"https:\/\/naturvernforbundet.no\/hordaland\/#\/schema\/person\/image\/","url":"https:\/\/secure.gravatar.com\/avatar\/b7d3282848b65fe5d48ca594f5a7108b?s=96&d=mm&r=g","contentUrl":"https:\/\/secure.gravatar.com\/avatar\/b7d3282848b65fe5d48ca594f5a7108b?s=96&d=mm&r=g","caption":"Mona Maria L\u00f8berg"},"sameAs":["instagram.com\/manamoria"],"url":"https:\/\/naturvernforbundet.no\/hordaland\/author\/monamarialoberg\/"}]}},"_links":{"self":[{"href":"https:\/\/naturvernforbundet.no\/hordaland\/wp-json\/wp\/v2\/posts\/12878","targetHints":{"allow":["GET"]}}],"collection":[{"href":"https:\/\/naturvernforbundet.no\/hordaland\/wp-json\/wp\/v2\/posts"}],"about":[{"href":"https:\/\/naturvernforbundet.no\/hordaland\/wp-json\/wp\/v2\/types\/post"}],"author":[{"embeddable":true,"href":"https:\/\/naturvernforbundet.no\/hordaland\/wp-json\/wp\/v2\/users\/185"}],"replies":[{"embeddable":true,"href":"https:\/\/naturvernforbundet.no\/hordaland\/wp-json\/wp\/v2\/comments?post=12878"}],"version-history":[{"count":11,"href":"https:\/\/naturvernforbundet.no\/hordaland\/wp-json\/wp\/v2\/posts\/12878\/revisions"}],"predecessor-version":[{"id":13954,"href":"https:\/\/naturvernforbundet.no\/hordaland\/wp-json\/wp\/v2\/posts\/12878\/revisions\/13954"}],"wp:featuredmedia":[{"embeddable":true,"href":"https:\/\/naturvernforbundet.no\/hordaland\/wp-json\/wp\/v2\/media\/12738"}],"wp:attachment":[{"href":"https:\/\/naturvernforbundet.no\/hordaland\/wp-json\/wp\/v2\/media?parent=12878"}],"wp:term":[{"taxonomy":"category","embeddable":true,"href":"https:\/\/naturvernforbundet.no\/hordaland\/wp-json\/wp\/v2\/categories?post=12878"},{"taxonomy":"local","embeddable":true,"href":"https:\/\/naturvernforbundet.no\/hordaland\/wp-json\/wp\/v2\/local?post=12878"}],"curies":[{"name":"wp","href":"https:\/\/api.w.org\/{rel}","templated":true}]}}