{"id":1332,"date":"2022-10-07T14:31:07","date_gmt":"2022-10-07T12:31:07","guid":{"rendered":"https:\/\/naturvernforbundet.no\/hordaland\/?p=1332"},"modified":"2023-10-03T13:08:21","modified_gmt":"2023-10-03T11:08:21","slug":"hvilke-vilkar-gjelder-for-reparasjonsgavekortet","status":"publish","type":"post","link":"https:\/\/naturvernforbundet.no\/hordaland\/hvilke-vilkar-gjelder-for-reparasjonsgavekortet\/","title":{"rendered":"Hvilke vilk\u00e5r gjelder for Reparasjonsgavekortet?"},"content":{"rendered":"\t<div class=\"template-post alignnone wp-block-naturvern-hero\">\n\t\t<div class=\"hero__inner\">\n\t\t\t<div class=\"hero__inner_blocks\">\n\t\t\t\t\t\t\t\t\n<h1 class=\"wp-block-post-title\">Hvilke vilk\u00e5r gjelder for Reparasjonsgavekortet?<\/h1>\n\n<div class=\"wp-block-post-excerpt\"><p class=\"wp-block-post-excerpt__excerpt\">Det er ikke mange vilk\u00e5r. Her finner du dem: <\/p><\/div>\n\n<figure class=\"wp-block-post-featured-image\"><img loading=\"lazy\" decoding=\"async\" width=\"950\" height=\"559\" src=\"https:\/\/naturvernforbundet.no\/content\/uploads\/sites\/13\/2022\/10\/skrujern-illustrasjon-web.jpg-fullscreen.jpg\" class=\"attachment-post-thumbnail size-post-thumbnail wp-post-image\" alt=\"\" style=\"object-fit:cover;\" srcset=\"https:\/\/naturvernforbundet.no\/content\/uploads\/sites\/13\/2022\/10\/skrujern-illustrasjon-web.jpg-fullscreen.jpg 950w, https:\/\/naturvernforbundet.no\/content\/uploads\/sites\/13\/2022\/10\/skrujern-illustrasjon-web.jpg-fullscreen-300x177.jpg 300w, https:\/\/naturvernforbundet.no\/content\/uploads\/sites\/13\/2022\/10\/skrujern-illustrasjon-web.jpg-fullscreen-768x452.jpg 768w\" sizes=\"auto, (max-width: 950px) 100vw, 950px\" \/><\/figure>\n\t\t\t<\/div>\n\t\t\t\t\t<\/div>\n\t\t\t<\/div>\n\t\n\n\n<h3 class=\"wp-block-heading\" id=\"1-varighet\">1. Varighet<\/h3>\n\n\n\n<p>Reparasjonsgavekortet er gyldig i ett \u00e5r. Etter det g\u00e5r pengene tilbake til prosjektet &laquo;Ta vare p\u00e5 det du har&raquo;. Ikke glem \u00e5 bruke det f\u00f8r det utg\u00e5r!\u00a0Utl\u00f8psdatoen st\u00e5r oppf\u00f8rt p\u00e5 gavekortet ditt!<\/p>\n\n\n\n<h3 class=\"wp-block-heading\" id=\"2-geografisk-omrade\">2. Geografisk omr\u00e5de<\/h3>\n\n\n\n<p>Enn s\u00e5 lenge kan Reparasjonsgavekortet bare brukes i Bergensomr\u00e5det.<\/p>\n\n\n\n<h3 class=\"wp-block-heading\" id=\"3-reparatorene\">3. Reparat\u00f8rene<\/h3>\n\n\n\n<p>Gavekortet kan brukes hos lokale reparat\u00f8rbedrifter&nbsp;som \u00f8nsker \u00e5 v\u00e6re med. De&nbsp;som er med akkurat n\u00e5&nbsp;<a href=\"https:\/\/naturvernforbundet.no\/reparasjonsgavekortet\/hvor-kan-jeg-bruke-reparasjonsgavekortet-article39792-4234.html\">finner du her<\/a>. Du kan gjerne oppfordre din lokale reparat\u00f8r til \u00e5 bli med, eller vi kan gj\u00f8re det for deg. Kontakt oss p\u00e5&nbsp;<a href=\"mailto:reparasjonsgavekortet@naturvernforbundet.no?subject=Reparat%C3%B8rtips\">reparasjonsgavekortet@naturvernforbundet.no<\/a>.<\/p>\n\n\n\n<h3 class=\"wp-block-heading\" id=\"4-gyldig-en-gang\">4. Gyldig \u00e9n gang<\/h3>\n\n\n\n<p>Reparasjonsgavekortet kan enn s\u00e5 lenge bare brukes \u00e9n gang og hos \u00e9n reparat\u00f8r.&nbsp;<\/p>\n\n\n\n<h3 class=\"wp-block-heading\" id=\"5-verdi\">5. Verdi<\/h3>\n\n\n\n<p>Reparasjonsgavekortets verdi st\u00e5r oppf\u00f8rt enten p\u00e5 verdikupongen som ligger inni kortet &#8211; hvis du har et analogt\/trykket gavekort. Har du et digitalt gavekort st\u00e5r verdien oppf\u00f8rt p\u00e5 selve gavekortet.<\/p>\n\n\n\n<h3 class=\"wp-block-heading\" id=\"6-betaling\">6. Betaling<\/h3>\n\n\n\n<p>Bruk Reparasjonsgavekortet som betaling eller delbetaling for reparasjonsoppdraget. Hvis du ikke bruker opp hele verdien&nbsp;p\u00e5 reparasjonen vil reparat\u00f8ren gi deg det overskytende bel\u00f8pet tilbake.&nbsp;&nbsp;<\/p>\n\n\n\n<h3 class=\"wp-block-heading\" id=\"7-bruksomrader\">7. Bruksomr\u00e5der<\/h3>\n\n\n\n<p>Reparasjonsgavekortet kan selvf\u00f8lgelig brukes p\u00e5 reparasjoner, men det er ogs\u00e5 mulig \u00e5 bruke gavekortet p\u00e5 tilpasninger, oppgaderinger, redesign og helt vanlig vedlikehold og service.&nbsp;<\/p>\n\n\n\n<h3 class=\"wp-block-heading\" id=\"8-ansvar\">8. Ansvar<\/h3>\n\n\n\n<p>Vi Naturvernforbundet Hordaland er ansvarlige for Reparasjonsgavekortet. F\u00e5r du problemer med gavekortet ditt, ikke n\u00f8l med \u00e5 ta kontakt med oss, s\u00e5 skal vi gj\u00f8re det vi kan for \u00e5 hjelpe. Kontakt oss p\u00e5&nbsp;<a href=\"mailto:reparasjonsgavekortet@naturvernforbundet.no?subject=Hjelp%3A\">reparasjonsgavekortet@naturvernforbundet.no<\/a>, eller kontakt prosjektleder Lena Teigland direkte (lt@naturvernforbundet.no).<\/p>\n\n\n\n<p>Vi er imidlertid ikke ansvarlige for selve reparasjonen eller&nbsp;reparat\u00f8rene.&nbsp;<\/p>\n\n\n\n<h3 class=\"wp-block-heading\" id=\"9-refusjon\">9. Refusjon<\/h3>\n\n\n\n<p>Har du f\u00e5tt et gavekort uten mulighet til \u00e5 benytte det. Ta kontakt med oss for eventuell refusjon:&nbsp;<a href=\"mailto:reparasjonsgavekortet@naturvernforbundet.no?subject=Refusjon%3A\">reparasjonsgavekortet@naturvernforbundet.no<\/a>, eller kontakt prosjektleder Lena Teigland (lt@naturvernforbundet.no)<\/p>\n\n\n\n<h2 class=\"has-text-align-center wp-block-heading\" id=\"les-vare-nyeste-saker-her\">Les v\u00e5re nyeste saker her<\/h2>\n\n\n<div class=\"t2-featured-content-layout alignwide alignwide wp-block-t2-featured-content-layout\">\n<div class=\"t2-featured-query-post t2-featured-content is-post-type-post category-aktuelt wp-block-t2-featured-query-post\"><a class=\"t2-post-link wp-block-t2-post-link\" href=\"https:\/\/naturvernforbundet.no\/hordaland\/digitalt-kurs-om-biodiversitet-og-natur\/\">\n<figure style=\"--t2-focal-point: 50% 50%;\" class=\"t2-post-featured-image has-image-ratio-4-3 wp-block-t2-post-featured-image\"><img loading=\"lazy\" decoding=\"async\" width=\"2560\" height=\"1920\" src=\"https:\/\/naturvernforbundet.no\/content\/uploads\/sites\/13\/2023\/03\/Oksnesmarka_-Gunvar-Mikkelsen-scaled.jpg\" class=\"attachment-post-thumbnail size-post-thumbnail wp-post-image\" alt=\"\u00d8ksnesmarka. Foto av Gunvar Mikkelsen.\" srcset=\"https:\/\/naturvernforbundet.no\/content\/uploads\/sites\/13\/2023\/03\/Oksnesmarka_-Gunvar-Mikkelsen-scaled.jpg 2560w, https:\/\/naturvernforbundet.no\/content\/uploads\/sites\/13\/2023\/03\/Oksnesmarka_-Gunvar-Mikkelsen-300x225.jpg 300w, https:\/\/naturvernforbundet.no\/content\/uploads\/sites\/13\/2023\/03\/Oksnesmarka_-Gunvar-Mikkelsen-1024x768.jpg 1024w, https:\/\/naturvernforbundet.no\/content\/uploads\/sites\/13\/2023\/03\/Oksnesmarka_-Gunvar-Mikkelsen-768x576.jpg 768w, https:\/\/naturvernforbundet.no\/content\/uploads\/sites\/13\/2023\/03\/Oksnesmarka_-Gunvar-Mikkelsen-1536x1152.jpg 1536w, https:\/\/naturvernforbundet.no\/content\/uploads\/sites\/13\/2023\/03\/Oksnesmarka_-Gunvar-Mikkelsen-2048x1536.jpg 2048w, https:\/\/naturvernforbundet.no\/content\/uploads\/sites\/13\/2023\/03\/Oksnesmarka_-Gunvar-Mikkelsen-1920x1440.jpg 1920w\" sizes=\"auto, (max-width: 2560px) 100vw, 2560px\" \/><\/figure>\n\n<div class=\"wp-block-group alignfull is-layout-flow wp-block-group-is-layout-flow\">\n\t<h2 class=\"t2-post-title wp-block-t2-post-title\">Digitalt kurs om biodiversitet og natur<\/h2>\n\t<p class=\"wp-block-naturvern-post-excerpt\">Bli med p\u00e5 kurs for frivillige i Naturvernforbundet om biodiversitet og natur! Kurset vil gi innsikt i norsk natur, og viktige verkt\u00f8y som brukes i kartlegging av arter, naturtyper og mer, hvor vi kan hente ut informasjon som er nyttig for omr\u00e5der vi \u00f8nsker \u00e5 ta vare p\u00e5.<\/p>\n\t\t<div class=\"wp-block-naturvern-post-meta\">\n\t\t\t\t\t<span class=\"cat\">\n\t\t\t\t\t\t\t\t\t<span><span class=\"tag-link\" data-href=\"https:\/\/naturvernforbundet.no\/hordaland\/category\/aktuelt\/\">Aktuelt<\/span><\/span>\n\t\t\t\t\t\t\t<\/span>\n\t\t\t\t\t\t\t<span class=\"date\">27.04.2026<\/span>\n\t\t\t<\/div>\n\t\n<\/div>\n\n<\/a>\n<\/div>\n\n<div class=\"t2-featured-query-post t2-featured-content is-post-type-post category-aktuelt wp-block-t2-featured-query-post\"><a class=\"t2-post-link wp-block-t2-post-link\" href=\"https:\/\/naturvernforbundet.no\/hordaland\/naturvernhelga2026\/\">\n<figure style=\"--t2-focal-point: 50% 50%;\" class=\"t2-post-featured-image has-image-ratio-4-3 wp-block-t2-post-featured-image\"><img loading=\"lazy\" decoding=\"async\" width=\"2048\" height=\"1382\" src=\"https:\/\/naturvernforbundet.no\/content\/uploads\/sites\/13\/2026\/04\/DSC00732.jpg\" class=\"attachment-post-thumbnail size-post-thumbnail wp-post-image\" alt=\"\" srcset=\"https:\/\/naturvernforbundet.no\/content\/uploads\/sites\/13\/2026\/04\/DSC00732.jpg 2048w, https:\/\/naturvernforbundet.no\/content\/uploads\/sites\/13\/2026\/04\/DSC00732-300x202.jpg 300w, https:\/\/naturvernforbundet.no\/content\/uploads\/sites\/13\/2026\/04\/DSC00732-1024x691.jpg 1024w, https:\/\/naturvernforbundet.no\/content\/uploads\/sites\/13\/2026\/04\/DSC00732-768x518.jpg 768w, https:\/\/naturvernforbundet.no\/content\/uploads\/sites\/13\/2026\/04\/DSC00732-1536x1037.jpg 1536w, https:\/\/naturvernforbundet.no\/content\/uploads\/sites\/13\/2026\/04\/DSC00732-1920x1296.jpg 1920w\" sizes=\"auto, (max-width: 2048px) 100vw, 2048px\" \/><\/figure>\n\n<div class=\"wp-block-group alignfull is-layout-flow wp-block-group-is-layout-flow\">\n\t<h2 class=\"t2-post-title wp-block-t2-post-title\">Naturvernhelga<\/h2>\n\t<p class=\"wp-block-naturvern-post-excerpt\">Sosial og faglig m\u00f8teplass hvor naturvernere m\u00f8tes, blir inspirert og l\u00e6rer noe nytt.<\/p>\n\t\t<div class=\"wp-block-naturvern-post-meta\">\n\t\t\t\t\t<span class=\"cat\">\n\t\t\t\t\t\t\t\t\t<span><span class=\"tag-link\" data-href=\"https:\/\/naturvernforbundet.no\/hordaland\/category\/aktuelt\/\">Aktuelt<\/span><\/span>\n\t\t\t\t\t\t\t<\/span>\n\t\t\t\t\t\t\t<span class=\"date\">17.04.2026<\/span>\n\t\t\t<\/div>\n\t\n<\/div>\n\n<\/a>\n<\/div>\n\n<div class=\"t2-featured-query-post t2-featured-content is-post-type-post category-uttale local-bergen wp-block-t2-featured-query-post\"><a class=\"t2-post-link wp-block-t2-post-link\" href=\"https:\/\/naturvernforbundet.no\/hordaland\/boliger-ved-nattlandsveien-152-154\/\">\n<figure style=\"--t2-focal-point: 50% 50%;\" class=\"t2-post-featured-image has-image-ratio-4-3 wp-block-t2-post-featured-image\"><img loading=\"lazy\" decoding=\"async\" width=\"2049\" height=\"1152\" src=\"https:\/\/naturvernforbundet.no\/content\/uploads\/sites\/13\/2025\/11\/Banner-Naturvernforbundet-Bergen.png\" class=\"attachment-post-thumbnail size-post-thumbnail wp-post-image\" alt=\"Gr\u00f8nt banner med logoen til Naturvernforbundet Bergen\" srcset=\"https:\/\/naturvernforbundet.no\/content\/uploads\/sites\/13\/2025\/11\/Banner-Naturvernforbundet-Bergen.png 2049w, https:\/\/naturvernforbundet.no\/content\/uploads\/sites\/13\/2025\/11\/Banner-Naturvernforbundet-Bergen-300x169.png 300w, https:\/\/naturvernforbundet.no\/content\/uploads\/sites\/13\/2025\/11\/Banner-Naturvernforbundet-Bergen-1024x576.png 1024w, https:\/\/naturvernforbundet.no\/content\/uploads\/sites\/13\/2025\/11\/Banner-Naturvernforbundet-Bergen-768x432.png 768w, https:\/\/naturvernforbundet.no\/content\/uploads\/sites\/13\/2025\/11\/Banner-Naturvernforbundet-Bergen-1536x864.png 1536w, https:\/\/naturvernforbundet.no\/content\/uploads\/sites\/13\/2025\/11\/Banner-Naturvernforbundet-Bergen-1920x1079.png 1920w\" sizes=\"auto, (max-width: 2049px) 100vw, 2049px\" \/><\/figure>\n\n<div class=\"wp-block-group alignfull is-layout-flow wp-block-group-is-layout-flow\">\n\t<h2 class=\"t2-post-title wp-block-t2-post-title\">Boliger ved Nattlandsveien 152-154<\/h2>\n\t<p class=\"wp-block-naturvern-post-excerpt\">Innspill til hvordan vi naturen kan ta vare p\u00e5 naturen i dette boligprosjektet.<\/p>\n\t\t<div class=\"wp-block-naturvern-post-meta\">\n\t\t\t\t\t<span class=\"cat\">\n\t\t\t\t\t\t\t\t\t<span><span class=\"tag-link\" data-href=\"https:\/\/naturvernforbundet.no\/hordaland\/category\/uttale\/\">Uttale<\/span><\/span>\n\t\t\t\t\t\t\t<\/span>\n\t\t\t\t\t\t\t<span class=\"date\">14.04.2026<\/span>\n\t\t\t<\/div>\n\t\n<\/div>\n\n<\/a>\n<\/div>\n<\/div>","protected":false},"excerpt":{"rendered":"<p>Det er ikke mange vilk\u00e5r. Her finner du dem:<\/p>\n","protected":false},"author":257,"featured_media":1271,"comment_status":"closed","ping_status":"closed","sticky":false,"template":"","format":"standard","meta":{"_relevanssi_hide_post":"","_relevanssi_hide_content":"","_relevanssi_pin_for_all":"","_relevanssi_pin_keywords":"","_relevanssi_unpin_keywords":"","_relevanssi_related_keywords":"","_relevanssi_related_include_ids":"","_relevanssi_related_exclude_ids":"","_relevanssi_related_no_append":"","_relevanssi_related_not_related":"","_relevanssi_related_posts":"","_relevanssi_noindex_reason":"","t2_featured_media_focal_point":{"x":0.5,"y":0.5},"hide_logo":false,"footnotes":""},"categories":[56],"local":[],"class_list":["post-1332","post","type-post","status-publish","format-standard","has-post-thumbnail","hentry","category-reparasjonsgavekortet"],"acf":[],"yoast_head":"<!-- This site is optimized with the Yoast SEO plugin v24.9 - https:\/\/yoast.com\/wordpress\/plugins\/seo\/ -->\n<title>Hvilke vilk\u00e5r gjelder for Reparasjonsgavekortet? - Hordaland<\/title>\n<meta name=\"robots\" content=\"index, follow, max-snippet:-1, max-image-preview:large, max-video-preview:-1\" \/>\n<link rel=\"canonical\" href=\"https:\/\/naturvernforbundet.no\/hordaland\/hvilke-vilkar-gjelder-for-reparasjonsgavekortet\/\" \/>\n<meta property=\"og:locale\" content=\"nb_NO\" \/>\n<meta property=\"og:type\" content=\"article\" \/>\n<meta property=\"og:title\" content=\"Hvilke vilk\u00e5r gjelder for Reparasjonsgavekortet? - Hordaland\" \/>\n<meta property=\"og:description\" content=\"Det er ikke mange vilk\u00e5r. Her finner du dem:\" \/>\n<meta property=\"og:url\" content=\"https:\/\/naturvernforbundet.no\/hordaland\/hvilke-vilkar-gjelder-for-reparasjonsgavekortet\/\" \/>\n<meta property=\"og:site_name\" content=\"Hordaland\" \/>\n<meta property=\"article:publisher\" content=\"https:\/\/www.facebook.com\/naturvernforbundet.hordaland\" \/>\n<meta property=\"article:published_time\" content=\"2022-10-07T12:31:07+00:00\" \/>\n<meta property=\"article:modified_time\" content=\"2023-10-03T11:08:21+00:00\" \/>\n<meta property=\"og:image\" content=\"https:\/\/naturvernforbundet.no\/content\/uploads\/sites\/13\/2022\/10\/skrujern-illustrasjon-web.jpg-fullscreen.jpg\" \/>\n\t<meta property=\"og:image:width\" content=\"950\" \/>\n\t<meta property=\"og:image:height\" content=\"559\" \/>\n\t<meta property=\"og:image:type\" content=\"image\/jpeg\" \/>\n<meta name=\"author\" content=\"hectorpena\" \/>\n<meta name=\"twitter:card\" content=\"summary_large_image\" \/>\n<meta name=\"twitter:label1\" content=\"Skrevet av\" \/>\n\t<meta name=\"twitter:data1\" content=\"hectorpena\" \/>\n\t<meta name=\"twitter:label2\" content=\"Ansl. lesetid\" \/>\n\t<meta name=\"twitter:data2\" content=\"2 minutter\" \/>\n<script type=\"application\/ld+json\" class=\"yoast-schema-graph\">{\"@context\":\"https:\/\/schema.org\",\"@graph\":[{\"@type\":\"Article\",\"@id\":\"https:\/\/naturvernforbundet.no\/hordaland\/hvilke-vilkar-gjelder-for-reparasjonsgavekortet\/#article\",\"isPartOf\":{\"@id\":\"https:\/\/naturvernforbundet.no\/hordaland\/hvilke-vilkar-gjelder-for-reparasjonsgavekortet\/\"},\"author\":{\"name\":\"hectorpena\",\"@id\":\"https:\/\/naturvernforbundet.no\/hordaland\/#\/schema\/person\/97bd28fb775202302b3726aa3694d4ad\"},\"headline\":\"Hvilke vilk\u00e5r gjelder for Reparasjonsgavekortet?\",\"datePublished\":\"2022-10-07T12:31:07+00:00\",\"dateModified\":\"2023-10-03T11:08:21+00:00\",\"mainEntityOfPage\":{\"@id\":\"https:\/\/naturvernforbundet.no\/hordaland\/hvilke-vilkar-gjelder-for-reparasjonsgavekortet\/\"},\"wordCount\":320,\"publisher\":{\"@id\":\"https:\/\/naturvernforbundet.no\/hordaland\/#organization\"},\"image\":{\"@id\":\"https:\/\/naturvernforbundet.no\/hordaland\/hvilke-vilkar-gjelder-for-reparasjonsgavekortet\/#primaryimage\"},\"thumbnailUrl\":\"https:\/\/naturvernforbundet.no\/content\/uploads\/sites\/13\/2022\/10\/skrujern-illustrasjon-web.jpg-fullscreen.jpg\",\"articleSection\":[\"Reparasjonsgavekortet\"],\"inLanguage\":\"nb-NO\"},{\"@type\":\"WebPage\",\"@id\":\"https:\/\/naturvernforbundet.no\/hordaland\/hvilke-vilkar-gjelder-for-reparasjonsgavekortet\/\",\"url\":\"https:\/\/naturvernforbundet.no\/hordaland\/hvilke-vilkar-gjelder-for-reparasjonsgavekortet\/\",\"name\":\"Hvilke vilk\u00e5r gjelder for Reparasjonsgavekortet? - Hordaland\",\"isPartOf\":{\"@id\":\"https:\/\/naturvernforbundet.no\/hordaland\/#website\"},\"primaryImageOfPage\":{\"@id\":\"https:\/\/naturvernforbundet.no\/hordaland\/hvilke-vilkar-gjelder-for-reparasjonsgavekortet\/#primaryimage\"},\"image\":{\"@id\":\"https:\/\/naturvernforbundet.no\/hordaland\/hvilke-vilkar-gjelder-for-reparasjonsgavekortet\/#primaryimage\"},\"thumbnailUrl\":\"https:\/\/naturvernforbundet.no\/content\/uploads\/sites\/13\/2022\/10\/skrujern-illustrasjon-web.jpg-fullscreen.jpg\",\"datePublished\":\"2022-10-07T12:31:07+00:00\",\"dateModified\":\"2023-10-03T11:08:21+00:00\",\"breadcrumb\":{\"@id\":\"https:\/\/naturvernforbundet.no\/hordaland\/hvilke-vilkar-gjelder-for-reparasjonsgavekortet\/#breadcrumb\"},\"inLanguage\":\"nb-NO\",\"potentialAction\":[{\"@type\":\"ReadAction\",\"target\":[\"https:\/\/naturvernforbundet.no\/hordaland\/hvilke-vilkar-gjelder-for-reparasjonsgavekortet\/\"]}]},{\"@type\":\"ImageObject\",\"inLanguage\":\"nb-NO\",\"@id\":\"https:\/\/naturvernforbundet.no\/hordaland\/hvilke-vilkar-gjelder-for-reparasjonsgavekortet\/#primaryimage\",\"url\":\"https:\/\/naturvernforbundet.no\/content\/uploads\/sites\/13\/2022\/10\/skrujern-illustrasjon-web.jpg-fullscreen.jpg\",\"contentUrl\":\"https:\/\/naturvernforbundet.no\/content\/uploads\/sites\/13\/2022\/10\/skrujern-illustrasjon-web.jpg-fullscreen.jpg\",\"width\":950,\"height\":559},{\"@type\":\"BreadcrumbList\",\"@id\":\"https:\/\/naturvernforbundet.no\/hordaland\/hvilke-vilkar-gjelder-for-reparasjonsgavekortet\/#breadcrumb\",\"itemListElement\":[{\"@type\":\"ListItem\",\"position\":1,\"name\":\"Till naturvernforbundet.no\",\"item\":\"https:\/\/naturvernforbundet.no\/\"},{\"@type\":\"ListItem\",\"position\":2,\"name\":\"Hordaland\",\"item\":\"https:\/\/naturvernforbundet.no\/hordaland\/\"},{\"@type\":\"ListItem\",\"position\":3,\"name\":\"Hvilke vilk\u00e5r gjelder for Reparasjonsgavekortet?\"}]},{\"@type\":\"WebSite\",\"@id\":\"https:\/\/naturvernforbundet.no\/hordaland\/#website\",\"url\":\"https:\/\/naturvernforbundet.no\/hordaland\/\",\"name\":\"Hordaland\",\"description\":\"\",\"publisher\":{\"@id\":\"https:\/\/naturvernforbundet.no\/hordaland\/#organization\"},\"potentialAction\":[{\"@type\":\"SearchAction\",\"target\":{\"@type\":\"EntryPoint\",\"urlTemplate\":\"https:\/\/naturvernforbundet.no\/hordaland\/?s={search_term_string}\"},\"query-input\":{\"@type\":\"PropertyValueSpecification\",\"valueRequired\":true,\"valueName\":\"search_term_string\"}}],\"inLanguage\":\"nb-NO\"},{\"@type\":\"Organization\",\"@id\":\"https:\/\/naturvernforbundet.no\/hordaland\/#organization\",\"name\":\"Naturvernforbundet Hordaland\",\"url\":\"https:\/\/naturvernforbundet.no\/hordaland\/\",\"logo\":{\"@type\":\"ImageObject\",\"inLanguage\":\"nb-NO\",\"@id\":\"https:\/\/naturvernforbundet.no\/hordaland\/#\/schema\/logo\/image\/\",\"url\":\"https:\/\/naturvernforbundet.no\/content\/uploads\/sites\/13\/2022\/11\/Logo_Hordaland_transparent.png\",\"contentUrl\":\"https:\/\/naturvernforbundet.no\/content\/uploads\/sites\/13\/2022\/11\/Logo_Hordaland_transparent.png\",\"width\":1095,\"height\":203,\"caption\":\"Naturvernforbundet Hordaland\"},\"image\":{\"@id\":\"https:\/\/naturvernforbundet.no\/hordaland\/#\/schema\/logo\/image\/\"},\"sameAs\":[\"https:\/\/www.facebook.com\/naturvernforbundet.hordaland\",\"https:\/\/www.instagram.com\/naturvern_hordaland\/\",\"https:\/\/www.flickr.com\/photos\/naturvernforbundet_hordaland\/\"]},{\"@type\":\"Person\",\"@id\":\"https:\/\/naturvernforbundet.no\/hordaland\/#\/schema\/person\/97bd28fb775202302b3726aa3694d4ad\",\"name\":\"hectorpena\",\"image\":{\"@type\":\"ImageObject\",\"inLanguage\":\"nb-NO\",\"@id\":\"https:\/\/naturvernforbundet.no\/hordaland\/#\/schema\/person\/image\/\",\"url\":\"https:\/\/secure.gravatar.com\/avatar\/7e5bd30a9ec04e98372558a22d86a9b3?s=96&d=mm&r=g\",\"contentUrl\":\"https:\/\/secure.gravatar.com\/avatar\/7e5bd30a9ec04e98372558a22d86a9b3?s=96&d=mm&r=g\",\"caption\":\"hectorpena\"},\"url\":\"https:\/\/naturvernforbundet.no\/hordaland\/author\/hectorpena\/\"}]}<\/script>\n<!-- \/ Yoast SEO plugin. -->","yoast_head_json":{"title":"Hvilke vilk\u00e5r gjelder for Reparasjonsgavekortet? - Hordaland","robots":{"index":"index","follow":"follow","max-snippet":"max-snippet:-1","max-image-preview":"max-image-preview:large","max-video-preview":"max-video-preview:-1"},"canonical":"https:\/\/naturvernforbundet.no\/hordaland\/hvilke-vilkar-gjelder-for-reparasjonsgavekortet\/","og_locale":"nb_NO","og_type":"article","og_title":"Hvilke vilk\u00e5r gjelder for Reparasjonsgavekortet? - Hordaland","og_description":"Det er ikke mange vilk\u00e5r. Her finner du dem:","og_url":"https:\/\/naturvernforbundet.no\/hordaland\/hvilke-vilkar-gjelder-for-reparasjonsgavekortet\/","og_site_name":"Hordaland","article_publisher":"https:\/\/www.facebook.com\/naturvernforbundet.hordaland","article_published_time":"2022-10-07T12:31:07+00:00","article_modified_time":"2023-10-03T11:08:21+00:00","og_image":[{"width":950,"height":559,"url":"https:\/\/naturvernforbundet.no\/content\/uploads\/sites\/13\/2022\/10\/skrujern-illustrasjon-web.jpg-fullscreen.jpg","type":"image\/jpeg"}],"author":"hectorpena","twitter_card":"summary_large_image","twitter_misc":{"Skrevet av":"hectorpena","Ansl. lesetid":"2 minutter"},"schema":{"@context":"https:\/\/schema.org","@graph":[{"@type":"Article","@id":"https:\/\/naturvernforbundet.no\/hordaland\/hvilke-vilkar-gjelder-for-reparasjonsgavekortet\/#article","isPartOf":{"@id":"https:\/\/naturvernforbundet.no\/hordaland\/hvilke-vilkar-gjelder-for-reparasjonsgavekortet\/"},"author":{"name":"hectorpena","@id":"https:\/\/naturvernforbundet.no\/hordaland\/#\/schema\/person\/97bd28fb775202302b3726aa3694d4ad"},"headline":"Hvilke vilk\u00e5r gjelder for Reparasjonsgavekortet?","datePublished":"2022-10-07T12:31:07+00:00","dateModified":"2023-10-03T11:08:21+00:00","mainEntityOfPage":{"@id":"https:\/\/naturvernforbundet.no\/hordaland\/hvilke-vilkar-gjelder-for-reparasjonsgavekortet\/"},"wordCount":320,"publisher":{"@id":"https:\/\/naturvernforbundet.no\/hordaland\/#organization"},"image":{"@id":"https:\/\/naturvernforbundet.no\/hordaland\/hvilke-vilkar-gjelder-for-reparasjonsgavekortet\/#primaryimage"},"thumbnailUrl":"https:\/\/naturvernforbundet.no\/content\/uploads\/sites\/13\/2022\/10\/skrujern-illustrasjon-web.jpg-fullscreen.jpg","articleSection":["Reparasjonsgavekortet"],"inLanguage":"nb-NO"},{"@type":"WebPage","@id":"https:\/\/naturvernforbundet.no\/hordaland\/hvilke-vilkar-gjelder-for-reparasjonsgavekortet\/","url":"https:\/\/naturvernforbundet.no\/hordaland\/hvilke-vilkar-gjelder-for-reparasjonsgavekortet\/","name":"Hvilke vilk\u00e5r gjelder for Reparasjonsgavekortet? - Hordaland","isPartOf":{"@id":"https:\/\/naturvernforbundet.no\/hordaland\/#website"},"primaryImageOfPage":{"@id":"https:\/\/naturvernforbundet.no\/hordaland\/hvilke-vilkar-gjelder-for-reparasjonsgavekortet\/#primaryimage"},"image":{"@id":"https:\/\/naturvernforbundet.no\/hordaland\/hvilke-vilkar-gjelder-for-reparasjonsgavekortet\/#primaryimage"},"thumbnailUrl":"https:\/\/naturvernforbundet.no\/content\/uploads\/sites\/13\/2022\/10\/skrujern-illustrasjon-web.jpg-fullscreen.jpg","datePublished":"2022-10-07T12:31:07+00:00","dateModified":"2023-10-03T11:08:21+00:00","breadcrumb":{"@id":"https:\/\/naturvernforbundet.no\/hordaland\/hvilke-vilkar-gjelder-for-reparasjonsgavekortet\/#breadcrumb"},"inLanguage":"nb-NO","potentialAction":[{"@type":"ReadAction","target":["https:\/\/naturvernforbundet.no\/hordaland\/hvilke-vilkar-gjelder-for-reparasjonsgavekortet\/"]}]},{"@type":"ImageObject","inLanguage":"nb-NO","@id":"https:\/\/naturvernforbundet.no\/hordaland\/hvilke-vilkar-gjelder-for-reparasjonsgavekortet\/#primaryimage","url":"https:\/\/naturvernforbundet.no\/content\/uploads\/sites\/13\/2022\/10\/skrujern-illustrasjon-web.jpg-fullscreen.jpg","contentUrl":"https:\/\/naturvernforbundet.no\/content\/uploads\/sites\/13\/2022\/10\/skrujern-illustrasjon-web.jpg-fullscreen.jpg","width":950,"height":559},{"@type":"BreadcrumbList","@id":"https:\/\/naturvernforbundet.no\/hordaland\/hvilke-vilkar-gjelder-for-reparasjonsgavekortet\/#breadcrumb","itemListElement":[{"@type":"ListItem","position":1,"name":"Till naturvernforbundet.no","item":"https:\/\/naturvernforbundet.no\/"},{"@type":"ListItem","position":2,"name":"Hordaland","item":"https:\/\/naturvernforbundet.no\/hordaland\/"},{"@type":"ListItem","position":3,"name":"Hvilke vilk\u00e5r gjelder for Reparasjonsgavekortet?"}]},{"@type":"WebSite","@id":"https:\/\/naturvernforbundet.no\/hordaland\/#website","url":"https:\/\/naturvernforbundet.no\/hordaland\/","name":"Hordaland","description":"","publisher":{"@id":"https:\/\/naturvernforbundet.no\/hordaland\/#organization"},"potentialAction":[{"@type":"SearchAction","target":{"@type":"EntryPoint","urlTemplate":"https:\/\/naturvernforbundet.no\/hordaland\/?s={search_term_string}"},"query-input":{"@type":"PropertyValueSpecification","valueRequired":true,"valueName":"search_term_string"}}],"inLanguage":"nb-NO"},{"@type":"Organization","@id":"https:\/\/naturvernforbundet.no\/hordaland\/#organization","name":"Naturvernforbundet Hordaland","url":"https:\/\/naturvernforbundet.no\/hordaland\/","logo":{"@type":"ImageObject","inLanguage":"nb-NO","@id":"https:\/\/naturvernforbundet.no\/hordaland\/#\/schema\/logo\/image\/","url":"https:\/\/naturvernforbundet.no\/content\/uploads\/sites\/13\/2022\/11\/Logo_Hordaland_transparent.png","contentUrl":"https:\/\/naturvernforbundet.no\/content\/uploads\/sites\/13\/2022\/11\/Logo_Hordaland_transparent.png","width":1095,"height":203,"caption":"Naturvernforbundet Hordaland"},"image":{"@id":"https:\/\/naturvernforbundet.no\/hordaland\/#\/schema\/logo\/image\/"},"sameAs":["https:\/\/www.facebook.com\/naturvernforbundet.hordaland","https:\/\/www.instagram.com\/naturvern_hordaland\/","https:\/\/www.flickr.com\/photos\/naturvernforbundet_hordaland\/"]},{"@type":"Person","@id":"https:\/\/naturvernforbundet.no\/hordaland\/#\/schema\/person\/97bd28fb775202302b3726aa3694d4ad","name":"hectorpena","image":{"@type":"ImageObject","inLanguage":"nb-NO","@id":"https:\/\/naturvernforbundet.no\/hordaland\/#\/schema\/person\/image\/","url":"https:\/\/secure.gravatar.com\/avatar\/7e5bd30a9ec04e98372558a22d86a9b3?s=96&d=mm&r=g","contentUrl":"https:\/\/secure.gravatar.com\/avatar\/7e5bd30a9ec04e98372558a22d86a9b3?s=96&d=mm&r=g","caption":"hectorpena"},"url":"https:\/\/naturvernforbundet.no\/hordaland\/author\/hectorpena\/"}]}},"_links":{"self":[{"href":"https:\/\/naturvernforbundet.no\/hordaland\/wp-json\/wp\/v2\/posts\/1332","targetHints":{"allow":["GET"]}}],"collection":[{"href":"https:\/\/naturvernforbundet.no\/hordaland\/wp-json\/wp\/v2\/posts"}],"about":[{"href":"https:\/\/naturvernforbundet.no\/hordaland\/wp-json\/wp\/v2\/types\/post"}],"author":[{"embeddable":true,"href":"https:\/\/naturvernforbundet.no\/hordaland\/wp-json\/wp\/v2\/users\/257"}],"replies":[{"embeddable":true,"href":"https:\/\/naturvernforbundet.no\/hordaland\/wp-json\/wp\/v2\/comments?post=1332"}],"version-history":[{"count":7,"href":"https:\/\/naturvernforbundet.no\/hordaland\/wp-json\/wp\/v2\/posts\/1332\/revisions"}],"predecessor-version":[{"id":6114,"href":"https:\/\/naturvernforbundet.no\/hordaland\/wp-json\/wp\/v2\/posts\/1332\/revisions\/6114"}],"wp:featuredmedia":[{"embeddable":true,"href":"https:\/\/naturvernforbundet.no\/hordaland\/wp-json\/wp\/v2\/media\/1271"}],"wp:attachment":[{"href":"https:\/\/naturvernforbundet.no\/hordaland\/wp-json\/wp\/v2\/media?parent=1332"}],"wp:term":[{"taxonomy":"category","embeddable":true,"href":"https:\/\/naturvernforbundet.no\/hordaland\/wp-json\/wp\/v2\/categories?post=1332"},{"taxonomy":"local","embeddable":true,"href":"https:\/\/naturvernforbundet.no\/hordaland\/wp-json\/wp\/v2\/local?post=1332"}],"curies":[{"name":"wp","href":"https:\/\/api.w.org\/{rel}","templated":true}]}}