{"id":1417,"date":"2017-08-21T14:30:18","date_gmt":"2017-08-21T12:30:18","guid":{"rendered":"https:\/\/naturvernforbundet.no\/hordaland\/ta-vare-pa-det-du-har-i-hordaland\/"},"modified":"2024-12-16T13:05:21","modified_gmt":"2024-12-16T12:05:21","slug":"ta-vare-pa-det-du-har","status":"publish","type":"post","link":"https:\/\/naturvernforbundet.no\/hordaland\/ta-vare-pa-det-du-har\/","title":{"rendered":"Ta vare p\u00e5 det du har"},"content":{"rendered":"\t<div class=\"template-post alignfull wp-block-naturvern-hero\">\n\t\t<div class=\"hero__inner\">\n\t\t\t<div class=\"hero__inner_blocks\">\n\t\t\t\t\t\t\t\t\n<h1 class=\"wp-block-post-title\">Ta vare p\u00e5 det du har<\/h1>\n\n<div class=\"wp-block-post-excerpt\"><p class=\"wp-block-post-excerpt__excerpt\">Avfallsmengdene er enorme. I dette prosjektet jobber vi for at flere blir en del av den milj\u00f8vennlige reparasjonskulturen. <\/p><\/div>\n\n<figure class=\"wp-block-post-featured-image\"><img loading=\"lazy\" decoding=\"async\" width=\"653\" height=\"327\" src=\"https:\/\/naturvernforbundet.no\/content\/uploads\/sites\/13\/2017\/08\/TavarepC3A5detduhar.no_.jpg2028articledisplay29.jpg\" class=\"attachment-post-thumbnail size-post-thumbnail wp-post-image\" alt=\"\" style=\"object-fit:cover;\" srcset=\"https:\/\/naturvernforbundet.no\/content\/uploads\/sites\/13\/2017\/08\/TavarepC3A5detduhar.no_.jpg2028articledisplay29.jpg 653w, https:\/\/naturvernforbundet.no\/content\/uploads\/sites\/13\/2017\/08\/TavarepC3A5detduhar.no_.jpg2028articledisplay29-300x150.jpg 300w\" sizes=\"auto, (max-width: 653px) 100vw, 653px\" \/><\/figure>\n\t\t\t<\/div>\n\t\t\t\t\t<\/div>\n\t\t\t<\/div>\n\t\n\n<ul class=\"t2-link-list has-1-items has-auto-columns wp-block-t2-link-list\">\n\t<li class=\"t2-link-list-item wp-block-t2-link-list-item\">\n\t\t<a\n\t\t\thref=\"https:\/\/naturvernforbundet.no\/hordaland\/take-care-of-what-youve-got\/\"\n\t\t\tclass=\"t2-link-list-item__link t2-link-list__icon--left\"\n\t\t\taria-describedby=\"link-list-item\"\t\t>\n\t\t\t<span class=\"t2-link-list-item__icon\"><span class=\"t2-link-list-item__icon-box\"><\/span><svg xmlns=\"http:\/\/www.w3.org\/2000\/svg\" viewBox=\"0 0 24 24\" height=\"24\" width=\"24\" class=\"t2-icon t2-icon-arrowforward\" aria-hidden=\"true\" focusable=\"false\"><path d=\"M11.3 19.3c-.2-.2-.3-.4-.3-.7 0-.3.1-.5.3-.7l4.9-4.9H5c-.3 0-.5-.1-.7-.3-.2-.2-.3-.4-.3-.7s.1-.5.3-.7c.2-.2.4-.3.7-.3h11.2l-4.9-4.9c-.2-.2-.3-.4-.3-.7 0-.3.1-.5.3-.7.2-.2.4-.3.7-.3s.5.1.7.3l6.6 6.6c.1.1.2.2.2.3 0 .1.1.3.1.4 0 .1 0 .3-.1.4 0 .1-.1.2-.2.3l-6.6 6.6c-.2.2-.4.3-.7.3s-.5-.1-.7-.3z\"\/><\/svg><\/span>\t\t\t<div class=\"t2-link-list-item__content\">\n\n\t\t\t\t\n\t\t\t\t<span class=\"t2-link-list-item__text\">\n\t\t\t\t\tRead this article in English\t\t\t\t<\/span>\n\t\t\t\t<span id=\"link-list-item\" class=\"t2-link-list-item__description\">Take care of what you&#039;ve got<\/span>\t\t\t<\/div>\n\t\t<\/a>\n\t<\/li>\n\t\n<\/ul>\n\n\n<h2 class=\"wp-block-heading\" id=\"om-prosjektet\">Om prosjektet<\/h2>\n\n\n\n<p>Bare siden 1995 har avfallsmengden i Norge&nbsp;\u00f8kt med over 50 prosent. Kastingen er et stort milj\u00f8problem. Nordmenns forbruk av energi og ressurser er s\u00e5 h\u00f8yt at vi ville trengt n\u00e6rmere tre jordkloder hvis alle skulle ha levd som oss.<\/p>\n\n\n\n<p>Vi \u00f8nsker \u00e5 hjelpe deg p\u00e5 veien til \u00e5 ta vare p\u00e5 tingene dine. Gjennom enkle tips og triks kan du selv s\u00f8rge for godt vedlikehold og enkle reparasjoner, slik at det du er glad i kan leve videre.<\/p>\n\n\n\n<p>Vi \u00f8nsker ogs\u00e5 \u00e5 synliggj\u00f8re hverdagsheltene som finnes over hele Norge. Fiksere som tar vare p\u00e5 h\u00e5ndverket, slik at du kan ta vare p\u00e5 tingene dine. Hos oss finner du en oversikt over lokale h\u00e5ndverkere i ditt n\u00e6romr\u00e5de, slik at du kan lett f\u00e5 hjelp til \u00e5 forlenge levetiden p\u00e5 det som betyr noe for deg.<\/p>\n\n\n\n<div class=\"wp-block-group is-style-green-light is-layout-constrained wp-block-group-is-layout-constrained\">\n<h2 class=\"wp-block-heading\" id=\"nettside-for-prosjektet\">Nettside for prosjektet<\/h2>\n\n\n\n<p>Prosjektet v\u00e5rt har en egen nettside. Her samler vi <strong>reparasjonstips <\/strong>s\u00e5 du kan ta vare p\u00e5 tingene dine enda lengre. Du finner ogs\u00e5 en liste over <strong>lokale reparat\u00f8rer<\/strong>.<\/p>\n\n\n\n<div class=\"wp-block-buttons is-layout-flex wp-block-buttons-is-layout-flex\">\n<div class=\"wp-block-button is-style-link\"><a class=\"wp-block-button__link wp-element-button\" href=\"https:\/\/tavarepadetduhar.no\/\" target=\"_blank\" rel=\"noreferrer noopener\">Bes\u00f8k&nbsp;tavarep\u00e5detduhar.no<\/a><\/div>\n<\/div>\n<\/div>\n\n\n\n<div class=\"wp-block-media-text alignwide is-stacked-on-mobile is-image-fill\"><figure class=\"wp-block-media-text__media\" style=\"background-image:url(https:\/\/naturvernforbundet.no\/content\/uploads\/sites\/13\/2022\/11\/RG-facebook1-1024x538.jpg);background-position:50% 50%\"><img loading=\"lazy\" decoding=\"async\" width=\"1024\" height=\"538\" src=\"https:\/\/naturvernforbundet.no\/content\/uploads\/sites\/13\/2022\/11\/RG-facebook1-1024x538.jpg\" alt=\"Reparasjonsgavekortet ligger p\u00e5 et bord med tr\u00e5dsneller og saks\" class=\"wp-image-2546 size-full\" srcset=\"https:\/\/naturvernforbundet.no\/content\/uploads\/sites\/13\/2022\/11\/RG-facebook1-1024x538.jpg 1024w, https:\/\/naturvernforbundet.no\/content\/uploads\/sites\/13\/2022\/11\/RG-facebook1-300x158.jpg 300w, https:\/\/naturvernforbundet.no\/content\/uploads\/sites\/13\/2022\/11\/RG-facebook1-768x403.jpg 768w, https:\/\/naturvernforbundet.no\/content\/uploads\/sites\/13\/2022\/11\/RG-facebook1.jpg 1200w\" sizes=\"auto, (max-width: 1024px) 100vw, 1024px\" \/><\/figure><div class=\"wp-block-media-text__content\">\n<h2 class=\"wp-block-heading\" id=\"reparasjonsgavekortet\">Reparasjonsgavekortet <\/h2>\n\n\n\n<p>Med Reparasjonsgavekortet er det endelig mulig \u00e5 b\u00e5de gi og motta en profesjonell reparasjon i gave. I tillegg er det enkelt &#8211; og fleksibelt. <\/p>\n\n\n\n<p>Her&nbsp;er er noen av de tingene du kan bruke Reparasjonsgavekortet til \u00e5 f\u00e5 reparert: kl\u00e6r, hvitevarer, mobiltelefoner og datautstyr, m\u00f8bler og sko. <\/p>\n\n\n\n<div class=\"wp-block-buttons is-layout-flex wp-block-buttons-is-layout-flex\">\n<div class=\"wp-block-button is-style-link\"><a class=\"wp-block-button__link wp-element-button\" href=\"https:\/\/naturvernforbundet.no\/hordaland\/reparasjonsgavekortet\/\" target=\"_blank\" rel=\"noreferrer noopener\">Les om ordningen<\/a><\/div>\n\n\n\n<div class=\"wp-block-button is-style-link\"><a class=\"wp-block-button__link wp-element-button\" href=\"https:\/\/giftup.app\/place-order\/c0328ec5-e407-4658-91e4-8a01030800c7?platform=Hosted\" target=\"_blank\" rel=\"noreferrer noopener\">Kj\u00f8p et gavekort!<\/a><\/div>\n<\/div>\n<\/div><\/div>\n\n\n\n<div class=\"wp-block-group alignwide is-style-green-light is-layout-constrained wp-block-group-is-layout-constrained\">\n<div class=\"wp-block-media-text alignwide has-media-on-the-right is-stacked-on-mobile is-image-fill\" style=\"grid-template-columns:auto 36%\"><div class=\"wp-block-media-text__content\">\n<h2 class=\"wp-block-heading\" id=\"bli-frivillig-i-gruppen-fiks-og-forbruk\">Bli frivillig i gruppen &laquo;Fiks og forbruk&raquo;!<\/h2>\n\n\n\n<p>Frivillige i denne gruppen m\u00f8tes for \u00e5 for \u00e5 sy og redesigne, er med p\u00e5 \u00e5 organisere klesbyttedagen og  fiksefester. De kan skrive artikler, hjelpe med SOME, st\u00e5 p\u00e5 stand, selge reparasjonsgavekort.<\/p>\n\n\n\n<p>V\u00e5re frivillige f\u00e5r attest, mat p\u00e5 aktiviteter, blir kjent med andre og f\u00e5r god oppf\u00f8lging fra ansatt.<\/p>\n\n\n\n<p>Vil du bli frivillig i gruppen, eller h\u00f8re mer? Ta kontakt med Lena (<a href=\"mailto:lt@naturvernforbundet.no\">lt@naturvernforbundet.no<\/a>).<\/p>\n<\/div><figure class=\"wp-block-media-text__media\" style=\"background-image:url(https:\/\/naturvernforbundet.no\/content\/uploads\/sites\/13\/2023\/12\/IMG_4439-1024x768.jpeg);background-position:50% 50%\"><img loading=\"lazy\" decoding=\"async\" width=\"1024\" height=\"768\" src=\"https:\/\/naturvernforbundet.no\/content\/uploads\/sites\/13\/2023\/12\/IMG_4439-1024x768.jpeg\" alt=\"sy selv kveld, reparasjon, frivillige, fiks og forbruk\" class=\"wp-image-7137 size-full\" srcset=\"https:\/\/naturvernforbundet.no\/content\/uploads\/sites\/13\/2023\/12\/IMG_4439-1024x768.jpeg 1024w, https:\/\/naturvernforbundet.no\/content\/uploads\/sites\/13\/2023\/12\/IMG_4439-300x225.jpeg 300w, https:\/\/naturvernforbundet.no\/content\/uploads\/sites\/13\/2023\/12\/IMG_4439-768x576.jpeg 768w, https:\/\/naturvernforbundet.no\/content\/uploads\/sites\/13\/2023\/12\/IMG_4439-1536x1152.jpeg 1536w, https:\/\/naturvernforbundet.no\/content\/uploads\/sites\/13\/2023\/12\/IMG_4439-2048x1536.jpeg 2048w, https:\/\/naturvernforbundet.no\/content\/uploads\/sites\/13\/2023\/12\/IMG_4439-1920x1440.jpeg 1920w\" sizes=\"auto, (max-width: 1024px) 100vw, 1024px\" \/><span class=\"t2-image-credit-name\">Foto: Lena Teigland<\/span><\/figure><\/div>\n<\/div>\n\n\n\n<h2 class=\"wp-block-heading\" id=\"kontakt\">Kontakt<\/h2>\n\n\n\n<p>Lena Teigland<br><a href=\"mailto:lt@naturvernforbundet.no\">lt@naturvernforbundet.no<\/a><br> &nbsp;<\/p>\n\n\n\n<div class=\"wp-block-group is-layout-constrained wp-block-group-is-layout-constrained\">\n<h2 class=\"wp-block-heading has-text-align-center\" id=\"stottespillere\">St\u00f8ttespillere<\/h2>\n\n\n\t<div class=\"t2-logo-showcase wp-block-t2-logo-showcase\">\n\t\t\t\t\t<div class=\"t2-logo-item\">\n\t\t\t\t<img loading=\"lazy\" decoding=\"async\" width=\"300\" height=\"119\" src=\"https:\/\/naturvernforbundet.no\/content\/uploads\/sites\/13\/2024\/11\/Bergesenstiftelsen-primaerlogo-svart-PNG-300x119.png\" class=\"attachment-medium size-medium\" alt=\"\" srcset=\"https:\/\/naturvernforbundet.no\/content\/uploads\/sites\/13\/2024\/11\/Bergesenstiftelsen-primaerlogo-svart-PNG-300x119.png 300w, https:\/\/naturvernforbundet.no\/content\/uploads\/sites\/13\/2024\/11\/Bergesenstiftelsen-primaerlogo-svart-PNG-1024x405.png 1024w, https:\/\/naturvernforbundet.no\/content\/uploads\/sites\/13\/2024\/11\/Bergesenstiftelsen-primaerlogo-svart-PNG-768x304.png 768w, https:\/\/naturvernforbundet.no\/content\/uploads\/sites\/13\/2024\/11\/Bergesenstiftelsen-primaerlogo-svart-PNG.png 1200w\" sizes=\"auto, (max-width: 300px) 100vw, 300px\" \/>\t\t\t<\/div>\n\t\t\t\t<\/div>\n\t<\/div>\n\n\n\n<div class=\"wp-block-group alignwide is-layout-constrained wp-block-group-is-layout-constrained\">\n<div class=\"wp-block-group alignwide is-layout-constrained wp-block-group-is-layout-constrained\">\n<h2 class=\"wp-block-heading has-text-align-center\" id=\"artikler-fra-hordaland\">Artikler fra Hordaland<\/h2>\n\n\n<div class=\"t2-featured-content-layout alignwide alignwide wp-block-t2-featured-content-layout\">\n<div class=\"t2-featured-query-post t2-featured-content is-post-type-post category-aktuelt wp-block-t2-featured-query-post\"><a class=\"t2-post-link wp-block-t2-post-link\" href=\"https:\/\/naturvernforbundet.no\/hordaland\/digitalt-kurs-om-biodiversitet-og-natur\/\">\n<figure style=\"--t2-focal-point: 50% 50%;\" class=\"t2-post-featured-image has-image-ratio-4-3 wp-block-t2-post-featured-image\"><img loading=\"lazy\" decoding=\"async\" width=\"2560\" height=\"1920\" src=\"https:\/\/naturvernforbundet.no\/content\/uploads\/sites\/13\/2023\/03\/Oksnesmarka_-Gunvar-Mikkelsen-scaled.jpg\" class=\"attachment-post-thumbnail size-post-thumbnail wp-post-image\" alt=\"\u00d8ksnesmarka. Foto av Gunvar Mikkelsen.\" srcset=\"https:\/\/naturvernforbundet.no\/content\/uploads\/sites\/13\/2023\/03\/Oksnesmarka_-Gunvar-Mikkelsen-scaled.jpg 2560w, https:\/\/naturvernforbundet.no\/content\/uploads\/sites\/13\/2023\/03\/Oksnesmarka_-Gunvar-Mikkelsen-300x225.jpg 300w, https:\/\/naturvernforbundet.no\/content\/uploads\/sites\/13\/2023\/03\/Oksnesmarka_-Gunvar-Mikkelsen-1024x768.jpg 1024w, https:\/\/naturvernforbundet.no\/content\/uploads\/sites\/13\/2023\/03\/Oksnesmarka_-Gunvar-Mikkelsen-768x576.jpg 768w, https:\/\/naturvernforbundet.no\/content\/uploads\/sites\/13\/2023\/03\/Oksnesmarka_-Gunvar-Mikkelsen-1536x1152.jpg 1536w, https:\/\/naturvernforbundet.no\/content\/uploads\/sites\/13\/2023\/03\/Oksnesmarka_-Gunvar-Mikkelsen-2048x1536.jpg 2048w, https:\/\/naturvernforbundet.no\/content\/uploads\/sites\/13\/2023\/03\/Oksnesmarka_-Gunvar-Mikkelsen-1920x1440.jpg 1920w\" sizes=\"auto, (max-width: 2560px) 100vw, 2560px\" \/><\/figure>\n\n<div class=\"wp-block-group alignfull is-layout-flow wp-block-group-is-layout-flow\">\n\t<h2 class=\"t2-post-title wp-block-t2-post-title\">Digitalt kurs om biodiversitet og natur<\/h2>\n\t<p class=\"wp-block-naturvern-post-excerpt\">Bli med p\u00e5 kurs for frivillige i Naturvernforbundet om biodiversitet og natur! Kurset vil gi innsikt i norsk natur, og viktige verkt\u00f8y som brukes i kartlegging av arter, naturtyper og mer, hvor vi kan hente ut informasjon som er nyttig for omr\u00e5der vi \u00f8nsker \u00e5 ta vare p\u00e5.<\/p>\n\t\t<div class=\"wp-block-naturvern-post-meta\">\n\t\t\t\t\t<span class=\"cat\">\n\t\t\t\t\t\t\t\t\t<span><span class=\"tag-link\" data-href=\"https:\/\/naturvernforbundet.no\/hordaland\/category\/aktuelt\/\">Aktuelt<\/span><\/span>\n\t\t\t\t\t\t\t<\/span>\n\t\t\t\t\t\t\t<span class=\"date\">27.04.2026<\/span>\n\t\t\t<\/div>\n\t\n<\/div>\n\n<\/a>\n<\/div>\n\n<div class=\"t2-featured-query-post t2-featured-content is-post-type-post category-aktuelt wp-block-t2-featured-query-post\"><a class=\"t2-post-link wp-block-t2-post-link\" href=\"https:\/\/naturvernforbundet.no\/hordaland\/naturvernhelga2026\/\">\n<figure style=\"--t2-focal-point: 50% 50%;\" class=\"t2-post-featured-image has-image-ratio-4-3 wp-block-t2-post-featured-image\"><img loading=\"lazy\" decoding=\"async\" width=\"2048\" height=\"1382\" src=\"https:\/\/naturvernforbundet.no\/content\/uploads\/sites\/13\/2026\/04\/DSC00732.jpg\" class=\"attachment-post-thumbnail size-post-thumbnail wp-post-image\" alt=\"\" srcset=\"https:\/\/naturvernforbundet.no\/content\/uploads\/sites\/13\/2026\/04\/DSC00732.jpg 2048w, https:\/\/naturvernforbundet.no\/content\/uploads\/sites\/13\/2026\/04\/DSC00732-300x202.jpg 300w, https:\/\/naturvernforbundet.no\/content\/uploads\/sites\/13\/2026\/04\/DSC00732-1024x691.jpg 1024w, https:\/\/naturvernforbundet.no\/content\/uploads\/sites\/13\/2026\/04\/DSC00732-768x518.jpg 768w, https:\/\/naturvernforbundet.no\/content\/uploads\/sites\/13\/2026\/04\/DSC00732-1536x1037.jpg 1536w, https:\/\/naturvernforbundet.no\/content\/uploads\/sites\/13\/2026\/04\/DSC00732-1920x1296.jpg 1920w\" sizes=\"auto, (max-width: 2048px) 100vw, 2048px\" \/><\/figure>\n\n<div class=\"wp-block-group alignfull is-layout-flow wp-block-group-is-layout-flow\">\n\t<h2 class=\"t2-post-title wp-block-t2-post-title\">Naturvernhelga<\/h2>\n\t<p class=\"wp-block-naturvern-post-excerpt\">Sosial og faglig m\u00f8teplass hvor naturvernere m\u00f8tes, blir inspirert og l\u00e6rer noe nytt.<\/p>\n\t\t<div class=\"wp-block-naturvern-post-meta\">\n\t\t\t\t\t<span class=\"cat\">\n\t\t\t\t\t\t\t\t\t<span><span class=\"tag-link\" data-href=\"https:\/\/naturvernforbundet.no\/hordaland\/category\/aktuelt\/\">Aktuelt<\/span><\/span>\n\t\t\t\t\t\t\t<\/span>\n\t\t\t\t\t\t\t<span class=\"date\">17.04.2026<\/span>\n\t\t\t<\/div>\n\t\n<\/div>\n\n<\/a>\n<\/div>\n\n<div class=\"t2-featured-query-post t2-featured-content is-post-type-post category-aktuelt wp-block-t2-featured-query-post\"><a class=\"t2-post-link wp-block-t2-post-link\" href=\"https:\/\/naturvernforbundet.no\/hordaland\/ny-rapport-om-kildn\/\">\n<figure style=\"--t2-focal-point: 50% 50%;\" class=\"t2-post-featured-image has-image-ratio-4-3 wp-block-t2-post-featured-image\"><img loading=\"lazy\" decoding=\"async\" width=\"1860\" height=\"874\" src=\"https:\/\/naturvernforbundet.no\/content\/uploads\/sites\/13\/2026\/04\/Skjermbilde-KILDN.png\" class=\"attachment-post-thumbnail size-post-thumbnail wp-post-image\" alt=\"\" srcset=\"https:\/\/naturvernforbundet.no\/content\/uploads\/sites\/13\/2026\/04\/Skjermbilde-KILDN.png 1860w, https:\/\/naturvernforbundet.no\/content\/uploads\/sites\/13\/2026\/04\/Skjermbilde-KILDN-300x141.png 300w, https:\/\/naturvernforbundet.no\/content\/uploads\/sites\/13\/2026\/04\/Skjermbilde-KILDN-1024x481.png 1024w, https:\/\/naturvernforbundet.no\/content\/uploads\/sites\/13\/2026\/04\/Skjermbilde-KILDN-768x361.png 768w, https:\/\/naturvernforbundet.no\/content\/uploads\/sites\/13\/2026\/04\/Skjermbilde-KILDN-1536x722.png 1536w\" sizes=\"auto, (max-width: 1860px) 100vw, 1860px\" \/><\/figure>\n\n<div class=\"wp-block-group alignfull is-layout-flow wp-block-group-is-layout-flow\">\n\t<h2 class=\"t2-post-title wp-block-t2-post-title\">Ny rapport om KILDN<\/h2>\n\t<p class=\"wp-block-naturvern-post-excerpt\">Prosjektet KILDNs l\u00f8fter om \u00e5 etablere verdens f\u00f8rste nullutslippshavn p\u00e5 Ask\u00f8y er s\u00e5 vidl\u00f8ftige at rapporten rett og slett har f\u00e5tt undertittelen &laquo;Gr\u00f8nnvasking i s\u00e6rklasse&raquo;<\/p>\n\t\t<div class=\"wp-block-naturvern-post-meta\">\n\t\t\t\t\t<span class=\"cat\">\n\t\t\t\t\t\t\t\t\t<span><span class=\"tag-link\" data-href=\"https:\/\/naturvernforbundet.no\/hordaland\/category\/aktuelt\/\">Aktuelt<\/span><\/span>\n\t\t\t\t\t\t\t<\/span>\n\t\t\t\t\t\t\t<span class=\"date\">10.04.2026<\/span>\n\t\t\t<\/div>\n\t\n<\/div>\n\n<\/a>\n<\/div>\n<\/div><\/div>\n<\/div>\n","protected":false},"excerpt":{"rendered":"<p>Avfallsmengdene er enorme. I dette prosjektet jobber vi for at flere blir en del av den milj\u00f8vennlige reparasjonskulturen. <\/p>\n","protected":false},"author":185,"featured_media":1409,"comment_status":"closed","ping_status":"closed","sticky":false,"template":"","format":"standard","meta":{"_relevanssi_hide_post":"","_relevanssi_hide_content":"","_relevanssi_pin_for_all":"","_relevanssi_pin_keywords":"","_relevanssi_unpin_keywords":"","_relevanssi_related_keywords":"","_relevanssi_related_include_ids":"","_relevanssi_related_exclude_ids":"","_relevanssi_related_no_append":"","_relevanssi_related_not_related":"","_relevanssi_related_posts":"10597,10869,10895,10504,10841,10116","_relevanssi_noindex_reason":"","t2_featured_media_focal_point":{"x":0.5,"y":0.5},"hide_logo":false,"footnotes":""},"categories":[53],"local":[],"class_list":["post-1417","post","type-post","status-publish","format-standard","has-post-thumbnail","hentry","category-prosjekter"],"acf":[],"yoast_head":"<!-- This site is optimized with the Yoast SEO plugin v24.9 - https:\/\/yoast.com\/wordpress\/plugins\/seo\/ -->\n<title>Ta vare p\u00e5 det du har - Hordaland<\/title>\n<meta name=\"description\" content=\"Avfallsmengdene er enorme. I &#039;Ta vare p\u00e5 det du har&#039; jobber vi for at flere blir en del av den milj\u00f8vennlige reparasjonskulturen.\" \/>\n<meta name=\"robots\" content=\"index, follow, max-snippet:-1, max-image-preview:large, max-video-preview:-1\" \/>\n<link rel=\"canonical\" href=\"https:\/\/naturvernforbundet.no\/hordaland\/ta-vare-pa-det-du-har\/\" \/>\n<meta property=\"og:locale\" content=\"nb_NO\" \/>\n<meta property=\"og:type\" content=\"article\" \/>\n<meta property=\"og:title\" content=\"Ta vare p\u00e5 det du har - Hordaland\" \/>\n<meta property=\"og:description\" content=\"Avfallsmengdene er enorme. I &#039;Ta vare p\u00e5 det du har&#039; jobber vi for at flere blir en del av den milj\u00f8vennlige reparasjonskulturen.\" \/>\n<meta property=\"og:url\" content=\"https:\/\/naturvernforbundet.no\/hordaland\/ta-vare-pa-det-du-har\/\" \/>\n<meta property=\"og:site_name\" content=\"Hordaland\" \/>\n<meta property=\"article:publisher\" content=\"https:\/\/www.facebook.com\/naturvernforbundet.hordaland\" \/>\n<meta property=\"article:published_time\" content=\"2017-08-21T12:30:18+00:00\" \/>\n<meta property=\"article:modified_time\" content=\"2024-12-16T12:05:21+00:00\" \/>\n<meta property=\"og:image\" content=\"https:\/\/naturvernforbundet.no\/content\/uploads\/sites\/13\/2017\/08\/TavarepC3A5detduhar.no_.jpg2028articledisplay29.jpg\" \/>\n\t<meta property=\"og:image:width\" content=\"653\" \/>\n\t<meta property=\"og:image:height\" content=\"327\" \/>\n\t<meta property=\"og:image:type\" content=\"image\/jpeg\" \/>\n<meta name=\"author\" content=\"Mona Maria L\u00f8berg\" \/>\n<meta name=\"twitter:card\" content=\"summary_large_image\" \/>\n<meta name=\"twitter:label1\" content=\"Skrevet av\" \/>\n\t<meta name=\"twitter:data1\" content=\"Mona Maria L\u00f8berg\" \/>\n\t<meta name=\"twitter:label2\" content=\"Ansl. lesetid\" \/>\n\t<meta name=\"twitter:data2\" content=\"1 minutt\" \/>\n<script type=\"application\/ld+json\" class=\"yoast-schema-graph\">{\"@context\":\"https:\/\/schema.org\",\"@graph\":[{\"@type\":\"Article\",\"@id\":\"https:\/\/naturvernforbundet.no\/hordaland\/ta-vare-pa-det-du-har\/#article\",\"isPartOf\":{\"@id\":\"https:\/\/naturvernforbundet.no\/hordaland\/ta-vare-pa-det-du-har\/\"},\"author\":{\"name\":\"Mona Maria L\u00f8berg\",\"@id\":\"https:\/\/naturvernforbundet.no\/hordaland\/#\/schema\/person\/2b4f064c76270324a903c0a70e9f6afd\"},\"headline\":\"Ta vare p\u00e5 det du har\",\"datePublished\":\"2017-08-21T12:30:18+00:00\",\"dateModified\":\"2024-12-16T12:05:21+00:00\",\"mainEntityOfPage\":{\"@id\":\"https:\/\/naturvernforbundet.no\/hordaland\/ta-vare-pa-det-du-har\/\"},\"wordCount\":250,\"publisher\":{\"@id\":\"https:\/\/naturvernforbundet.no\/hordaland\/#organization\"},\"image\":{\"@id\":\"https:\/\/naturvernforbundet.no\/hordaland\/ta-vare-pa-det-du-har\/#primaryimage\"},\"thumbnailUrl\":\"https:\/\/naturvernforbundet.no\/content\/uploads\/sites\/13\/2017\/08\/TavarepC3A5detduhar.no_.jpg2028articledisplay29.jpg\",\"articleSection\":[\"Prosjekter\"],\"inLanguage\":\"nb-NO\"},{\"@type\":\"WebPage\",\"@id\":\"https:\/\/naturvernforbundet.no\/hordaland\/ta-vare-pa-det-du-har\/\",\"url\":\"https:\/\/naturvernforbundet.no\/hordaland\/ta-vare-pa-det-du-har\/\",\"name\":\"Ta vare p\u00e5 det du har - Hordaland\",\"isPartOf\":{\"@id\":\"https:\/\/naturvernforbundet.no\/hordaland\/#website\"},\"primaryImageOfPage\":{\"@id\":\"https:\/\/naturvernforbundet.no\/hordaland\/ta-vare-pa-det-du-har\/#primaryimage\"},\"image\":{\"@id\":\"https:\/\/naturvernforbundet.no\/hordaland\/ta-vare-pa-det-du-har\/#primaryimage\"},\"thumbnailUrl\":\"https:\/\/naturvernforbundet.no\/content\/uploads\/sites\/13\/2017\/08\/TavarepC3A5detduhar.no_.jpg2028articledisplay29.jpg\",\"datePublished\":\"2017-08-21T12:30:18+00:00\",\"dateModified\":\"2024-12-16T12:05:21+00:00\",\"description\":\"Avfallsmengdene er enorme. I 'Ta vare p\u00e5 det du har' jobber vi for at flere blir en del av den milj\u00f8vennlige reparasjonskulturen.\",\"breadcrumb\":{\"@id\":\"https:\/\/naturvernforbundet.no\/hordaland\/ta-vare-pa-det-du-har\/#breadcrumb\"},\"inLanguage\":\"nb-NO\",\"potentialAction\":[{\"@type\":\"ReadAction\",\"target\":[\"https:\/\/naturvernforbundet.no\/hordaland\/ta-vare-pa-det-du-har\/\"]}]},{\"@type\":\"ImageObject\",\"inLanguage\":\"nb-NO\",\"@id\":\"https:\/\/naturvernforbundet.no\/hordaland\/ta-vare-pa-det-du-har\/#primaryimage\",\"url\":\"https:\/\/naturvernforbundet.no\/content\/uploads\/sites\/13\/2017\/08\/TavarepC3A5detduhar.no_.jpg2028articledisplay29.jpg\",\"contentUrl\":\"https:\/\/naturvernforbundet.no\/content\/uploads\/sites\/13\/2017\/08\/TavarepC3A5detduhar.no_.jpg2028articledisplay29.jpg\",\"width\":653,\"height\":327},{\"@type\":\"BreadcrumbList\",\"@id\":\"https:\/\/naturvernforbundet.no\/hordaland\/ta-vare-pa-det-du-har\/#breadcrumb\",\"itemListElement\":[{\"@type\":\"ListItem\",\"position\":1,\"name\":\"Till naturvernforbundet.no\",\"item\":\"https:\/\/naturvernforbundet.no\/\"},{\"@type\":\"ListItem\",\"position\":2,\"name\":\"Hordaland\",\"item\":\"https:\/\/naturvernforbundet.no\/hordaland\/\"},{\"@type\":\"ListItem\",\"position\":3,\"name\":\"Ta vare p\u00e5 det du har\"}]},{\"@type\":\"WebSite\",\"@id\":\"https:\/\/naturvernforbundet.no\/hordaland\/#website\",\"url\":\"https:\/\/naturvernforbundet.no\/hordaland\/\",\"name\":\"Hordaland\",\"description\":\"\",\"publisher\":{\"@id\":\"https:\/\/naturvernforbundet.no\/hordaland\/#organization\"},\"potentialAction\":[{\"@type\":\"SearchAction\",\"target\":{\"@type\":\"EntryPoint\",\"urlTemplate\":\"https:\/\/naturvernforbundet.no\/hordaland\/?s={search_term_string}\"},\"query-input\":{\"@type\":\"PropertyValueSpecification\",\"valueRequired\":true,\"valueName\":\"search_term_string\"}}],\"inLanguage\":\"nb-NO\"},{\"@type\":\"Organization\",\"@id\":\"https:\/\/naturvernforbundet.no\/hordaland\/#organization\",\"name\":\"Naturvernforbundet Hordaland\",\"url\":\"https:\/\/naturvernforbundet.no\/hordaland\/\",\"logo\":{\"@type\":\"ImageObject\",\"inLanguage\":\"nb-NO\",\"@id\":\"https:\/\/naturvernforbundet.no\/hordaland\/#\/schema\/logo\/image\/\",\"url\":\"https:\/\/naturvernforbundet.no\/content\/uploads\/sites\/13\/2022\/11\/Logo_Hordaland_transparent.png\",\"contentUrl\":\"https:\/\/naturvernforbundet.no\/content\/uploads\/sites\/13\/2022\/11\/Logo_Hordaland_transparent.png\",\"width\":1095,\"height\":203,\"caption\":\"Naturvernforbundet Hordaland\"},\"image\":{\"@id\":\"https:\/\/naturvernforbundet.no\/hordaland\/#\/schema\/logo\/image\/\"},\"sameAs\":[\"https:\/\/www.facebook.com\/naturvernforbundet.hordaland\",\"https:\/\/www.instagram.com\/naturvern_hordaland\/\",\"https:\/\/www.flickr.com\/photos\/naturvernforbundet_hordaland\/\"]},{\"@type\":\"Person\",\"@id\":\"https:\/\/naturvernforbundet.no\/hordaland\/#\/schema\/person\/2b4f064c76270324a903c0a70e9f6afd\",\"name\":\"Mona Maria L\u00f8berg\",\"image\":{\"@type\":\"ImageObject\",\"inLanguage\":\"nb-NO\",\"@id\":\"https:\/\/naturvernforbundet.no\/hordaland\/#\/schema\/person\/image\/\",\"url\":\"https:\/\/secure.gravatar.com\/avatar\/b7d3282848b65fe5d48ca594f5a7108b?s=96&d=mm&r=g\",\"contentUrl\":\"https:\/\/secure.gravatar.com\/avatar\/b7d3282848b65fe5d48ca594f5a7108b?s=96&d=mm&r=g\",\"caption\":\"Mona Maria L\u00f8berg\"},\"sameAs\":[\"instagram.com\/manamoria\"],\"url\":\"https:\/\/naturvernforbundet.no\/hordaland\/author\/monamarialoberg\/\"}]}<\/script>\n<!-- \/ Yoast SEO plugin. -->","yoast_head_json":{"title":"Ta vare p\u00e5 det du har - Hordaland","description":"Avfallsmengdene er enorme. I 'Ta vare p\u00e5 det du har' jobber vi for at flere blir en del av den milj\u00f8vennlige reparasjonskulturen.","robots":{"index":"index","follow":"follow","max-snippet":"max-snippet:-1","max-image-preview":"max-image-preview:large","max-video-preview":"max-video-preview:-1"},"canonical":"https:\/\/naturvernforbundet.no\/hordaland\/ta-vare-pa-det-du-har\/","og_locale":"nb_NO","og_type":"article","og_title":"Ta vare p\u00e5 det du har - Hordaland","og_description":"Avfallsmengdene er enorme. I 'Ta vare p\u00e5 det du har' jobber vi for at flere blir en del av den milj\u00f8vennlige reparasjonskulturen.","og_url":"https:\/\/naturvernforbundet.no\/hordaland\/ta-vare-pa-det-du-har\/","og_site_name":"Hordaland","article_publisher":"https:\/\/www.facebook.com\/naturvernforbundet.hordaland","article_published_time":"2017-08-21T12:30:18+00:00","article_modified_time":"2024-12-16T12:05:21+00:00","og_image":[{"width":653,"height":327,"url":"https:\/\/naturvernforbundet.no\/content\/uploads\/sites\/13\/2017\/08\/TavarepC3A5detduhar.no_.jpg2028articledisplay29.jpg","type":"image\/jpeg"}],"author":"Mona Maria L\u00f8berg","twitter_card":"summary_large_image","twitter_misc":{"Skrevet av":"Mona Maria L\u00f8berg","Ansl. lesetid":"1 minutt"},"schema":{"@context":"https:\/\/schema.org","@graph":[{"@type":"Article","@id":"https:\/\/naturvernforbundet.no\/hordaland\/ta-vare-pa-det-du-har\/#article","isPartOf":{"@id":"https:\/\/naturvernforbundet.no\/hordaland\/ta-vare-pa-det-du-har\/"},"author":{"name":"Mona Maria L\u00f8berg","@id":"https:\/\/naturvernforbundet.no\/hordaland\/#\/schema\/person\/2b4f064c76270324a903c0a70e9f6afd"},"headline":"Ta vare p\u00e5 det du har","datePublished":"2017-08-21T12:30:18+00:00","dateModified":"2024-12-16T12:05:21+00:00","mainEntityOfPage":{"@id":"https:\/\/naturvernforbundet.no\/hordaland\/ta-vare-pa-det-du-har\/"},"wordCount":250,"publisher":{"@id":"https:\/\/naturvernforbundet.no\/hordaland\/#organization"},"image":{"@id":"https:\/\/naturvernforbundet.no\/hordaland\/ta-vare-pa-det-du-har\/#primaryimage"},"thumbnailUrl":"https:\/\/naturvernforbundet.no\/content\/uploads\/sites\/13\/2017\/08\/TavarepC3A5detduhar.no_.jpg2028articledisplay29.jpg","articleSection":["Prosjekter"],"inLanguage":"nb-NO"},{"@type":"WebPage","@id":"https:\/\/naturvernforbundet.no\/hordaland\/ta-vare-pa-det-du-har\/","url":"https:\/\/naturvernforbundet.no\/hordaland\/ta-vare-pa-det-du-har\/","name":"Ta vare p\u00e5 det du har - Hordaland","isPartOf":{"@id":"https:\/\/naturvernforbundet.no\/hordaland\/#website"},"primaryImageOfPage":{"@id":"https:\/\/naturvernforbundet.no\/hordaland\/ta-vare-pa-det-du-har\/#primaryimage"},"image":{"@id":"https:\/\/naturvernforbundet.no\/hordaland\/ta-vare-pa-det-du-har\/#primaryimage"},"thumbnailUrl":"https:\/\/naturvernforbundet.no\/content\/uploads\/sites\/13\/2017\/08\/TavarepC3A5detduhar.no_.jpg2028articledisplay29.jpg","datePublished":"2017-08-21T12:30:18+00:00","dateModified":"2024-12-16T12:05:21+00:00","description":"Avfallsmengdene er enorme. I 'Ta vare p\u00e5 det du har' jobber vi for at flere blir en del av den milj\u00f8vennlige reparasjonskulturen.","breadcrumb":{"@id":"https:\/\/naturvernforbundet.no\/hordaland\/ta-vare-pa-det-du-har\/#breadcrumb"},"inLanguage":"nb-NO","potentialAction":[{"@type":"ReadAction","target":["https:\/\/naturvernforbundet.no\/hordaland\/ta-vare-pa-det-du-har\/"]}]},{"@type":"ImageObject","inLanguage":"nb-NO","@id":"https:\/\/naturvernforbundet.no\/hordaland\/ta-vare-pa-det-du-har\/#primaryimage","url":"https:\/\/naturvernforbundet.no\/content\/uploads\/sites\/13\/2017\/08\/TavarepC3A5detduhar.no_.jpg2028articledisplay29.jpg","contentUrl":"https:\/\/naturvernforbundet.no\/content\/uploads\/sites\/13\/2017\/08\/TavarepC3A5detduhar.no_.jpg2028articledisplay29.jpg","width":653,"height":327},{"@type":"BreadcrumbList","@id":"https:\/\/naturvernforbundet.no\/hordaland\/ta-vare-pa-det-du-har\/#breadcrumb","itemListElement":[{"@type":"ListItem","position":1,"name":"Till naturvernforbundet.no","item":"https:\/\/naturvernforbundet.no\/"},{"@type":"ListItem","position":2,"name":"Hordaland","item":"https:\/\/naturvernforbundet.no\/hordaland\/"},{"@type":"ListItem","position":3,"name":"Ta vare p\u00e5 det du har"}]},{"@type":"WebSite","@id":"https:\/\/naturvernforbundet.no\/hordaland\/#website","url":"https:\/\/naturvernforbundet.no\/hordaland\/","name":"Hordaland","description":"","publisher":{"@id":"https:\/\/naturvernforbundet.no\/hordaland\/#organization"},"potentialAction":[{"@type":"SearchAction","target":{"@type":"EntryPoint","urlTemplate":"https:\/\/naturvernforbundet.no\/hordaland\/?s={search_term_string}"},"query-input":{"@type":"PropertyValueSpecification","valueRequired":true,"valueName":"search_term_string"}}],"inLanguage":"nb-NO"},{"@type":"Organization","@id":"https:\/\/naturvernforbundet.no\/hordaland\/#organization","name":"Naturvernforbundet Hordaland","url":"https:\/\/naturvernforbundet.no\/hordaland\/","logo":{"@type":"ImageObject","inLanguage":"nb-NO","@id":"https:\/\/naturvernforbundet.no\/hordaland\/#\/schema\/logo\/image\/","url":"https:\/\/naturvernforbundet.no\/content\/uploads\/sites\/13\/2022\/11\/Logo_Hordaland_transparent.png","contentUrl":"https:\/\/naturvernforbundet.no\/content\/uploads\/sites\/13\/2022\/11\/Logo_Hordaland_transparent.png","width":1095,"height":203,"caption":"Naturvernforbundet Hordaland"},"image":{"@id":"https:\/\/naturvernforbundet.no\/hordaland\/#\/schema\/logo\/image\/"},"sameAs":["https:\/\/www.facebook.com\/naturvernforbundet.hordaland","https:\/\/www.instagram.com\/naturvern_hordaland\/","https:\/\/www.flickr.com\/photos\/naturvernforbundet_hordaland\/"]},{"@type":"Person","@id":"https:\/\/naturvernforbundet.no\/hordaland\/#\/schema\/person\/2b4f064c76270324a903c0a70e9f6afd","name":"Mona Maria L\u00f8berg","image":{"@type":"ImageObject","inLanguage":"nb-NO","@id":"https:\/\/naturvernforbundet.no\/hordaland\/#\/schema\/person\/image\/","url":"https:\/\/secure.gravatar.com\/avatar\/b7d3282848b65fe5d48ca594f5a7108b?s=96&d=mm&r=g","contentUrl":"https:\/\/secure.gravatar.com\/avatar\/b7d3282848b65fe5d48ca594f5a7108b?s=96&d=mm&r=g","caption":"Mona Maria L\u00f8berg"},"sameAs":["instagram.com\/manamoria"],"url":"https:\/\/naturvernforbundet.no\/hordaland\/author\/monamarialoberg\/"}]}},"_links":{"self":[{"href":"https:\/\/naturvernforbundet.no\/hordaland\/wp-json\/wp\/v2\/posts\/1417","targetHints":{"allow":["GET"]}}],"collection":[{"href":"https:\/\/naturvernforbundet.no\/hordaland\/wp-json\/wp\/v2\/posts"}],"about":[{"href":"https:\/\/naturvernforbundet.no\/hordaland\/wp-json\/wp\/v2\/types\/post"}],"author":[{"embeddable":true,"href":"https:\/\/naturvernforbundet.no\/hordaland\/wp-json\/wp\/v2\/users\/185"}],"replies":[{"embeddable":true,"href":"https:\/\/naturvernforbundet.no\/hordaland\/wp-json\/wp\/v2\/comments?post=1417"}],"version-history":[{"count":9,"href":"https:\/\/naturvernforbundet.no\/hordaland\/wp-json\/wp\/v2\/posts\/1417\/revisions"}],"predecessor-version":[{"id":12363,"href":"https:\/\/naturvernforbundet.no\/hordaland\/wp-json\/wp\/v2\/posts\/1417\/revisions\/12363"}],"wp:featuredmedia":[{"embeddable":true,"href":"https:\/\/naturvernforbundet.no\/hordaland\/wp-json\/wp\/v2\/media\/1409"}],"wp:attachment":[{"href":"https:\/\/naturvernforbundet.no\/hordaland\/wp-json\/wp\/v2\/media?parent=1417"}],"wp:term":[{"taxonomy":"category","embeddable":true,"href":"https:\/\/naturvernforbundet.no\/hordaland\/wp-json\/wp\/v2\/categories?post=1417"},{"taxonomy":"local","embeddable":true,"href":"https:\/\/naturvernforbundet.no\/hordaland\/wp-json\/wp\/v2\/local?post=1417"}],"curies":[{"name":"wp","href":"https:\/\/api.w.org\/{rel}","templated":true}]}}