{"id":14715,"date":"2025-06-30T09:26:19","date_gmt":"2025-06-30T07:26:19","guid":{"rendered":"https:\/\/naturvernforbundet.no\/hordaland\/?p=14715"},"modified":"2025-06-30T09:36:31","modified_gmt":"2025-06-30T07:36:31","slug":"minneord-honoria-bjerknes-hamre","status":"publish","type":"post","link":"https:\/\/naturvernforbundet.no\/hordaland\/minneord-honoria-bjerknes-hamre\/","title":{"rendered":"Minneord: Honoria Bjerknes Hamre"},"content":{"rendered":"\t<div class=\"template-post alignnone wp-block-naturvern-hero\">\n\t\t<div class=\"hero__inner\">\n\t\t\t<div class=\"hero__inner_blocks\">\n\t\t\t\t\t\t\t\t\n<h1 class=\"wp-block-post-title\">Minneord: Honoria Bjerknes Hamre<\/h1>\n\n<div class=\"wp-block-post-excerpt\"><p class=\"wp-block-post-excerpt__excerpt\">Honoria Bjerknes Hamre sovnet fredfullt inn 13. juni 2025, 92 \u00e5r gammel. <\/p><\/div>\n\n<figure class=\"wp-block-post-featured-image\"><img loading=\"lazy\" decoding=\"async\" width=\"1694\" height=\"1494\" src=\"https:\/\/naturvernforbundet.no\/content\/uploads\/sites\/13\/2025\/06\/DSC_0456-scaled-e1751268183490.jpg\" class=\"attachment-post-thumbnail size-post-thumbnail wp-post-image\" alt=\"Honoria Bjerknes Hamre, Naturvernforbundets 100 \u00e5r markering i Bergen i 2014\" style=\"object-fit:cover;\" srcset=\"https:\/\/naturvernforbundet.no\/content\/uploads\/sites\/13\/2025\/06\/DSC_0456-scaled-e1751268183490.jpg 1694w, https:\/\/naturvernforbundet.no\/content\/uploads\/sites\/13\/2025\/06\/DSC_0456-scaled-e1751268183490-300x265.jpg 300w, https:\/\/naturvernforbundet.no\/content\/uploads\/sites\/13\/2025\/06\/DSC_0456-scaled-e1751268183490-1024x903.jpg 1024w, https:\/\/naturvernforbundet.no\/content\/uploads\/sites\/13\/2025\/06\/DSC_0456-scaled-e1751268183490-768x677.jpg 768w, https:\/\/naturvernforbundet.no\/content\/uploads\/sites\/13\/2025\/06\/DSC_0456-scaled-e1751268183490-1536x1355.jpg 1536w\" sizes=\"auto, (max-width: 1694px) 100vw, 1694px\" \/><\/figure>\n\t\t\t<\/div>\n\t\t\t\t\t<\/div>\n\t\t\t<\/div>\n\t\n\n<div class=\"wp-block-naturvern-byline\">\n\t\t\t<div class=\"authors\"><div class=\"t2-byline__author-link\">\n\t\t\t\t\t<a href=\"https:\/\/naturvernforbundet.no\/hordaland\/ansatte\/gabriel-fliflet\/\">Gabriel Fliflet<\/a>\n\t\t\t\t\t<span>&#8211; Styremedlem Naturvernforbundet Hordaland<\/span>\n\t\t\t\t<\/div><\/div>\n\t\t\t<small class=\"entry-date\">30.06.2025 09:26<\/small>\n\t\t<\/div>\n\n\n<p>Honoria var en ildsjel. Hennes engasjement var grensel\u00f8st, for alt hun trodde p\u00e5, og som hun mente var viktig. Hun elsket \u00e5 v\u00e6re i naturen, og p\u00e5 fjellet spesielt. Honoria var uvanlig allsidig og engasjert i mange temaer innen natur- og milj\u00f8vern, fra oljepolitikk til atomkraft. Men hun brant nok spesielt for v\u00e5r elvenatur, og engasjerte seg sterkt i kampene for \u00e5 bevare bl.a. Gaularvassdraget, Alta-Kautokeinoelven og \u00d8ystesevassdraget.<br>Honorias engasjement og kunnskaper gjorde at hun ble valgt til nasjonal leder i Norges Naturvernforbund i 1983, og var dette i fire \u00e5r. Som takk for sin store innsats, ble Honoria i 2013 utnevnt til \u00e6resmedlem.<\/p>\n\n\n\n<p>Men den aldrende Honoria la seg ikke ned p\u00e5 sine laurb\u00e6r. Hun deltok i Hardangeraksjonen, stilte opp p\u00e5 bossrydding, m\u00f8ter og demonstrasjoner. Som en selvf\u00f8lge \u00e5pnet hun sitt hjem for fylkeslagets sommerfester. I 2018 ville Erna Solbergs regjering kutte st\u00f8tten til genbank for villaksen i Hardanger. Honoria gikk hardt ut i media, og forslaget ble trukket. Genbanken fortsatte!<\/p>\n\n\n\n<p>Da hun var 89 \u00e5r gammel, dro Honoria til Vevring i Sunnfjord for \u00e5 protestere mot dumping av gruveavfall i F\u00f8rdefjorden. Dette f\u00f8rte til <a href=\"https:\/\/www.nrk.no\/vestland\/honoria-_89_-demonstrerer-mot-sjodeponi_-_-det-var-slik-dei-gjorde-i-steinalderen-1.15964230\">oppslag i media<\/a>, men da BT skrev at hun var 90, tok hun kontakt og protesterte. Hun var ikke 90, bare 89. Rett skal v\u00e6re rett! Og kanskje kan de ordene si noe om hennes livslange innsats, som ligger under alt hennes engasjement, ogs\u00e5 p\u00e5 andre felt enn natur- og milj\u00f8vern: Urett er ikke rett. Rettferdighet m\u00e5 finne sted. Rett skal v\u00e6re rett.<br>Vi lyser fred over hennes minne.<\/p>\n\n\n\n<div class=\"wp-block-buttons is-layout-flex wp-block-buttons-is-layout-flex\">\n<div class=\"wp-block-button is-style-link\"><a class=\"wp-block-button__link wp-element-button\" href=\"https:\/\/www.vg.no\/minnesider\/honoria-bjerknes-hamre\">Minneside<\/a><\/div>\n<\/div>\n\n\n\n<div class=\"wp-block-group alignwide is-layout-constrained wp-block-group-is-layout-constrained\">\n<div class=\"wp-block-group alignwide is-layout-constrained wp-block-group-is-layout-constrained\">\n<h2 class=\"wp-block-heading has-text-align-center\" id=\"artikler-fra-hordaland\">Artikler fra Hordaland<\/h2>\n\n\n<div class=\"t2-featured-content-layout alignwide alignwide wp-block-t2-featured-content-layout\">\n<div class=\"t2-featured-query-post t2-featured-content is-post-type-post category-aktuelt wp-block-t2-featured-query-post\"><a class=\"t2-post-link wp-block-t2-post-link\" href=\"https:\/\/naturvernforbundet.no\/hordaland\/digitalt-kurs-om-biodiversitet-og-natur\/\">\n<figure style=\"--t2-focal-point: 50% 50%;\" class=\"t2-post-featured-image has-image-ratio-4-3 wp-block-t2-post-featured-image\"><img loading=\"lazy\" decoding=\"async\" width=\"2560\" height=\"1920\" src=\"https:\/\/naturvernforbundet.no\/content\/uploads\/sites\/13\/2023\/03\/Oksnesmarka_-Gunvar-Mikkelsen-scaled.jpg\" class=\"attachment-post-thumbnail size-post-thumbnail wp-post-image\" alt=\"\u00d8ksnesmarka. Foto av Gunvar Mikkelsen.\" srcset=\"https:\/\/naturvernforbundet.no\/content\/uploads\/sites\/13\/2023\/03\/Oksnesmarka_-Gunvar-Mikkelsen-scaled.jpg 2560w, https:\/\/naturvernforbundet.no\/content\/uploads\/sites\/13\/2023\/03\/Oksnesmarka_-Gunvar-Mikkelsen-300x225.jpg 300w, https:\/\/naturvernforbundet.no\/content\/uploads\/sites\/13\/2023\/03\/Oksnesmarka_-Gunvar-Mikkelsen-1024x768.jpg 1024w, https:\/\/naturvernforbundet.no\/content\/uploads\/sites\/13\/2023\/03\/Oksnesmarka_-Gunvar-Mikkelsen-768x576.jpg 768w, https:\/\/naturvernforbundet.no\/content\/uploads\/sites\/13\/2023\/03\/Oksnesmarka_-Gunvar-Mikkelsen-1536x1152.jpg 1536w, https:\/\/naturvernforbundet.no\/content\/uploads\/sites\/13\/2023\/03\/Oksnesmarka_-Gunvar-Mikkelsen-2048x1536.jpg 2048w, https:\/\/naturvernforbundet.no\/content\/uploads\/sites\/13\/2023\/03\/Oksnesmarka_-Gunvar-Mikkelsen-1920x1440.jpg 1920w\" sizes=\"auto, (max-width: 2560px) 100vw, 2560px\" \/><\/figure>\n\n<div class=\"wp-block-group alignfull is-layout-flow wp-block-group-is-layout-flow\">\n\t<h2 class=\"t2-post-title wp-block-t2-post-title\">Digitalt kurs om biodiversitet og natur<\/h2>\n\t<p class=\"wp-block-naturvern-post-excerpt\">Bli med p\u00e5 kurs for frivillige i Naturvernforbundet om biodiversitet og natur! Kurset vil gi innsikt i norsk natur, og viktige verkt\u00f8y som brukes i kartlegging av arter, naturtyper og mer, hvor vi kan hente ut informasjon som er nyttig for omr\u00e5der vi \u00f8nsker \u00e5 ta vare p\u00e5.<\/p>\n\t\t<div class=\"wp-block-naturvern-post-meta\">\n\t\t\t\t\t<span class=\"cat\">\n\t\t\t\t\t\t\t\t\t<span><span class=\"tag-link\" data-href=\"https:\/\/naturvernforbundet.no\/hordaland\/category\/aktuelt\/\">Aktuelt<\/span><\/span>\n\t\t\t\t\t\t\t<\/span>\n\t\t\t\t\t\t\t<span class=\"date\">27.04.2026<\/span>\n\t\t\t<\/div>\n\t\n<\/div>\n\n<\/a>\n<\/div>\n\n<div class=\"t2-featured-query-post t2-featured-content is-post-type-post category-aktuelt wp-block-t2-featured-query-post\"><a class=\"t2-post-link wp-block-t2-post-link\" href=\"https:\/\/naturvernforbundet.no\/hordaland\/naturvernhelga2026\/\">\n<figure style=\"--t2-focal-point: 50% 50%;\" class=\"t2-post-featured-image has-image-ratio-4-3 wp-block-t2-post-featured-image\"><img loading=\"lazy\" decoding=\"async\" width=\"2048\" height=\"1382\" src=\"https:\/\/naturvernforbundet.no\/content\/uploads\/sites\/13\/2026\/04\/DSC00732.jpg\" class=\"attachment-post-thumbnail size-post-thumbnail wp-post-image\" alt=\"\" srcset=\"https:\/\/naturvernforbundet.no\/content\/uploads\/sites\/13\/2026\/04\/DSC00732.jpg 2048w, https:\/\/naturvernforbundet.no\/content\/uploads\/sites\/13\/2026\/04\/DSC00732-300x202.jpg 300w, https:\/\/naturvernforbundet.no\/content\/uploads\/sites\/13\/2026\/04\/DSC00732-1024x691.jpg 1024w, https:\/\/naturvernforbundet.no\/content\/uploads\/sites\/13\/2026\/04\/DSC00732-768x518.jpg 768w, https:\/\/naturvernforbundet.no\/content\/uploads\/sites\/13\/2026\/04\/DSC00732-1536x1037.jpg 1536w, https:\/\/naturvernforbundet.no\/content\/uploads\/sites\/13\/2026\/04\/DSC00732-1920x1296.jpg 1920w\" sizes=\"auto, (max-width: 2048px) 100vw, 2048px\" \/><\/figure>\n\n<div class=\"wp-block-group alignfull is-layout-flow wp-block-group-is-layout-flow\">\n\t<h2 class=\"t2-post-title wp-block-t2-post-title\">Naturvernhelga<\/h2>\n\t<p class=\"wp-block-naturvern-post-excerpt\">Sosial og faglig m\u00f8teplass hvor naturvernere m\u00f8tes, blir inspirert og l\u00e6rer noe nytt.<\/p>\n\t\t<div class=\"wp-block-naturvern-post-meta\">\n\t\t\t\t\t<span class=\"cat\">\n\t\t\t\t\t\t\t\t\t<span><span class=\"tag-link\" data-href=\"https:\/\/naturvernforbundet.no\/hordaland\/category\/aktuelt\/\">Aktuelt<\/span><\/span>\n\t\t\t\t\t\t\t<\/span>\n\t\t\t\t\t\t\t<span class=\"date\">17.04.2026<\/span>\n\t\t\t<\/div>\n\t\n<\/div>\n\n<\/a>\n<\/div>\n\n<div class=\"t2-featured-query-post t2-featured-content is-post-type-post category-aktuelt wp-block-t2-featured-query-post\"><a class=\"t2-post-link wp-block-t2-post-link\" href=\"https:\/\/naturvernforbundet.no\/hordaland\/ny-rapport-om-kildn\/\">\n<figure style=\"--t2-focal-point: 50% 50%;\" class=\"t2-post-featured-image has-image-ratio-4-3 wp-block-t2-post-featured-image\"><img loading=\"lazy\" decoding=\"async\" width=\"1860\" height=\"874\" src=\"https:\/\/naturvernforbundet.no\/content\/uploads\/sites\/13\/2026\/04\/Skjermbilde-KILDN.png\" class=\"attachment-post-thumbnail size-post-thumbnail wp-post-image\" alt=\"\" srcset=\"https:\/\/naturvernforbundet.no\/content\/uploads\/sites\/13\/2026\/04\/Skjermbilde-KILDN.png 1860w, https:\/\/naturvernforbundet.no\/content\/uploads\/sites\/13\/2026\/04\/Skjermbilde-KILDN-300x141.png 300w, https:\/\/naturvernforbundet.no\/content\/uploads\/sites\/13\/2026\/04\/Skjermbilde-KILDN-1024x481.png 1024w, https:\/\/naturvernforbundet.no\/content\/uploads\/sites\/13\/2026\/04\/Skjermbilde-KILDN-768x361.png 768w, https:\/\/naturvernforbundet.no\/content\/uploads\/sites\/13\/2026\/04\/Skjermbilde-KILDN-1536x722.png 1536w\" sizes=\"auto, (max-width: 1860px) 100vw, 1860px\" \/><\/figure>\n\n<div class=\"wp-block-group alignfull is-layout-flow wp-block-group-is-layout-flow\">\n\t<h2 class=\"t2-post-title wp-block-t2-post-title\">Ny rapport om KILDN<\/h2>\n\t<p class=\"wp-block-naturvern-post-excerpt\">Prosjektet KILDNs l\u00f8fter om \u00e5 etablere verdens f\u00f8rste nullutslippshavn p\u00e5 Ask\u00f8y er s\u00e5 vidl\u00f8ftige at rapporten rett og slett har f\u00e5tt undertittelen &laquo;Gr\u00f8nnvasking i s\u00e6rklasse&raquo;<\/p>\n\t\t<div class=\"wp-block-naturvern-post-meta\">\n\t\t\t\t\t<span class=\"cat\">\n\t\t\t\t\t\t\t\t\t<span><span class=\"tag-link\" data-href=\"https:\/\/naturvernforbundet.no\/hordaland\/category\/aktuelt\/\">Aktuelt<\/span><\/span>\n\t\t\t\t\t\t\t<\/span>\n\t\t\t\t\t\t\t<span class=\"date\">10.04.2026<\/span>\n\t\t\t<\/div>\n\t\n<\/div>\n\n<\/a>\n<\/div>\n<\/div><\/div>\n<\/div>\n","protected":false},"excerpt":{"rendered":"<p>Honoria Bjerknes Hamre sovnet fredfullt inn 13. juni 2025, 92 \u00e5r gammel.<\/p>\n","protected":false},"author":185,"featured_media":14716,"comment_status":"closed","ping_status":"closed","sticky":false,"template":"","format":"standard","meta":{"_relevanssi_hide_post":"","_relevanssi_hide_content":"","_relevanssi_pin_for_all":"","_relevanssi_pin_keywords":"","_relevanssi_unpin_keywords":"","_relevanssi_related_keywords":"","_relevanssi_related_include_ids":"","_relevanssi_related_exclude_ids":"","_relevanssi_related_no_append":"","_relevanssi_related_not_related":"","_relevanssi_related_posts":"3079,13695,12691,838,3959,2306","_relevanssi_noindex_reason":"","t2_featured_media_focal_point":{"x":0.5,"y":0.5},"hide_logo":false,"footnotes":""},"categories":[68],"local":[],"class_list":["post-14715","post","type-post","status-publish","format-standard","has-post-thumbnail","hentry","category-aktuelt"],"acf":[],"yoast_head":"<!-- This site is optimized with the Yoast SEO plugin v24.9 - https:\/\/yoast.com\/wordpress\/plugins\/seo\/ -->\n<title>Minneord: Honoria Bjerknes Hamre - Hordaland<\/title>\n<meta name=\"robots\" content=\"index, follow, max-snippet:-1, max-image-preview:large, max-video-preview:-1\" \/>\n<link rel=\"canonical\" href=\"https:\/\/naturvernforbundet.no\/hordaland\/minneord-honoria-bjerknes-hamre\/\" \/>\n<meta property=\"og:locale\" content=\"nb_NO\" \/>\n<meta property=\"og:type\" content=\"article\" \/>\n<meta property=\"og:title\" content=\"Minneord: Honoria Bjerknes Hamre - Hordaland\" \/>\n<meta property=\"og:description\" content=\"Honoria Bjerknes Hamre sovnet fredfullt inn 13. juni 2025, 92 \u00e5r gammel.\" \/>\n<meta property=\"og:url\" content=\"https:\/\/naturvernforbundet.no\/hordaland\/minneord-honoria-bjerknes-hamre\/\" \/>\n<meta property=\"og:site_name\" content=\"Hordaland\" \/>\n<meta property=\"article:publisher\" content=\"https:\/\/www.facebook.com\/naturvernforbundet.hordaland\" \/>\n<meta property=\"article:published_time\" content=\"2025-06-30T07:26:19+00:00\" \/>\n<meta property=\"article:modified_time\" content=\"2025-06-30T07:36:31+00:00\" \/>\n<meta property=\"og:image\" content=\"https:\/\/naturvernforbundet.no\/content\/uploads\/sites\/13\/2025\/06\/DSC_0456-scaled-e1751268183490.jpg\" \/>\n\t<meta property=\"og:image:width\" content=\"1694\" \/>\n\t<meta property=\"og:image:height\" content=\"1494\" \/>\n\t<meta property=\"og:image:type\" content=\"image\/jpeg\" \/>\n<meta name=\"author\" content=\"Mona Maria L\u00f8berg\" \/>\n<meta name=\"twitter:card\" content=\"summary_large_image\" \/>\n<meta name=\"twitter:label1\" content=\"Skrevet av\" \/>\n\t<meta name=\"twitter:data1\" content=\"Mona Maria L\u00f8berg\" \/>\n\t<meta name=\"twitter:label2\" content=\"Ansl. lesetid\" \/>\n\t<meta name=\"twitter:data2\" content=\"2 minutter\" \/>\n<script type=\"application\/ld+json\" class=\"yoast-schema-graph\">{\"@context\":\"https:\/\/schema.org\",\"@graph\":[{\"@type\":\"Article\",\"@id\":\"https:\/\/naturvernforbundet.no\/hordaland\/minneord-honoria-bjerknes-hamre\/#article\",\"isPartOf\":{\"@id\":\"https:\/\/naturvernforbundet.no\/hordaland\/minneord-honoria-bjerknes-hamre\/\"},\"author\":{\"name\":\"Mona Maria L\u00f8berg\",\"@id\":\"https:\/\/naturvernforbundet.no\/hordaland\/#\/schema\/person\/2b4f064c76270324a903c0a70e9f6afd\"},\"headline\":\"Minneord: Honoria Bjerknes Hamre\",\"datePublished\":\"2025-06-30T07:26:19+00:00\",\"dateModified\":\"2025-06-30T07:36:31+00:00\",\"mainEntityOfPage\":{\"@id\":\"https:\/\/naturvernforbundet.no\/hordaland\/minneord-honoria-bjerknes-hamre\/\"},\"wordCount\":264,\"publisher\":{\"@id\":\"https:\/\/naturvernforbundet.no\/hordaland\/#organization\"},\"image\":{\"@id\":\"https:\/\/naturvernforbundet.no\/hordaland\/minneord-honoria-bjerknes-hamre\/#primaryimage\"},\"thumbnailUrl\":\"https:\/\/naturvernforbundet.no\/content\/uploads\/sites\/13\/2025\/06\/DSC_0456-scaled-e1751268183490.jpg\",\"articleSection\":[\"Aktuelt\"],\"inLanguage\":\"nb-NO\"},{\"@type\":\"WebPage\",\"@id\":\"https:\/\/naturvernforbundet.no\/hordaland\/minneord-honoria-bjerknes-hamre\/\",\"url\":\"https:\/\/naturvernforbundet.no\/hordaland\/minneord-honoria-bjerknes-hamre\/\",\"name\":\"Minneord: Honoria Bjerknes Hamre - Hordaland\",\"isPartOf\":{\"@id\":\"https:\/\/naturvernforbundet.no\/hordaland\/#website\"},\"primaryImageOfPage\":{\"@id\":\"https:\/\/naturvernforbundet.no\/hordaland\/minneord-honoria-bjerknes-hamre\/#primaryimage\"},\"image\":{\"@id\":\"https:\/\/naturvernforbundet.no\/hordaland\/minneord-honoria-bjerknes-hamre\/#primaryimage\"},\"thumbnailUrl\":\"https:\/\/naturvernforbundet.no\/content\/uploads\/sites\/13\/2025\/06\/DSC_0456-scaled-e1751268183490.jpg\",\"datePublished\":\"2025-06-30T07:26:19+00:00\",\"dateModified\":\"2025-06-30T07:36:31+00:00\",\"breadcrumb\":{\"@id\":\"https:\/\/naturvernforbundet.no\/hordaland\/minneord-honoria-bjerknes-hamre\/#breadcrumb\"},\"inLanguage\":\"nb-NO\",\"potentialAction\":[{\"@type\":\"ReadAction\",\"target\":[\"https:\/\/naturvernforbundet.no\/hordaland\/minneord-honoria-bjerknes-hamre\/\"]}]},{\"@type\":\"ImageObject\",\"inLanguage\":\"nb-NO\",\"@id\":\"https:\/\/naturvernforbundet.no\/hordaland\/minneord-honoria-bjerknes-hamre\/#primaryimage\",\"url\":\"https:\/\/naturvernforbundet.no\/content\/uploads\/sites\/13\/2025\/06\/DSC_0456-scaled-e1751268183490.jpg\",\"contentUrl\":\"https:\/\/naturvernforbundet.no\/content\/uploads\/sites\/13\/2025\/06\/DSC_0456-scaled-e1751268183490.jpg\",\"width\":1694,\"height\":1494,\"caption\":\"Honoria Bjerknes Hamre, Naturvernforbundets 100 \u00e5r markering i Bergen i 2014\"},{\"@type\":\"BreadcrumbList\",\"@id\":\"https:\/\/naturvernforbundet.no\/hordaland\/minneord-honoria-bjerknes-hamre\/#breadcrumb\",\"itemListElement\":[{\"@type\":\"ListItem\",\"position\":1,\"name\":\"Till naturvernforbundet.no\",\"item\":\"https:\/\/naturvernforbundet.no\/\"},{\"@type\":\"ListItem\",\"position\":2,\"name\":\"Hordaland\",\"item\":\"https:\/\/naturvernforbundet.no\/hordaland\/\"},{\"@type\":\"ListItem\",\"position\":3,\"name\":\"Minneord: Honoria Bjerknes Hamre\"}]},{\"@type\":\"WebSite\",\"@id\":\"https:\/\/naturvernforbundet.no\/hordaland\/#website\",\"url\":\"https:\/\/naturvernforbundet.no\/hordaland\/\",\"name\":\"Hordaland\",\"description\":\"\",\"publisher\":{\"@id\":\"https:\/\/naturvernforbundet.no\/hordaland\/#organization\"},\"potentialAction\":[{\"@type\":\"SearchAction\",\"target\":{\"@type\":\"EntryPoint\",\"urlTemplate\":\"https:\/\/naturvernforbundet.no\/hordaland\/?s={search_term_string}\"},\"query-input\":{\"@type\":\"PropertyValueSpecification\",\"valueRequired\":true,\"valueName\":\"search_term_string\"}}],\"inLanguage\":\"nb-NO\"},{\"@type\":\"Organization\",\"@id\":\"https:\/\/naturvernforbundet.no\/hordaland\/#organization\",\"name\":\"Naturvernforbundet Hordaland\",\"url\":\"https:\/\/naturvernforbundet.no\/hordaland\/\",\"logo\":{\"@type\":\"ImageObject\",\"inLanguage\":\"nb-NO\",\"@id\":\"https:\/\/naturvernforbundet.no\/hordaland\/#\/schema\/logo\/image\/\",\"url\":\"https:\/\/naturvernforbundet.no\/content\/uploads\/sites\/13\/2022\/11\/Logo_Hordaland_transparent.png\",\"contentUrl\":\"https:\/\/naturvernforbundet.no\/content\/uploads\/sites\/13\/2022\/11\/Logo_Hordaland_transparent.png\",\"width\":1095,\"height\":203,\"caption\":\"Naturvernforbundet Hordaland\"},\"image\":{\"@id\":\"https:\/\/naturvernforbundet.no\/hordaland\/#\/schema\/logo\/image\/\"},\"sameAs\":[\"https:\/\/www.facebook.com\/naturvernforbundet.hordaland\",\"https:\/\/www.instagram.com\/naturvern_hordaland\/\",\"https:\/\/www.flickr.com\/photos\/naturvernforbundet_hordaland\/\"]},{\"@type\":\"Person\",\"@id\":\"https:\/\/naturvernforbundet.no\/hordaland\/#\/schema\/person\/2b4f064c76270324a903c0a70e9f6afd\",\"name\":\"Mona Maria L\u00f8berg\",\"image\":{\"@type\":\"ImageObject\",\"inLanguage\":\"nb-NO\",\"@id\":\"https:\/\/naturvernforbundet.no\/hordaland\/#\/schema\/person\/image\/\",\"url\":\"https:\/\/secure.gravatar.com\/avatar\/b7d3282848b65fe5d48ca594f5a7108b?s=96&d=mm&r=g\",\"contentUrl\":\"https:\/\/secure.gravatar.com\/avatar\/b7d3282848b65fe5d48ca594f5a7108b?s=96&d=mm&r=g\",\"caption\":\"Mona Maria L\u00f8berg\"},\"sameAs\":[\"instagram.com\/manamoria\"],\"url\":\"https:\/\/naturvernforbundet.no\/hordaland\/author\/monamarialoberg\/\"}]}<\/script>\n<!-- \/ Yoast SEO plugin. -->","yoast_head_json":{"title":"Minneord: Honoria Bjerknes Hamre - Hordaland","robots":{"index":"index","follow":"follow","max-snippet":"max-snippet:-1","max-image-preview":"max-image-preview:large","max-video-preview":"max-video-preview:-1"},"canonical":"https:\/\/naturvernforbundet.no\/hordaland\/minneord-honoria-bjerknes-hamre\/","og_locale":"nb_NO","og_type":"article","og_title":"Minneord: Honoria Bjerknes Hamre - Hordaland","og_description":"Honoria Bjerknes Hamre sovnet fredfullt inn 13. juni 2025, 92 \u00e5r gammel.","og_url":"https:\/\/naturvernforbundet.no\/hordaland\/minneord-honoria-bjerknes-hamre\/","og_site_name":"Hordaland","article_publisher":"https:\/\/www.facebook.com\/naturvernforbundet.hordaland","article_published_time":"2025-06-30T07:26:19+00:00","article_modified_time":"2025-06-30T07:36:31+00:00","og_image":[{"width":1694,"height":1494,"url":"https:\/\/naturvernforbundet.no\/content\/uploads\/sites\/13\/2025\/06\/DSC_0456-scaled-e1751268183490.jpg","type":"image\/jpeg"}],"author":"Mona Maria L\u00f8berg","twitter_card":"summary_large_image","twitter_misc":{"Skrevet av":"Mona Maria L\u00f8berg","Ansl. lesetid":"2 minutter"},"schema":{"@context":"https:\/\/schema.org","@graph":[{"@type":"Article","@id":"https:\/\/naturvernforbundet.no\/hordaland\/minneord-honoria-bjerknes-hamre\/#article","isPartOf":{"@id":"https:\/\/naturvernforbundet.no\/hordaland\/minneord-honoria-bjerknes-hamre\/"},"author":{"name":"Mona Maria L\u00f8berg","@id":"https:\/\/naturvernforbundet.no\/hordaland\/#\/schema\/person\/2b4f064c76270324a903c0a70e9f6afd"},"headline":"Minneord: Honoria Bjerknes Hamre","datePublished":"2025-06-30T07:26:19+00:00","dateModified":"2025-06-30T07:36:31+00:00","mainEntityOfPage":{"@id":"https:\/\/naturvernforbundet.no\/hordaland\/minneord-honoria-bjerknes-hamre\/"},"wordCount":264,"publisher":{"@id":"https:\/\/naturvernforbundet.no\/hordaland\/#organization"},"image":{"@id":"https:\/\/naturvernforbundet.no\/hordaland\/minneord-honoria-bjerknes-hamre\/#primaryimage"},"thumbnailUrl":"https:\/\/naturvernforbundet.no\/content\/uploads\/sites\/13\/2025\/06\/DSC_0456-scaled-e1751268183490.jpg","articleSection":["Aktuelt"],"inLanguage":"nb-NO"},{"@type":"WebPage","@id":"https:\/\/naturvernforbundet.no\/hordaland\/minneord-honoria-bjerknes-hamre\/","url":"https:\/\/naturvernforbundet.no\/hordaland\/minneord-honoria-bjerknes-hamre\/","name":"Minneord: Honoria Bjerknes Hamre - Hordaland","isPartOf":{"@id":"https:\/\/naturvernforbundet.no\/hordaland\/#website"},"primaryImageOfPage":{"@id":"https:\/\/naturvernforbundet.no\/hordaland\/minneord-honoria-bjerknes-hamre\/#primaryimage"},"image":{"@id":"https:\/\/naturvernforbundet.no\/hordaland\/minneord-honoria-bjerknes-hamre\/#primaryimage"},"thumbnailUrl":"https:\/\/naturvernforbundet.no\/content\/uploads\/sites\/13\/2025\/06\/DSC_0456-scaled-e1751268183490.jpg","datePublished":"2025-06-30T07:26:19+00:00","dateModified":"2025-06-30T07:36:31+00:00","breadcrumb":{"@id":"https:\/\/naturvernforbundet.no\/hordaland\/minneord-honoria-bjerknes-hamre\/#breadcrumb"},"inLanguage":"nb-NO","potentialAction":[{"@type":"ReadAction","target":["https:\/\/naturvernforbundet.no\/hordaland\/minneord-honoria-bjerknes-hamre\/"]}]},{"@type":"ImageObject","inLanguage":"nb-NO","@id":"https:\/\/naturvernforbundet.no\/hordaland\/minneord-honoria-bjerknes-hamre\/#primaryimage","url":"https:\/\/naturvernforbundet.no\/content\/uploads\/sites\/13\/2025\/06\/DSC_0456-scaled-e1751268183490.jpg","contentUrl":"https:\/\/naturvernforbundet.no\/content\/uploads\/sites\/13\/2025\/06\/DSC_0456-scaled-e1751268183490.jpg","width":1694,"height":1494,"caption":"Honoria Bjerknes Hamre, Naturvernforbundets 100 \u00e5r markering i Bergen i 2014"},{"@type":"BreadcrumbList","@id":"https:\/\/naturvernforbundet.no\/hordaland\/minneord-honoria-bjerknes-hamre\/#breadcrumb","itemListElement":[{"@type":"ListItem","position":1,"name":"Till naturvernforbundet.no","item":"https:\/\/naturvernforbundet.no\/"},{"@type":"ListItem","position":2,"name":"Hordaland","item":"https:\/\/naturvernforbundet.no\/hordaland\/"},{"@type":"ListItem","position":3,"name":"Minneord: Honoria Bjerknes Hamre"}]},{"@type":"WebSite","@id":"https:\/\/naturvernforbundet.no\/hordaland\/#website","url":"https:\/\/naturvernforbundet.no\/hordaland\/","name":"Hordaland","description":"","publisher":{"@id":"https:\/\/naturvernforbundet.no\/hordaland\/#organization"},"potentialAction":[{"@type":"SearchAction","target":{"@type":"EntryPoint","urlTemplate":"https:\/\/naturvernforbundet.no\/hordaland\/?s={search_term_string}"},"query-input":{"@type":"PropertyValueSpecification","valueRequired":true,"valueName":"search_term_string"}}],"inLanguage":"nb-NO"},{"@type":"Organization","@id":"https:\/\/naturvernforbundet.no\/hordaland\/#organization","name":"Naturvernforbundet Hordaland","url":"https:\/\/naturvernforbundet.no\/hordaland\/","logo":{"@type":"ImageObject","inLanguage":"nb-NO","@id":"https:\/\/naturvernforbundet.no\/hordaland\/#\/schema\/logo\/image\/","url":"https:\/\/naturvernforbundet.no\/content\/uploads\/sites\/13\/2022\/11\/Logo_Hordaland_transparent.png","contentUrl":"https:\/\/naturvernforbundet.no\/content\/uploads\/sites\/13\/2022\/11\/Logo_Hordaland_transparent.png","width":1095,"height":203,"caption":"Naturvernforbundet Hordaland"},"image":{"@id":"https:\/\/naturvernforbundet.no\/hordaland\/#\/schema\/logo\/image\/"},"sameAs":["https:\/\/www.facebook.com\/naturvernforbundet.hordaland","https:\/\/www.instagram.com\/naturvern_hordaland\/","https:\/\/www.flickr.com\/photos\/naturvernforbundet_hordaland\/"]},{"@type":"Person","@id":"https:\/\/naturvernforbundet.no\/hordaland\/#\/schema\/person\/2b4f064c76270324a903c0a70e9f6afd","name":"Mona Maria L\u00f8berg","image":{"@type":"ImageObject","inLanguage":"nb-NO","@id":"https:\/\/naturvernforbundet.no\/hordaland\/#\/schema\/person\/image\/","url":"https:\/\/secure.gravatar.com\/avatar\/b7d3282848b65fe5d48ca594f5a7108b?s=96&d=mm&r=g","contentUrl":"https:\/\/secure.gravatar.com\/avatar\/b7d3282848b65fe5d48ca594f5a7108b?s=96&d=mm&r=g","caption":"Mona Maria L\u00f8berg"},"sameAs":["instagram.com\/manamoria"],"url":"https:\/\/naturvernforbundet.no\/hordaland\/author\/monamarialoberg\/"}]}},"_links":{"self":[{"href":"https:\/\/naturvernforbundet.no\/hordaland\/wp-json\/wp\/v2\/posts\/14715","targetHints":{"allow":["GET"]}}],"collection":[{"href":"https:\/\/naturvernforbundet.no\/hordaland\/wp-json\/wp\/v2\/posts"}],"about":[{"href":"https:\/\/naturvernforbundet.no\/hordaland\/wp-json\/wp\/v2\/types\/post"}],"author":[{"embeddable":true,"href":"https:\/\/naturvernforbundet.no\/hordaland\/wp-json\/wp\/v2\/users\/185"}],"replies":[{"embeddable":true,"href":"https:\/\/naturvernforbundet.no\/hordaland\/wp-json\/wp\/v2\/comments?post=14715"}],"version-history":[{"count":3,"href":"https:\/\/naturvernforbundet.no\/hordaland\/wp-json\/wp\/v2\/posts\/14715\/revisions"}],"predecessor-version":[{"id":14721,"href":"https:\/\/naturvernforbundet.no\/hordaland\/wp-json\/wp\/v2\/posts\/14715\/revisions\/14721"}],"wp:featuredmedia":[{"embeddable":true,"href":"https:\/\/naturvernforbundet.no\/hordaland\/wp-json\/wp\/v2\/media\/14716"}],"wp:attachment":[{"href":"https:\/\/naturvernforbundet.no\/hordaland\/wp-json\/wp\/v2\/media?parent=14715"}],"wp:term":[{"taxonomy":"category","embeddable":true,"href":"https:\/\/naturvernforbundet.no\/hordaland\/wp-json\/wp\/v2\/categories?post=14715"},{"taxonomy":"local","embeddable":true,"href":"https:\/\/naturvernforbundet.no\/hordaland\/wp-json\/wp\/v2\/local?post=14715"}],"curies":[{"name":"wp","href":"https:\/\/api.w.org\/{rel}","templated":true}]}}