{"id":15411,"date":"2025-09-08T12:02:02","date_gmt":"2025-09-08T10:02:02","guid":{"rendered":"https:\/\/naturvernforbundet.no\/hordaland\/?p=15411"},"modified":"2025-09-15T15:05:37","modified_gmt":"2025-09-15T13:05:37","slug":"merknader-til-detaljregulering-for-storhaugen","status":"publish","type":"post","link":"https:\/\/naturvernforbundet.no\/hordaland\/merknader-til-detaljregulering-for-storhaugen\/","title":{"rendered":"Detaljregulering for Storhaugen"},"content":{"rendered":"\t<div class=\"template-post alignnone wp-block-naturvern-hero\">\n\t\t<div class=\"hero__inner\">\n\t\t\t<div class=\"hero__inner_blocks\">\n\t\t\t\t\t\t\t\t\n<h1 class=\"wp-block-post-title\">Detaljregulering for Storhaugen<\/h1>\n\n<div class=\"wp-block-post-excerpt\"><p class=\"wp-block-post-excerpt__excerpt\">Utbyggingsplanen g\u00e5r p\u00e5 tvers av natur- og klimaplaner som Bj\u00f8rnafjorden kommune har forpliktet seg til. <\/p><\/div>\n\n<figure class=\"wp-block-post-featured-image\"><div class=\"t2-image-credit\"><div class=\"t2-image-credit\"><img loading=\"lazy\" decoding=\"async\" width=\"786\" height=\"667\" src=\"https:\/\/naturvernforbundet.no\/content\/uploads\/sites\/13\/2025\/09\/250904-NVF-Bjornafjorden-Merknader-Storhaugen-web_Side_06_Bilde_0001.jpg\" class=\"attachment-post-thumbnail size-post-thumbnail wp-post-image\" alt=\"Bj\u00f8rnafjorden, Hvitryggspett fotografert p\u00e5 Storhaugen\" style=\"object-fit:cover;\" srcset=\"https:\/\/naturvernforbundet.no\/content\/uploads\/sites\/13\/2025\/09\/250904-NVF-Bjornafjorden-Merknader-Storhaugen-web_Side_06_Bilde_0001.jpg 786w, https:\/\/naturvernforbundet.no\/content\/uploads\/sites\/13\/2025\/09\/250904-NVF-Bjornafjorden-Merknader-Storhaugen-web_Side_06_Bilde_0001-300x255.jpg 300w, https:\/\/naturvernforbundet.no\/content\/uploads\/sites\/13\/2025\/09\/250904-NVF-Bjornafjorden-Merknader-Storhaugen-web_Side_06_Bilde_0001-768x652.jpg 768w\" sizes=\"auto, (max-width: 786px) 100vw, 786px\" \/><span class=\"t2-image-credit-name\">Foto: Ida Kaland<\/span><\/div><span class=\"t2-image-credit-name\">Foto: Ida Kaland<\/span><\/div><\/figure>\n\t\t\t<\/div>\n\t\t\t\t\t<\/div>\n\t\t\t<\/div>\n\t\n\n\n<div class=\"wp-block-buttons is-layout-flex wp-block-buttons-is-layout-flex\">\n<div class=\"wp-block-button\"><a class=\"wp-block-button__link wp-element-button\" href=\"https:\/\/naturvernforbundet.no\/content\/uploads\/2025\/09\/250904-NVF-Bjornafjorden-Merknader-Storhaugen-web.pdf\">Les uttalelsen<\/a><\/div>\n\n\n\n<div class=\"wp-block-button is-style-outline is-style-outline--1\"><a class=\"wp-block-button__link wp-element-button\" href=\"https:\/\/naturvernforbundet.no\/content\/uploads\/2025\/09\/250908-FNF-Storhaugen-Bjornafjorden.pdf\">Uttalelse fra FNF Hordaland<\/a><\/div>\n<\/div>\n\n\n\n<p>Naturkartleggingsrapporten for Storhaugen viser at omr\u00e5det best\u00e5r av natur som er s\u00e6rlig viktig \u00e5 bevare, blant annet hagemark, gammel sl\u00e5tteeng, rik edell\u00f8vskog og gammel furuskog med st\u00e5ende og liggende d\u00f8d ved. Her er det ogs\u00e5 hule eiker, og ask, som p\u00e5 grunn av askeskuddsyken er en sterkt truet art i Norge. Omr\u00e5det er ogs\u00e5 viktig for fugl. Granmeis er en av artene som er observert her. Denne arten trenger gamle, morkne trestammer for \u00e5 hakke ut reirhull. Bestanden av denne arten er i kraftig fall (30-50%) de siste ti \u00e5rene. Mange andre arter er ogs\u00e5 i nedgang fordi de gamle naturskogene hogges.<\/p>\n\n\n\n<p>Lav, mose og sopp er ikke kartlagt i nevneverdig grad, og p\u00e5 befaring har vi funnet stedbundne arter som er avhengig av akkurat denne skogen for \u00e5 leve.<\/p>\n\n\n\n<p>Bj\u00f8rnafjorden kommune har forpliktet seg til en rekke avtaler for \u00e5 ta vare p\u00e5 natur og bremse klimaendringene. Kommunen har selv sagt at den skal legge FNs b\u00e6rekraftsm\u00e5l til grunn i all samfunns og arealplanlegging. Kommunen m\u00e5 vise handling &#8211; \u00e5 aktivt avst\u00e5 fra \u00e5 bygge ut dette viktige naturomr\u00e5det!<\/p>\n\n\n\n<div class=\"wp-block-group alignwide is-layout-constrained wp-block-group-is-layout-constrained\">\n<h2 class=\"wp-block-heading has-text-align-center\" id=\"artikler-fra-bjornafjorden\">Artikler fra Bj\u00f8rnafjorden<\/h2>\n\n\n<div class=\"t2-featured-content-layout alignwide alignwide wp-block-t2-featured-content-layout\">\n<div class=\"t2-featured-query-post t2-featured-content is-post-type-post category-aktuelt category-hordfast category-motorvei category-klima-transport local-bjornafjorden local-stord wp-block-t2-featured-query-post\"><a class=\"t2-post-link wp-block-t2-post-link\" href=\"https:\/\/naturvernforbundet.no\/hordaland\/sammen-mot-sloseriet\/\">\n<figure style=\"--t2-focal-point: 50% 50%;\" class=\"t2-post-featured-image has-image-ratio-4-3 wp-block-t2-post-featured-image\"><img loading=\"lazy\" decoding=\"async\" width=\"1200\" height=\"600\" src=\"https:\/\/naturvernforbundet.no\/content\/uploads\/sites\/13\/2026\/01\/Gul-midtstripe.png\" class=\"attachment-post-thumbnail size-post-thumbnail wp-post-image\" alt=\"gul midtstripe, foto via stock foto i canva\" srcset=\"https:\/\/naturvernforbundet.no\/content\/uploads\/sites\/13\/2026\/01\/Gul-midtstripe.png 1200w, https:\/\/naturvernforbundet.no\/content\/uploads\/sites\/13\/2026\/01\/Gul-midtstripe-300x150.png 300w, https:\/\/naturvernforbundet.no\/content\/uploads\/sites\/13\/2026\/01\/Gul-midtstripe-1024x512.png 1024w, https:\/\/naturvernforbundet.no\/content\/uploads\/sites\/13\/2026\/01\/Gul-midtstripe-768x384.png 768w\" sizes=\"auto, (max-width: 1200px) 100vw, 1200px\" \/><\/figure>\n\n<div class=\"wp-block-group alignfull is-layout-flow wp-block-group-is-layout-flow\">\n\t<h2 class=\"t2-post-title wp-block-t2-post-title\">Sammen mot sl\u00f8seriet<\/h2>\n\t<p class=\"wp-block-naturvern-post-excerpt\">Milj\u00f8bevegelsen og transportarbeidere st\u00e5r sammen mot felles m\u00e5l: bedre fylkesveier fremfor Hordfast.<\/p>\n\t\t<div class=\"wp-block-naturvern-post-meta\">\n\t\t\t\t\t<span class=\"cat\">\n\t\t\t\t\t\t\t\t\t<span><span class=\"tag-link\" data-href=\"https:\/\/naturvernforbundet.no\/hordaland\/category\/aktuelt\/\">Aktuelt<\/span><\/span>\n\t\t\t\t\t\t\t\t\t<span><span class=\"tag-link\" data-href=\"https:\/\/naturvernforbundet.no\/hordaland\/category\/hordfast\/\">Hordfast<\/span><\/span>\n\t\t\t\t\t\t\t\t\t<span><span class=\"tag-link\" data-href=\"https:\/\/naturvernforbundet.no\/hordaland\/category\/klima-transport\/motorvei\/\">Motorvei<\/span><\/span>\n\t\t\t\t\t\t\t\t\t<span><span class=\"tag-link\" data-href=\"https:\/\/naturvernforbundet.no\/hordaland\/category\/klima-transport\/\">Transport<\/span><\/span>\n\t\t\t\t\t\t\t<\/span>\n\t\t\t\t\t\t\t<span class=\"date\">21.03.2026<\/span>\n\t\t\t<\/div>\n\t\n<\/div>\n\n<\/a>\n<\/div>\n\n<div class=\"t2-featured-query-post t2-featured-content is-post-type-post category-aktuelt category-uttale local-bjornafjorden wp-block-t2-featured-query-post\"><a class=\"t2-post-link wp-block-t2-post-link\" href=\"https:\/\/naturvernforbundet.no\/hordaland\/flere-merknader-til-kpa-i-bjornafjorden-2027-2038\/\">\n<figure style=\"--t2-focal-point: 50% 50%;\" class=\"t2-post-featured-image has-image-ratio-4-3 wp-block-t2-post-featured-image\"><img loading=\"lazy\" decoding=\"async\" width=\"2049\" height=\"1152\" src=\"https:\/\/naturvernforbundet.no\/content\/uploads\/sites\/13\/2025\/11\/Banner-Naturvernforbundet-Bjornafjorden.png\" class=\"attachment-post-thumbnail size-post-thumbnail wp-post-image\" alt=\"Gr\u00f8nt banner med logoen til Naturvernforbundet Bj\u00f8rnafjorden\" srcset=\"https:\/\/naturvernforbundet.no\/content\/uploads\/sites\/13\/2025\/11\/Banner-Naturvernforbundet-Bjornafjorden.png 2049w, https:\/\/naturvernforbundet.no\/content\/uploads\/sites\/13\/2025\/11\/Banner-Naturvernforbundet-Bjornafjorden-300x169.png 300w, https:\/\/naturvernforbundet.no\/content\/uploads\/sites\/13\/2025\/11\/Banner-Naturvernforbundet-Bjornafjorden-1024x576.png 1024w, https:\/\/naturvernforbundet.no\/content\/uploads\/sites\/13\/2025\/11\/Banner-Naturvernforbundet-Bjornafjorden-768x432.png 768w, https:\/\/naturvernforbundet.no\/content\/uploads\/sites\/13\/2025\/11\/Banner-Naturvernforbundet-Bjornafjorden-1536x864.png 1536w, https:\/\/naturvernforbundet.no\/content\/uploads\/sites\/13\/2025\/11\/Banner-Naturvernforbundet-Bjornafjorden-1920x1079.png 1920w\" sizes=\"auto, (max-width: 2049px) 100vw, 2049px\" \/><\/figure>\n\n<div class=\"wp-block-group alignfull is-layout-flow wp-block-group-is-layout-flow\">\n\t<h2 class=\"t2-post-title wp-block-t2-post-title\">Flere merknader til KPA i Bj\u00f8rnafjorden 2027-2038<\/h2>\n\t<p class=\"wp-block-naturvern-post-excerpt\">Vi har sendt inn flere konkrete forslag til planprogram for KPA i Bj\u00f8rnafjorden.<\/p>\n\t\t<div class=\"wp-block-naturvern-post-meta\">\n\t\t\t\t\t<span class=\"cat\">\n\t\t\t\t\t\t\t\t\t<span><span class=\"tag-link\" data-href=\"https:\/\/naturvernforbundet.no\/hordaland\/category\/aktuelt\/\">Aktuelt<\/span><\/span>\n\t\t\t\t\t\t\t\t\t<span><span class=\"tag-link\" data-href=\"https:\/\/naturvernforbundet.no\/hordaland\/category\/uttale\/\">Uttale<\/span><\/span>\n\t\t\t\t\t\t\t<\/span>\n\t\t\t\t\t\t\t<span class=\"date\">13.02.2026<\/span>\n\t\t\t<\/div>\n\t\n<\/div>\n\n<\/a>\n<\/div>\n\n<div class=\"t2-featured-query-post t2-featured-content is-post-type-post category-aktuelt category-naturvest local-askoy local-bergen local-bjornafjorden local-hardanger local-kvinnherad local-nordhordland local-oygarden local-stord local-voss-naturvernlag wp-block-t2-featured-query-post\"><a class=\"t2-post-link wp-block-t2-post-link\" href=\"https:\/\/naturvernforbundet.no\/hordaland\/kan-du-hore-naturens-stemmer\/\">\n<figure style=\"--t2-focal-point: 50% 50%;\" class=\"t2-post-featured-image has-image-ratio-4-3 wp-block-t2-post-featured-image\"><img loading=\"lazy\" decoding=\"async\" width=\"1920\" height=\"1080\" src=\"https:\/\/naturvernforbundet.no\/content\/uploads\/sites\/13\/2025\/11\/Naturens-stemme-banner.png\" class=\"attachment-post-thumbnail size-post-thumbnail wp-post-image\" alt=\"Myrlandskap fra Hordaland, med gr\u00f8nt filter lagt opp\u00e5. Tekst med &quot;Naturens stemme&quot; i hvit skrift.\" srcset=\"https:\/\/naturvernforbundet.no\/content\/uploads\/sites\/13\/2025\/11\/Naturens-stemme-banner.png 1920w, https:\/\/naturvernforbundet.no\/content\/uploads\/sites\/13\/2025\/11\/Naturens-stemme-banner-300x169.png 300w, https:\/\/naturvernforbundet.no\/content\/uploads\/sites\/13\/2025\/11\/Naturens-stemme-banner-1024x576.png 1024w, https:\/\/naturvernforbundet.no\/content\/uploads\/sites\/13\/2025\/11\/Naturens-stemme-banner-768x432.png 768w, https:\/\/naturvernforbundet.no\/content\/uploads\/sites\/13\/2025\/11\/Naturens-stemme-banner-1536x864.png 1536w\" sizes=\"auto, (max-width: 1920px) 100vw, 1920px\" \/><\/figure>\n\n<div class=\"wp-block-group alignfull is-layout-flow wp-block-group-is-layout-flow\">\n\t<h2 class=\"t2-post-title wp-block-t2-post-title\">Kan du h\u00f8re naturens stemmer?<\/h2>\n\t<p class=\"wp-block-naturvern-post-excerpt\">Vi satser bredt for \u00e5 \u00f8ke kompetansen blant v\u00e5re medlemmer.<\/p>\n\t\t<div class=\"wp-block-naturvern-post-meta\">\n\t\t\t\t\t<span class=\"cat\">\n\t\t\t\t\t\t\t\t\t<span><span class=\"tag-link\" data-href=\"https:\/\/naturvernforbundet.no\/hordaland\/category\/aktuelt\/\">Aktuelt<\/span><\/span>\n\t\t\t\t\t\t\t\t\t<span><span class=\"tag-link\" data-href=\"https:\/\/naturvernforbundet.no\/hordaland\/category\/naturvest\/\">NaturVest<\/span><\/span>\n\t\t\t\t\t\t\t<\/span>\n\t\t\t\t\t\t\t<span class=\"date\">10.12.2025<\/span>\n\t\t\t<\/div>\n\t\n<\/div>\n\n<\/a>\n<\/div>\n<\/div><\/div>\n\n\n\n<div class=\"wp-block-group alignwide is-layout-constrained wp-block-group-is-layout-constrained\">\n<div class=\"wp-block-group alignwide is-layout-constrained wp-block-group-is-layout-constrained\">\n<h2 class=\"wp-block-heading has-text-align-center\" id=\"artikler-fra-hordaland\">Artikler fra Hordaland<\/h2>\n\n\n<div class=\"t2-featured-content-layout alignwide alignwide wp-block-t2-featured-content-layout\">\n<div class=\"t2-featured-query-post t2-featured-content is-post-type-post category-aktuelt wp-block-t2-featured-query-post\"><a class=\"t2-post-link wp-block-t2-post-link\" href=\"https:\/\/naturvernforbundet.no\/hordaland\/digitalt-kurs-om-biodiversitet-og-natur\/\">\n<figure style=\"--t2-focal-point: 50% 50%;\" class=\"t2-post-featured-image has-image-ratio-4-3 wp-block-t2-post-featured-image\"><img loading=\"lazy\" decoding=\"async\" width=\"2560\" height=\"1920\" src=\"https:\/\/naturvernforbundet.no\/content\/uploads\/sites\/13\/2023\/03\/Oksnesmarka_-Gunvar-Mikkelsen-scaled.jpg\" class=\"attachment-post-thumbnail size-post-thumbnail wp-post-image\" alt=\"\u00d8ksnesmarka. Foto av Gunvar Mikkelsen.\" srcset=\"https:\/\/naturvernforbundet.no\/content\/uploads\/sites\/13\/2023\/03\/Oksnesmarka_-Gunvar-Mikkelsen-scaled.jpg 2560w, https:\/\/naturvernforbundet.no\/content\/uploads\/sites\/13\/2023\/03\/Oksnesmarka_-Gunvar-Mikkelsen-300x225.jpg 300w, https:\/\/naturvernforbundet.no\/content\/uploads\/sites\/13\/2023\/03\/Oksnesmarka_-Gunvar-Mikkelsen-1024x768.jpg 1024w, https:\/\/naturvernforbundet.no\/content\/uploads\/sites\/13\/2023\/03\/Oksnesmarka_-Gunvar-Mikkelsen-768x576.jpg 768w, https:\/\/naturvernforbundet.no\/content\/uploads\/sites\/13\/2023\/03\/Oksnesmarka_-Gunvar-Mikkelsen-1536x1152.jpg 1536w, https:\/\/naturvernforbundet.no\/content\/uploads\/sites\/13\/2023\/03\/Oksnesmarka_-Gunvar-Mikkelsen-2048x1536.jpg 2048w, https:\/\/naturvernforbundet.no\/content\/uploads\/sites\/13\/2023\/03\/Oksnesmarka_-Gunvar-Mikkelsen-1920x1440.jpg 1920w\" sizes=\"auto, (max-width: 2560px) 100vw, 2560px\" \/><\/figure>\n\n<div class=\"wp-block-group alignfull is-layout-flow wp-block-group-is-layout-flow\">\n\t<h2 class=\"t2-post-title wp-block-t2-post-title\">Digitalt kurs om biodiversitet og natur<\/h2>\n\t<p class=\"wp-block-naturvern-post-excerpt\">Bli med p\u00e5 kurs for frivillige i Naturvernforbundet om biodiversitet og natur! Kurset vil gi innsikt i norsk natur, og viktige verkt\u00f8y som brukes i kartlegging av arter, naturtyper og mer, hvor vi kan hente ut informasjon som er nyttig for omr\u00e5der vi \u00f8nsker \u00e5 ta vare p\u00e5.<\/p>\n\t\t<div class=\"wp-block-naturvern-post-meta\">\n\t\t\t\t\t<span class=\"cat\">\n\t\t\t\t\t\t\t\t\t<span><span class=\"tag-link\" data-href=\"https:\/\/naturvernforbundet.no\/hordaland\/category\/aktuelt\/\">Aktuelt<\/span><\/span>\n\t\t\t\t\t\t\t<\/span>\n\t\t\t\t\t\t\t<span class=\"date\">27.04.2026<\/span>\n\t\t\t<\/div>\n\t\n<\/div>\n\n<\/a>\n<\/div>\n\n<div class=\"t2-featured-query-post t2-featured-content is-post-type-post category-aktuelt wp-block-t2-featured-query-post\"><a class=\"t2-post-link wp-block-t2-post-link\" href=\"https:\/\/naturvernforbundet.no\/hordaland\/naturvernhelga2026\/\">\n<figure style=\"--t2-focal-point: 50% 50%;\" class=\"t2-post-featured-image has-image-ratio-4-3 wp-block-t2-post-featured-image\"><img loading=\"lazy\" decoding=\"async\" width=\"2048\" height=\"1382\" src=\"https:\/\/naturvernforbundet.no\/content\/uploads\/sites\/13\/2026\/04\/DSC00732.jpg\" class=\"attachment-post-thumbnail size-post-thumbnail wp-post-image\" alt=\"\" srcset=\"https:\/\/naturvernforbundet.no\/content\/uploads\/sites\/13\/2026\/04\/DSC00732.jpg 2048w, https:\/\/naturvernforbundet.no\/content\/uploads\/sites\/13\/2026\/04\/DSC00732-300x202.jpg 300w, https:\/\/naturvernforbundet.no\/content\/uploads\/sites\/13\/2026\/04\/DSC00732-1024x691.jpg 1024w, https:\/\/naturvernforbundet.no\/content\/uploads\/sites\/13\/2026\/04\/DSC00732-768x518.jpg 768w, https:\/\/naturvernforbundet.no\/content\/uploads\/sites\/13\/2026\/04\/DSC00732-1536x1037.jpg 1536w, https:\/\/naturvernforbundet.no\/content\/uploads\/sites\/13\/2026\/04\/DSC00732-1920x1296.jpg 1920w\" sizes=\"auto, (max-width: 2048px) 100vw, 2048px\" \/><\/figure>\n\n<div class=\"wp-block-group alignfull is-layout-flow wp-block-group-is-layout-flow\">\n\t<h2 class=\"t2-post-title wp-block-t2-post-title\">Naturvernhelga<\/h2>\n\t<p class=\"wp-block-naturvern-post-excerpt\">Sosial og faglig m\u00f8teplass hvor naturvernere m\u00f8tes, blir inspirert og l\u00e6rer noe nytt.<\/p>\n\t\t<div class=\"wp-block-naturvern-post-meta\">\n\t\t\t\t\t<span class=\"cat\">\n\t\t\t\t\t\t\t\t\t<span><span class=\"tag-link\" data-href=\"https:\/\/naturvernforbundet.no\/hordaland\/category\/aktuelt\/\">Aktuelt<\/span><\/span>\n\t\t\t\t\t\t\t<\/span>\n\t\t\t\t\t\t\t<span class=\"date\">17.04.2026<\/span>\n\t\t\t<\/div>\n\t\n<\/div>\n\n<\/a>\n<\/div>\n\n<div class=\"t2-featured-query-post t2-featured-content is-post-type-post category-aktuelt wp-block-t2-featured-query-post\"><a class=\"t2-post-link wp-block-t2-post-link\" href=\"https:\/\/naturvernforbundet.no\/hordaland\/ny-rapport-om-kildn\/\">\n<figure style=\"--t2-focal-point: 50% 50%;\" class=\"t2-post-featured-image has-image-ratio-4-3 wp-block-t2-post-featured-image\"><img loading=\"lazy\" decoding=\"async\" width=\"1860\" height=\"874\" src=\"https:\/\/naturvernforbundet.no\/content\/uploads\/sites\/13\/2026\/04\/Skjermbilde-KILDN.png\" class=\"attachment-post-thumbnail size-post-thumbnail wp-post-image\" alt=\"\" srcset=\"https:\/\/naturvernforbundet.no\/content\/uploads\/sites\/13\/2026\/04\/Skjermbilde-KILDN.png 1860w, https:\/\/naturvernforbundet.no\/content\/uploads\/sites\/13\/2026\/04\/Skjermbilde-KILDN-300x141.png 300w, https:\/\/naturvernforbundet.no\/content\/uploads\/sites\/13\/2026\/04\/Skjermbilde-KILDN-1024x481.png 1024w, https:\/\/naturvernforbundet.no\/content\/uploads\/sites\/13\/2026\/04\/Skjermbilde-KILDN-768x361.png 768w, https:\/\/naturvernforbundet.no\/content\/uploads\/sites\/13\/2026\/04\/Skjermbilde-KILDN-1536x722.png 1536w\" sizes=\"auto, (max-width: 1860px) 100vw, 1860px\" \/><\/figure>\n\n<div class=\"wp-block-group alignfull is-layout-flow wp-block-group-is-layout-flow\">\n\t<h2 class=\"t2-post-title wp-block-t2-post-title\">Ny rapport om KILDN<\/h2>\n\t<p class=\"wp-block-naturvern-post-excerpt\">Prosjektet KILDNs l\u00f8fter om \u00e5 etablere verdens f\u00f8rste nullutslippshavn p\u00e5 Ask\u00f8y er s\u00e5 vidl\u00f8ftige at rapporten rett og slett har f\u00e5tt undertittelen &laquo;Gr\u00f8nnvasking i s\u00e6rklasse&raquo;<\/p>\n\t\t<div class=\"wp-block-naturvern-post-meta\">\n\t\t\t\t\t<span class=\"cat\">\n\t\t\t\t\t\t\t\t\t<span><span class=\"tag-link\" data-href=\"https:\/\/naturvernforbundet.no\/hordaland\/category\/aktuelt\/\">Aktuelt<\/span><\/span>\n\t\t\t\t\t\t\t<\/span>\n\t\t\t\t\t\t\t<span class=\"date\">10.04.2026<\/span>\n\t\t\t<\/div>\n\t\n<\/div>\n\n<\/a>\n<\/div>\n<\/div><\/div>\n<\/div>\n","protected":false},"excerpt":{"rendered":"<p>Utbyggingsplanen g\u00e5r p\u00e5 tvers av natur- og klimaplaner som Bj\u00f8rnafjorden kommune har forpliktet seg til.<\/p>\n","protected":false},"author":185,"featured_media":15421,"comment_status":"closed","ping_status":"closed","sticky":false,"template":"","format":"standard","meta":{"_relevanssi_hide_post":"","_relevanssi_hide_content":"","_relevanssi_pin_for_all":"","_relevanssi_pin_keywords":"","_relevanssi_unpin_keywords":"","_relevanssi_related_keywords":"","_relevanssi_related_include_ids":"","_relevanssi_related_exclude_ids":"","_relevanssi_related_no_append":"","_relevanssi_related_not_related":"","_relevanssi_related_posts":"1352,8798,464,1417,11976,10713","_relevanssi_noindex_reason":"","t2_featured_media_focal_point":{"x":0.5,"y":0.5},"hide_logo":false,"footnotes":""},"categories":[68,93],"local":[154],"class_list":["post-15411","post","type-post","status-publish","format-standard","has-post-thumbnail","hentry","category-aktuelt","category-uttale","local-bjornafjorden"],"acf":[],"yoast_head":"<!-- This site is optimized with the Yoast SEO plugin v24.9 - https:\/\/yoast.com\/wordpress\/plugins\/seo\/ -->\n<title>Detaljregulering for Storhaugen - Hordaland<\/title>\n<meta name=\"robots\" content=\"index, follow, max-snippet:-1, max-image-preview:large, max-video-preview:-1\" \/>\n<link rel=\"canonical\" href=\"https:\/\/naturvernforbundet.no\/hordaland\/merknader-til-detaljregulering-for-storhaugen\/\" \/>\n<meta property=\"og:locale\" content=\"nb_NO\" \/>\n<meta property=\"og:type\" content=\"article\" \/>\n<meta property=\"og:title\" content=\"Detaljregulering for Storhaugen - Hordaland\" \/>\n<meta property=\"og:description\" content=\"Utbyggingsplanen g\u00e5r p\u00e5 tvers av natur- og klimaplaner som Bj\u00f8rnafjorden kommune har forpliktet seg til.\" \/>\n<meta property=\"og:url\" content=\"https:\/\/naturvernforbundet.no\/hordaland\/merknader-til-detaljregulering-for-storhaugen\/\" \/>\n<meta property=\"og:site_name\" content=\"Hordaland\" \/>\n<meta property=\"article:publisher\" content=\"https:\/\/www.facebook.com\/naturvernforbundet.hordaland\" \/>\n<meta property=\"article:published_time\" content=\"2025-09-08T10:02:02+00:00\" \/>\n<meta property=\"article:modified_time\" content=\"2025-09-15T13:05:37+00:00\" \/>\n<meta property=\"og:image\" content=\"https:\/\/naturvernforbundet.no\/content\/uploads\/sites\/13\/2025\/09\/250904-NVF-Bjornafjorden-Merknader-Storhaugen-web_Side_06_Bilde_0001.jpg\" \/>\n\t<meta property=\"og:image:width\" content=\"786\" \/>\n\t<meta property=\"og:image:height\" content=\"667\" \/>\n\t<meta property=\"og:image:type\" content=\"image\/jpeg\" \/>\n<meta name=\"author\" content=\"Mona Maria L\u00f8berg\" \/>\n<meta name=\"twitter:card\" content=\"summary_large_image\" \/>\n<meta name=\"twitter:label1\" content=\"Skrevet av\" \/>\n\t<meta name=\"twitter:data1\" content=\"Mona Maria L\u00f8berg\" \/>\n\t<meta name=\"twitter:label2\" content=\"Ansl. lesetid\" \/>\n\t<meta name=\"twitter:data2\" content=\"2 minutter\" \/>\n<script type=\"application\/ld+json\" class=\"yoast-schema-graph\">{\"@context\":\"https:\/\/schema.org\",\"@graph\":[{\"@type\":\"Article\",\"@id\":\"https:\/\/naturvernforbundet.no\/hordaland\/merknader-til-detaljregulering-for-storhaugen\/#article\",\"isPartOf\":{\"@id\":\"https:\/\/naturvernforbundet.no\/hordaland\/merknader-til-detaljregulering-for-storhaugen\/\"},\"author\":{\"name\":\"Mona Maria L\u00f8berg\",\"@id\":\"https:\/\/naturvernforbundet.no\/hordaland\/#\/schema\/person\/2b4f064c76270324a903c0a70e9f6afd\"},\"headline\":\"Detaljregulering for Storhaugen\",\"datePublished\":\"2025-09-08T10:02:02+00:00\",\"dateModified\":\"2025-09-15T13:05:37+00:00\",\"mainEntityOfPage\":{\"@id\":\"https:\/\/naturvernforbundet.no\/hordaland\/merknader-til-detaljregulering-for-storhaugen\/\"},\"wordCount\":199,\"publisher\":{\"@id\":\"https:\/\/naturvernforbundet.no\/hordaland\/#organization\"},\"image\":{\"@id\":\"https:\/\/naturvernforbundet.no\/hordaland\/merknader-til-detaljregulering-for-storhaugen\/#primaryimage\"},\"thumbnailUrl\":\"https:\/\/naturvernforbundet.no\/content\/uploads\/sites\/13\/2025\/09\/250904-NVF-Bjornafjorden-Merknader-Storhaugen-web_Side_06_Bilde_0001.jpg\",\"articleSection\":[\"Aktuelt\",\"Uttale\"],\"inLanguage\":\"nb-NO\"},{\"@type\":\"WebPage\",\"@id\":\"https:\/\/naturvernforbundet.no\/hordaland\/merknader-til-detaljregulering-for-storhaugen\/\",\"url\":\"https:\/\/naturvernforbundet.no\/hordaland\/merknader-til-detaljregulering-for-storhaugen\/\",\"name\":\"Detaljregulering for Storhaugen - Hordaland\",\"isPartOf\":{\"@id\":\"https:\/\/naturvernforbundet.no\/hordaland\/#website\"},\"primaryImageOfPage\":{\"@id\":\"https:\/\/naturvernforbundet.no\/hordaland\/merknader-til-detaljregulering-for-storhaugen\/#primaryimage\"},\"image\":{\"@id\":\"https:\/\/naturvernforbundet.no\/hordaland\/merknader-til-detaljregulering-for-storhaugen\/#primaryimage\"},\"thumbnailUrl\":\"https:\/\/naturvernforbundet.no\/content\/uploads\/sites\/13\/2025\/09\/250904-NVF-Bjornafjorden-Merknader-Storhaugen-web_Side_06_Bilde_0001.jpg\",\"datePublished\":\"2025-09-08T10:02:02+00:00\",\"dateModified\":\"2025-09-15T13:05:37+00:00\",\"breadcrumb\":{\"@id\":\"https:\/\/naturvernforbundet.no\/hordaland\/merknader-til-detaljregulering-for-storhaugen\/#breadcrumb\"},\"inLanguage\":\"nb-NO\",\"potentialAction\":[{\"@type\":\"ReadAction\",\"target\":[\"https:\/\/naturvernforbundet.no\/hordaland\/merknader-til-detaljregulering-for-storhaugen\/\"]}]},{\"@type\":\"ImageObject\",\"inLanguage\":\"nb-NO\",\"@id\":\"https:\/\/naturvernforbundet.no\/hordaland\/merknader-til-detaljregulering-for-storhaugen\/#primaryimage\",\"url\":\"https:\/\/naturvernforbundet.no\/content\/uploads\/sites\/13\/2025\/09\/250904-NVF-Bjornafjorden-Merknader-Storhaugen-web_Side_06_Bilde_0001.jpg\",\"contentUrl\":\"https:\/\/naturvernforbundet.no\/content\/uploads\/sites\/13\/2025\/09\/250904-NVF-Bjornafjorden-Merknader-Storhaugen-web_Side_06_Bilde_0001.jpg\",\"width\":786,\"height\":667,\"caption\":\"Bj\u00f8rnafjorden, Hvitryggspett fotografert p\u00e5 Storhaugen\"},{\"@type\":\"BreadcrumbList\",\"@id\":\"https:\/\/naturvernforbundet.no\/hordaland\/merknader-til-detaljregulering-for-storhaugen\/#breadcrumb\",\"itemListElement\":[{\"@type\":\"ListItem\",\"position\":1,\"name\":\"Till naturvernforbundet.no\",\"item\":\"https:\/\/naturvernforbundet.no\/\"},{\"@type\":\"ListItem\",\"position\":2,\"name\":\"Hordaland\",\"item\":\"https:\/\/naturvernforbundet.no\/hordaland\/\"},{\"@type\":\"ListItem\",\"position\":3,\"name\":\"Bj\u00f8rnafjorden\",\"item\":\"https:\/\/naturvernforbundet.no\/hordaland\/lokallag\/bjornafjorden\/\"},{\"@type\":\"ListItem\",\"position\":4,\"name\":\"Detaljregulering for Storhaugen\"}]},{\"@type\":\"WebSite\",\"@id\":\"https:\/\/naturvernforbundet.no\/hordaland\/#website\",\"url\":\"https:\/\/naturvernforbundet.no\/hordaland\/\",\"name\":\"Hordaland\",\"description\":\"\",\"publisher\":{\"@id\":\"https:\/\/naturvernforbundet.no\/hordaland\/#organization\"},\"potentialAction\":[{\"@type\":\"SearchAction\",\"target\":{\"@type\":\"EntryPoint\",\"urlTemplate\":\"https:\/\/naturvernforbundet.no\/hordaland\/?s={search_term_string}\"},\"query-input\":{\"@type\":\"PropertyValueSpecification\",\"valueRequired\":true,\"valueName\":\"search_term_string\"}}],\"inLanguage\":\"nb-NO\"},{\"@type\":\"Organization\",\"@id\":\"https:\/\/naturvernforbundet.no\/hordaland\/#organization\",\"name\":\"Naturvernforbundet Hordaland\",\"url\":\"https:\/\/naturvernforbundet.no\/hordaland\/\",\"logo\":{\"@type\":\"ImageObject\",\"inLanguage\":\"nb-NO\",\"@id\":\"https:\/\/naturvernforbundet.no\/hordaland\/#\/schema\/logo\/image\/\",\"url\":\"https:\/\/naturvernforbundet.no\/content\/uploads\/sites\/13\/2022\/11\/Logo_Hordaland_transparent.png\",\"contentUrl\":\"https:\/\/naturvernforbundet.no\/content\/uploads\/sites\/13\/2022\/11\/Logo_Hordaland_transparent.png\",\"width\":1095,\"height\":203,\"caption\":\"Naturvernforbundet Hordaland\"},\"image\":{\"@id\":\"https:\/\/naturvernforbundet.no\/hordaland\/#\/schema\/logo\/image\/\"},\"sameAs\":[\"https:\/\/www.facebook.com\/naturvernforbundet.hordaland\",\"https:\/\/www.instagram.com\/naturvern_hordaland\/\",\"https:\/\/www.flickr.com\/photos\/naturvernforbundet_hordaland\/\"]},{\"@type\":\"Person\",\"@id\":\"https:\/\/naturvernforbundet.no\/hordaland\/#\/schema\/person\/2b4f064c76270324a903c0a70e9f6afd\",\"name\":\"Mona Maria L\u00f8berg\",\"image\":{\"@type\":\"ImageObject\",\"inLanguage\":\"nb-NO\",\"@id\":\"https:\/\/naturvernforbundet.no\/hordaland\/#\/schema\/person\/image\/\",\"url\":\"https:\/\/secure.gravatar.com\/avatar\/b7d3282848b65fe5d48ca594f5a7108b?s=96&d=mm&r=g\",\"contentUrl\":\"https:\/\/secure.gravatar.com\/avatar\/b7d3282848b65fe5d48ca594f5a7108b?s=96&d=mm&r=g\",\"caption\":\"Mona Maria L\u00f8berg\"},\"sameAs\":[\"instagram.com\/manamoria\"],\"url\":\"https:\/\/naturvernforbundet.no\/hordaland\/author\/monamarialoberg\/\"}]}<\/script>\n<!-- \/ Yoast SEO plugin. -->","yoast_head_json":{"title":"Detaljregulering for Storhaugen - Hordaland","robots":{"index":"index","follow":"follow","max-snippet":"max-snippet:-1","max-image-preview":"max-image-preview:large","max-video-preview":"max-video-preview:-1"},"canonical":"https:\/\/naturvernforbundet.no\/hordaland\/merknader-til-detaljregulering-for-storhaugen\/","og_locale":"nb_NO","og_type":"article","og_title":"Detaljregulering for Storhaugen - Hordaland","og_description":"Utbyggingsplanen g\u00e5r p\u00e5 tvers av natur- og klimaplaner som Bj\u00f8rnafjorden kommune har forpliktet seg til.","og_url":"https:\/\/naturvernforbundet.no\/hordaland\/merknader-til-detaljregulering-for-storhaugen\/","og_site_name":"Hordaland","article_publisher":"https:\/\/www.facebook.com\/naturvernforbundet.hordaland","article_published_time":"2025-09-08T10:02:02+00:00","article_modified_time":"2025-09-15T13:05:37+00:00","og_image":[{"width":786,"height":667,"url":"https:\/\/naturvernforbundet.no\/content\/uploads\/sites\/13\/2025\/09\/250904-NVF-Bjornafjorden-Merknader-Storhaugen-web_Side_06_Bilde_0001.jpg","type":"image\/jpeg"}],"author":"Mona Maria L\u00f8berg","twitter_card":"summary_large_image","twitter_misc":{"Skrevet av":"Mona Maria L\u00f8berg","Ansl. lesetid":"2 minutter"},"schema":{"@context":"https:\/\/schema.org","@graph":[{"@type":"Article","@id":"https:\/\/naturvernforbundet.no\/hordaland\/merknader-til-detaljregulering-for-storhaugen\/#article","isPartOf":{"@id":"https:\/\/naturvernforbundet.no\/hordaland\/merknader-til-detaljregulering-for-storhaugen\/"},"author":{"name":"Mona Maria L\u00f8berg","@id":"https:\/\/naturvernforbundet.no\/hordaland\/#\/schema\/person\/2b4f064c76270324a903c0a70e9f6afd"},"headline":"Detaljregulering for Storhaugen","datePublished":"2025-09-08T10:02:02+00:00","dateModified":"2025-09-15T13:05:37+00:00","mainEntityOfPage":{"@id":"https:\/\/naturvernforbundet.no\/hordaland\/merknader-til-detaljregulering-for-storhaugen\/"},"wordCount":199,"publisher":{"@id":"https:\/\/naturvernforbundet.no\/hordaland\/#organization"},"image":{"@id":"https:\/\/naturvernforbundet.no\/hordaland\/merknader-til-detaljregulering-for-storhaugen\/#primaryimage"},"thumbnailUrl":"https:\/\/naturvernforbundet.no\/content\/uploads\/sites\/13\/2025\/09\/250904-NVF-Bjornafjorden-Merknader-Storhaugen-web_Side_06_Bilde_0001.jpg","articleSection":["Aktuelt","Uttale"],"inLanguage":"nb-NO"},{"@type":"WebPage","@id":"https:\/\/naturvernforbundet.no\/hordaland\/merknader-til-detaljregulering-for-storhaugen\/","url":"https:\/\/naturvernforbundet.no\/hordaland\/merknader-til-detaljregulering-for-storhaugen\/","name":"Detaljregulering for Storhaugen - Hordaland","isPartOf":{"@id":"https:\/\/naturvernforbundet.no\/hordaland\/#website"},"primaryImageOfPage":{"@id":"https:\/\/naturvernforbundet.no\/hordaland\/merknader-til-detaljregulering-for-storhaugen\/#primaryimage"},"image":{"@id":"https:\/\/naturvernforbundet.no\/hordaland\/merknader-til-detaljregulering-for-storhaugen\/#primaryimage"},"thumbnailUrl":"https:\/\/naturvernforbundet.no\/content\/uploads\/sites\/13\/2025\/09\/250904-NVF-Bjornafjorden-Merknader-Storhaugen-web_Side_06_Bilde_0001.jpg","datePublished":"2025-09-08T10:02:02+00:00","dateModified":"2025-09-15T13:05:37+00:00","breadcrumb":{"@id":"https:\/\/naturvernforbundet.no\/hordaland\/merknader-til-detaljregulering-for-storhaugen\/#breadcrumb"},"inLanguage":"nb-NO","potentialAction":[{"@type":"ReadAction","target":["https:\/\/naturvernforbundet.no\/hordaland\/merknader-til-detaljregulering-for-storhaugen\/"]}]},{"@type":"ImageObject","inLanguage":"nb-NO","@id":"https:\/\/naturvernforbundet.no\/hordaland\/merknader-til-detaljregulering-for-storhaugen\/#primaryimage","url":"https:\/\/naturvernforbundet.no\/content\/uploads\/sites\/13\/2025\/09\/250904-NVF-Bjornafjorden-Merknader-Storhaugen-web_Side_06_Bilde_0001.jpg","contentUrl":"https:\/\/naturvernforbundet.no\/content\/uploads\/sites\/13\/2025\/09\/250904-NVF-Bjornafjorden-Merknader-Storhaugen-web_Side_06_Bilde_0001.jpg","width":786,"height":667,"caption":"Bj\u00f8rnafjorden, Hvitryggspett fotografert p\u00e5 Storhaugen"},{"@type":"BreadcrumbList","@id":"https:\/\/naturvernforbundet.no\/hordaland\/merknader-til-detaljregulering-for-storhaugen\/#breadcrumb","itemListElement":[{"@type":"ListItem","position":1,"name":"Till naturvernforbundet.no","item":"https:\/\/naturvernforbundet.no\/"},{"@type":"ListItem","position":2,"name":"Hordaland","item":"https:\/\/naturvernforbundet.no\/hordaland\/"},{"@type":"ListItem","position":3,"name":"Bj\u00f8rnafjorden","item":"https:\/\/naturvernforbundet.no\/hordaland\/lokallag\/bjornafjorden\/"},{"@type":"ListItem","position":4,"name":"Detaljregulering for Storhaugen"}]},{"@type":"WebSite","@id":"https:\/\/naturvernforbundet.no\/hordaland\/#website","url":"https:\/\/naturvernforbundet.no\/hordaland\/","name":"Hordaland","description":"","publisher":{"@id":"https:\/\/naturvernforbundet.no\/hordaland\/#organization"},"potentialAction":[{"@type":"SearchAction","target":{"@type":"EntryPoint","urlTemplate":"https:\/\/naturvernforbundet.no\/hordaland\/?s={search_term_string}"},"query-input":{"@type":"PropertyValueSpecification","valueRequired":true,"valueName":"search_term_string"}}],"inLanguage":"nb-NO"},{"@type":"Organization","@id":"https:\/\/naturvernforbundet.no\/hordaland\/#organization","name":"Naturvernforbundet Hordaland","url":"https:\/\/naturvernforbundet.no\/hordaland\/","logo":{"@type":"ImageObject","inLanguage":"nb-NO","@id":"https:\/\/naturvernforbundet.no\/hordaland\/#\/schema\/logo\/image\/","url":"https:\/\/naturvernforbundet.no\/content\/uploads\/sites\/13\/2022\/11\/Logo_Hordaland_transparent.png","contentUrl":"https:\/\/naturvernforbundet.no\/content\/uploads\/sites\/13\/2022\/11\/Logo_Hordaland_transparent.png","width":1095,"height":203,"caption":"Naturvernforbundet Hordaland"},"image":{"@id":"https:\/\/naturvernforbundet.no\/hordaland\/#\/schema\/logo\/image\/"},"sameAs":["https:\/\/www.facebook.com\/naturvernforbundet.hordaland","https:\/\/www.instagram.com\/naturvern_hordaland\/","https:\/\/www.flickr.com\/photos\/naturvernforbundet_hordaland\/"]},{"@type":"Person","@id":"https:\/\/naturvernforbundet.no\/hordaland\/#\/schema\/person\/2b4f064c76270324a903c0a70e9f6afd","name":"Mona Maria L\u00f8berg","image":{"@type":"ImageObject","inLanguage":"nb-NO","@id":"https:\/\/naturvernforbundet.no\/hordaland\/#\/schema\/person\/image\/","url":"https:\/\/secure.gravatar.com\/avatar\/b7d3282848b65fe5d48ca594f5a7108b?s=96&d=mm&r=g","contentUrl":"https:\/\/secure.gravatar.com\/avatar\/b7d3282848b65fe5d48ca594f5a7108b?s=96&d=mm&r=g","caption":"Mona Maria L\u00f8berg"},"sameAs":["instagram.com\/manamoria"],"url":"https:\/\/naturvernforbundet.no\/hordaland\/author\/monamarialoberg\/"}]}},"_links":{"self":[{"href":"https:\/\/naturvernforbundet.no\/hordaland\/wp-json\/wp\/v2\/posts\/15411","targetHints":{"allow":["GET"]}}],"collection":[{"href":"https:\/\/naturvernforbundet.no\/hordaland\/wp-json\/wp\/v2\/posts"}],"about":[{"href":"https:\/\/naturvernforbundet.no\/hordaland\/wp-json\/wp\/v2\/types\/post"}],"author":[{"embeddable":true,"href":"https:\/\/naturvernforbundet.no\/hordaland\/wp-json\/wp\/v2\/users\/185"}],"replies":[{"embeddable":true,"href":"https:\/\/naturvernforbundet.no\/hordaland\/wp-json\/wp\/v2\/comments?post=15411"}],"version-history":[{"count":6,"href":"https:\/\/naturvernforbundet.no\/hordaland\/wp-json\/wp\/v2\/posts\/15411\/revisions"}],"predecessor-version":[{"id":15527,"href":"https:\/\/naturvernforbundet.no\/hordaland\/wp-json\/wp\/v2\/posts\/15411\/revisions\/15527"}],"wp:featuredmedia":[{"embeddable":true,"href":"https:\/\/naturvernforbundet.no\/hordaland\/wp-json\/wp\/v2\/media\/15421"}],"wp:attachment":[{"href":"https:\/\/naturvernforbundet.no\/hordaland\/wp-json\/wp\/v2\/media?parent=15411"}],"wp:term":[{"taxonomy":"category","embeddable":true,"href":"https:\/\/naturvernforbundet.no\/hordaland\/wp-json\/wp\/v2\/categories?post=15411"},{"taxonomy":"local","embeddable":true,"href":"https:\/\/naturvernforbundet.no\/hordaland\/wp-json\/wp\/v2\/local?post=15411"}],"curies":[{"name":"wp","href":"https:\/\/api.w.org\/{rel}","templated":true}]}}