{"id":15715,"date":"2025-09-24T12:44:25","date_gmt":"2025-09-24T10:44:25","guid":{"rendered":"https:\/\/naturvernforbundet.no\/hordaland\/?p=15715"},"modified":"2025-11-21T08:36:05","modified_gmt":"2025-11-21T07:36:05","slug":"forprosjekt-storevatnet-sandviksfjellet","status":"publish","type":"post","link":"https:\/\/naturvernforbundet.no\/hordaland\/forprosjekt-storevatnet-sandviksfjellet\/","title":{"rendered":"Forprosjekt Storevatnet, Bergen"},"content":{"rendered":"\t<div class=\"template-post alignnone wp-block-naturvern-hero\">\n\t\t<div class=\"hero__inner\">\n\t\t\t<div class=\"hero__inner_blocks\">\n\t\t\t\t\t\t\t\t\n<h1 class=\"wp-block-post-title\">Forprosjekt Storevatnet, Bergen<\/h1>\n\n<div class=\"wp-block-post-excerpt\"><p class=\"wp-block-post-excerpt__excerpt\">Storevatnet har v\u00e6rt nedtappes siden vinteren 2023, og vannstanden b\u00f8r heves. <\/p><\/div>\n\n<figure class=\"wp-block-post-featured-image\"><img loading=\"lazy\" decoding=\"async\" width=\"1920\" height=\"1080\" src=\"https:\/\/naturvernforbundet.no\/content\/uploads\/sites\/13\/2024\/05\/FNF-banner.jpg\" class=\"attachment-post-thumbnail size-post-thumbnail wp-post-image\" alt=\"Gr\u00f8nn bakgrunn med logoen til FNF Hordaland\" style=\"object-fit:cover;\" srcset=\"https:\/\/naturvernforbundet.no\/content\/uploads\/sites\/13\/2024\/05\/FNF-banner.jpg 1920w, https:\/\/naturvernforbundet.no\/content\/uploads\/sites\/13\/2024\/05\/FNF-banner-300x169.jpg 300w, https:\/\/naturvernforbundet.no\/content\/uploads\/sites\/13\/2024\/05\/FNF-banner-1024x576.jpg 1024w, https:\/\/naturvernforbundet.no\/content\/uploads\/sites\/13\/2024\/05\/FNF-banner-768x432.jpg 768w, https:\/\/naturvernforbundet.no\/content\/uploads\/sites\/13\/2024\/05\/FNF-banner-1536x864.jpg 1536w\" sizes=\"auto, (max-width: 1920px) 100vw, 1920px\" \/><\/figure>\n\t\t\t<\/div>\n\t\t\t\t\t<\/div>\n\t\t\t<\/div>\n\t\n\n\n<div class=\"wp-block-buttons is-layout-flex wp-block-buttons-is-layout-flex\">\n<div class=\"wp-block-button\"><a class=\"wp-block-button__link wp-element-button\" href=\"https:\/\/naturvernforbundet.no\/dokumenter\/250924-fnf-forprosjekt-storevatnet-bergen\/\">Les hele uttalelsen<\/a><\/div>\n<\/div>\n\n\n\n<p>Vi mener vannstanden for Storevatnet i Bergen b\u00f8r heves, enten til niv\u00e5et f\u00f8r 2022 (5 meter fra dagens niv\u00e5) eller i det minste 2 meter over dagens niv\u00e5. <\/p>\n\n\n\n<p>Illustrasjonen av alternativ C b\u00f8r endres til en mer realistisk illustrasjon. Vi vil ogs\u00e5 minne om at den vedvarende nedtappingen av Storevatnet, inklusiv utt\u00f8rking av utl\u00f8psbekken som rant ned til Sm\u00e5diket, har langt st\u00f8rre effekt p\u00e5 \u00f8rret enn et fremtidig vandringshinder i utl\u00f8psbekken.<\/p>\n\n\n\n<div class=\"wp-block-group alignwide is-layout-constrained wp-block-group-is-layout-constrained\">\n<div class=\"wp-block-group alignwide is-style-green-light is-layout-constrained wp-block-group-is-layout-constrained\">\n<div class=\"wp-block-media-text alignwide is-stacked-on-mobile\" style=\"grid-template-columns:27% auto\"><figure class=\"wp-block-media-text__media\"><img loading=\"lazy\" decoding=\"async\" width=\"1024\" height=\"1024\" src=\"https:\/\/naturvernforbundet.no\/content\/uploads\/sites\/13\/2024\/05\/FNF-Hordaland-1024x1024.png\" alt=\"FNF Hordaland logo\" class=\"wp-image-9882 size-full\" srcset=\"https:\/\/naturvernforbundet.no\/content\/uploads\/sites\/13\/2024\/05\/FNF-Hordaland.png 1024w, https:\/\/naturvernforbundet.no\/content\/uploads\/sites\/13\/2024\/05\/FNF-Hordaland-300x300.png 300w, https:\/\/naturvernforbundet.no\/content\/uploads\/sites\/13\/2024\/05\/FNF-Hordaland-150x150.png 150w, https:\/\/naturvernforbundet.no\/content\/uploads\/sites\/13\/2024\/05\/FNF-Hordaland-768x768.png 768w\" sizes=\"auto, (max-width: 1024px) 100vw, 1024px\" \/><\/figure><div class=\"wp-block-media-text__content\">\n<h2 class=\"wp-block-heading\" id=\"forum-for-natur-og-friluftsliv\">Forum for natur og friluftsliv<\/h2>\n\n\n\n<p>FNF Hordaland har skrevet denne uttalelsen, som vi stiller oss bak. Dette er et samarbeidsnettverk mellom<a href=\"https:\/\/fnf-nett.no\/hordaland\/om-oss\/tilsluttede-organisasjoner\/\" target=\"_blank\" rel=\"noreferrer noopener\"> natur- og friluftslivsorganisasjoner i Hordaland<\/a>. Form\u00e5let er \u00e5 styrke arbeidet med \u00e5 ta vare p\u00e5 natur- og friluftslivsinteresser i Hordaland. <\/p>\n\n\n\n<p>Oversikt over aktuelle saker som p\u00e5virker natur og milj\u00f8 finner du i <a href=\"https:\/\/hoeringsradaren.no\/?fylke=46&amp;kommune=4631&amp;kommune=4627&amp;kommune=4625&amp;kommune=4632&amp;kommune=4601&amp;kommune=4624&amp;kommune=4613&amp;kommune=4619&amp;kommune=4611&amp;kommune=4633&amp;kommune=4615&amp;kommune=4622&amp;kommune=4617&amp;kommune=4634&amp;kommune=4629&amp;kommune=4630&amp;kommune=4623&amp;kommune=4614&amp;kommune=4612&amp;kommune=4616&amp;kommune=4618&amp;kommune=4620&amp;kommune=4628&amp;kommune=4621&amp;kommune=4626\" target=\"_blank\" rel=\"noreferrer noopener\">H\u00f8ringsradaren<\/a>.<\/p>\n\n\n\n<div class=\"wp-block-buttons is-layout-flex wp-block-buttons-is-layout-flex\">\n<div class=\"wp-block-button is-style-link\"><a class=\"wp-block-button__link wp-element-button\" href=\"https:\/\/hoeringsradaren.no\/?fylke=46&amp;kommune=4631&amp;kommune=4627&amp;kommune=4625&amp;kommune=4632&amp;kommune=4601&amp;kommune=4624&amp;kommune=4613&amp;kommune=4619&amp;kommune=4611&amp;kommune=4633&amp;kommune=4615&amp;kommune=4622&amp;kommune=4617&amp;kommune=4634&amp;kommune=4629&amp;kommune=4630&amp;kommune=4623&amp;kommune=4614&amp;kommune=4612&amp;kommune=4616&amp;kommune=4618&amp;kommune=4620&amp;kommune=4628&amp;kommune=4621&amp;kommune=4626\" target=\"_blank\" rel=\"noreferrer noopener\">H\u00f8ringsradaren<\/a><\/div>\n\n\n\n<div class=\"wp-block-button is-style-link\"><a class=\"wp-block-button__link wp-element-button\" href=\"https:\/\/fnf-nett.no\/hordaland\/uttalelser\/\" target=\"_blank\" rel=\"noreferrer noopener\">Uttalelser<\/a><\/div>\n\n\n\n<div class=\"wp-block-button is-style-link\"><a class=\"wp-block-button__link wp-element-button\" href=\"https:\/\/fnf-nett.no\/tips-og-rad\/\">Tips og r\u00e5d<\/a><\/div>\n<\/div>\n<\/div><\/div>\n<\/div>\n<\/div>\n\n\n\n<div class=\"wp-block-group alignfull is-style-default is-layout-constrained wp-block-group-is-layout-constrained\">\n<h2 class=\"wp-block-heading has-text-align-center\" id=\"naturvernforbundet-hordaland-mener\">Naturvernforbundet Hordaland mener<\/h2>\n\n\n<div class=\"t2-featured-content-layout alignwide alignwide wp-block-t2-featured-content-layout\">\n<div class=\"t2-featured-query-post t2-featured-content is-post-type-post category-uttale local-bergen wp-block-t2-featured-query-post\"><a class=\"t2-post-link wp-block-t2-post-link\" href=\"https:\/\/naturvernforbundet.no\/hordaland\/boliger-ved-nattlandsveien-152-154\/\">\n<figure style=\"--t2-focal-point: 50% 50%;\" class=\"t2-post-featured-image has-image-ratio-4-3 wp-block-t2-post-featured-image\"><img loading=\"lazy\" decoding=\"async\" width=\"2049\" height=\"1152\" src=\"https:\/\/naturvernforbundet.no\/content\/uploads\/sites\/13\/2025\/11\/Banner-Naturvernforbundet-Bergen.png\" class=\"attachment-post-thumbnail size-post-thumbnail wp-post-image\" alt=\"Gr\u00f8nt banner med logoen til Naturvernforbundet Bergen\" srcset=\"https:\/\/naturvernforbundet.no\/content\/uploads\/sites\/13\/2025\/11\/Banner-Naturvernforbundet-Bergen.png 2049w, https:\/\/naturvernforbundet.no\/content\/uploads\/sites\/13\/2025\/11\/Banner-Naturvernforbundet-Bergen-300x169.png 300w, https:\/\/naturvernforbundet.no\/content\/uploads\/sites\/13\/2025\/11\/Banner-Naturvernforbundet-Bergen-1024x576.png 1024w, https:\/\/naturvernforbundet.no\/content\/uploads\/sites\/13\/2025\/11\/Banner-Naturvernforbundet-Bergen-768x432.png 768w, https:\/\/naturvernforbundet.no\/content\/uploads\/sites\/13\/2025\/11\/Banner-Naturvernforbundet-Bergen-1536x864.png 1536w, https:\/\/naturvernforbundet.no\/content\/uploads\/sites\/13\/2025\/11\/Banner-Naturvernforbundet-Bergen-1920x1079.png 1920w\" sizes=\"auto, (max-width: 2049px) 100vw, 2049px\" \/><\/figure>\n\n<div class=\"wp-block-group alignfull is-layout-flow wp-block-group-is-layout-flow\">\n\t<h2 class=\"t2-post-title wp-block-t2-post-title\">Boliger ved Nattlandsveien 152-154<\/h2>\n\t<p class=\"wp-block-naturvern-post-excerpt\">Innspill til hvordan vi naturen kan ta vare p\u00e5 naturen i dette boligprosjektet.<\/p>\n\t\t<div class=\"wp-block-naturvern-post-meta\">\n\t\t\t\t\t<span class=\"cat\">\n\t\t\t\t\t\t\t\t\t<span><span class=\"tag-link\" data-href=\"https:\/\/naturvernforbundet.no\/hordaland\/category\/uttale\/\">Uttale<\/span><\/span>\n\t\t\t\t\t\t\t<\/span>\n\t\t\t\t\t\t\t<span class=\"date\">14.04.2026<\/span>\n\t\t\t<\/div>\n\t\n<\/div>\n\n<\/a>\n<\/div>\n\n<div class=\"t2-featured-query-post t2-featured-content is-post-type-post category-aktuelt category-uttale wp-block-t2-featured-query-post\"><a class=\"t2-post-link wp-block-t2-post-link\" href=\"https:\/\/naturvernforbundet.no\/hordaland\/aerespris-og-uttalar-pa-arsmotet\/\">\n<figure style=\"--t2-focal-point: 50% 50%;\" class=\"t2-post-featured-image has-image-ratio-4-3 wp-block-t2-post-featured-image\"><img loading=\"lazy\" decoding=\"async\" width=\"2560\" height=\"1664\" src=\"https:\/\/naturvernforbundet.no\/content\/uploads\/sites\/13\/2026\/03\/DSCF6364-scaled.jpg\" class=\"attachment-post-thumbnail size-post-thumbnail wp-post-image\" alt=\"\" srcset=\"https:\/\/naturvernforbundet.no\/content\/uploads\/sites\/13\/2026\/03\/DSCF6364-scaled.jpg 2560w, https:\/\/naturvernforbundet.no\/content\/uploads\/sites\/13\/2026\/03\/DSCF6364-300x195.jpg 300w, https:\/\/naturvernforbundet.no\/content\/uploads\/sites\/13\/2026\/03\/DSCF6364-1024x665.jpg 1024w, https:\/\/naturvernforbundet.no\/content\/uploads\/sites\/13\/2026\/03\/DSCF6364-768x499.jpg 768w, https:\/\/naturvernforbundet.no\/content\/uploads\/sites\/13\/2026\/03\/DSCF6364-1536x998.jpg 1536w\" sizes=\"auto, (max-width: 2560px) 100vw, 2560px\" \/><\/figure>\n\n<div class=\"wp-block-group alignfull is-layout-flow wp-block-group-is-layout-flow\">\n\t<h2 class=\"t2-post-title wp-block-t2-post-title\">\u00c6respris og uttalar p\u00e5 \u00e5rsm\u00f8tet<\/h2>\n\t<p class=\"wp-block-naturvern-post-excerpt\">P\u00e5 \u00e5rsm\u00f8tet i Naturvernforbundet Hordaland blei det delt ut \u00e6respris til Besteforeldrenes Klimaaksjon; og vedteke uttalar om transport, bergvarme og oppdrett<\/p>\n\t\t<div class=\"wp-block-naturvern-post-meta\">\n\t\t\t\t\t<span class=\"cat\">\n\t\t\t\t\t\t\t\t\t<span><span class=\"tag-link\" data-href=\"https:\/\/naturvernforbundet.no\/hordaland\/category\/aktuelt\/\">Aktuelt<\/span><\/span>\n\t\t\t\t\t\t\t\t\t<span><span class=\"tag-link\" data-href=\"https:\/\/naturvernforbundet.no\/hordaland\/category\/uttale\/\">Uttale<\/span><\/span>\n\t\t\t\t\t\t\t<\/span>\n\t\t\t\t\t\t\t<span class=\"date\">24.03.2026<\/span>\n\t\t\t<\/div>\n\t\n<\/div>\n\n<\/a>\n<\/div>\n\n<div class=\"t2-featured-query-post t2-featured-content is-post-type-post category-aktuelt category-skogsbilvei category-uttale local-bergen wp-block-t2-featured-query-post\"><a class=\"t2-post-link wp-block-t2-post-link\" href=\"https:\/\/naturvernforbundet.no\/hordaland\/ulovlig-fylling-i-falkangervegen-235\/\">\n<figure style=\"--t2-focal-point: 50% 50%;\" class=\"t2-post-featured-image has-image-ratio-4-3 wp-block-t2-post-featured-image\"><img loading=\"lazy\" decoding=\"async\" width=\"2049\" height=\"1152\" src=\"https:\/\/naturvernforbundet.no\/content\/uploads\/sites\/13\/2025\/03\/Bakgrunn-NVH.png\" class=\"attachment-post-thumbnail size-post-thumbnail wp-post-image\" alt=\"Naturvernforbundet hordaland logo med bakgrunn, banner\" srcset=\"https:\/\/naturvernforbundet.no\/content\/uploads\/sites\/13\/2025\/03\/Bakgrunn-NVH.png 2049w, https:\/\/naturvernforbundet.no\/content\/uploads\/sites\/13\/2025\/03\/Bakgrunn-NVH-300x169.png 300w, https:\/\/naturvernforbundet.no\/content\/uploads\/sites\/13\/2025\/03\/Bakgrunn-NVH-1024x576.png 1024w, https:\/\/naturvernforbundet.no\/content\/uploads\/sites\/13\/2025\/03\/Bakgrunn-NVH-768x432.png 768w, https:\/\/naturvernforbundet.no\/content\/uploads\/sites\/13\/2025\/03\/Bakgrunn-NVH-1536x864.png 1536w, https:\/\/naturvernforbundet.no\/content\/uploads\/sites\/13\/2025\/03\/Bakgrunn-NVH-1920x1079.png 1920w\" sizes=\"auto, (max-width: 2049px) 100vw, 2049px\" \/><\/figure>\n\n<div class=\"wp-block-group alignfull is-layout-flow wp-block-group-is-layout-flow\">\n\t<h2 class=\"t2-post-title wp-block-t2-post-title\">Ulovlig fylling i Falkangervegen 235<\/h2>\n\t<p class=\"wp-block-naturvern-post-excerpt\">Overskuddsmasser fra Veten rundt er fortsatt ikke fjernet. Vi f\u00f8lger opp saken.<\/p>\n\t\t<div class=\"wp-block-naturvern-post-meta\">\n\t\t\t\t\t<span class=\"cat\">\n\t\t\t\t\t\t\t\t\t<span><span class=\"tag-link\" data-href=\"https:\/\/naturvernforbundet.no\/hordaland\/category\/aktuelt\/\">Aktuelt<\/span><\/span>\n\t\t\t\t\t\t\t\t\t<span><span class=\"tag-link\" data-href=\"https:\/\/naturvernforbundet.no\/hordaland\/category\/skogsbilvei\/\">Skogsbilvei<\/span><\/span>\n\t\t\t\t\t\t\t\t\t<span><span class=\"tag-link\" data-href=\"https:\/\/naturvernforbundet.no\/hordaland\/category\/uttale\/\">Uttale<\/span><\/span>\n\t\t\t\t\t\t\t<\/span>\n\t\t\t\t\t\t\t<span class=\"date\">12.03.2026<\/span>\n\t\t\t<\/div>\n\t\n<\/div>\n\n<\/a>\n<\/div>\n<\/div><\/div>\n\n\n\n<div class=\"wp-block-buttons is-content-justification-center is-layout-flex wp-container-core-buttons-is-layout-3 wp-block-buttons-is-layout-flex\">\n<div class=\"wp-block-button is-style-fill\"><a class=\"wp-block-button__link wp-element-button\" href=\"https:\/\/naturvernforbundet.no\/hordaland\/category\/uttale\/\">Les flere uttalelser<\/a><\/div>\n<\/div>\n","protected":false},"excerpt":{"rendered":"<p>Storevatnet har v\u00e6rt nedtappes siden vinteren 2023, og vannstanden  b\u00f8r heves.<\/p>\n","protected":false},"author":185,"featured_media":9926,"comment_status":"closed","ping_status":"closed","sticky":false,"template":"","format":"standard","meta":{"_relevanssi_hide_post":"","_relevanssi_hide_content":"","_relevanssi_pin_for_all":"","_relevanssi_pin_keywords":"","_relevanssi_unpin_keywords":"","_relevanssi_related_keywords":"","_relevanssi_related_include_ids":"","_relevanssi_related_exclude_ids":"","_relevanssi_related_no_append":"","_relevanssi_related_not_related":"","_relevanssi_related_posts":"9406,9755,12702,8782,10477,446","_relevanssi_noindex_reason":"","t2_featured_media_focal_point":{"x":0.5,"y":0.5},"hide_logo":false,"footnotes":""},"categories":[93],"local":[5],"class_list":["post-15715","post","type-post","status-publish","format-standard","has-post-thumbnail","hentry","category-uttale","local-bergen"],"acf":[],"yoast_head":"<!-- This site is optimized with the Yoast SEO plugin v24.9 - https:\/\/yoast.com\/wordpress\/plugins\/seo\/ -->\n<title>Forprosjekt Storevatnet, Bergen - Hordaland<\/title>\n<meta name=\"robots\" content=\"index, follow, max-snippet:-1, max-image-preview:large, max-video-preview:-1\" \/>\n<link rel=\"canonical\" href=\"https:\/\/naturvernforbundet.no\/hordaland\/forprosjekt-storevatnet-sandviksfjellet\/\" \/>\n<meta property=\"og:locale\" content=\"nb_NO\" \/>\n<meta property=\"og:type\" content=\"article\" \/>\n<meta property=\"og:title\" content=\"Forprosjekt Storevatnet, Bergen - Hordaland\" \/>\n<meta property=\"og:description\" content=\"Storevatnet har v\u00e6rt nedtappes siden vinteren 2023, og vannstanden b\u00f8r heves.\" \/>\n<meta property=\"og:url\" content=\"https:\/\/naturvernforbundet.no\/hordaland\/forprosjekt-storevatnet-sandviksfjellet\/\" \/>\n<meta property=\"og:site_name\" content=\"Hordaland\" \/>\n<meta property=\"article:publisher\" content=\"https:\/\/www.facebook.com\/naturvernforbundet.hordaland\" \/>\n<meta property=\"article:published_time\" content=\"2025-09-24T10:44:25+00:00\" \/>\n<meta property=\"article:modified_time\" content=\"2025-11-21T07:36:05+00:00\" \/>\n<meta property=\"og:image\" content=\"https:\/\/naturvernforbundet.no\/content\/uploads\/sites\/13\/2024\/05\/FNF-banner.jpg\" \/>\n\t<meta property=\"og:image:width\" content=\"1920\" \/>\n\t<meta property=\"og:image:height\" content=\"1080\" \/>\n\t<meta property=\"og:image:type\" content=\"image\/jpeg\" \/>\n<meta name=\"author\" content=\"Mona Maria L\u00f8berg\" \/>\n<meta name=\"twitter:card\" content=\"summary_large_image\" \/>\n<meta name=\"twitter:label1\" content=\"Skrevet av\" \/>\n\t<meta name=\"twitter:data1\" content=\"Mona Maria L\u00f8berg\" \/>\n\t<meta name=\"twitter:label2\" content=\"Ansl. lesetid\" \/>\n\t<meta name=\"twitter:data2\" content=\"2 minutter\" \/>\n<script type=\"application\/ld+json\" class=\"yoast-schema-graph\">{\"@context\":\"https:\/\/schema.org\",\"@graph\":[{\"@type\":\"Article\",\"@id\":\"https:\/\/naturvernforbundet.no\/hordaland\/forprosjekt-storevatnet-sandviksfjellet\/#article\",\"isPartOf\":{\"@id\":\"https:\/\/naturvernforbundet.no\/hordaland\/forprosjekt-storevatnet-sandviksfjellet\/\"},\"author\":{\"name\":\"Mona Maria L\u00f8berg\",\"@id\":\"https:\/\/naturvernforbundet.no\/hordaland\/#\/schema\/person\/2b4f064c76270324a903c0a70e9f6afd\"},\"headline\":\"Forprosjekt Storevatnet, Bergen\",\"datePublished\":\"2025-09-24T10:44:25+00:00\",\"dateModified\":\"2025-11-21T07:36:05+00:00\",\"mainEntityOfPage\":{\"@id\":\"https:\/\/naturvernforbundet.no\/hordaland\/forprosjekt-storevatnet-sandviksfjellet\/\"},\"wordCount\":83,\"publisher\":{\"@id\":\"https:\/\/naturvernforbundet.no\/hordaland\/#organization\"},\"image\":{\"@id\":\"https:\/\/naturvernforbundet.no\/hordaland\/forprosjekt-storevatnet-sandviksfjellet\/#primaryimage\"},\"thumbnailUrl\":\"https:\/\/naturvernforbundet.no\/content\/uploads\/sites\/13\/2024\/05\/FNF-banner.jpg\",\"articleSection\":[\"Uttale\"],\"inLanguage\":\"nb-NO\"},{\"@type\":\"WebPage\",\"@id\":\"https:\/\/naturvernforbundet.no\/hordaland\/forprosjekt-storevatnet-sandviksfjellet\/\",\"url\":\"https:\/\/naturvernforbundet.no\/hordaland\/forprosjekt-storevatnet-sandviksfjellet\/\",\"name\":\"Forprosjekt Storevatnet, Bergen - Hordaland\",\"isPartOf\":{\"@id\":\"https:\/\/naturvernforbundet.no\/hordaland\/#website\"},\"primaryImageOfPage\":{\"@id\":\"https:\/\/naturvernforbundet.no\/hordaland\/forprosjekt-storevatnet-sandviksfjellet\/#primaryimage\"},\"image\":{\"@id\":\"https:\/\/naturvernforbundet.no\/hordaland\/forprosjekt-storevatnet-sandviksfjellet\/#primaryimage\"},\"thumbnailUrl\":\"https:\/\/naturvernforbundet.no\/content\/uploads\/sites\/13\/2024\/05\/FNF-banner.jpg\",\"datePublished\":\"2025-09-24T10:44:25+00:00\",\"dateModified\":\"2025-11-21T07:36:05+00:00\",\"breadcrumb\":{\"@id\":\"https:\/\/naturvernforbundet.no\/hordaland\/forprosjekt-storevatnet-sandviksfjellet\/#breadcrumb\"},\"inLanguage\":\"nb-NO\",\"potentialAction\":[{\"@type\":\"ReadAction\",\"target\":[\"https:\/\/naturvernforbundet.no\/hordaland\/forprosjekt-storevatnet-sandviksfjellet\/\"]}]},{\"@type\":\"ImageObject\",\"inLanguage\":\"nb-NO\",\"@id\":\"https:\/\/naturvernforbundet.no\/hordaland\/forprosjekt-storevatnet-sandviksfjellet\/#primaryimage\",\"url\":\"https:\/\/naturvernforbundet.no\/content\/uploads\/sites\/13\/2024\/05\/FNF-banner.jpg\",\"contentUrl\":\"https:\/\/naturvernforbundet.no\/content\/uploads\/sites\/13\/2024\/05\/FNF-banner.jpg\",\"width\":1920,\"height\":1080,\"caption\":\"Gr\u00f8nn bakgrunn med logoen til FNF Hordaland\"},{\"@type\":\"BreadcrumbList\",\"@id\":\"https:\/\/naturvernforbundet.no\/hordaland\/forprosjekt-storevatnet-sandviksfjellet\/#breadcrumb\",\"itemListElement\":[{\"@type\":\"ListItem\",\"position\":1,\"name\":\"Till naturvernforbundet.no\",\"item\":\"https:\/\/naturvernforbundet.no\/\"},{\"@type\":\"ListItem\",\"position\":2,\"name\":\"Hordaland\",\"item\":\"https:\/\/naturvernforbundet.no\/hordaland\/\"},{\"@type\":\"ListItem\",\"position\":3,\"name\":\"Bergen\",\"item\":\"https:\/\/naturvernforbundet.no\/hordaland\/lokallag\/bergen\/\"},{\"@type\":\"ListItem\",\"position\":4,\"name\":\"Forprosjekt Storevatnet, Bergen\"}]},{\"@type\":\"WebSite\",\"@id\":\"https:\/\/naturvernforbundet.no\/hordaland\/#website\",\"url\":\"https:\/\/naturvernforbundet.no\/hordaland\/\",\"name\":\"Hordaland\",\"description\":\"\",\"publisher\":{\"@id\":\"https:\/\/naturvernforbundet.no\/hordaland\/#organization\"},\"potentialAction\":[{\"@type\":\"SearchAction\",\"target\":{\"@type\":\"EntryPoint\",\"urlTemplate\":\"https:\/\/naturvernforbundet.no\/hordaland\/?s={search_term_string}\"},\"query-input\":{\"@type\":\"PropertyValueSpecification\",\"valueRequired\":true,\"valueName\":\"search_term_string\"}}],\"inLanguage\":\"nb-NO\"},{\"@type\":\"Organization\",\"@id\":\"https:\/\/naturvernforbundet.no\/hordaland\/#organization\",\"name\":\"Naturvernforbundet Hordaland\",\"url\":\"https:\/\/naturvernforbundet.no\/hordaland\/\",\"logo\":{\"@type\":\"ImageObject\",\"inLanguage\":\"nb-NO\",\"@id\":\"https:\/\/naturvernforbundet.no\/hordaland\/#\/schema\/logo\/image\/\",\"url\":\"https:\/\/naturvernforbundet.no\/content\/uploads\/sites\/13\/2022\/11\/Logo_Hordaland_transparent.png\",\"contentUrl\":\"https:\/\/naturvernforbundet.no\/content\/uploads\/sites\/13\/2022\/11\/Logo_Hordaland_transparent.png\",\"width\":1095,\"height\":203,\"caption\":\"Naturvernforbundet Hordaland\"},\"image\":{\"@id\":\"https:\/\/naturvernforbundet.no\/hordaland\/#\/schema\/logo\/image\/\"},\"sameAs\":[\"https:\/\/www.facebook.com\/naturvernforbundet.hordaland\",\"https:\/\/www.instagram.com\/naturvern_hordaland\/\",\"https:\/\/www.flickr.com\/photos\/naturvernforbundet_hordaland\/\"]},{\"@type\":\"Person\",\"@id\":\"https:\/\/naturvernforbundet.no\/hordaland\/#\/schema\/person\/2b4f064c76270324a903c0a70e9f6afd\",\"name\":\"Mona Maria L\u00f8berg\",\"image\":{\"@type\":\"ImageObject\",\"inLanguage\":\"nb-NO\",\"@id\":\"https:\/\/naturvernforbundet.no\/hordaland\/#\/schema\/person\/image\/\",\"url\":\"https:\/\/secure.gravatar.com\/avatar\/b7d3282848b65fe5d48ca594f5a7108b?s=96&d=mm&r=g\",\"contentUrl\":\"https:\/\/secure.gravatar.com\/avatar\/b7d3282848b65fe5d48ca594f5a7108b?s=96&d=mm&r=g\",\"caption\":\"Mona Maria L\u00f8berg\"},\"sameAs\":[\"instagram.com\/manamoria\"],\"url\":\"https:\/\/naturvernforbundet.no\/hordaland\/author\/monamarialoberg\/\"}]}<\/script>\n<!-- \/ Yoast SEO plugin. -->","yoast_head_json":{"title":"Forprosjekt Storevatnet, Bergen - Hordaland","robots":{"index":"index","follow":"follow","max-snippet":"max-snippet:-1","max-image-preview":"max-image-preview:large","max-video-preview":"max-video-preview:-1"},"canonical":"https:\/\/naturvernforbundet.no\/hordaland\/forprosjekt-storevatnet-sandviksfjellet\/","og_locale":"nb_NO","og_type":"article","og_title":"Forprosjekt Storevatnet, Bergen - Hordaland","og_description":"Storevatnet har v\u00e6rt nedtappes siden vinteren 2023, og vannstanden b\u00f8r heves.","og_url":"https:\/\/naturvernforbundet.no\/hordaland\/forprosjekt-storevatnet-sandviksfjellet\/","og_site_name":"Hordaland","article_publisher":"https:\/\/www.facebook.com\/naturvernforbundet.hordaland","article_published_time":"2025-09-24T10:44:25+00:00","article_modified_time":"2025-11-21T07:36:05+00:00","og_image":[{"width":1920,"height":1080,"url":"https:\/\/naturvernforbundet.no\/content\/uploads\/sites\/13\/2024\/05\/FNF-banner.jpg","type":"image\/jpeg"}],"author":"Mona Maria L\u00f8berg","twitter_card":"summary_large_image","twitter_misc":{"Skrevet av":"Mona Maria L\u00f8berg","Ansl. lesetid":"2 minutter"},"schema":{"@context":"https:\/\/schema.org","@graph":[{"@type":"Article","@id":"https:\/\/naturvernforbundet.no\/hordaland\/forprosjekt-storevatnet-sandviksfjellet\/#article","isPartOf":{"@id":"https:\/\/naturvernforbundet.no\/hordaland\/forprosjekt-storevatnet-sandviksfjellet\/"},"author":{"name":"Mona Maria L\u00f8berg","@id":"https:\/\/naturvernforbundet.no\/hordaland\/#\/schema\/person\/2b4f064c76270324a903c0a70e9f6afd"},"headline":"Forprosjekt Storevatnet, Bergen","datePublished":"2025-09-24T10:44:25+00:00","dateModified":"2025-11-21T07:36:05+00:00","mainEntityOfPage":{"@id":"https:\/\/naturvernforbundet.no\/hordaland\/forprosjekt-storevatnet-sandviksfjellet\/"},"wordCount":83,"publisher":{"@id":"https:\/\/naturvernforbundet.no\/hordaland\/#organization"},"image":{"@id":"https:\/\/naturvernforbundet.no\/hordaland\/forprosjekt-storevatnet-sandviksfjellet\/#primaryimage"},"thumbnailUrl":"https:\/\/naturvernforbundet.no\/content\/uploads\/sites\/13\/2024\/05\/FNF-banner.jpg","articleSection":["Uttale"],"inLanguage":"nb-NO"},{"@type":"WebPage","@id":"https:\/\/naturvernforbundet.no\/hordaland\/forprosjekt-storevatnet-sandviksfjellet\/","url":"https:\/\/naturvernforbundet.no\/hordaland\/forprosjekt-storevatnet-sandviksfjellet\/","name":"Forprosjekt Storevatnet, Bergen - Hordaland","isPartOf":{"@id":"https:\/\/naturvernforbundet.no\/hordaland\/#website"},"primaryImageOfPage":{"@id":"https:\/\/naturvernforbundet.no\/hordaland\/forprosjekt-storevatnet-sandviksfjellet\/#primaryimage"},"image":{"@id":"https:\/\/naturvernforbundet.no\/hordaland\/forprosjekt-storevatnet-sandviksfjellet\/#primaryimage"},"thumbnailUrl":"https:\/\/naturvernforbundet.no\/content\/uploads\/sites\/13\/2024\/05\/FNF-banner.jpg","datePublished":"2025-09-24T10:44:25+00:00","dateModified":"2025-11-21T07:36:05+00:00","breadcrumb":{"@id":"https:\/\/naturvernforbundet.no\/hordaland\/forprosjekt-storevatnet-sandviksfjellet\/#breadcrumb"},"inLanguage":"nb-NO","potentialAction":[{"@type":"ReadAction","target":["https:\/\/naturvernforbundet.no\/hordaland\/forprosjekt-storevatnet-sandviksfjellet\/"]}]},{"@type":"ImageObject","inLanguage":"nb-NO","@id":"https:\/\/naturvernforbundet.no\/hordaland\/forprosjekt-storevatnet-sandviksfjellet\/#primaryimage","url":"https:\/\/naturvernforbundet.no\/content\/uploads\/sites\/13\/2024\/05\/FNF-banner.jpg","contentUrl":"https:\/\/naturvernforbundet.no\/content\/uploads\/sites\/13\/2024\/05\/FNF-banner.jpg","width":1920,"height":1080,"caption":"Gr\u00f8nn bakgrunn med logoen til FNF Hordaland"},{"@type":"BreadcrumbList","@id":"https:\/\/naturvernforbundet.no\/hordaland\/forprosjekt-storevatnet-sandviksfjellet\/#breadcrumb","itemListElement":[{"@type":"ListItem","position":1,"name":"Till naturvernforbundet.no","item":"https:\/\/naturvernforbundet.no\/"},{"@type":"ListItem","position":2,"name":"Hordaland","item":"https:\/\/naturvernforbundet.no\/hordaland\/"},{"@type":"ListItem","position":3,"name":"Bergen","item":"https:\/\/naturvernforbundet.no\/hordaland\/lokallag\/bergen\/"},{"@type":"ListItem","position":4,"name":"Forprosjekt Storevatnet, Bergen"}]},{"@type":"WebSite","@id":"https:\/\/naturvernforbundet.no\/hordaland\/#website","url":"https:\/\/naturvernforbundet.no\/hordaland\/","name":"Hordaland","description":"","publisher":{"@id":"https:\/\/naturvernforbundet.no\/hordaland\/#organization"},"potentialAction":[{"@type":"SearchAction","target":{"@type":"EntryPoint","urlTemplate":"https:\/\/naturvernforbundet.no\/hordaland\/?s={search_term_string}"},"query-input":{"@type":"PropertyValueSpecification","valueRequired":true,"valueName":"search_term_string"}}],"inLanguage":"nb-NO"},{"@type":"Organization","@id":"https:\/\/naturvernforbundet.no\/hordaland\/#organization","name":"Naturvernforbundet Hordaland","url":"https:\/\/naturvernforbundet.no\/hordaland\/","logo":{"@type":"ImageObject","inLanguage":"nb-NO","@id":"https:\/\/naturvernforbundet.no\/hordaland\/#\/schema\/logo\/image\/","url":"https:\/\/naturvernforbundet.no\/content\/uploads\/sites\/13\/2022\/11\/Logo_Hordaland_transparent.png","contentUrl":"https:\/\/naturvernforbundet.no\/content\/uploads\/sites\/13\/2022\/11\/Logo_Hordaland_transparent.png","width":1095,"height":203,"caption":"Naturvernforbundet Hordaland"},"image":{"@id":"https:\/\/naturvernforbundet.no\/hordaland\/#\/schema\/logo\/image\/"},"sameAs":["https:\/\/www.facebook.com\/naturvernforbundet.hordaland","https:\/\/www.instagram.com\/naturvern_hordaland\/","https:\/\/www.flickr.com\/photos\/naturvernforbundet_hordaland\/"]},{"@type":"Person","@id":"https:\/\/naturvernforbundet.no\/hordaland\/#\/schema\/person\/2b4f064c76270324a903c0a70e9f6afd","name":"Mona Maria L\u00f8berg","image":{"@type":"ImageObject","inLanguage":"nb-NO","@id":"https:\/\/naturvernforbundet.no\/hordaland\/#\/schema\/person\/image\/","url":"https:\/\/secure.gravatar.com\/avatar\/b7d3282848b65fe5d48ca594f5a7108b?s=96&d=mm&r=g","contentUrl":"https:\/\/secure.gravatar.com\/avatar\/b7d3282848b65fe5d48ca594f5a7108b?s=96&d=mm&r=g","caption":"Mona Maria L\u00f8berg"},"sameAs":["instagram.com\/manamoria"],"url":"https:\/\/naturvernforbundet.no\/hordaland\/author\/monamarialoberg\/"}]}},"_links":{"self":[{"href":"https:\/\/naturvernforbundet.no\/hordaland\/wp-json\/wp\/v2\/posts\/15715","targetHints":{"allow":["GET"]}}],"collection":[{"href":"https:\/\/naturvernforbundet.no\/hordaland\/wp-json\/wp\/v2\/posts"}],"about":[{"href":"https:\/\/naturvernforbundet.no\/hordaland\/wp-json\/wp\/v2\/types\/post"}],"author":[{"embeddable":true,"href":"https:\/\/naturvernforbundet.no\/hordaland\/wp-json\/wp\/v2\/users\/185"}],"replies":[{"embeddable":true,"href":"https:\/\/naturvernforbundet.no\/hordaland\/wp-json\/wp\/v2\/comments?post=15715"}],"version-history":[{"count":3,"href":"https:\/\/naturvernforbundet.no\/hordaland\/wp-json\/wp\/v2\/posts\/15715\/revisions"}],"predecessor-version":[{"id":15906,"href":"https:\/\/naturvernforbundet.no\/hordaland\/wp-json\/wp\/v2\/posts\/15715\/revisions\/15906"}],"wp:featuredmedia":[{"embeddable":true,"href":"https:\/\/naturvernforbundet.no\/hordaland\/wp-json\/wp\/v2\/media\/9926"}],"wp:attachment":[{"href":"https:\/\/naturvernforbundet.no\/hordaland\/wp-json\/wp\/v2\/media?parent=15715"}],"wp:term":[{"taxonomy":"category","embeddable":true,"href":"https:\/\/naturvernforbundet.no\/hordaland\/wp-json\/wp\/v2\/categories?post=15715"},{"taxonomy":"local","embeddable":true,"href":"https:\/\/naturvernforbundet.no\/hordaland\/wp-json\/wp\/v2\/local?post=15715"}],"curies":[{"name":"wp","href":"https:\/\/api.w.org\/{rel}","templated":true}]}}