{"id":15837,"date":"2025-12-11T12:30:31","date_gmt":"2025-12-11T11:30:31","guid":{"rendered":"https:\/\/naturvernforbundet.no\/hordaland\/?p=15837"},"modified":"2026-04-22T11:57:56","modified_gmt":"2026-04-22T09:57:56","slug":"vi-soker-deltakere-til-forskningsprosjekt","status":"publish","type":"post","link":"https:\/\/naturvernforbundet.no\/hordaland\/vi-soker-deltakere-til-forskningsprosjekt\/","title":{"rendered":"Vi s\u00f8ker deltakere til forskningsprosjekt"},"content":{"rendered":"\t<div class=\"template-post alignnone wp-block-naturvern-hero\">\n\t\t<div class=\"hero__inner\">\n\t\t\t<div class=\"hero__inner_blocks\">\n\t\t\t\t\t\t\t\t\n<h1 class=\"wp-block-post-title\">Vi s\u00f8ker deltakere til forskningsprosjekt<\/h1>\n\n<div class=\"wp-block-post-excerpt\"><p class=\"wp-block-post-excerpt__excerpt\">Hva motiverer folk til \u00e5 kaste mindre s\u00f8ppel, gjenbruke mer og \u00e5 kj\u00f8pe mindre? Bli med p\u00e5 det innovative forskningsprosjektet CircleUp og bidra til \u00e5 finne svar p\u00e5 disse sp\u00f8rsm\u00e5lene. Oppdraget honoreres med 200 euro. <\/p><\/div>\n\n<figure class=\"wp-block-post-featured-image\"><img loading=\"lazy\" decoding=\"async\" width=\"1920\" height=\"1080\" src=\"https:\/\/naturvernforbundet.no\/content\/uploads\/sites\/13\/2025\/11\/CircleUp-banner-uten-logo.png\" class=\"attachment-post-thumbnail size-post-thumbnail wp-post-image\" alt=\"En familie som er i gang p\u00e5 et hvitt kj\u00f8kken\" style=\"object-fit:cover;\" srcset=\"https:\/\/naturvernforbundet.no\/content\/uploads\/sites\/13\/2025\/11\/CircleUp-banner-uten-logo.png 1920w, https:\/\/naturvernforbundet.no\/content\/uploads\/sites\/13\/2025\/11\/CircleUp-banner-uten-logo-300x169.png 300w, https:\/\/naturvernforbundet.no\/content\/uploads\/sites\/13\/2025\/11\/CircleUp-banner-uten-logo-1024x576.png 1024w, https:\/\/naturvernforbundet.no\/content\/uploads\/sites\/13\/2025\/11\/CircleUp-banner-uten-logo-768x432.png 768w, https:\/\/naturvernforbundet.no\/content\/uploads\/sites\/13\/2025\/11\/CircleUp-banner-uten-logo-1536x864.png 1536w\" sizes=\"auto, (max-width: 1920px) 100vw, 1920px\" \/><\/figure>\n\t\t\t<\/div>\n\t\t\t\t\t<\/div>\n\t\t\t<\/div>\n\t\n\n\n<div class=\"wp-block-group is-style-green-light is-layout-constrained wp-block-group-is-layout-constrained\">\n<h2 class=\"wp-block-heading\" id=\"bor-du-i-bergen-og-synes-dette-hores-spennende-ut\">Bor du i Bergen og synes dette h\u00f8res spennende ut?<\/h2>\n\n\n\n<p>Vi har fremdeler ca. 10 ledige plasser. Oppstart i juni. Meld din interesse, f\u00e5 mer informasjon om prosjektet og muligheten til \u00e5 melde deg p\u00e5:<\/p>\n\n\n\n<div class=\"wp-block-buttons is-layout-flex wp-block-buttons-is-layout-flex\">\n<div class=\"wp-block-button is-style-pink\"><a class=\"wp-block-button__link wp-element-button\" href=\"https:\/\/forms.cloud.microsoft\/e\/rfnC7TsLxj\" target=\"_blank\" rel=\"noreferrer noopener\">Meld interesse her!<\/a><\/div>\n<\/div>\n<\/div>\n\n\n\n<div class=\"wp-block-media-text alignwide is-stacked-on-mobile\"><figure class=\"wp-block-media-text__media\"><img loading=\"lazy\" decoding=\"async\" width=\"1024\" height=\"682\" src=\"https:\/\/naturvernforbundet.no\/content\/uploads\/sites\/13\/2025\/11\/12-1-1024x682.png\" alt=\"Mennesker som spiser sammen, bilde tatt ovenfra\" class=\"wp-image-15987 size-full\" srcset=\"https:\/\/naturvernforbundet.no\/content\/uploads\/sites\/13\/2025\/11\/12-1-1024x682.png 1024w, https:\/\/naturvernforbundet.no\/content\/uploads\/sites\/13\/2025\/11\/12-1-300x200.png 300w, https:\/\/naturvernforbundet.no\/content\/uploads\/sites\/13\/2025\/11\/12-1-768x512.png 768w, https:\/\/naturvernforbundet.no\/content\/uploads\/sites\/13\/2025\/11\/12-1-1536x1023.png 1536w, https:\/\/naturvernforbundet.no\/content\/uploads\/sites\/13\/2025\/11\/12-1-1920x1279.png 1920w, https:\/\/naturvernforbundet.no\/content\/uploads\/sites\/13\/2025\/11\/12-1.png 2025w\" sizes=\"auto, (max-width: 1024px) 100vw, 1024px\" \/><\/figure><div class=\"wp-block-media-text__content\">\n<h2 class=\"wp-block-heading\" id=\"smarte-soppelbotter-app-og-utfordringer\">Smarte s\u00f8ppelb\u00f8tter, app og utfordringer<\/h2>\n\n\n\n<p>Som deltaker i CircleUp f\u00e5r du utdelt 1-4 &laquo;smarte s\u00f8ppelb\u00f8tter&raquo; som veier s\u00f8ppelet ditt i de 4 kategoriene restavfall, matavfall, plast og papp og papir (m\u00e5lene p\u00e5 s\u00f8ppelb\u00f8ttene finne du lenger ned i artikkelen). Du velger selv hvor mange kategorier du vil ha. S\u00f8ppelb\u00f8ttene kobles s\u00e5 opp mot en CircleUp-app, hvor du kan f\u00f8lge med p\u00e5 mengden avfall husholdningen din produserer fra dag til dag, uke til uke, m\u00e5ned til m\u00e5ned, fra juni 2026 til januar 2027.<\/p>\n<\/div><\/div>\n\n\n\n<div class=\"wp-block-media-text alignwide has-media-on-the-right is-stacked-on-mobile\"><div class=\"wp-block-media-text__content\">\n<p>Via appen vil du ogs\u00e5 f\u00e5 utfordringer innenfor temaene mat, elektronikk, kl\u00e6r og emballasje, med m\u00e5l om \u00e5 redusere forbruket ditt\/deres innen disse kategoriene. Utfordringene du vil f\u00e5 er en blanding av individuelle oppgaver som du kan gj\u00f8re alene i ditt eget hjem, og fellesskapsutfordringer som du kan gj\u00f8re sammen med andre.  Du velger selv hvilke utfordringer du vil v\u00e6re med p\u00e5.<\/p>\n<\/div><figure class=\"wp-block-media-text__media\"><img loading=\"lazy\" decoding=\"async\" width=\"582\" height=\"173\" src=\"https:\/\/naturvernforbundet.no\/content\/uploads\/sites\/13\/2025\/12\/CircleUp-kategoriar.png\" alt=\"\" class=\"wp-image-17004 size-full\" srcset=\"https:\/\/naturvernforbundet.no\/content\/uploads\/sites\/13\/2025\/12\/CircleUp-kategoriar.png 582w, https:\/\/naturvernforbundet.no\/content\/uploads\/sites\/13\/2025\/12\/CircleUp-kategoriar-300x89.png 300w\" sizes=\"auto, (max-width: 582px) 100vw, 582px\" \/><\/figure><\/div>\n\n\n\n<h2 class=\"wp-block-heading\" id=\"soker-etter-40-husholdninger\">Husbes\u00f8k, sp\u00f8rreunders\u00f8kelser og intervjuer<\/h2>\n\n\n\n<p>I l\u00f8pet av prosjektperioden vil 1-2 av v\u00e5re hyggelige prosjektmedarbeidere komme p\u00e5 husbes\u00f8k til deg\/dere 3 ganger: juni 2026, august 2026, januar 2027. I tillegg blir det et avsluttende evalueringshusbes\u00f8k i juni eller august 2027. P\u00e5 husbes\u00f8kene vil vi sette opp de smarte s\u00f8ppelb\u00f8ttene og vise dere CircleUp-appen, gjennomf\u00f8re totalt 4 sp\u00f8rreunders\u00f8kelser og to intervjuer. Underveis vil vi v\u00e6re tilgjengelige for \u00e5 svare p\u00e5 sp\u00f8rsm\u00e5l dere m\u00e5tte ha. Som takk for at du deltar, mottar du ogs\u00e5 \u20ac200 etter fullf\u00f8rt prosjekt. <\/p>\n\n\n\n<div class=\"wp-block-media-text alignwide is-stacked-on-mobile\"><figure class=\"wp-block-media-text__media\"><img loading=\"lazy\" decoding=\"async\" width=\"1024\" height=\"681\" src=\"https:\/\/naturvernforbundet.no\/content\/uploads\/sites\/13\/2025\/11\/4-1024x681.png\" alt=\"En mann ser p\u00e5 kl\u00e6r\" class=\"wp-image-15980 size-full\" srcset=\"https:\/\/naturvernforbundet.no\/content\/uploads\/sites\/13\/2025\/11\/4-1024x681.png 1024w, https:\/\/naturvernforbundet.no\/content\/uploads\/sites\/13\/2025\/11\/4-300x200.png 300w, https:\/\/naturvernforbundet.no\/content\/uploads\/sites\/13\/2025\/11\/4-768x511.png 768w, https:\/\/naturvernforbundet.no\/content\/uploads\/sites\/13\/2025\/11\/4-1536x1022.png 1536w, https:\/\/naturvernforbundet.no\/content\/uploads\/sites\/13\/2025\/11\/4-1920x1277.png 1920w, https:\/\/naturvernforbundet.no\/content\/uploads\/sites\/13\/2025\/11\/4.png 2025w\" sizes=\"auto, (max-width: 1024px) 100vw, 1024px\" \/><\/figure><div class=\"wp-block-media-text__content\">\n<h2 class=\"wp-block-heading\" id=\"hvem-passer-dette-for\">Hvem passer dette for?<\/h2>\n\n\n\n<p>Dette passer for deg som:<\/p>\n\n\n\n<ul class=\"wp-block-list\">\n<li>Bor i Bergen.<\/li>\n\n\n\n<li>Har internett hjemme. <\/li>\n\n\n\n<li>Er motivert til \u00e5 delta i et forskningsprosjekt, og som vil gi \u00e6rlige og konstruktive tilbakemeldinger.<\/li>\n<\/ul>\n<\/div><\/div>\n\n\n\n<div class=\"wp-block-group is-style-yellow is-layout-constrained wp-block-group-is-layout-constrained\">\n<h2 class=\"wp-block-heading\" id=\"tidsplan\">Tidsplan&nbsp;&nbsp;<\/h2>\n\n\n\n<p><strong>Januar-mai 2026:<\/strong> Husholdninger melder interesse, og <a href=\"https:\/\/forms.cloud.microsoft\/e\/UmgiZGZ6na\">skriver seg opp p\u00e5 listen<\/a>, og de som \u00f8nsker melder seg p\u00e5.<\/p>\n\n\n\n<p><strong>Juni 2026<\/strong>: Offisiell prosjektstart og f\u00f8rste husbes\u00f8k med utdeling av smarte s\u00f8ppelb\u00f8tter, som registrerer vekten avfallet som kastes. Innstallering av app og oppl\u00e6ring, f\u00f8rste sp\u00f8rreunders\u00f8kelse.<\/p>\n\n\n\n<p><strong>Juni 2026 \u2013 Januar 2027: <\/strong>Deltakerne\/husholdningene gjennomf\u00f8rer utfordringer i appen. De er valgfrie. Husholdningene velger selv hvor mye eller lite de vil delta p\u00e5.<\/p>\n\n\n\n<p><strong>August 2026: <\/strong>Andre husbes\u00f8k: Sp\u00f8rreunders\u00f8kelse og individuelt intervju.<\/p>\n\n\n\n<p><strong>Januar 2027:<\/strong> Tredje husbes\u00f8k: Sp\u00f8rreunders\u00f8kelse og gruppeintervju, innsamling av b\u00f8tter for de som ikke \u00f8nsker \u00e5 beholde dem utover prosjektperioden<\/p>\n\n\n\n<p><strong>Juni\/august 2027:<\/strong> Fjerde og siste husbes\u00f8k for \u00e5 evaluere prosjektet og om noen nye vaner har blitt sittende. Siste sp\u00f8rreunders\u00f8kelse.<\/p>\n\n\n\n<p>Husholdningene som har fullf\u00f8rt mottar honorar p\u00e5 200 euro. <\/p>\n<\/div>\n\n\n\n<div class=\"wp-block-media-text alignwide has-media-on-the-right is-stacked-on-mobile\" style=\"grid-template-columns:auto 38%\"><div class=\"wp-block-media-text__content\">\n<p>Vi \u00f8nsker \u00e5 rekruttere ulike deltakere til dette prosjektet, b\u00e5de de som har lavt og de som har h\u00f8yt forbruk. Vi \u00f8nsker ogs\u00e5 \u00e5 f\u00e5 med deg som mangler motivasjon eller ikke vet hvor de skal begynne. Alle er velkomne med som deltakere. <\/p>\n\n\n\n<p>Det er ingen krav til forh\u00e5ndskunnskaper, eller medlemskap. <\/p>\n<\/div><figure class=\"wp-block-media-text__media\"><img loading=\"lazy\" decoding=\"async\" width=\"682\" height=\"1024\" src=\"https:\/\/naturvernforbundet.no\/content\/uploads\/sites\/13\/2025\/11\/3-682x1024.png\" alt=\"En dame tar bilde av en fargerik t-skjorte med mobilen sin, i forskningsprosjektet CircleUp\" class=\"wp-image-15978 size-full\" srcset=\"https:\/\/naturvernforbundet.no\/content\/uploads\/sites\/13\/2025\/11\/3-682x1024.png 682w, https:\/\/naturvernforbundet.no\/content\/uploads\/sites\/13\/2025\/11\/3-200x300.png 200w, https:\/\/naturvernforbundet.no\/content\/uploads\/sites\/13\/2025\/11\/3-768x1153.png 768w, https:\/\/naturvernforbundet.no\/content\/uploads\/sites\/13\/2025\/11\/3-1023x1536.png 1023w, https:\/\/naturvernforbundet.no\/content\/uploads\/sites\/13\/2025\/11\/3-1279x1920.png 1279w, https:\/\/naturvernforbundet.no\/content\/uploads\/sites\/13\/2025\/11\/3.png 1348w\" sizes=\"auto, (max-width: 682px) 100vw, 682px\" \/><\/figure><\/div>\n\n\n\n<div class=\"wp-block-media-text alignwide has-media-on-the-right is-stacked-on-mobile\"><div class=\"wp-block-media-text__content\">\n<h2 class=\"wp-block-heading\" id=\"du-bor-bli-med\">Du b\u00f8r bli med!<\/h2>\n\n\n\n<ul class=\"wp-block-list\">\n<li>Du bidrar til mer kunnskap om hva som motiverer mennesker til \u00e5 endre sine forbruksvaner. <\/li>\n\n\n\n<li>Du tjener 200 euro. <\/li>\n\n\n\n<li>Du f\u00e5r mulighet til \u00e5 endre vaner slik at du reduserer  un\u00f8dvendig forbruk. Det er bra for lommeboken og milj\u00f8et.<\/li>\n\n\n\n<li>Du f\u00e5r mulighet til \u00e5 treffe andre som ogs\u00e5 deltar i prosjektet. Det kan knytte folk sammen, som kan f\u00e5 andre, positive ringvirkninger i ditt n\u00e6rmilj\u00f8. <\/li>\n<\/ul>\n<\/div><figure class=\"wp-block-media-text__media\"><img loading=\"lazy\" decoding=\"async\" width=\"1024\" height=\"731\" src=\"https:\/\/naturvernforbundet.no\/content\/uploads\/sites\/13\/2025\/11\/10-1024x731.png\" alt=\"Venner som deler en pizza, i forskningsprosjektet CircleUp\" class=\"wp-image-15976 size-full\" srcset=\"https:\/\/naturvernforbundet.no\/content\/uploads\/sites\/13\/2025\/11\/10-1024x731.png 1024w, https:\/\/naturvernforbundet.no\/content\/uploads\/sites\/13\/2025\/11\/10-300x214.png 300w, https:\/\/naturvernforbundet.no\/content\/uploads\/sites\/13\/2025\/11\/10-768x548.png 768w, https:\/\/naturvernforbundet.no\/content\/uploads\/sites\/13\/2025\/11\/10-1536x1096.png 1536w, https:\/\/naturvernforbundet.no\/content\/uploads\/sites\/13\/2025\/11\/10-1920x1370.png 1920w, https:\/\/naturvernforbundet.no\/content\/uploads\/sites\/13\/2025\/11\/10.png 2025w\" sizes=\"auto, (max-width: 1024px) 100vw, 1024px\" \/><\/figure><\/div>\n\n\n\n<h2 class=\"wp-block-heading\" id=\"mal-pa-de-smarte-soppelbottene\">M\u00e5l p\u00e5 de smarte s\u00f8ppelb\u00f8ttene<\/h2>\n\n\n\n<div class=\"wp-block-media-text is-stacked-on-mobile\"><figure class=\"wp-block-media-text__media\"><img loading=\"lazy\" decoding=\"async\" width=\"623\" height=\"788\" src=\"https:\/\/naturvernforbundet.no\/content\/uploads\/sites\/13\/2025\/12\/bilde-1.png\" alt=\"\" class=\"wp-image-17010 size-full\" srcset=\"https:\/\/naturvernforbundet.no\/content\/uploads\/sites\/13\/2025\/12\/bilde-1.png 623w, https:\/\/naturvernforbundet.no\/content\/uploads\/sites\/13\/2025\/12\/bilde-1-237x300.png 237w\" sizes=\"auto, (max-width: 623px) 100vw, 623px\" \/><\/figure><div class=\"wp-block-media-text__content\">\n<p>Du kan alts\u00e5 velge \u00e5 ta imot alle de 4 b\u00f8ttene, eller du kan velge 1, 2 eller 3. Du velger fritt hvilke av kategoriene du i s\u00e5 fall vil ha. De smarte b\u00f8ttene kommer ogs\u00e5 i tre forskjellige st\u00f8rrelser som du kan velge mellom, men alle kommer med en identisk vekt-del som m\u00e5 kobles til str\u00f8m. Om du har behov for sk\u00f8yteledning og\/eller stikkontakt med flere uttak, s\u00e5 ordner vi det.<\/p>\n\n\n\n<p><\/p>\n<\/div><\/div>\n\n\n\n<p>De smarte <a href=\"https:\/\/www.ikea.com\/no\/no\/p\/hallbar-dunk-med-lokk-lys-gra-s99496817\/\">s\u00f8ppelb\u00f8ttene<\/a> og <a href=\"https:\/\/www.ikea.com\/no\/no\/p\/hallbar-uttrekkbar-stamme-avfallssortering-lys-gra-20422853\/\">vekt-delen<\/a> er av IKEA-typen H\u00e5llbar. Hvis du allerede har slike s\u00f8ppelb\u00f8tter, eller andre s\u00f8ppelb\u00f8tte(r) som passer inn i m\u00e5lene til vekt-delen (over), kan du gjerne bruke dine egne b\u00f8tter. Da mottar du i s\u00e5 fall bare vekt-delen(e).<\/p>\n\n\n\n<figure class=\"wp-block-image\"><img loading=\"lazy\" decoding=\"async\" width=\"800\" height=\"379\" src=\"https:\/\/naturvernforbundet.no\/content\/uploads\/sites\/13\/2025\/12\/15dcb05b-a0aa-44ee-8953-cb5d4f4c647a-1.png\" alt=\"\" class=\"wp-image-17012\" srcset=\"https:\/\/naturvernforbundet.no\/content\/uploads\/sites\/13\/2025\/12\/15dcb05b-a0aa-44ee-8953-cb5d4f4c647a-1.png 800w, https:\/\/naturvernforbundet.no\/content\/uploads\/sites\/13\/2025\/12\/15dcb05b-a0aa-44ee-8953-cb5d4f4c647a-1-300x142.png 300w, https:\/\/naturvernforbundet.no\/content\/uploads\/sites\/13\/2025\/12\/15dcb05b-a0aa-44ee-8953-cb5d4f4c647a-1-768x364.png 768w\" sizes=\"auto, (max-width: 800px) 100vw, 800px\" \/><\/figure>\n\n\n\n<div class=\"wp-block-media-text alignwide has-media-on-the-right is-stacked-on-mobile\"><div class=\"wp-block-media-text__content\">\n<h2 class=\"wp-block-heading\" id=\"overgangen-til-et-sirkulaert-samfunn\">Overgangen til et sirkul\u00e6rt samfunn<\/h2>\n\n\n\n<p>CircleUp-prosjektet er et EU-finansiert samarbeidsprosjekt som fors\u00f8ker \u00e5 finne svar p\u00e5 hvordan vi kan g\u00e5 fra et bruk-og-kast-samfunn til \u00e5 bruke ressursene lengst mulig. Naturvernforbundet er partner i prosjektet sammen med NTNU og organisasjoner og akademiske partnere fra Latvia, Storbritannia, Tyskland og Portugal. Sammen skal vi pr\u00f8ve \u00e5 motivere minst 100 husholdninger til et lavere forbruk&nbsp;.<\/p>\n<\/div><figure class=\"wp-block-media-text__media\"><img loading=\"lazy\" decoding=\"async\" width=\"283\" height=\"146\" src=\"https:\/\/naturvernforbundet.no\/content\/uploads\/sites\/13\/2024\/12\/Circle-Up-Logo-RGB.svg\" alt=\"\" class=\"wp-image-12374 size-full\"\/><\/figure><\/div>\n\n\n\n<h2 class=\"wp-block-heading\" id=\"naturvernforbundets-rolle\">Naturvernforbundets rolle<\/h2>\n\n\n\n<p>Vi er en av partnerne og har v\u00e6rt med \u00e5 utvikle prosjektet. V\u00e5r hovedrolle er som r\u00e5dgivere og skal f\u00f8lge opp husholdningene, svare p\u00e5 sp\u00f8rsm\u00e5l og komme p\u00e5 husbes\u00f8k. Vi er ikke-d\u00f8mmende og vil kun v\u00e6re st\u00f8ttende i m\u00f8te med v\u00e5re husholdninger. V\u00e5rt m\u00e5l er \u00e5 motivere til positiv endring, bidra til refleksjon og gode relasjoner. <\/p>\n\n\n\n\t\t<div class=\"t2-factbox is-minimized wp-block-t2-factbox\" id=\"t2-factbox\">\n\t\t\t<div class=\"t2-factbox__content\">\n\t\t\t\t<div class=\"t2-factbox__blocks t2-factbox__inner-container\">\n\t\t\t\t\t\n\n<h2 class=\"wp-block-heading\" id=\"partnere-i-prosjektet\">Partnere i prosjektet<\/h2>\n\n\n\n<p><strong>Norge<\/strong><br>NTNU<br>Naturvernforbundet<br><br><strong>Latvia<\/strong><br>Riga Technical University<br>Latvian Rural Forum<br><br><strong>Storbritannia<\/strong><br>Earthwatch<br>Oxfordshire County Council<br><br><strong>Tyskland<\/strong><br>Hochscule Ruhr West<br>Verbraucherzentrale NRW<br>Prosperkolleg<br><br><strong>Portugal<\/strong><br>NOVA School of Science and Technology, Lisbon<\/p>\n\n\n\n<figure class=\"wp-block-image size-full\"><img loading=\"lazy\" decoding=\"async\" width=\"1024\" height=\"768\" src=\"https:\/\/naturvernforbundet.no\/content\/uploads\/sites\/13\/2025\/11\/PHOTO-2024-10-23-09-20-43-d7b862db.webp\" alt=\"Partnerne i i forskningsprosjektet CircleUp \" class=\"wp-image-15972\" srcset=\"https:\/\/naturvernforbundet.no\/content\/uploads\/sites\/13\/2025\/11\/PHOTO-2024-10-23-09-20-43-d7b862db.webp 1024w, https:\/\/naturvernforbundet.no\/content\/uploads\/sites\/13\/2025\/11\/PHOTO-2024-10-23-09-20-43-d7b862db-300x225.webp 300w, https:\/\/naturvernforbundet.no\/content\/uploads\/sites\/13\/2025\/11\/PHOTO-2024-10-23-09-20-43-d7b862db-768x576.webp 768w\" sizes=\"auto, (max-width: 1024px) 100vw, 1024px\" \/><\/figure>\n\n\n\t\t\t\t<\/div>\n\t\t\t\t<div class=\"t2-factbox__gradient\"><\/div>\n\t\t\t<\/div>\n\t\t\t<button\n\t\t\ttype=\"button\"\n\t\t\taria-expanded=\"false\"\n\t\t\taria-controls=\"t2-factbox\"\n\t\t\taria-label=\"Expand fact box\"\n\t\t\tdata-label-collapsed=\"Expand fact box\"\n\t\t\tdata-label-expanded=\"Collapse fact box\"\n\t\t\tdata-t2-factbox=\"expand\"\n\t\t\tclass=\"t2-factbox__expand\"\n\t\t>\n\t\t\t<svg xmlns=\"http:\/\/www.w3.org\/2000\/svg\" viewBox=\"0 0 24 24\" height=\"24\" width=\"24\" class=\"t2-icon t2-icon-chevrondown\" aria-hidden=\"true\" focusable=\"false\"><path d=\"M12 14.9c-.1 0-.3 0-.4-.1-.1 0-.2-.1-.3-.2L6.7 10c-.2-.1-.3-.4-.3-.6 0-.3.1-.5.3-.7.2-.2.4-.3.7-.3s.5.1.7.3l3.9 3.9 3.9-3.9c.2-.2.4-.3.7-.3.3 0 .5.1.7.3.2.2.3.4.3.7s-.1.5-.3.7l-4.6 4.6c-.1.1-.2.2-.3.2H12z\" \/><\/svg>\n\t\t<\/button>\n\t\t<\/div>\n\n\n<h2 class=\"wp-block-heading\" id=\"finansiert-av-eu\">Finansiert av EU<\/h2>\n\n\n\n<p>Forskningsprosjektet har f\u00e5tt st\u00f8tte fra EUs forsknings- og innovasjonsprogram Horizon Europe, og partnerne fra Storbritannia er ogs\u00e5 st\u00f8ttet av UK Research and Innovation (UKRI).<\/p>\n\n\n\n<h2 class=\"wp-block-heading\" id=\"sporsmal-kontakt-oss\">Sp\u00f8rsm\u00e5l? Kontakt oss!<\/h2>\n\n\n\n<p>Lena Teigland<br>Epost: lt@naturvernforbundet.no<br>Telefon: 97003402<br><\/p>\n\n\n\n<div class=\"wp-block-buttons is-content-justification-center is-layout-flex wp-container-core-buttons-is-layout-2 wp-block-buttons-is-layout-flex\">\n<div class=\"wp-block-button\"><a class=\"wp-block-button__link wp-element-button\" href=\"https:\/\/circle-up.eu\/\">Bes\u00f8k prosjektsiden<\/a><\/div>\n\n\n\n<div class=\"wp-block-button\"><a class=\"wp-block-button__link wp-element-button\" href=\"https:\/\/naturvernforbundet.no\/hordaland\/saker\/reparere\/\">Les mer om v\u00e5rt arbeid p\u00e5 forbruk<\/a><\/div>\n<\/div>\n\n\n\n<div class=\"wp-block-group alignwide is-layout-constrained wp-block-group-is-layout-constrained\">\n<h2 class=\"has-text-align-center wp-block-heading\">Artikler om reparasjon og forbruk<\/h2>\n\n\n<div class=\"t2-featured-content-layout alignwide alignwide wp-block-t2-featured-content-layout\">\n<div class=\"t2-featured-query-post t2-featured-content is-post-type-post category-aktuelt category-forbruk category-uttale wp-block-t2-featured-query-post\"><a class=\"t2-post-link wp-block-t2-post-link\" href=\"https:\/\/naturvernforbundet.no\/hordaland\/ny-ordning-med-innsamling-av-tekstilavfall\/\">\n<figure style=\"--t2-focal-point: 50% 50%;\" class=\"t2-post-featured-image has-image-ratio-4-3 wp-block-t2-post-featured-image\"><img loading=\"lazy\" decoding=\"async\" width=\"1280\" height=\"850\" src=\"https:\/\/naturvernforbundet.no\/content\/uploads\/sites\/13\/2025\/01\/Klaer.-Foto-av-Tony-Prats-via-Pixabay.jpg\" class=\"attachment-post-thumbnail size-post-thumbnail wp-post-image\" alt=\"kl\u00e6r i en haug\" srcset=\"https:\/\/naturvernforbundet.no\/content\/uploads\/sites\/13\/2025\/01\/Klaer.-Foto-av-Tony-Prats-via-Pixabay.jpg 1280w, https:\/\/naturvernforbundet.no\/content\/uploads\/sites\/13\/2025\/01\/Klaer.-Foto-av-Tony-Prats-via-Pixabay-300x199.jpg 300w, https:\/\/naturvernforbundet.no\/content\/uploads\/sites\/13\/2025\/01\/Klaer.-Foto-av-Tony-Prats-via-Pixabay-1024x680.jpg 1024w, https:\/\/naturvernforbundet.no\/content\/uploads\/sites\/13\/2025\/01\/Klaer.-Foto-av-Tony-Prats-via-Pixabay-768x510.jpg 768w\" sizes=\"auto, (max-width: 1280px) 100vw, 1280px\" \/><\/figure>\n\n<div class=\"wp-block-group alignfull is-layout-flow wp-block-group-is-layout-flow\">\n\t<h2 class=\"t2-post-title wp-block-t2-post-title\">Ny ordning med innsamling av tekstilavfall<\/h2>\n\t<p class=\"wp-block-naturvern-post-excerpt\">Vi har stilt oss bak et felles brev til BIR. <\/p>\n\t\t<div class=\"wp-block-naturvern-post-meta\">\n\t\t\t\t\t<span class=\"cat\">\n\t\t\t\t\t\t\t\t\t<span><span class=\"tag-link\" data-href=\"https:\/\/naturvernforbundet.no\/hordaland\/category\/aktuelt\/\">Aktuelt<\/span><\/span>\n\t\t\t\t\t\t\t\t\t<span><span class=\"tag-link\" data-href=\"https:\/\/naturvernforbundet.no\/hordaland\/category\/forbruk\/\">Forbruk<\/span><\/span>\n\t\t\t\t\t\t\t\t\t<span><span class=\"tag-link\" data-href=\"https:\/\/naturvernforbundet.no\/hordaland\/category\/uttale\/\">Uttale<\/span><\/span>\n\t\t\t\t\t\t\t<\/span>\n\t\t\t\t\t\t\t<span class=\"date\">03.01.2025<\/span>\n\t\t\t<\/div>\n\t\n<\/div>\n\n<\/a>\n<\/div>\n\n<div class=\"t2-featured-query-post t2-featured-content is-post-type-post category-aktuelt category-forbruk category-naturvest category-plast wp-block-t2-featured-query-post\"><a class=\"t2-post-link wp-block-t2-post-link\" href=\"https:\/\/naturvernforbundet.no\/hordaland\/takeaway-pant\/\">\n<figure style=\"--t2-focal-point: 50% 50%;\" class=\"t2-post-featured-image has-image-ratio-4-3 wp-block-t2-post-featured-image\"><img loading=\"lazy\" decoding=\"async\" width=\"8256\" height=\"5504\" src=\"https:\/\/naturvernforbundet.no\/content\/uploads\/sites\/13\/2024\/12\/A23_7082.jpg\" class=\"attachment-post-thumbnail size-post-thumbnail wp-post-image\" alt=\"pante gjenbrukskopp\" srcset=\"https:\/\/naturvernforbundet.no\/content\/uploads\/sites\/13\/2024\/12\/A23_7082.jpg 8256w, https:\/\/naturvernforbundet.no\/content\/uploads\/sites\/13\/2024\/12\/A23_7082-300x200.jpg 300w, https:\/\/naturvernforbundet.no\/content\/uploads\/sites\/13\/2024\/12\/A23_7082-1024x683.jpg 1024w, https:\/\/naturvernforbundet.no\/content\/uploads\/sites\/13\/2024\/12\/A23_7082-768x512.jpg 768w, https:\/\/naturvernforbundet.no\/content\/uploads\/sites\/13\/2024\/12\/A23_7082-1536x1024.jpg 1536w\" sizes=\"auto, (max-width: 8256px) 100vw, 8256px\" \/><\/figure>\n\n<div class=\"wp-block-group alignfull is-layout-flow wp-block-group-is-layout-flow\">\n\t<h2 class=\"t2-post-title wp-block-t2-post-title\">Takeaway-pant<\/h2>\n\t<p class=\"wp-block-naturvern-post-excerpt\">Takeaway-emballasje fors\u00f8pler de fleste byer, men i Aarhus har de sl\u00e5tt seg sammen med norske TOMRA for \u00e5 lage et pantesystem for kopper og glass. \u00a0<\/p>\n\t\t<div class=\"wp-block-naturvern-post-meta\">\n\t\t\t\t\t<span class=\"cat\">\n\t\t\t\t\t\t\t\t\t<span><span class=\"tag-link\" data-href=\"https:\/\/naturvernforbundet.no\/hordaland\/category\/aktuelt\/\">Aktuelt<\/span><\/span>\n\t\t\t\t\t\t\t\t\t<span><span class=\"tag-link\" data-href=\"https:\/\/naturvernforbundet.no\/hordaland\/category\/forbruk\/\">Forbruk<\/span><\/span>\n\t\t\t\t\t\t\t\t\t<span><span class=\"tag-link\" data-href=\"https:\/\/naturvernforbundet.no\/hordaland\/category\/naturvest\/\">NaturVest<\/span><\/span>\n\t\t\t\t\t\t\t\t\t<span><span class=\"tag-link\" data-href=\"https:\/\/naturvernforbundet.no\/hordaland\/category\/plast\/\">Plast<\/span><\/span>\n\t\t\t\t\t\t\t<\/span>\n\t\t\t\t\t\t\t<span class=\"date\">16.12.2024<\/span>\n\t\t\t<\/div>\n\t\n<\/div>\n\n<\/a>\n<\/div>\n\n<div class=\"t2-featured-query-post t2-featured-content is-post-type-post category-aktuelt category-forbruk category-naturvest wp-block-t2-featured-query-post\"><a class=\"t2-post-link wp-block-t2-post-link\" href=\"https:\/\/naturvernforbundet.no\/hordaland\/reparatorene-kommer\/\">\n<figure style=\"--t2-focal-point: 50% 50%;\" class=\"t2-post-featured-image has-image-ratio-4-3 wp-block-t2-post-featured-image\"><img loading=\"lazy\" decoding=\"async\" width=\"1024\" height=\"768\" src=\"https:\/\/naturvernforbundet.no\/content\/uploads\/sites\/13\/2024\/11\/241122-Marte-Ulltveit-Moe-3_-foto-Ingvild-Sundal-Joys-for-NVH.jpg\" class=\"attachment-post-thumbnail size-post-thumbnail wp-post-image\" alt=\"Marte Ulltveit-Moe har snakket med mange reparat\u00f8rer, og viser frem boka si\" srcset=\"https:\/\/naturvernforbundet.no\/content\/uploads\/sites\/13\/2024\/11\/241122-Marte-Ulltveit-Moe-3_-foto-Ingvild-Sundal-Joys-for-NVH.jpg 1024w, https:\/\/naturvernforbundet.no\/content\/uploads\/sites\/13\/2024\/11\/241122-Marte-Ulltveit-Moe-3_-foto-Ingvild-Sundal-Joys-for-NVH-300x225.jpg 300w, https:\/\/naturvernforbundet.no\/content\/uploads\/sites\/13\/2024\/11\/241122-Marte-Ulltveit-Moe-3_-foto-Ingvild-Sundal-Joys-for-NVH-768x576.jpg 768w\" sizes=\"auto, (max-width: 1024px) 100vw, 1024px\" \/><\/figure>\n\n<div class=\"wp-block-group alignfull is-layout-flow wp-block-group-is-layout-flow\">\n\t<h2 class=\"t2-post-title wp-block-t2-post-title\">Reparat\u00f8rene kommer!<\/h2>\n\t<p class=\"wp-block-naturvern-post-excerpt\">Flommen av billig r\u00e6l, \u00f8delegger muligheten til \u00e5 bli et reparat\u00f8rsamfunn. Hva kan vi l\u00e6re av 100 \u00e5rs alkoholpolitikk?<\/p>\n\t\t<div class=\"wp-block-naturvern-post-meta\">\n\t\t\t\t\t<span class=\"cat\">\n\t\t\t\t\t\t\t\t\t<span><span class=\"tag-link\" data-href=\"https:\/\/naturvernforbundet.no\/hordaland\/category\/aktuelt\/\">Aktuelt<\/span><\/span>\n\t\t\t\t\t\t\t\t\t<span><span class=\"tag-link\" data-href=\"https:\/\/naturvernforbundet.no\/hordaland\/category\/forbruk\/\">Forbruk<\/span><\/span>\n\t\t\t\t\t\t\t\t\t<span><span class=\"tag-link\" data-href=\"https:\/\/naturvernforbundet.no\/hordaland\/category\/naturvest\/\">NaturVest<\/span><\/span>\n\t\t\t\t\t\t\t<\/span>\n\t\t\t\t\t\t\t<span class=\"date\">28.11.2024<\/span>\n\t\t\t<\/div>\n\t\n<\/div>\n\n<\/a>\n<\/div>\n<\/div><\/div>\n","protected":false},"excerpt":{"rendered":"<p>Hva motiverer folk til \u00e5 kaste mindre s\u00f8ppel, gjenbruke mer og \u00e5 kj\u00f8pe mindre? Bli med p\u00e5 det innovative forskningsprosjektet CircleUp og bidra til \u00e5 finne svar p\u00e5 disse sp\u00f8rsm\u00e5lene. Oppdraget honoreres med 200 euro.<\/p>\n","protected":false},"author":185,"featured_media":15840,"comment_status":"closed","ping_status":"closed","sticky":false,"template":"","format":"standard","meta":{"_relevanssi_hide_post":"","_relevanssi_hide_content":"","_relevanssi_pin_for_all":"","_relevanssi_pin_keywords":"","_relevanssi_unpin_keywords":"","_relevanssi_related_keywords":"","_relevanssi_related_include_ids":"","_relevanssi_related_exclude_ids":"","_relevanssi_related_no_append":"","_relevanssi_related_not_related":"","_relevanssi_related_posts":"9221,13001,5148,56,912,13951","_relevanssi_noindex_reason":"","t2_featured_media_focal_point":{"x":0.5,"y":0.5},"hide_logo":false,"footnotes":""},"categories":[68,81],"local":[5],"class_list":["post-15837","post","type-post","status-publish","format-standard","has-post-thumbnail","hentry","category-aktuelt","category-forbruk","local-bergen"],"acf":[],"yoast_head":"<!-- This site is optimized with the Yoast SEO plugin v24.9 - https:\/\/yoast.com\/wordpress\/plugins\/seo\/ -->\n<title>Vi s\u00f8ker deltakere til forskningsprosjekt - Hordaland<\/title>\n<meta name=\"description\" content=\"Vil du f\u00e5 gode tips til \u00e5 f\u00e5 ned forbruket ditt, samtidig som du er med p\u00e5 et viktig innovasjons og forskningsprosjekt?\" \/>\n<meta name=\"robots\" content=\"index, follow, max-snippet:-1, max-image-preview:large, max-video-preview:-1\" \/>\n<link rel=\"canonical\" href=\"https:\/\/naturvernforbundet.no\/hordaland\/vi-soker-deltakere-til-forskningsprosjekt\/\" \/>\n<meta property=\"og:locale\" content=\"nb_NO\" \/>\n<meta property=\"og:type\" content=\"article\" \/>\n<meta property=\"og:title\" content=\"Vi s\u00f8ker deltakere til forskningsprosjekt - Hordaland\" \/>\n<meta property=\"og:description\" content=\"Vil du f\u00e5 gode tips til \u00e5 f\u00e5 ned forbruket ditt, samtidig som du er med p\u00e5 et viktig innovasjons og forskningsprosjekt?\" \/>\n<meta property=\"og:url\" content=\"https:\/\/naturvernforbundet.no\/hordaland\/vi-soker-deltakere-til-forskningsprosjekt\/\" \/>\n<meta property=\"og:site_name\" content=\"Hordaland\" \/>\n<meta property=\"article:publisher\" content=\"https:\/\/www.facebook.com\/naturvernforbundet.hordaland\" \/>\n<meta property=\"article:published_time\" content=\"2025-12-11T11:30:31+00:00\" \/>\n<meta property=\"article:modified_time\" content=\"2026-04-22T09:57:56+00:00\" \/>\n<meta property=\"og:image\" content=\"https:\/\/naturvernforbundet.no\/content\/uploads\/sites\/13\/2025\/11\/CircleUp-banner-uten-logo-1024x576.png\" \/>\n\t<meta property=\"og:image:width\" content=\"1024\" \/>\n\t<meta property=\"og:image:height\" content=\"576\" \/>\n\t<meta property=\"og:image:type\" content=\"image\/png\" \/>\n<meta name=\"author\" content=\"Mona Maria L\u00f8berg\" \/>\n<meta name=\"twitter:card\" content=\"summary_large_image\" \/>\n<meta name=\"twitter:label1\" content=\"Skrevet av\" \/>\n\t<meta name=\"twitter:data1\" content=\"Mona Maria L\u00f8berg\" \/>\n\t<meta name=\"twitter:label2\" content=\"Ansl. lesetid\" \/>\n\t<meta name=\"twitter:data2\" content=\"14 minutter\" \/>\n<script type=\"application\/ld+json\" class=\"yoast-schema-graph\">{\"@context\":\"https:\/\/schema.org\",\"@graph\":[{\"@type\":\"Article\",\"@id\":\"https:\/\/naturvernforbundet.no\/hordaland\/vi-soker-deltakere-til-forskningsprosjekt\/#article\",\"isPartOf\":{\"@id\":\"https:\/\/naturvernforbundet.no\/hordaland\/vi-soker-deltakere-til-forskningsprosjekt\/\"},\"author\":{\"name\":\"Mona Maria L\u00f8berg\",\"@id\":\"https:\/\/naturvernforbundet.no\/hordaland\/#\/schema\/person\/2b4f064c76270324a903c0a70e9f6afd\"},\"headline\":\"Vi s\u00f8ker deltakere til forskningsprosjekt\",\"datePublished\":\"2025-12-11T11:30:31+00:00\",\"dateModified\":\"2026-04-22T09:57:56+00:00\",\"mainEntityOfPage\":{\"@id\":\"https:\/\/naturvernforbundet.no\/hordaland\/vi-soker-deltakere-til-forskningsprosjekt\/\"},\"wordCount\":933,\"publisher\":{\"@id\":\"https:\/\/naturvernforbundet.no\/hordaland\/#organization\"},\"image\":{\"@id\":\"https:\/\/naturvernforbundet.no\/hordaland\/vi-soker-deltakere-til-forskningsprosjekt\/#primaryimage\"},\"thumbnailUrl\":\"https:\/\/naturvernforbundet.no\/content\/uploads\/sites\/13\/2025\/11\/CircleUp-banner-uten-logo.png\",\"articleSection\":[\"Aktuelt\",\"Forbruk\"],\"inLanguage\":\"nb-NO\"},{\"@type\":\"WebPage\",\"@id\":\"https:\/\/naturvernforbundet.no\/hordaland\/vi-soker-deltakere-til-forskningsprosjekt\/\",\"url\":\"https:\/\/naturvernforbundet.no\/hordaland\/vi-soker-deltakere-til-forskningsprosjekt\/\",\"name\":\"Vi s\u00f8ker deltakere til forskningsprosjekt - Hordaland\",\"isPartOf\":{\"@id\":\"https:\/\/naturvernforbundet.no\/hordaland\/#website\"},\"primaryImageOfPage\":{\"@id\":\"https:\/\/naturvernforbundet.no\/hordaland\/vi-soker-deltakere-til-forskningsprosjekt\/#primaryimage\"},\"image\":{\"@id\":\"https:\/\/naturvernforbundet.no\/hordaland\/vi-soker-deltakere-til-forskningsprosjekt\/#primaryimage\"},\"thumbnailUrl\":\"https:\/\/naturvernforbundet.no\/content\/uploads\/sites\/13\/2025\/11\/CircleUp-banner-uten-logo.png\",\"datePublished\":\"2025-12-11T11:30:31+00:00\",\"dateModified\":\"2026-04-22T09:57:56+00:00\",\"description\":\"Vil du f\u00e5 gode tips til \u00e5 f\u00e5 ned forbruket ditt, samtidig som du er med p\u00e5 et viktig innovasjons og forskningsprosjekt?\",\"breadcrumb\":{\"@id\":\"https:\/\/naturvernforbundet.no\/hordaland\/vi-soker-deltakere-til-forskningsprosjekt\/#breadcrumb\"},\"inLanguage\":\"nb-NO\",\"potentialAction\":[{\"@type\":\"ReadAction\",\"target\":[\"https:\/\/naturvernforbundet.no\/hordaland\/vi-soker-deltakere-til-forskningsprosjekt\/\"]}]},{\"@type\":\"ImageObject\",\"inLanguage\":\"nb-NO\",\"@id\":\"https:\/\/naturvernforbundet.no\/hordaland\/vi-soker-deltakere-til-forskningsprosjekt\/#primaryimage\",\"url\":\"https:\/\/naturvernforbundet.no\/content\/uploads\/sites\/13\/2025\/11\/CircleUp-banner-uten-logo.png\",\"contentUrl\":\"https:\/\/naturvernforbundet.no\/content\/uploads\/sites\/13\/2025\/11\/CircleUp-banner-uten-logo.png\",\"width\":1920,\"height\":1080,\"caption\":\"En familie som er i gang p\u00e5 et hvitt kj\u00f8kken\"},{\"@type\":\"BreadcrumbList\",\"@id\":\"https:\/\/naturvernforbundet.no\/hordaland\/vi-soker-deltakere-til-forskningsprosjekt\/#breadcrumb\",\"itemListElement\":[{\"@type\":\"ListItem\",\"position\":1,\"name\":\"Till naturvernforbundet.no\",\"item\":\"https:\/\/naturvernforbundet.no\/\"},{\"@type\":\"ListItem\",\"position\":2,\"name\":\"Hordaland\",\"item\":\"https:\/\/naturvernforbundet.no\/hordaland\/\"},{\"@type\":\"ListItem\",\"position\":3,\"name\":\"Bergen\",\"item\":\"https:\/\/naturvernforbundet.no\/hordaland\/lokallag\/bergen\/\"},{\"@type\":\"ListItem\",\"position\":4,\"name\":\"Vi s\u00f8ker deltakere til forskningsprosjekt\"}]},{\"@type\":\"WebSite\",\"@id\":\"https:\/\/naturvernforbundet.no\/hordaland\/#website\",\"url\":\"https:\/\/naturvernforbundet.no\/hordaland\/\",\"name\":\"Hordaland\",\"description\":\"\",\"publisher\":{\"@id\":\"https:\/\/naturvernforbundet.no\/hordaland\/#organization\"},\"potentialAction\":[{\"@type\":\"SearchAction\",\"target\":{\"@type\":\"EntryPoint\",\"urlTemplate\":\"https:\/\/naturvernforbundet.no\/hordaland\/?s={search_term_string}\"},\"query-input\":{\"@type\":\"PropertyValueSpecification\",\"valueRequired\":true,\"valueName\":\"search_term_string\"}}],\"inLanguage\":\"nb-NO\"},{\"@type\":\"Organization\",\"@id\":\"https:\/\/naturvernforbundet.no\/hordaland\/#organization\",\"name\":\"Naturvernforbundet Hordaland\",\"url\":\"https:\/\/naturvernforbundet.no\/hordaland\/\",\"logo\":{\"@type\":\"ImageObject\",\"inLanguage\":\"nb-NO\",\"@id\":\"https:\/\/naturvernforbundet.no\/hordaland\/#\/schema\/logo\/image\/\",\"url\":\"https:\/\/naturvernforbundet.no\/content\/uploads\/sites\/13\/2022\/11\/Logo_Hordaland_transparent.png\",\"contentUrl\":\"https:\/\/naturvernforbundet.no\/content\/uploads\/sites\/13\/2022\/11\/Logo_Hordaland_transparent.png\",\"width\":1095,\"height\":203,\"caption\":\"Naturvernforbundet Hordaland\"},\"image\":{\"@id\":\"https:\/\/naturvernforbundet.no\/hordaland\/#\/schema\/logo\/image\/\"},\"sameAs\":[\"https:\/\/www.facebook.com\/naturvernforbundet.hordaland\",\"https:\/\/www.instagram.com\/naturvern_hordaland\/\",\"https:\/\/www.flickr.com\/photos\/naturvernforbundet_hordaland\/\"]},{\"@type\":\"Person\",\"@id\":\"https:\/\/naturvernforbundet.no\/hordaland\/#\/schema\/person\/2b4f064c76270324a903c0a70e9f6afd\",\"name\":\"Mona Maria L\u00f8berg\",\"image\":{\"@type\":\"ImageObject\",\"inLanguage\":\"nb-NO\",\"@id\":\"https:\/\/naturvernforbundet.no\/hordaland\/#\/schema\/person\/image\/\",\"url\":\"https:\/\/secure.gravatar.com\/avatar\/b7d3282848b65fe5d48ca594f5a7108b?s=96&d=mm&r=g\",\"contentUrl\":\"https:\/\/secure.gravatar.com\/avatar\/b7d3282848b65fe5d48ca594f5a7108b?s=96&d=mm&r=g\",\"caption\":\"Mona Maria L\u00f8berg\"},\"sameAs\":[\"instagram.com\/manamoria\"],\"url\":\"https:\/\/naturvernforbundet.no\/hordaland\/author\/monamarialoberg\/\"}]}<\/script>\n<!-- \/ Yoast SEO plugin. -->","yoast_head_json":{"title":"Vi s\u00f8ker deltakere til forskningsprosjekt - Hordaland","description":"Vil du f\u00e5 gode tips til \u00e5 f\u00e5 ned forbruket ditt, samtidig som du er med p\u00e5 et viktig innovasjons og forskningsprosjekt?","robots":{"index":"index","follow":"follow","max-snippet":"max-snippet:-1","max-image-preview":"max-image-preview:large","max-video-preview":"max-video-preview:-1"},"canonical":"https:\/\/naturvernforbundet.no\/hordaland\/vi-soker-deltakere-til-forskningsprosjekt\/","og_locale":"nb_NO","og_type":"article","og_title":"Vi s\u00f8ker deltakere til forskningsprosjekt - Hordaland","og_description":"Vil du f\u00e5 gode tips til \u00e5 f\u00e5 ned forbruket ditt, samtidig som du er med p\u00e5 et viktig innovasjons og forskningsprosjekt?","og_url":"https:\/\/naturvernforbundet.no\/hordaland\/vi-soker-deltakere-til-forskningsprosjekt\/","og_site_name":"Hordaland","article_publisher":"https:\/\/www.facebook.com\/naturvernforbundet.hordaland","article_published_time":"2025-12-11T11:30:31+00:00","article_modified_time":"2026-04-22T09:57:56+00:00","og_image":[{"width":1024,"height":576,"url":"https:\/\/naturvernforbundet.no\/content\/uploads\/sites\/13\/2025\/11\/CircleUp-banner-uten-logo-1024x576.png","type":"image\/png"}],"author":"Mona Maria L\u00f8berg","twitter_card":"summary_large_image","twitter_misc":{"Skrevet av":"Mona Maria L\u00f8berg","Ansl. lesetid":"14 minutter"},"schema":{"@context":"https:\/\/schema.org","@graph":[{"@type":"Article","@id":"https:\/\/naturvernforbundet.no\/hordaland\/vi-soker-deltakere-til-forskningsprosjekt\/#article","isPartOf":{"@id":"https:\/\/naturvernforbundet.no\/hordaland\/vi-soker-deltakere-til-forskningsprosjekt\/"},"author":{"name":"Mona Maria L\u00f8berg","@id":"https:\/\/naturvernforbundet.no\/hordaland\/#\/schema\/person\/2b4f064c76270324a903c0a70e9f6afd"},"headline":"Vi s\u00f8ker deltakere til forskningsprosjekt","datePublished":"2025-12-11T11:30:31+00:00","dateModified":"2026-04-22T09:57:56+00:00","mainEntityOfPage":{"@id":"https:\/\/naturvernforbundet.no\/hordaland\/vi-soker-deltakere-til-forskningsprosjekt\/"},"wordCount":933,"publisher":{"@id":"https:\/\/naturvernforbundet.no\/hordaland\/#organization"},"image":{"@id":"https:\/\/naturvernforbundet.no\/hordaland\/vi-soker-deltakere-til-forskningsprosjekt\/#primaryimage"},"thumbnailUrl":"https:\/\/naturvernforbundet.no\/content\/uploads\/sites\/13\/2025\/11\/CircleUp-banner-uten-logo.png","articleSection":["Aktuelt","Forbruk"],"inLanguage":"nb-NO"},{"@type":"WebPage","@id":"https:\/\/naturvernforbundet.no\/hordaland\/vi-soker-deltakere-til-forskningsprosjekt\/","url":"https:\/\/naturvernforbundet.no\/hordaland\/vi-soker-deltakere-til-forskningsprosjekt\/","name":"Vi s\u00f8ker deltakere til forskningsprosjekt - Hordaland","isPartOf":{"@id":"https:\/\/naturvernforbundet.no\/hordaland\/#website"},"primaryImageOfPage":{"@id":"https:\/\/naturvernforbundet.no\/hordaland\/vi-soker-deltakere-til-forskningsprosjekt\/#primaryimage"},"image":{"@id":"https:\/\/naturvernforbundet.no\/hordaland\/vi-soker-deltakere-til-forskningsprosjekt\/#primaryimage"},"thumbnailUrl":"https:\/\/naturvernforbundet.no\/content\/uploads\/sites\/13\/2025\/11\/CircleUp-banner-uten-logo.png","datePublished":"2025-12-11T11:30:31+00:00","dateModified":"2026-04-22T09:57:56+00:00","description":"Vil du f\u00e5 gode tips til \u00e5 f\u00e5 ned forbruket ditt, samtidig som du er med p\u00e5 et viktig innovasjons og forskningsprosjekt?","breadcrumb":{"@id":"https:\/\/naturvernforbundet.no\/hordaland\/vi-soker-deltakere-til-forskningsprosjekt\/#breadcrumb"},"inLanguage":"nb-NO","potentialAction":[{"@type":"ReadAction","target":["https:\/\/naturvernforbundet.no\/hordaland\/vi-soker-deltakere-til-forskningsprosjekt\/"]}]},{"@type":"ImageObject","inLanguage":"nb-NO","@id":"https:\/\/naturvernforbundet.no\/hordaland\/vi-soker-deltakere-til-forskningsprosjekt\/#primaryimage","url":"https:\/\/naturvernforbundet.no\/content\/uploads\/sites\/13\/2025\/11\/CircleUp-banner-uten-logo.png","contentUrl":"https:\/\/naturvernforbundet.no\/content\/uploads\/sites\/13\/2025\/11\/CircleUp-banner-uten-logo.png","width":1920,"height":1080,"caption":"En familie som er i gang p\u00e5 et hvitt kj\u00f8kken"},{"@type":"BreadcrumbList","@id":"https:\/\/naturvernforbundet.no\/hordaland\/vi-soker-deltakere-til-forskningsprosjekt\/#breadcrumb","itemListElement":[{"@type":"ListItem","position":1,"name":"Till naturvernforbundet.no","item":"https:\/\/naturvernforbundet.no\/"},{"@type":"ListItem","position":2,"name":"Hordaland","item":"https:\/\/naturvernforbundet.no\/hordaland\/"},{"@type":"ListItem","position":3,"name":"Bergen","item":"https:\/\/naturvernforbundet.no\/hordaland\/lokallag\/bergen\/"},{"@type":"ListItem","position":4,"name":"Vi s\u00f8ker deltakere til forskningsprosjekt"}]},{"@type":"WebSite","@id":"https:\/\/naturvernforbundet.no\/hordaland\/#website","url":"https:\/\/naturvernforbundet.no\/hordaland\/","name":"Hordaland","description":"","publisher":{"@id":"https:\/\/naturvernforbundet.no\/hordaland\/#organization"},"potentialAction":[{"@type":"SearchAction","target":{"@type":"EntryPoint","urlTemplate":"https:\/\/naturvernforbundet.no\/hordaland\/?s={search_term_string}"},"query-input":{"@type":"PropertyValueSpecification","valueRequired":true,"valueName":"search_term_string"}}],"inLanguage":"nb-NO"},{"@type":"Organization","@id":"https:\/\/naturvernforbundet.no\/hordaland\/#organization","name":"Naturvernforbundet Hordaland","url":"https:\/\/naturvernforbundet.no\/hordaland\/","logo":{"@type":"ImageObject","inLanguage":"nb-NO","@id":"https:\/\/naturvernforbundet.no\/hordaland\/#\/schema\/logo\/image\/","url":"https:\/\/naturvernforbundet.no\/content\/uploads\/sites\/13\/2022\/11\/Logo_Hordaland_transparent.png","contentUrl":"https:\/\/naturvernforbundet.no\/content\/uploads\/sites\/13\/2022\/11\/Logo_Hordaland_transparent.png","width":1095,"height":203,"caption":"Naturvernforbundet Hordaland"},"image":{"@id":"https:\/\/naturvernforbundet.no\/hordaland\/#\/schema\/logo\/image\/"},"sameAs":["https:\/\/www.facebook.com\/naturvernforbundet.hordaland","https:\/\/www.instagram.com\/naturvern_hordaland\/","https:\/\/www.flickr.com\/photos\/naturvernforbundet_hordaland\/"]},{"@type":"Person","@id":"https:\/\/naturvernforbundet.no\/hordaland\/#\/schema\/person\/2b4f064c76270324a903c0a70e9f6afd","name":"Mona Maria L\u00f8berg","image":{"@type":"ImageObject","inLanguage":"nb-NO","@id":"https:\/\/naturvernforbundet.no\/hordaland\/#\/schema\/person\/image\/","url":"https:\/\/secure.gravatar.com\/avatar\/b7d3282848b65fe5d48ca594f5a7108b?s=96&d=mm&r=g","contentUrl":"https:\/\/secure.gravatar.com\/avatar\/b7d3282848b65fe5d48ca594f5a7108b?s=96&d=mm&r=g","caption":"Mona Maria L\u00f8berg"},"sameAs":["instagram.com\/manamoria"],"url":"https:\/\/naturvernforbundet.no\/hordaland\/author\/monamarialoberg\/"}]}},"_links":{"self":[{"href":"https:\/\/naturvernforbundet.no\/hordaland\/wp-json\/wp\/v2\/posts\/15837","targetHints":{"allow":["GET"]}}],"collection":[{"href":"https:\/\/naturvernforbundet.no\/hordaland\/wp-json\/wp\/v2\/posts"}],"about":[{"href":"https:\/\/naturvernforbundet.no\/hordaland\/wp-json\/wp\/v2\/types\/post"}],"author":[{"embeddable":true,"href":"https:\/\/naturvernforbundet.no\/hordaland\/wp-json\/wp\/v2\/users\/185"}],"replies":[{"embeddable":true,"href":"https:\/\/naturvernforbundet.no\/hordaland\/wp-json\/wp\/v2\/comments?post=15837"}],"version-history":[{"count":20,"href":"https:\/\/naturvernforbundet.no\/hordaland\/wp-json\/wp\/v2\/posts\/15837\/revisions"}],"predecessor-version":[{"id":17018,"href":"https:\/\/naturvernforbundet.no\/hordaland\/wp-json\/wp\/v2\/posts\/15837\/revisions\/17018"}],"wp:featuredmedia":[{"embeddable":true,"href":"https:\/\/naturvernforbundet.no\/hordaland\/wp-json\/wp\/v2\/media\/15840"}],"wp:attachment":[{"href":"https:\/\/naturvernforbundet.no\/hordaland\/wp-json\/wp\/v2\/media?parent=15837"}],"wp:term":[{"taxonomy":"category","embeddable":true,"href":"https:\/\/naturvernforbundet.no\/hordaland\/wp-json\/wp\/v2\/categories?post=15837"},{"taxonomy":"local","embeddable":true,"href":"https:\/\/naturvernforbundet.no\/hordaland\/wp-json\/wp\/v2\/local?post=15837"}],"curies":[{"name":"wp","href":"https:\/\/api.w.org\/{rel}","templated":true}]}}