{"id":16376,"date":"2026-01-27T13:41:53","date_gmt":"2026-01-27T12:41:53","guid":{"rendered":"https:\/\/naturvernforbundet.no\/hordaland\/?p=16376"},"modified":"2026-01-27T13:56:11","modified_gmt":"2026-01-27T12:56:11","slug":"rapport-naturforvaltning","status":"publish","type":"post","link":"https:\/\/naturvernforbundet.no\/hordaland\/rapport-naturforvaltning\/","title":{"rendered":"Ny rapport"},"content":{"rendered":"\t<div class=\"template-post alignnone wp-block-naturvern-hero\">\n\t\t<div class=\"hero__inner\">\n\t\t\t<div class=\"hero__inner_blocks\">\n\t\t\t\t\t\t\t\t\n<h1 class=\"wp-block-post-title\">Ny rapport<\/h1>\n\n<div class=\"wp-block-post-excerpt\"><p class=\"wp-block-post-excerpt__excerpt\">Slik st\u00e5r det til med naturforvaltningen i Bergen. <\/p><\/div>\n\n<figure class=\"wp-block-post-featured-image\"><img loading=\"lazy\" decoding=\"async\" width=\"1200\" height=\"600\" src=\"https:\/\/naturvernforbundet.no\/content\/uploads\/sites\/13\/2026\/01\/Banner-nyhetsbrev.png\" class=\"attachment-post-thumbnail size-post-thumbnail wp-post-image\" alt=\"rapport for naturforvaltningen i Bergen kommune\" style=\"object-fit:cover;\" srcset=\"https:\/\/naturvernforbundet.no\/content\/uploads\/sites\/13\/2026\/01\/Banner-nyhetsbrev.png 1200w, https:\/\/naturvernforbundet.no\/content\/uploads\/sites\/13\/2026\/01\/Banner-nyhetsbrev-300x150.png 300w, https:\/\/naturvernforbundet.no\/content\/uploads\/sites\/13\/2026\/01\/Banner-nyhetsbrev-1024x512.png 1024w, https:\/\/naturvernforbundet.no\/content\/uploads\/sites\/13\/2026\/01\/Banner-nyhetsbrev-768x384.png 768w\" sizes=\"auto, (max-width: 1200px) 100vw, 1200px\" \/><\/figure>\n\t\t\t<\/div>\n\t\t\t\t\t<\/div>\n\t\t\t<\/div>\n\t\n\n\n<p>En av de st\u00f8rste truslene for naturen, er arealendringer. Her spiller Bergen kommune en n\u00f8kkelrolle, men allikevel taper vi bit for bit av naturen. Hvorfor er det slik? I en ny rapport fra Deloitte, bestilt av Bergen kommune selv, kommer det frem at det blitt innvilget dispensasjon i 426 av 560 dispensasjonss\u00f8knader langs byggegrense langs sj\u00f8 og vassdrag. Det har skjedd p\u00e5 tross av at kommunene skal praktisere byggeforbudet i 100-metersbeltet strengt. Dette er et eksempel p\u00e5 arealbruk gjennom enkeltvise dispensasjoner, og ikke planlegging. Slik skal det ikke v\u00e6re.<\/p>\n\n\n\n<p>Kommunen har mange viktig oppgaver. De skal ta hensyn til naturen i arealplanleggingen, styrke og bevare det biologiske mangfoldet og overv\u00e5ke og f\u00f8lge opp forurensning. De skal f\u00f8lge mange lover og regler, i tillegg til kommunens egne strategier og planer. For \u00e5 lykkes med det, er det viktig at kommunen har gode systemer. <\/p>\n\n\n\n<h2 class=\"wp-block-heading\" id=\"store-mangler\">Store mangler<\/h2>\n\n\n\n<p>Rapporten fra Deloitte viser dessverre at det er store mangler i forvaltningen. Det er en mengde kommentarer og forslag til forbedringer, som omhandler systemer, rutiner og praksis. Blant annet finnes det ingen helhetlig plan for hvordan Naturstrategien skal f\u00f8lges opp, eller hvordan man man kan m\u00e5le og rapportere fremdrift. <\/p>\n\n\n<div class=\"t2-files wp-block-t2-files\">\n<div class=\"t2-file-item wp-block-t2-file-item\">\n\t\t<a href=\"https:\/\/naturvernforbundet.no\/content\/uploads\/sites\/13\/2026\/01\/Rapport-fra-forvaltningsrevisjon-av-naturforvaltning-i-Bergen-kommune.pdf\" class=\"t2-file-item__link t2-file-item__link--icon-left\" download>\n\t\t\t<span class=\"t2-file-item__icon\"><svg xmlns=\"http:\/\/www.w3.org\/2000\/svg\" viewBox=\"0 0 24 24\" height=\"24\" width=\"24\" class=\"t2-icon t2-icon-filedownload\" aria-hidden=\"true\" focusable=\"false\"><path d=\"M16.59 9H15V4C15 3.45 14.55 3 14 3H10C9.45 3 9 3.45 9 4V9H7.41C6.52 9 6.07 10.08 6.7 10.71L11.29 15.3C11.68 15.69 12.31 15.69 12.7 15.3L17.29 10.71C17.92 10.08 17.48 9 16.59 9ZM5 19C5 19.55 5.45 20 6 20H18C18.55 20 19 19.55 19 19C19 18.45 18.55 18 18 18H6C5.45 18 5 18.45 5 19Z\" \/><\/svg><\/span>\n\t\t\t<span class=\"t2-file-item__info\">\n\t\t\t\t<span class=\"t2-file-item__filename\">Rapport: Forvaltningsrevisjon av naturforvaltning (2025)<\/span>\n\t\t\t\t\n\t\t\t\t<span class=\"t2-file-item__meta\">pdf \u00b7 2 MB<\/span>\n\t\t\t<\/span>\n\t\t<\/a>\n\t\t<\/div>\n<\/div>\n\n\n<p>Bergen kommune har ogs\u00e5 m\u00e5l om \u00e5 v\u00e6re arealn\u00f8ytral innen 2030, men har ikke utarbeidet indikatorer for \u00e5 m\u00e5le, f\u00f8lge opp og rapportere fremdrift. <\/p>\n\n\n\n<p>Det p\u00e5pekes ogs\u00e5 at Plan- og bygningsetaten har begrenset naturfaglig kompetanse, og derfor involverer Bymilj\u00f8etaten i vurderinger som omhandler naturmangfold. Samtidig varierer graden av involvering, og noen ganger skjer det for sent i prosessen. Dette p\u00e5virker ogs\u00e5 etatens forutsetninger til \u00e5 gj\u00f8re en god jobb med \u00e5 kvalitetssikre eksterne rapporter. <\/p>\n\n\n\n<h2 class=\"wp-block-heading\" id=\"politisk-behandling\">Politisk behandling<\/h2>\n\n\n\n<p>N\u00e5 skal saken opp til behandling i bystyret (onsdag 28.01.2026), og i vedtaksforslaget st\u00e5r det at bystyret ber byr\u00e5det om \u00e5 levere en plan for hvordan kommunen kan f\u00f8lge opp r\u00e5dene og kritikken i en rapport innen juni 2026.<\/p>\n\n\n\n<div class=\"wp-block-buttons is-vertical is-layout-flex wp-container-core-buttons-is-layout-1 wp-block-buttons-is-layout-flex\">\n<div class=\"wp-block-button is-style-link\"><a class=\"wp-block-button__link wp-element-button\" href=\"https:\/\/companycast.live\/bergen-kommune\/w\/jupiterbergen-cmi39uqd03i4o0owrhclk19qf-1\/\" target=\"_blank\" rel=\"noreferrer noopener\">F\u00f8lg bystyrem\u00f8tet p\u00e5  web-TV<\/a><\/div>\n\n\n\n<div class=\"wp-block-button is-style-link\"><a class=\"wp-block-button__link wp-element-button\" href=\"https:\/\/www.bergen.kommune.no\/politikere-utvalg\/api\/fil\/bk360\/13877639\/Framstilling-Forvaltningsrevisjon-av-naturforvaltning\">Saksfremstilling til m\u00f8tet 28.01.2026<\/a><\/div>\n\n\n\n<div class=\"wp-block-button is-style-link\"><a class=\"wp-block-button__link wp-element-button\" href=\"https:\/\/www.bergen.kommune.no\/hvaskjer\/tema\/naturstrategi\">Naturstrategi for Bergen (2023)<\/a><\/div>\n<\/div>\n\n\n\n<div class=\"wp-block-group alignwide is-layout-constrained wp-block-group-is-layout-constrained\">\n<div class=\"wp-block-group alignwide is-layout-constrained wp-block-group-is-layout-constrained\">\n<h2 class=\"wp-block-heading has-text-align-center\" id=\"artikler-fra-hordaland\">Artikler fra Hordaland<\/h2>\n\n\n<div class=\"t2-featured-content-layout alignwide alignwide wp-block-t2-featured-content-layout\">\n<div class=\"t2-featured-query-post t2-featured-content is-post-type-post category-aktuelt wp-block-t2-featured-query-post\"><a class=\"t2-post-link wp-block-t2-post-link\" href=\"https:\/\/naturvernforbundet.no\/hordaland\/digitalt-kurs-om-biodiversitet-og-natur\/\">\n<figure style=\"--t2-focal-point: 50% 50%;\" class=\"t2-post-featured-image has-image-ratio-4-3 wp-block-t2-post-featured-image\"><img loading=\"lazy\" decoding=\"async\" width=\"2560\" height=\"1920\" src=\"https:\/\/naturvernforbundet.no\/content\/uploads\/sites\/13\/2023\/03\/Oksnesmarka_-Gunvar-Mikkelsen-scaled.jpg\" class=\"attachment-post-thumbnail size-post-thumbnail wp-post-image\" alt=\"\u00d8ksnesmarka. Foto av Gunvar Mikkelsen.\" srcset=\"https:\/\/naturvernforbundet.no\/content\/uploads\/sites\/13\/2023\/03\/Oksnesmarka_-Gunvar-Mikkelsen-scaled.jpg 2560w, https:\/\/naturvernforbundet.no\/content\/uploads\/sites\/13\/2023\/03\/Oksnesmarka_-Gunvar-Mikkelsen-300x225.jpg 300w, https:\/\/naturvernforbundet.no\/content\/uploads\/sites\/13\/2023\/03\/Oksnesmarka_-Gunvar-Mikkelsen-1024x768.jpg 1024w, https:\/\/naturvernforbundet.no\/content\/uploads\/sites\/13\/2023\/03\/Oksnesmarka_-Gunvar-Mikkelsen-768x576.jpg 768w, https:\/\/naturvernforbundet.no\/content\/uploads\/sites\/13\/2023\/03\/Oksnesmarka_-Gunvar-Mikkelsen-1536x1152.jpg 1536w, https:\/\/naturvernforbundet.no\/content\/uploads\/sites\/13\/2023\/03\/Oksnesmarka_-Gunvar-Mikkelsen-2048x1536.jpg 2048w, https:\/\/naturvernforbundet.no\/content\/uploads\/sites\/13\/2023\/03\/Oksnesmarka_-Gunvar-Mikkelsen-1920x1440.jpg 1920w\" sizes=\"auto, (max-width: 2560px) 100vw, 2560px\" \/><\/figure>\n\n<div class=\"wp-block-group alignfull is-layout-flow wp-block-group-is-layout-flow\">\n\t<h2 class=\"t2-post-title wp-block-t2-post-title\">Digitalt kurs om biodiversitet og natur<\/h2>\n\t<p class=\"wp-block-naturvern-post-excerpt\">Bli med p\u00e5 kurs for frivillige i Naturvernforbundet om biodiversitet og natur! Kurset vil gi innsikt i norsk natur, og viktige verkt\u00f8y som brukes i kartlegging av arter, naturtyper og mer, hvor vi kan hente ut informasjon som er nyttig for omr\u00e5der vi \u00f8nsker \u00e5 ta vare p\u00e5.<\/p>\n\t\t<div class=\"wp-block-naturvern-post-meta\">\n\t\t\t\t\t<span class=\"cat\">\n\t\t\t\t\t\t\t\t\t<span><span class=\"tag-link\" data-href=\"https:\/\/naturvernforbundet.no\/hordaland\/category\/aktuelt\/\">Aktuelt<\/span><\/span>\n\t\t\t\t\t\t\t<\/span>\n\t\t\t\t\t\t\t<span class=\"date\">27.04.2026<\/span>\n\t\t\t<\/div>\n\t\n<\/div>\n\n<\/a>\n<\/div>\n\n<div class=\"t2-featured-query-post t2-featured-content is-post-type-post category-aktuelt wp-block-t2-featured-query-post\"><a class=\"t2-post-link wp-block-t2-post-link\" href=\"https:\/\/naturvernforbundet.no\/hordaland\/naturvernhelga2026\/\">\n<figure style=\"--t2-focal-point: 50% 50%;\" class=\"t2-post-featured-image has-image-ratio-4-3 wp-block-t2-post-featured-image\"><img loading=\"lazy\" decoding=\"async\" width=\"2048\" height=\"1382\" src=\"https:\/\/naturvernforbundet.no\/content\/uploads\/sites\/13\/2026\/04\/DSC00732.jpg\" class=\"attachment-post-thumbnail size-post-thumbnail wp-post-image\" alt=\"\" srcset=\"https:\/\/naturvernforbundet.no\/content\/uploads\/sites\/13\/2026\/04\/DSC00732.jpg 2048w, https:\/\/naturvernforbundet.no\/content\/uploads\/sites\/13\/2026\/04\/DSC00732-300x202.jpg 300w, https:\/\/naturvernforbundet.no\/content\/uploads\/sites\/13\/2026\/04\/DSC00732-1024x691.jpg 1024w, https:\/\/naturvernforbundet.no\/content\/uploads\/sites\/13\/2026\/04\/DSC00732-768x518.jpg 768w, https:\/\/naturvernforbundet.no\/content\/uploads\/sites\/13\/2026\/04\/DSC00732-1536x1037.jpg 1536w, https:\/\/naturvernforbundet.no\/content\/uploads\/sites\/13\/2026\/04\/DSC00732-1920x1296.jpg 1920w\" sizes=\"auto, (max-width: 2048px) 100vw, 2048px\" \/><\/figure>\n\n<div class=\"wp-block-group alignfull is-layout-flow wp-block-group-is-layout-flow\">\n\t<h2 class=\"t2-post-title wp-block-t2-post-title\">Naturvernhelga<\/h2>\n\t<p class=\"wp-block-naturvern-post-excerpt\">Sosial og faglig m\u00f8teplass hvor naturvernere m\u00f8tes, blir inspirert og l\u00e6rer noe nytt.<\/p>\n\t\t<div class=\"wp-block-naturvern-post-meta\">\n\t\t\t\t\t<span class=\"cat\">\n\t\t\t\t\t\t\t\t\t<span><span class=\"tag-link\" data-href=\"https:\/\/naturvernforbundet.no\/hordaland\/category\/aktuelt\/\">Aktuelt<\/span><\/span>\n\t\t\t\t\t\t\t<\/span>\n\t\t\t\t\t\t\t<span class=\"date\">17.04.2026<\/span>\n\t\t\t<\/div>\n\t\n<\/div>\n\n<\/a>\n<\/div>\n\n<div class=\"t2-featured-query-post t2-featured-content is-post-type-post category-aktuelt wp-block-t2-featured-query-post\"><a class=\"t2-post-link wp-block-t2-post-link\" href=\"https:\/\/naturvernforbundet.no\/hordaland\/ny-rapport-om-kildn\/\">\n<figure style=\"--t2-focal-point: 50% 50%;\" class=\"t2-post-featured-image has-image-ratio-4-3 wp-block-t2-post-featured-image\"><img loading=\"lazy\" decoding=\"async\" width=\"1860\" height=\"874\" src=\"https:\/\/naturvernforbundet.no\/content\/uploads\/sites\/13\/2026\/04\/Skjermbilde-KILDN.png\" class=\"attachment-post-thumbnail size-post-thumbnail wp-post-image\" alt=\"\" srcset=\"https:\/\/naturvernforbundet.no\/content\/uploads\/sites\/13\/2026\/04\/Skjermbilde-KILDN.png 1860w, https:\/\/naturvernforbundet.no\/content\/uploads\/sites\/13\/2026\/04\/Skjermbilde-KILDN-300x141.png 300w, https:\/\/naturvernforbundet.no\/content\/uploads\/sites\/13\/2026\/04\/Skjermbilde-KILDN-1024x481.png 1024w, https:\/\/naturvernforbundet.no\/content\/uploads\/sites\/13\/2026\/04\/Skjermbilde-KILDN-768x361.png 768w, https:\/\/naturvernforbundet.no\/content\/uploads\/sites\/13\/2026\/04\/Skjermbilde-KILDN-1536x722.png 1536w\" sizes=\"auto, (max-width: 1860px) 100vw, 1860px\" \/><\/figure>\n\n<div class=\"wp-block-group alignfull is-layout-flow wp-block-group-is-layout-flow\">\n\t<h2 class=\"t2-post-title wp-block-t2-post-title\">Ny rapport om KILDN<\/h2>\n\t<p class=\"wp-block-naturvern-post-excerpt\">Prosjektet KILDNs l\u00f8fter om \u00e5 etablere verdens f\u00f8rste nullutslippshavn p\u00e5 Ask\u00f8y er s\u00e5 vidl\u00f8ftige at rapporten rett og slett har f\u00e5tt undertittelen &laquo;Gr\u00f8nnvasking i s\u00e6rklasse&raquo;<\/p>\n\t\t<div class=\"wp-block-naturvern-post-meta\">\n\t\t\t\t\t<span class=\"cat\">\n\t\t\t\t\t\t\t\t\t<span><span class=\"tag-link\" data-href=\"https:\/\/naturvernforbundet.no\/hordaland\/category\/aktuelt\/\">Aktuelt<\/span><\/span>\n\t\t\t\t\t\t\t<\/span>\n\t\t\t\t\t\t\t<span class=\"date\">10.04.2026<\/span>\n\t\t\t<\/div>\n\t\n<\/div>\n\n<\/a>\n<\/div>\n<\/div><\/div>\n<\/div>\n\n\n\n<div class=\"wp-block-group alignfull is-style-green-light is-layout-constrained wp-block-group-is-layout-constrained\">\n<h2 class=\"wp-block-heading alignfull has-text-align-center\" id=\"siste-uttalelser-og-brev\">Siste uttalelser og brev<\/h2>\n\n\n<div class=\"t2-featured-content-layout alignwide alignwide   hide-images wp-block-t2-featured-content-layout\">\n<div class=\"t2-featured-query-post t2-featured-content is-post-type-post category-uttale local-bergen wp-block-t2-featured-query-post\"><a class=\"t2-post-link wp-block-t2-post-link\" href=\"https:\/\/naturvernforbundet.no\/hordaland\/boliger-ved-nattlandsveien-152-154\/\">\n<figure style=\"--t2-focal-point: 50% 50%;\" class=\"t2-post-featured-image has-image-ratio-4-3 wp-block-t2-post-featured-image\"><img loading=\"lazy\" decoding=\"async\" width=\"2049\" height=\"1152\" src=\"https:\/\/naturvernforbundet.no\/content\/uploads\/sites\/13\/2025\/11\/Banner-Naturvernforbundet-Bergen.png\" class=\"attachment-post-thumbnail size-post-thumbnail wp-post-image\" alt=\"Gr\u00f8nt banner med logoen til Naturvernforbundet Bergen\" srcset=\"https:\/\/naturvernforbundet.no\/content\/uploads\/sites\/13\/2025\/11\/Banner-Naturvernforbundet-Bergen.png 2049w, https:\/\/naturvernforbundet.no\/content\/uploads\/sites\/13\/2025\/11\/Banner-Naturvernforbundet-Bergen-300x169.png 300w, https:\/\/naturvernforbundet.no\/content\/uploads\/sites\/13\/2025\/11\/Banner-Naturvernforbundet-Bergen-1024x576.png 1024w, https:\/\/naturvernforbundet.no\/content\/uploads\/sites\/13\/2025\/11\/Banner-Naturvernforbundet-Bergen-768x432.png 768w, https:\/\/naturvernforbundet.no\/content\/uploads\/sites\/13\/2025\/11\/Banner-Naturvernforbundet-Bergen-1536x864.png 1536w, https:\/\/naturvernforbundet.no\/content\/uploads\/sites\/13\/2025\/11\/Banner-Naturvernforbundet-Bergen-1920x1079.png 1920w\" sizes=\"auto, (max-width: 2049px) 100vw, 2049px\" \/><\/figure>\n\n<div class=\"wp-block-group alignfull is-layout-flow wp-block-group-is-layout-flow\">\n\t<h2 class=\"t2-post-title wp-block-t2-post-title\">Boliger ved Nattlandsveien 152-154<\/h2>\n\t<p class=\"wp-block-naturvern-post-excerpt\">Innspill til hvordan vi naturen kan ta vare p\u00e5 naturen i dette boligprosjektet.<\/p>\n\t\t<div class=\"wp-block-naturvern-post-meta\">\n\t\t\t\t\t<span class=\"cat\">\n\t\t\t\t\t\t\t\t\t<span><span class=\"tag-link\" data-href=\"https:\/\/naturvernforbundet.no\/hordaland\/category\/uttale\/\">Uttale<\/span><\/span>\n\t\t\t\t\t\t\t<\/span>\n\t\t\t\t\t\t\t<span class=\"date\">14.04.2026<\/span>\n\t\t\t<\/div>\n\t\n<\/div>\n\n<\/a>\n<\/div>\n\n<div class=\"t2-featured-query-post t2-featured-content is-post-type-post category-aktuelt category-uttale wp-block-t2-featured-query-post\"><a class=\"t2-post-link wp-block-t2-post-link\" href=\"https:\/\/naturvernforbundet.no\/hordaland\/aerespris-og-uttalar-pa-arsmotet\/\">\n<figure style=\"--t2-focal-point: 50% 50%;\" class=\"t2-post-featured-image has-image-ratio-4-3 wp-block-t2-post-featured-image\"><img loading=\"lazy\" decoding=\"async\" width=\"2560\" height=\"1664\" src=\"https:\/\/naturvernforbundet.no\/content\/uploads\/sites\/13\/2026\/03\/DSCF6364-scaled.jpg\" class=\"attachment-post-thumbnail size-post-thumbnail wp-post-image\" alt=\"\" srcset=\"https:\/\/naturvernforbundet.no\/content\/uploads\/sites\/13\/2026\/03\/DSCF6364-scaled.jpg 2560w, https:\/\/naturvernforbundet.no\/content\/uploads\/sites\/13\/2026\/03\/DSCF6364-300x195.jpg 300w, https:\/\/naturvernforbundet.no\/content\/uploads\/sites\/13\/2026\/03\/DSCF6364-1024x665.jpg 1024w, https:\/\/naturvernforbundet.no\/content\/uploads\/sites\/13\/2026\/03\/DSCF6364-768x499.jpg 768w, https:\/\/naturvernforbundet.no\/content\/uploads\/sites\/13\/2026\/03\/DSCF6364-1536x998.jpg 1536w\" sizes=\"auto, (max-width: 2560px) 100vw, 2560px\" \/><\/figure>\n\n<div class=\"wp-block-group alignfull is-layout-flow wp-block-group-is-layout-flow\">\n\t<h2 class=\"t2-post-title wp-block-t2-post-title\">\u00c6respris og uttalar p\u00e5 \u00e5rsm\u00f8tet<\/h2>\n\t<p class=\"wp-block-naturvern-post-excerpt\">P\u00e5 \u00e5rsm\u00f8tet i Naturvernforbundet Hordaland blei det delt ut \u00e6respris til Besteforeldrenes Klimaaksjon; og vedteke uttalar om transport, bergvarme og oppdrett<\/p>\n\t\t<div class=\"wp-block-naturvern-post-meta\">\n\t\t\t\t\t<span class=\"cat\">\n\t\t\t\t\t\t\t\t\t<span><span class=\"tag-link\" data-href=\"https:\/\/naturvernforbundet.no\/hordaland\/category\/aktuelt\/\">Aktuelt<\/span><\/span>\n\t\t\t\t\t\t\t\t\t<span><span class=\"tag-link\" data-href=\"https:\/\/naturvernforbundet.no\/hordaland\/category\/uttale\/\">Uttale<\/span><\/span>\n\t\t\t\t\t\t\t<\/span>\n\t\t\t\t\t\t\t<span class=\"date\">24.03.2026<\/span>\n\t\t\t<\/div>\n\t\n<\/div>\n\n<\/a>\n<\/div>\n\n<div class=\"t2-featured-query-post t2-featured-content is-post-type-post category-aktuelt category-skogsbilvei category-uttale local-bergen wp-block-t2-featured-query-post\"><a class=\"t2-post-link wp-block-t2-post-link\" href=\"https:\/\/naturvernforbundet.no\/hordaland\/ulovlig-fylling-i-falkangervegen-235\/\">\n<figure style=\"--t2-focal-point: 50% 50%;\" class=\"t2-post-featured-image has-image-ratio-4-3 wp-block-t2-post-featured-image\"><img loading=\"lazy\" decoding=\"async\" width=\"2049\" height=\"1152\" src=\"https:\/\/naturvernforbundet.no\/content\/uploads\/sites\/13\/2025\/03\/Bakgrunn-NVH.png\" class=\"attachment-post-thumbnail size-post-thumbnail wp-post-image\" alt=\"Naturvernforbundet hordaland logo med bakgrunn, banner\" srcset=\"https:\/\/naturvernforbundet.no\/content\/uploads\/sites\/13\/2025\/03\/Bakgrunn-NVH.png 2049w, https:\/\/naturvernforbundet.no\/content\/uploads\/sites\/13\/2025\/03\/Bakgrunn-NVH-300x169.png 300w, https:\/\/naturvernforbundet.no\/content\/uploads\/sites\/13\/2025\/03\/Bakgrunn-NVH-1024x576.png 1024w, https:\/\/naturvernforbundet.no\/content\/uploads\/sites\/13\/2025\/03\/Bakgrunn-NVH-768x432.png 768w, https:\/\/naturvernforbundet.no\/content\/uploads\/sites\/13\/2025\/03\/Bakgrunn-NVH-1536x864.png 1536w, https:\/\/naturvernforbundet.no\/content\/uploads\/sites\/13\/2025\/03\/Bakgrunn-NVH-1920x1079.png 1920w\" sizes=\"auto, (max-width: 2049px) 100vw, 2049px\" \/><\/figure>\n\n<div class=\"wp-block-group alignfull is-layout-flow wp-block-group-is-layout-flow\">\n\t<h2 class=\"t2-post-title wp-block-t2-post-title\">Ulovlig fylling i Falkangervegen 235<\/h2>\n\t<p class=\"wp-block-naturvern-post-excerpt\">Overskuddsmasser fra Veten rundt er fortsatt ikke fjernet. Vi f\u00f8lger opp saken.<\/p>\n\t\t<div class=\"wp-block-naturvern-post-meta\">\n\t\t\t\t\t<span class=\"cat\">\n\t\t\t\t\t\t\t\t\t<span><span class=\"tag-link\" data-href=\"https:\/\/naturvernforbundet.no\/hordaland\/category\/aktuelt\/\">Aktuelt<\/span><\/span>\n\t\t\t\t\t\t\t\t\t<span><span class=\"tag-link\" data-href=\"https:\/\/naturvernforbundet.no\/hordaland\/category\/skogsbilvei\/\">Skogsbilvei<\/span><\/span>\n\t\t\t\t\t\t\t\t\t<span><span class=\"tag-link\" data-href=\"https:\/\/naturvernforbundet.no\/hordaland\/category\/uttale\/\">Uttale<\/span><\/span>\n\t\t\t\t\t\t\t<\/span>\n\t\t\t\t\t\t\t<span class=\"date\">12.03.2026<\/span>\n\t\t\t<\/div>\n\t\n<\/div>\n\n<\/a>\n<\/div>\n<\/div>\n\n\n<div class=\"wp-block-buttons is-content-justification-center is-layout-flex wp-container-core-buttons-is-layout-2 wp-block-buttons-is-layout-flex\">\n<div class=\"wp-block-button is-style-fill\"><a class=\"wp-block-button__link wp-element-button\" href=\"https:\/\/naturvernforbundet.no\/hordaland\/category\/uttale\/\">Finn flere uttalelser<\/a><\/div>\n<\/div>\n<\/div>\n","protected":false},"excerpt":{"rendered":"<p>Slik st\u00e5r det til med naturforvaltningen i Bergen.<\/p>\n","protected":false},"author":185,"featured_media":16381,"comment_status":"closed","ping_status":"closed","sticky":false,"template":"","format":"standard","meta":{"_relevanssi_hide_post":"","_relevanssi_hide_content":"","_relevanssi_pin_for_all":"","_relevanssi_pin_keywords":"","_relevanssi_unpin_keywords":"","_relevanssi_related_keywords":"","_relevanssi_related_include_ids":"","_relevanssi_related_exclude_ids":"","_relevanssi_related_no_append":"","_relevanssi_related_not_related":"","_relevanssi_related_posts":"811,13890,11160,3913,16361,16043","_relevanssi_noindex_reason":"","t2_featured_media_focal_point":{"x":0.5,"y":0.5},"hide_logo":false,"footnotes":""},"categories":[68],"local":[],"class_list":["post-16376","post","type-post","status-publish","format-standard","has-post-thumbnail","hentry","category-aktuelt"],"acf":[],"yoast_head":"<!-- This site is optimized with the Yoast SEO plugin v24.9 - https:\/\/yoast.com\/wordpress\/plugins\/seo\/ -->\n<title>Ny rapport - Hordaland<\/title>\n<meta name=\"robots\" content=\"index, follow, max-snippet:-1, max-image-preview:large, max-video-preview:-1\" \/>\n<link rel=\"canonical\" href=\"https:\/\/naturvernforbundet.no\/hordaland\/rapport-naturforvaltning\/\" \/>\n<meta property=\"og:locale\" content=\"nb_NO\" \/>\n<meta property=\"og:type\" content=\"article\" \/>\n<meta property=\"og:title\" content=\"Ny rapport - Hordaland\" \/>\n<meta property=\"og:description\" content=\"Slik st\u00e5r det til med naturforvaltningen i Bergen.\" \/>\n<meta property=\"og:url\" content=\"https:\/\/naturvernforbundet.no\/hordaland\/rapport-naturforvaltning\/\" \/>\n<meta property=\"og:site_name\" content=\"Hordaland\" \/>\n<meta property=\"article:publisher\" content=\"https:\/\/www.facebook.com\/naturvernforbundet.hordaland\" \/>\n<meta property=\"article:published_time\" content=\"2026-01-27T12:41:53+00:00\" \/>\n<meta property=\"article:modified_time\" content=\"2026-01-27T12:56:11+00:00\" \/>\n<meta property=\"og:image\" content=\"https:\/\/naturvernforbundet.no\/content\/uploads\/sites\/13\/2026\/01\/Banner-nyhetsbrev.png\" \/>\n\t<meta property=\"og:image:width\" content=\"1200\" \/>\n\t<meta property=\"og:image:height\" content=\"600\" \/>\n\t<meta property=\"og:image:type\" content=\"image\/png\" \/>\n<meta name=\"author\" content=\"Mona Maria L\u00f8berg\" \/>\n<meta name=\"twitter:card\" content=\"summary_large_image\" \/>\n<meta name=\"twitter:label1\" content=\"Skrevet av\" \/>\n\t<meta name=\"twitter:data1\" content=\"Mona Maria L\u00f8berg\" \/>\n\t<meta name=\"twitter:label2\" content=\"Ansl. lesetid\" \/>\n\t<meta name=\"twitter:data2\" content=\"6 minutter\" \/>\n<script type=\"application\/ld+json\" class=\"yoast-schema-graph\">{\"@context\":\"https:\/\/schema.org\",\"@graph\":[{\"@type\":\"Article\",\"@id\":\"https:\/\/naturvernforbundet.no\/hordaland\/rapport-naturforvaltning\/#article\",\"isPartOf\":{\"@id\":\"https:\/\/naturvernforbundet.no\/hordaland\/rapport-naturforvaltning\/\"},\"author\":{\"name\":\"Mona Maria L\u00f8berg\",\"@id\":\"https:\/\/naturvernforbundet.no\/hordaland\/#\/schema\/person\/2b4f064c76270324a903c0a70e9f6afd\"},\"headline\":\"Ny rapport\",\"datePublished\":\"2026-01-27T12:41:53+00:00\",\"dateModified\":\"2026-01-27T12:56:11+00:00\",\"mainEntityOfPage\":{\"@id\":\"https:\/\/naturvernforbundet.no\/hordaland\/rapport-naturforvaltning\/\"},\"wordCount\":334,\"publisher\":{\"@id\":\"https:\/\/naturvernforbundet.no\/hordaland\/#organization\"},\"image\":{\"@id\":\"https:\/\/naturvernforbundet.no\/hordaland\/rapport-naturforvaltning\/#primaryimage\"},\"thumbnailUrl\":\"https:\/\/naturvernforbundet.no\/content\/uploads\/sites\/13\/2026\/01\/Banner-nyhetsbrev.png\",\"articleSection\":[\"Aktuelt\"],\"inLanguage\":\"nb-NO\"},{\"@type\":\"WebPage\",\"@id\":\"https:\/\/naturvernforbundet.no\/hordaland\/rapport-naturforvaltning\/\",\"url\":\"https:\/\/naturvernforbundet.no\/hordaland\/rapport-naturforvaltning\/\",\"name\":\"Ny rapport - Hordaland\",\"isPartOf\":{\"@id\":\"https:\/\/naturvernforbundet.no\/hordaland\/#website\"},\"primaryImageOfPage\":{\"@id\":\"https:\/\/naturvernforbundet.no\/hordaland\/rapport-naturforvaltning\/#primaryimage\"},\"image\":{\"@id\":\"https:\/\/naturvernforbundet.no\/hordaland\/rapport-naturforvaltning\/#primaryimage\"},\"thumbnailUrl\":\"https:\/\/naturvernforbundet.no\/content\/uploads\/sites\/13\/2026\/01\/Banner-nyhetsbrev.png\",\"datePublished\":\"2026-01-27T12:41:53+00:00\",\"dateModified\":\"2026-01-27T12:56:11+00:00\",\"breadcrumb\":{\"@id\":\"https:\/\/naturvernforbundet.no\/hordaland\/rapport-naturforvaltning\/#breadcrumb\"},\"inLanguage\":\"nb-NO\",\"potentialAction\":[{\"@type\":\"ReadAction\",\"target\":[\"https:\/\/naturvernforbundet.no\/hordaland\/rapport-naturforvaltning\/\"]}]},{\"@type\":\"ImageObject\",\"inLanguage\":\"nb-NO\",\"@id\":\"https:\/\/naturvernforbundet.no\/hordaland\/rapport-naturforvaltning\/#primaryimage\",\"url\":\"https:\/\/naturvernforbundet.no\/content\/uploads\/sites\/13\/2026\/01\/Banner-nyhetsbrev.png\",\"contentUrl\":\"https:\/\/naturvernforbundet.no\/content\/uploads\/sites\/13\/2026\/01\/Banner-nyhetsbrev.png\",\"width\":1200,\"height\":600,\"caption\":\"rapport for naturforvaltningen i Bergen kommune\"},{\"@type\":\"BreadcrumbList\",\"@id\":\"https:\/\/naturvernforbundet.no\/hordaland\/rapport-naturforvaltning\/#breadcrumb\",\"itemListElement\":[{\"@type\":\"ListItem\",\"position\":1,\"name\":\"Till naturvernforbundet.no\",\"item\":\"https:\/\/naturvernforbundet.no\/\"},{\"@type\":\"ListItem\",\"position\":2,\"name\":\"Hordaland\",\"item\":\"https:\/\/naturvernforbundet.no\/hordaland\/\"},{\"@type\":\"ListItem\",\"position\":3,\"name\":\"Ny rapport\"}]},{\"@type\":\"WebSite\",\"@id\":\"https:\/\/naturvernforbundet.no\/hordaland\/#website\",\"url\":\"https:\/\/naturvernforbundet.no\/hordaland\/\",\"name\":\"Hordaland\",\"description\":\"\",\"publisher\":{\"@id\":\"https:\/\/naturvernforbundet.no\/hordaland\/#organization\"},\"potentialAction\":[{\"@type\":\"SearchAction\",\"target\":{\"@type\":\"EntryPoint\",\"urlTemplate\":\"https:\/\/naturvernforbundet.no\/hordaland\/?s={search_term_string}\"},\"query-input\":{\"@type\":\"PropertyValueSpecification\",\"valueRequired\":true,\"valueName\":\"search_term_string\"}}],\"inLanguage\":\"nb-NO\"},{\"@type\":\"Organization\",\"@id\":\"https:\/\/naturvernforbundet.no\/hordaland\/#organization\",\"name\":\"Naturvernforbundet Hordaland\",\"url\":\"https:\/\/naturvernforbundet.no\/hordaland\/\",\"logo\":{\"@type\":\"ImageObject\",\"inLanguage\":\"nb-NO\",\"@id\":\"https:\/\/naturvernforbundet.no\/hordaland\/#\/schema\/logo\/image\/\",\"url\":\"https:\/\/naturvernforbundet.no\/content\/uploads\/sites\/13\/2022\/11\/Logo_Hordaland_transparent.png\",\"contentUrl\":\"https:\/\/naturvernforbundet.no\/content\/uploads\/sites\/13\/2022\/11\/Logo_Hordaland_transparent.png\",\"width\":1095,\"height\":203,\"caption\":\"Naturvernforbundet Hordaland\"},\"image\":{\"@id\":\"https:\/\/naturvernforbundet.no\/hordaland\/#\/schema\/logo\/image\/\"},\"sameAs\":[\"https:\/\/www.facebook.com\/naturvernforbundet.hordaland\",\"https:\/\/www.instagram.com\/naturvern_hordaland\/\",\"https:\/\/www.flickr.com\/photos\/naturvernforbundet_hordaland\/\"]},{\"@type\":\"Person\",\"@id\":\"https:\/\/naturvernforbundet.no\/hordaland\/#\/schema\/person\/2b4f064c76270324a903c0a70e9f6afd\",\"name\":\"Mona Maria L\u00f8berg\",\"image\":{\"@type\":\"ImageObject\",\"inLanguage\":\"nb-NO\",\"@id\":\"https:\/\/naturvernforbundet.no\/hordaland\/#\/schema\/person\/image\/\",\"url\":\"https:\/\/secure.gravatar.com\/avatar\/b7d3282848b65fe5d48ca594f5a7108b?s=96&d=mm&r=g\",\"contentUrl\":\"https:\/\/secure.gravatar.com\/avatar\/b7d3282848b65fe5d48ca594f5a7108b?s=96&d=mm&r=g\",\"caption\":\"Mona Maria L\u00f8berg\"},\"sameAs\":[\"instagram.com\/manamoria\"],\"url\":\"https:\/\/naturvernforbundet.no\/hordaland\/author\/monamarialoberg\/\"}]}<\/script>\n<!-- \/ Yoast SEO plugin. -->","yoast_head_json":{"title":"Ny rapport - Hordaland","robots":{"index":"index","follow":"follow","max-snippet":"max-snippet:-1","max-image-preview":"max-image-preview:large","max-video-preview":"max-video-preview:-1"},"canonical":"https:\/\/naturvernforbundet.no\/hordaland\/rapport-naturforvaltning\/","og_locale":"nb_NO","og_type":"article","og_title":"Ny rapport - Hordaland","og_description":"Slik st\u00e5r det til med naturforvaltningen i Bergen.","og_url":"https:\/\/naturvernforbundet.no\/hordaland\/rapport-naturforvaltning\/","og_site_name":"Hordaland","article_publisher":"https:\/\/www.facebook.com\/naturvernforbundet.hordaland","article_published_time":"2026-01-27T12:41:53+00:00","article_modified_time":"2026-01-27T12:56:11+00:00","og_image":[{"width":1200,"height":600,"url":"https:\/\/naturvernforbundet.no\/content\/uploads\/sites\/13\/2026\/01\/Banner-nyhetsbrev.png","type":"image\/png"}],"author":"Mona Maria L\u00f8berg","twitter_card":"summary_large_image","twitter_misc":{"Skrevet av":"Mona Maria L\u00f8berg","Ansl. lesetid":"6 minutter"},"schema":{"@context":"https:\/\/schema.org","@graph":[{"@type":"Article","@id":"https:\/\/naturvernforbundet.no\/hordaland\/rapport-naturforvaltning\/#article","isPartOf":{"@id":"https:\/\/naturvernforbundet.no\/hordaland\/rapport-naturforvaltning\/"},"author":{"name":"Mona Maria L\u00f8berg","@id":"https:\/\/naturvernforbundet.no\/hordaland\/#\/schema\/person\/2b4f064c76270324a903c0a70e9f6afd"},"headline":"Ny rapport","datePublished":"2026-01-27T12:41:53+00:00","dateModified":"2026-01-27T12:56:11+00:00","mainEntityOfPage":{"@id":"https:\/\/naturvernforbundet.no\/hordaland\/rapport-naturforvaltning\/"},"wordCount":334,"publisher":{"@id":"https:\/\/naturvernforbundet.no\/hordaland\/#organization"},"image":{"@id":"https:\/\/naturvernforbundet.no\/hordaland\/rapport-naturforvaltning\/#primaryimage"},"thumbnailUrl":"https:\/\/naturvernforbundet.no\/content\/uploads\/sites\/13\/2026\/01\/Banner-nyhetsbrev.png","articleSection":["Aktuelt"],"inLanguage":"nb-NO"},{"@type":"WebPage","@id":"https:\/\/naturvernforbundet.no\/hordaland\/rapport-naturforvaltning\/","url":"https:\/\/naturvernforbundet.no\/hordaland\/rapport-naturforvaltning\/","name":"Ny rapport - Hordaland","isPartOf":{"@id":"https:\/\/naturvernforbundet.no\/hordaland\/#website"},"primaryImageOfPage":{"@id":"https:\/\/naturvernforbundet.no\/hordaland\/rapport-naturforvaltning\/#primaryimage"},"image":{"@id":"https:\/\/naturvernforbundet.no\/hordaland\/rapport-naturforvaltning\/#primaryimage"},"thumbnailUrl":"https:\/\/naturvernforbundet.no\/content\/uploads\/sites\/13\/2026\/01\/Banner-nyhetsbrev.png","datePublished":"2026-01-27T12:41:53+00:00","dateModified":"2026-01-27T12:56:11+00:00","breadcrumb":{"@id":"https:\/\/naturvernforbundet.no\/hordaland\/rapport-naturforvaltning\/#breadcrumb"},"inLanguage":"nb-NO","potentialAction":[{"@type":"ReadAction","target":["https:\/\/naturvernforbundet.no\/hordaland\/rapport-naturforvaltning\/"]}]},{"@type":"ImageObject","inLanguage":"nb-NO","@id":"https:\/\/naturvernforbundet.no\/hordaland\/rapport-naturforvaltning\/#primaryimage","url":"https:\/\/naturvernforbundet.no\/content\/uploads\/sites\/13\/2026\/01\/Banner-nyhetsbrev.png","contentUrl":"https:\/\/naturvernforbundet.no\/content\/uploads\/sites\/13\/2026\/01\/Banner-nyhetsbrev.png","width":1200,"height":600,"caption":"rapport for naturforvaltningen i Bergen kommune"},{"@type":"BreadcrumbList","@id":"https:\/\/naturvernforbundet.no\/hordaland\/rapport-naturforvaltning\/#breadcrumb","itemListElement":[{"@type":"ListItem","position":1,"name":"Till naturvernforbundet.no","item":"https:\/\/naturvernforbundet.no\/"},{"@type":"ListItem","position":2,"name":"Hordaland","item":"https:\/\/naturvernforbundet.no\/hordaland\/"},{"@type":"ListItem","position":3,"name":"Ny rapport"}]},{"@type":"WebSite","@id":"https:\/\/naturvernforbundet.no\/hordaland\/#website","url":"https:\/\/naturvernforbundet.no\/hordaland\/","name":"Hordaland","description":"","publisher":{"@id":"https:\/\/naturvernforbundet.no\/hordaland\/#organization"},"potentialAction":[{"@type":"SearchAction","target":{"@type":"EntryPoint","urlTemplate":"https:\/\/naturvernforbundet.no\/hordaland\/?s={search_term_string}"},"query-input":{"@type":"PropertyValueSpecification","valueRequired":true,"valueName":"search_term_string"}}],"inLanguage":"nb-NO"},{"@type":"Organization","@id":"https:\/\/naturvernforbundet.no\/hordaland\/#organization","name":"Naturvernforbundet Hordaland","url":"https:\/\/naturvernforbundet.no\/hordaland\/","logo":{"@type":"ImageObject","inLanguage":"nb-NO","@id":"https:\/\/naturvernforbundet.no\/hordaland\/#\/schema\/logo\/image\/","url":"https:\/\/naturvernforbundet.no\/content\/uploads\/sites\/13\/2022\/11\/Logo_Hordaland_transparent.png","contentUrl":"https:\/\/naturvernforbundet.no\/content\/uploads\/sites\/13\/2022\/11\/Logo_Hordaland_transparent.png","width":1095,"height":203,"caption":"Naturvernforbundet Hordaland"},"image":{"@id":"https:\/\/naturvernforbundet.no\/hordaland\/#\/schema\/logo\/image\/"},"sameAs":["https:\/\/www.facebook.com\/naturvernforbundet.hordaland","https:\/\/www.instagram.com\/naturvern_hordaland\/","https:\/\/www.flickr.com\/photos\/naturvernforbundet_hordaland\/"]},{"@type":"Person","@id":"https:\/\/naturvernforbundet.no\/hordaland\/#\/schema\/person\/2b4f064c76270324a903c0a70e9f6afd","name":"Mona Maria L\u00f8berg","image":{"@type":"ImageObject","inLanguage":"nb-NO","@id":"https:\/\/naturvernforbundet.no\/hordaland\/#\/schema\/person\/image\/","url":"https:\/\/secure.gravatar.com\/avatar\/b7d3282848b65fe5d48ca594f5a7108b?s=96&d=mm&r=g","contentUrl":"https:\/\/secure.gravatar.com\/avatar\/b7d3282848b65fe5d48ca594f5a7108b?s=96&d=mm&r=g","caption":"Mona Maria L\u00f8berg"},"sameAs":["instagram.com\/manamoria"],"url":"https:\/\/naturvernforbundet.no\/hordaland\/author\/monamarialoberg\/"}]}},"_links":{"self":[{"href":"https:\/\/naturvernforbundet.no\/hordaland\/wp-json\/wp\/v2\/posts\/16376","targetHints":{"allow":["GET"]}}],"collection":[{"href":"https:\/\/naturvernforbundet.no\/hordaland\/wp-json\/wp\/v2\/posts"}],"about":[{"href":"https:\/\/naturvernforbundet.no\/hordaland\/wp-json\/wp\/v2\/types\/post"}],"author":[{"embeddable":true,"href":"https:\/\/naturvernforbundet.no\/hordaland\/wp-json\/wp\/v2\/users\/185"}],"replies":[{"embeddable":true,"href":"https:\/\/naturvernforbundet.no\/hordaland\/wp-json\/wp\/v2\/comments?post=16376"}],"version-history":[{"count":6,"href":"https:\/\/naturvernforbundet.no\/hordaland\/wp-json\/wp\/v2\/posts\/16376\/revisions"}],"predecessor-version":[{"id":16387,"href":"https:\/\/naturvernforbundet.no\/hordaland\/wp-json\/wp\/v2\/posts\/16376\/revisions\/16387"}],"wp:featuredmedia":[{"embeddable":true,"href":"https:\/\/naturvernforbundet.no\/hordaland\/wp-json\/wp\/v2\/media\/16381"}],"wp:attachment":[{"href":"https:\/\/naturvernforbundet.no\/hordaland\/wp-json\/wp\/v2\/media?parent=16376"}],"wp:term":[{"taxonomy":"category","embeddable":true,"href":"https:\/\/naturvernforbundet.no\/hordaland\/wp-json\/wp\/v2\/categories?post=16376"},{"taxonomy":"local","embeddable":true,"href":"https:\/\/naturvernforbundet.no\/hordaland\/wp-json\/wp\/v2\/local?post=16376"}],"curies":[{"name":"wp","href":"https:\/\/api.w.org\/{rel}","templated":true}]}}