{"id":17062,"date":"2026-04-29T14:55:12","date_gmt":"2026-04-29T12:55:12","guid":{"rendered":"https:\/\/naturvernforbundet.no\/hordaland\/?p=17062"},"modified":"2026-04-29T14:55:16","modified_gmt":"2026-04-29T12:55:16","slug":"sirkulaerplast","status":"publish","type":"post","link":"https:\/\/naturvernforbundet.no\/hordaland\/sirkulaerplast\/","title":{"rendered":"Sirkul\u00e6rplast"},"content":{"rendered":"\t<div class=\"template-post alignnone wp-block-naturvern-hero\">\n\t\t<div class=\"hero__inner\">\n\t\t\t<div class=\"hero__inner_blocks\">\n\t\t\t\t\t\t\t\t\n<h1 class=\"wp-block-post-title\">Sirkul\u00e6rplast<\/h1>\n\n<div class=\"wp-block-post-excerpt\"><p class=\"wp-block-post-excerpt__excerpt\">Kan vi f\u00e5 til sirkul\u00e6re verdikjeder for plast i Vestland? <\/p><\/div>\n\n<figure class=\"wp-block-post-featured-image\"><img loading=\"lazy\" decoding=\"async\" width=\"2560\" height=\"2129\" src=\"https:\/\/naturvernforbundet.no\/content\/uploads\/sites\/13\/2026\/04\/250313-Klima-og-miljominister-pa-visitt-Haukeland-sirkulaere-systemer3-scaled.jpg\" class=\"attachment-post-thumbnail size-post-thumbnail wp-post-image\" alt=\"\" style=\"object-fit:cover;\" srcset=\"https:\/\/naturvernforbundet.no\/content\/uploads\/sites\/13\/2026\/04\/250313-Klima-og-miljominister-pa-visitt-Haukeland-sirkulaere-systemer3-scaled.jpg 2560w, https:\/\/naturvernforbundet.no\/content\/uploads\/sites\/13\/2026\/04\/250313-Klima-og-miljominister-pa-visitt-Haukeland-sirkulaere-systemer3-300x249.jpg 300w, https:\/\/naturvernforbundet.no\/content\/uploads\/sites\/13\/2026\/04\/250313-Klima-og-miljominister-pa-visitt-Haukeland-sirkulaere-systemer3-1024x852.jpg 1024w, https:\/\/naturvernforbundet.no\/content\/uploads\/sites\/13\/2026\/04\/250313-Klima-og-miljominister-pa-visitt-Haukeland-sirkulaere-systemer3-768x639.jpg 768w, https:\/\/naturvernforbundet.no\/content\/uploads\/sites\/13\/2026\/04\/250313-Klima-og-miljominister-pa-visitt-Haukeland-sirkulaere-systemer3-1536x1277.jpg 1536w, https:\/\/naturvernforbundet.no\/content\/uploads\/sites\/13\/2026\/04\/250313-Klima-og-miljominister-pa-visitt-Haukeland-sirkulaere-systemer3-2048x1703.jpg 2048w, https:\/\/naturvernforbundet.no\/content\/uploads\/sites\/13\/2026\/04\/250313-Klima-og-miljominister-pa-visitt-Haukeland-sirkulaere-systemer3-1920x1597.jpg 1920w\" sizes=\"auto, (max-width: 2560px) 100vw, 2560px\" \/><\/figure>\n\t\t\t<\/div>\n\t\t\t\t\t<\/div>\n\t\t\t<\/div>\n\t\n\n\n<h2 class=\"wp-block-heading\" id=\"stort-potensiale-for-mer-plastgjenvinning\"><strong>Stort potensiale for mer plastgjenvinning<\/strong><\/h2>\n\n\n\n<p>Til tross for innf\u00f8ringen av nytt avfallsdirektiv fra EU, som krever at mye mer av plastavfallet v\u00e5rt gjenvinnes, forbrennes i dag over 60% av plastavfallet i Norge \u2013 og mindre enn 30% gjenvinnes, if\u00f8lge SSB. Disse tallene er if\u00f8lge BIR representative for Bergen og omegn ogs\u00e5. Potensialet for \u00e5 sortere ut og resirkulere mer plast, som igjen kan bli til nye produkter, er med andre ord enorm. Vi kan spare atmosf\u00e6ren for store mengder klimagassutslipp fra b\u00e5de produksjonen av plasten, og fra forbrenningen av plastavfallet.<\/p>\n\n\n\n<p>Spesielt i helsesektoren g\u00e5r veldig mye gjenvinnbar plast i restavfallet, og ogs\u00e5 utsortert plast brennes og kastes. Gjennom prosjektet \u201cSirkul\u00e6rplast Bergen\u201d har vi i 2025 og 2026 samarbeidet med Helse Bergen for \u00e5 \u00f8ke gjenvinningen av plast hos dem, n\u00e6rmere bestemt Haukeland Universitetssykehus. I tillegg har vi kartlagt andre store kilder til monoplast i Bergen kommune, og analysert potensialet for \u00f8kt plastgjenvinning.<\/p>\n\n\n\n<h2 class=\"wp-block-heading\" id=\"helse-bergen-stiller-krav-til-plastgjenvinning-i-nytt-anbud\"><strong>Helse Bergen stiller krav til plastgjenvinning i nytt anbud<\/strong><\/h2>\n\n\n\n<p>Vi har v\u00e6rt med p\u00e5 \u00e5 sette s\u00f8kelys p\u00e5 hvor mye resirkulerbar plast som brennes i helsesektoren, og hvor mye ressurser som dermed g\u00e5r tapt. Spesielt har vi hatt fokus p\u00e5 Haukeland Universitetssykehus, der det \u00e5rlig blir sortert ut 100 tonn plast, hvorav en stor andel s\u00e5 langt har blitt brent og kastet. M\u00e5let v\u00e5rt var \u00e5 etablere sirkul\u00e6re verdikjeder mellom akt\u00f8rer som Haukeland Universitetssykehus og regionale n\u00e6ringsakt\u00f8rer, og at den utsorterte sykehusplasten skulle bli til nye sykehusprodukter som b\u00f8tter for spesialavfall, produsert i v\u00e5r egen region. Vi tok initiativ til og arrangerte en workshop med Bergen kommune, Haukeland sykehus, n\u00e6ringsklyngen NCMT (Norwegian Circular Materials Technologies), Oogori AS, Industriplast AS, Bergen N\u00e6ringsforening, BIR Bedrift og Vestland fylkeskommune. Klima- og milj\u00f8minister Andreas Bjelland Eriksen bes\u00f8kte Haukeland under klimafestivalen i 2025, hvor han uttalte til NRK at han heiet p\u00e5 prosjektet og at han h\u00e5pte Helse Bergen og Naturvernforbundet ville lykkes med det.<\/p>\n\n\n\n<p>Vi har ogs\u00e5 samarbeidet med en gruppe studenter fra Universitetet i Bergen, som gjennom det tverrfaglige emnet CET201 &#8211; \u201cB\u00e6rekraftig innovasjon\u201d gjennomf\u00f8rte et studentprosjekt om hvordan en b\u00e6rekraftig, sirkul\u00e6r verdikjede for plastavfall i Bergens helsetjeneste kunne etableres p\u00e5 en m\u00e5te som er gunstig for milj\u00f8et, \u00f8konomisk levedyktig og skalerbar. Studentene gjorde en god kartleggingsjobb av hvordan andre land har lyktes med resirkulering av plastavfall fra sykehus: I Belgia er 25 sykehus med i en ordning hvor plasttuber resirkuleres regionalt, og blir til veggplater som igjen brukes p\u00e5 sykehusene. I Australia og New Zealand resirkuleres tuber, oksygenmasker og IV-poser fra over 250 sykehus til hageslanger, gummist\u00f8vler og lekeplassmatter. I S\u00f8r-Afrika resirkuleres IV-poser til sko for skoleelever. Disse landene har spart penger, energi og klimagassutslipp p\u00e5 sine sirkul\u00e6re verdikjeder. Studentene holdt blant annet presentasjon for BIR, og de mottok ogs\u00e5 et stipend p\u00e5 25 000 kr fra et studie-internt innovasjonsfond.<\/p>\n\n\n\n<p>Etter arbeidet v\u00e5rt i 2025 fikk Helse Bergen p\u00e5 plass en ny kontrakt for avfallsh\u00e5ndtering for Haukeland Sykehus. Her ble det satt som krav at den utsorterte plasten fra sykehuset skulle g\u00e5 til materialgjenvinning. Dette gjorde at det ikke ble mulig \u00e5 opprette en sirkul\u00e6r verdikjede i Vestland som samarbeidet v\u00e5rt hadde m\u00e5lsetning om. Likevel ser vi p\u00e5 det som en seier at denne kontrakten kom p\u00e5 plass, selv om vi naturligvis synes det hadde v\u00e6rt enda bedre om den utsorterte plasten ble til regionalt produserte nye produkter som sykehuset kunne bruke. Vi har imidlertid erfart at det vil kreve b\u00e5de mer tid og ressurser \u00e5 f\u00e5 dette p\u00e5 plass, s\u00e5 her er det naturlig \u00e5 se for seg et st\u00f8rre og mer langsiktig prosjekt i framtiden.<\/p>\n\n\n\n<div class=\"wp-block-media-text is-stacked-on-mobile\"><figure class=\"wp-block-media-text__media\"><img loading=\"lazy\" decoding=\"async\" width=\"1024\" height=\"852\" src=\"https:\/\/naturvernforbundet.no\/content\/uploads\/sites\/13\/2026\/04\/250313-Klima-og-miljominister-pa-visitt-Haukeland-sirkulaere-systemer3-1024x852.jpg\" alt=\"\" class=\"wp-image-17068 size-full\" srcset=\"https:\/\/naturvernforbundet.no\/content\/uploads\/sites\/13\/2026\/04\/250313-Klima-og-miljominister-pa-visitt-Haukeland-sirkulaere-systemer3-1024x852.jpg 1024w, https:\/\/naturvernforbundet.no\/content\/uploads\/sites\/13\/2026\/04\/250313-Klima-og-miljominister-pa-visitt-Haukeland-sirkulaere-systemer3-300x249.jpg 300w, https:\/\/naturvernforbundet.no\/content\/uploads\/sites\/13\/2026\/04\/250313-Klima-og-miljominister-pa-visitt-Haukeland-sirkulaere-systemer3-768x639.jpg 768w, https:\/\/naturvernforbundet.no\/content\/uploads\/sites\/13\/2026\/04\/250313-Klima-og-miljominister-pa-visitt-Haukeland-sirkulaere-systemer3-1536x1277.jpg 1536w, https:\/\/naturvernforbundet.no\/content\/uploads\/sites\/13\/2026\/04\/250313-Klima-og-miljominister-pa-visitt-Haukeland-sirkulaere-systemer3-2048x1703.jpg 2048w, https:\/\/naturvernforbundet.no\/content\/uploads\/sites\/13\/2026\/04\/250313-Klima-og-miljominister-pa-visitt-Haukeland-sirkulaere-systemer3-1920x1597.jpg 1920w\" sizes=\"auto, (max-width: 1024px) 100vw, 1024px\" \/><\/figure><div class=\"wp-block-media-text__content\">\n<p>Klima- og milj\u00f8minister Andreas Bjelland Eriksen (t.v.) fikk presentert prosjektplanene v\u00e5re p\u00e5 omvisning i Milj\u00f8hallen p\u00e5 Haukeland v\u00e5ren 2025, og uttalte i den sammenhengen at \u00abJeg syns det er enormt spennende og motiverende \u00e5 h\u00f8re om dette. Det er prosjekter som vi absolutt trenger, og som jeg heier p\u00e5.\u00bb (ellers p\u00e5 bildet: Rune Bakervik, Helene \u00d8dven (nestleder i Norges Naturvernforbund) og adm. dir. p\u00e5 Haukeland sykehus Eivind Hansen.<\/p>\n<\/div><\/div>\n\n\n<ul class=\"t2-link-list has-1-items has-auto-columns wp-block-t2-link-list\">\n\t<li class=\"t2-link-list-item wp-block-t2-link-list-item\">\n\t\t<a\n\t\t\thref=\"https:\/\/www.nrk.no\/vestland\/plasten-pa-haukeland-sykehus-brennes-til-aske-_-kunne-vaert-gjenbrukt-1.17338936\"\n\t\t\tclass=\"t2-link-list-item__link t2-link-list__icon--left\"\n\t\t\trel=\"noreferrer noopener\" target=\"_blank\"\t\t>\n\t\t\t<span class=\"t2-link-list-item__icon\"><span class=\"t2-link-list-item__icon-box\"><\/span><svg xmlns=\"http:\/\/www.w3.org\/2000\/svg\" viewBox=\"0 0 24 24\" height=\"24\" width=\"24\" class=\"t2-icon t2-icon-linkexternal\" aria-hidden=\"true\" focusable=\"false\"><path d=\"M5 21c-.5 0-1-.2-1.4-.6S3 19.6 3 19V5c0-.6.2-1 .6-1.4S4.5 3 5 3h6c.3 0 .5.1.7.3.2.2.3.4.3.7 0 .3-.1.5-.3.7-.2.2-.4.3-.7.3H5v14h14v-6c0-.3.1-.5.3-.7.2-.2.4-.3.7-.3s.5.1.7.3c.2.2.3.4.3.7v6c0 .6-.2 1-.6 1.4s-.8.6-1.4.6H5zm4-6c-.2-.2-.3-.4-.3-.7s.1-.5.3-.7L17.6 5H15c-.3 0-.5-.1-.7-.3-.2-.2-.3-.4-.3-.7 0-.3.1-.5.3-.7.2-.2.4-.3.7-.3h5c.3 0 .5.1.7.3.2.2.3.4.3.7v5c0 .3-.1.5-.3.7-.2.2-.4.3-.7.3s-.5-.1-.7-.3c-.2-.2-.3-.4-.3-.7V6.4L10.4 15c-.2.2-.4.3-.7.3s-.5-.1-.7-.3z\"\/><\/svg><\/span>\t\t\t<div class=\"t2-link-list-item__content\">\n\n\t\t\t\t\n\t\t\t\t<span class=\"t2-link-list-item__text\">\n\t\t\t\t\tLes NRKs oppslag om bes\u00f8ket\t\t\t\t<\/span>\n\t\t\t\t\t\t\t<\/div>\n\t\t<\/a>\n\t<\/li>\n\t\n<\/ul>\n\n\n<h1 class=\"wp-block-heading\" id=\"kartlegging-av-kommunale-plastkilder-i-bergen-utfordringer-og-potensial\"><strong>Kartlegging av kommunale plastkilder i Bergen: Utfordringer og potensial<\/strong><\/h1>\n\n\n\n<h2 class=\"wp-block-heading\" id=\"hvor-mye-plast-gar-i-restavfallet\"><strong>Hvor mye plast g\u00e5r i restavfallet?<\/strong><\/h2>\n\n\n\n<p>Etter innf\u00f8ringen av EUs avfallsdirektiv skal n\u00e5 plast fra virksomheter med husholdningslignende avfall sorteres ut. Gapet mellom dette m\u00e5let og dagens realitet er stort: I f\u00f8lge BIR sin \u00e5rsrapport for 2024 h\u00e5ndterte de 42 925 tonn avfall for eksterne kunder, samt 19 683 tonn for BIR-konsernet. Samlet rapporterer de at 61,6 prosent gikk til energigjenvinning, 5,2 prosent til deponi, mens kun 33,2 prosent ble sendt til materialgjenvinning.<\/p>\n\n\n\n<p>Samlet ble det levert 20&nbsp;806 tonn til materialgjenvinning fra BIR Bedrift. De melder at det inkluderer organisk avfall, trevirke, papir og papp, glass, metaller, elektronikk og kabler, bygningsmaterialer, emballasjeplast, hardplast, olje og farlig avfall. Hvor mye av dette som er plast vet vi ikke, men Plastretur oppgir at om lag 3000 tonn plastemballasje fra n\u00e6ring ble sendt til materialgjenvinning fra Vestland fylke i 2025. Vi har grunn til \u00e5 tro at langt mer kunne v\u00e6rt materialgjenvunnet.<\/p>\n\n\n\n<p>N\u00e5r det gjelder kartlegging av monoplastkilder, valgte vi i denne omgangen \u00e5 sette s\u00f8kelys p\u00e5 kommunal sektor i Bergen kommune, herunder helse og oppvekst. Kartleggingen vi har gjennomf\u00f8rt viser b\u00e5de utfordringer og muligheter: Det er vanskelig \u00e5 finne offentlig tilgjengelig informasjon om mengden plast som brukes og kastes i Bergens 92 kommunale barnehager, 17 helsestasjoner, 85 skoler og 33 sykehjem og behandlingssentre. Kunnskapen om hvor mye resirkulerbar plast som g\u00e5r i restavfallet er ikke kjent, men tall vi har f\u00e5tt fra Bergen kommune tilsier at det er snakk om store mengder:<\/p>\n\n\n\n<p>Fra den kommunale helsesektoren i Bergen kommune, kastes over 1,2 millioner tonn avfall \u00e5ret, og av dette var bare 25 500 tonn utsortert plast, alts\u00e5 litt over 2% av den samlede vekten. Selv om vi tar h\u00f8yde for at plast veier langt mindre enn andre avfallstyper, vet vi samtidig at plastforbruket i denne sektoren er stort, s\u00e5 vi konkluderer med at potensialet for mer utsortering er betydelig.<\/p>\n\n\n\n<p>For barnehagesektoren er tallet p\u00e5 utsortert plast 8000 tonn av en samlet avfallsmengde p\u00e5 490 000 tonn, alts\u00e5 1,6% av den samlede vekten. For skolesektoren er tallet p\u00e5 utsortert plast 8800 tonn av en samlet avfallsmengde p\u00e5 over 1,2 millioner tonn, alts\u00e5 under 1%. Siden disse tallene bare handler om vekt, sier de naturligvis ikke noe om utsorteringsgraden, men de tyder likevel p\u00e5 at mye plast g\u00e5r i restavfallet. Dette underbygges ogs\u00e5 av en <a href=\"https:\/\/www.bergen.kommune.no\/hvaskjer\/samfunn\/best-i-byn-med-barnas-bossbil\">artikkel fra Bergen kommunes nettsider<\/a> fra 2024, som viser at den h\u00f8yeste sorteringsgraden for barnehagene i Bergen er p\u00e5 57%, og den h\u00f8yeste for skolene og sykehjemmene er p\u00e5 48%. Gjennomsnittlig sorteringsgrad var henholdsvis 26% for barnehagene, 22% for skolene og 17% for sykehjemmene. Dette gjelder alts\u00e5 for alle typer sortering, ikke bare plast.<\/p>\n\n\n\n<p>Hvis vi skal \u00f8ke utsorteringen av plastavfall, b\u00f8r vi ha tall p\u00e5 hvor mye som i dag g\u00e5r i restavfallet. Denne informasjonen b\u00f8r v\u00e6re offentlig tilgjengelig. Kartleggingen v\u00e5r viser ogs\u00e5 at det ikke finnes offentlige tall p\u00e5 hvor mye plast det er p\u00e5 innkj\u00f8pssiden i offentlig sektor. Det ville ogs\u00e5 v\u00e6re nyttig informasjon for \u00e5 treffe effektive tiltak for redusert plastforbruk.<\/p>\n\n\n\n<h2 class=\"wp-block-heading\" id=\"hva-skjer-med-plasten-som-utsorteres\"><strong>Hva skjer med plasten som utsorteres?<\/strong><\/h2>\n\n\n\n<p>Mens plastavfall fra husholdninger i Bergen n\u00e5 sendes til det nye finsorteringsanlegget Omr\u00e5, sorteres ofte plastavfall i flere fraksjoner ute hos virksomheten n\u00e5r det kommer til n\u00e6ringsavfall. Dette er det vi omtaler som monoplastkilder, og siden disse fraksjonene ikke sendes til finsortering i Norge skal de i st\u00f8rre grad \u00abdirekte til gjenvinning\u00bb, her er potensialet for \u00e5 f\u00e5 til sirkul\u00e6re verdikjeder lokalt i Vestland alts\u00e5 stort i forhold til husholdningsplasten som sendes til finsortering \u00f8stp\u00e5.<\/p>\n\n\n\n<p>Virksomhetene som produserer denne typen plastavfall, skal s\u00f8rge for at den leveres til forberedelse til ombruk eller materialgjenvinning. Derfra er det avfallsselskapene som avsetter plasten. De s\u00f8rger igjen for at plasten g\u00e5r til norske og europeiske gjenvinnere for granulering, f\u00f8r den selges videre for \u00e5 inng\u00e5 i nye plastprodukter. Dette if\u00f8lge Plastretur, som er en del av Gr\u00f8nt Punkt.<\/p>\n\n\n\n<h2 class=\"wp-block-heading\" id=\"konklusjoner-og-veien-videre\"><strong>Konklusjoner og veien videre<\/strong><\/h2>\n\n\n\n<p>Selv om Haukeland sykehus n\u00e5 har inng\u00e5tt ny kontrakt med BIR Bedrift om materialgjenvinning av sykehusplast, er potensialet stort for \u00e5 f\u00e5 til lokale plast-verdikjeder med andre akt\u00f8rer. Her har s\u00e6rlig kommunale helsetilbud et stort potensiale som forutsigbare leverand\u00f8rer av rene og konsistente monoplastkilder. Dette har ogs\u00e5 n\u00e6ringsseksjonen i Bergen kommune uttrykt interesse for \u00e5 unders\u00f8ke videre, men dessverre ble b\u00e5de n\u00e6ringsseksjonen og tilskuddsrammen for milj\u00f8tilskudd rammet av innsparingstiltakene i 2025, slik at arbeidet ikke kunne videref\u00f8res. Noen av erfaringene, l\u00e6ringspunktene og konklusjonene fra prosjektet har ogs\u00e5 blitt delt p\u00e5 regjeringens innspillsm\u00f8te om sirkul\u00e6r\u00f8konomi, hvor innlegget v\u00e5rt spesielt ble kommentert av Klima- og milj\u00f8departementet, som ogs\u00e5 ba om \u00e5 f\u00e5 innlegget tilsendt etter m\u00f8tet.<\/p>\n\n\n\n<p>Hva skal s\u00e5 til for \u00e5 etablere en regional sirkul\u00e6r verdikjede for plast i fylket v\u00e5rt? Potensialet er som sagt stort, da det finnes mange kilder til resirkulerbart plastavfall, men det finnes i Vestland i dag ingen plastgjenvinning av stor skala. Noen mindre spesialiserte linjer finnes, for eksempel Industriplast AS som har et eget granuleringsanlegg p\u00e5 sin fabrikk, men for \u00e5 f\u00e5 til gjenvinning i stor skala av monoplastkilder i Vestland mangler alts\u00e5 en st\u00f8rre akt\u00f8r for \u00e5 drive plastresirkuleringen. L\u00f8nnsomheten i dette er ikke kjent og vil trolig kreve endringer p\u00e5 systemniv\u00e5. Vi har likevel tro p\u00e5 at dette er fremtiden, og mener vi har mye \u00e5 l\u00e6re av land som Belgia og Australia som har lykkes i storskala resirkulering av sykehusplast. Gjennom Sirkul\u00e6rplast Bergen-prosjektet har vi f\u00e5tt bekreftet at interessen er stor i Vestland \u2013 men en realisering vil kreve et langt st\u00f8rre prosjekt med solid og langsiktig finansiering.<\/p>\n\n\n\n\t\t<div class=\"t2-factbox wp-block-t2-factbox\" id=\"t2-factbox\">\n\t\t\t<div class=\"t2-factbox__content\">\n\t\t\t\t<div class=\"t2-factbox__blocks t2-factbox__inner-container\">\n\t\t\t\t\t\n\n<h2 class=\"wp-block-heading\" id=\"tusen-takk\">Tusen takk!<\/h2>\n\n\n\n<p>Prosjektarbeidet ble muliggjort av st\u00f8tte fra Bergen Kommune<\/p>\n\n\n\t\t\t\t<\/div>\n\t\t\t\t\n\t\t\t<\/div>\n\t\t\t\n\t\t<\/div>\n\n\n\t\t<div class=\"naturvern-logos alignwide wp-block-naturvern-sponsors\">\n\t\t\t<div>\n\t\t\t\t\n\t\t\t\t<div class=\"naturvern-logos__scroller\" id=\"naturvern-logos-1\">\n\t\t\t\t\t<div class=\"naturvern-logos__items\">\n\t\t\t\t\t\t<div class=\"naturvern-logos__item\" data-w=\"101\"><img decoding=\"async\" src=\"https:\/\/naturvernforbundet.no\/content\/uploads\/sites\/13\/2023\/02\/Logo-RGB-bredde-Bergenkommune-e1677507323757-300x119.png\" alt=\"Logo-RGB-bredde-Bergenkommune\"><\/div>\n\t\t\t\t\t<\/div>\n\t\t\t\t<\/div>\n\t\t\t<\/div>\n\t\t<\/div>\n\n\n<p><\/p>\n","protected":false},"excerpt":{"rendered":"<p>Kan vi f\u00e5 til sirkul\u00e6re verdikjeder for plast i Vestland?<\/p>\n","protected":false},"author":118,"featured_media":17068,"comment_status":"closed","ping_status":"closed","sticky":false,"template":"","format":"standard","meta":{"_relevanssi_hide_post":"","_relevanssi_hide_content":"","_relevanssi_pin_for_all":"","_relevanssi_pin_keywords":"","_relevanssi_unpin_keywords":"","_relevanssi_related_keywords":"","_relevanssi_related_include_ids":"","_relevanssi_related_exclude_ids":"","_relevanssi_related_no_append":"","_relevanssi_related_not_related":"","_relevanssi_related_posts":"5373,15711,15993,3045,308,281","_relevanssi_noindex_reason":"","t2_featured_media_focal_point":{"x":0.5,"y":0.5},"hide_logo":false,"footnotes":""},"categories":[68,26],"local":[],"class_list":["post-17062","post","type-post","status-publish","format-standard","has-post-thumbnail","hentry","category-aktuelt","category-plast"],"acf":[],"yoast_head":"<!-- This site is optimized with the Yoast SEO plugin v24.9 - https:\/\/yoast.com\/wordpress\/plugins\/seo\/ -->\n<title>Sirkul\u00e6rplast - Hordaland<\/title>\n<meta name=\"description\" content=\"Kan vi f\u00e5 til sirkul\u00e6re verdikjeder for plast i Vestland? En unders\u00f8kelse av potensiale for plastresirkulering i Vestland.\" \/>\n<meta name=\"robots\" content=\"index, follow, max-snippet:-1, max-image-preview:large, max-video-preview:-1\" \/>\n<link rel=\"canonical\" href=\"https:\/\/naturvernforbundet.no\/hordaland\/sirkulaerplast\/\" \/>\n<meta property=\"og:locale\" content=\"nb_NO\" \/>\n<meta property=\"og:type\" content=\"article\" \/>\n<meta property=\"og:title\" content=\"Sirkul\u00e6rplast - Hordaland\" \/>\n<meta property=\"og:description\" content=\"Kan vi f\u00e5 til sirkul\u00e6re verdikjeder for plast i Vestland? En unders\u00f8kelse av potensiale for plastresirkulering i Vestland.\" \/>\n<meta property=\"og:url\" content=\"https:\/\/naturvernforbundet.no\/hordaland\/sirkulaerplast\/\" \/>\n<meta property=\"og:site_name\" content=\"Hordaland\" \/>\n<meta property=\"article:publisher\" content=\"https:\/\/www.facebook.com\/naturvernforbundet.hordaland\" \/>\n<meta property=\"article:published_time\" content=\"2026-04-29T12:55:12+00:00\" \/>\n<meta property=\"article:modified_time\" content=\"2026-04-29T12:55:16+00:00\" \/>\n<meta property=\"og:image\" content=\"https:\/\/naturvernforbundet.no\/content\/uploads\/sites\/13\/2026\/04\/250313-Klima-og-miljominister-pa-visitt-Haukeland-sirkulaere-systemer3-scaled.jpg\" \/>\n\t<meta property=\"og:image:width\" content=\"2560\" \/>\n\t<meta property=\"og:image:height\" content=\"2129\" \/>\n\t<meta property=\"og:image:type\" content=\"image\/jpeg\" \/>\n<meta name=\"author\" content=\"Ingvild Sundal Joys\" \/>\n<meta name=\"twitter:card\" content=\"summary_large_image\" \/>\n<meta name=\"twitter:label1\" content=\"Skrevet av\" \/>\n\t<meta name=\"twitter:data1\" content=\"Ingvild Sundal Joys\" \/>\n\t<meta name=\"twitter:label2\" content=\"Ansl. lesetid\" \/>\n\t<meta name=\"twitter:data2\" content=\"10 minutter\" \/>\n<script type=\"application\/ld+json\" class=\"yoast-schema-graph\">{\"@context\":\"https:\/\/schema.org\",\"@graph\":[{\"@type\":\"Article\",\"@id\":\"https:\/\/naturvernforbundet.no\/hordaland\/sirkulaerplast\/#article\",\"isPartOf\":{\"@id\":\"https:\/\/naturvernforbundet.no\/hordaland\/sirkulaerplast\/\"},\"author\":{\"name\":\"Ingvild Sundal Joys\",\"@id\":\"https:\/\/naturvernforbundet.no\/hordaland\/#\/schema\/person\/2f3fd6d97f3c5889ca0b6c69772b6ba1\"},\"headline\":\"Sirkul\u00e6rplast\",\"datePublished\":\"2026-04-29T12:55:12+00:00\",\"dateModified\":\"2026-04-29T12:55:16+00:00\",\"mainEntityOfPage\":{\"@id\":\"https:\/\/naturvernforbundet.no\/hordaland\/sirkulaerplast\/\"},\"wordCount\":1623,\"publisher\":{\"@id\":\"https:\/\/naturvernforbundet.no\/hordaland\/#organization\"},\"image\":{\"@id\":\"https:\/\/naturvernforbundet.no\/hordaland\/sirkulaerplast\/#primaryimage\"},\"thumbnailUrl\":\"https:\/\/naturvernforbundet.no\/content\/uploads\/sites\/13\/2026\/04\/250313-Klima-og-miljominister-pa-visitt-Haukeland-sirkulaere-systemer3-scaled.jpg\",\"articleSection\":[\"Aktuelt\",\"Plast\"],\"inLanguage\":\"nb-NO\"},{\"@type\":\"WebPage\",\"@id\":\"https:\/\/naturvernforbundet.no\/hordaland\/sirkulaerplast\/\",\"url\":\"https:\/\/naturvernforbundet.no\/hordaland\/sirkulaerplast\/\",\"name\":\"Sirkul\u00e6rplast - Hordaland\",\"isPartOf\":{\"@id\":\"https:\/\/naturvernforbundet.no\/hordaland\/#website\"},\"primaryImageOfPage\":{\"@id\":\"https:\/\/naturvernforbundet.no\/hordaland\/sirkulaerplast\/#primaryimage\"},\"image\":{\"@id\":\"https:\/\/naturvernforbundet.no\/hordaland\/sirkulaerplast\/#primaryimage\"},\"thumbnailUrl\":\"https:\/\/naturvernforbundet.no\/content\/uploads\/sites\/13\/2026\/04\/250313-Klima-og-miljominister-pa-visitt-Haukeland-sirkulaere-systemer3-scaled.jpg\",\"datePublished\":\"2026-04-29T12:55:12+00:00\",\"dateModified\":\"2026-04-29T12:55:16+00:00\",\"description\":\"Kan vi f\u00e5 til sirkul\u00e6re verdikjeder for plast i Vestland? En unders\u00f8kelse av potensiale for plastresirkulering i Vestland.\",\"breadcrumb\":{\"@id\":\"https:\/\/naturvernforbundet.no\/hordaland\/sirkulaerplast\/#breadcrumb\"},\"inLanguage\":\"nb-NO\",\"potentialAction\":[{\"@type\":\"ReadAction\",\"target\":[\"https:\/\/naturvernforbundet.no\/hordaland\/sirkulaerplast\/\"]}]},{\"@type\":\"ImageObject\",\"inLanguage\":\"nb-NO\",\"@id\":\"https:\/\/naturvernforbundet.no\/hordaland\/sirkulaerplast\/#primaryimage\",\"url\":\"https:\/\/naturvernforbundet.no\/content\/uploads\/sites\/13\/2026\/04\/250313-Klima-og-miljominister-pa-visitt-Haukeland-sirkulaere-systemer3-scaled.jpg\",\"contentUrl\":\"https:\/\/naturvernforbundet.no\/content\/uploads\/sites\/13\/2026\/04\/250313-Klima-og-miljominister-pa-visitt-Haukeland-sirkulaere-systemer3-scaled.jpg\",\"width\":2560,\"height\":2129},{\"@type\":\"BreadcrumbList\",\"@id\":\"https:\/\/naturvernforbundet.no\/hordaland\/sirkulaerplast\/#breadcrumb\",\"itemListElement\":[{\"@type\":\"ListItem\",\"position\":1,\"name\":\"Till naturvernforbundet.no\",\"item\":\"https:\/\/naturvernforbundet.no\/\"},{\"@type\":\"ListItem\",\"position\":2,\"name\":\"Hordaland\",\"item\":\"https:\/\/naturvernforbundet.no\/hordaland\/\"},{\"@type\":\"ListItem\",\"position\":3,\"name\":\"Sirkul\u00e6rplast\"}]},{\"@type\":\"WebSite\",\"@id\":\"https:\/\/naturvernforbundet.no\/hordaland\/#website\",\"url\":\"https:\/\/naturvernforbundet.no\/hordaland\/\",\"name\":\"Hordaland\",\"description\":\"\",\"publisher\":{\"@id\":\"https:\/\/naturvernforbundet.no\/hordaland\/#organization\"},\"potentialAction\":[{\"@type\":\"SearchAction\",\"target\":{\"@type\":\"EntryPoint\",\"urlTemplate\":\"https:\/\/naturvernforbundet.no\/hordaland\/?s={search_term_string}\"},\"query-input\":{\"@type\":\"PropertyValueSpecification\",\"valueRequired\":true,\"valueName\":\"search_term_string\"}}],\"inLanguage\":\"nb-NO\"},{\"@type\":\"Organization\",\"@id\":\"https:\/\/naturvernforbundet.no\/hordaland\/#organization\",\"name\":\"Naturvernforbundet Hordaland\",\"url\":\"https:\/\/naturvernforbundet.no\/hordaland\/\",\"logo\":{\"@type\":\"ImageObject\",\"inLanguage\":\"nb-NO\",\"@id\":\"https:\/\/naturvernforbundet.no\/hordaland\/#\/schema\/logo\/image\/\",\"url\":\"https:\/\/naturvernforbundet.no\/content\/uploads\/sites\/13\/2022\/11\/Logo_Hordaland_transparent.png\",\"contentUrl\":\"https:\/\/naturvernforbundet.no\/content\/uploads\/sites\/13\/2022\/11\/Logo_Hordaland_transparent.png\",\"width\":1095,\"height\":203,\"caption\":\"Naturvernforbundet Hordaland\"},\"image\":{\"@id\":\"https:\/\/naturvernforbundet.no\/hordaland\/#\/schema\/logo\/image\/\"},\"sameAs\":[\"https:\/\/www.facebook.com\/naturvernforbundet.hordaland\",\"https:\/\/www.instagram.com\/naturvern_hordaland\/\",\"https:\/\/www.flickr.com\/photos\/naturvernforbundet_hordaland\/\"]},{\"@type\":\"Person\",\"@id\":\"https:\/\/naturvernforbundet.no\/hordaland\/#\/schema\/person\/2f3fd6d97f3c5889ca0b6c69772b6ba1\",\"name\":\"Ingvild Sundal Joys\",\"image\":{\"@type\":\"ImageObject\",\"inLanguage\":\"nb-NO\",\"@id\":\"https:\/\/naturvernforbundet.no\/hordaland\/#\/schema\/person\/image\/\",\"url\":\"https:\/\/secure.gravatar.com\/avatar\/85536994e55a39fcf9286c18148043af?s=96&d=mm&r=g\",\"contentUrl\":\"https:\/\/secure.gravatar.com\/avatar\/85536994e55a39fcf9286c18148043af?s=96&d=mm&r=g\",\"caption\":\"Ingvild Sundal Joys\"},\"url\":\"https:\/\/naturvernforbundet.no\/hordaland\/author\/ingvildkristinesundal\/\"}]}<\/script>\n<!-- \/ Yoast SEO plugin. -->","yoast_head_json":{"title":"Sirkul\u00e6rplast - Hordaland","description":"Kan vi f\u00e5 til sirkul\u00e6re verdikjeder for plast i Vestland? En unders\u00f8kelse av potensiale for plastresirkulering i Vestland.","robots":{"index":"index","follow":"follow","max-snippet":"max-snippet:-1","max-image-preview":"max-image-preview:large","max-video-preview":"max-video-preview:-1"},"canonical":"https:\/\/naturvernforbundet.no\/hordaland\/sirkulaerplast\/","og_locale":"nb_NO","og_type":"article","og_title":"Sirkul\u00e6rplast - Hordaland","og_description":"Kan vi f\u00e5 til sirkul\u00e6re verdikjeder for plast i Vestland? En unders\u00f8kelse av potensiale for plastresirkulering i Vestland.","og_url":"https:\/\/naturvernforbundet.no\/hordaland\/sirkulaerplast\/","og_site_name":"Hordaland","article_publisher":"https:\/\/www.facebook.com\/naturvernforbundet.hordaland","article_published_time":"2026-04-29T12:55:12+00:00","article_modified_time":"2026-04-29T12:55:16+00:00","og_image":[{"width":2560,"height":2129,"url":"https:\/\/naturvernforbundet.no\/content\/uploads\/sites\/13\/2026\/04\/250313-Klima-og-miljominister-pa-visitt-Haukeland-sirkulaere-systemer3-scaled.jpg","type":"image\/jpeg"}],"author":"Ingvild Sundal Joys","twitter_card":"summary_large_image","twitter_misc":{"Skrevet av":"Ingvild Sundal Joys","Ansl. lesetid":"10 minutter"},"schema":{"@context":"https:\/\/schema.org","@graph":[{"@type":"Article","@id":"https:\/\/naturvernforbundet.no\/hordaland\/sirkulaerplast\/#article","isPartOf":{"@id":"https:\/\/naturvernforbundet.no\/hordaland\/sirkulaerplast\/"},"author":{"name":"Ingvild Sundal Joys","@id":"https:\/\/naturvernforbundet.no\/hordaland\/#\/schema\/person\/2f3fd6d97f3c5889ca0b6c69772b6ba1"},"headline":"Sirkul\u00e6rplast","datePublished":"2026-04-29T12:55:12+00:00","dateModified":"2026-04-29T12:55:16+00:00","mainEntityOfPage":{"@id":"https:\/\/naturvernforbundet.no\/hordaland\/sirkulaerplast\/"},"wordCount":1623,"publisher":{"@id":"https:\/\/naturvernforbundet.no\/hordaland\/#organization"},"image":{"@id":"https:\/\/naturvernforbundet.no\/hordaland\/sirkulaerplast\/#primaryimage"},"thumbnailUrl":"https:\/\/naturvernforbundet.no\/content\/uploads\/sites\/13\/2026\/04\/250313-Klima-og-miljominister-pa-visitt-Haukeland-sirkulaere-systemer3-scaled.jpg","articleSection":["Aktuelt","Plast"],"inLanguage":"nb-NO"},{"@type":"WebPage","@id":"https:\/\/naturvernforbundet.no\/hordaland\/sirkulaerplast\/","url":"https:\/\/naturvernforbundet.no\/hordaland\/sirkulaerplast\/","name":"Sirkul\u00e6rplast - Hordaland","isPartOf":{"@id":"https:\/\/naturvernforbundet.no\/hordaland\/#website"},"primaryImageOfPage":{"@id":"https:\/\/naturvernforbundet.no\/hordaland\/sirkulaerplast\/#primaryimage"},"image":{"@id":"https:\/\/naturvernforbundet.no\/hordaland\/sirkulaerplast\/#primaryimage"},"thumbnailUrl":"https:\/\/naturvernforbundet.no\/content\/uploads\/sites\/13\/2026\/04\/250313-Klima-og-miljominister-pa-visitt-Haukeland-sirkulaere-systemer3-scaled.jpg","datePublished":"2026-04-29T12:55:12+00:00","dateModified":"2026-04-29T12:55:16+00:00","description":"Kan vi f\u00e5 til sirkul\u00e6re verdikjeder for plast i Vestland? En unders\u00f8kelse av potensiale for plastresirkulering i Vestland.","breadcrumb":{"@id":"https:\/\/naturvernforbundet.no\/hordaland\/sirkulaerplast\/#breadcrumb"},"inLanguage":"nb-NO","potentialAction":[{"@type":"ReadAction","target":["https:\/\/naturvernforbundet.no\/hordaland\/sirkulaerplast\/"]}]},{"@type":"ImageObject","inLanguage":"nb-NO","@id":"https:\/\/naturvernforbundet.no\/hordaland\/sirkulaerplast\/#primaryimage","url":"https:\/\/naturvernforbundet.no\/content\/uploads\/sites\/13\/2026\/04\/250313-Klima-og-miljominister-pa-visitt-Haukeland-sirkulaere-systemer3-scaled.jpg","contentUrl":"https:\/\/naturvernforbundet.no\/content\/uploads\/sites\/13\/2026\/04\/250313-Klima-og-miljominister-pa-visitt-Haukeland-sirkulaere-systemer3-scaled.jpg","width":2560,"height":2129},{"@type":"BreadcrumbList","@id":"https:\/\/naturvernforbundet.no\/hordaland\/sirkulaerplast\/#breadcrumb","itemListElement":[{"@type":"ListItem","position":1,"name":"Till naturvernforbundet.no","item":"https:\/\/naturvernforbundet.no\/"},{"@type":"ListItem","position":2,"name":"Hordaland","item":"https:\/\/naturvernforbundet.no\/hordaland\/"},{"@type":"ListItem","position":3,"name":"Sirkul\u00e6rplast"}]},{"@type":"WebSite","@id":"https:\/\/naturvernforbundet.no\/hordaland\/#website","url":"https:\/\/naturvernforbundet.no\/hordaland\/","name":"Hordaland","description":"","publisher":{"@id":"https:\/\/naturvernforbundet.no\/hordaland\/#organization"},"potentialAction":[{"@type":"SearchAction","target":{"@type":"EntryPoint","urlTemplate":"https:\/\/naturvernforbundet.no\/hordaland\/?s={search_term_string}"},"query-input":{"@type":"PropertyValueSpecification","valueRequired":true,"valueName":"search_term_string"}}],"inLanguage":"nb-NO"},{"@type":"Organization","@id":"https:\/\/naturvernforbundet.no\/hordaland\/#organization","name":"Naturvernforbundet Hordaland","url":"https:\/\/naturvernforbundet.no\/hordaland\/","logo":{"@type":"ImageObject","inLanguage":"nb-NO","@id":"https:\/\/naturvernforbundet.no\/hordaland\/#\/schema\/logo\/image\/","url":"https:\/\/naturvernforbundet.no\/content\/uploads\/sites\/13\/2022\/11\/Logo_Hordaland_transparent.png","contentUrl":"https:\/\/naturvernforbundet.no\/content\/uploads\/sites\/13\/2022\/11\/Logo_Hordaland_transparent.png","width":1095,"height":203,"caption":"Naturvernforbundet Hordaland"},"image":{"@id":"https:\/\/naturvernforbundet.no\/hordaland\/#\/schema\/logo\/image\/"},"sameAs":["https:\/\/www.facebook.com\/naturvernforbundet.hordaland","https:\/\/www.instagram.com\/naturvern_hordaland\/","https:\/\/www.flickr.com\/photos\/naturvernforbundet_hordaland\/"]},{"@type":"Person","@id":"https:\/\/naturvernforbundet.no\/hordaland\/#\/schema\/person\/2f3fd6d97f3c5889ca0b6c69772b6ba1","name":"Ingvild Sundal Joys","image":{"@type":"ImageObject","inLanguage":"nb-NO","@id":"https:\/\/naturvernforbundet.no\/hordaland\/#\/schema\/person\/image\/","url":"https:\/\/secure.gravatar.com\/avatar\/85536994e55a39fcf9286c18148043af?s=96&d=mm&r=g","contentUrl":"https:\/\/secure.gravatar.com\/avatar\/85536994e55a39fcf9286c18148043af?s=96&d=mm&r=g","caption":"Ingvild Sundal Joys"},"url":"https:\/\/naturvernforbundet.no\/hordaland\/author\/ingvildkristinesundal\/"}]}},"_links":{"self":[{"href":"https:\/\/naturvernforbundet.no\/hordaland\/wp-json\/wp\/v2\/posts\/17062","targetHints":{"allow":["GET"]}}],"collection":[{"href":"https:\/\/naturvernforbundet.no\/hordaland\/wp-json\/wp\/v2\/posts"}],"about":[{"href":"https:\/\/naturvernforbundet.no\/hordaland\/wp-json\/wp\/v2\/types\/post"}],"author":[{"embeddable":true,"href":"https:\/\/naturvernforbundet.no\/hordaland\/wp-json\/wp\/v2\/users\/118"}],"replies":[{"embeddable":true,"href":"https:\/\/naturvernforbundet.no\/hordaland\/wp-json\/wp\/v2\/comments?post=17062"}],"version-history":[{"count":1,"href":"https:\/\/naturvernforbundet.no\/hordaland\/wp-json\/wp\/v2\/posts\/17062\/revisions"}],"predecessor-version":[{"id":17069,"href":"https:\/\/naturvernforbundet.no\/hordaland\/wp-json\/wp\/v2\/posts\/17062\/revisions\/17069"}],"wp:featuredmedia":[{"embeddable":true,"href":"https:\/\/naturvernforbundet.no\/hordaland\/wp-json\/wp\/v2\/media\/17068"}],"wp:attachment":[{"href":"https:\/\/naturvernforbundet.no\/hordaland\/wp-json\/wp\/v2\/media?parent=17062"}],"wp:term":[{"taxonomy":"category","embeddable":true,"href":"https:\/\/naturvernforbundet.no\/hordaland\/wp-json\/wp\/v2\/categories?post=17062"},{"taxonomy":"local","embeddable":true,"href":"https:\/\/naturvernforbundet.no\/hordaland\/wp-json\/wp\/v2\/local?post=17062"}],"curies":[{"name":"wp","href":"https:\/\/api.w.org\/{rel}","templated":true}]}}