{"id":17792,"date":"2026-09-02T11:02:28","date_gmt":"2026-09-02T09:02:28","guid":{"rendered":"https:\/\/naturvernforbundet.no\/hordaland\/?p=17792"},"modified":"2026-09-02T11:02:28","modified_gmt":"2026-09-02T09:02:28","slug":"nei-takk-digranes-vi-har-sett-nok","status":"publish","type":"post","link":"https:\/\/naturvernforbundet.no\/hordaland\/nei-takk-digranes-vi-har-sett-nok\/","title":{"rendered":"Nei takk, Digranes \u2013 vi har sett nok"},"content":{"rendered":"\t<div class=\"template-post alignnone wp-block-naturvern-hero\">\n\t\t<div class=\"hero__inner\">\n\t\t\t<div class=\"hero__inner_blocks\">\n\t\t\t\t\t\t\t\t\n<h1 class=\"wp-block-post-title\">Nei takk, Digranes \u2013 vi har sett nok<\/h1>\n\n<div class=\"wp-block-post-excerpt\"><p class=\"wp-block-post-excerpt__excerpt\">Reidar Digranes (Sp) \u00f8nsker seg makt over skogsbilveiene, men makter ikke \u00e5 rydde opp i milj\u00f8forurensningen. <\/p><\/div>\n\n<figure class=\"wp-block-post-featured-image\"><div class=\"t2-image-credit\"><div class=\"t2-image-credit\"><img loading=\"lazy\" decoding=\"async\" width=\"2560\" height=\"1920\" src=\"https:\/\/naturvernforbundet.no\/content\/uploads\/sites\/13\/2026\/09\/Bilde-1-Fanafjellet-scaled.jpg\" class=\"attachment-post-thumbnail size-post-thumbnail wp-post-image\" alt=\"Fanafjellet, 2018\" style=\"object-fit:cover;\" srcset=\"https:\/\/naturvernforbundet.no\/content\/uploads\/sites\/13\/2026\/09\/Bilde-1-Fanafjellet-scaled.jpg 2560w, https:\/\/naturvernforbundet.no\/content\/uploads\/sites\/13\/2026\/09\/Bilde-1-Fanafjellet-300x225.jpg 300w, https:\/\/naturvernforbundet.no\/content\/uploads\/sites\/13\/2026\/09\/Bilde-1-Fanafjellet-1024x768.jpg 1024w, https:\/\/naturvernforbundet.no\/content\/uploads\/sites\/13\/2026\/09\/Bilde-1-Fanafjellet-768x576.jpg 768w, https:\/\/naturvernforbundet.no\/content\/uploads\/sites\/13\/2026\/09\/Bilde-1-Fanafjellet-1536x1152.jpg 1536w, https:\/\/naturvernforbundet.no\/content\/uploads\/sites\/13\/2026\/09\/Bilde-1-Fanafjellet-2048x1536.jpg 2048w, https:\/\/naturvernforbundet.no\/content\/uploads\/sites\/13\/2026\/09\/Bilde-1-Fanafjellet-1920x1440.jpg 1920w\" sizes=\"auto, (max-width: 2560px) 100vw, 2560px\" \/><span class=\"t2-image-credit-name\">Foto: Anders Nordvikvegen<\/span><\/div><span class=\"t2-image-credit-name\">Foto: Anders Nordvikvegen<\/span><\/div><\/figure>\n\n<div class=\"wp-block-naturvern-byline\">\n\t\t\t<div class=\"authors\"><div class=\"t2-byline__author-link\">\n\t\t\t\t\t<a href=\"https:\/\/naturvernforbundet.no\/hordaland\/ansatte\/synnove-spangelo\/\">Synn\u00f8ve Spangelo<\/a>\n\t\t\t\t\t<span>&#8211; Styremedlem i Naturvernforbundet i Bergen<\/span>\n\t\t\t\t<\/div><\/div>\n\t\t\t<small class=\"entry-date\">02.09.2026 11:02<\/small>\n\t\t<\/div>\n\t\t\t<\/div>\n\t\t\t\t\t<\/div>\n\t\t\t<\/div>\n\t\n\n\n<p>Onsdag 19. august kunne vi<a href=\"https:\/\/www.bt.no\/politikk\/i\/bOjxXv\/byraadet-i-bergen-vil-bygge-flere-skogsbilveier\"> lese i BT at \u201cByr\u00e5det vil hogge t\u00f8mmer og bygge flere skogsbilveier<\/a>\u201d. Med undertittel som handlet om at byr\u00e5det \u00f8nsker at n\u00e6ringsbyr\u00e5d Reidar Digranes (SP) f\u00e5r tilbake sitt fratatte ansvarsomr\u00e5de: saksbehandling og godkjenninger av skogsbilveier.<\/p>\n\n\n\n<div class=\"wp-block-buttons is-layout-flex wp-block-buttons-is-layout-flex\">\n<div class=\"wp-block-button is-style-link\"><a class=\"wp-block-button__link wp-element-button\" href=\"https:\/\/naturvernforbundet.no\/hordaland\/skogsbilvegsakene\/\">Hva handler dette om? Nesten kort fortalt<\/a><\/div>\n\n\n\n<div class=\"wp-block-button is-style-link\"><a class=\"wp-block-button__link wp-element-button\" href=\"https:\/\/naturvernforbundet.no\/hordaland\/skogbilveier-og-massedumping\/\">Temaside om saken<\/a><\/div>\n<\/div>\n\n\n\n<p>Et hovedargument vi f\u00e5r presentert, er at den landbruksfaglige kompetansen sitter under byr\u00e5d Digranes\u2019 avdeling for landbruk. Vi stiller oss sv\u00e6rt undrende til dette, all den tid den landbruksfaglige kompetansen aldri fikk skinne hverken under foreg\u00e5ende, eller under denne byr\u00e5den. For hvordan har det seg, at hundrevis av rapportsider om ulovlig bygging, massedeponier av riveboss og terrenginngrep, fremdeles ikke er fulgt opp? Befaringer og vedtak gjort av sv\u00e6rt faglig kompetente saksbehandlere, er skuflet til side og ignorert?<\/p>\n\n\n\n<p>Hvordan har det seg at skogsbilveianlegget p\u00e5 \u201cVeten rundt\u201d er subsidiert for dobbelt s\u00e5 mye vei? V\u00e5re skattepenger har blitt urettmessig utbetalt til entrepren\u00f8rer som dumpet boss (og tjente p\u00e5 d\u00e9t ogs\u00e5). Kan byr\u00e5den finne kvittering p\u00e5 tilbakebetalte penger?<\/p>\n\n\n\n<p>Og hvordan kan en saksbehandler skrive et forlengelsesvedtak p\u00e5 byggefrist, halvannet \u00e5r etter sin egen d\u00f8d? Dette er bare noen av skrekkhistoriene fra Etat fra landbruk, n\u00e5 en avdeling direkte under byr\u00e5d Digranes.<\/p>\n\n\n\n<p>Det vi ser n\u00e5, er en politisk koste-under-teppet-\u00f8velse, som byr\u00e5den kaller \u00e5 \u201cha ryddet opp i\u201d. Vi lurer p\u00e5 om byr\u00e5den kan dokumentere og vise til 1 &#8211; ett &#8211; veianlegg der dumpede forurensede masser er fjernet og kj\u00f8rt til godkjent mottak? Eller et ulovlig terrenginngrep som faktisk er tilbakestilt til landskapets opprinnelige tilstand?<\/p>\n\n\n\n<p>For den eneste \u201coppryddingen\u201d vi ser, er at ulovlig bygde veier (les: massedeponier), p\u00e5 nytt blir s\u00f8kt om til Plan- og bygningsetaten, og deretter godkjent, med landbruksfaglig begrunnelse. Enda tidligere saksbehandlere tydelig har sl\u00e5tt fast at massedeponiene ikke har landbruksfaglig nytte. Disse vedtakene blir selvsagt, og typisk nok, gjennomf\u00f8rte like f\u00f8r starten p\u00e5 fellesferien.<\/p>\n\n\n\n<p>Byr\u00e5den ivrer ogs\u00e5 for \u00e5 f\u00e5 landbrukseiendommer som til n\u00e5 har ligget under Bymilj\u00f8etaten eller Etat for bygg og eiendom, overf\u00f8rt til landbruksavdelingen. Vi kan ikke se at det skal hjelpe p\u00e5 noe. Landbruksavdelingen har tvert imot st\u00e5tt ansvarlig for at mye byn\u00e6r matjord har blitt dekket av sprengstein (iblandet boss) med et tynt lag jord p\u00e5 toppen, og i beste fall kun kan brukes til grasproduksjon. Kortreiste gr\u00f8nnsaker fra disse omr\u00e5dene kan bergenserne se langt etter, de neste tusen \u00e5rene.<\/p>\n\n\n\n<p>Vi har ogs\u00e5 sett at landbrukseiendommer blir splittet opp i enda mindre biter enn de allerede er, ved bruk av et smutthull i paragrafene som ikke har blitt brukt p\u00e5 tilsvarende saker, og der det har blitt stilt sp\u00f8rsm\u00e5l ved forbindelsene til byr\u00e5den (<a href=\"https:\/\/www.ba.no\/byradet-tok-i-bruk-obskurt-unntak-og-sikret-bolig-til-radgivers-samboer\/s\/5-8-3413693\">omtalt i BA 29.05.26<\/a>).<\/p>\n\n\n\n<p>Slik skaper kortsiktige fordeler og forskjellsbehandling presedens for at framtidige b\u00f8nder f\u00e5r enda d\u00e5rligere vilk\u00e5r enn dagens.<\/p>\n\n\n\n<p>Kompetente saksbehandlere blir overkj\u00f8rt av byr\u00e5den og politikerne n\u00e5r det skal fattes endelige vedtak, og da g\u00e5r gjerne vedtakene p\u00e5 kant med loven. Sittende byr\u00e5d evner ikke \u00e5 skille mellom juss og politikk.<\/p>\n\n\n\n<p>\u00c9n ting kan vi gi Digranes rett i: den landbruksfaglige kompetansen sitter <em>heller<\/em> ikke under Eivind N\u00e6vdal-Bolstad. For denne byr\u00e5den har akkurat godkjent en ulovlig bygget skogsbilvei, som opprinnelig fikk avslag i 2015. I mellomtiden har traseen blitt fylt opp av masser som inneholder bly, benzenforbindelser, plast, tegl, fremmedarten parkslirekne m.m. Omr\u00e5det er i forbindelse med s\u00f8knaden vurdert, basert p\u00e5 helsebaserte tilstandsklasser for forurenset grunn. Eneste aberet er at denne vurderingsmetoden ikke gjelder i skog, utmark eller p\u00e5 jordbruksarealer. Nettopp fordi matfatet v\u00e5rt skal v\u00e6re rent &#8211; og ikke vokse ut av riveboss fra alle Bergens byggeprosjekter.<\/p>\n\n\n\n<p>F\u00e5 alt landbruksansvaret tilbake under Bymilj\u00f8etaten!<\/p>\n\n\n\n<figure class=\"wp-block-image size-large\"><div class=\"t2-image-credit\"><img loading=\"lazy\" decoding=\"async\" width=\"1024\" height=\"768\" src=\"https:\/\/naturvernforbundet.no\/content\/uploads\/sites\/13\/2026\/09\/Bilde-1-Fanafjellet-1024x768.jpg\" alt=\"Fanafjellet, 2018\" class=\"wp-image-17797\" srcset=\"https:\/\/naturvernforbundet.no\/content\/uploads\/sites\/13\/2026\/09\/Bilde-1-Fanafjellet-1024x768.jpg 1024w, https:\/\/naturvernforbundet.no\/content\/uploads\/sites\/13\/2026\/09\/Bilde-1-Fanafjellet-300x225.jpg 300w, https:\/\/naturvernforbundet.no\/content\/uploads\/sites\/13\/2026\/09\/Bilde-1-Fanafjellet-768x576.jpg 768w, https:\/\/naturvernforbundet.no\/content\/uploads\/sites\/13\/2026\/09\/Bilde-1-Fanafjellet-1536x1152.jpg 1536w, https:\/\/naturvernforbundet.no\/content\/uploads\/sites\/13\/2026\/09\/Bilde-1-Fanafjellet-2048x1536.jpg 2048w, https:\/\/naturvernforbundet.no\/content\/uploads\/sites\/13\/2026\/09\/Bilde-1-Fanafjellet-1920x1440.jpg 1920w\" sizes=\"auto, (max-width: 1024px) 100vw, 1024px\" \/><span class=\"t2-image-credit-name\">Foto: Anders Nordvikvegen<\/span><\/div><figcaption class=\"wp-element-caption\">Fanafjellet, 2018<\/figcaption><\/figure>\n\n\n\n<figure class=\"wp-block-image size-large\"><img loading=\"lazy\" decoding=\"async\" width=\"1024\" height=\"767\" src=\"https:\/\/naturvernforbundet.no\/content\/uploads\/sites\/13\/2026\/09\/Bilde-2-Smogakampen-1024x767.png\" alt=\"\" class=\"wp-image-17799\" srcset=\"https:\/\/naturvernforbundet.no\/content\/uploads\/sites\/13\/2026\/09\/Bilde-2-Smogakampen-1024x767.png 1024w, https:\/\/naturvernforbundet.no\/content\/uploads\/sites\/13\/2026\/09\/Bilde-2-Smogakampen-300x225.png 300w, https:\/\/naturvernforbundet.no\/content\/uploads\/sites\/13\/2026\/09\/Bilde-2-Smogakampen-768x575.png 768w, https:\/\/naturvernforbundet.no\/content\/uploads\/sites\/13\/2026\/09\/Bilde-2-Smogakampen.png 1384w\" sizes=\"auto, (max-width: 1024px) 100vw, 1024px\" \/><figcaption class=\"wp-element-caption\">Smogakampen, Hausdalen, fra kommunens befaring 2018<\/figcaption><\/figure>\n\n\n\n<div class=\"wp-block-group alignwide is-layout-constrained wp-block-group-is-layout-constrained\">\n<h2 class=\"wp-block-heading has-text-align-center\" id=\"artikler-om-skogsbilveisakene\">Artikler om skogsbilveisakene<\/h2>\n\n\n<div class=\"t2-featured-content-layout alignwide alignwide wp-block-t2-featured-content-layout\">\n<div class=\"t2-featured-query-post t2-featured-content is-post-type-post category-aktuelt category-skogsbilvei category-uttale local-bergen wp-block-t2-featured-query-post\"><a class=\"t2-post-link wp-block-t2-post-link\" href=\"https:\/\/naturvernforbundet.no\/hordaland\/ulovlig-fylling-i-falkangervegen-235\/\">\n<figure style=\"--t2-focal-point: 50% 50%;\" class=\"t2-post-featured-image has-image-ratio-4-3 wp-block-t2-post-featured-image\"><img loading=\"lazy\" decoding=\"async\" width=\"2049\" height=\"1152\" src=\"https:\/\/naturvernforbundet.no\/content\/uploads\/sites\/13\/2025\/03\/Bakgrunn-NVH.png\" class=\"attachment-post-thumbnail size-post-thumbnail wp-post-image\" alt=\"Naturvernforbundet hordaland logo med bakgrunn, banner\" srcset=\"https:\/\/naturvernforbundet.no\/content\/uploads\/sites\/13\/2025\/03\/Bakgrunn-NVH.png 2049w, https:\/\/naturvernforbundet.no\/content\/uploads\/sites\/13\/2025\/03\/Bakgrunn-NVH-300x169.png 300w, https:\/\/naturvernforbundet.no\/content\/uploads\/sites\/13\/2025\/03\/Bakgrunn-NVH-1024x576.png 1024w, https:\/\/naturvernforbundet.no\/content\/uploads\/sites\/13\/2025\/03\/Bakgrunn-NVH-768x432.png 768w, https:\/\/naturvernforbundet.no\/content\/uploads\/sites\/13\/2025\/03\/Bakgrunn-NVH-1536x864.png 1536w, https:\/\/naturvernforbundet.no\/content\/uploads\/sites\/13\/2025\/03\/Bakgrunn-NVH-1920x1079.png 1920w\" sizes=\"auto, (max-width: 2049px) 100vw, 2049px\" \/><\/figure>\n\n<div class=\"wp-block-group alignfull is-layout-flow wp-block-group-is-layout-flow\">\n\t<h2 class=\"t2-post-title wp-block-t2-post-title\">Ulovlig fylling i Falkangervegen 235<\/h2>\n\t<p class=\"wp-block-naturvern-post-excerpt\">Overskuddsmasser fra Veten rundt er fortsatt ikke fjernet. Vi f\u00f8lger opp saken.<\/p>\n<\/div>\n\n<\/a>\n<\/div>\n\n<div class=\"t2-featured-query-post t2-featured-content is-post-type-post category-aktuelt category-naturvest category-skogsbilvei local-bergen wp-block-t2-featured-query-post\"><a class=\"t2-post-link wp-block-t2-post-link\" href=\"https:\/\/naturvernforbundet.no\/hordaland\/som-du-ropar-i-skogen-skal-du-fa-statusoppdatering\/\">\n<figure style=\"--t2-focal-point: 50% 50%;\" class=\"t2-post-featured-image has-image-ratio-4-3 wp-block-t2-post-featured-image\"><img loading=\"lazy\" decoding=\"async\" width=\"1682\" height=\"2298\" src=\"https:\/\/naturvernforbundet.no\/content\/uploads\/sites\/13\/2025\/01\/Bilde1.jpg\" class=\"attachment-post-thumbnail size-post-thumbnail wp-post-image\" alt=\"\" srcset=\"https:\/\/naturvernforbundet.no\/content\/uploads\/sites\/13\/2025\/01\/Bilde1.jpg 1682w, https:\/\/naturvernforbundet.no\/content\/uploads\/sites\/13\/2025\/01\/Bilde1-220x300.jpg 220w, https:\/\/naturvernforbundet.no\/content\/uploads\/sites\/13\/2025\/01\/Bilde1-750x1024.jpg 750w, https:\/\/naturvernforbundet.no\/content\/uploads\/sites\/13\/2025\/01\/Bilde1-768x1049.jpg 768w, https:\/\/naturvernforbundet.no\/content\/uploads\/sites\/13\/2025\/01\/Bilde1-1124x1536.jpg 1124w, https:\/\/naturvernforbundet.no\/content\/uploads\/sites\/13\/2025\/01\/Bilde1-1499x2048.jpg 1499w, https:\/\/naturvernforbundet.no\/content\/uploads\/sites\/13\/2025\/01\/Bilde1-1405x1920.jpg 1405w\" sizes=\"auto, (max-width: 1682px) 100vw, 1682px\" \/><\/figure>\n\n<div class=\"wp-block-group alignfull is-layout-flow wp-block-group-is-layout-flow\">\n\t<h2 class=\"t2-post-title wp-block-t2-post-title\">Som du ropar i skogen&#8230;skal du f\u00e5 statusoppdatering!<\/h2>\n\t<p class=\"wp-block-naturvern-post-excerpt\">Historia om skogsbilvegsakene i Bergen held fram.<\/p>\n<\/div>\n\n<\/a>\n<\/div>\n\n<div class=\"t2-featured-query-post t2-featured-content is-post-type-post category-aktuelt category-skogsbilvei category-uttale local-bergen wp-block-t2-featured-query-post\"><a class=\"t2-post-link wp-block-t2-post-link\" href=\"https:\/\/naturvernforbundet.no\/hordaland\/klage-pa-vedtak-om-tilleggsloyve-smogakampvegen\/\">\n<figure style=\"--t2-focal-point: 50% 50%;\" class=\"t2-post-featured-image has-image-ratio-4-3 wp-block-t2-post-featured-image\"><img loading=\"lazy\" decoding=\"async\" width=\"1298\" height=\"953\" src=\"https:\/\/naturvernforbundet.no\/content\/uploads\/sites\/13\/2024\/12\/240528-Endring-av-vedtak-ulovleg-ombygging-av-del-av-Smogakampvegen_Side_1.jpg\" class=\"attachment-post-thumbnail size-post-thumbnail wp-post-image\" alt=\"Endring av vedtak ulovlig ombygging av Smogakampvegen\" srcset=\"https:\/\/naturvernforbundet.no\/content\/uploads\/sites\/13\/2024\/12\/240528-Endring-av-vedtak-ulovleg-ombygging-av-del-av-Smogakampvegen_Side_1.jpg 1298w, https:\/\/naturvernforbundet.no\/content\/uploads\/sites\/13\/2024\/12\/240528-Endring-av-vedtak-ulovleg-ombygging-av-del-av-Smogakampvegen_Side_1-300x220.jpg 300w, https:\/\/naturvernforbundet.no\/content\/uploads\/sites\/13\/2024\/12\/240528-Endring-av-vedtak-ulovleg-ombygging-av-del-av-Smogakampvegen_Side_1-1024x752.jpg 1024w, https:\/\/naturvernforbundet.no\/content\/uploads\/sites\/13\/2024\/12\/240528-Endring-av-vedtak-ulovleg-ombygging-av-del-av-Smogakampvegen_Side_1-768x564.jpg 768w\" sizes=\"auto, (max-width: 1298px) 100vw, 1298px\" \/><\/figure>\n\n<div class=\"wp-block-group alignfull is-layout-flow wp-block-group-is-layout-flow\">\n\t<h2 class=\"t2-post-title wp-block-t2-post-title\">Klage p\u00e5 vedtak om tilleggsl\u00f8yve &#8211; Smogakampvegen<\/h2>\n\t<p class=\"wp-block-naturvern-post-excerpt\">Kommunen vil gi enda mer penger til et skogsbilveilegg som vi politianmeldte i 2020. <\/p>\n<\/div>\n\n<\/a>\n<\/div>\n<\/div><\/div>\n","protected":false},"excerpt":{"rendered":"<p>Reidar Digranes (Sp) \u00f8nsker seg makt over skogsbilveiene, men makter ikke \u00e5 rydde opp i milj\u00f8forurensningen.<\/p>\n","protected":false},"author":185,"featured_media":17797,"comment_status":"closed","ping_status":"closed","sticky":false,"template":"","format":"standard","meta":{"_relevanssi_hide_post":"","_relevanssi_hide_content":"","_relevanssi_pin_for_all":"","_relevanssi_pin_keywords":"","_relevanssi_unpin_keywords":"","_relevanssi_related_keywords":"","_relevanssi_related_include_ids":"","_relevanssi_related_exclude_ids":"","_relevanssi_related_no_append":"","_relevanssi_related_not_related":"","_relevanssi_related_posts":"545,505,17406,577,17674,8794","_relevanssi_noindex_reason":"","t2_featured_media_focal_point":{"x":0.5,"y":0.5},"hide_logo":false,"footnotes":"","_members_access_role":[],"_members_access_error":""},"categories":[68,74],"local":[5],"class_list":["post-17792","post","type-post","status-publish","format-standard","has-post-thumbnail","hentry","category-aktuelt","category-skogsbilvei","local-bergen"],"acf":[],"yoast_head":"<!-- This site is optimized with the Yoast SEO plugin v24.9 - https:\/\/yoast.com\/wordpress\/plugins\/seo\/ -->\n<title>Nei takk, Digranes \u2013 vi har sett nok - Hordaland<\/title>\n<meta name=\"robots\" content=\"index, follow, max-snippet:-1, max-image-preview:large, max-video-preview:-1\" \/>\n<link rel=\"canonical\" href=\"https:\/\/naturvernforbundet.no\/hordaland\/nei-takk-digranes-vi-har-sett-nok\/\" \/>\n<meta property=\"og:locale\" content=\"nb_NO\" \/>\n<meta property=\"og:type\" content=\"article\" \/>\n<meta property=\"og:title\" content=\"Nei takk, Digranes \u2013 vi har sett nok - Hordaland\" \/>\n<meta property=\"og:description\" content=\"Reidar Digranes (Sp) \u00f8nsker seg makt over skogsbilveiene, men makter ikke \u00e5 rydde opp i milj\u00f8forurensningen.\" \/>\n<meta property=\"og:url\" content=\"https:\/\/naturvernforbundet.no\/hordaland\/nei-takk-digranes-vi-har-sett-nok\/\" \/>\n<meta property=\"og:site_name\" content=\"Hordaland\" \/>\n<meta property=\"article:publisher\" content=\"https:\/\/www.facebook.com\/naturvernforbundet.hordaland\" \/>\n<meta property=\"article:published_time\" content=\"2026-09-02T09:02:28+00:00\" \/>\n<meta property=\"og:image\" content=\"https:\/\/naturvernforbundet.no\/content\/uploads\/sites\/13\/2026\/09\/Bilde-1-Fanafjellet-scaled.jpg\" \/>\n\t<meta property=\"og:image:width\" content=\"2560\" \/>\n\t<meta property=\"og:image:height\" content=\"1920\" \/>\n\t<meta property=\"og:image:type\" content=\"image\/jpeg\" \/>\n<meta name=\"author\" content=\"Mona Maria L\u00f8berg\" \/>\n<meta name=\"twitter:card\" content=\"summary_large_image\" \/>\n<meta name=\"twitter:label1\" content=\"Skrevet av\" \/>\n\t<meta name=\"twitter:data1\" content=\"Mona Maria L\u00f8berg\" \/>\n\t<meta name=\"twitter:label2\" content=\"Ansl. lesetid\" \/>\n\t<meta name=\"twitter:data2\" content=\"4 minutter\" \/>\n<script type=\"application\/ld+json\" class=\"yoast-schema-graph\">{\"@context\":\"https:\/\/schema.org\",\"@graph\":[{\"@type\":\"Article\",\"@id\":\"https:\/\/naturvernforbundet.no\/hordaland\/nei-takk-digranes-vi-har-sett-nok\/#article\",\"isPartOf\":{\"@id\":\"https:\/\/naturvernforbundet.no\/hordaland\/nei-takk-digranes-vi-har-sett-nok\/\"},\"author\":{\"name\":\"Mona Maria L\u00f8berg\",\"@id\":\"https:\/\/naturvernforbundet.no\/hordaland\/#\/schema\/person\/2b4f064c76270324a903c0a70e9f6afd\"},\"headline\":\"Nei takk, Digranes \u2013 vi har sett nok\",\"datePublished\":\"2026-09-02T09:02:28+00:00\",\"mainEntityOfPage\":{\"@id\":\"https:\/\/naturvernforbundet.no\/hordaland\/nei-takk-digranes-vi-har-sett-nok\/\"},\"wordCount\":651,\"publisher\":{\"@id\":\"https:\/\/naturvernforbundet.no\/hordaland\/#organization\"},\"image\":{\"@id\":\"https:\/\/naturvernforbundet.no\/hordaland\/nei-takk-digranes-vi-har-sett-nok\/#primaryimage\"},\"thumbnailUrl\":\"https:\/\/naturvernforbundet.no\/content\/uploads\/sites\/13\/2026\/09\/Bilde-1-Fanafjellet-scaled.jpg\",\"articleSection\":[\"Aktuelt\",\"Skogsbilvei\"],\"inLanguage\":\"nb-NO\"},{\"@type\":\"WebPage\",\"@id\":\"https:\/\/naturvernforbundet.no\/hordaland\/nei-takk-digranes-vi-har-sett-nok\/\",\"url\":\"https:\/\/naturvernforbundet.no\/hordaland\/nei-takk-digranes-vi-har-sett-nok\/\",\"name\":\"Nei takk, Digranes \u2013 vi har sett nok - Hordaland\",\"isPartOf\":{\"@id\":\"https:\/\/naturvernforbundet.no\/hordaland\/#website\"},\"primaryImageOfPage\":{\"@id\":\"https:\/\/naturvernforbundet.no\/hordaland\/nei-takk-digranes-vi-har-sett-nok\/#primaryimage\"},\"image\":{\"@id\":\"https:\/\/naturvernforbundet.no\/hordaland\/nei-takk-digranes-vi-har-sett-nok\/#primaryimage\"},\"thumbnailUrl\":\"https:\/\/naturvernforbundet.no\/content\/uploads\/sites\/13\/2026\/09\/Bilde-1-Fanafjellet-scaled.jpg\",\"datePublished\":\"2026-09-02T09:02:28+00:00\",\"breadcrumb\":{\"@id\":\"https:\/\/naturvernforbundet.no\/hordaland\/nei-takk-digranes-vi-har-sett-nok\/#breadcrumb\"},\"inLanguage\":\"nb-NO\",\"potentialAction\":[{\"@type\":\"ReadAction\",\"target\":[\"https:\/\/naturvernforbundet.no\/hordaland\/nei-takk-digranes-vi-har-sett-nok\/\"]}]},{\"@type\":\"ImageObject\",\"inLanguage\":\"nb-NO\",\"@id\":\"https:\/\/naturvernforbundet.no\/hordaland\/nei-takk-digranes-vi-har-sett-nok\/#primaryimage\",\"url\":\"https:\/\/naturvernforbundet.no\/content\/uploads\/sites\/13\/2026\/09\/Bilde-1-Fanafjellet-scaled.jpg\",\"contentUrl\":\"https:\/\/naturvernforbundet.no\/content\/uploads\/sites\/13\/2026\/09\/Bilde-1-Fanafjellet-scaled.jpg\",\"width\":2560,\"height\":1920,\"caption\":\"Fanafjellet, 2018\"},{\"@type\":\"BreadcrumbList\",\"@id\":\"https:\/\/naturvernforbundet.no\/hordaland\/nei-takk-digranes-vi-har-sett-nok\/#breadcrumb\",\"itemListElement\":[{\"@type\":\"ListItem\",\"position\":1,\"name\":\"Till naturvernforbundet.no\",\"item\":\"https:\/\/naturvernforbundet.no\/\"},{\"@type\":\"ListItem\",\"position\":2,\"name\":\"Hordaland\",\"item\":\"https:\/\/naturvernforbundet.no\/hordaland\/\"},{\"@type\":\"ListItem\",\"position\":3,\"name\":\"Bergen\",\"item\":\"https:\/\/naturvernforbundet.no\/hordaland\/lokallag\/bergen\/\"},{\"@type\":\"ListItem\",\"position\":4,\"name\":\"Nei takk, Digranes \u2013 vi har sett nok\"}]},{\"@type\":\"WebSite\",\"@id\":\"https:\/\/naturvernforbundet.no\/hordaland\/#website\",\"url\":\"https:\/\/naturvernforbundet.no\/hordaland\/\",\"name\":\"Hordaland\",\"description\":\"\",\"publisher\":{\"@id\":\"https:\/\/naturvernforbundet.no\/hordaland\/#organization\"},\"potentialAction\":[{\"@type\":\"SearchAction\",\"target\":{\"@type\":\"EntryPoint\",\"urlTemplate\":\"https:\/\/naturvernforbundet.no\/hordaland\/?s={search_term_string}\"},\"query-input\":{\"@type\":\"PropertyValueSpecification\",\"valueRequired\":true,\"valueName\":\"search_term_string\"}}],\"inLanguage\":\"nb-NO\"},{\"@type\":\"Organization\",\"@id\":\"https:\/\/naturvernforbundet.no\/hordaland\/#organization\",\"name\":\"Naturvernforbundet Hordaland\",\"url\":\"https:\/\/naturvernforbundet.no\/hordaland\/\",\"logo\":{\"@type\":\"ImageObject\",\"inLanguage\":\"nb-NO\",\"@id\":\"https:\/\/naturvernforbundet.no\/hordaland\/#\/schema\/logo\/image\/\",\"url\":\"https:\/\/naturvernforbundet.no\/content\/uploads\/sites\/13\/2022\/11\/Logo_Hordaland_transparent.png\",\"contentUrl\":\"https:\/\/naturvernforbundet.no\/content\/uploads\/sites\/13\/2022\/11\/Logo_Hordaland_transparent.png\",\"width\":1095,\"height\":203,\"caption\":\"Naturvernforbundet Hordaland\"},\"image\":{\"@id\":\"https:\/\/naturvernforbundet.no\/hordaland\/#\/schema\/logo\/image\/\"},\"sameAs\":[\"https:\/\/www.facebook.com\/naturvernforbundet.hordaland\",\"https:\/\/www.instagram.com\/naturvern_hordaland\/\",\"https:\/\/www.flickr.com\/photos\/naturvernforbundet_hordaland\/\"]},{\"@type\":\"Person\",\"@id\":\"https:\/\/naturvernforbundet.no\/hordaland\/#\/schema\/person\/2b4f064c76270324a903c0a70e9f6afd\",\"name\":\"Mona Maria L\u00f8berg\",\"image\":{\"@type\":\"ImageObject\",\"inLanguage\":\"nb-NO\",\"@id\":\"https:\/\/naturvernforbundet.no\/hordaland\/#\/schema\/person\/image\/\",\"url\":\"https:\/\/secure.gravatar.com\/avatar\/b7d3282848b65fe5d48ca594f5a7108b?s=96&d=mm&r=g\",\"contentUrl\":\"https:\/\/secure.gravatar.com\/avatar\/b7d3282848b65fe5d48ca594f5a7108b?s=96&d=mm&r=g\",\"caption\":\"Mona Maria L\u00f8berg\"},\"sameAs\":[\"instagram.com\/manamoria\"],\"url\":\"https:\/\/naturvernforbundet.no\/hordaland\/author\/monamarialoberg\/\"}]}<\/script>\n<!-- \/ Yoast SEO plugin. -->","yoast_head_json":{"title":"Nei takk, Digranes \u2013 vi har sett nok - Hordaland","robots":{"index":"index","follow":"follow","max-snippet":"max-snippet:-1","max-image-preview":"max-image-preview:large","max-video-preview":"max-video-preview:-1"},"canonical":"https:\/\/naturvernforbundet.no\/hordaland\/nei-takk-digranes-vi-har-sett-nok\/","og_locale":"nb_NO","og_type":"article","og_title":"Nei takk, Digranes \u2013 vi har sett nok - Hordaland","og_description":"Reidar Digranes (Sp) \u00f8nsker seg makt over skogsbilveiene, men makter ikke \u00e5 rydde opp i milj\u00f8forurensningen.","og_url":"https:\/\/naturvernforbundet.no\/hordaland\/nei-takk-digranes-vi-har-sett-nok\/","og_site_name":"Hordaland","article_publisher":"https:\/\/www.facebook.com\/naturvernforbundet.hordaland","article_published_time":"2026-09-02T09:02:28+00:00","og_image":[{"width":2560,"height":1920,"url":"https:\/\/naturvernforbundet.no\/content\/uploads\/sites\/13\/2026\/09\/Bilde-1-Fanafjellet-scaled.jpg","type":"image\/jpeg"}],"author":"Mona Maria L\u00f8berg","twitter_card":"summary_large_image","twitter_misc":{"Skrevet av":"Mona Maria L\u00f8berg","Ansl. lesetid":"4 minutter"},"schema":{"@context":"https:\/\/schema.org","@graph":[{"@type":"Article","@id":"https:\/\/naturvernforbundet.no\/hordaland\/nei-takk-digranes-vi-har-sett-nok\/#article","isPartOf":{"@id":"https:\/\/naturvernforbundet.no\/hordaland\/nei-takk-digranes-vi-har-sett-nok\/"},"author":{"name":"Mona Maria L\u00f8berg","@id":"https:\/\/naturvernforbundet.no\/hordaland\/#\/schema\/person\/2b4f064c76270324a903c0a70e9f6afd"},"headline":"Nei takk, Digranes \u2013 vi har sett nok","datePublished":"2026-09-02T09:02:28+00:00","mainEntityOfPage":{"@id":"https:\/\/naturvernforbundet.no\/hordaland\/nei-takk-digranes-vi-har-sett-nok\/"},"wordCount":651,"publisher":{"@id":"https:\/\/naturvernforbundet.no\/hordaland\/#organization"},"image":{"@id":"https:\/\/naturvernforbundet.no\/hordaland\/nei-takk-digranes-vi-har-sett-nok\/#primaryimage"},"thumbnailUrl":"https:\/\/naturvernforbundet.no\/content\/uploads\/sites\/13\/2026\/09\/Bilde-1-Fanafjellet-scaled.jpg","articleSection":["Aktuelt","Skogsbilvei"],"inLanguage":"nb-NO"},{"@type":"WebPage","@id":"https:\/\/naturvernforbundet.no\/hordaland\/nei-takk-digranes-vi-har-sett-nok\/","url":"https:\/\/naturvernforbundet.no\/hordaland\/nei-takk-digranes-vi-har-sett-nok\/","name":"Nei takk, Digranes \u2013 vi har sett nok - Hordaland","isPartOf":{"@id":"https:\/\/naturvernforbundet.no\/hordaland\/#website"},"primaryImageOfPage":{"@id":"https:\/\/naturvernforbundet.no\/hordaland\/nei-takk-digranes-vi-har-sett-nok\/#primaryimage"},"image":{"@id":"https:\/\/naturvernforbundet.no\/hordaland\/nei-takk-digranes-vi-har-sett-nok\/#primaryimage"},"thumbnailUrl":"https:\/\/naturvernforbundet.no\/content\/uploads\/sites\/13\/2026\/09\/Bilde-1-Fanafjellet-scaled.jpg","datePublished":"2026-09-02T09:02:28+00:00","breadcrumb":{"@id":"https:\/\/naturvernforbundet.no\/hordaland\/nei-takk-digranes-vi-har-sett-nok\/#breadcrumb"},"inLanguage":"nb-NO","potentialAction":[{"@type":"ReadAction","target":["https:\/\/naturvernforbundet.no\/hordaland\/nei-takk-digranes-vi-har-sett-nok\/"]}]},{"@type":"ImageObject","inLanguage":"nb-NO","@id":"https:\/\/naturvernforbundet.no\/hordaland\/nei-takk-digranes-vi-har-sett-nok\/#primaryimage","url":"https:\/\/naturvernforbundet.no\/content\/uploads\/sites\/13\/2026\/09\/Bilde-1-Fanafjellet-scaled.jpg","contentUrl":"https:\/\/naturvernforbundet.no\/content\/uploads\/sites\/13\/2026\/09\/Bilde-1-Fanafjellet-scaled.jpg","width":2560,"height":1920,"caption":"Fanafjellet, 2018"},{"@type":"BreadcrumbList","@id":"https:\/\/naturvernforbundet.no\/hordaland\/nei-takk-digranes-vi-har-sett-nok\/#breadcrumb","itemListElement":[{"@type":"ListItem","position":1,"name":"Till naturvernforbundet.no","item":"https:\/\/naturvernforbundet.no\/"},{"@type":"ListItem","position":2,"name":"Hordaland","item":"https:\/\/naturvernforbundet.no\/hordaland\/"},{"@type":"ListItem","position":3,"name":"Bergen","item":"https:\/\/naturvernforbundet.no\/hordaland\/lokallag\/bergen\/"},{"@type":"ListItem","position":4,"name":"Nei takk, Digranes \u2013 vi har sett nok"}]},{"@type":"WebSite","@id":"https:\/\/naturvernforbundet.no\/hordaland\/#website","url":"https:\/\/naturvernforbundet.no\/hordaland\/","name":"Hordaland","description":"","publisher":{"@id":"https:\/\/naturvernforbundet.no\/hordaland\/#organization"},"potentialAction":[{"@type":"SearchAction","target":{"@type":"EntryPoint","urlTemplate":"https:\/\/naturvernforbundet.no\/hordaland\/?s={search_term_string}"},"query-input":{"@type":"PropertyValueSpecification","valueRequired":true,"valueName":"search_term_string"}}],"inLanguage":"nb-NO"},{"@type":"Organization","@id":"https:\/\/naturvernforbundet.no\/hordaland\/#organization","name":"Naturvernforbundet Hordaland","url":"https:\/\/naturvernforbundet.no\/hordaland\/","logo":{"@type":"ImageObject","inLanguage":"nb-NO","@id":"https:\/\/naturvernforbundet.no\/hordaland\/#\/schema\/logo\/image\/","url":"https:\/\/naturvernforbundet.no\/content\/uploads\/sites\/13\/2022\/11\/Logo_Hordaland_transparent.png","contentUrl":"https:\/\/naturvernforbundet.no\/content\/uploads\/sites\/13\/2022\/11\/Logo_Hordaland_transparent.png","width":1095,"height":203,"caption":"Naturvernforbundet Hordaland"},"image":{"@id":"https:\/\/naturvernforbundet.no\/hordaland\/#\/schema\/logo\/image\/"},"sameAs":["https:\/\/www.facebook.com\/naturvernforbundet.hordaland","https:\/\/www.instagram.com\/naturvern_hordaland\/","https:\/\/www.flickr.com\/photos\/naturvernforbundet_hordaland\/"]},{"@type":"Person","@id":"https:\/\/naturvernforbundet.no\/hordaland\/#\/schema\/person\/2b4f064c76270324a903c0a70e9f6afd","name":"Mona Maria L\u00f8berg","image":{"@type":"ImageObject","inLanguage":"nb-NO","@id":"https:\/\/naturvernforbundet.no\/hordaland\/#\/schema\/person\/image\/","url":"https:\/\/secure.gravatar.com\/avatar\/b7d3282848b65fe5d48ca594f5a7108b?s=96&d=mm&r=g","contentUrl":"https:\/\/secure.gravatar.com\/avatar\/b7d3282848b65fe5d48ca594f5a7108b?s=96&d=mm&r=g","caption":"Mona Maria L\u00f8berg"},"sameAs":["instagram.com\/manamoria"],"url":"https:\/\/naturvernforbundet.no\/hordaland\/author\/monamarialoberg\/"}]}},"_links":{"self":[{"href":"https:\/\/naturvernforbundet.no\/hordaland\/wp-json\/wp\/v2\/posts\/17792","targetHints":{"allow":["GET"]}}],"collection":[{"href":"https:\/\/naturvernforbundet.no\/hordaland\/wp-json\/wp\/v2\/posts"}],"about":[{"href":"https:\/\/naturvernforbundet.no\/hordaland\/wp-json\/wp\/v2\/types\/post"}],"author":[{"embeddable":true,"href":"https:\/\/naturvernforbundet.no\/hordaland\/wp-json\/wp\/v2\/users\/185"}],"replies":[{"embeddable":true,"href":"https:\/\/naturvernforbundet.no\/hordaland\/wp-json\/wp\/v2\/comments?post=17792"}],"version-history":[{"count":3,"href":"https:\/\/naturvernforbundet.no\/hordaland\/wp-json\/wp\/v2\/posts\/17792\/revisions"}],"predecessor-version":[{"id":17800,"href":"https:\/\/naturvernforbundet.no\/hordaland\/wp-json\/wp\/v2\/posts\/17792\/revisions\/17800"}],"wp:featuredmedia":[{"embeddable":true,"href":"https:\/\/naturvernforbundet.no\/hordaland\/wp-json\/wp\/v2\/media\/17797"}],"wp:attachment":[{"href":"https:\/\/naturvernforbundet.no\/hordaland\/wp-json\/wp\/v2\/media?parent=17792"}],"wp:term":[{"taxonomy":"category","embeddable":true,"href":"https:\/\/naturvernforbundet.no\/hordaland\/wp-json\/wp\/v2\/categories?post=17792"},{"taxonomy":"local","embeddable":true,"href":"https:\/\/naturvernforbundet.no\/hordaland\/wp-json\/wp\/v2\/local?post=17792"}],"curies":[{"name":"wp","href":"https:\/\/api.w.org\/{rel}","templated":true}]}}