{"id":3165,"date":"2022-11-25T16:27:38","date_gmt":"2022-11-25T15:27:38","guid":{"rendered":"https:\/\/naturvernforbundet.no\/hordaland\/?p=3165"},"modified":"2025-11-10T12:04:53","modified_gmt":"2025-11-10T11:04:53","slug":"liste-over-reparatorer","status":"publish","type":"post","link":"https:\/\/naturvernforbundet.no\/hordaland\/liste-over-reparatorer\/","title":{"rendered":"Her kan du bruke Reparasjonsgavekortet"},"content":{"rendered":"\t<div class=\"template-post alignnone wp-block-naturvern-hero\">\n\t\t<div class=\"hero__inner\">\n\t\t\t<div class=\"hero__inner_blocks\">\n\t\t\t\t\t\t\t\t\n<h1 class=\"wp-block-post-title\">Her kan du bruke Reparasjonsgavekortet<\/h1>\n\n<div class=\"wp-block-post-excerpt\"><p class=\"wp-block-post-excerpt__excerpt\">Oversikt over hvor du kan bruke Reparasjonsgavekortet. <\/p><\/div>\n\n<figure class=\"wp-block-post-featured-image\"><img loading=\"lazy\" decoding=\"async\" width=\"1200\" height=\"630\" src=\"https:\/\/naturvernforbundet.no\/content\/uploads\/sites\/13\/2022\/11\/RG-facebook3.jpg\" class=\"attachment-post-thumbnail size-post-thumbnail wp-post-image\" alt=\"liste reparat\u00f8rer reparasjonsgavekortet\" style=\"object-fit:cover;\" srcset=\"https:\/\/naturvernforbundet.no\/content\/uploads\/sites\/13\/2022\/11\/RG-facebook3.jpg 1200w, https:\/\/naturvernforbundet.no\/content\/uploads\/sites\/13\/2022\/11\/RG-facebook3-300x158.jpg 300w, https:\/\/naturvernforbundet.no\/content\/uploads\/sites\/13\/2022\/11\/RG-facebook3-1024x538.jpg 1024w, https:\/\/naturvernforbundet.no\/content\/uploads\/sites\/13\/2022\/11\/RG-facebook3-768x403.jpg 768w\" sizes=\"auto, (max-width: 1200px) 100vw, 1200px\" \/><\/figure>\n\t\t\t<\/div>\n\t\t\t\t\t<\/div>\n\t\t\t<\/div>\n\t\n\n\n<div class=\"wp-block-buttons is-layout-flex wp-block-buttons-is-layout-flex\">\n<div class=\"wp-block-button is-style-link\"><a class=\"wp-block-button__link wp-element-button\" href=\"https:\/\/naturvernforbundet.no\/hordaland\/reparasjonsgavekort\/\">Les mer<\/a><\/div>\n\n\n\n<div class=\"wp-block-button is-style-link\"><a class=\"wp-block-button__link wp-element-button\" href=\"https:\/\/naturvernforbundet.no\/hordaland\/reparasjonsgavekortet-informasjon-for-reparatorer\/\">Informasjon for reparat\u00f8rer<\/a><\/div>\n\n\n\n<div class=\"wp-block-button is-style-pink\"><a class=\"wp-block-button__link wp-element-button\" href=\"https:\/\/giftup.app\/place-order\/c0328ec5-e407-4658-91e4-8a01030800c7?platform=Hosted\">Kj\u00f8p Reparasjonsgavekortet!<\/a><\/div>\n<\/div>\n\n\n<div class=\"t2-accordion wp-block-t2-accordion\" data-allow-multiple=\"1\">\n<div class=\"t2-accordion-item wp-block-t2-accordion-item\">\t<h2 class=\"t2-accordion-title\">\n\t\t<button\n\t\t\taria-controls=\"accordion-panel\"\n\t\t\taria-expanded=\"false\"\n\t\t\tclass=\"t2-accordion-trigger\"\n\t\t\tid=\"kl\u00e6r\"\n\t\t\ttype=\"button\"\n\t\t>\n\t\t\tKl\u00e6r\t\t\t<span class=\"t2-accordion-icon is-closed-icon\">\n\t\t\t\t<svg xmlns=\"http:\/\/www.w3.org\/2000\/svg\" viewBox=\"0 0 24 24\" height=\"24\" width=\"24\" class=\"t2-icon t2-icon-chevrondown\" aria-hidden=\"true\" focusable=\"false\"><path d=\"M12 14.9c-.1 0-.3 0-.4-.1-.1 0-.2-.1-.3-.2L6.7 10c-.2-.1-.3-.4-.3-.6 0-.3.1-.5.3-.7.2-.2.4-.3.7-.3s.5.1.7.3l3.9 3.9 3.9-3.9c.2-.2.4-.3.7-.3.3 0 .5.1.7.3.2.2.3.4.3.7s-.1.5-.3.7l-4.6 4.6c-.1.1-.2.2-.3.2H12z\" \/><\/svg>\t\t\t<\/span>\n\t\t\t<span class=\"t2-accordion-icon is-open-icon\">\n\t\t\t\t<svg xmlns=\"http:\/\/www.w3.org\/2000\/svg\" viewBox=\"0 0 24 24\" height=\"24\" width=\"24\" class=\"t2-icon t2-icon-chevronup\" aria-hidden=\"true\" focusable=\"false\"><path d=\"M6.7 14.7c-.2-.2-.3-.4-.3-.7s.1-.5.3-.7l4.6-4.6c.1-.1.2-.2.3-.2.1 0 .2-.1.4-.1.1 0 .3 0 .4.1.1 0 .2.1.3.2l4.6 4.6c.2.2.3.4.3.7s-.1.5-.3.7c-.2.2-.4.3-.7.3s-.5-.1-.7-.3L12 10.8l-3.9 3.9c-.2.2-.4.3-.7.3s-.5-.1-.7-.3z\" \/><\/svg>\t\t\t<\/span>\n\t\t<\/button>\n\t<\/h2>\n\t\t<div\n\t\taria-labelledby=\"kl\u00e6r\"\n\t\tclass=\"t2-accordion-item__inner-container\"\n\t\tid=\"accordion-panel\"\n\t\trole=\"region\"\n\t\thidden\t>\n\t\t\n\n<div class=\"wp-block-group is-layout-constrained wp-block-group-is-layout-constrained\">\n<p><a href=\"https:\/\/www.astamr.no\/\" target=\"_blank\" rel=\"noreferrer noopener\"><strong>Astamr systue AS <\/strong><\/a>kan reparere, tilpasse&nbsp;og oppgradere det aller meste av kl\u00e6r og tekstiler.<span style=\"text-decoration: underline\"> Adresse til avd. Paradis<\/span>:&nbsp;Statsminister Michelsens veg 62, 5231 Paradis.<span style=\"text-decoration: underline\"> Adresse til avd. Bergen<\/span>: Bj\u00f8rnsons gate 18, 5059 Bergen. Telefon: 939 66 100.<\/p>\n\n\n\n<p><strong><a href=\"https:\/\/belleskredderi.no\/\" target=\"_blank\" rel=\"noreferrer noopener\">Belle skredderi AS&nbsp;<\/a><\/strong>er en systue som spesialiserer seg p\u00e5 design og redesign, men p\u00e5tar seg ogs\u00e5 reparasjonsoppdrag. OBS. Belle skredderi er midlertidig stengt! Adresse: Kanalveien 107, 5068 Bergen. Telefon: 922 65 372<\/p>\n\n\n\n<p><a href=\"https:\/\/www.bergenskredderi.com\/\" target=\"_blank\" rel=\"noreferrer noopener\"><strong>Bergen skredderi<\/strong><\/a>&nbsp;utf\u00f8rer&nbsp;b\u00e5de reparasjons- og skredderoppdrag. Adresse:&nbsp;Jonas Lies vei 4, 5053 Bergen. Telefon:&nbsp;90402421 \/ 90232206<\/p>\n\n\n\n<p><a href=\"https:\/\/www.facebook.com\/Egge-S%C3%B8m-Design-498659713647271\/\" target=\"_blank\" rel=\"noreferrer noopener\"><strong>Egge s\u00f8m og design<\/strong><\/a>&nbsp;er en&nbsp;tradisjonell systue som utf\u00f8rer alt fra sm\u00e5 rettinger til reparasjoner og det \u00e5 sy nye plagg. Adresse:&nbsp;St\u00f8legaten 3, 5003 Bergen. Telefon:&nbsp;55 32 82 45<\/p>\n\n\n\n<p><strong><a href=\"https:\/\/sknvik.wixsite.com\/sessysdesign\" target=\"_blank\" rel=\"noreferrer noopener\">Sessy&#8217;s Design<\/a><\/strong> reparerer, redesigner og lager skreddersydde kl\u00e6r. Adresse: Hetlevikvegen 86, Hetlevik. Telefon: 46835165<\/p>\n\n\n\n<p><a href=\"http:\/\/www.wanviksyr.no\/\" target=\"_blank\" rel=\"noreferrer noopener\"><strong>Wanvik syr<\/strong><\/a>&nbsp;er Morten Wanviks verksted for s\u00f8m, design og reparasjon&nbsp; av kl\u00e6r og tekstiler.&nbsp;&nbsp;Et spesialiseringsomr\u00e5de er reparasjon av turkl\u00e6r og -utstyr. Adresse: Nesttunhalsen 8. Telefon:&nbsp;90025474 (avtal tid p\u00e5 forh\u00e5nd).<\/p>\n<\/div>\n\n\t<\/div>\n\t<\/div>\n\n<div class=\"t2-accordion-item wp-block-t2-accordion-item\">\t<h2 class=\"t2-accordion-title\">\n\t\t<button\n\t\t\taria-controls=\"accordion-panel-1\"\n\t\t\taria-expanded=\"false\"\n\t\t\tclass=\"t2-accordion-trigger\"\n\t\t\tid=\"sko\"\n\t\t\ttype=\"button\"\n\t\t>\n\t\t\tSko\t\t\t<span class=\"t2-accordion-icon is-closed-icon\">\n\t\t\t\t<svg xmlns=\"http:\/\/www.w3.org\/2000\/svg\" viewBox=\"0 0 24 24\" height=\"24\" width=\"24\" class=\"t2-icon t2-icon-chevrondown\" aria-hidden=\"true\" focusable=\"false\"><path d=\"M12 14.9c-.1 0-.3 0-.4-.1-.1 0-.2-.1-.3-.2L6.7 10c-.2-.1-.3-.4-.3-.6 0-.3.1-.5.3-.7.2-.2.4-.3.7-.3s.5.1.7.3l3.9 3.9 3.9-3.9c.2-.2.4-.3.7-.3.3 0 .5.1.7.3.2.2.3.4.3.7s-.1.5-.3.7l-4.6 4.6c-.1.1-.2.2-.3.2H12z\" \/><\/svg>\t\t\t<\/span>\n\t\t\t<span class=\"t2-accordion-icon is-open-icon\">\n\t\t\t\t<svg xmlns=\"http:\/\/www.w3.org\/2000\/svg\" viewBox=\"0 0 24 24\" height=\"24\" width=\"24\" class=\"t2-icon t2-icon-chevronup\" aria-hidden=\"true\" focusable=\"false\"><path d=\"M6.7 14.7c-.2-.2-.3-.4-.3-.7s.1-.5.3-.7l4.6-4.6c.1-.1.2-.2.3-.2.1 0 .2-.1.4-.1.1 0 .3 0 .4.1.1 0 .2.1.3.2l4.6 4.6c.2.2.3.4.3.7s-.1.5-.3.7c-.2.2-.4.3-.7.3s-.5-.1-.7-.3L12 10.8l-3.9 3.9c-.2.2-.4.3-.7.3s-.5-.1-.7-.3z\" \/><\/svg>\t\t\t<\/span>\n\t\t<\/button>\n\t<\/h2>\n\t\t<div\n\t\taria-labelledby=\"sko\"\n\t\tclass=\"t2-accordion-item__inner-container\"\n\t\tid=\"accordion-panel-1\"\n\t\trole=\"region\"\n\t\thidden\t>\n\t\t\n\n<p><strong><a href=\"https:\/\/fotihosen.no\/\" target=\"_blank\" rel=\"noreferrer noopener\">Fot i Hosen AS<\/a><\/strong> kan reparere, tilpasse eller vedlikeholde skoene dine, men reparerer ogs\u00e5 mye annet, som vesker, jakker og glidel\u00e5ser.&nbsp; Adresse: Vestre Torggaten 10, 5015 Bergen. Telefon:&nbsp;416 75 676<\/p>\n\n\t<\/div>\n\t<\/div>\n\n<div class=\"t2-accordion-item wp-block-t2-accordion-item\">\t<h2 class=\"t2-accordion-title\">\n\t\t<button\n\t\t\taria-controls=\"accordion-panel-2\"\n\t\t\taria-expanded=\"false\"\n\t\t\tclass=\"t2-accordion-trigger\"\n\t\t\tid=\"m\u00f8bler\"\n\t\t\ttype=\"button\"\n\t\t>\n\t\t\tM\u00f8bler\t\t\t<span class=\"t2-accordion-icon is-closed-icon\">\n\t\t\t\t<svg xmlns=\"http:\/\/www.w3.org\/2000\/svg\" viewBox=\"0 0 24 24\" height=\"24\" width=\"24\" class=\"t2-icon t2-icon-chevrondown\" aria-hidden=\"true\" focusable=\"false\"><path d=\"M12 14.9c-.1 0-.3 0-.4-.1-.1 0-.2-.1-.3-.2L6.7 10c-.2-.1-.3-.4-.3-.6 0-.3.1-.5.3-.7.2-.2.4-.3.7-.3s.5.1.7.3l3.9 3.9 3.9-3.9c.2-.2.4-.3.7-.3.3 0 .5.1.7.3.2.2.3.4.3.7s-.1.5-.3.7l-4.6 4.6c-.1.1-.2.2-.3.2H12z\" \/><\/svg>\t\t\t<\/span>\n\t\t\t<span class=\"t2-accordion-icon is-open-icon\">\n\t\t\t\t<svg xmlns=\"http:\/\/www.w3.org\/2000\/svg\" viewBox=\"0 0 24 24\" height=\"24\" width=\"24\" class=\"t2-icon t2-icon-chevronup\" aria-hidden=\"true\" focusable=\"false\"><path d=\"M6.7 14.7c-.2-.2-.3-.4-.3-.7s.1-.5.3-.7l4.6-4.6c.1-.1.2-.2.3-.2.1 0 .2-.1.4-.1.1 0 .3 0 .4.1.1 0 .2.1.3.2l4.6 4.6c.2.2.3.4.3.7s-.1.5-.3.7c-.2.2-.4.3-.7.3s-.5-.1-.7-.3L12 10.8l-3.9 3.9c-.2.2-.4.3-.7.3s-.5-.1-.7-.3z\" \/><\/svg>\t\t\t<\/span>\n\t\t<\/button>\n\t<\/h2>\n\t\t<div\n\t\taria-labelledby=\"m\u00f8bler\"\n\t\tclass=\"t2-accordion-item__inner-container\"\n\t\tid=\"accordion-panel-2\"\n\t\trole=\"region\"\n\t\thidden\t>\n\t\t\n\n<div class=\"wp-block-group is-layout-constrained wp-block-group-is-layout-constrained\">\n<p><strong><a href=\"https:\/\/bhs.as\/\" target=\"_blank\" rel=\"noreferrer noopener\">Bergen h\u00e5ndverksenter AS<\/a> <\/strong>reparerer og restaurerer&nbsp;alle typer m\u00f8bler. Adresse: Janaflaten 37, 5179 Godvik. Telefon:&nbsp;55 94 13 20<\/p>\n\n\n\n<p><strong><a href=\"https:\/\/kalesjemannen.no\/\" target=\"_blank\" rel=\"noreferrer noopener\">Kalesjemannen <\/a><\/strong>reparerer m\u00f8bler, bilinnredning &#8211; og det meste som kan fikses med en kraftig symaskin og overlock-maskin. Det vil si alt fra kalesjer, vesker, arbeidskl\u00e6r, telt og hengek\u00f8yer. Adresse: Austefjordveien 194, 5379&nbsp;Steinsland. Telefon: 918 93 027<\/p>\n\n\n\n<p><strong><a href=\"https:\/\/lapes.no\/\" target=\"_blank\" rel=\"noreferrer noopener\">Lapes m\u00f8beltapetserer AS<\/a> <\/strong>reparerer og restaurerer alle type m\u00f8bler. Adresse:&nbsp;Glasskaret 1D, 5106 \u00d8vre Ervik. Telefon:&nbsp;463 83 791<\/p>\n<\/div>\n\n\t<\/div>\n\t<\/div>\n\n<div class=\"t2-accordion-item wp-block-t2-accordion-item\">\t<h2 class=\"t2-accordion-title\">\n\t\t<button\n\t\t\taria-controls=\"accordion-panel-3\"\n\t\t\taria-expanded=\"false\"\n\t\t\tclass=\"t2-accordion-trigger\"\n\t\t\tid=\"mobiltelefon,-data-og-nettbrett\"\n\t\t\ttype=\"button\"\n\t\t>\n\t\t\tMobiltelefon, data og nettbrett\t\t\t<span class=\"t2-accordion-icon is-closed-icon\">\n\t\t\t\t<svg xmlns=\"http:\/\/www.w3.org\/2000\/svg\" viewBox=\"0 0 24 24\" height=\"24\" width=\"24\" class=\"t2-icon t2-icon-chevrondown\" aria-hidden=\"true\" focusable=\"false\"><path d=\"M12 14.9c-.1 0-.3 0-.4-.1-.1 0-.2-.1-.3-.2L6.7 10c-.2-.1-.3-.4-.3-.6 0-.3.1-.5.3-.7.2-.2.4-.3.7-.3s.5.1.7.3l3.9 3.9 3.9-3.9c.2-.2.4-.3.7-.3.3 0 .5.1.7.3.2.2.3.4.3.7s-.1.5-.3.7l-4.6 4.6c-.1.1-.2.2-.3.2H12z\" \/><\/svg>\t\t\t<\/span>\n\t\t\t<span class=\"t2-accordion-icon is-open-icon\">\n\t\t\t\t<svg xmlns=\"http:\/\/www.w3.org\/2000\/svg\" viewBox=\"0 0 24 24\" height=\"24\" width=\"24\" class=\"t2-icon t2-icon-chevronup\" aria-hidden=\"true\" focusable=\"false\"><path d=\"M6.7 14.7c-.2-.2-.3-.4-.3-.7s.1-.5.3-.7l4.6-4.6c.1-.1.2-.2.3-.2.1 0 .2-.1.4-.1.1 0 .3 0 .4.1.1 0 .2.1.3.2l4.6 4.6c.2.2.3.4.3.7s-.1.5-.3.7c-.2.2-.4.3-.7.3s-.5-.1-.7-.3L12 10.8l-3.9 3.9c-.2.2-.4.3-.7.3s-.5-.1-.7-.3z\" \/><\/svg>\t\t\t<\/span>\n\t\t<\/button>\n\t<\/h2>\n\t\t<div\n\t\taria-labelledby=\"mobiltelefon,-data-og-nettbrett\"\n\t\tclass=\"t2-accordion-item__inner-container\"\n\t\tid=\"accordion-panel-3\"\n\t\trole=\"region\"\n\t\thidden\t>\n\t\t\n\n<div class=\"wp-block-group is-layout-constrained wp-block-group-is-layout-constrained\">\n<p><a href=\"https:\/\/www.mobilhjelpen.info\/\" target=\"_blank\" rel=\"noreferrer noopener\"><strong>Mobilhjelpen AS<\/strong><\/a> reparerer det meste av mobiltelefoner,&nbsp;nettbrett og datamaskiner. Adresse:&nbsp;Marken 8, 5017 Bergen. Telefon&nbsp;55 32 81 00<\/p>\n\n\n\n<p><strong><a href=\"https:\/\/camera.no\/\" target=\"_blank\" rel=\"noreferrer noopener\">C&amp;V teknikk AS<\/a> <\/strong>reparerer&nbsp;telefoner og nettbrett fra LG og Samsung. Adresse:&nbsp;Liavegen 1, 5132 Nyborg. Telefon&nbsp;55 39 38 80<\/p>\n\n\n\n<p><strong><a href=\"https:\/\/easypc.as\/\" target=\"_blank\" rel=\"noreferrer noopener\">EasyPC<\/a> <\/strong>fikser din PC eller Mac. De reparerer, oppgraderer trege datamaskiner, bytter batterier og gjennomf\u00f8rer vedlikehold som forlenger levetiden. Adresse: Markeveien 11, 5012 Bergen Telefon 400 33 003<\/p>\n\n\n\n<div class=\"wp-block-group is-layout-constrained wp-block-group-is-layout-constrained\">\n<p><a href=\"https:\/\/www.harddisk.no\/\" target=\"_blank\" rel=\"noreferrer noopener\"><strong>Harddisk AS<\/strong><\/a>&nbsp;er spesialist p\u00e5 PC reparasjon og oppgraderinger, og har ogs\u00e5 egne&nbsp;mobilverksteder.<\/p>\n\n\n\n<p>Sartor Senter:&nbsp;Sartorvegen 12, Sartor Storsenter, 2 etg, 5353 Straume. Telefon 924 54 150<\/p>\n\n\n\n<p>Lagunen Storsenter:&nbsp;Laguneveien 1, 5239 R\u00e5dal. Telefon 902 17 530<\/p>\n\n\n\n<p><\/p>\n\n\n\n<p><\/p>\n<\/div>\n<\/div>\n\n\t<\/div>\n\t<\/div>\n\n<div class=\"t2-accordion-item wp-block-t2-accordion-item\">\t<h2 class=\"t2-accordion-title\">\n\t\t<button\n\t\t\taria-controls=\"accordion-panel-4\"\n\t\t\taria-expanded=\"false\"\n\t\t\tclass=\"t2-accordion-trigger\"\n\t\t\tid=\"hvitevarer-og-tv\"\n\t\t\ttype=\"button\"\n\t\t>\n\t\t\tHvitevarer og tv\t\t\t<span class=\"t2-accordion-icon is-closed-icon\">\n\t\t\t\t<svg xmlns=\"http:\/\/www.w3.org\/2000\/svg\" viewBox=\"0 0 24 24\" height=\"24\" width=\"24\" class=\"t2-icon t2-icon-chevrondown\" aria-hidden=\"true\" focusable=\"false\"><path d=\"M12 14.9c-.1 0-.3 0-.4-.1-.1 0-.2-.1-.3-.2L6.7 10c-.2-.1-.3-.4-.3-.6 0-.3.1-.5.3-.7.2-.2.4-.3.7-.3s.5.1.7.3l3.9 3.9 3.9-3.9c.2-.2.4-.3.7-.3.3 0 .5.1.7.3.2.2.3.4.3.7s-.1.5-.3.7l-4.6 4.6c-.1.1-.2.2-.3.2H12z\" \/><\/svg>\t\t\t<\/span>\n\t\t\t<span class=\"t2-accordion-icon is-open-icon\">\n\t\t\t\t<svg xmlns=\"http:\/\/www.w3.org\/2000\/svg\" viewBox=\"0 0 24 24\" height=\"24\" width=\"24\" class=\"t2-icon t2-icon-chevronup\" aria-hidden=\"true\" focusable=\"false\"><path d=\"M6.7 14.7c-.2-.2-.3-.4-.3-.7s.1-.5.3-.7l4.6-4.6c.1-.1.2-.2.3-.2.1 0 .2-.1.4-.1.1 0 .3 0 .4.1.1 0 .2.1.3.2l4.6 4.6c.2.2.3.4.3.7s-.1.5-.3.7c-.2.2-.4.3-.7.3s-.5-.1-.7-.3L12 10.8l-3.9 3.9c-.2.2-.4.3-.7.3s-.5-.1-.7-.3z\" \/><\/svg>\t\t\t<\/span>\n\t\t<\/button>\n\t<\/h2>\n\t\t<div\n\t\taria-labelledby=\"hvitevarer-og-tv\"\n\t\tclass=\"t2-accordion-item__inner-container\"\n\t\tid=\"accordion-panel-4\"\n\t\trole=\"region\"\n\t\thidden\t>\n\t\t\n\n<div class=\"wp-block-group is-layout-constrained wp-block-group-is-layout-constrained\">\n<p><strong><a href=\"https:\/\/camera.no\/\" target=\"_blank\" rel=\"noreferrer noopener\">C&amp;V teknikk AS<\/a> <\/strong>reparerer ogs\u00e5 utstyr som kameraer,&nbsp;lydutstyr, tv-apparater og hvitevarer. Adresse:&nbsp;Liavegen 1, 5132 Nyborg. Telefon:&nbsp;55 39 38 80<\/p>\n\n\n\n<p><a href=\"https:\/\/elektrotec.no\/\" target=\"_blank\" rel=\"noreferrer noopener\"><strong>Elektrotec AS<\/strong><\/a>&nbsp;tilbyr reparasjon av forbrukerelektronikk, herunder hvitevare, kj\u00f8l og TV. Adresse:&nbsp;Storebotn N\u00e6ringspark 65, 5309 Kleppest\u00f8. Telefon: 56 15 29 00<\/p>\n<\/div>\n\n\t<\/div>\n\t<\/div>\n\n<div class=\"t2-accordion-item wp-block-t2-accordion-item\">\t<h2 class=\"t2-accordion-title\">\n\t\t<button\n\t\t\taria-controls=\"accordion-panel-5\"\n\t\t\taria-expanded=\"false\"\n\t\t\tclass=\"t2-accordion-trigger\"\n\t\t\tid=\"sykler\"\n\t\t\ttype=\"button\"\n\t\t>\n\t\t\tSykler\t\t\t<span class=\"t2-accordion-icon is-closed-icon\">\n\t\t\t\t<svg xmlns=\"http:\/\/www.w3.org\/2000\/svg\" viewBox=\"0 0 24 24\" height=\"24\" width=\"24\" class=\"t2-icon t2-icon-chevrondown\" aria-hidden=\"true\" focusable=\"false\"><path d=\"M12 14.9c-.1 0-.3 0-.4-.1-.1 0-.2-.1-.3-.2L6.7 10c-.2-.1-.3-.4-.3-.6 0-.3.1-.5.3-.7.2-.2.4-.3.7-.3s.5.1.7.3l3.9 3.9 3.9-3.9c.2-.2.4-.3.7-.3.3 0 .5.1.7.3.2.2.3.4.3.7s-.1.5-.3.7l-4.6 4.6c-.1.1-.2.2-.3.2H12z\" \/><\/svg>\t\t\t<\/span>\n\t\t\t<span class=\"t2-accordion-icon is-open-icon\">\n\t\t\t\t<svg xmlns=\"http:\/\/www.w3.org\/2000\/svg\" viewBox=\"0 0 24 24\" height=\"24\" width=\"24\" class=\"t2-icon t2-icon-chevronup\" aria-hidden=\"true\" focusable=\"false\"><path d=\"M6.7 14.7c-.2-.2-.3-.4-.3-.7s.1-.5.3-.7l4.6-4.6c.1-.1.2-.2.3-.2.1 0 .2-.1.4-.1.1 0 .3 0 .4.1.1 0 .2.1.3.2l4.6 4.6c.2.2.3.4.3.7s-.1.5-.3.7c-.2.2-.4.3-.7.3s-.5-.1-.7-.3L12 10.8l-3.9 3.9c-.2.2-.4.3-.7.3s-.5-.1-.7-.3z\" \/><\/svg>\t\t\t<\/span>\n\t\t<\/button>\n\t<\/h2>\n\t\t<div\n\t\taria-labelledby=\"sykler\"\n\t\tclass=\"t2-accordion-item__inner-container\"\n\t\tid=\"accordion-panel-5\"\n\t\trole=\"region\"\n\t\thidden\t>\n\t\t\n\n<p><a href=\"http:\/\/www.cyclofix.no\/\" target=\"_blank\" rel=\"noreferrer noopener\"><strong>Cyclofix AS <\/strong><\/a>er Bergens&nbsp;omreisende sykkelreparat\u00f8r og kommer hjem til deg for \u00e5 reparere, men har ogs\u00e5 eget verksted. Adresse:&nbsp;Conrad Mohrs veg 25, 5072 Bergen. Telefon&nbsp;922 20 919.<\/p>\n\n\t<\/div>\n\t<\/div>\n\n<div class=\"t2-accordion-item wp-block-t2-accordion-item\">\t<h2 class=\"t2-accordion-title\">\n\t\t<button\n\t\t\taria-controls=\"accordion-panel-6\"\n\t\t\taria-expanded=\"false\"\n\t\t\tclass=\"t2-accordion-trigger\"\n\t\t\tid=\"gullsmed\"\n\t\t\ttype=\"button\"\n\t\t>\n\t\t\tGullsmed\t\t\t<span class=\"t2-accordion-icon is-closed-icon\">\n\t\t\t\t<svg xmlns=\"http:\/\/www.w3.org\/2000\/svg\" viewBox=\"0 0 24 24\" height=\"24\" width=\"24\" class=\"t2-icon t2-icon-chevrondown\" aria-hidden=\"true\" focusable=\"false\"><path d=\"M12 14.9c-.1 0-.3 0-.4-.1-.1 0-.2-.1-.3-.2L6.7 10c-.2-.1-.3-.4-.3-.6 0-.3.1-.5.3-.7.2-.2.4-.3.7-.3s.5.1.7.3l3.9 3.9 3.9-3.9c.2-.2.4-.3.7-.3.3 0 .5.1.7.3.2.2.3.4.3.7s-.1.5-.3.7l-4.6 4.6c-.1.1-.2.2-.3.2H12z\" \/><\/svg>\t\t\t<\/span>\n\t\t\t<span class=\"t2-accordion-icon is-open-icon\">\n\t\t\t\t<svg xmlns=\"http:\/\/www.w3.org\/2000\/svg\" viewBox=\"0 0 24 24\" height=\"24\" width=\"24\" class=\"t2-icon t2-icon-chevronup\" aria-hidden=\"true\" focusable=\"false\"><path d=\"M6.7 14.7c-.2-.2-.3-.4-.3-.7s.1-.5.3-.7l4.6-4.6c.1-.1.2-.2.3-.2.1 0 .2-.1.4-.1.1 0 .3 0 .4.1.1 0 .2.1.3.2l4.6 4.6c.2.2.3.4.3.7s-.1.5-.3.7c-.2.2-.4.3-.7.3s-.5-.1-.7-.3L12 10.8l-3.9 3.9c-.2.2-.4.3-.7.3s-.5-.1-.7-.3z\" \/><\/svg>\t\t\t<\/span>\n\t\t<\/button>\n\t<\/h2>\n\t\t<div\n\t\taria-labelledby=\"gullsmed\"\n\t\tclass=\"t2-accordion-item__inner-container\"\n\t\tid=\"accordion-panel-6\"\n\t\trole=\"region\"\n\t\thidden\t>\n\t\t\n\n<p><strong><a href=\"http:\/\/arven.no\" target=\"_blank\" rel=\"noreferrer noopener\">Arven<\/a><\/strong> har lang erfaring med&nbsp;restaurering og reparasjon av smykker og s\u00f8lvt\u00f8y.&nbsp;De kan m\u00e5lforandre en ring, reparere en \u00f8delagt fl\u00f8temugge&nbsp;eller feste en l\u00f8s edelsten.&nbsp;De kan ogs\u00e5 pusse opp ditt s\u00f8lvbestikk&nbsp;eller bunadss\u00f8lv&nbsp;og de reparerer alt fra \u00f8delagte ordf\u00f8rerkjeder&nbsp;til kostbare&nbsp;samleobjekter og kirkes\u00f8lv som er kommet til skade. Adresse: Sandbrogaten 11,&nbsp;5003&nbsp;Bergen. Epost: shop@arven.no.&nbsp;Telefon: 55 55 14 40.<\/p>\n\n\t<\/div>\n\t<\/div>\n<\/div>\n\n\n<h3 class=\"wp-block-heading\" id=\"finner-du-ikke-din-lokale-reparator-pa-listen-var\">Finner du ikke din lokale reparat\u00f8r p\u00e5 listen v\u00e5r?<\/h3>\n\n\n\n<p>Da m\u00e5&nbsp;du ta kontakt med oss p\u00e5 <a href=\"mailto:reparasjonsgavekortet@naturvernforbundet.no?subject=Reparat%C3%B8rtips\">reparasjonsgavekortet@naturvernforbundet.no<\/a>, s\u00e5 skal vi&nbsp;tipse dem om Reparasjonsgavekortet og pr\u00f8ve \u00e5 f\u00e5 dem med!<\/p>\n\n\n\n<div class=\"wp-block-buttons is-content-justification-center is-layout-flex wp-container-core-buttons-is-layout-2 wp-block-buttons-is-layout-flex\">\n<div class=\"wp-block-button\"><a class=\"wp-block-button__link wp-element-button\" href=\"https:\/\/naturvernforbundet.no\/hordaland\/saker\/reparere\/\">Mer om reparasjon og forbruk<\/a><\/div>\n<\/div>\n\n\n\n<div class=\"wp-block-group alignfull is-style-green-light is-layout-constrained wp-block-group-is-layout-constrained\">\n<div class=\"wp-block-media-text alignwide is-stacked-on-mobile\"><figure class=\"wp-block-media-text__media\"><img loading=\"lazy\" decoding=\"async\" width=\"1024\" height=\"538\" src=\"https:\/\/naturvernforbundet.no\/content\/uploads\/sites\/13\/2022\/11\/RG-facebook1-1024x538.jpg\" alt=\"Reparasjonsgavekortet ligger p\u00e5 et bord med tr\u00e5dsneller og saks\" class=\"wp-image-2546 size-full\" srcset=\"https:\/\/naturvernforbundet.no\/content\/uploads\/sites\/13\/2022\/11\/RG-facebook1-1024x538.jpg 1024w, https:\/\/naturvernforbundet.no\/content\/uploads\/sites\/13\/2022\/11\/RG-facebook1-300x158.jpg 300w, https:\/\/naturvernforbundet.no\/content\/uploads\/sites\/13\/2022\/11\/RG-facebook1-768x403.jpg 768w, https:\/\/naturvernforbundet.no\/content\/uploads\/sites\/13\/2022\/11\/RG-facebook1.jpg 1200w\" sizes=\"auto, (max-width: 1024px) 100vw, 1024px\" \/><\/figure><div class=\"wp-block-media-text__content\">\n<h2 class=\"wp-block-heading\" id=\"gi-en-reparasjon-i-gave\">Gi en reparasjon i gave!<\/h2>\n\n\n\n<p>Gi en reparasjon i gave i stedet for \u00e5 kj\u00f8pe nytt. Et b\u00e6rekraftig og meningsfullt valg! <\/p>\n\n\n\n<p>Tilgjengelig i Bergen.<\/p>\n\n\n\n<div class=\"wp-block-buttons is-layout-flex wp-block-buttons-is-layout-flex\">\n<div class=\"wp-block-button is-style-fill\"><a class=\"wp-block-button__link wp-element-button\" href=\"https:\/\/naturvernforbundet.no\/hordaland\/reparasjonsgavekort\/\">Les mer<\/a><\/div>\n\n\n\n<div class=\"wp-block-button is-style-pink\"><a class=\"wp-block-button__link wp-element-button\" href=\"https:\/\/giftup.app\/place-order\/c0328ec5-e407-4658-91e4-8a01030800c7?platform=Hosted\">Kj\u00f8p her!<\/a><\/div>\n\n\n\n<div class=\"wp-block-button is-style-link\"><a class=\"wp-block-button__link wp-element-button\" href=\"https:\/\/naturvernforbundet.no\/hordaland\/reparasjonsgavekortet-informasjon-for-reparatorer\/\">Info for reparat\u00f8rer<\/a><\/div>\n\n\n\n<div class=\"wp-block-button is-style-link\"><a class=\"wp-block-button__link wp-element-button\" href=\"https:\/\/naturvernforbundet.no\/hordaland\/liste-over-reparatorer\/\">Her kan du bruke gavekortet<\/a><\/div>\n<\/div>\n<\/div><\/div>\n<\/div>\n\n\n\n<div class=\"wp-block-group alignwide is-layout-constrained wp-block-group-is-layout-constrained\">\n<h2 class=\"has-text-align-center wp-block-heading\">Artikler om reparasjon og forbruk<\/h2>\n\n\n<div class=\"t2-featured-content-layout alignwide alignwide wp-block-t2-featured-content-layout\">\n<div class=\"t2-featured-query-post t2-featured-content is-post-type-post category-aktuelt category-forbruk local-bergen wp-block-t2-featured-query-post\"><a class=\"t2-post-link wp-block-t2-post-link\" href=\"https:\/\/naturvernforbundet.no\/hordaland\/vi-soker-deltakere-til-forskningsprosjekt\/\">\n<figure style=\"--t2-focal-point: 50% 50%;\" class=\"t2-post-featured-image has-image-ratio-4-3 wp-block-t2-post-featured-image\"><img loading=\"lazy\" decoding=\"async\" width=\"1920\" height=\"1080\" src=\"https:\/\/naturvernforbundet.no\/content\/uploads\/sites\/13\/2025\/11\/CircleUp-banner-uten-logo.png\" class=\"attachment-post-thumbnail size-post-thumbnail wp-post-image\" alt=\"En familie som er i gang p\u00e5 et hvitt kj\u00f8kken\" srcset=\"https:\/\/naturvernforbundet.no\/content\/uploads\/sites\/13\/2025\/11\/CircleUp-banner-uten-logo.png 1920w, https:\/\/naturvernforbundet.no\/content\/uploads\/sites\/13\/2025\/11\/CircleUp-banner-uten-logo-300x169.png 300w, https:\/\/naturvernforbundet.no\/content\/uploads\/sites\/13\/2025\/11\/CircleUp-banner-uten-logo-1024x576.png 1024w, https:\/\/naturvernforbundet.no\/content\/uploads\/sites\/13\/2025\/11\/CircleUp-banner-uten-logo-768x432.png 768w, https:\/\/naturvernforbundet.no\/content\/uploads\/sites\/13\/2025\/11\/CircleUp-banner-uten-logo-1536x864.png 1536w\" sizes=\"auto, (max-width: 1920px) 100vw, 1920px\" \/><\/figure>\n\n<div class=\"wp-block-group alignfull is-layout-flow wp-block-group-is-layout-flow\">\n\t<h2 class=\"t2-post-title wp-block-t2-post-title\">Vi s\u00f8ker deltakere til forskningsprosjekt<\/h2>\n\t<p class=\"wp-block-naturvern-post-excerpt\">Hva motiverer folk til \u00e5 kaste mindre s\u00f8ppel, gjenbruke mer og \u00e5 kj\u00f8pe mindre? Bli med p\u00e5 det innovative forskningsprosjektet CircleUp og bidra til \u00e5 finne svar p\u00e5 disse sp\u00f8rsm\u00e5lene. Oppdraget honoreres med 200 euro.<\/p>\n\t\t<div class=\"wp-block-naturvern-post-meta\">\n\t\t\t\t\t<span class=\"cat\">\n\t\t\t\t\t\t\t\t\t<span><span class=\"tag-link\" data-href=\"https:\/\/naturvernforbundet.no\/hordaland\/category\/aktuelt\/\">Aktuelt<\/span><\/span>\n\t\t\t\t\t\t\t\t\t<span><span class=\"tag-link\" data-href=\"https:\/\/naturvernforbundet.no\/hordaland\/category\/forbruk\/\">Forbruk<\/span><\/span>\n\t\t\t\t\t\t\t<\/span>\n\t\t\t\t\t\t\t<span class=\"date\">11.12.2025<\/span>\n\t\t\t<\/div>\n\t\n<\/div>\n\n<\/a>\n<\/div>\n\n<div class=\"t2-featured-query-post t2-featured-content is-post-type-post category-aktuelt category-forbruk category-uttale wp-block-t2-featured-query-post\"><a class=\"t2-post-link wp-block-t2-post-link\" href=\"https:\/\/naturvernforbundet.no\/hordaland\/ny-ordning-med-innsamling-av-tekstilavfall\/\">\n<figure style=\"--t2-focal-point: 50% 50%;\" class=\"t2-post-featured-image has-image-ratio-4-3 wp-block-t2-post-featured-image\"><img loading=\"lazy\" decoding=\"async\" width=\"1280\" height=\"850\" src=\"https:\/\/naturvernforbundet.no\/content\/uploads\/sites\/13\/2025\/01\/Klaer.-Foto-av-Tony-Prats-via-Pixabay.jpg\" class=\"attachment-post-thumbnail size-post-thumbnail wp-post-image\" alt=\"kl\u00e6r i en haug\" srcset=\"https:\/\/naturvernforbundet.no\/content\/uploads\/sites\/13\/2025\/01\/Klaer.-Foto-av-Tony-Prats-via-Pixabay.jpg 1280w, https:\/\/naturvernforbundet.no\/content\/uploads\/sites\/13\/2025\/01\/Klaer.-Foto-av-Tony-Prats-via-Pixabay-300x199.jpg 300w, https:\/\/naturvernforbundet.no\/content\/uploads\/sites\/13\/2025\/01\/Klaer.-Foto-av-Tony-Prats-via-Pixabay-1024x680.jpg 1024w, https:\/\/naturvernforbundet.no\/content\/uploads\/sites\/13\/2025\/01\/Klaer.-Foto-av-Tony-Prats-via-Pixabay-768x510.jpg 768w\" sizes=\"auto, (max-width: 1280px) 100vw, 1280px\" \/><\/figure>\n\n<div class=\"wp-block-group alignfull is-layout-flow wp-block-group-is-layout-flow\">\n\t<h2 class=\"t2-post-title wp-block-t2-post-title\">Ny ordning med innsamling av tekstilavfall<\/h2>\n\t<p class=\"wp-block-naturvern-post-excerpt\">Vi har stilt oss bak et felles brev til BIR. <\/p>\n\t\t<div class=\"wp-block-naturvern-post-meta\">\n\t\t\t\t\t<span class=\"cat\">\n\t\t\t\t\t\t\t\t\t<span><span class=\"tag-link\" data-href=\"https:\/\/naturvernforbundet.no\/hordaland\/category\/aktuelt\/\">Aktuelt<\/span><\/span>\n\t\t\t\t\t\t\t\t\t<span><span class=\"tag-link\" data-href=\"https:\/\/naturvernforbundet.no\/hordaland\/category\/forbruk\/\">Forbruk<\/span><\/span>\n\t\t\t\t\t\t\t\t\t<span><span class=\"tag-link\" data-href=\"https:\/\/naturvernforbundet.no\/hordaland\/category\/uttale\/\">Uttale<\/span><\/span>\n\t\t\t\t\t\t\t<\/span>\n\t\t\t\t\t\t\t<span class=\"date\">03.01.2025<\/span>\n\t\t\t<\/div>\n\t\n<\/div>\n\n<\/a>\n<\/div>\n\n<div class=\"t2-featured-query-post t2-featured-content is-post-type-post category-aktuelt category-forbruk category-naturvest category-plast wp-block-t2-featured-query-post\"><a class=\"t2-post-link wp-block-t2-post-link\" href=\"https:\/\/naturvernforbundet.no\/hordaland\/takeaway-pant\/\">\n<figure style=\"--t2-focal-point: 50% 50%;\" class=\"t2-post-featured-image has-image-ratio-4-3 wp-block-t2-post-featured-image\"><img loading=\"lazy\" decoding=\"async\" width=\"8256\" height=\"5504\" src=\"https:\/\/naturvernforbundet.no\/content\/uploads\/sites\/13\/2024\/12\/A23_7082.jpg\" class=\"attachment-post-thumbnail size-post-thumbnail wp-post-image\" alt=\"pante gjenbrukskopp\" srcset=\"https:\/\/naturvernforbundet.no\/content\/uploads\/sites\/13\/2024\/12\/A23_7082.jpg 8256w, https:\/\/naturvernforbundet.no\/content\/uploads\/sites\/13\/2024\/12\/A23_7082-300x200.jpg 300w, https:\/\/naturvernforbundet.no\/content\/uploads\/sites\/13\/2024\/12\/A23_7082-1024x683.jpg 1024w, https:\/\/naturvernforbundet.no\/content\/uploads\/sites\/13\/2024\/12\/A23_7082-768x512.jpg 768w, https:\/\/naturvernforbundet.no\/content\/uploads\/sites\/13\/2024\/12\/A23_7082-1536x1024.jpg 1536w\" sizes=\"auto, (max-width: 8256px) 100vw, 8256px\" \/><\/figure>\n\n<div class=\"wp-block-group alignfull is-layout-flow wp-block-group-is-layout-flow\">\n\t<h2 class=\"t2-post-title wp-block-t2-post-title\">Takeaway-pant<\/h2>\n\t<p class=\"wp-block-naturvern-post-excerpt\">Takeaway-emballasje fors\u00f8pler de fleste byer, men i Aarhus har de sl\u00e5tt seg sammen med norske TOMRA for \u00e5 lage et pantesystem for kopper og glass. \u00a0<\/p>\n\t\t<div class=\"wp-block-naturvern-post-meta\">\n\t\t\t\t\t<span class=\"cat\">\n\t\t\t\t\t\t\t\t\t<span><span class=\"tag-link\" data-href=\"https:\/\/naturvernforbundet.no\/hordaland\/category\/aktuelt\/\">Aktuelt<\/span><\/span>\n\t\t\t\t\t\t\t\t\t<span><span class=\"tag-link\" data-href=\"https:\/\/naturvernforbundet.no\/hordaland\/category\/forbruk\/\">Forbruk<\/span><\/span>\n\t\t\t\t\t\t\t\t\t<span><span class=\"tag-link\" data-href=\"https:\/\/naturvernforbundet.no\/hordaland\/category\/naturvest\/\">NaturVest<\/span><\/span>\n\t\t\t\t\t\t\t\t\t<span><span class=\"tag-link\" data-href=\"https:\/\/naturvernforbundet.no\/hordaland\/category\/plast\/\">Plast<\/span><\/span>\n\t\t\t\t\t\t\t<\/span>\n\t\t\t\t\t\t\t<span class=\"date\">16.12.2024<\/span>\n\t\t\t<\/div>\n\t\n<\/div>\n\n<\/a>\n<\/div>\n<\/div><\/div>\n\n\n\n<div class=\"wp-block-group alignwide is-style-green-light is-layout-constrained wp-block-group-is-layout-constrained\">\n<div class=\"wp-block-media-text alignwide has-media-on-the-right is-stacked-on-mobile is-image-fill\" style=\"grid-template-columns:auto 36%\"><div class=\"wp-block-media-text__content\">\n<h2 class=\"wp-block-heading\" id=\"bli-frivillig-i-gruppen-fiks-og-forbruk\">Bli frivillig i gruppen &laquo;Fiks og forbruk&raquo;!<\/h2>\n\n\n\n<p>Frivillige i denne gruppen m\u00f8tes for \u00e5 for \u00e5 sy og redesigne, er med p\u00e5 \u00e5 organisere klesbyttedagen og  fiksefester. De kan skrive artikler, hjelpe med SOME, st\u00e5 p\u00e5 stand, selge reparasjonsgavekort.<\/p>\n\n\n\n<p>V\u00e5re frivillige f\u00e5r attest, mat p\u00e5 aktiviteter, blir kjent med andre og f\u00e5r god oppf\u00f8lging fra ansatt.<\/p>\n\n\n\n<p>Vil du bli frivillig i gruppen, eller h\u00f8re mer? Ta kontakt med Lena (<a href=\"mailto:lt@naturvernforbundet.no\">lt@naturvernforbundet.no<\/a>).<\/p>\n<\/div><figure class=\"wp-block-media-text__media\" style=\"background-image:url(https:\/\/naturvernforbundet.no\/content\/uploads\/sites\/13\/2023\/12\/IMG_4439-1024x768.jpeg);background-position:50% 50%\"><img loading=\"lazy\" decoding=\"async\" width=\"1024\" height=\"768\" src=\"https:\/\/naturvernforbundet.no\/content\/uploads\/sites\/13\/2023\/12\/IMG_4439-1024x768.jpeg\" alt=\"sy selv kveld, reparasjon, frivillige, fiks og forbruk\" class=\"wp-image-7137 size-full\" srcset=\"https:\/\/naturvernforbundet.no\/content\/uploads\/sites\/13\/2023\/12\/IMG_4439-1024x768.jpeg 1024w, https:\/\/naturvernforbundet.no\/content\/uploads\/sites\/13\/2023\/12\/IMG_4439-300x225.jpeg 300w, https:\/\/naturvernforbundet.no\/content\/uploads\/sites\/13\/2023\/12\/IMG_4439-768x576.jpeg 768w, https:\/\/naturvernforbundet.no\/content\/uploads\/sites\/13\/2023\/12\/IMG_4439-1536x1152.jpeg 1536w, https:\/\/naturvernforbundet.no\/content\/uploads\/sites\/13\/2023\/12\/IMG_4439-2048x1536.jpeg 2048w, https:\/\/naturvernforbundet.no\/content\/uploads\/sites\/13\/2023\/12\/IMG_4439-1920x1440.jpeg 1920w\" sizes=\"auto, (max-width: 1024px) 100vw, 1024px\" \/><span class=\"t2-image-credit-name\">Foto: Lena Teigland<\/span><\/figure><\/div>\n<\/div>\n","protected":false},"excerpt":{"rendered":"<p>Oversikt over hvor du kan bruke Reparasjonsgavekortet.<\/p>\n","protected":false},"author":185,"featured_media":3168,"comment_status":"closed","ping_status":"closed","sticky":false,"template":"","format":"standard","meta":{"_relevanssi_hide_post":"","_relevanssi_hide_content":"","_relevanssi_pin_for_all":"","_relevanssi_pin_keywords":"","_relevanssi_unpin_keywords":"","_relevanssi_related_keywords":"","_relevanssi_related_include_ids":"","_relevanssi_related_exclude_ids":"","_relevanssi_related_no_append":"","_relevanssi_related_not_related":"","_relevanssi_related_posts":"11765,12529,10963,12496,12516,12605","_relevanssi_noindex_reason":"","t2_featured_media_focal_point":{"x":0.5,"y":0.5},"hide_logo":false,"footnotes":""},"categories":[56],"local":[],"class_list":["post-3165","post","type-post","status-publish","format-standard","has-post-thumbnail","hentry","category-reparasjonsgavekortet"],"acf":[],"yoast_head":"<!-- This site is optimized with the Yoast SEO plugin v24.9 - https:\/\/yoast.com\/wordpress\/plugins\/seo\/ -->\n<title>Her kan du bruke Reparasjonsgavekortet - Hordaland<\/title>\n<meta name=\"description\" content=\"Hvis du har f\u00e5tt et Reparasjonsgavekort kan du bruke det hos en mengde reparat\u00f8rer. Her ser du hvilke reparat\u00f8rer som er med i ordningen.\" \/>\n<meta name=\"robots\" content=\"index, follow, max-snippet:-1, max-image-preview:large, max-video-preview:-1\" \/>\n<link rel=\"canonical\" href=\"https:\/\/naturvernforbundet.no\/hordaland\/liste-over-reparatorer\/\" \/>\n<meta property=\"og:locale\" content=\"nb_NO\" \/>\n<meta property=\"og:type\" content=\"article\" \/>\n<meta property=\"og:title\" content=\"Her kan du bruke Reparasjonsgavekortet - Hordaland\" \/>\n<meta property=\"og:description\" content=\"Hvis du har f\u00e5tt et Reparasjonsgavekort kan du bruke det hos en mengde reparat\u00f8rer. Her ser du hvilke reparat\u00f8rer som er med i ordningen.\" \/>\n<meta property=\"og:url\" content=\"https:\/\/naturvernforbundet.no\/hordaland\/liste-over-reparatorer\/\" \/>\n<meta property=\"og:site_name\" content=\"Hordaland\" \/>\n<meta property=\"article:publisher\" content=\"https:\/\/www.facebook.com\/naturvernforbundet.hordaland\" \/>\n<meta property=\"article:published_time\" content=\"2022-11-25T15:27:38+00:00\" \/>\n<meta property=\"article:modified_time\" content=\"2025-11-10T11:04:53+00:00\" \/>\n<meta property=\"og:image\" content=\"https:\/\/naturvernforbundet.no\/content\/uploads\/sites\/13\/2022\/11\/RG-facebook3.jpg\" \/>\n\t<meta property=\"og:image:width\" content=\"1200\" \/>\n\t<meta property=\"og:image:height\" content=\"630\" \/>\n\t<meta property=\"og:image:type\" content=\"image\/jpeg\" \/>\n<meta name=\"author\" content=\"Mona Maria L\u00f8berg\" \/>\n<meta name=\"twitter:card\" content=\"summary_large_image\" \/>\n<meta name=\"twitter:label1\" content=\"Skrevet av\" \/>\n\t<meta name=\"twitter:data1\" content=\"Mona Maria L\u00f8berg\" \/>\n\t<meta name=\"twitter:label2\" content=\"Ansl. lesetid\" \/>\n\t<meta name=\"twitter:data2\" content=\"5 minutter\" \/>\n<script type=\"application\/ld+json\" class=\"yoast-schema-graph\">{\"@context\":\"https:\/\/schema.org\",\"@graph\":[{\"@type\":\"Article\",\"@id\":\"https:\/\/naturvernforbundet.no\/hordaland\/liste-over-reparatorer\/#article\",\"isPartOf\":{\"@id\":\"https:\/\/naturvernforbundet.no\/hordaland\/liste-over-reparatorer\/\"},\"author\":{\"name\":\"Mona Maria L\u00f8berg\",\"@id\":\"https:\/\/naturvernforbundet.no\/hordaland\/#\/schema\/person\/2b4f064c76270324a903c0a70e9f6afd\"},\"headline\":\"Her kan du bruke Reparasjonsgavekortet\",\"datePublished\":\"2022-11-25T15:27:38+00:00\",\"dateModified\":\"2025-11-10T11:04:53+00:00\",\"mainEntityOfPage\":{\"@id\":\"https:\/\/naturvernforbundet.no\/hordaland\/liste-over-reparatorer\/\"},\"wordCount\":569,\"publisher\":{\"@id\":\"https:\/\/naturvernforbundet.no\/hordaland\/#organization\"},\"image\":{\"@id\":\"https:\/\/naturvernforbundet.no\/hordaland\/liste-over-reparatorer\/#primaryimage\"},\"thumbnailUrl\":\"https:\/\/naturvernforbundet.no\/content\/uploads\/sites\/13\/2022\/11\/RG-facebook3.jpg\",\"articleSection\":[\"Reparasjonsgavekortet\"],\"inLanguage\":\"nb-NO\"},{\"@type\":\"WebPage\",\"@id\":\"https:\/\/naturvernforbundet.no\/hordaland\/liste-over-reparatorer\/\",\"url\":\"https:\/\/naturvernforbundet.no\/hordaland\/liste-over-reparatorer\/\",\"name\":\"Her kan du bruke Reparasjonsgavekortet - Hordaland\",\"isPartOf\":{\"@id\":\"https:\/\/naturvernforbundet.no\/hordaland\/#website\"},\"primaryImageOfPage\":{\"@id\":\"https:\/\/naturvernforbundet.no\/hordaland\/liste-over-reparatorer\/#primaryimage\"},\"image\":{\"@id\":\"https:\/\/naturvernforbundet.no\/hordaland\/liste-over-reparatorer\/#primaryimage\"},\"thumbnailUrl\":\"https:\/\/naturvernforbundet.no\/content\/uploads\/sites\/13\/2022\/11\/RG-facebook3.jpg\",\"datePublished\":\"2022-11-25T15:27:38+00:00\",\"dateModified\":\"2025-11-10T11:04:53+00:00\",\"description\":\"Hvis du har f\u00e5tt et Reparasjonsgavekort kan du bruke det hos en mengde reparat\u00f8rer. Her ser du hvilke reparat\u00f8rer som er med i ordningen.\",\"breadcrumb\":{\"@id\":\"https:\/\/naturvernforbundet.no\/hordaland\/liste-over-reparatorer\/#breadcrumb\"},\"inLanguage\":\"nb-NO\",\"potentialAction\":[{\"@type\":\"ReadAction\",\"target\":[\"https:\/\/naturvernforbundet.no\/hordaland\/liste-over-reparatorer\/\"]}]},{\"@type\":\"ImageObject\",\"inLanguage\":\"nb-NO\",\"@id\":\"https:\/\/naturvernforbundet.no\/hordaland\/liste-over-reparatorer\/#primaryimage\",\"url\":\"https:\/\/naturvernforbundet.no\/content\/uploads\/sites\/13\/2022\/11\/RG-facebook3.jpg\",\"contentUrl\":\"https:\/\/naturvernforbundet.no\/content\/uploads\/sites\/13\/2022\/11\/RG-facebook3.jpg\",\"width\":1200,\"height\":630,\"caption\":\"liste reparat\u00f8rer reparasjonsgavekortet\"},{\"@type\":\"BreadcrumbList\",\"@id\":\"https:\/\/naturvernforbundet.no\/hordaland\/liste-over-reparatorer\/#breadcrumb\",\"itemListElement\":[{\"@type\":\"ListItem\",\"position\":1,\"name\":\"Till naturvernforbundet.no\",\"item\":\"https:\/\/naturvernforbundet.no\/\"},{\"@type\":\"ListItem\",\"position\":2,\"name\":\"Hordaland\",\"item\":\"https:\/\/naturvernforbundet.no\/hordaland\/\"},{\"@type\":\"ListItem\",\"position\":3,\"name\":\"Her kan du bruke Reparasjonsgavekortet\"}]},{\"@type\":\"WebSite\",\"@id\":\"https:\/\/naturvernforbundet.no\/hordaland\/#website\",\"url\":\"https:\/\/naturvernforbundet.no\/hordaland\/\",\"name\":\"Hordaland\",\"description\":\"\",\"publisher\":{\"@id\":\"https:\/\/naturvernforbundet.no\/hordaland\/#organization\"},\"potentialAction\":[{\"@type\":\"SearchAction\",\"target\":{\"@type\":\"EntryPoint\",\"urlTemplate\":\"https:\/\/naturvernforbundet.no\/hordaland\/?s={search_term_string}\"},\"query-input\":{\"@type\":\"PropertyValueSpecification\",\"valueRequired\":true,\"valueName\":\"search_term_string\"}}],\"inLanguage\":\"nb-NO\"},{\"@type\":\"Organization\",\"@id\":\"https:\/\/naturvernforbundet.no\/hordaland\/#organization\",\"name\":\"Naturvernforbundet Hordaland\",\"url\":\"https:\/\/naturvernforbundet.no\/hordaland\/\",\"logo\":{\"@type\":\"ImageObject\",\"inLanguage\":\"nb-NO\",\"@id\":\"https:\/\/naturvernforbundet.no\/hordaland\/#\/schema\/logo\/image\/\",\"url\":\"https:\/\/naturvernforbundet.no\/content\/uploads\/sites\/13\/2022\/11\/Logo_Hordaland_transparent.png\",\"contentUrl\":\"https:\/\/naturvernforbundet.no\/content\/uploads\/sites\/13\/2022\/11\/Logo_Hordaland_transparent.png\",\"width\":1095,\"height\":203,\"caption\":\"Naturvernforbundet Hordaland\"},\"image\":{\"@id\":\"https:\/\/naturvernforbundet.no\/hordaland\/#\/schema\/logo\/image\/\"},\"sameAs\":[\"https:\/\/www.facebook.com\/naturvernforbundet.hordaland\",\"https:\/\/www.instagram.com\/naturvern_hordaland\/\",\"https:\/\/www.flickr.com\/photos\/naturvernforbundet_hordaland\/\"]},{\"@type\":\"Person\",\"@id\":\"https:\/\/naturvernforbundet.no\/hordaland\/#\/schema\/person\/2b4f064c76270324a903c0a70e9f6afd\",\"name\":\"Mona Maria L\u00f8berg\",\"image\":{\"@type\":\"ImageObject\",\"inLanguage\":\"nb-NO\",\"@id\":\"https:\/\/naturvernforbundet.no\/hordaland\/#\/schema\/person\/image\/\",\"url\":\"https:\/\/secure.gravatar.com\/avatar\/b7d3282848b65fe5d48ca594f5a7108b?s=96&d=mm&r=g\",\"contentUrl\":\"https:\/\/secure.gravatar.com\/avatar\/b7d3282848b65fe5d48ca594f5a7108b?s=96&d=mm&r=g\",\"caption\":\"Mona Maria L\u00f8berg\"},\"sameAs\":[\"instagram.com\/manamoria\"],\"url\":\"https:\/\/naturvernforbundet.no\/hordaland\/author\/monamarialoberg\/\"}]}<\/script>\n<!-- \/ Yoast SEO plugin. -->","yoast_head_json":{"title":"Her kan du bruke Reparasjonsgavekortet - Hordaland","description":"Hvis du har f\u00e5tt et Reparasjonsgavekort kan du bruke det hos en mengde reparat\u00f8rer. Her ser du hvilke reparat\u00f8rer som er med i ordningen.","robots":{"index":"index","follow":"follow","max-snippet":"max-snippet:-1","max-image-preview":"max-image-preview:large","max-video-preview":"max-video-preview:-1"},"canonical":"https:\/\/naturvernforbundet.no\/hordaland\/liste-over-reparatorer\/","og_locale":"nb_NO","og_type":"article","og_title":"Her kan du bruke Reparasjonsgavekortet - Hordaland","og_description":"Hvis du har f\u00e5tt et Reparasjonsgavekort kan du bruke det hos en mengde reparat\u00f8rer. Her ser du hvilke reparat\u00f8rer som er med i ordningen.","og_url":"https:\/\/naturvernforbundet.no\/hordaland\/liste-over-reparatorer\/","og_site_name":"Hordaland","article_publisher":"https:\/\/www.facebook.com\/naturvernforbundet.hordaland","article_published_time":"2022-11-25T15:27:38+00:00","article_modified_time":"2025-11-10T11:04:53+00:00","og_image":[{"width":1200,"height":630,"url":"https:\/\/naturvernforbundet.no\/content\/uploads\/sites\/13\/2022\/11\/RG-facebook3.jpg","type":"image\/jpeg"}],"author":"Mona Maria L\u00f8berg","twitter_card":"summary_large_image","twitter_misc":{"Skrevet av":"Mona Maria L\u00f8berg","Ansl. lesetid":"5 minutter"},"schema":{"@context":"https:\/\/schema.org","@graph":[{"@type":"Article","@id":"https:\/\/naturvernforbundet.no\/hordaland\/liste-over-reparatorer\/#article","isPartOf":{"@id":"https:\/\/naturvernforbundet.no\/hordaland\/liste-over-reparatorer\/"},"author":{"name":"Mona Maria L\u00f8berg","@id":"https:\/\/naturvernforbundet.no\/hordaland\/#\/schema\/person\/2b4f064c76270324a903c0a70e9f6afd"},"headline":"Her kan du bruke Reparasjonsgavekortet","datePublished":"2022-11-25T15:27:38+00:00","dateModified":"2025-11-10T11:04:53+00:00","mainEntityOfPage":{"@id":"https:\/\/naturvernforbundet.no\/hordaland\/liste-over-reparatorer\/"},"wordCount":569,"publisher":{"@id":"https:\/\/naturvernforbundet.no\/hordaland\/#organization"},"image":{"@id":"https:\/\/naturvernforbundet.no\/hordaland\/liste-over-reparatorer\/#primaryimage"},"thumbnailUrl":"https:\/\/naturvernforbundet.no\/content\/uploads\/sites\/13\/2022\/11\/RG-facebook3.jpg","articleSection":["Reparasjonsgavekortet"],"inLanguage":"nb-NO"},{"@type":"WebPage","@id":"https:\/\/naturvernforbundet.no\/hordaland\/liste-over-reparatorer\/","url":"https:\/\/naturvernforbundet.no\/hordaland\/liste-over-reparatorer\/","name":"Her kan du bruke Reparasjonsgavekortet - Hordaland","isPartOf":{"@id":"https:\/\/naturvernforbundet.no\/hordaland\/#website"},"primaryImageOfPage":{"@id":"https:\/\/naturvernforbundet.no\/hordaland\/liste-over-reparatorer\/#primaryimage"},"image":{"@id":"https:\/\/naturvernforbundet.no\/hordaland\/liste-over-reparatorer\/#primaryimage"},"thumbnailUrl":"https:\/\/naturvernforbundet.no\/content\/uploads\/sites\/13\/2022\/11\/RG-facebook3.jpg","datePublished":"2022-11-25T15:27:38+00:00","dateModified":"2025-11-10T11:04:53+00:00","description":"Hvis du har f\u00e5tt et Reparasjonsgavekort kan du bruke det hos en mengde reparat\u00f8rer. Her ser du hvilke reparat\u00f8rer som er med i ordningen.","breadcrumb":{"@id":"https:\/\/naturvernforbundet.no\/hordaland\/liste-over-reparatorer\/#breadcrumb"},"inLanguage":"nb-NO","potentialAction":[{"@type":"ReadAction","target":["https:\/\/naturvernforbundet.no\/hordaland\/liste-over-reparatorer\/"]}]},{"@type":"ImageObject","inLanguage":"nb-NO","@id":"https:\/\/naturvernforbundet.no\/hordaland\/liste-over-reparatorer\/#primaryimage","url":"https:\/\/naturvernforbundet.no\/content\/uploads\/sites\/13\/2022\/11\/RG-facebook3.jpg","contentUrl":"https:\/\/naturvernforbundet.no\/content\/uploads\/sites\/13\/2022\/11\/RG-facebook3.jpg","width":1200,"height":630,"caption":"liste reparat\u00f8rer reparasjonsgavekortet"},{"@type":"BreadcrumbList","@id":"https:\/\/naturvernforbundet.no\/hordaland\/liste-over-reparatorer\/#breadcrumb","itemListElement":[{"@type":"ListItem","position":1,"name":"Till naturvernforbundet.no","item":"https:\/\/naturvernforbundet.no\/"},{"@type":"ListItem","position":2,"name":"Hordaland","item":"https:\/\/naturvernforbundet.no\/hordaland\/"},{"@type":"ListItem","position":3,"name":"Her kan du bruke Reparasjonsgavekortet"}]},{"@type":"WebSite","@id":"https:\/\/naturvernforbundet.no\/hordaland\/#website","url":"https:\/\/naturvernforbundet.no\/hordaland\/","name":"Hordaland","description":"","publisher":{"@id":"https:\/\/naturvernforbundet.no\/hordaland\/#organization"},"potentialAction":[{"@type":"SearchAction","target":{"@type":"EntryPoint","urlTemplate":"https:\/\/naturvernforbundet.no\/hordaland\/?s={search_term_string}"},"query-input":{"@type":"PropertyValueSpecification","valueRequired":true,"valueName":"search_term_string"}}],"inLanguage":"nb-NO"},{"@type":"Organization","@id":"https:\/\/naturvernforbundet.no\/hordaland\/#organization","name":"Naturvernforbundet Hordaland","url":"https:\/\/naturvernforbundet.no\/hordaland\/","logo":{"@type":"ImageObject","inLanguage":"nb-NO","@id":"https:\/\/naturvernforbundet.no\/hordaland\/#\/schema\/logo\/image\/","url":"https:\/\/naturvernforbundet.no\/content\/uploads\/sites\/13\/2022\/11\/Logo_Hordaland_transparent.png","contentUrl":"https:\/\/naturvernforbundet.no\/content\/uploads\/sites\/13\/2022\/11\/Logo_Hordaland_transparent.png","width":1095,"height":203,"caption":"Naturvernforbundet Hordaland"},"image":{"@id":"https:\/\/naturvernforbundet.no\/hordaland\/#\/schema\/logo\/image\/"},"sameAs":["https:\/\/www.facebook.com\/naturvernforbundet.hordaland","https:\/\/www.instagram.com\/naturvern_hordaland\/","https:\/\/www.flickr.com\/photos\/naturvernforbundet_hordaland\/"]},{"@type":"Person","@id":"https:\/\/naturvernforbundet.no\/hordaland\/#\/schema\/person\/2b4f064c76270324a903c0a70e9f6afd","name":"Mona Maria L\u00f8berg","image":{"@type":"ImageObject","inLanguage":"nb-NO","@id":"https:\/\/naturvernforbundet.no\/hordaland\/#\/schema\/person\/image\/","url":"https:\/\/secure.gravatar.com\/avatar\/b7d3282848b65fe5d48ca594f5a7108b?s=96&d=mm&r=g","contentUrl":"https:\/\/secure.gravatar.com\/avatar\/b7d3282848b65fe5d48ca594f5a7108b?s=96&d=mm&r=g","caption":"Mona Maria L\u00f8berg"},"sameAs":["instagram.com\/manamoria"],"url":"https:\/\/naturvernforbundet.no\/hordaland\/author\/monamarialoberg\/"}]}},"_links":{"self":[{"href":"https:\/\/naturvernforbundet.no\/hordaland\/wp-json\/wp\/v2\/posts\/3165","targetHints":{"allow":["GET"]}}],"collection":[{"href":"https:\/\/naturvernforbundet.no\/hordaland\/wp-json\/wp\/v2\/posts"}],"about":[{"href":"https:\/\/naturvernforbundet.no\/hordaland\/wp-json\/wp\/v2\/types\/post"}],"author":[{"embeddable":true,"href":"https:\/\/naturvernforbundet.no\/hordaland\/wp-json\/wp\/v2\/users\/185"}],"replies":[{"embeddable":true,"href":"https:\/\/naturvernforbundet.no\/hordaland\/wp-json\/wp\/v2\/comments?post=3165"}],"version-history":[{"count":23,"href":"https:\/\/naturvernforbundet.no\/hordaland\/wp-json\/wp\/v2\/posts\/3165\/revisions"}],"predecessor-version":[{"id":15791,"href":"https:\/\/naturvernforbundet.no\/hordaland\/wp-json\/wp\/v2\/posts\/3165\/revisions\/15791"}],"wp:featuredmedia":[{"embeddable":true,"href":"https:\/\/naturvernforbundet.no\/hordaland\/wp-json\/wp\/v2\/media\/3168"}],"wp:attachment":[{"href":"https:\/\/naturvernforbundet.no\/hordaland\/wp-json\/wp\/v2\/media?parent=3165"}],"wp:term":[{"taxonomy":"category","embeddable":true,"href":"https:\/\/naturvernforbundet.no\/hordaland\/wp-json\/wp\/v2\/categories?post=3165"},{"taxonomy":"local","embeddable":true,"href":"https:\/\/naturvernforbundet.no\/hordaland\/wp-json\/wp\/v2\/local?post=3165"}],"curies":[{"name":"wp","href":"https:\/\/api.w.org\/{rel}","templated":true}]}}