{"id":460,"date":"2018-09-06T11:54:59","date_gmt":"2018-09-06T09:54:59","guid":{"rendered":"https:\/\/naturvernforbundet.no\/hordaland\/begrensing-av-cruisetrafikken\/"},"modified":"2025-02-27T12:30:56","modified_gmt":"2025-02-27T11:30:56","slug":"begrensing-av-cruisetrafikken","status":"publish","type":"post","link":"https:\/\/naturvernforbundet.no\/hordaland\/begrensing-av-cruisetrafikken\/","title":{"rendered":"Begrensing av cruisetrafikken"},"content":{"rendered":"\t<div class=\"template-post alignfull wp-block-naturvern-hero\">\n\t\t<div class=\"hero__inner\">\n\t\t\t<div class=\"hero__inner_blocks\">\n\t\t\t\t\t\t\t\t\n<h1 class=\"wp-block-post-title\">Begrensing av cruisetrafikken<\/h1>\n\n<div class=\"wp-block-post-excerpt\"><p class=\"wp-block-post-excerpt__excerpt\">Vi krever ytterligere begrensinger p\u00e5 cruisetrafikken. Verdensarvbyen Bergen m\u00e5 stille likt med verdensarvfjordene &#8211; kun utslippsfrie cruiseb\u00e5ter fra 2026! <\/p><\/div>\n\n<figure class=\"wp-block-post-featured-image\"><img loading=\"lazy\" decoding=\"async\" width=\"480\" height=\"262\" src=\"https:\/\/naturvernforbundet.no\/content\/uploads\/sites\/13\/2018\/10\/Cruise20Bergen28129.jpg2028mobile48029.jpg\" class=\"attachment-post-thumbnail size-post-thumbnail wp-post-image\" alt=\"\" style=\"object-fit:cover;\" srcset=\"https:\/\/naturvernforbundet.no\/content\/uploads\/sites\/13\/2018\/10\/Cruise20Bergen28129.jpg2028mobile48029.jpg 480w, https:\/\/naturvernforbundet.no\/content\/uploads\/sites\/13\/2018\/10\/Cruise20Bergen28129.jpg2028mobile48029-300x164.jpg 300w\" sizes=\"auto, (max-width: 480px) 100vw, 480px\" \/><\/figure>\n\t\t\t<\/div>\n\t\t\t\t\t<\/div>\n\t\t\t<\/div>\n\t\n\n\n<p>V\u00e5re endringsforslag til Byr\u00e5dets innstilling er markert med fet skrift.<\/p>\n\n\n\n<p>Byr\u00e5det innstiller til bystyret \u00e5 fatte f\u00f8lgende vedtak:&nbsp;<\/p>\n\n\n\n<p>1. Bystyret ber byr\u00e5det arbeide for at ny lov gir hjemmel for \u00e5 kunne innf\u00f8re begrensninger p\u00e5 maksimalt antall passasjerer pr. dag samt maksimalt antall skip pr. dag. Bystyret mener at en hensiktsmessig begrensning for Bergen vil v\u00e6re maksimalt <strong>5000 <\/strong>passasjerer og <strong>to<\/strong> skip per dag.&nbsp;<\/p>\n\n\n\n<p>2. Bystyret ber Bergen Havn om \u00e5 g\u00e5 i dialog med cruiserederiene og s\u00f8ke l\u00f8sninger som kan begrense antall samtidige passasjerer til maksimalt <strong>5000 <\/strong>per dag, <strong>inntil lovhjemmel for begrensing av antall passasjerer og skip er innf\u00f8rt.&nbsp; <\/strong><\/p>\n\n\n\n<p>3. Bystyret ber Bergen Havn om \u00e5 gjennomf\u00f8re en evaluering av det tjenestetilbudet som i dag ytes til brukerne av havnen, med m\u00e5l om \u00e5 redusere kaiarealet som benyttes til cruisetrafikk, og prioritere Skoltegrunnskaien til denne virksomheten\/cruiseform\u00e5l. &nbsp;<\/p>\n\n\n\n<p><strong>4.<\/strong> <strong>Bystyret ber byr\u00e5det arbeide for at verdensarvbyen Bergen kommer i samme kategori som verdensarvfjordene, med krav om nullutslipp fra cruiseb\u00e5ter \u00e5r 2026, slik Stortinget har bestemt.<\/strong><\/p>\n\n\n\n<div class=\"wp-block-buttons is-content-justification-center is-layout-flex wp-container-core-buttons-is-layout-1 wp-block-buttons-is-layout-flex\">\n<div class=\"wp-block-button\"><a class=\"wp-block-button__link wp-element-button\" href=\"https:\/\/naturvernforbundet.no\/hordaland\/saker\/klima\/\">Mer om klima og transport<\/a><\/div>\n<\/div>\n\n\n\n<div class=\"wp-block-group alignwide is-layout-constrained wp-block-group-is-layout-constrained\">\n<div class=\"wp-block-group alignwide is-layout-constrained wp-block-group-is-layout-constrained\">\n<h2 class=\"wp-block-heading has-text-align-center\" id=\"artikler-fra-hordaland\">Artikler fra Hordaland<\/h2>\n\n\n<div class=\"t2-featured-content-layout alignwide alignwide wp-block-t2-featured-content-layout\">\n<div class=\"t2-featured-query-post t2-featured-content is-post-type-post category-aktuelt wp-block-t2-featured-query-post\"><a class=\"t2-post-link wp-block-t2-post-link\" href=\"https:\/\/naturvernforbundet.no\/hordaland\/digitalt-kurs-om-biodiversitet-og-natur\/\">\n<figure style=\"--t2-focal-point: 50% 50%;\" class=\"t2-post-featured-image has-image-ratio-4-3 wp-block-t2-post-featured-image\"><img loading=\"lazy\" decoding=\"async\" width=\"2560\" height=\"1920\" src=\"https:\/\/naturvernforbundet.no\/content\/uploads\/sites\/13\/2023\/03\/Oksnesmarka_-Gunvar-Mikkelsen-scaled.jpg\" class=\"attachment-post-thumbnail size-post-thumbnail wp-post-image\" alt=\"\u00d8ksnesmarka. Foto av Gunvar Mikkelsen.\" srcset=\"https:\/\/naturvernforbundet.no\/content\/uploads\/sites\/13\/2023\/03\/Oksnesmarka_-Gunvar-Mikkelsen-scaled.jpg 2560w, https:\/\/naturvernforbundet.no\/content\/uploads\/sites\/13\/2023\/03\/Oksnesmarka_-Gunvar-Mikkelsen-300x225.jpg 300w, https:\/\/naturvernforbundet.no\/content\/uploads\/sites\/13\/2023\/03\/Oksnesmarka_-Gunvar-Mikkelsen-1024x768.jpg 1024w, https:\/\/naturvernforbundet.no\/content\/uploads\/sites\/13\/2023\/03\/Oksnesmarka_-Gunvar-Mikkelsen-768x576.jpg 768w, https:\/\/naturvernforbundet.no\/content\/uploads\/sites\/13\/2023\/03\/Oksnesmarka_-Gunvar-Mikkelsen-1536x1152.jpg 1536w, https:\/\/naturvernforbundet.no\/content\/uploads\/sites\/13\/2023\/03\/Oksnesmarka_-Gunvar-Mikkelsen-2048x1536.jpg 2048w, https:\/\/naturvernforbundet.no\/content\/uploads\/sites\/13\/2023\/03\/Oksnesmarka_-Gunvar-Mikkelsen-1920x1440.jpg 1920w\" sizes=\"auto, (max-width: 2560px) 100vw, 2560px\" \/><\/figure>\n\n<div class=\"wp-block-group alignfull is-layout-flow wp-block-group-is-layout-flow\">\n\t<h2 class=\"t2-post-title wp-block-t2-post-title\">Digitalt kurs om biodiversitet og natur<\/h2>\n\t<p class=\"wp-block-naturvern-post-excerpt\">Bli med p\u00e5 kurs for frivillige i Naturvernforbundet om biodiversitet og natur! Kurset vil gi innsikt i norsk natur, og viktige verkt\u00f8y som brukes i kartlegging av arter, naturtyper og mer, hvor vi kan hente ut informasjon som er nyttig for omr\u00e5der vi \u00f8nsker \u00e5 ta vare p\u00e5.<\/p>\n\t\t<div class=\"wp-block-naturvern-post-meta\">\n\t\t\t\t\t<span class=\"cat\">\n\t\t\t\t\t\t\t\t\t<span><span class=\"tag-link\" data-href=\"https:\/\/naturvernforbundet.no\/hordaland\/category\/aktuelt\/\">Aktuelt<\/span><\/span>\n\t\t\t\t\t\t\t<\/span>\n\t\t\t\t\t\t\t<span class=\"date\">27.04.2026<\/span>\n\t\t\t<\/div>\n\t\n<\/div>\n\n<\/a>\n<\/div>\n\n<div class=\"t2-featured-query-post t2-featured-content is-post-type-post category-aktuelt wp-block-t2-featured-query-post\"><a class=\"t2-post-link wp-block-t2-post-link\" href=\"https:\/\/naturvernforbundet.no\/hordaland\/naturvernhelga2026\/\">\n<figure style=\"--t2-focal-point: 50% 50%;\" class=\"t2-post-featured-image has-image-ratio-4-3 wp-block-t2-post-featured-image\"><img loading=\"lazy\" decoding=\"async\" width=\"2048\" height=\"1382\" src=\"https:\/\/naturvernforbundet.no\/content\/uploads\/sites\/13\/2026\/04\/DSC00732.jpg\" class=\"attachment-post-thumbnail size-post-thumbnail wp-post-image\" alt=\"\" srcset=\"https:\/\/naturvernforbundet.no\/content\/uploads\/sites\/13\/2026\/04\/DSC00732.jpg 2048w, https:\/\/naturvernforbundet.no\/content\/uploads\/sites\/13\/2026\/04\/DSC00732-300x202.jpg 300w, https:\/\/naturvernforbundet.no\/content\/uploads\/sites\/13\/2026\/04\/DSC00732-1024x691.jpg 1024w, https:\/\/naturvernforbundet.no\/content\/uploads\/sites\/13\/2026\/04\/DSC00732-768x518.jpg 768w, https:\/\/naturvernforbundet.no\/content\/uploads\/sites\/13\/2026\/04\/DSC00732-1536x1037.jpg 1536w, https:\/\/naturvernforbundet.no\/content\/uploads\/sites\/13\/2026\/04\/DSC00732-1920x1296.jpg 1920w\" sizes=\"auto, (max-width: 2048px) 100vw, 2048px\" \/><\/figure>\n\n<div class=\"wp-block-group alignfull is-layout-flow wp-block-group-is-layout-flow\">\n\t<h2 class=\"t2-post-title wp-block-t2-post-title\">Naturvernhelga<\/h2>\n\t<p class=\"wp-block-naturvern-post-excerpt\">Sosial og faglig m\u00f8teplass hvor naturvernere m\u00f8tes, blir inspirert og l\u00e6rer noe nytt.<\/p>\n\t\t<div class=\"wp-block-naturvern-post-meta\">\n\t\t\t\t\t<span class=\"cat\">\n\t\t\t\t\t\t\t\t\t<span><span class=\"tag-link\" data-href=\"https:\/\/naturvernforbundet.no\/hordaland\/category\/aktuelt\/\">Aktuelt<\/span><\/span>\n\t\t\t\t\t\t\t<\/span>\n\t\t\t\t\t\t\t<span class=\"date\">17.04.2026<\/span>\n\t\t\t<\/div>\n\t\n<\/div>\n\n<\/a>\n<\/div>\n\n<div class=\"t2-featured-query-post t2-featured-content is-post-type-post category-aktuelt wp-block-t2-featured-query-post\"><a class=\"t2-post-link wp-block-t2-post-link\" href=\"https:\/\/naturvernforbundet.no\/hordaland\/ny-rapport-om-kildn\/\">\n<figure style=\"--t2-focal-point: 50% 50%;\" class=\"t2-post-featured-image has-image-ratio-4-3 wp-block-t2-post-featured-image\"><img loading=\"lazy\" decoding=\"async\" width=\"1860\" height=\"874\" src=\"https:\/\/naturvernforbundet.no\/content\/uploads\/sites\/13\/2026\/04\/Skjermbilde-KILDN.png\" class=\"attachment-post-thumbnail size-post-thumbnail wp-post-image\" alt=\"\" srcset=\"https:\/\/naturvernforbundet.no\/content\/uploads\/sites\/13\/2026\/04\/Skjermbilde-KILDN.png 1860w, https:\/\/naturvernforbundet.no\/content\/uploads\/sites\/13\/2026\/04\/Skjermbilde-KILDN-300x141.png 300w, https:\/\/naturvernforbundet.no\/content\/uploads\/sites\/13\/2026\/04\/Skjermbilde-KILDN-1024x481.png 1024w, https:\/\/naturvernforbundet.no\/content\/uploads\/sites\/13\/2026\/04\/Skjermbilde-KILDN-768x361.png 768w, https:\/\/naturvernforbundet.no\/content\/uploads\/sites\/13\/2026\/04\/Skjermbilde-KILDN-1536x722.png 1536w\" sizes=\"auto, (max-width: 1860px) 100vw, 1860px\" \/><\/figure>\n\n<div class=\"wp-block-group alignfull is-layout-flow wp-block-group-is-layout-flow\">\n\t<h2 class=\"t2-post-title wp-block-t2-post-title\">Ny rapport om KILDN<\/h2>\n\t<p class=\"wp-block-naturvern-post-excerpt\">Prosjektet KILDNs l\u00f8fter om \u00e5 etablere verdens f\u00f8rste nullutslippshavn p\u00e5 Ask\u00f8y er s\u00e5 vidl\u00f8ftige at rapporten rett og slett har f\u00e5tt undertittelen &laquo;Gr\u00f8nnvasking i s\u00e6rklasse&raquo;<\/p>\n\t\t<div class=\"wp-block-naturvern-post-meta\">\n\t\t\t\t\t<span class=\"cat\">\n\t\t\t\t\t\t\t\t\t<span><span class=\"tag-link\" data-href=\"https:\/\/naturvernforbundet.no\/hordaland\/category\/aktuelt\/\">Aktuelt<\/span><\/span>\n\t\t\t\t\t\t\t<\/span>\n\t\t\t\t\t\t\t<span class=\"date\">10.04.2026<\/span>\n\t\t\t<\/div>\n\t\n<\/div>\n\n<\/a>\n<\/div>\n<\/div><\/div>\n<\/div>\n","protected":false},"excerpt":{"rendered":"<p>Vi krever ytterligere begrensinger p\u00e5 cruisetrafikken. Verdensarvbyen Bergen m\u00e5 stille likt med verdensarvfjordene &#8211; kun utslippsfrie cruiseb\u00e5ter fra 2026!<\/p>\n","protected":false},"author":185,"featured_media":147,"comment_status":"closed","ping_status":"closed","sticky":false,"template":"","format":"standard","meta":{"_relevanssi_hide_post":"","_relevanssi_hide_content":"","_relevanssi_pin_for_all":"","_relevanssi_pin_keywords":"","_relevanssi_unpin_keywords":"","_relevanssi_related_keywords":"","_relevanssi_related_include_ids":"","_relevanssi_related_exclude_ids":"","_relevanssi_related_no_append":"","_relevanssi_related_not_related":"","_relevanssi_related_posts":"10376,12988,12702,12835,11765,12444","_relevanssi_noindex_reason":"","t2_featured_media_focal_point":{"x":0.5,"y":0.5},"hide_logo":false,"footnotes":""},"categories":[68,83,43,32],"local":[],"class_list":["post-460","post","type-post","status-publish","format-standard","has-post-thumbnail","hentry","category-aktuelt","category-cruise","category-klima","category-klima-transport"],"acf":[],"yoast_head":"<!-- This site is optimized with the Yoast SEO plugin v24.9 - https:\/\/yoast.com\/wordpress\/plugins\/seo\/ -->\n<title>Begrensing av cruisetrafikken - Hordaland<\/title>\n<meta name=\"description\" content=\"Vi krever begrensinger p\u00e5 cruisetrafikken. Bergen m\u00e5 stille likt med verdensarvfjordene - kun utslippsfrie cruiseb\u00e5ter fra 2026!\" \/>\n<meta name=\"robots\" content=\"index, follow, max-snippet:-1, max-image-preview:large, max-video-preview:-1\" \/>\n<link rel=\"canonical\" href=\"https:\/\/naturvernforbundet.no\/hordaland\/begrensing-av-cruisetrafikken\/\" \/>\n<meta property=\"og:locale\" content=\"nb_NO\" \/>\n<meta property=\"og:type\" content=\"article\" \/>\n<meta property=\"og:title\" content=\"Begrensing av cruisetrafikken - Hordaland\" \/>\n<meta property=\"og:description\" content=\"Vi krever begrensinger p\u00e5 cruisetrafikken. Bergen m\u00e5 stille likt med verdensarvfjordene - kun utslippsfrie cruiseb\u00e5ter fra 2026!\" \/>\n<meta property=\"og:url\" content=\"https:\/\/naturvernforbundet.no\/hordaland\/begrensing-av-cruisetrafikken\/\" \/>\n<meta property=\"og:site_name\" content=\"Hordaland\" \/>\n<meta property=\"article:publisher\" content=\"https:\/\/www.facebook.com\/naturvernforbundet.hordaland\" \/>\n<meta property=\"article:published_time\" content=\"2018-09-06T09:54:59+00:00\" \/>\n<meta property=\"article:modified_time\" content=\"2025-02-27T11:30:56+00:00\" \/>\n<meta property=\"og:image\" content=\"https:\/\/naturvernforbundet.no\/content\/uploads\/sites\/13\/2018\/10\/Cruise20Bergen28129.jpg2028mobile48029.jpg\" \/>\n\t<meta property=\"og:image:width\" content=\"480\" \/>\n\t<meta property=\"og:image:height\" content=\"262\" \/>\n\t<meta property=\"og:image:type\" content=\"image\/jpeg\" \/>\n<meta name=\"author\" content=\"Mona Maria L\u00f8berg\" \/>\n<meta name=\"twitter:card\" content=\"summary_large_image\" \/>\n<meta name=\"twitter:label1\" content=\"Skrevet av\" \/>\n\t<meta name=\"twitter:data1\" content=\"Mona Maria L\u00f8berg\" \/>\n\t<meta name=\"twitter:label2\" content=\"Ansl. lesetid\" \/>\n\t<meta name=\"twitter:data2\" content=\"2 minutter\" \/>\n<script type=\"application\/ld+json\" class=\"yoast-schema-graph\">{\"@context\":\"https:\/\/schema.org\",\"@graph\":[{\"@type\":\"Article\",\"@id\":\"https:\/\/naturvernforbundet.no\/hordaland\/begrensing-av-cruisetrafikken\/#article\",\"isPartOf\":{\"@id\":\"https:\/\/naturvernforbundet.no\/hordaland\/begrensing-av-cruisetrafikken\/\"},\"author\":{\"name\":\"Mona Maria L\u00f8berg\",\"@id\":\"https:\/\/naturvernforbundet.no\/hordaland\/#\/schema\/person\/2b4f064c76270324a903c0a70e9f6afd\"},\"headline\":\"Begrensing av cruisetrafikken\",\"datePublished\":\"2018-09-06T09:54:59+00:00\",\"dateModified\":\"2025-02-27T11:30:56+00:00\",\"mainEntityOfPage\":{\"@id\":\"https:\/\/naturvernforbundet.no\/hordaland\/begrensing-av-cruisetrafikken\/\"},\"wordCount\":181,\"publisher\":{\"@id\":\"https:\/\/naturvernforbundet.no\/hordaland\/#organization\"},\"image\":{\"@id\":\"https:\/\/naturvernforbundet.no\/hordaland\/begrensing-av-cruisetrafikken\/#primaryimage\"},\"thumbnailUrl\":\"https:\/\/naturvernforbundet.no\/content\/uploads\/sites\/13\/2018\/10\/Cruise20Bergen28129.jpg2028mobile48029.jpg\",\"articleSection\":[\"Aktuelt\",\"Cruise\",\"Klima\",\"Transport\"],\"inLanguage\":\"nb-NO\"},{\"@type\":\"WebPage\",\"@id\":\"https:\/\/naturvernforbundet.no\/hordaland\/begrensing-av-cruisetrafikken\/\",\"url\":\"https:\/\/naturvernforbundet.no\/hordaland\/begrensing-av-cruisetrafikken\/\",\"name\":\"Begrensing av cruisetrafikken - Hordaland\",\"isPartOf\":{\"@id\":\"https:\/\/naturvernforbundet.no\/hordaland\/#website\"},\"primaryImageOfPage\":{\"@id\":\"https:\/\/naturvernforbundet.no\/hordaland\/begrensing-av-cruisetrafikken\/#primaryimage\"},\"image\":{\"@id\":\"https:\/\/naturvernforbundet.no\/hordaland\/begrensing-av-cruisetrafikken\/#primaryimage\"},\"thumbnailUrl\":\"https:\/\/naturvernforbundet.no\/content\/uploads\/sites\/13\/2018\/10\/Cruise20Bergen28129.jpg2028mobile48029.jpg\",\"datePublished\":\"2018-09-06T09:54:59+00:00\",\"dateModified\":\"2025-02-27T11:30:56+00:00\",\"description\":\"Vi krever begrensinger p\u00e5 cruisetrafikken. Bergen m\u00e5 stille likt med verdensarvfjordene - kun utslippsfrie cruiseb\u00e5ter fra 2026!\",\"breadcrumb\":{\"@id\":\"https:\/\/naturvernforbundet.no\/hordaland\/begrensing-av-cruisetrafikken\/#breadcrumb\"},\"inLanguage\":\"nb-NO\",\"potentialAction\":[{\"@type\":\"ReadAction\",\"target\":[\"https:\/\/naturvernforbundet.no\/hordaland\/begrensing-av-cruisetrafikken\/\"]}]},{\"@type\":\"ImageObject\",\"inLanguage\":\"nb-NO\",\"@id\":\"https:\/\/naturvernforbundet.no\/hordaland\/begrensing-av-cruisetrafikken\/#primaryimage\",\"url\":\"https:\/\/naturvernforbundet.no\/content\/uploads\/sites\/13\/2018\/10\/Cruise20Bergen28129.jpg2028mobile48029.jpg\",\"contentUrl\":\"https:\/\/naturvernforbundet.no\/content\/uploads\/sites\/13\/2018\/10\/Cruise20Bergen28129.jpg2028mobile48029.jpg\",\"width\":480,\"height\":262},{\"@type\":\"BreadcrumbList\",\"@id\":\"https:\/\/naturvernforbundet.no\/hordaland\/begrensing-av-cruisetrafikken\/#breadcrumb\",\"itemListElement\":[{\"@type\":\"ListItem\",\"position\":1,\"name\":\"Till naturvernforbundet.no\",\"item\":\"https:\/\/naturvernforbundet.no\/\"},{\"@type\":\"ListItem\",\"position\":2,\"name\":\"Hordaland\",\"item\":\"https:\/\/naturvernforbundet.no\/hordaland\/\"},{\"@type\":\"ListItem\",\"position\":3,\"name\":\"Begrensing av cruisetrafikken\"}]},{\"@type\":\"WebSite\",\"@id\":\"https:\/\/naturvernforbundet.no\/hordaland\/#website\",\"url\":\"https:\/\/naturvernforbundet.no\/hordaland\/\",\"name\":\"Hordaland\",\"description\":\"\",\"publisher\":{\"@id\":\"https:\/\/naturvernforbundet.no\/hordaland\/#organization\"},\"potentialAction\":[{\"@type\":\"SearchAction\",\"target\":{\"@type\":\"EntryPoint\",\"urlTemplate\":\"https:\/\/naturvernforbundet.no\/hordaland\/?s={search_term_string}\"},\"query-input\":{\"@type\":\"PropertyValueSpecification\",\"valueRequired\":true,\"valueName\":\"search_term_string\"}}],\"inLanguage\":\"nb-NO\"},{\"@type\":\"Organization\",\"@id\":\"https:\/\/naturvernforbundet.no\/hordaland\/#organization\",\"name\":\"Naturvernforbundet Hordaland\",\"url\":\"https:\/\/naturvernforbundet.no\/hordaland\/\",\"logo\":{\"@type\":\"ImageObject\",\"inLanguage\":\"nb-NO\",\"@id\":\"https:\/\/naturvernforbundet.no\/hordaland\/#\/schema\/logo\/image\/\",\"url\":\"https:\/\/naturvernforbundet.no\/content\/uploads\/sites\/13\/2022\/11\/Logo_Hordaland_transparent.png\",\"contentUrl\":\"https:\/\/naturvernforbundet.no\/content\/uploads\/sites\/13\/2022\/11\/Logo_Hordaland_transparent.png\",\"width\":1095,\"height\":203,\"caption\":\"Naturvernforbundet Hordaland\"},\"image\":{\"@id\":\"https:\/\/naturvernforbundet.no\/hordaland\/#\/schema\/logo\/image\/\"},\"sameAs\":[\"https:\/\/www.facebook.com\/naturvernforbundet.hordaland\",\"https:\/\/www.instagram.com\/naturvern_hordaland\/\",\"https:\/\/www.flickr.com\/photos\/naturvernforbundet_hordaland\/\"]},{\"@type\":\"Person\",\"@id\":\"https:\/\/naturvernforbundet.no\/hordaland\/#\/schema\/person\/2b4f064c76270324a903c0a70e9f6afd\",\"name\":\"Mona Maria L\u00f8berg\",\"image\":{\"@type\":\"ImageObject\",\"inLanguage\":\"nb-NO\",\"@id\":\"https:\/\/naturvernforbundet.no\/hordaland\/#\/schema\/person\/image\/\",\"url\":\"https:\/\/secure.gravatar.com\/avatar\/b7d3282848b65fe5d48ca594f5a7108b?s=96&d=mm&r=g\",\"contentUrl\":\"https:\/\/secure.gravatar.com\/avatar\/b7d3282848b65fe5d48ca594f5a7108b?s=96&d=mm&r=g\",\"caption\":\"Mona Maria L\u00f8berg\"},\"sameAs\":[\"instagram.com\/manamoria\"],\"url\":\"https:\/\/naturvernforbundet.no\/hordaland\/author\/monamarialoberg\/\"}]}<\/script>\n<!-- \/ Yoast SEO plugin. -->","yoast_head_json":{"title":"Begrensing av cruisetrafikken - Hordaland","description":"Vi krever begrensinger p\u00e5 cruisetrafikken. Bergen m\u00e5 stille likt med verdensarvfjordene - kun utslippsfrie cruiseb\u00e5ter fra 2026!","robots":{"index":"index","follow":"follow","max-snippet":"max-snippet:-1","max-image-preview":"max-image-preview:large","max-video-preview":"max-video-preview:-1"},"canonical":"https:\/\/naturvernforbundet.no\/hordaland\/begrensing-av-cruisetrafikken\/","og_locale":"nb_NO","og_type":"article","og_title":"Begrensing av cruisetrafikken - Hordaland","og_description":"Vi krever begrensinger p\u00e5 cruisetrafikken. Bergen m\u00e5 stille likt med verdensarvfjordene - kun utslippsfrie cruiseb\u00e5ter fra 2026!","og_url":"https:\/\/naturvernforbundet.no\/hordaland\/begrensing-av-cruisetrafikken\/","og_site_name":"Hordaland","article_publisher":"https:\/\/www.facebook.com\/naturvernforbundet.hordaland","article_published_time":"2018-09-06T09:54:59+00:00","article_modified_time":"2025-02-27T11:30:56+00:00","og_image":[{"width":480,"height":262,"url":"https:\/\/naturvernforbundet.no\/content\/uploads\/sites\/13\/2018\/10\/Cruise20Bergen28129.jpg2028mobile48029.jpg","type":"image\/jpeg"}],"author":"Mona Maria L\u00f8berg","twitter_card":"summary_large_image","twitter_misc":{"Skrevet av":"Mona Maria L\u00f8berg","Ansl. lesetid":"2 minutter"},"schema":{"@context":"https:\/\/schema.org","@graph":[{"@type":"Article","@id":"https:\/\/naturvernforbundet.no\/hordaland\/begrensing-av-cruisetrafikken\/#article","isPartOf":{"@id":"https:\/\/naturvernforbundet.no\/hordaland\/begrensing-av-cruisetrafikken\/"},"author":{"name":"Mona Maria L\u00f8berg","@id":"https:\/\/naturvernforbundet.no\/hordaland\/#\/schema\/person\/2b4f064c76270324a903c0a70e9f6afd"},"headline":"Begrensing av cruisetrafikken","datePublished":"2018-09-06T09:54:59+00:00","dateModified":"2025-02-27T11:30:56+00:00","mainEntityOfPage":{"@id":"https:\/\/naturvernforbundet.no\/hordaland\/begrensing-av-cruisetrafikken\/"},"wordCount":181,"publisher":{"@id":"https:\/\/naturvernforbundet.no\/hordaland\/#organization"},"image":{"@id":"https:\/\/naturvernforbundet.no\/hordaland\/begrensing-av-cruisetrafikken\/#primaryimage"},"thumbnailUrl":"https:\/\/naturvernforbundet.no\/content\/uploads\/sites\/13\/2018\/10\/Cruise20Bergen28129.jpg2028mobile48029.jpg","articleSection":["Aktuelt","Cruise","Klima","Transport"],"inLanguage":"nb-NO"},{"@type":"WebPage","@id":"https:\/\/naturvernforbundet.no\/hordaland\/begrensing-av-cruisetrafikken\/","url":"https:\/\/naturvernforbundet.no\/hordaland\/begrensing-av-cruisetrafikken\/","name":"Begrensing av cruisetrafikken - Hordaland","isPartOf":{"@id":"https:\/\/naturvernforbundet.no\/hordaland\/#website"},"primaryImageOfPage":{"@id":"https:\/\/naturvernforbundet.no\/hordaland\/begrensing-av-cruisetrafikken\/#primaryimage"},"image":{"@id":"https:\/\/naturvernforbundet.no\/hordaland\/begrensing-av-cruisetrafikken\/#primaryimage"},"thumbnailUrl":"https:\/\/naturvernforbundet.no\/content\/uploads\/sites\/13\/2018\/10\/Cruise20Bergen28129.jpg2028mobile48029.jpg","datePublished":"2018-09-06T09:54:59+00:00","dateModified":"2025-02-27T11:30:56+00:00","description":"Vi krever begrensinger p\u00e5 cruisetrafikken. Bergen m\u00e5 stille likt med verdensarvfjordene - kun utslippsfrie cruiseb\u00e5ter fra 2026!","breadcrumb":{"@id":"https:\/\/naturvernforbundet.no\/hordaland\/begrensing-av-cruisetrafikken\/#breadcrumb"},"inLanguage":"nb-NO","potentialAction":[{"@type":"ReadAction","target":["https:\/\/naturvernforbundet.no\/hordaland\/begrensing-av-cruisetrafikken\/"]}]},{"@type":"ImageObject","inLanguage":"nb-NO","@id":"https:\/\/naturvernforbundet.no\/hordaland\/begrensing-av-cruisetrafikken\/#primaryimage","url":"https:\/\/naturvernforbundet.no\/content\/uploads\/sites\/13\/2018\/10\/Cruise20Bergen28129.jpg2028mobile48029.jpg","contentUrl":"https:\/\/naturvernforbundet.no\/content\/uploads\/sites\/13\/2018\/10\/Cruise20Bergen28129.jpg2028mobile48029.jpg","width":480,"height":262},{"@type":"BreadcrumbList","@id":"https:\/\/naturvernforbundet.no\/hordaland\/begrensing-av-cruisetrafikken\/#breadcrumb","itemListElement":[{"@type":"ListItem","position":1,"name":"Till naturvernforbundet.no","item":"https:\/\/naturvernforbundet.no\/"},{"@type":"ListItem","position":2,"name":"Hordaland","item":"https:\/\/naturvernforbundet.no\/hordaland\/"},{"@type":"ListItem","position":3,"name":"Begrensing av cruisetrafikken"}]},{"@type":"WebSite","@id":"https:\/\/naturvernforbundet.no\/hordaland\/#website","url":"https:\/\/naturvernforbundet.no\/hordaland\/","name":"Hordaland","description":"","publisher":{"@id":"https:\/\/naturvernforbundet.no\/hordaland\/#organization"},"potentialAction":[{"@type":"SearchAction","target":{"@type":"EntryPoint","urlTemplate":"https:\/\/naturvernforbundet.no\/hordaland\/?s={search_term_string}"},"query-input":{"@type":"PropertyValueSpecification","valueRequired":true,"valueName":"search_term_string"}}],"inLanguage":"nb-NO"},{"@type":"Organization","@id":"https:\/\/naturvernforbundet.no\/hordaland\/#organization","name":"Naturvernforbundet Hordaland","url":"https:\/\/naturvernforbundet.no\/hordaland\/","logo":{"@type":"ImageObject","inLanguage":"nb-NO","@id":"https:\/\/naturvernforbundet.no\/hordaland\/#\/schema\/logo\/image\/","url":"https:\/\/naturvernforbundet.no\/content\/uploads\/sites\/13\/2022\/11\/Logo_Hordaland_transparent.png","contentUrl":"https:\/\/naturvernforbundet.no\/content\/uploads\/sites\/13\/2022\/11\/Logo_Hordaland_transparent.png","width":1095,"height":203,"caption":"Naturvernforbundet Hordaland"},"image":{"@id":"https:\/\/naturvernforbundet.no\/hordaland\/#\/schema\/logo\/image\/"},"sameAs":["https:\/\/www.facebook.com\/naturvernforbundet.hordaland","https:\/\/www.instagram.com\/naturvern_hordaland\/","https:\/\/www.flickr.com\/photos\/naturvernforbundet_hordaland\/"]},{"@type":"Person","@id":"https:\/\/naturvernforbundet.no\/hordaland\/#\/schema\/person\/2b4f064c76270324a903c0a70e9f6afd","name":"Mona Maria L\u00f8berg","image":{"@type":"ImageObject","inLanguage":"nb-NO","@id":"https:\/\/naturvernforbundet.no\/hordaland\/#\/schema\/person\/image\/","url":"https:\/\/secure.gravatar.com\/avatar\/b7d3282848b65fe5d48ca594f5a7108b?s=96&d=mm&r=g","contentUrl":"https:\/\/secure.gravatar.com\/avatar\/b7d3282848b65fe5d48ca594f5a7108b?s=96&d=mm&r=g","caption":"Mona Maria L\u00f8berg"},"sameAs":["instagram.com\/manamoria"],"url":"https:\/\/naturvernforbundet.no\/hordaland\/author\/monamarialoberg\/"}]}},"_links":{"self":[{"href":"https:\/\/naturvernforbundet.no\/hordaland\/wp-json\/wp\/v2\/posts\/460","targetHints":{"allow":["GET"]}}],"collection":[{"href":"https:\/\/naturvernforbundet.no\/hordaland\/wp-json\/wp\/v2\/posts"}],"about":[{"href":"https:\/\/naturvernforbundet.no\/hordaland\/wp-json\/wp\/v2\/types\/post"}],"author":[{"embeddable":true,"href":"https:\/\/naturvernforbundet.no\/hordaland\/wp-json\/wp\/v2\/users\/185"}],"replies":[{"embeddable":true,"href":"https:\/\/naturvernforbundet.no\/hordaland\/wp-json\/wp\/v2\/comments?post=460"}],"version-history":[{"count":3,"href":"https:\/\/naturvernforbundet.no\/hordaland\/wp-json\/wp\/v2\/posts\/460\/revisions"}],"predecessor-version":[{"id":13369,"href":"https:\/\/naturvernforbundet.no\/hordaland\/wp-json\/wp\/v2\/posts\/460\/revisions\/13369"}],"wp:featuredmedia":[{"embeddable":true,"href":"https:\/\/naturvernforbundet.no\/hordaland\/wp-json\/wp\/v2\/media\/147"}],"wp:attachment":[{"href":"https:\/\/naturvernforbundet.no\/hordaland\/wp-json\/wp\/v2\/media?parent=460"}],"wp:term":[{"taxonomy":"category","embeddable":true,"href":"https:\/\/naturvernforbundet.no\/hordaland\/wp-json\/wp\/v2\/categories?post=460"},{"taxonomy":"local","embeddable":true,"href":"https:\/\/naturvernforbundet.no\/hordaland\/wp-json\/wp\/v2\/local?post=460"}],"curies":[{"name":"wp","href":"https:\/\/api.w.org\/{rel}","templated":true}]}}