{"id":8798,"date":"2024-03-21T10:22:16","date_gmt":"2024-03-21T09:22:16","guid":{"rendered":"https:\/\/naturvernforbundet.no\/hordaland\/?p=8798"},"modified":"2024-03-21T10:22:17","modified_gmt":"2024-03-21T09:22:17","slug":"varig-vern-av-kanadaskogen","status":"publish","type":"post","link":"https:\/\/naturvernforbundet.no\/hordaland\/varig-vern-av-kanadaskogen\/","title":{"rendered":"Varig vern av Kanadaskogen"},"content":{"rendered":"\t<div class=\"template-post alignnone wp-block-naturvern-hero\">\n\t\t<div class=\"hero__inner\">\n\t\t\t<div class=\"hero__inner_blocks\">\n\t\t\t\t\t\t\t\t\n<h1 class=\"wp-block-post-title\">Varig vern av Kanadaskogen<\/h1>\n\n<div class=\"wp-block-post-excerpt\"><p class=\"wp-block-post-excerpt__excerpt\">Vi krever grundig kartlegging, og varig vern av skogen. <\/p><\/div>\n\n<figure class=\"wp-block-post-featured-image\"><div class=\"t2-image-credit\"><div class=\"t2-image-credit\"><img loading=\"lazy\" decoding=\"async\" width=\"1800\" height=\"1219\" src=\"https:\/\/naturvernforbundet.no\/content\/uploads\/sites\/13\/2024\/02\/210609-Kanadaskogen-5.-Foto-av-Morten-Tellefsen.jpg\" class=\"attachment-post-thumbnail size-post-thumbnail wp-post-image\" alt=\"Kanadaskogen\" style=\"object-fit:cover;\" srcset=\"https:\/\/naturvernforbundet.no\/content\/uploads\/sites\/13\/2024\/02\/210609-Kanadaskogen-5.-Foto-av-Morten-Tellefsen.jpg 1800w, https:\/\/naturvernforbundet.no\/content\/uploads\/sites\/13\/2024\/02\/210609-Kanadaskogen-5.-Foto-av-Morten-Tellefsen-300x203.jpg 300w, https:\/\/naturvernforbundet.no\/content\/uploads\/sites\/13\/2024\/02\/210609-Kanadaskogen-5.-Foto-av-Morten-Tellefsen-1024x693.jpg 1024w, https:\/\/naturvernforbundet.no\/content\/uploads\/sites\/13\/2024\/02\/210609-Kanadaskogen-5.-Foto-av-Morten-Tellefsen-768x520.jpg 768w, https:\/\/naturvernforbundet.no\/content\/uploads\/sites\/13\/2024\/02\/210609-Kanadaskogen-5.-Foto-av-Morten-Tellefsen-1536x1040.jpg 1536w\" sizes=\"auto, (max-width: 1800px) 100vw, 1800px\" \/><span class=\"t2-image-credit-name\">Foto: Morten Tellefsen<\/span><\/div><span class=\"t2-image-credit-name\">Foto: Morten Tellefsen<\/span><\/div><\/figure>\n\t\t\t<\/div>\n\t\t\t\t\t<\/div>\n\t\t\t<\/div>\n\t\n\n\n<p>Kanadaskogen er et mye brukt rekreasjonsomr\u00e5de, med mange stier og turvei. Men enda viktigere er det at her ogs\u00e5 finnes flere myromr\u00e5der og naturskog. Dersom noe av dette utsettes for utbygging eller kommersiell skogsdrift, vil b\u00e5de verdifulle biotoper og viktige myrer med stor sannsynlighet bli \u00f8delagt. Vi krever grundig kartlegging av omr\u00e5dets naturtyper og deres tilstand. Hele Kanadaskogen m\u00e5 f\u00e5 varig vern!<\/p>\n\n\n\n<hr class=\"wp-block-separator has-alpha-channel-opacity\"\/>\n\n\n\n<p>Dette er en av fem uttalelser som ble vedtatt p\u00e5 \u00e5rsm\u00f8tet i Naturvernforbundet Hordaland i 2024. <a href=\"https:\/\/naturvernforbundet.no\/hordaland\/pressemelding-fra-arsmote-i-naturvernforbundet-hordaland\/\">Les pressemeldingen<\/a><\/p>\n\n\n\n<div class=\"wp-block-group alignfull is-style-green-light is-layout-constrained wp-block-group-is-layout-constrained\">\n<h2 class=\"wp-block-heading alignfull has-text-align-center\" id=\"siste-uttalelser-og-brev\">Siste uttalelser og brev<\/h2>\n\n\n<div class=\"t2-featured-content-layout alignwide alignwide   hide-images wp-block-t2-featured-content-layout\">\n<div class=\"t2-featured-query-post t2-featured-content is-post-type-post category-uttale local-bergen wp-block-t2-featured-query-post\"><a class=\"t2-post-link wp-block-t2-post-link\" href=\"https:\/\/naturvernforbundet.no\/hordaland\/boliger-ved-nattlandsveien-152-154\/\">\n<figure style=\"--t2-focal-point: 50% 50%;\" class=\"t2-post-featured-image has-image-ratio-4-3 wp-block-t2-post-featured-image\"><img loading=\"lazy\" decoding=\"async\" width=\"2049\" height=\"1152\" src=\"https:\/\/naturvernforbundet.no\/content\/uploads\/sites\/13\/2025\/11\/Banner-Naturvernforbundet-Bergen.png\" class=\"attachment-post-thumbnail size-post-thumbnail wp-post-image\" alt=\"Gr\u00f8nt banner med logoen til Naturvernforbundet Bergen\" srcset=\"https:\/\/naturvernforbundet.no\/content\/uploads\/sites\/13\/2025\/11\/Banner-Naturvernforbundet-Bergen.png 2049w, https:\/\/naturvernforbundet.no\/content\/uploads\/sites\/13\/2025\/11\/Banner-Naturvernforbundet-Bergen-300x169.png 300w, https:\/\/naturvernforbundet.no\/content\/uploads\/sites\/13\/2025\/11\/Banner-Naturvernforbundet-Bergen-1024x576.png 1024w, https:\/\/naturvernforbundet.no\/content\/uploads\/sites\/13\/2025\/11\/Banner-Naturvernforbundet-Bergen-768x432.png 768w, https:\/\/naturvernforbundet.no\/content\/uploads\/sites\/13\/2025\/11\/Banner-Naturvernforbundet-Bergen-1536x864.png 1536w, https:\/\/naturvernforbundet.no\/content\/uploads\/sites\/13\/2025\/11\/Banner-Naturvernforbundet-Bergen-1920x1079.png 1920w\" sizes=\"auto, (max-width: 2049px) 100vw, 2049px\" \/><\/figure>\n\n<div class=\"wp-block-group alignfull is-layout-flow wp-block-group-is-layout-flow\">\n\t<h2 class=\"t2-post-title wp-block-t2-post-title\">Boliger ved Nattlandsveien 152-154<\/h2>\n\t<p class=\"wp-block-naturvern-post-excerpt\">Innspill til hvordan vi naturen kan ta vare p\u00e5 naturen i dette boligprosjektet.<\/p>\n\t\t<div class=\"wp-block-naturvern-post-meta\">\n\t\t\t\t\t<span class=\"cat\">\n\t\t\t\t\t\t\t\t\t<span><span class=\"tag-link\" data-href=\"https:\/\/naturvernforbundet.no\/hordaland\/category\/uttale\/\">Uttale<\/span><\/span>\n\t\t\t\t\t\t\t<\/span>\n\t\t\t\t\t\t\t<span class=\"date\">14.04.2026<\/span>\n\t\t\t<\/div>\n\t\n<\/div>\n\n<\/a>\n<\/div>\n\n<div class=\"t2-featured-query-post t2-featured-content is-post-type-post category-aktuelt category-uttale wp-block-t2-featured-query-post\"><a class=\"t2-post-link wp-block-t2-post-link\" href=\"https:\/\/naturvernforbundet.no\/hordaland\/aerespris-og-uttalar-pa-arsmotet\/\">\n<figure style=\"--t2-focal-point: 50% 50%;\" class=\"t2-post-featured-image has-image-ratio-4-3 wp-block-t2-post-featured-image\"><img loading=\"lazy\" decoding=\"async\" width=\"2560\" height=\"1664\" src=\"https:\/\/naturvernforbundet.no\/content\/uploads\/sites\/13\/2026\/03\/DSCF6364-scaled.jpg\" class=\"attachment-post-thumbnail size-post-thumbnail wp-post-image\" alt=\"\" srcset=\"https:\/\/naturvernforbundet.no\/content\/uploads\/sites\/13\/2026\/03\/DSCF6364-scaled.jpg 2560w, https:\/\/naturvernforbundet.no\/content\/uploads\/sites\/13\/2026\/03\/DSCF6364-300x195.jpg 300w, https:\/\/naturvernforbundet.no\/content\/uploads\/sites\/13\/2026\/03\/DSCF6364-1024x665.jpg 1024w, https:\/\/naturvernforbundet.no\/content\/uploads\/sites\/13\/2026\/03\/DSCF6364-768x499.jpg 768w, https:\/\/naturvernforbundet.no\/content\/uploads\/sites\/13\/2026\/03\/DSCF6364-1536x998.jpg 1536w\" sizes=\"auto, (max-width: 2560px) 100vw, 2560px\" \/><\/figure>\n\n<div class=\"wp-block-group alignfull is-layout-flow wp-block-group-is-layout-flow\">\n\t<h2 class=\"t2-post-title wp-block-t2-post-title\">\u00c6respris og uttalar p\u00e5 \u00e5rsm\u00f8tet<\/h2>\n\t<p class=\"wp-block-naturvern-post-excerpt\">P\u00e5 \u00e5rsm\u00f8tet i Naturvernforbundet Hordaland blei det delt ut \u00e6respris til Besteforeldrenes Klimaaksjon; og vedteke uttalar om transport, bergvarme og oppdrett<\/p>\n\t\t<div class=\"wp-block-naturvern-post-meta\">\n\t\t\t\t\t<span class=\"cat\">\n\t\t\t\t\t\t\t\t\t<span><span class=\"tag-link\" data-href=\"https:\/\/naturvernforbundet.no\/hordaland\/category\/aktuelt\/\">Aktuelt<\/span><\/span>\n\t\t\t\t\t\t\t\t\t<span><span class=\"tag-link\" data-href=\"https:\/\/naturvernforbundet.no\/hordaland\/category\/uttale\/\">Uttale<\/span><\/span>\n\t\t\t\t\t\t\t<\/span>\n\t\t\t\t\t\t\t<span class=\"date\">24.03.2026<\/span>\n\t\t\t<\/div>\n\t\n<\/div>\n\n<\/a>\n<\/div>\n\n<div class=\"t2-featured-query-post t2-featured-content is-post-type-post category-aktuelt category-skogsbilvei category-uttale local-bergen wp-block-t2-featured-query-post\"><a class=\"t2-post-link wp-block-t2-post-link\" href=\"https:\/\/naturvernforbundet.no\/hordaland\/ulovlig-fylling-i-falkangervegen-235\/\">\n<figure style=\"--t2-focal-point: 50% 50%;\" class=\"t2-post-featured-image has-image-ratio-4-3 wp-block-t2-post-featured-image\"><img loading=\"lazy\" decoding=\"async\" width=\"2049\" height=\"1152\" src=\"https:\/\/naturvernforbundet.no\/content\/uploads\/sites\/13\/2025\/03\/Bakgrunn-NVH.png\" class=\"attachment-post-thumbnail size-post-thumbnail wp-post-image\" alt=\"Naturvernforbundet hordaland logo med bakgrunn, banner\" srcset=\"https:\/\/naturvernforbundet.no\/content\/uploads\/sites\/13\/2025\/03\/Bakgrunn-NVH.png 2049w, https:\/\/naturvernforbundet.no\/content\/uploads\/sites\/13\/2025\/03\/Bakgrunn-NVH-300x169.png 300w, https:\/\/naturvernforbundet.no\/content\/uploads\/sites\/13\/2025\/03\/Bakgrunn-NVH-1024x576.png 1024w, https:\/\/naturvernforbundet.no\/content\/uploads\/sites\/13\/2025\/03\/Bakgrunn-NVH-768x432.png 768w, https:\/\/naturvernforbundet.no\/content\/uploads\/sites\/13\/2025\/03\/Bakgrunn-NVH-1536x864.png 1536w, https:\/\/naturvernforbundet.no\/content\/uploads\/sites\/13\/2025\/03\/Bakgrunn-NVH-1920x1079.png 1920w\" sizes=\"auto, (max-width: 2049px) 100vw, 2049px\" \/><\/figure>\n\n<div class=\"wp-block-group alignfull is-layout-flow wp-block-group-is-layout-flow\">\n\t<h2 class=\"t2-post-title wp-block-t2-post-title\">Ulovlig fylling i Falkangervegen 235<\/h2>\n\t<p class=\"wp-block-naturvern-post-excerpt\">Overskuddsmasser fra Veten rundt er fortsatt ikke fjernet. Vi f\u00f8lger opp saken.<\/p>\n\t\t<div class=\"wp-block-naturvern-post-meta\">\n\t\t\t\t\t<span class=\"cat\">\n\t\t\t\t\t\t\t\t\t<span><span class=\"tag-link\" data-href=\"https:\/\/naturvernforbundet.no\/hordaland\/category\/aktuelt\/\">Aktuelt<\/span><\/span>\n\t\t\t\t\t\t\t\t\t<span><span class=\"tag-link\" data-href=\"https:\/\/naturvernforbundet.no\/hordaland\/category\/skogsbilvei\/\">Skogsbilvei<\/span><\/span>\n\t\t\t\t\t\t\t\t\t<span><span class=\"tag-link\" data-href=\"https:\/\/naturvernforbundet.no\/hordaland\/category\/uttale\/\">Uttale<\/span><\/span>\n\t\t\t\t\t\t\t<\/span>\n\t\t\t\t\t\t\t<span class=\"date\">12.03.2026<\/span>\n\t\t\t<\/div>\n\t\n<\/div>\n\n<\/a>\n<\/div>\n<\/div>\n\n\n<div class=\"wp-block-buttons is-content-justification-center is-layout-flex wp-container-core-buttons-is-layout-1 wp-block-buttons-is-layout-flex\">\n<div class=\"wp-block-button is-style-fill\"><a class=\"wp-block-button__link wp-element-button\" href=\"https:\/\/naturvernforbundet.no\/hordaland\/category\/uttale\/\">Finn flere uttalelser<\/a><\/div>\n<\/div>\n<\/div>\n","protected":false},"excerpt":{"rendered":"<p>Vi krever grundig kartlegging, og varig vern av skogen. <\/p>\n","protected":false},"author":185,"featured_media":7748,"comment_status":"closed","ping_status":"closed","sticky":false,"template":"","format":"standard","meta":{"_relevanssi_hide_post":"","_relevanssi_hide_content":"","_relevanssi_pin_for_all":"","_relevanssi_pin_keywords":"","_relevanssi_unpin_keywords":"","_relevanssi_related_keywords":"","_relevanssi_related_include_ids":"","_relevanssi_related_exclude_ids":"","_relevanssi_related_no_append":"","_relevanssi_related_not_related":"","_relevanssi_related_posts":"","_relevanssi_noindex_reason":"","t2_featured_media_focal_point":{"x":0.5,"y":0.5},"hide_logo":false,"footnotes":""},"categories":[84,93],"local":[5],"class_list":["post-8798","post","type-post","status-publish","format-standard","has-post-thumbnail","hentry","category-skog_fjell","category-uttale","local-bergen"],"acf":[],"yoast_head":"<!-- This site is optimized with the Yoast SEO plugin v24.9 - https:\/\/yoast.com\/wordpress\/plugins\/seo\/ -->\n<title>Varig vern av Kanadaskogen - Hordaland<\/title>\n<meta name=\"robots\" content=\"index, follow, max-snippet:-1, max-image-preview:large, max-video-preview:-1\" \/>\n<link rel=\"canonical\" href=\"https:\/\/naturvernforbundet.no\/hordaland\/varig-vern-av-kanadaskogen\/\" \/>\n<meta property=\"og:locale\" content=\"nb_NO\" \/>\n<meta property=\"og:type\" content=\"article\" \/>\n<meta property=\"og:title\" content=\"Varig vern av Kanadaskogen - Hordaland\" \/>\n<meta property=\"og:description\" content=\"Vi krever grundig kartlegging, og varig vern av skogen.\" \/>\n<meta property=\"og:url\" content=\"https:\/\/naturvernforbundet.no\/hordaland\/varig-vern-av-kanadaskogen\/\" \/>\n<meta property=\"og:site_name\" content=\"Hordaland\" \/>\n<meta property=\"article:publisher\" content=\"https:\/\/www.facebook.com\/naturvernforbundet.hordaland\" \/>\n<meta property=\"article:published_time\" content=\"2024-03-21T09:22:16+00:00\" \/>\n<meta property=\"article:modified_time\" content=\"2024-03-21T09:22:17+00:00\" \/>\n<meta property=\"og:image\" content=\"https:\/\/naturvernforbundet.no\/content\/uploads\/sites\/13\/2024\/02\/210609-Kanadaskogen-5.-Foto-av-Morten-Tellefsen.jpg\" \/>\n\t<meta property=\"og:image:width\" content=\"1800\" \/>\n\t<meta property=\"og:image:height\" content=\"1219\" \/>\n\t<meta property=\"og:image:type\" content=\"image\/jpeg\" \/>\n<meta name=\"author\" content=\"Mona Maria L\u00f8berg\" \/>\n<meta name=\"twitter:card\" content=\"summary_large_image\" \/>\n<meta name=\"twitter:label1\" content=\"Skrevet av\" \/>\n\t<meta name=\"twitter:data1\" content=\"Mona Maria L\u00f8berg\" \/>\n\t<meta name=\"twitter:label2\" content=\"Ansl. lesetid\" \/>\n\t<meta name=\"twitter:data2\" content=\"1 minutt\" \/>\n<script type=\"application\/ld+json\" class=\"yoast-schema-graph\">{\"@context\":\"https:\/\/schema.org\",\"@graph\":[{\"@type\":\"Article\",\"@id\":\"https:\/\/naturvernforbundet.no\/hordaland\/varig-vern-av-kanadaskogen\/#article\",\"isPartOf\":{\"@id\":\"https:\/\/naturvernforbundet.no\/hordaland\/varig-vern-av-kanadaskogen\/\"},\"author\":{\"name\":\"Mona Maria L\u00f8berg\",\"@id\":\"https:\/\/naturvernforbundet.no\/hordaland\/#\/schema\/person\/2b4f064c76270324a903c0a70e9f6afd\"},\"headline\":\"Varig vern av Kanadaskogen\",\"datePublished\":\"2024-03-21T09:22:16+00:00\",\"dateModified\":\"2024-03-21T09:22:17+00:00\",\"mainEntityOfPage\":{\"@id\":\"https:\/\/naturvernforbundet.no\/hordaland\/varig-vern-av-kanadaskogen\/\"},\"wordCount\":88,\"publisher\":{\"@id\":\"https:\/\/naturvernforbundet.no\/hordaland\/#organization\"},\"image\":{\"@id\":\"https:\/\/naturvernforbundet.no\/hordaland\/varig-vern-av-kanadaskogen\/#primaryimage\"},\"thumbnailUrl\":\"https:\/\/naturvernforbundet.no\/content\/uploads\/sites\/13\/2024\/02\/210609-Kanadaskogen-5.-Foto-av-Morten-Tellefsen.jpg\",\"articleSection\":[\"Skog og fjell\",\"Uttale\"],\"inLanguage\":\"nb-NO\"},{\"@type\":\"WebPage\",\"@id\":\"https:\/\/naturvernforbundet.no\/hordaland\/varig-vern-av-kanadaskogen\/\",\"url\":\"https:\/\/naturvernforbundet.no\/hordaland\/varig-vern-av-kanadaskogen\/\",\"name\":\"Varig vern av Kanadaskogen - Hordaland\",\"isPartOf\":{\"@id\":\"https:\/\/naturvernforbundet.no\/hordaland\/#website\"},\"primaryImageOfPage\":{\"@id\":\"https:\/\/naturvernforbundet.no\/hordaland\/varig-vern-av-kanadaskogen\/#primaryimage\"},\"image\":{\"@id\":\"https:\/\/naturvernforbundet.no\/hordaland\/varig-vern-av-kanadaskogen\/#primaryimage\"},\"thumbnailUrl\":\"https:\/\/naturvernforbundet.no\/content\/uploads\/sites\/13\/2024\/02\/210609-Kanadaskogen-5.-Foto-av-Morten-Tellefsen.jpg\",\"datePublished\":\"2024-03-21T09:22:16+00:00\",\"dateModified\":\"2024-03-21T09:22:17+00:00\",\"breadcrumb\":{\"@id\":\"https:\/\/naturvernforbundet.no\/hordaland\/varig-vern-av-kanadaskogen\/#breadcrumb\"},\"inLanguage\":\"nb-NO\",\"potentialAction\":[{\"@type\":\"ReadAction\",\"target\":[\"https:\/\/naturvernforbundet.no\/hordaland\/varig-vern-av-kanadaskogen\/\"]}]},{\"@type\":\"ImageObject\",\"inLanguage\":\"nb-NO\",\"@id\":\"https:\/\/naturvernforbundet.no\/hordaland\/varig-vern-av-kanadaskogen\/#primaryimage\",\"url\":\"https:\/\/naturvernforbundet.no\/content\/uploads\/sites\/13\/2024\/02\/210609-Kanadaskogen-5.-Foto-av-Morten-Tellefsen.jpg\",\"contentUrl\":\"https:\/\/naturvernforbundet.no\/content\/uploads\/sites\/13\/2024\/02\/210609-Kanadaskogen-5.-Foto-av-Morten-Tellefsen.jpg\",\"width\":1800,\"height\":1219,\"caption\":\"Trostunge i Kanadaskogen:.Foto: Morten Tellefsen.\"},{\"@type\":\"BreadcrumbList\",\"@id\":\"https:\/\/naturvernforbundet.no\/hordaland\/varig-vern-av-kanadaskogen\/#breadcrumb\",\"itemListElement\":[{\"@type\":\"ListItem\",\"position\":1,\"name\":\"Till naturvernforbundet.no\",\"item\":\"https:\/\/naturvernforbundet.no\/\"},{\"@type\":\"ListItem\",\"position\":2,\"name\":\"Hordaland\",\"item\":\"https:\/\/naturvernforbundet.no\/hordaland\/\"},{\"@type\":\"ListItem\",\"position\":3,\"name\":\"Bergen\",\"item\":\"https:\/\/naturvernforbundet.no\/hordaland\/lokallag\/bergen\/\"},{\"@type\":\"ListItem\",\"position\":4,\"name\":\"Varig vern av Kanadaskogen\"}]},{\"@type\":\"WebSite\",\"@id\":\"https:\/\/naturvernforbundet.no\/hordaland\/#website\",\"url\":\"https:\/\/naturvernforbundet.no\/hordaland\/\",\"name\":\"Hordaland\",\"description\":\"\",\"publisher\":{\"@id\":\"https:\/\/naturvernforbundet.no\/hordaland\/#organization\"},\"potentialAction\":[{\"@type\":\"SearchAction\",\"target\":{\"@type\":\"EntryPoint\",\"urlTemplate\":\"https:\/\/naturvernforbundet.no\/hordaland\/?s={search_term_string}\"},\"query-input\":{\"@type\":\"PropertyValueSpecification\",\"valueRequired\":true,\"valueName\":\"search_term_string\"}}],\"inLanguage\":\"nb-NO\"},{\"@type\":\"Organization\",\"@id\":\"https:\/\/naturvernforbundet.no\/hordaland\/#organization\",\"name\":\"Naturvernforbundet Hordaland\",\"url\":\"https:\/\/naturvernforbundet.no\/hordaland\/\",\"logo\":{\"@type\":\"ImageObject\",\"inLanguage\":\"nb-NO\",\"@id\":\"https:\/\/naturvernforbundet.no\/hordaland\/#\/schema\/logo\/image\/\",\"url\":\"https:\/\/naturvernforbundet.no\/content\/uploads\/sites\/13\/2022\/11\/Logo_Hordaland_transparent.png\",\"contentUrl\":\"https:\/\/naturvernforbundet.no\/content\/uploads\/sites\/13\/2022\/11\/Logo_Hordaland_transparent.png\",\"width\":1095,\"height\":203,\"caption\":\"Naturvernforbundet Hordaland\"},\"image\":{\"@id\":\"https:\/\/naturvernforbundet.no\/hordaland\/#\/schema\/logo\/image\/\"},\"sameAs\":[\"https:\/\/www.facebook.com\/naturvernforbundet.hordaland\",\"https:\/\/www.instagram.com\/naturvern_hordaland\/\",\"https:\/\/www.flickr.com\/photos\/naturvernforbundet_hordaland\/\"]},{\"@type\":\"Person\",\"@id\":\"https:\/\/naturvernforbundet.no\/hordaland\/#\/schema\/person\/2b4f064c76270324a903c0a70e9f6afd\",\"name\":\"Mona Maria L\u00f8berg\",\"image\":{\"@type\":\"ImageObject\",\"inLanguage\":\"nb-NO\",\"@id\":\"https:\/\/naturvernforbundet.no\/hordaland\/#\/schema\/person\/image\/\",\"url\":\"https:\/\/secure.gravatar.com\/avatar\/b7d3282848b65fe5d48ca594f5a7108b?s=96&d=mm&r=g\",\"contentUrl\":\"https:\/\/secure.gravatar.com\/avatar\/b7d3282848b65fe5d48ca594f5a7108b?s=96&d=mm&r=g\",\"caption\":\"Mona Maria L\u00f8berg\"},\"sameAs\":[\"instagram.com\/manamoria\"],\"url\":\"https:\/\/naturvernforbundet.no\/hordaland\/author\/monamarialoberg\/\"}]}<\/script>\n<!-- \/ Yoast SEO plugin. -->","yoast_head_json":{"title":"Varig vern av Kanadaskogen - Hordaland","robots":{"index":"index","follow":"follow","max-snippet":"max-snippet:-1","max-image-preview":"max-image-preview:large","max-video-preview":"max-video-preview:-1"},"canonical":"https:\/\/naturvernforbundet.no\/hordaland\/varig-vern-av-kanadaskogen\/","og_locale":"nb_NO","og_type":"article","og_title":"Varig vern av Kanadaskogen - Hordaland","og_description":"Vi krever grundig kartlegging, og varig vern av skogen.","og_url":"https:\/\/naturvernforbundet.no\/hordaland\/varig-vern-av-kanadaskogen\/","og_site_name":"Hordaland","article_publisher":"https:\/\/www.facebook.com\/naturvernforbundet.hordaland","article_published_time":"2024-03-21T09:22:16+00:00","article_modified_time":"2024-03-21T09:22:17+00:00","og_image":[{"width":1800,"height":1219,"url":"https:\/\/naturvernforbundet.no\/content\/uploads\/sites\/13\/2024\/02\/210609-Kanadaskogen-5.-Foto-av-Morten-Tellefsen.jpg","type":"image\/jpeg"}],"author":"Mona Maria L\u00f8berg","twitter_card":"summary_large_image","twitter_misc":{"Skrevet av":"Mona Maria L\u00f8berg","Ansl. lesetid":"1 minutt"},"schema":{"@context":"https:\/\/schema.org","@graph":[{"@type":"Article","@id":"https:\/\/naturvernforbundet.no\/hordaland\/varig-vern-av-kanadaskogen\/#article","isPartOf":{"@id":"https:\/\/naturvernforbundet.no\/hordaland\/varig-vern-av-kanadaskogen\/"},"author":{"name":"Mona Maria L\u00f8berg","@id":"https:\/\/naturvernforbundet.no\/hordaland\/#\/schema\/person\/2b4f064c76270324a903c0a70e9f6afd"},"headline":"Varig vern av Kanadaskogen","datePublished":"2024-03-21T09:22:16+00:00","dateModified":"2024-03-21T09:22:17+00:00","mainEntityOfPage":{"@id":"https:\/\/naturvernforbundet.no\/hordaland\/varig-vern-av-kanadaskogen\/"},"wordCount":88,"publisher":{"@id":"https:\/\/naturvernforbundet.no\/hordaland\/#organization"},"image":{"@id":"https:\/\/naturvernforbundet.no\/hordaland\/varig-vern-av-kanadaskogen\/#primaryimage"},"thumbnailUrl":"https:\/\/naturvernforbundet.no\/content\/uploads\/sites\/13\/2024\/02\/210609-Kanadaskogen-5.-Foto-av-Morten-Tellefsen.jpg","articleSection":["Skog og fjell","Uttale"],"inLanguage":"nb-NO"},{"@type":"WebPage","@id":"https:\/\/naturvernforbundet.no\/hordaland\/varig-vern-av-kanadaskogen\/","url":"https:\/\/naturvernforbundet.no\/hordaland\/varig-vern-av-kanadaskogen\/","name":"Varig vern av Kanadaskogen - Hordaland","isPartOf":{"@id":"https:\/\/naturvernforbundet.no\/hordaland\/#website"},"primaryImageOfPage":{"@id":"https:\/\/naturvernforbundet.no\/hordaland\/varig-vern-av-kanadaskogen\/#primaryimage"},"image":{"@id":"https:\/\/naturvernforbundet.no\/hordaland\/varig-vern-av-kanadaskogen\/#primaryimage"},"thumbnailUrl":"https:\/\/naturvernforbundet.no\/content\/uploads\/sites\/13\/2024\/02\/210609-Kanadaskogen-5.-Foto-av-Morten-Tellefsen.jpg","datePublished":"2024-03-21T09:22:16+00:00","dateModified":"2024-03-21T09:22:17+00:00","breadcrumb":{"@id":"https:\/\/naturvernforbundet.no\/hordaland\/varig-vern-av-kanadaskogen\/#breadcrumb"},"inLanguage":"nb-NO","potentialAction":[{"@type":"ReadAction","target":["https:\/\/naturvernforbundet.no\/hordaland\/varig-vern-av-kanadaskogen\/"]}]},{"@type":"ImageObject","inLanguage":"nb-NO","@id":"https:\/\/naturvernforbundet.no\/hordaland\/varig-vern-av-kanadaskogen\/#primaryimage","url":"https:\/\/naturvernforbundet.no\/content\/uploads\/sites\/13\/2024\/02\/210609-Kanadaskogen-5.-Foto-av-Morten-Tellefsen.jpg","contentUrl":"https:\/\/naturvernforbundet.no\/content\/uploads\/sites\/13\/2024\/02\/210609-Kanadaskogen-5.-Foto-av-Morten-Tellefsen.jpg","width":1800,"height":1219,"caption":"Trostunge i Kanadaskogen:.Foto: Morten Tellefsen."},{"@type":"BreadcrumbList","@id":"https:\/\/naturvernforbundet.no\/hordaland\/varig-vern-av-kanadaskogen\/#breadcrumb","itemListElement":[{"@type":"ListItem","position":1,"name":"Till naturvernforbundet.no","item":"https:\/\/naturvernforbundet.no\/"},{"@type":"ListItem","position":2,"name":"Hordaland","item":"https:\/\/naturvernforbundet.no\/hordaland\/"},{"@type":"ListItem","position":3,"name":"Bergen","item":"https:\/\/naturvernforbundet.no\/hordaland\/lokallag\/bergen\/"},{"@type":"ListItem","position":4,"name":"Varig vern av Kanadaskogen"}]},{"@type":"WebSite","@id":"https:\/\/naturvernforbundet.no\/hordaland\/#website","url":"https:\/\/naturvernforbundet.no\/hordaland\/","name":"Hordaland","description":"","publisher":{"@id":"https:\/\/naturvernforbundet.no\/hordaland\/#organization"},"potentialAction":[{"@type":"SearchAction","target":{"@type":"EntryPoint","urlTemplate":"https:\/\/naturvernforbundet.no\/hordaland\/?s={search_term_string}"},"query-input":{"@type":"PropertyValueSpecification","valueRequired":true,"valueName":"search_term_string"}}],"inLanguage":"nb-NO"},{"@type":"Organization","@id":"https:\/\/naturvernforbundet.no\/hordaland\/#organization","name":"Naturvernforbundet Hordaland","url":"https:\/\/naturvernforbundet.no\/hordaland\/","logo":{"@type":"ImageObject","inLanguage":"nb-NO","@id":"https:\/\/naturvernforbundet.no\/hordaland\/#\/schema\/logo\/image\/","url":"https:\/\/naturvernforbundet.no\/content\/uploads\/sites\/13\/2022\/11\/Logo_Hordaland_transparent.png","contentUrl":"https:\/\/naturvernforbundet.no\/content\/uploads\/sites\/13\/2022\/11\/Logo_Hordaland_transparent.png","width":1095,"height":203,"caption":"Naturvernforbundet Hordaland"},"image":{"@id":"https:\/\/naturvernforbundet.no\/hordaland\/#\/schema\/logo\/image\/"},"sameAs":["https:\/\/www.facebook.com\/naturvernforbundet.hordaland","https:\/\/www.instagram.com\/naturvern_hordaland\/","https:\/\/www.flickr.com\/photos\/naturvernforbundet_hordaland\/"]},{"@type":"Person","@id":"https:\/\/naturvernforbundet.no\/hordaland\/#\/schema\/person\/2b4f064c76270324a903c0a70e9f6afd","name":"Mona Maria L\u00f8berg","image":{"@type":"ImageObject","inLanguage":"nb-NO","@id":"https:\/\/naturvernforbundet.no\/hordaland\/#\/schema\/person\/image\/","url":"https:\/\/secure.gravatar.com\/avatar\/b7d3282848b65fe5d48ca594f5a7108b?s=96&d=mm&r=g","contentUrl":"https:\/\/secure.gravatar.com\/avatar\/b7d3282848b65fe5d48ca594f5a7108b?s=96&d=mm&r=g","caption":"Mona Maria L\u00f8berg"},"sameAs":["instagram.com\/manamoria"],"url":"https:\/\/naturvernforbundet.no\/hordaland\/author\/monamarialoberg\/"}]}},"_links":{"self":[{"href":"https:\/\/naturvernforbundet.no\/hordaland\/wp-json\/wp\/v2\/posts\/8798","targetHints":{"allow":["GET"]}}],"collection":[{"href":"https:\/\/naturvernforbundet.no\/hordaland\/wp-json\/wp\/v2\/posts"}],"about":[{"href":"https:\/\/naturvernforbundet.no\/hordaland\/wp-json\/wp\/v2\/types\/post"}],"author":[{"embeddable":true,"href":"https:\/\/naturvernforbundet.no\/hordaland\/wp-json\/wp\/v2\/users\/185"}],"replies":[{"embeddable":true,"href":"https:\/\/naturvernforbundet.no\/hordaland\/wp-json\/wp\/v2\/comments?post=8798"}],"version-history":[{"count":1,"href":"https:\/\/naturvernforbundet.no\/hordaland\/wp-json\/wp\/v2\/posts\/8798\/revisions"}],"predecessor-version":[{"id":8799,"href":"https:\/\/naturvernforbundet.no\/hordaland\/wp-json\/wp\/v2\/posts\/8798\/revisions\/8799"}],"wp:featuredmedia":[{"embeddable":true,"href":"https:\/\/naturvernforbundet.no\/hordaland\/wp-json\/wp\/v2\/media\/7748"}],"wp:attachment":[{"href":"https:\/\/naturvernforbundet.no\/hordaland\/wp-json\/wp\/v2\/media?parent=8798"}],"wp:term":[{"taxonomy":"category","embeddable":true,"href":"https:\/\/naturvernforbundet.no\/hordaland\/wp-json\/wp\/v2\/categories?post=8798"},{"taxonomy":"local","embeddable":true,"href":"https:\/\/naturvernforbundet.no\/hordaland\/wp-json\/wp\/v2\/local?post=8798"}],"curies":[{"name":"wp","href":"https:\/\/api.w.org\/{rel}","templated":true}]}}