{"id":1016,"date":"2006-02-01T08:53:00","date_gmt":"2006-02-01T07:53:00","guid":{"rendered":"https:\/\/naturvernforbundet.no\/moreogromsdal\/naturvernforbundet-om-haram-vindkraftverk-utgreiingane-held-ikkje-mal\/"},"modified":"2006-02-01T08:53:00","modified_gmt":"2006-02-01T07:53:00","slug":"naturvernforbundet-om-haram-vindkraftverk-utgreiingane-held-ikkje-mal","status":"publish","type":"post","link":"https:\/\/naturvernforbundet.no\/moreogromsdal\/naturvernforbundet-om-haram-vindkraftverk-utgreiingane-held-ikkje-mal\/","title":{"rendered":"Naturvernforbundet om Haram vindkraftverk: Utgreiingane held ikkje m\u00e5l!"},"content":{"rendered":"\t<div class=\"template-post alignfull wp-block-naturvern-hero\">\n\t\t<div class=\"hero__inner\">\n\t\t\t<div class=\"hero__inner_blocks\">\n\t\t\t\t\t\t\t\t\n\t\t\t\t\t<h1 class=\"wp-block-post-title\">Naturvernforbundet om Haram vindkraftverk: Utgreiingane held ikkje m\u00e5l!<\/h1>\n\n\t\t\t\t\t<div class=\"wp-block-post-excerpt\"><p class=\"wp-block-post-excerpt__excerpt\">Naturvernforbundet har sett p\u00e5 s\u00f8knaden om konsesjon for Haram vindkraftverk p\u00e5 Flems\u00f8ya og Harams\u00f8ya. To av alternativa er uansett uakseptable, meiner Naturvernforbundet. Det siste alternativet er ikkje godt nok utgreidd til at det er mogleg \u00e5 ta stilling til det. <\/p><\/div>\n\n\t\t\t\t\t\n\n\t\t\t\t\t<div class=\"wp-block-naturvern-byline\">\n\t\t\t<div class=\"authors\">By <span class=\"t2-byline__author-link\">Artikkelimport\u00f8r<\/span><\/div>\n\t\t\t<small class=\"entry-date\">01.02.2006 08:53<\/small>\n\t\t<\/div>\n\t\t\t\t\t\t\t\t<\/div>\n\t\t\t\t\t<\/div>\n\t\t\t<\/div>\n\t\n<p>&#8211; For Naturvernforbundet er det viktig \u00e5 f\u00e5 sett dette prosjektet i samanheng med dei andre prosjekta som er lanserte i fylket, seier leiar \u00d8ystein Folden i Naturvernforbundet i M\u00f8re og Romsdal. \n<\/p>\n\n\n\n<p>Haram vindkraftverk har lansert tre alternativ i s\u00f8knaden: \n<\/p>\n\n\n\n<p>Alternativ 1 utan vindm\u00f8ller p\u00e5 Flems\u00f8ya, l\u00f8yser problemet knytt til Flems\u00f8ya, men verknadene med anlegget p\u00e5 Harams\u00f8ya er ikkje akseptabelt, verken for folk eller fugl. Det var for mange m\u00f8ller i den f\u00f8rste plana, og det er no ei auke som gjer det end\u00e5 verre. \n<\/p>\n\n\n\n<p>Alternativ 2 med 4 vindm\u00f8ller p\u00e5 Flems\u00f8ya, l\u00f8yser ikkje problemet med p\u00e5verknaden av Flems\u00f8ya i tilstrekkeleg grad. Sj\u00f8lv om noko av problemstillinga p\u00e5 Harams\u00f8ya er l\u00f8yst, er problema knytt til fugl framleis sv\u00e6rt store. \n<\/p>\n\n\n\n<p>Alternativ 3 utan vindm\u00f8ller p\u00e5 Flems\u00f8ya og f\u00e6rre, men st\u00f8rre m\u00f8ller p\u00e5 Harams\u00f8ya ser ut til \u00e5 vere eit alternativ som kan redusere noko p\u00e5 dei negative verknadene, men det er like fullt sv\u00e6rt konfliktfylt med omsyn til fugl. \n<\/p>\n\n\n\n<p>I h\u00f8ringsuttalen konkluderer Naturvernforbundet i M\u00f8re og Romsdal slik: \n<\/p>\n\n\n\n<p>Dei tilleggsutgreidde alternativa 1 og 2 er uakseptable. \n<\/p>\n\n\n\n<p>Det tilleggsutgreidde alternativ 3 er det minst konfliktfylte av alternativa, men det manglar framleis dokumentasjon for verknaden p\u00e5 fleire omr\u00e5de: \n<\/p>\n\n\n\n<p>&#8211; p\u00e5verknaden p\u00e5 hav\u00f8rn \n<\/p>\n\n\n\n<p>&#8211; p\u00e5verknaden p\u00e5 vandrefalk \n<\/p>\n\n\n\n<p>&#8211; p\u00e5verknaden p\u00e5 toppskarv \n<\/p>\n\n\n\n<p>&#8211; visualisering av alternativet med 120 m vingespenn\/4,5 MW turbin \n<\/p>\n\n\n\n<p>Alternativ 3 er ikkje tilfredsstillande utgreidd og f\u00f8lgjeleg ikkje akseptabelt. \n<\/p>\n\n\n\n<p>Kraftlinealternativet har framleis for stor negativ konsekvens. Det synest som om det er rom for eit alternativ med sj\u00f8kabel fr\u00e5 Alvestad\/Hildrestranda til rett nord for Austnes som m\u00e5 utgreiiast. \n<\/p>\n\n\n\n<p><em>For meir informasjon: Kontakt \u00d8ystein Folden p\u00e5 91 81 25 42.<\/em>\n<\/p>\n\n\n\n<p><u>Informasjon fr\u00e5 NVE om Haram vindkraftverk:<\/u>\n<\/p>\n\n\n\n<p><i>HARAM <\/i>\n<b>Tiltakshaver<\/b>\n\nHARAM KRAFT AS \n\n<b>Fylke<\/b>\n\nM\u00d8RE OG ROMSDAL\n\n<b>Kommune<\/b>\n\nHARAM \n\n<b>Ytelse<\/b>\n\n66 MW\n\n<b>\u00c5rsproduksjon<\/b>\n\n200 GWh\n\n<b>Antall m\u00f8ller<\/b>\n\n24 stk\n\n<b>Saksnummer i NVE <\/b>\n\n200202714 \n\n<b>Status<\/b>\n\nKonsesjon er s\u00f8kt<\/p>\n\n\n\n\n\n<p>NVE har mottatt konsesjonss\u00f8knad og konsekvensutredning for Haram vindpark og for en 132 kV kraftledning fra vindparken til Alvestad. <br>Haram Kraft AS har s\u00f8kt om \u00e5 bygge og drive en vindpark med inntil 33 <br>vindturbiner og en installert effekt p\u00e5 66 MW. Vindparken er tenkt lokalisert <br>p\u00e5 Harams\u00f8ya og Flems\u00f8ya. Vindturbinene vil kunne f\u00e5 en totalh\u00f8yde p\u00e5 inntil 135 meter, og vil hver kunne ha en installert effekt p\u00e5 2 til 3 MW. <\/p>\n\n\n\n<p><u>Nettilknytning:<\/u><br>Tafjord Kraftnett AS s\u00f8ker om konsesjon for \u00e5 bygge og drive en 22 kV <br>kraftledning fra vindparken p\u00e5 Flems\u00f8ya til ny transformatorstasjon i <br>vindparken p\u00e5 Harams\u00f8ya, samt en 132 kV kraftledning fra ny transformatorstasjon p\u00e5 Harams\u00f8ya til Alvestad transformatorstasjon. Den <br>oms\u00f8kte nettl\u00f8sningen best\u00e5r b\u00e5de luftledning, jordkabel og sj\u00f8kabel. <\/p>\n\n\n\n<p>NVE holdt offentlig m\u00f8te om saken p\u00e5 Harams\u00f8y skole tirsdag 25. januar 2005 kl 1900. Fristen for \u00e5 komme med merknader til s\u00f8knaden <br>og konsekvensutredningen var satt til 18. mars 2005. <\/p>\n\n\n\n<p>NVE ba i brev av 2. juni 2005 om tilleggsutredninger i saken. Haram Kraft AS <br>oversendte tilleggsutredningen 9. desember 2005. Tilleggsutredningen ble sendt p\u00e5 h\u00f8ring 14. desember 2005, og eventuelle merknader til denne m\u00e5 sendes NVE innen <b>31. januar 2006<\/b><\/p>\n\n\n\n<p><b>Norges vassdrags- og energidirektorat<\/b><br>Postboks 5091 Majorstua <br>0301 OSLO <\/p>\n\n\n\n<p><strong>Relevante dokumenter:<\/strong><br><a href=\"http:\/\/www.nve.no\/FileArchive\/308\/200202714_113.pdf\" target=\"_blank\" rel=\"noopener\"><br>Tilleggsutredning<\/a><\/p>\n\n\n\n<p><a href=\"http:\/\/www.nve.no\/FileArchive\/308\/200202714_92.pdf\" target=\"_blank\" rel=\"noopener\">Krav om tilleggsutredning<\/a>\n<\/p>\n\n\n\n<p><a href=\"http:\/\/www.nve.no\/FileArchive\/308\/200202714_27.pdf\" target=\"_blank\" rel=\"noopener\">S\u00f8knad<\/a>\n<\/p>\n\n\n\n<p><a href=\"http:\/\/www.nve.no\/FileArchive\/308\/200202714_25.pdf\" target=\"_blank\" rel=\"noopener\">Utredningsprogram<\/a><\/p>\n\n\n\n<p><a href=\"\/imakerdata\/f\/0\/76\/31\/7_2401_0\/Uttale_til_Haram_vindkraftverk_-_tilleggsutgreidd.pdf\">Les uttalen fr\u00e5 Naturvernforbundet til NVE<\/a><\/p>\n\n\n\n<p><a href=\"\/imakerdata\/f\/0\/76\/31\/8_2401_0\/Sunnmorsposten_1._februar_2006.pdf\">Kommentarar fr\u00e5 Haram kommunestyre og Havgul 1. februar 2006<\/a><\/p>\n","protected":false},"excerpt":{"rendered":"<p>Naturvernforbundet har sett p\u00e5 s\u00f8knaden om konsesjon for Haram vindkraftverk p\u00e5 Flems\u00f8ya og Harams\u00f8ya. To av alternativa er uansett uakseptable, meiner Naturvernforbundet. Det siste alternativet er ikkje godt nok utgreidd til at det er mogleg \u00e5 ta stilling til det.<\/p>\n","protected":false},"author":38,"featured_media":0,"comment_status":"closed","ping_status":"closed","sticky":false,"template":"","format":"standard","meta":{"_relevanssi_hide_post":"","_relevanssi_hide_content":"","_relevanssi_pin_for_all":"","_relevanssi_pin_keywords":"","_relevanssi_unpin_keywords":"","_relevanssi_related_keywords":"","_relevanssi_related_include_ids":"","_relevanssi_related_exclude_ids":"","_relevanssi_related_no_append":"","_relevanssi_related_not_related":"","_relevanssi_related_posts":"","_relevanssi_noindex_reason":"","hide_logo":false,"footnotes":""},"categories":[25],"tags":[],"local":[],"class_list":["post-1016","post","type-post","status-publish","format-standard","hentry","category-vindkraft"],"acf":[],"yoast_head":"<!-- This site is optimized with the Yoast SEO plugin v24.9 - https:\/\/yoast.com\/wordpress\/plugins\/seo\/ -->\n<title>Naturvernforbundet om Haram vindkraftverk: Utgreiingane held ikkje m\u00e5l! - M\u00f8re og Romsdal<\/title>\n<meta name=\"robots\" content=\"index, follow, max-snippet:-1, max-image-preview:large, max-video-preview:-1\" \/>\n<link rel=\"canonical\" href=\"https:\/\/naturvernforbundet.no\/moreogromsdal\/naturvernforbundet-om-haram-vindkraftverk-utgreiingane-held-ikkje-mal\/\" \/>\n<meta property=\"og:locale\" content=\"nb_NO\" \/>\n<meta property=\"og:type\" content=\"article\" \/>\n<meta property=\"og:title\" content=\"Naturvernforbundet om Haram vindkraftverk: Utgreiingane held ikkje m\u00e5l! - M\u00f8re og Romsdal\" \/>\n<meta property=\"og:description\" content=\"Naturvernforbundet har sett p\u00e5 s\u00f8knaden om konsesjon for Haram vindkraftverk p\u00e5 Flems\u00f8ya og Harams\u00f8ya. To av alternativa er uansett uakseptable, meiner Naturvernforbundet. Det siste alternativet er ikkje godt nok utgreidd til at det er mogleg \u00e5 ta stilling til det.\" \/>\n<meta property=\"og:url\" content=\"https:\/\/naturvernforbundet.no\/moreogromsdal\/naturvernforbundet-om-haram-vindkraftverk-utgreiingane-held-ikkje-mal\/\" \/>\n<meta property=\"og:site_name\" content=\"M\u00f8re og Romsdal\" \/>\n<meta property=\"article:published_time\" content=\"2006-02-01T07:53:00+00:00\" \/>\n<meta name=\"author\" content=\"Artikkelimport\u00f8r\" \/>\n<meta name=\"twitter:card\" content=\"summary_large_image\" \/>\n<meta name=\"twitter:label1\" content=\"Skrevet av\" \/>\n\t<meta name=\"twitter:data1\" content=\"Artikkelimport\u00f8r\" \/>\n\t<meta name=\"twitter:label2\" content=\"Ansl. lesetid\" \/>\n\t<meta name=\"twitter:data2\" content=\"3 minutter\" \/>\n<script type=\"application\/ld+json\" class=\"yoast-schema-graph\">{\"@context\":\"https:\/\/schema.org\",\"@graph\":[{\"@type\":\"WebPage\",\"@id\":\"https:\/\/naturvernforbundet.no\/moreogromsdal\/naturvernforbundet-om-haram-vindkraftverk-utgreiingane-held-ikkje-mal\/\",\"url\":\"https:\/\/naturvernforbundet.no\/moreogromsdal\/naturvernforbundet-om-haram-vindkraftverk-utgreiingane-held-ikkje-mal\/\",\"name\":\"Naturvernforbundet om Haram vindkraftverk: Utgreiingane held ikkje m\u00e5l! - M\u00f8re og Romsdal\",\"isPartOf\":{\"@id\":\"https:\/\/naturvernforbundet.no\/moreogromsdal\/#website\"},\"datePublished\":\"2006-02-01T07:53:00+00:00\",\"author\":{\"@id\":\"https:\/\/naturvernforbundet.no\/moreogromsdal\/#\/schema\/person\/c72f198205979084bf071deedb6205f4\"},\"breadcrumb\":{\"@id\":\"https:\/\/naturvernforbundet.no\/moreogromsdal\/naturvernforbundet-om-haram-vindkraftverk-utgreiingane-held-ikkje-mal\/#breadcrumb\"},\"inLanguage\":\"nb-NO\",\"potentialAction\":[{\"@type\":\"ReadAction\",\"target\":[\"https:\/\/naturvernforbundet.no\/moreogromsdal\/naturvernforbundet-om-haram-vindkraftverk-utgreiingane-held-ikkje-mal\/\"]}]},{\"@type\":\"BreadcrumbList\",\"@id\":\"https:\/\/naturvernforbundet.no\/moreogromsdal\/naturvernforbundet-om-haram-vindkraftverk-utgreiingane-held-ikkje-mal\/#breadcrumb\",\"itemListElement\":[{\"@type\":\"ListItem\",\"position\":1,\"name\":\"Till naturvernforbundet.no\",\"item\":\"https:\/\/naturvernforbundet.no\/\"},{\"@type\":\"ListItem\",\"position\":2,\"name\":\"M\u00f8re og Romsdal\",\"item\":\"https:\/\/naturvernforbundet.no\/moreogromsdal\/\"},{\"@type\":\"ListItem\",\"position\":3,\"name\":\"Naturvernforbundet om Haram vindkraftverk: Utgreiingane held ikkje m\u00e5l!\"}]},{\"@type\":\"WebSite\",\"@id\":\"https:\/\/naturvernforbundet.no\/moreogromsdal\/#website\",\"url\":\"https:\/\/naturvernforbundet.no\/moreogromsdal\/\",\"name\":\"M\u00f8re og Romsdal\",\"description\":\"Bare enda et Naturvernforbundet Sites-nettsted\",\"potentialAction\":[{\"@type\":\"SearchAction\",\"target\":{\"@type\":\"EntryPoint\",\"urlTemplate\":\"https:\/\/naturvernforbundet.no\/moreogromsdal\/?s={search_term_string}\"},\"query-input\":{\"@type\":\"PropertyValueSpecification\",\"valueRequired\":true,\"valueName\":\"search_term_string\"}}],\"inLanguage\":\"nb-NO\"},{\"@type\":\"Person\",\"@id\":\"https:\/\/naturvernforbundet.no\/moreogromsdal\/#\/schema\/person\/c72f198205979084bf071deedb6205f4\",\"name\":\"Artikkelimport\u00f8r\",\"image\":{\"@type\":\"ImageObject\",\"inLanguage\":\"nb-NO\",\"@id\":\"https:\/\/naturvernforbundet.no\/moreogromsdal\/#\/schema\/person\/image\/\",\"url\":\"https:\/\/secure.gravatar.com\/avatar\/015fa491b9ed1c823ef16a5c930294d1?s=96&d=mm&r=g\",\"contentUrl\":\"https:\/\/secure.gravatar.com\/avatar\/015fa491b9ed1c823ef16a5c930294d1?s=96&d=mm&r=g\",\"caption\":\"Artikkelimport\u00f8r\"},\"url\":\"https:\/\/naturvernforbundet.no\/moreogromsdal\/author\/artikkelimportor\/\"}]}<\/script>\n<!-- \/ Yoast SEO plugin. -->","yoast_head_json":{"title":"Naturvernforbundet om Haram vindkraftverk: Utgreiingane held ikkje m\u00e5l! - M\u00f8re og Romsdal","robots":{"index":"index","follow":"follow","max-snippet":"max-snippet:-1","max-image-preview":"max-image-preview:large","max-video-preview":"max-video-preview:-1"},"canonical":"https:\/\/naturvernforbundet.no\/moreogromsdal\/naturvernforbundet-om-haram-vindkraftverk-utgreiingane-held-ikkje-mal\/","og_locale":"nb_NO","og_type":"article","og_title":"Naturvernforbundet om Haram vindkraftverk: Utgreiingane held ikkje m\u00e5l! - M\u00f8re og Romsdal","og_description":"Naturvernforbundet har sett p\u00e5 s\u00f8knaden om konsesjon for Haram vindkraftverk p\u00e5 Flems\u00f8ya og Harams\u00f8ya. To av alternativa er uansett uakseptable, meiner Naturvernforbundet. Det siste alternativet er ikkje godt nok utgreidd til at det er mogleg \u00e5 ta stilling til det.","og_url":"https:\/\/naturvernforbundet.no\/moreogromsdal\/naturvernforbundet-om-haram-vindkraftverk-utgreiingane-held-ikkje-mal\/","og_site_name":"M\u00f8re og Romsdal","article_published_time":"2006-02-01T07:53:00+00:00","author":"Artikkelimport\u00f8r","twitter_card":"summary_large_image","twitter_misc":{"Skrevet av":"Artikkelimport\u00f8r","Ansl. lesetid":"3 minutter"},"schema":{"@context":"https:\/\/schema.org","@graph":[{"@type":"WebPage","@id":"https:\/\/naturvernforbundet.no\/moreogromsdal\/naturvernforbundet-om-haram-vindkraftverk-utgreiingane-held-ikkje-mal\/","url":"https:\/\/naturvernforbundet.no\/moreogromsdal\/naturvernforbundet-om-haram-vindkraftverk-utgreiingane-held-ikkje-mal\/","name":"Naturvernforbundet om Haram vindkraftverk: Utgreiingane held ikkje m\u00e5l! - M\u00f8re og Romsdal","isPartOf":{"@id":"https:\/\/naturvernforbundet.no\/moreogromsdal\/#website"},"datePublished":"2006-02-01T07:53:00+00:00","author":{"@id":"https:\/\/naturvernforbundet.no\/moreogromsdal\/#\/schema\/person\/c72f198205979084bf071deedb6205f4"},"breadcrumb":{"@id":"https:\/\/naturvernforbundet.no\/moreogromsdal\/naturvernforbundet-om-haram-vindkraftverk-utgreiingane-held-ikkje-mal\/#breadcrumb"},"inLanguage":"nb-NO","potentialAction":[{"@type":"ReadAction","target":["https:\/\/naturvernforbundet.no\/moreogromsdal\/naturvernforbundet-om-haram-vindkraftverk-utgreiingane-held-ikkje-mal\/"]}]},{"@type":"BreadcrumbList","@id":"https:\/\/naturvernforbundet.no\/moreogromsdal\/naturvernforbundet-om-haram-vindkraftverk-utgreiingane-held-ikkje-mal\/#breadcrumb","itemListElement":[{"@type":"ListItem","position":1,"name":"Till naturvernforbundet.no","item":"https:\/\/naturvernforbundet.no\/"},{"@type":"ListItem","position":2,"name":"M\u00f8re og Romsdal","item":"https:\/\/naturvernforbundet.no\/moreogromsdal\/"},{"@type":"ListItem","position":3,"name":"Naturvernforbundet om Haram vindkraftverk: Utgreiingane held ikkje m\u00e5l!"}]},{"@type":"WebSite","@id":"https:\/\/naturvernforbundet.no\/moreogromsdal\/#website","url":"https:\/\/naturvernforbundet.no\/moreogromsdal\/","name":"M\u00f8re og Romsdal","description":"Bare enda et Naturvernforbundet Sites-nettsted","potentialAction":[{"@type":"SearchAction","target":{"@type":"EntryPoint","urlTemplate":"https:\/\/naturvernforbundet.no\/moreogromsdal\/?s={search_term_string}"},"query-input":{"@type":"PropertyValueSpecification","valueRequired":true,"valueName":"search_term_string"}}],"inLanguage":"nb-NO"},{"@type":"Person","@id":"https:\/\/naturvernforbundet.no\/moreogromsdal\/#\/schema\/person\/c72f198205979084bf071deedb6205f4","name":"Artikkelimport\u00f8r","image":{"@type":"ImageObject","inLanguage":"nb-NO","@id":"https:\/\/naturvernforbundet.no\/moreogromsdal\/#\/schema\/person\/image\/","url":"https:\/\/secure.gravatar.com\/avatar\/015fa491b9ed1c823ef16a5c930294d1?s=96&d=mm&r=g","contentUrl":"https:\/\/secure.gravatar.com\/avatar\/015fa491b9ed1c823ef16a5c930294d1?s=96&d=mm&r=g","caption":"Artikkelimport\u00f8r"},"url":"https:\/\/naturvernforbundet.no\/moreogromsdal\/author\/artikkelimportor\/"}]}},"_links":{"self":[{"href":"https:\/\/naturvernforbundet.no\/moreogromsdal\/wp-json\/wp\/v2\/posts\/1016","targetHints":{"allow":["GET"]}}],"collection":[{"href":"https:\/\/naturvernforbundet.no\/moreogromsdal\/wp-json\/wp\/v2\/posts"}],"about":[{"href":"https:\/\/naturvernforbundet.no\/moreogromsdal\/wp-json\/wp\/v2\/types\/post"}],"author":[{"embeddable":true,"href":"https:\/\/naturvernforbundet.no\/moreogromsdal\/wp-json\/wp\/v2\/users\/38"}],"replies":[{"embeddable":true,"href":"https:\/\/naturvernforbundet.no\/moreogromsdal\/wp-json\/wp\/v2\/comments?post=1016"}],"version-history":[{"count":0,"href":"https:\/\/naturvernforbundet.no\/moreogromsdal\/wp-json\/wp\/v2\/posts\/1016\/revisions"}],"wp:attachment":[{"href":"https:\/\/naturvernforbundet.no\/moreogromsdal\/wp-json\/wp\/v2\/media?parent=1016"}],"wp:term":[{"taxonomy":"category","embeddable":true,"href":"https:\/\/naturvernforbundet.no\/moreogromsdal\/wp-json\/wp\/v2\/categories?post=1016"},{"taxonomy":"post_tag","embeddable":true,"href":"https:\/\/naturvernforbundet.no\/moreogromsdal\/wp-json\/wp\/v2\/tags?post=1016"},{"taxonomy":"local","embeddable":true,"href":"https:\/\/naturvernforbundet.no\/moreogromsdal\/wp-json\/wp\/v2\/local?post=1016"}],"curies":[{"name":"wp","href":"https:\/\/api.w.org\/{rel}","templated":true}]}}