{"id":1025,"date":"2005-12-18T19:37:00","date_gmt":"2005-12-18T18:37:00","guid":{"rendered":"https:\/\/naturvernforbundet.no\/moreogromsdal\/naturvernforbundet-i-more-og-romsdal-gar-ut-mot-aurstad-utbygging\/"},"modified":"2005-12-18T19:37:00","modified_gmt":"2005-12-18T18:37:00","slug":"naturvernforbundet-i-more-og-romsdal-gar-ut-mot-aurstad-utbygging","status":"publish","type":"post","link":"https:\/\/naturvernforbundet.no\/moreogromsdal\/naturvernforbundet-i-more-og-romsdal-gar-ut-mot-aurstad-utbygging\/","title":{"rendered":"Naturvernforbundet i M\u00f8re og Romsdal g\u00e5r ut mot Aurstad-utbygging"},"content":{"rendered":"\t<div class=\"template-post alignfull wp-block-naturvern-hero\">\n\t\t<div class=\"hero__inner\">\n\t\t\t<div class=\"hero__inner_blocks\">\n\t\t\t\t\t\t\t\t\n\t\t\t\t\t<h1 class=\"wp-block-post-title\">Naturvernforbundet i M\u00f8re og Romsdal g\u00e5r ut mot Aurstad-utbygging<\/h1>\n\n\t\t\t\t\t<div class=\"wp-block-post-excerpt\"><p class=\"wp-block-post-excerpt__excerpt\">Naturvernforbundet i M\u00f8re og Romsdal ser liten grunn til \u00e5 endre p\u00e5 tidlegare uttaler om Aurstadelva. Sj\u00f8lv om utbyggar har send ny s\u00f8knad er det framleis uakseptabelt \u00e5 byggje ut denne elva. <\/p><\/div>\n\n\t\t\t\t\t\n\n\t\t\t\t\t<div class=\"wp-block-naturvern-byline\">\n\t\t\t<div class=\"authors\">By <span class=\"t2-byline__author-link\">Artikkelimport\u00f8r<\/span><\/div>\n\t\t\t<small class=\"entry-date\">18.12.2005 19:37<\/small>\n\t\t<\/div>\n\t\t\t\t\t\t\t\t<\/div>\n\t\t\t\t\t<\/div>\n\t\t\t<\/div>\n\t\n<p>Leiar i Naturvernforbundet i M\u00f8re og Romsdal, \u00d8ystein Folden, kan kontaktast p\u00e5 telefon 91 81 25 42.<\/p>\n\n\n\n<p><a href=\"\/imakerdata\/f\/0\/74\/37\/2_2401_0\/Aurstadelva_runde_2_Oddvar_Hoydalsvik_07.12.05.pdf\">Lesarinnlegg i M\u00f8re<\/a><\/p>\n\n\n\n<p><a href=\"\/imakerdata\/f\/0\/74\/37\/4_2401_0\/Aurstadelva_avisinnlegg_Oddvar_Hoydalsvik_11.12.05.pdf\">Meir fr\u00e5 M\u00f8re<\/a><\/p>\n\n\n\n<p><a href=\"\/imakerdata\/f\/0\/75\/35\/0_2401_0\/Aurstad.pdf\">Sunnm\u00f8rsposten 17. januar 2006<\/a><\/p>\n\n\n\n<p><a href=\"\/imakerdata\/f\/0\/75\/35\/1_2401_0\/Aurstad_ll_Formannskap.jpg\">M\u00f8re 17. januar 2006<\/a><\/p>\n\n\n\n<p><a href=\"\/imakerdata\/f\/0\/74\/37\/1_2401_0\/uttale_-_Revidert_Aurstadelva_kraftverk_i_Volda.pdf\">Les uttalen fr\u00e5 Naturvernforbundet i M\u00f8re og Romsdal<\/a><\/p>\n\n\n\n<p><a href=\"\/imakerdata\/f\/0\/74\/37\/5_2401_0\/Elver_rundt_Austefjord.JPG\">Kart Austefjorden<\/a><\/p>\n\n\n\n<p><a href=\"\/imakerdata\/f\/0\/74\/37\/6_2401_0\/DSC02519.JPG\">Avisoppslag<\/a><\/p>\n\n\n\n<p><a href=\"\/imakerdata\/f\/0\/78\/60\/5_2401_0\/Aurstad_ll_Formannskap.rtf\">Saksframlegg Volda kommune<\/a><\/p>\n\n\n\n<p><a href=\"\/imakerdata\/f\/0\/78\/60\/6_2401_0\/Aurstad_ll_Rein_Husebo_kontra_harald_Aarset_2101.jpg\">Avisoppslag<\/a><\/p>\n\n\n\n<p><a href=\"\/imakerdata\/f\/0\/78\/60\/7_2401_0\/Aurstad_ll_Hans_Aarset_kontra_Harald_Bjorkedal_morenytt2701.jpg\">Meir avisoppslag<\/a><\/p>\n\n\n\n<p><a href=\"\/imakerdata\/f\/0\/78\/60\/8_2401_0\/ScanWise28960.jpg\">Meir fr\u00e5 debatten<\/a><\/p>\n\n\n\n<p><a href=\"\/imakerdata\/f\/0\/78\/60\/9_2401_0\/Aurstadelva_-Underskriftliste_steg_2.pdf\">Underskriftsliste<\/a><\/p>\n\n\n\n<p><a href=\"\/imakerdata\/f\/0\/78\/62\/1_2401_0\/Aurstad_Morenytt_28012006.pdf\">M\u00f8renytt 28. januar 2006<\/a><\/p>\n\n\n\n<p><a href=\"\/imakerdata\/f\/0\/88\/53\/9_2401_0\/Fylket_Aurstad.pdf\">Uttale fr\u00e5 M\u00f8re og Romsdal fylke 15. juni 2006<\/a><\/p>\n","protected":false},"excerpt":{"rendered":"<p>Naturvernforbundet i M\u00f8re og Romsdal ser liten grunn til \u00e5 endre p\u00e5 tidlegare uttaler om Aurstadelva. Sj\u00f8lv om utbyggar har send ny s\u00f8knad er det framleis uakseptabelt \u00e5 byggje ut denne elva.<\/p>\n","protected":false},"author":38,"featured_media":0,"comment_status":"closed","ping_status":"closed","sticky":false,"template":"","format":"standard","meta":{"_relevanssi_hide_post":"","_relevanssi_hide_content":"","_relevanssi_pin_for_all":"","_relevanssi_pin_keywords":"","_relevanssi_unpin_keywords":"","_relevanssi_related_keywords":"","_relevanssi_related_include_ids":"","_relevanssi_related_exclude_ids":"","_relevanssi_related_no_append":"","_relevanssi_related_not_related":"","_relevanssi_related_posts":"","_relevanssi_noindex_reason":"","hide_logo":false,"footnotes":""},"categories":[13],"tags":[],"local":[],"class_list":["post-1025","post","type-post","status-publish","format-standard","hentry","category-vasskraft"],"acf":[],"yoast_head":"<!-- This site is optimized with the Yoast SEO plugin v24.9 - https:\/\/yoast.com\/wordpress\/plugins\/seo\/ -->\n<title>Naturvernforbundet i M\u00f8re og Romsdal g\u00e5r ut mot Aurstad-utbygging - M\u00f8re og Romsdal<\/title>\n<meta name=\"robots\" content=\"index, follow, max-snippet:-1, max-image-preview:large, max-video-preview:-1\" \/>\n<link rel=\"canonical\" href=\"https:\/\/naturvernforbundet.no\/moreogromsdal\/naturvernforbundet-i-more-og-romsdal-gar-ut-mot-aurstad-utbygging\/\" \/>\n<meta property=\"og:locale\" content=\"nb_NO\" \/>\n<meta property=\"og:type\" content=\"article\" \/>\n<meta property=\"og:title\" content=\"Naturvernforbundet i M\u00f8re og Romsdal g\u00e5r ut mot Aurstad-utbygging - M\u00f8re og Romsdal\" \/>\n<meta property=\"og:description\" content=\"Naturvernforbundet i M\u00f8re og Romsdal ser liten grunn til \u00e5 endre p\u00e5 tidlegare uttaler om Aurstadelva. Sj\u00f8lv om utbyggar har send ny s\u00f8knad er det framleis uakseptabelt \u00e5 byggje ut denne elva.\" \/>\n<meta property=\"og:url\" content=\"https:\/\/naturvernforbundet.no\/moreogromsdal\/naturvernforbundet-i-more-og-romsdal-gar-ut-mot-aurstad-utbygging\/\" \/>\n<meta property=\"og:site_name\" content=\"M\u00f8re og Romsdal\" \/>\n<meta property=\"article:published_time\" content=\"2005-12-18T18:37:00+00:00\" \/>\n<meta name=\"author\" content=\"Artikkelimport\u00f8r\" \/>\n<meta name=\"twitter:card\" content=\"summary_large_image\" \/>\n<meta name=\"twitter:label1\" content=\"Skrevet av\" \/>\n\t<meta name=\"twitter:data1\" content=\"Artikkelimport\u00f8r\" \/>\n<script type=\"application\/ld+json\" class=\"yoast-schema-graph\">{\"@context\":\"https:\/\/schema.org\",\"@graph\":[{\"@type\":\"WebPage\",\"@id\":\"https:\/\/naturvernforbundet.no\/moreogromsdal\/naturvernforbundet-i-more-og-romsdal-gar-ut-mot-aurstad-utbygging\/\",\"url\":\"https:\/\/naturvernforbundet.no\/moreogromsdal\/naturvernforbundet-i-more-og-romsdal-gar-ut-mot-aurstad-utbygging\/\",\"name\":\"Naturvernforbundet i M\u00f8re og Romsdal g\u00e5r ut mot Aurstad-utbygging - M\u00f8re og Romsdal\",\"isPartOf\":{\"@id\":\"https:\/\/naturvernforbundet.no\/moreogromsdal\/#website\"},\"datePublished\":\"2005-12-18T18:37:00+00:00\",\"author\":{\"@id\":\"https:\/\/naturvernforbundet.no\/moreogromsdal\/#\/schema\/person\/c72f198205979084bf071deedb6205f4\"},\"breadcrumb\":{\"@id\":\"https:\/\/naturvernforbundet.no\/moreogromsdal\/naturvernforbundet-i-more-og-romsdal-gar-ut-mot-aurstad-utbygging\/#breadcrumb\"},\"inLanguage\":\"nb-NO\",\"potentialAction\":[{\"@type\":\"ReadAction\",\"target\":[\"https:\/\/naturvernforbundet.no\/moreogromsdal\/naturvernforbundet-i-more-og-romsdal-gar-ut-mot-aurstad-utbygging\/\"]}]},{\"@type\":\"BreadcrumbList\",\"@id\":\"https:\/\/naturvernforbundet.no\/moreogromsdal\/naturvernforbundet-i-more-og-romsdal-gar-ut-mot-aurstad-utbygging\/#breadcrumb\",\"itemListElement\":[{\"@type\":\"ListItem\",\"position\":1,\"name\":\"Till naturvernforbundet.no\",\"item\":\"https:\/\/naturvernforbundet.no\/\"},{\"@type\":\"ListItem\",\"position\":2,\"name\":\"M\u00f8re og Romsdal\",\"item\":\"https:\/\/naturvernforbundet.no\/moreogromsdal\/\"},{\"@type\":\"ListItem\",\"position\":3,\"name\":\"Naturvernforbundet i M\u00f8re og Romsdal g\u00e5r ut mot Aurstad-utbygging\"}]},{\"@type\":\"WebSite\",\"@id\":\"https:\/\/naturvernforbundet.no\/moreogromsdal\/#website\",\"url\":\"https:\/\/naturvernforbundet.no\/moreogromsdal\/\",\"name\":\"M\u00f8re og Romsdal\",\"description\":\"Bare enda et Naturvernforbundet Sites-nettsted\",\"potentialAction\":[{\"@type\":\"SearchAction\",\"target\":{\"@type\":\"EntryPoint\",\"urlTemplate\":\"https:\/\/naturvernforbundet.no\/moreogromsdal\/?s={search_term_string}\"},\"query-input\":{\"@type\":\"PropertyValueSpecification\",\"valueRequired\":true,\"valueName\":\"search_term_string\"}}],\"inLanguage\":\"nb-NO\"},{\"@type\":\"Person\",\"@id\":\"https:\/\/naturvernforbundet.no\/moreogromsdal\/#\/schema\/person\/c72f198205979084bf071deedb6205f4\",\"name\":\"Artikkelimport\u00f8r\",\"image\":{\"@type\":\"ImageObject\",\"inLanguage\":\"nb-NO\",\"@id\":\"https:\/\/naturvernforbundet.no\/moreogromsdal\/#\/schema\/person\/image\/\",\"url\":\"https:\/\/secure.gravatar.com\/avatar\/015fa491b9ed1c823ef16a5c930294d1?s=96&d=mm&r=g\",\"contentUrl\":\"https:\/\/secure.gravatar.com\/avatar\/015fa491b9ed1c823ef16a5c930294d1?s=96&d=mm&r=g\",\"caption\":\"Artikkelimport\u00f8r\"},\"url\":\"https:\/\/naturvernforbundet.no\/moreogromsdal\/author\/artikkelimportor\/\"}]}<\/script>\n<!-- \/ Yoast SEO plugin. -->","yoast_head_json":{"title":"Naturvernforbundet i M\u00f8re og Romsdal g\u00e5r ut mot Aurstad-utbygging - M\u00f8re og Romsdal","robots":{"index":"index","follow":"follow","max-snippet":"max-snippet:-1","max-image-preview":"max-image-preview:large","max-video-preview":"max-video-preview:-1"},"canonical":"https:\/\/naturvernforbundet.no\/moreogromsdal\/naturvernforbundet-i-more-og-romsdal-gar-ut-mot-aurstad-utbygging\/","og_locale":"nb_NO","og_type":"article","og_title":"Naturvernforbundet i M\u00f8re og Romsdal g\u00e5r ut mot Aurstad-utbygging - M\u00f8re og Romsdal","og_description":"Naturvernforbundet i M\u00f8re og Romsdal ser liten grunn til \u00e5 endre p\u00e5 tidlegare uttaler om Aurstadelva. Sj\u00f8lv om utbyggar har send ny s\u00f8knad er det framleis uakseptabelt \u00e5 byggje ut denne elva.","og_url":"https:\/\/naturvernforbundet.no\/moreogromsdal\/naturvernforbundet-i-more-og-romsdal-gar-ut-mot-aurstad-utbygging\/","og_site_name":"M\u00f8re og Romsdal","article_published_time":"2005-12-18T18:37:00+00:00","author":"Artikkelimport\u00f8r","twitter_card":"summary_large_image","twitter_misc":{"Skrevet av":"Artikkelimport\u00f8r"},"schema":{"@context":"https:\/\/schema.org","@graph":[{"@type":"WebPage","@id":"https:\/\/naturvernforbundet.no\/moreogromsdal\/naturvernforbundet-i-more-og-romsdal-gar-ut-mot-aurstad-utbygging\/","url":"https:\/\/naturvernforbundet.no\/moreogromsdal\/naturvernforbundet-i-more-og-romsdal-gar-ut-mot-aurstad-utbygging\/","name":"Naturvernforbundet i M\u00f8re og Romsdal g\u00e5r ut mot Aurstad-utbygging - M\u00f8re og Romsdal","isPartOf":{"@id":"https:\/\/naturvernforbundet.no\/moreogromsdal\/#website"},"datePublished":"2005-12-18T18:37:00+00:00","author":{"@id":"https:\/\/naturvernforbundet.no\/moreogromsdal\/#\/schema\/person\/c72f198205979084bf071deedb6205f4"},"breadcrumb":{"@id":"https:\/\/naturvernforbundet.no\/moreogromsdal\/naturvernforbundet-i-more-og-romsdal-gar-ut-mot-aurstad-utbygging\/#breadcrumb"},"inLanguage":"nb-NO","potentialAction":[{"@type":"ReadAction","target":["https:\/\/naturvernforbundet.no\/moreogromsdal\/naturvernforbundet-i-more-og-romsdal-gar-ut-mot-aurstad-utbygging\/"]}]},{"@type":"BreadcrumbList","@id":"https:\/\/naturvernforbundet.no\/moreogromsdal\/naturvernforbundet-i-more-og-romsdal-gar-ut-mot-aurstad-utbygging\/#breadcrumb","itemListElement":[{"@type":"ListItem","position":1,"name":"Till naturvernforbundet.no","item":"https:\/\/naturvernforbundet.no\/"},{"@type":"ListItem","position":2,"name":"M\u00f8re og Romsdal","item":"https:\/\/naturvernforbundet.no\/moreogromsdal\/"},{"@type":"ListItem","position":3,"name":"Naturvernforbundet i M\u00f8re og Romsdal g\u00e5r ut mot Aurstad-utbygging"}]},{"@type":"WebSite","@id":"https:\/\/naturvernforbundet.no\/moreogromsdal\/#website","url":"https:\/\/naturvernforbundet.no\/moreogromsdal\/","name":"M\u00f8re og Romsdal","description":"Bare enda et Naturvernforbundet Sites-nettsted","potentialAction":[{"@type":"SearchAction","target":{"@type":"EntryPoint","urlTemplate":"https:\/\/naturvernforbundet.no\/moreogromsdal\/?s={search_term_string}"},"query-input":{"@type":"PropertyValueSpecification","valueRequired":true,"valueName":"search_term_string"}}],"inLanguage":"nb-NO"},{"@type":"Person","@id":"https:\/\/naturvernforbundet.no\/moreogromsdal\/#\/schema\/person\/c72f198205979084bf071deedb6205f4","name":"Artikkelimport\u00f8r","image":{"@type":"ImageObject","inLanguage":"nb-NO","@id":"https:\/\/naturvernforbundet.no\/moreogromsdal\/#\/schema\/person\/image\/","url":"https:\/\/secure.gravatar.com\/avatar\/015fa491b9ed1c823ef16a5c930294d1?s=96&d=mm&r=g","contentUrl":"https:\/\/secure.gravatar.com\/avatar\/015fa491b9ed1c823ef16a5c930294d1?s=96&d=mm&r=g","caption":"Artikkelimport\u00f8r"},"url":"https:\/\/naturvernforbundet.no\/moreogromsdal\/author\/artikkelimportor\/"}]}},"_links":{"self":[{"href":"https:\/\/naturvernforbundet.no\/moreogromsdal\/wp-json\/wp\/v2\/posts\/1025","targetHints":{"allow":["GET"]}}],"collection":[{"href":"https:\/\/naturvernforbundet.no\/moreogromsdal\/wp-json\/wp\/v2\/posts"}],"about":[{"href":"https:\/\/naturvernforbundet.no\/moreogromsdal\/wp-json\/wp\/v2\/types\/post"}],"author":[{"embeddable":true,"href":"https:\/\/naturvernforbundet.no\/moreogromsdal\/wp-json\/wp\/v2\/users\/38"}],"replies":[{"embeddable":true,"href":"https:\/\/naturvernforbundet.no\/moreogromsdal\/wp-json\/wp\/v2\/comments?post=1025"}],"version-history":[{"count":0,"href":"https:\/\/naturvernforbundet.no\/moreogromsdal\/wp-json\/wp\/v2\/posts\/1025\/revisions"}],"wp:attachment":[{"href":"https:\/\/naturvernforbundet.no\/moreogromsdal\/wp-json\/wp\/v2\/media?parent=1025"}],"wp:term":[{"taxonomy":"category","embeddable":true,"href":"https:\/\/naturvernforbundet.no\/moreogromsdal\/wp-json\/wp\/v2\/categories?post=1025"},{"taxonomy":"post_tag","embeddable":true,"href":"https:\/\/naturvernforbundet.no\/moreogromsdal\/wp-json\/wp\/v2\/tags?post=1025"},{"taxonomy":"local","embeddable":true,"href":"https:\/\/naturvernforbundet.no\/moreogromsdal\/wp-json\/wp\/v2\/local?post=1025"}],"curies":[{"name":"wp","href":"https:\/\/api.w.org\/{rel}","templated":true}]}}