{"id":1026,"date":"2006-03-03T08:03:00","date_gmt":"2006-03-03T07:03:00","guid":{"rendered":"https:\/\/naturvernforbundet.no\/moreogromsdal\/turist-i-sunndal\/"},"modified":"2006-03-03T08:03:00","modified_gmt":"2006-03-03T07:03:00","slug":"turist-i-sunndal","status":"publish","type":"post","link":"https:\/\/naturvernforbundet.no\/moreogromsdal\/turist-i-sunndal\/","title":{"rendered":"Turist i Sunndal"},"content":{"rendered":"\t<div class=\"template-post alignfull wp-block-naturvern-hero\">\n\t\t<div class=\"hero__inner\">\n\t\t\t<div class=\"hero__inner_blocks\">\n\t\t\t\t\t\t\t\t\n\t\t\t\t\t<h1 class=\"wp-block-post-title\">Turist i Sunndal<\/h1>\n\n\t\t\t\t\t<div class=\"wp-block-post-excerpt\"><p class=\"wp-block-post-excerpt__excerpt\">Innlegg av \u00d8ystein Folden, leiar av Naturvernforbundet i M\u00f8re og Romsdal p\u00e5 temam\u00f8te om vasskraft i Sunndal, arrangert av Naturvernforbundet i Sunndal 2.3.2006. <\/p><\/div>\n\n\t\t\t\t\t\n\n\t\t\t\t\t<div class=\"wp-block-naturvern-byline\">\n\t\t\t<div class=\"authors\">By <span class=\"t2-byline__author-link\">Artikkelimport\u00f8r<\/span><\/div>\n\t\t\t<small class=\"entry-date\">03.03.2006 08:03<\/small>\n\t\t<\/div>\n\t\t\t\t\t\t\t\t<\/div>\n\t\t\t\t\t<\/div>\n\t\t\t<\/div>\n\t\n<p>Eg er mellom dei som har flytta til dette fylket. Ting ser forskjellig ut for ein som alltid har budd her og ein som kjem fr\u00e5 ein annan plass. Kvifor skal ein bu i Sunndal? Kvifor skal ein vere turist i Sunndal? B\u00e5e sp\u00f8rsm\u00e5l er det viktig blir stilt, det siste har eg lyst til \u00e5 skissere noko p\u00e5 no.\n<\/p>\n\n\n\n<p>Det er mange stader som har h\u00f8ge fjell. Sunndalsfjella har sine kvalitetar, Sunnm\u00f8rsalpar er dei ikkje.\n<\/p>\n\n\n\n<p>Det er mange stader som har mus\u00e9 og galleri. I Sunndal er det ikkje det som blir flaggskipet i reiselivsn\u00e6ringa med det f\u00f8rste.\n<\/p>\n\n\n\n<p>Veganlegg og industri finst det ogs\u00e5 mange stader. Trollstigen finst alt ein annan plass. Hydro aluminium er og blir mest eit monument som syner i landskapet og p\u00e5 straumstatistikken.\n<\/p>\n\n\n\n<p>Nasjonalparkar og naturomr\u00e5de finst det mange stader. Men nokre av desse har verdiar som er heilt spesielle. Har ein f\u00e5tt ein Innerdalbasill s\u00e5 er det berre Innerdalen som duger. \u00c5motan er ein annan stad som berre finst der. \n<\/p>\n\n\n\n<p>Kva har Sunndal som kan gjere staden unik? D\u00e5 m\u00e5 vi sj\u00e5 p\u00e5 landskapet, for det er det ingen som kan kopiere.\n<\/p>\n\n\n\n<p>Eg trur temaet vatn har noko i seg som kan utviklast til noko spesielt og stort. Det er knapt nokon stad i Noreg (og verda) som har fleire element knytt til vatn enn det Sunndal har. \n<\/p>\n\n\n\n<p>Driva som fiskeelv med alle dei opplevingane som kan knytast til det kjenner vi alt. Potensialet her ligg i at resten av familien ogs\u00e5 kan finne p\u00e5 noko. For nokon er rafting ei l\u00f8ysing.\n<\/p>\n\n\n\n<p>Vi har alt verneomr\u00e5de med h\u00f8g kvalitet og tiltrekkingskrafta finst sj\u00f8lv om det er altfor f\u00e5 som har kome p\u00e5 at dei er hekta. Sidan sist sommar har det g\u00e5tt ein flott reklamefilm p\u00e5 TV for naturverdiar i Sunndal. Innerdalen er presentert i all sin prakt, og fokuset var p\u00e5 dei som i si tid sa at her finst det verdiar som er st\u00f8rre enn \u00e5 legge vatn i r\u00f8yr. D\u00e5 offentleg vilje ikkje var til stades, var det einskildpersonar \u2013 stabeis vil nokre kalle dei \u2013 som gjorde jobben. Takk og all \u00e6re til dei som s\u00e5g dette og gjorde dette mogleg. Kva ville Innerdalen ha vore med mykje meir vatn, eller ikkje noko vatn? I alle fall ikkje noko potensiale for turisme i Sunndal.\n<\/p>\n\n\n\n<p>Vatnet i Sunndal skaper sj\u00f8lv reklameplakatane. Vegvesenet kan ikkje kome \u00e5 rive ned Erga og Erstadelva sj\u00f8lv om dei nok kan ta merksemd som sj\u00e5f\u00f8rane kanskje skulle hatt p\u00e5 vegen. Dei krev lite vedlikehald, fotograferinga ordnar turistane sj\u00f8lve. Sunndal kommune sin oppg\u00e5ve ligg i at turistane ser at dei kan f\u00e5 oppleve meir av dette. Om det st\u00e5r i NAF-boka om Erstadelva som kjem ned etter fjellsida og om butikken der det er greitt \u00e5 stoppe og der det finst god informasjon om turar ein kan gjere oppetter \u00d8ksendalen, d\u00e5 vil vel omsetnaden p\u00e5 butikken ogs\u00e5 g\u00e5 opp. Sj\u00f8lve \u00d8ksendals\u00f8ra er turistm\u00e5l i seg sj\u00f8lv. N\u00e5r NORTRA sa i 1990 at \u00d8ksendals\u00f8ra er best bevarte strandstad i Noreg, seier vel det litt \u2013 og tema vatn h\u00f8ver godt. S\u00e5 mykje spetakkel det var kring opprettinga av naturreservatet, kan ein jo bruke vernet til noko og d\u00e5 kjem elveoslandskapet og havstranda til sin rett \u2013 meir p\u00e5 tema vatn.\n<\/p>\n\n\n\n<p>Ved Erga ligg det og potensiale i tilrettelegging. Dette kan utviklast vidare, men ikkje utan vatn i elvane.\n<\/p>\n\n\n\n<p>P\u00e5 dagar d\u00e5 lufta er metta av vatn og fjelltoppane blir borte, d\u00e5 kan det vere mogleg \u00e5 sj\u00e5 korleis vatnet blir til straum, og korleis straum blir til aluminium og korleis aluminiumen til sist blir frakta vekk p\u00e5 det store vatnet. Sunndal er alt rikeleg utbygd, vi treng ikkje fleire elver i r\u00f8yr for \u00e5 f\u00e5 til dette. Men historia om utbygginga der vatnet blei lagt i tunnel og r\u00f8yr, den er meir enn interessant nok til \u00e5 f\u00e5 noko meir ut av. Legg til rette for turisme i utvalde delar av dette anleggsomr\u00e5det og fortel historia.\n<\/p>\n\n\n\n<p>Sunndal treng ikkje noko badeland, men kanskje det er plass for ei lita lagune? Verket har vel framleis ein del varmvatn som blir slept ut i havet. Det kan vel hende at noko av dette kan varme opp ei badelagune p\u00e5 vegen til havet? \n<\/p>\n\n\n\n<p>Set ein vatn i system, har Sunndal heilt spesielle f\u00f8resetnader til \u00e5 skape turistverksemd. Samla kan dette gje aktivitet og oppleving til langt fleire enn laksefiskarane. Temaoppleving i vatn over 3 dagar kan gje eit turisttilbod i ein heilt annan dimensjon enn om bilen k\u00f8yrer gjennom kommunen i l\u00f8pet av nokre timar. \n<\/p>\n\n\n\n<p><b>Samla vurdering av vassdragsverdiane<\/b>\n<\/p>\n\n\n\n<p>I staden for \u00e5 bygge vegar inn til herlegdomen, b\u00f8r vi ta vare p\u00e5 noko herlegdom der det alt er vegar.\n<\/p>\n\n\n\n<p>Har butikken i \u00d8ksendalen ei framtid med Erstadelva i r\u00f8yr?\n<\/p>\n\n\n\n<p>Skal alle sm\u00e5dalane i Sunndal ha vatn lagt i r\u00f8yr. Viss ikkje, kva daler skal ha levande vatn \u2013 vilt og vakkert? Skal dette bestemmast av utbyggarane etter kva rekkjef\u00f8lgje dei blir oms\u00f8kt i? Eller skal slikt bli bestemt ut fr\u00e5 politiske vurderingar?\n<\/p>\n\n\n\n<p>Er vilt vatn noko som finst langt vekk, men ikkje der folk bur?\n<\/p>\n\n\n\n<p>Vasskraft er milj\u00f8vennleg. Kvifor blir det ikkje bygd ein 300 m h\u00f8g dam litt opp i dalen? D\u00e5 kan ein ta vare p\u00e5 mykje vatn gjennom sommaren, og sleppa han ut p\u00e5 vinteren n\u00e5r det er bruk for krafta. Nei vel. Det er alts\u00e5 ikkje slik at all vasskraft er milj\u00f8vennleg. Kva er det som gjer eit prosjekt milj\u00f8vennleg og eit anna ikkje? Kan ei kommunal vurdering av det gje svar?\n<\/p>\n\n\n\n<p>N\u00e5r ein med eine handa satsar p\u00e5 friluftslivet (t.d. Brandstadbu og Vollasetra) og i neste runde drikker opp vatnet med eit kraftverk, kva er det slags planlegging?\n<\/p>\n\n\n\n<p>N\u00e5r gyroen er borte, har vi d\u00e5 noko vatn att som laksen kan leve i?\n<\/p>\n\n\n\n<p>Viss det berre blir att 3 elver i Sunndal utanom dei omr\u00e5da som alt er verna, kva elvar er d\u00e5 viktigast \u00e5 ha att ur\u00f8rt?\n<\/p>\n\n\n\n<p>11 personar i \u00d8ksendalen har f\u00e5tt eit slikt sp\u00f8rsm\u00e5l fr\u00e5 Naturvernforbundet for ei veke sidan. Av desse svara 8 at d\u00e5 m\u00e5 Erstadelva vere ei av desse tre elvene. \n<\/p>\n\n\n\n<p>Viss det skal byggast kraftverk i Usma, kvifor er det ikkje aktuelt \u00e5 gjere det p\u00e5 strekninga som har elveforbyggingar og elles er ganske mykje rota med, framfor \u00e5 ta for seg den biten som i stor grad ligg der ur\u00f8rt?\n<\/p>\n\n\n\n<p>Kva er det med Sunndal som gjer at Tingvoll sitt utbyggings\u00f8nskje p\u00e5 Durm\u00e5lhaugen m\u00e5tte stoppast av omsyn til fritidsbruken p\u00e5 Neslandet, men ytre Nordm\u00f8re sin fritidsbruk av t.d. omr\u00e5da ved Erga ikkje spelar noka rolle?\n<\/p>\n\n\n\n<p>N\u00e5r ein kommune legg hovudvekt p\u00e5 argumentet \u201dVi treng straumen\u201d og s\u00e5 kjem til ei vassdragssak dei vil seie nei til, d\u00e5 kan dei ikkje g\u00e5 mot s\u00f8knaden ved \u00e5 seie at vi ikkje treng straumen, for det er forskjellshandsaming. D\u00e5 trengst det ei vurdering av vassdraga samla, med sortering av akseptable og uakseptable utbyggingssaker, og ein mellomkategori som m\u00e5 vurderast n\u00e6rare.\n<\/p>\n","protected":false},"excerpt":{"rendered":"<p>Innlegg av \u00d8ystein Folden, leiar av Naturvernforbundet i M\u00f8re og Romsdal p\u00e5 temam\u00f8te om vasskraft i Sunndal, arrangert av Naturvernforbundet i Sunndal 2.3.2006.<\/p>\n","protected":false},"author":38,"featured_media":0,"comment_status":"closed","ping_status":"closed","sticky":false,"template":"","format":"standard","meta":{"_relevanssi_hide_post":"","_relevanssi_hide_content":"","_relevanssi_pin_for_all":"","_relevanssi_pin_keywords":"","_relevanssi_unpin_keywords":"","_relevanssi_related_keywords":"","_relevanssi_related_include_ids":"","_relevanssi_related_exclude_ids":"","_relevanssi_related_no_append":"","_relevanssi_related_not_related":"","_relevanssi_related_posts":"","_relevanssi_noindex_reason":"","hide_logo":false,"footnotes":""},"categories":[17],"tags":[],"local":[],"class_list":["post-1026","post","type-post","status-publish","format-standard","hentry","category-more-og-romsdal"],"acf":[],"yoast_head":"<!-- This site is optimized with the Yoast SEO plugin v24.9 - https:\/\/yoast.com\/wordpress\/plugins\/seo\/ -->\n<title>Turist i Sunndal - M\u00f8re og Romsdal<\/title>\n<meta name=\"robots\" content=\"index, follow, max-snippet:-1, max-image-preview:large, max-video-preview:-1\" \/>\n<link rel=\"canonical\" href=\"https:\/\/naturvernforbundet.no\/moreogromsdal\/turist-i-sunndal\/\" \/>\n<meta property=\"og:locale\" content=\"nb_NO\" \/>\n<meta property=\"og:type\" content=\"article\" \/>\n<meta property=\"og:title\" content=\"Turist i Sunndal - M\u00f8re og Romsdal\" \/>\n<meta property=\"og:description\" content=\"Innlegg av \u00d8ystein Folden, leiar av Naturvernforbundet i M\u00f8re og Romsdal p\u00e5 temam\u00f8te om vasskraft i Sunndal, arrangert av Naturvernforbundet i Sunndal 2.3.2006.\" \/>\n<meta property=\"og:url\" content=\"https:\/\/naturvernforbundet.no\/moreogromsdal\/turist-i-sunndal\/\" \/>\n<meta property=\"og:site_name\" content=\"M\u00f8re og Romsdal\" \/>\n<meta property=\"article:published_time\" content=\"2006-03-03T07:03:00+00:00\" \/>\n<meta name=\"author\" content=\"Artikkelimport\u00f8r\" \/>\n<meta name=\"twitter:card\" content=\"summary_large_image\" \/>\n<meta name=\"twitter:label1\" content=\"Skrevet av\" \/>\n\t<meta name=\"twitter:data1\" content=\"Artikkelimport\u00f8r\" \/>\n\t<meta name=\"twitter:label2\" content=\"Ansl. lesetid\" \/>\n\t<meta name=\"twitter:data2\" content=\"6 minutter\" \/>\n<script type=\"application\/ld+json\" class=\"yoast-schema-graph\">{\"@context\":\"https:\/\/schema.org\",\"@graph\":[{\"@type\":\"WebPage\",\"@id\":\"https:\/\/naturvernforbundet.no\/moreogromsdal\/turist-i-sunndal\/\",\"url\":\"https:\/\/naturvernforbundet.no\/moreogromsdal\/turist-i-sunndal\/\",\"name\":\"Turist i Sunndal - M\u00f8re og Romsdal\",\"isPartOf\":{\"@id\":\"https:\/\/naturvernforbundet.no\/moreogromsdal\/#website\"},\"datePublished\":\"2006-03-03T07:03:00+00:00\",\"author\":{\"@id\":\"https:\/\/naturvernforbundet.no\/moreogromsdal\/#\/schema\/person\/c72f198205979084bf071deedb6205f4\"},\"breadcrumb\":{\"@id\":\"https:\/\/naturvernforbundet.no\/moreogromsdal\/turist-i-sunndal\/#breadcrumb\"},\"inLanguage\":\"nb-NO\",\"potentialAction\":[{\"@type\":\"ReadAction\",\"target\":[\"https:\/\/naturvernforbundet.no\/moreogromsdal\/turist-i-sunndal\/\"]}]},{\"@type\":\"BreadcrumbList\",\"@id\":\"https:\/\/naturvernforbundet.no\/moreogromsdal\/turist-i-sunndal\/#breadcrumb\",\"itemListElement\":[{\"@type\":\"ListItem\",\"position\":1,\"name\":\"Till naturvernforbundet.no\",\"item\":\"https:\/\/naturvernforbundet.no\/\"},{\"@type\":\"ListItem\",\"position\":2,\"name\":\"M\u00f8re og Romsdal\",\"item\":\"https:\/\/naturvernforbundet.no\/moreogromsdal\/\"},{\"@type\":\"ListItem\",\"position\":3,\"name\":\"Turist i Sunndal\"}]},{\"@type\":\"WebSite\",\"@id\":\"https:\/\/naturvernforbundet.no\/moreogromsdal\/#website\",\"url\":\"https:\/\/naturvernforbundet.no\/moreogromsdal\/\",\"name\":\"M\u00f8re og Romsdal\",\"description\":\"Bare enda et Naturvernforbundet Sites-nettsted\",\"potentialAction\":[{\"@type\":\"SearchAction\",\"target\":{\"@type\":\"EntryPoint\",\"urlTemplate\":\"https:\/\/naturvernforbundet.no\/moreogromsdal\/?s={search_term_string}\"},\"query-input\":{\"@type\":\"PropertyValueSpecification\",\"valueRequired\":true,\"valueName\":\"search_term_string\"}}],\"inLanguage\":\"nb-NO\"},{\"@type\":\"Person\",\"@id\":\"https:\/\/naturvernforbundet.no\/moreogromsdal\/#\/schema\/person\/c72f198205979084bf071deedb6205f4\",\"name\":\"Artikkelimport\u00f8r\",\"image\":{\"@type\":\"ImageObject\",\"inLanguage\":\"nb-NO\",\"@id\":\"https:\/\/naturvernforbundet.no\/moreogromsdal\/#\/schema\/person\/image\/\",\"url\":\"https:\/\/secure.gravatar.com\/avatar\/015fa491b9ed1c823ef16a5c930294d1?s=96&d=mm&r=g\",\"contentUrl\":\"https:\/\/secure.gravatar.com\/avatar\/015fa491b9ed1c823ef16a5c930294d1?s=96&d=mm&r=g\",\"caption\":\"Artikkelimport\u00f8r\"},\"url\":\"https:\/\/naturvernforbundet.no\/moreogromsdal\/author\/artikkelimportor\/\"}]}<\/script>\n<!-- \/ Yoast SEO plugin. -->","yoast_head_json":{"title":"Turist i Sunndal - M\u00f8re og Romsdal","robots":{"index":"index","follow":"follow","max-snippet":"max-snippet:-1","max-image-preview":"max-image-preview:large","max-video-preview":"max-video-preview:-1"},"canonical":"https:\/\/naturvernforbundet.no\/moreogromsdal\/turist-i-sunndal\/","og_locale":"nb_NO","og_type":"article","og_title":"Turist i Sunndal - M\u00f8re og Romsdal","og_description":"Innlegg av \u00d8ystein Folden, leiar av Naturvernforbundet i M\u00f8re og Romsdal p\u00e5 temam\u00f8te om vasskraft i Sunndal, arrangert av Naturvernforbundet i Sunndal 2.3.2006.","og_url":"https:\/\/naturvernforbundet.no\/moreogromsdal\/turist-i-sunndal\/","og_site_name":"M\u00f8re og Romsdal","article_published_time":"2006-03-03T07:03:00+00:00","author":"Artikkelimport\u00f8r","twitter_card":"summary_large_image","twitter_misc":{"Skrevet av":"Artikkelimport\u00f8r","Ansl. lesetid":"6 minutter"},"schema":{"@context":"https:\/\/schema.org","@graph":[{"@type":"WebPage","@id":"https:\/\/naturvernforbundet.no\/moreogromsdal\/turist-i-sunndal\/","url":"https:\/\/naturvernforbundet.no\/moreogromsdal\/turist-i-sunndal\/","name":"Turist i Sunndal - M\u00f8re og Romsdal","isPartOf":{"@id":"https:\/\/naturvernforbundet.no\/moreogromsdal\/#website"},"datePublished":"2006-03-03T07:03:00+00:00","author":{"@id":"https:\/\/naturvernforbundet.no\/moreogromsdal\/#\/schema\/person\/c72f198205979084bf071deedb6205f4"},"breadcrumb":{"@id":"https:\/\/naturvernforbundet.no\/moreogromsdal\/turist-i-sunndal\/#breadcrumb"},"inLanguage":"nb-NO","potentialAction":[{"@type":"ReadAction","target":["https:\/\/naturvernforbundet.no\/moreogromsdal\/turist-i-sunndal\/"]}]},{"@type":"BreadcrumbList","@id":"https:\/\/naturvernforbundet.no\/moreogromsdal\/turist-i-sunndal\/#breadcrumb","itemListElement":[{"@type":"ListItem","position":1,"name":"Till naturvernforbundet.no","item":"https:\/\/naturvernforbundet.no\/"},{"@type":"ListItem","position":2,"name":"M\u00f8re og Romsdal","item":"https:\/\/naturvernforbundet.no\/moreogromsdal\/"},{"@type":"ListItem","position":3,"name":"Turist i Sunndal"}]},{"@type":"WebSite","@id":"https:\/\/naturvernforbundet.no\/moreogromsdal\/#website","url":"https:\/\/naturvernforbundet.no\/moreogromsdal\/","name":"M\u00f8re og Romsdal","description":"Bare enda et Naturvernforbundet Sites-nettsted","potentialAction":[{"@type":"SearchAction","target":{"@type":"EntryPoint","urlTemplate":"https:\/\/naturvernforbundet.no\/moreogromsdal\/?s={search_term_string}"},"query-input":{"@type":"PropertyValueSpecification","valueRequired":true,"valueName":"search_term_string"}}],"inLanguage":"nb-NO"},{"@type":"Person","@id":"https:\/\/naturvernforbundet.no\/moreogromsdal\/#\/schema\/person\/c72f198205979084bf071deedb6205f4","name":"Artikkelimport\u00f8r","image":{"@type":"ImageObject","inLanguage":"nb-NO","@id":"https:\/\/naturvernforbundet.no\/moreogromsdal\/#\/schema\/person\/image\/","url":"https:\/\/secure.gravatar.com\/avatar\/015fa491b9ed1c823ef16a5c930294d1?s=96&d=mm&r=g","contentUrl":"https:\/\/secure.gravatar.com\/avatar\/015fa491b9ed1c823ef16a5c930294d1?s=96&d=mm&r=g","caption":"Artikkelimport\u00f8r"},"url":"https:\/\/naturvernforbundet.no\/moreogromsdal\/author\/artikkelimportor\/"}]}},"_links":{"self":[{"href":"https:\/\/naturvernforbundet.no\/moreogromsdal\/wp-json\/wp\/v2\/posts\/1026","targetHints":{"allow":["GET"]}}],"collection":[{"href":"https:\/\/naturvernforbundet.no\/moreogromsdal\/wp-json\/wp\/v2\/posts"}],"about":[{"href":"https:\/\/naturvernforbundet.no\/moreogromsdal\/wp-json\/wp\/v2\/types\/post"}],"author":[{"embeddable":true,"href":"https:\/\/naturvernforbundet.no\/moreogromsdal\/wp-json\/wp\/v2\/users\/38"}],"replies":[{"embeddable":true,"href":"https:\/\/naturvernforbundet.no\/moreogromsdal\/wp-json\/wp\/v2\/comments?post=1026"}],"version-history":[{"count":0,"href":"https:\/\/naturvernforbundet.no\/moreogromsdal\/wp-json\/wp\/v2\/posts\/1026\/revisions"}],"wp:attachment":[{"href":"https:\/\/naturvernforbundet.no\/moreogromsdal\/wp-json\/wp\/v2\/media?parent=1026"}],"wp:term":[{"taxonomy":"category","embeddable":true,"href":"https:\/\/naturvernforbundet.no\/moreogromsdal\/wp-json\/wp\/v2\/categories?post=1026"},{"taxonomy":"post_tag","embeddable":true,"href":"https:\/\/naturvernforbundet.no\/moreogromsdal\/wp-json\/wp\/v2\/tags?post=1026"},{"taxonomy":"local","embeddable":true,"href":"https:\/\/naturvernforbundet.no\/moreogromsdal\/wp-json\/wp\/v2\/local?post=1026"}],"curies":[{"name":"wp","href":"https:\/\/api.w.org\/{rel}","templated":true}]}}