{"id":1032,"date":"2005-08-05T21:43:00","date_gmt":"2005-08-05T19:43:00","guid":{"rendered":"https:\/\/naturvernforbundet.no\/moreogromsdal\/er-sproytinga-lovleg\/"},"modified":"2005-08-05T21:43:00","modified_gmt":"2005-08-05T19:43:00","slug":"er-sproytinga-lovleg","status":"publish","type":"post","link":"https:\/\/naturvernforbundet.no\/moreogromsdal\/er-sproytinga-lovleg\/","title":{"rendered":"Er spr\u00f8ytinga lovleg?"},"content":{"rendered":"\t<div class=\"template-post alignfull wp-block-naturvern-hero\">\n\t\t<div class=\"hero__inner\">\n\t\t\t<div class=\"hero__inner_blocks\">\n\t\t\t\t\t\t\t\t\n\t\t\t\t\t<h1 class=\"wp-block-post-title\">Er spr\u00f8ytinga lovleg?<\/h1>\n\n\t\t\t\t\t<div class=\"wp-block-post-excerpt\"><p class=\"wp-block-post-excerpt__excerpt\">Naturvernforbundet har mottatt reaksjonar p\u00e5 at det blir brukt spr\u00f8ytemiddel p\u00e5 ein del areal knytt til vegane i s\u00f8rfylket. Naturvernforbundet er usikre p\u00e5 om spr\u00f8ytinga er lovleg og ber Kolo veidekke om ei forklaring. <\/p><\/div>\n\n\t\t\t\t\t\n\n\t\t\t\t\t<div class=\"wp-block-naturvern-byline\">\n\t\t\t<div class=\"authors\">By <span class=\"t2-byline__author-link\">Artikkelimport\u00f8r<\/span><\/div>\n\t\t\t<small class=\"entry-date\">05.08.2005 21:43<\/small>\n\t\t<\/div>\n\t\t\t\t\t\t\t\t<\/div>\n\t\t\t\t\t<\/div>\n\t\t\t<\/div>\n\t\n<p>Dei omr\u00e5da Naturvernforbundet sp\u00f8r om er\n&#8211; Rasteplass i Strandadalen\n&#8211; Oppstillingsplassen ved ferjeterminalen p\u00e5 Hareid\n&#8211; Rasteplass i Drageskaret<br><br>Det fanst ikkje oppslag om spr\u00f8yting p\u00e5 desse stadene. S\u00e5 langt vi veit skal spr\u00f8yta omr\u00e5de merkast, slik at folk flest kan halde seg unna om dei \u00f8nskjer det. Unnatak for denne regelen gjeld berre gr\u00f8ftekant, og nemnte areal er ikkje rekna som gr\u00f8ftekant. Viss det er rett at det er brukt eit glyfosatprodukt, kan det sj\u00e5 ut til at spr\u00f8ytinga har skjedd p\u00e5 ulovleg vis. <br><br>Naturvernforbundet viser til milj\u00f8informasjonsloven og ber om svar p\u00e5 f\u00f8lgande sp\u00f8rsm\u00e5l:\n1. Kva spr\u00f8ytemiddel som er brukt.\n2. Kopi av dokumentasjon for korleis spr\u00f8ytinga har foreg\u00e5tt\n3. Oversyn over dykkar strategi for spr\u00f8yting av areal langs trafikkareal\n4. Grunngjeving for at spr\u00f8yting blir brukt framfor mekanisk vedlikehald. <br><br>Leiar i Naturvernforbundet i M\u00f8re og Romsdal, \u00d8ystein Folden, kan kontaktast p\u00e5 91 81 25 42.<\/p>\n\n\n\n<p><a href=\"\/imakerdata\/f\/0\/69\/54\/1_2401_0\/Kolo_veidekke_om_roundup.pdf\">Les brevet fr\u00e5 Naturvernforbundet i M\u00f8re og Romsdal til Kolo veidekke AS<\/a><\/p>\n\n\n\n<p><a href=\"\/imakerdata\/f\/0\/70\/49\/8_2401_0\/Kolo_om_roundup_001.jpg\">Svar fr\u00e5 Kolo veidekke<\/a><\/p>\n","protected":false},"excerpt":{"rendered":"<p>Naturvernforbundet har mottatt reaksjonar p\u00e5 at det blir brukt spr\u00f8ytemiddel p\u00e5 ein del areal knytt til vegane i s\u00f8rfylket. Naturvernforbundet er usikre p\u00e5 om spr\u00f8ytinga er lovleg og ber Kolo veidekke om ei forklaring.<\/p>\n","protected":false},"author":38,"featured_media":0,"comment_status":"closed","ping_status":"closed","sticky":false,"template":"","format":"standard","meta":{"_relevanssi_hide_post":"","_relevanssi_hide_content":"","_relevanssi_pin_for_all":"","_relevanssi_pin_keywords":"","_relevanssi_unpin_keywords":"","_relevanssi_related_keywords":"","_relevanssi_related_include_ids":"","_relevanssi_related_exclude_ids":"","_relevanssi_related_no_append":"","_relevanssi_related_not_related":"","_relevanssi_related_posts":"","_relevanssi_noindex_reason":"","hide_logo":false,"footnotes":""},"categories":[30],"tags":[],"local":[],"class_list":["post-1032","post","type-post","status-publish","format-standard","hentry","category-miljogifter"],"acf":[],"yoast_head":"<!-- This site is optimized with the Yoast SEO plugin v24.9 - https:\/\/yoast.com\/wordpress\/plugins\/seo\/ -->\n<title>Er spr\u00f8ytinga lovleg? - M\u00f8re og Romsdal<\/title>\n<meta name=\"robots\" content=\"index, follow, max-snippet:-1, max-image-preview:large, max-video-preview:-1\" \/>\n<link rel=\"canonical\" href=\"https:\/\/naturvernforbundet.no\/moreogromsdal\/er-sproytinga-lovleg\/\" \/>\n<meta property=\"og:locale\" content=\"nb_NO\" \/>\n<meta property=\"og:type\" content=\"article\" \/>\n<meta property=\"og:title\" content=\"Er spr\u00f8ytinga lovleg? - M\u00f8re og Romsdal\" \/>\n<meta property=\"og:description\" content=\"Naturvernforbundet har mottatt reaksjonar p\u00e5 at det blir brukt spr\u00f8ytemiddel p\u00e5 ein del areal knytt til vegane i s\u00f8rfylket. Naturvernforbundet er usikre p\u00e5 om spr\u00f8ytinga er lovleg og ber Kolo veidekke om ei forklaring.\" \/>\n<meta property=\"og:url\" content=\"https:\/\/naturvernforbundet.no\/moreogromsdal\/er-sproytinga-lovleg\/\" \/>\n<meta property=\"og:site_name\" content=\"M\u00f8re og Romsdal\" \/>\n<meta property=\"article:published_time\" content=\"2005-08-05T19:43:00+00:00\" \/>\n<meta name=\"author\" content=\"Artikkelimport\u00f8r\" \/>\n<meta name=\"twitter:card\" content=\"summary_large_image\" \/>\n<meta name=\"twitter:label1\" content=\"Skrevet av\" \/>\n\t<meta name=\"twitter:data1\" content=\"Artikkelimport\u00f8r\" \/>\n\t<meta name=\"twitter:label2\" content=\"Ansl. lesetid\" \/>\n\t<meta name=\"twitter:data2\" content=\"1 minutt\" \/>\n<script type=\"application\/ld+json\" class=\"yoast-schema-graph\">{\"@context\":\"https:\/\/schema.org\",\"@graph\":[{\"@type\":\"WebPage\",\"@id\":\"https:\/\/naturvernforbundet.no\/moreogromsdal\/er-sproytinga-lovleg\/\",\"url\":\"https:\/\/naturvernforbundet.no\/moreogromsdal\/er-sproytinga-lovleg\/\",\"name\":\"Er spr\u00f8ytinga lovleg? - M\u00f8re og Romsdal\",\"isPartOf\":{\"@id\":\"https:\/\/naturvernforbundet.no\/moreogromsdal\/#website\"},\"datePublished\":\"2005-08-05T19:43:00+00:00\",\"author\":{\"@id\":\"https:\/\/naturvernforbundet.no\/moreogromsdal\/#\/schema\/person\/c72f198205979084bf071deedb6205f4\"},\"breadcrumb\":{\"@id\":\"https:\/\/naturvernforbundet.no\/moreogromsdal\/er-sproytinga-lovleg\/#breadcrumb\"},\"inLanguage\":\"nb-NO\",\"potentialAction\":[{\"@type\":\"ReadAction\",\"target\":[\"https:\/\/naturvernforbundet.no\/moreogromsdal\/er-sproytinga-lovleg\/\"]}]},{\"@type\":\"BreadcrumbList\",\"@id\":\"https:\/\/naturvernforbundet.no\/moreogromsdal\/er-sproytinga-lovleg\/#breadcrumb\",\"itemListElement\":[{\"@type\":\"ListItem\",\"position\":1,\"name\":\"Till naturvernforbundet.no\",\"item\":\"https:\/\/naturvernforbundet.no\/\"},{\"@type\":\"ListItem\",\"position\":2,\"name\":\"M\u00f8re og Romsdal\",\"item\":\"https:\/\/naturvernforbundet.no\/moreogromsdal\/\"},{\"@type\":\"ListItem\",\"position\":3,\"name\":\"Er spr\u00f8ytinga lovleg?\"}]},{\"@type\":\"WebSite\",\"@id\":\"https:\/\/naturvernforbundet.no\/moreogromsdal\/#website\",\"url\":\"https:\/\/naturvernforbundet.no\/moreogromsdal\/\",\"name\":\"M\u00f8re og Romsdal\",\"description\":\"Bare enda et Naturvernforbundet Sites-nettsted\",\"potentialAction\":[{\"@type\":\"SearchAction\",\"target\":{\"@type\":\"EntryPoint\",\"urlTemplate\":\"https:\/\/naturvernforbundet.no\/moreogromsdal\/?s={search_term_string}\"},\"query-input\":{\"@type\":\"PropertyValueSpecification\",\"valueRequired\":true,\"valueName\":\"search_term_string\"}}],\"inLanguage\":\"nb-NO\"},{\"@type\":\"Person\",\"@id\":\"https:\/\/naturvernforbundet.no\/moreogromsdal\/#\/schema\/person\/c72f198205979084bf071deedb6205f4\",\"name\":\"Artikkelimport\u00f8r\",\"image\":{\"@type\":\"ImageObject\",\"inLanguage\":\"nb-NO\",\"@id\":\"https:\/\/naturvernforbundet.no\/moreogromsdal\/#\/schema\/person\/image\/\",\"url\":\"https:\/\/secure.gravatar.com\/avatar\/015fa491b9ed1c823ef16a5c930294d1?s=96&d=mm&r=g\",\"contentUrl\":\"https:\/\/secure.gravatar.com\/avatar\/015fa491b9ed1c823ef16a5c930294d1?s=96&d=mm&r=g\",\"caption\":\"Artikkelimport\u00f8r\"},\"url\":\"https:\/\/naturvernforbundet.no\/moreogromsdal\/author\/artikkelimportor\/\"}]}<\/script>\n<!-- \/ Yoast SEO plugin. -->","yoast_head_json":{"title":"Er spr\u00f8ytinga lovleg? - M\u00f8re og Romsdal","robots":{"index":"index","follow":"follow","max-snippet":"max-snippet:-1","max-image-preview":"max-image-preview:large","max-video-preview":"max-video-preview:-1"},"canonical":"https:\/\/naturvernforbundet.no\/moreogromsdal\/er-sproytinga-lovleg\/","og_locale":"nb_NO","og_type":"article","og_title":"Er spr\u00f8ytinga lovleg? - M\u00f8re og Romsdal","og_description":"Naturvernforbundet har mottatt reaksjonar p\u00e5 at det blir brukt spr\u00f8ytemiddel p\u00e5 ein del areal knytt til vegane i s\u00f8rfylket. Naturvernforbundet er usikre p\u00e5 om spr\u00f8ytinga er lovleg og ber Kolo veidekke om ei forklaring.","og_url":"https:\/\/naturvernforbundet.no\/moreogromsdal\/er-sproytinga-lovleg\/","og_site_name":"M\u00f8re og Romsdal","article_published_time":"2005-08-05T19:43:00+00:00","author":"Artikkelimport\u00f8r","twitter_card":"summary_large_image","twitter_misc":{"Skrevet av":"Artikkelimport\u00f8r","Ansl. lesetid":"1 minutt"},"schema":{"@context":"https:\/\/schema.org","@graph":[{"@type":"WebPage","@id":"https:\/\/naturvernforbundet.no\/moreogromsdal\/er-sproytinga-lovleg\/","url":"https:\/\/naturvernforbundet.no\/moreogromsdal\/er-sproytinga-lovleg\/","name":"Er spr\u00f8ytinga lovleg? - M\u00f8re og Romsdal","isPartOf":{"@id":"https:\/\/naturvernforbundet.no\/moreogromsdal\/#website"},"datePublished":"2005-08-05T19:43:00+00:00","author":{"@id":"https:\/\/naturvernforbundet.no\/moreogromsdal\/#\/schema\/person\/c72f198205979084bf071deedb6205f4"},"breadcrumb":{"@id":"https:\/\/naturvernforbundet.no\/moreogromsdal\/er-sproytinga-lovleg\/#breadcrumb"},"inLanguage":"nb-NO","potentialAction":[{"@type":"ReadAction","target":["https:\/\/naturvernforbundet.no\/moreogromsdal\/er-sproytinga-lovleg\/"]}]},{"@type":"BreadcrumbList","@id":"https:\/\/naturvernforbundet.no\/moreogromsdal\/er-sproytinga-lovleg\/#breadcrumb","itemListElement":[{"@type":"ListItem","position":1,"name":"Till naturvernforbundet.no","item":"https:\/\/naturvernforbundet.no\/"},{"@type":"ListItem","position":2,"name":"M\u00f8re og Romsdal","item":"https:\/\/naturvernforbundet.no\/moreogromsdal\/"},{"@type":"ListItem","position":3,"name":"Er spr\u00f8ytinga lovleg?"}]},{"@type":"WebSite","@id":"https:\/\/naturvernforbundet.no\/moreogromsdal\/#website","url":"https:\/\/naturvernforbundet.no\/moreogromsdal\/","name":"M\u00f8re og Romsdal","description":"Bare enda et Naturvernforbundet Sites-nettsted","potentialAction":[{"@type":"SearchAction","target":{"@type":"EntryPoint","urlTemplate":"https:\/\/naturvernforbundet.no\/moreogromsdal\/?s={search_term_string}"},"query-input":{"@type":"PropertyValueSpecification","valueRequired":true,"valueName":"search_term_string"}}],"inLanguage":"nb-NO"},{"@type":"Person","@id":"https:\/\/naturvernforbundet.no\/moreogromsdal\/#\/schema\/person\/c72f198205979084bf071deedb6205f4","name":"Artikkelimport\u00f8r","image":{"@type":"ImageObject","inLanguage":"nb-NO","@id":"https:\/\/naturvernforbundet.no\/moreogromsdal\/#\/schema\/person\/image\/","url":"https:\/\/secure.gravatar.com\/avatar\/015fa491b9ed1c823ef16a5c930294d1?s=96&d=mm&r=g","contentUrl":"https:\/\/secure.gravatar.com\/avatar\/015fa491b9ed1c823ef16a5c930294d1?s=96&d=mm&r=g","caption":"Artikkelimport\u00f8r"},"url":"https:\/\/naturvernforbundet.no\/moreogromsdal\/author\/artikkelimportor\/"}]}},"_links":{"self":[{"href":"https:\/\/naturvernforbundet.no\/moreogromsdal\/wp-json\/wp\/v2\/posts\/1032","targetHints":{"allow":["GET"]}}],"collection":[{"href":"https:\/\/naturvernforbundet.no\/moreogromsdal\/wp-json\/wp\/v2\/posts"}],"about":[{"href":"https:\/\/naturvernforbundet.no\/moreogromsdal\/wp-json\/wp\/v2\/types\/post"}],"author":[{"embeddable":true,"href":"https:\/\/naturvernforbundet.no\/moreogromsdal\/wp-json\/wp\/v2\/users\/38"}],"replies":[{"embeddable":true,"href":"https:\/\/naturvernforbundet.no\/moreogromsdal\/wp-json\/wp\/v2\/comments?post=1032"}],"version-history":[{"count":0,"href":"https:\/\/naturvernforbundet.no\/moreogromsdal\/wp-json\/wp\/v2\/posts\/1032\/revisions"}],"wp:attachment":[{"href":"https:\/\/naturvernforbundet.no\/moreogromsdal\/wp-json\/wp\/v2\/media?parent=1032"}],"wp:term":[{"taxonomy":"category","embeddable":true,"href":"https:\/\/naturvernforbundet.no\/moreogromsdal\/wp-json\/wp\/v2\/categories?post=1032"},{"taxonomy":"post_tag","embeddable":true,"href":"https:\/\/naturvernforbundet.no\/moreogromsdal\/wp-json\/wp\/v2\/tags?post=1032"},{"taxonomy":"local","embeddable":true,"href":"https:\/\/naturvernforbundet.no\/moreogromsdal\/wp-json\/wp\/v2\/local?post=1032"}],"curies":[{"name":"wp","href":"https:\/\/api.w.org\/{rel}","templated":true}]}}