{"id":1082,"date":"2005-03-06T21:03:00","date_gmt":"2005-03-06T20:03:00","guid":{"rendered":"https:\/\/naturvernforbundet.no\/moreogromsdal\/naturvernforbundet-i-rauma-onsker-politikerskolering-i-miljo\/"},"modified":"2005-03-06T21:03:00","modified_gmt":"2005-03-06T20:03:00","slug":"naturvernforbundet-i-rauma-onsker-politikerskolering-i-miljo","status":"publish","type":"post","link":"https:\/\/naturvernforbundet.no\/moreogromsdal\/naturvernforbundet-i-rauma-onsker-politikerskolering-i-miljo\/","title":{"rendered":"Naturvernforbundet i Rauma \u00f8nsker politikerskolering i milj\u00f8"},"content":{"rendered":"\t<div class=\"template-post alignfull wp-block-naturvern-hero\">\n\t\t<div class=\"hero__inner\">\n\t\t\t<div class=\"hero__inner_blocks\">\n\t\t\t\t\t\t\t\t\n\t\t\t\t\t<h1 class=\"wp-block-post-title\">Naturvernforbundet i Rauma \u00f8nsker politikerskolering i milj\u00f8<\/h1>\n\n\t\t\t\t\t<div class=\"wp-block-post-excerpt\"><p class=\"wp-block-post-excerpt__excerpt\">Behovet for \u00e5 skolere politikerne bedre i natur- og milj\u00f8saker, b\u00e6rekraftig turisme og Friluftslivets \u00e5r var blant sakene p\u00e5 \u00e5rsm\u00f8tet i Naturvernforbundet i Rauma. <\/p><\/div>\n\n\t\t\t\t\t\n\n\t\t\t\t\t<div class=\"wp-block-naturvern-byline\">\n\t\t\t<div class=\"authors\">By <span class=\"t2-byline__author-link\">Artikkelimport\u00f8r<\/span><\/div>\n\t\t\t<small class=\"entry-date\">06.03.2005 21:03<\/small>\n\t\t<\/div>\n\t\t\t\t\t\t\t\t<\/div>\n\t\t\t\t\t<\/div>\n\t\t\t<\/div>\n\t\n<p>\u00c5RSM\u00d8TE I NATURVERNFORBUNDET I RAUMA\n \nvart halde p\u00e5 Hotell Aak torsdag 10\/2 \n \nCa. 15 medlemmer m\u00f8tte fram.<br><br>Me hadde ein bolk med meir uformelle, men etter v\u00e5rt syn viktige programinnslag, f\u00f8r den meir formelle delen av m\u00f8tet.\n \nHans den Dikken var invitert til \u00e5 snakke om ECEAT. (Eciological and agricultural tourism)\nder m\u00e5lsettinga er \u00e5 stimulere til b\u00e6rekraftig sm\u00e5skalaturisme p\u00e5 bygda. Organisasjonen har si eiga nettside der interessant informasjon er tilgjengeleg.\n \nForedraget f\u00f8rte til interessante sp\u00f8rsm\u00e5lsstillingar og debattar.\n \nLeiar i fylkeslaget \u00d8ystein Folden kom og snakka om aktuelle saker p\u00e5 lokallags-og fylkesplanet og viktigheita av eit godt samarbeid mellom desse to styra\/laga.\n \n\u00d8ystein oppfordra til \u00e5 ha eit medvite forhold til \u00e5 bruke fylkesstyret. Ofte kjem ein i lokallaga vel tett inn p\u00e5 personar i sm\u00e5 bygdelag og treng avstand for \u00e5 fronte saker p\u00e5 ein truverdig m\u00e5te.\n \nMe ser at denne formen for samarbeid har tent saka om sorteringsplan for vassdraga i kommunen. Det var veldig fint \u00e5 ha med \u00d8ystein til \u00e5 tydeleggjere dette og me er  glade for at han hadde h\u00f8ve til \u00e5 vere med p\u00e5 \u00e5rsm\u00f8tet.\n \n\u00c5RSM\u00d8TE, formell del.\n \nInnleiing ved Gunn Nordheim Morst\u00f8l.\nAnne \u00d8ien refererte \u00e5rsmeldinga.\n \nVal:\nInnstillangar fr\u00e5 valkomiteen ved Reidun Skj\u00f8lsvik.\nAlle innstillingar godtekne utan nye forslag.\n \nGunn N. Morst\u00f8l held fram som leiar.\n \nAnne \u00d8ien\n \nBeate Volstad\n \nBj\u00f8rn J. Pedersen\n \nJon Aasen (nyvald)\n \nElsa S\u00f8lsnes, ungdomsrepresentant (nyvald)\n \n \nRegnskap lagt fram av Beate Volstad. Godkjend.\n \n \nKonstituering p\u00e5 f\u00f8rstkomande styrem\u00f8te.\n \n \nDei framm\u00f8tte var alle ivrige debatantar i diskusjonane vidare p\u00e5 m\u00f8tet.\n \nViktig \u00e5 merke seg er \u00f8nsket om \u00e5 legge uttalelsar fr\u00e5 styret ut p\u00e5 nettet. \u00d8ystein Solev\u00e5g administrerer dette arbeidet.\n \nEin ser viktigheita i ei eller anna form for politikerskolering i milj\u00f8vernsaker og f\u00e5 til eit betre samarbeid med politikarane om vegval vidare  i kommunen i natur og milj\u00f8vernsaker.\n \nLaget ser elles med forventning fram mot \u00e5 legge til rette for program i Friluftslivets \u00e5r!\n \nAnne \u00d8ien (ref)<\/p>\n","protected":false},"excerpt":{"rendered":"<p>Behovet for \u00e5 skolere politikerne bedre i natur- og milj\u00f8saker, b\u00e6rekraftig turisme og Friluftslivets \u00e5r var blant sakene p\u00e5 \u00e5rsm\u00f8tet i Naturvernforbundet i Rauma.<\/p>\n","protected":false},"author":38,"featured_media":0,"comment_status":"closed","ping_status":"closed","sticky":false,"template":"","format":"standard","meta":{"_relevanssi_hide_post":"","_relevanssi_hide_content":"","_relevanssi_pin_for_all":"","_relevanssi_pin_keywords":"","_relevanssi_unpin_keywords":"","_relevanssi_related_keywords":"","_relevanssi_related_include_ids":"","_relevanssi_related_exclude_ids":"","_relevanssi_related_no_append":"","_relevanssi_related_not_related":"","_relevanssi_related_posts":"","_relevanssi_noindex_reason":"","hide_logo":false,"footnotes":""},"categories":[20],"tags":[],"local":[],"class_list":["post-1082","post","type-post","status-publish","format-standard","hentry","category-miljopolitikk"],"acf":[],"yoast_head":"<!-- This site is optimized with the Yoast SEO plugin v24.9 - https:\/\/yoast.com\/wordpress\/plugins\/seo\/ -->\n<title>Naturvernforbundet i Rauma \u00f8nsker politikerskolering i milj\u00f8 - M\u00f8re og Romsdal<\/title>\n<meta name=\"robots\" content=\"index, follow, max-snippet:-1, max-image-preview:large, max-video-preview:-1\" \/>\n<link rel=\"canonical\" href=\"https:\/\/naturvernforbundet.no\/moreogromsdal\/naturvernforbundet-i-rauma-onsker-politikerskolering-i-miljo\/\" \/>\n<meta property=\"og:locale\" content=\"nb_NO\" \/>\n<meta property=\"og:type\" content=\"article\" \/>\n<meta property=\"og:title\" content=\"Naturvernforbundet i Rauma \u00f8nsker politikerskolering i milj\u00f8 - M\u00f8re og Romsdal\" \/>\n<meta property=\"og:description\" content=\"Behovet for \u00e5 skolere politikerne bedre i natur- og milj\u00f8saker, b\u00e6rekraftig turisme og Friluftslivets \u00e5r var blant sakene p\u00e5 \u00e5rsm\u00f8tet i Naturvernforbundet i Rauma.\" \/>\n<meta property=\"og:url\" content=\"https:\/\/naturvernforbundet.no\/moreogromsdal\/naturvernforbundet-i-rauma-onsker-politikerskolering-i-miljo\/\" \/>\n<meta property=\"og:site_name\" content=\"M\u00f8re og Romsdal\" \/>\n<meta property=\"article:published_time\" content=\"2005-03-06T20:03:00+00:00\" \/>\n<meta name=\"author\" content=\"Artikkelimport\u00f8r\" \/>\n<meta name=\"twitter:card\" content=\"summary_large_image\" \/>\n<meta name=\"twitter:label1\" content=\"Skrevet av\" \/>\n\t<meta name=\"twitter:data1\" content=\"Artikkelimport\u00f8r\" \/>\n\t<meta name=\"twitter:label2\" content=\"Ansl. lesetid\" \/>\n\t<meta name=\"twitter:data2\" content=\"2 minutter\" \/>\n<script type=\"application\/ld+json\" class=\"yoast-schema-graph\">{\"@context\":\"https:\/\/schema.org\",\"@graph\":[{\"@type\":\"WebPage\",\"@id\":\"https:\/\/naturvernforbundet.no\/moreogromsdal\/naturvernforbundet-i-rauma-onsker-politikerskolering-i-miljo\/\",\"url\":\"https:\/\/naturvernforbundet.no\/moreogromsdal\/naturvernforbundet-i-rauma-onsker-politikerskolering-i-miljo\/\",\"name\":\"Naturvernforbundet i Rauma \u00f8nsker politikerskolering i milj\u00f8 - M\u00f8re og Romsdal\",\"isPartOf\":{\"@id\":\"https:\/\/naturvernforbundet.no\/moreogromsdal\/#website\"},\"datePublished\":\"2005-03-06T20:03:00+00:00\",\"author\":{\"@id\":\"https:\/\/naturvernforbundet.no\/moreogromsdal\/#\/schema\/person\/c72f198205979084bf071deedb6205f4\"},\"breadcrumb\":{\"@id\":\"https:\/\/naturvernforbundet.no\/moreogromsdal\/naturvernforbundet-i-rauma-onsker-politikerskolering-i-miljo\/#breadcrumb\"},\"inLanguage\":\"nb-NO\",\"potentialAction\":[{\"@type\":\"ReadAction\",\"target\":[\"https:\/\/naturvernforbundet.no\/moreogromsdal\/naturvernforbundet-i-rauma-onsker-politikerskolering-i-miljo\/\"]}]},{\"@type\":\"BreadcrumbList\",\"@id\":\"https:\/\/naturvernforbundet.no\/moreogromsdal\/naturvernforbundet-i-rauma-onsker-politikerskolering-i-miljo\/#breadcrumb\",\"itemListElement\":[{\"@type\":\"ListItem\",\"position\":1,\"name\":\"Till naturvernforbundet.no\",\"item\":\"https:\/\/naturvernforbundet.no\/\"},{\"@type\":\"ListItem\",\"position\":2,\"name\":\"M\u00f8re og Romsdal\",\"item\":\"https:\/\/naturvernforbundet.no\/moreogromsdal\/\"},{\"@type\":\"ListItem\",\"position\":3,\"name\":\"Naturvernforbundet i Rauma \u00f8nsker politikerskolering i milj\u00f8\"}]},{\"@type\":\"WebSite\",\"@id\":\"https:\/\/naturvernforbundet.no\/moreogromsdal\/#website\",\"url\":\"https:\/\/naturvernforbundet.no\/moreogromsdal\/\",\"name\":\"M\u00f8re og Romsdal\",\"description\":\"Bare enda et Naturvernforbundet Sites-nettsted\",\"potentialAction\":[{\"@type\":\"SearchAction\",\"target\":{\"@type\":\"EntryPoint\",\"urlTemplate\":\"https:\/\/naturvernforbundet.no\/moreogromsdal\/?s={search_term_string}\"},\"query-input\":{\"@type\":\"PropertyValueSpecification\",\"valueRequired\":true,\"valueName\":\"search_term_string\"}}],\"inLanguage\":\"nb-NO\"},{\"@type\":\"Person\",\"@id\":\"https:\/\/naturvernforbundet.no\/moreogromsdal\/#\/schema\/person\/c72f198205979084bf071deedb6205f4\",\"name\":\"Artikkelimport\u00f8r\",\"image\":{\"@type\":\"ImageObject\",\"inLanguage\":\"nb-NO\",\"@id\":\"https:\/\/naturvernforbundet.no\/moreogromsdal\/#\/schema\/person\/image\/\",\"url\":\"https:\/\/secure.gravatar.com\/avatar\/015fa491b9ed1c823ef16a5c930294d1?s=96&d=mm&r=g\",\"contentUrl\":\"https:\/\/secure.gravatar.com\/avatar\/015fa491b9ed1c823ef16a5c930294d1?s=96&d=mm&r=g\",\"caption\":\"Artikkelimport\u00f8r\"},\"url\":\"https:\/\/naturvernforbundet.no\/moreogromsdal\/author\/artikkelimportor\/\"}]}<\/script>\n<!-- \/ Yoast SEO plugin. -->","yoast_head_json":{"title":"Naturvernforbundet i Rauma \u00f8nsker politikerskolering i milj\u00f8 - M\u00f8re og Romsdal","robots":{"index":"index","follow":"follow","max-snippet":"max-snippet:-1","max-image-preview":"max-image-preview:large","max-video-preview":"max-video-preview:-1"},"canonical":"https:\/\/naturvernforbundet.no\/moreogromsdal\/naturvernforbundet-i-rauma-onsker-politikerskolering-i-miljo\/","og_locale":"nb_NO","og_type":"article","og_title":"Naturvernforbundet i Rauma \u00f8nsker politikerskolering i milj\u00f8 - M\u00f8re og Romsdal","og_description":"Behovet for \u00e5 skolere politikerne bedre i natur- og milj\u00f8saker, b\u00e6rekraftig turisme og Friluftslivets \u00e5r var blant sakene p\u00e5 \u00e5rsm\u00f8tet i Naturvernforbundet i Rauma.","og_url":"https:\/\/naturvernforbundet.no\/moreogromsdal\/naturvernforbundet-i-rauma-onsker-politikerskolering-i-miljo\/","og_site_name":"M\u00f8re og Romsdal","article_published_time":"2005-03-06T20:03:00+00:00","author":"Artikkelimport\u00f8r","twitter_card":"summary_large_image","twitter_misc":{"Skrevet av":"Artikkelimport\u00f8r","Ansl. lesetid":"2 minutter"},"schema":{"@context":"https:\/\/schema.org","@graph":[{"@type":"WebPage","@id":"https:\/\/naturvernforbundet.no\/moreogromsdal\/naturvernforbundet-i-rauma-onsker-politikerskolering-i-miljo\/","url":"https:\/\/naturvernforbundet.no\/moreogromsdal\/naturvernforbundet-i-rauma-onsker-politikerskolering-i-miljo\/","name":"Naturvernforbundet i Rauma \u00f8nsker politikerskolering i milj\u00f8 - M\u00f8re og Romsdal","isPartOf":{"@id":"https:\/\/naturvernforbundet.no\/moreogromsdal\/#website"},"datePublished":"2005-03-06T20:03:00+00:00","author":{"@id":"https:\/\/naturvernforbundet.no\/moreogromsdal\/#\/schema\/person\/c72f198205979084bf071deedb6205f4"},"breadcrumb":{"@id":"https:\/\/naturvernforbundet.no\/moreogromsdal\/naturvernforbundet-i-rauma-onsker-politikerskolering-i-miljo\/#breadcrumb"},"inLanguage":"nb-NO","potentialAction":[{"@type":"ReadAction","target":["https:\/\/naturvernforbundet.no\/moreogromsdal\/naturvernforbundet-i-rauma-onsker-politikerskolering-i-miljo\/"]}]},{"@type":"BreadcrumbList","@id":"https:\/\/naturvernforbundet.no\/moreogromsdal\/naturvernforbundet-i-rauma-onsker-politikerskolering-i-miljo\/#breadcrumb","itemListElement":[{"@type":"ListItem","position":1,"name":"Till naturvernforbundet.no","item":"https:\/\/naturvernforbundet.no\/"},{"@type":"ListItem","position":2,"name":"M\u00f8re og Romsdal","item":"https:\/\/naturvernforbundet.no\/moreogromsdal\/"},{"@type":"ListItem","position":3,"name":"Naturvernforbundet i Rauma \u00f8nsker politikerskolering i milj\u00f8"}]},{"@type":"WebSite","@id":"https:\/\/naturvernforbundet.no\/moreogromsdal\/#website","url":"https:\/\/naturvernforbundet.no\/moreogromsdal\/","name":"M\u00f8re og Romsdal","description":"Bare enda et Naturvernforbundet Sites-nettsted","potentialAction":[{"@type":"SearchAction","target":{"@type":"EntryPoint","urlTemplate":"https:\/\/naturvernforbundet.no\/moreogromsdal\/?s={search_term_string}"},"query-input":{"@type":"PropertyValueSpecification","valueRequired":true,"valueName":"search_term_string"}}],"inLanguage":"nb-NO"},{"@type":"Person","@id":"https:\/\/naturvernforbundet.no\/moreogromsdal\/#\/schema\/person\/c72f198205979084bf071deedb6205f4","name":"Artikkelimport\u00f8r","image":{"@type":"ImageObject","inLanguage":"nb-NO","@id":"https:\/\/naturvernforbundet.no\/moreogromsdal\/#\/schema\/person\/image\/","url":"https:\/\/secure.gravatar.com\/avatar\/015fa491b9ed1c823ef16a5c930294d1?s=96&d=mm&r=g","contentUrl":"https:\/\/secure.gravatar.com\/avatar\/015fa491b9ed1c823ef16a5c930294d1?s=96&d=mm&r=g","caption":"Artikkelimport\u00f8r"},"url":"https:\/\/naturvernforbundet.no\/moreogromsdal\/author\/artikkelimportor\/"}]}},"_links":{"self":[{"href":"https:\/\/naturvernforbundet.no\/moreogromsdal\/wp-json\/wp\/v2\/posts\/1082","targetHints":{"allow":["GET"]}}],"collection":[{"href":"https:\/\/naturvernforbundet.no\/moreogromsdal\/wp-json\/wp\/v2\/posts"}],"about":[{"href":"https:\/\/naturvernforbundet.no\/moreogromsdal\/wp-json\/wp\/v2\/types\/post"}],"author":[{"embeddable":true,"href":"https:\/\/naturvernforbundet.no\/moreogromsdal\/wp-json\/wp\/v2\/users\/38"}],"replies":[{"embeddable":true,"href":"https:\/\/naturvernforbundet.no\/moreogromsdal\/wp-json\/wp\/v2\/comments?post=1082"}],"version-history":[{"count":0,"href":"https:\/\/naturvernforbundet.no\/moreogromsdal\/wp-json\/wp\/v2\/posts\/1082\/revisions"}],"wp:attachment":[{"href":"https:\/\/naturvernforbundet.no\/moreogromsdal\/wp-json\/wp\/v2\/media?parent=1082"}],"wp:term":[{"taxonomy":"category","embeddable":true,"href":"https:\/\/naturvernforbundet.no\/moreogromsdal\/wp-json\/wp\/v2\/categories?post=1082"},{"taxonomy":"post_tag","embeddable":true,"href":"https:\/\/naturvernforbundet.no\/moreogromsdal\/wp-json\/wp\/v2\/tags?post=1082"},{"taxonomy":"local","embeddable":true,"href":"https:\/\/naturvernforbundet.no\/moreogromsdal\/wp-json\/wp\/v2\/local?post=1082"}],"curies":[{"name":"wp","href":"https:\/\/api.w.org\/{rel}","templated":true}]}}