{"id":1118,"date":"2004-06-11T22:00:00","date_gmt":"2004-06-11T20:00:00","guid":{"rendered":"https:\/\/naturvernforbundet.no\/moreogromsdal\/molde-ma-ta-betre-vare-pa-friomrada-sine\/"},"modified":"2004-06-11T22:00:00","modified_gmt":"2004-06-11T20:00:00","slug":"molde-ma-ta-betre-vare-pa-friomrada-sine","status":"publish","type":"post","link":"https:\/\/naturvernforbundet.no\/moreogromsdal\/molde-ma-ta-betre-vare-pa-friomrada-sine\/","title":{"rendered":"Molde m\u00e5 ta betre vare p\u00e5 friomr\u00e5da sine"},"content":{"rendered":"\t<div class=\"template-post alignfull wp-block-naturvern-hero\">\n\t\t<div class=\"hero__inner\">\n\t\t\t<div class=\"hero__inner_blocks\">\n\t\t\t\t\t\t\t\t\n\t\t\t\t\t<h1 class=\"wp-block-post-title\">Molde m\u00e5 ta betre vare p\u00e5 friomr\u00e5da sine<\/h1>\n\n\t\t\t\t\t<div class=\"wp-block-post-excerpt\"><p class=\"wp-block-post-excerpt__excerpt\">Retirobekken er eit eksempel p\u00e5 at vassdrag i byomr\u00e5da i Molde har h\u00f8ge kvaliteter. Men ser Molde kommune dette? <\/p><\/div>\n\n\t\t\t\t\t\n\n\t\t\t\t\t<div class=\"wp-block-naturvern-byline\">\n\t\t\t<div class=\"authors\">By <span class=\"t2-byline__author-link\">Artikkelimport\u00f8r<\/span><\/div>\n\t\t\t<small class=\"entry-date\">11.06.2004 22:00<\/small>\n\t\t<\/div>\n\t\t\t\t\t\t\t\t<\/div>\n\t\t\t\t\t<\/div>\n\t\t\t<\/div>\n\t\n<p>Naturvernforbundet i M\u00f8re og Romsdal \n<\/p>\n\n\n\n<p>Tingvoll, den 12.6.2004 \n<\/p>\n\n\n\n<p>Molde kommune \n<\/p>\n\n\n\n<p>V\/Teknisk sjef Geir Amdam \n<\/p>\n\n\n\n<p>R\u00e5dhusplassen 1 \n<\/p>\n\n\n\n<p>6413 MOLDE \n<\/p>\n\n\n\n<p><b>FRIOMR\u00c5DE I MOLDE KOMMUNE<\/b> \n<\/p>\n\n\n\n<p>Ved gjenpart av brev fr\u00e5 \u00d8verland borettslag er vi orientert om at det er eit betydeleg press p\u00e5 friomr\u00e5de langs Retirobekken. \n<\/p>\n\n\n\n<p>Molde kommune har store kvalitetar i buomr\u00e5da knytt til vassdrag som Retirobekken. Her finn ein gr\u00f8ne belte fr\u00e5 fjord til fjell, gjennom buomr\u00e5da, med vatn som eit element som tilf\u00f8rer tilleggskvalitetar. Dette er stader der ein kan oppleve natur fr\u00e5 barndom til alderdom utan \u00e5 m\u00e5tte ut i bil f\u00f8rst. Blir slike kvalitetar bygd ned og delt opp, bit for bit, f\u00e5r ein aldri slikt tilbake. Slike kvalitetar kan gjerne utviklast, men d\u00e5 framleis som friluftsomr\u00e5de og ikkje som utbyggingsomr\u00e5de og liknande. \n<\/p>\n\n\n\n<p>Vi meiner Molde kommune gjer ein stor feil ved \u00e5 omregulere desse friomr\u00e5da til utbyggingsomr\u00e5de bit for bit. Vi ber om at desse areala blir vurdert meir i heilskap, som friluftsomr\u00e5de som tilf\u00f8rer bustadomr\u00e5da naudsynte kvalitetar. Sj\u00f8lv urbane gutar og jenter i det 21. hundre\u00e5ret kan kome til \u00e5 f\u00e5 gode barndomsopplevingar om dei kan g\u00e5 i skogen i nabolaget og lage seg sm\u00e5 hytter, eller kan hende finne fisk i bekken i nabolaget. \n<\/p>\n\n\n\n<p>Vi ber om at Molde kommune reknar oss som part i desse sakene som gjeld omregulering fr\u00e5 vassdragsn\u00e6re friluftsomr\u00e5de til utbyggingsform\u00e5l. Ein bit for bit-omdisponering kan de forvente blir m\u00f8tt med ein del klager fr\u00e5 v\u00e5r side. \n<\/p>\n\n\n\n<p>Med helsing \n<\/p>\n\n\n\n<p>\u00d8ystein Folden \n<\/p>\n\n\n\n<p>leiar \n<\/p>\n\n\n\n<p>Kopi: Romsdals Budstikke, boks 2100, 6402 Molde <\/p>\n","protected":false},"excerpt":{"rendered":"<p>Retirobekken er eit eksempel p\u00e5 at vassdrag i byomr\u00e5da i Molde har h\u00f8ge kvaliteter. Men ser Molde kommune dette?<\/p>\n","protected":false},"author":38,"featured_media":0,"comment_status":"closed","ping_status":"closed","sticky":false,"template":"","format":"standard","meta":{"_relevanssi_hide_post":"","_relevanssi_hide_content":"","_relevanssi_pin_for_all":"","_relevanssi_pin_keywords":"","_relevanssi_unpin_keywords":"","_relevanssi_related_keywords":"","_relevanssi_related_include_ids":"","_relevanssi_related_exclude_ids":"","_relevanssi_related_no_append":"","_relevanssi_related_not_related":"","_relevanssi_related_posts":"","_relevanssi_noindex_reason":"","hide_logo":false,"footnotes":""},"categories":[60],"tags":[],"local":[],"class_list":["post-1118","post","type-post","status-publish","format-standard","hentry","category-60"],"acf":[],"yoast_head":"<!-- This site is optimized with the Yoast SEO plugin v24.9 - https:\/\/yoast.com\/wordpress\/plugins\/seo\/ -->\n<title>Molde m\u00e5 ta betre vare p\u00e5 friomr\u00e5da sine - M\u00f8re og Romsdal<\/title>\n<meta name=\"robots\" content=\"index, follow, max-snippet:-1, max-image-preview:large, max-video-preview:-1\" \/>\n<link rel=\"canonical\" href=\"https:\/\/naturvernforbundet.no\/moreogromsdal\/molde-ma-ta-betre-vare-pa-friomrada-sine\/\" \/>\n<meta property=\"og:locale\" content=\"nb_NO\" \/>\n<meta property=\"og:type\" content=\"article\" \/>\n<meta property=\"og:title\" content=\"Molde m\u00e5 ta betre vare p\u00e5 friomr\u00e5da sine - M\u00f8re og Romsdal\" \/>\n<meta property=\"og:description\" content=\"Retirobekken er eit eksempel p\u00e5 at vassdrag i byomr\u00e5da i Molde har h\u00f8ge kvaliteter. Men ser Molde kommune dette?\" \/>\n<meta property=\"og:url\" content=\"https:\/\/naturvernforbundet.no\/moreogromsdal\/molde-ma-ta-betre-vare-pa-friomrada-sine\/\" \/>\n<meta property=\"og:site_name\" content=\"M\u00f8re og Romsdal\" \/>\n<meta property=\"article:published_time\" content=\"2004-06-11T20:00:00+00:00\" \/>\n<meta name=\"author\" content=\"Artikkelimport\u00f8r\" \/>\n<meta name=\"twitter:card\" content=\"summary_large_image\" \/>\n<meta name=\"twitter:label1\" content=\"Skrevet av\" \/>\n\t<meta name=\"twitter:data1\" content=\"Artikkelimport\u00f8r\" \/>\n\t<meta name=\"twitter:label2\" content=\"Ansl. lesetid\" \/>\n\t<meta name=\"twitter:data2\" content=\"1 minutt\" \/>\n<script type=\"application\/ld+json\" class=\"yoast-schema-graph\">{\"@context\":\"https:\/\/schema.org\",\"@graph\":[{\"@type\":\"WebPage\",\"@id\":\"https:\/\/naturvernforbundet.no\/moreogromsdal\/molde-ma-ta-betre-vare-pa-friomrada-sine\/\",\"url\":\"https:\/\/naturvernforbundet.no\/moreogromsdal\/molde-ma-ta-betre-vare-pa-friomrada-sine\/\",\"name\":\"Molde m\u00e5 ta betre vare p\u00e5 friomr\u00e5da sine - M\u00f8re og Romsdal\",\"isPartOf\":{\"@id\":\"https:\/\/naturvernforbundet.no\/moreogromsdal\/#website\"},\"datePublished\":\"2004-06-11T20:00:00+00:00\",\"author\":{\"@id\":\"https:\/\/naturvernforbundet.no\/moreogromsdal\/#\/schema\/person\/c72f198205979084bf071deedb6205f4\"},\"breadcrumb\":{\"@id\":\"https:\/\/naturvernforbundet.no\/moreogromsdal\/molde-ma-ta-betre-vare-pa-friomrada-sine\/#breadcrumb\"},\"inLanguage\":\"nb-NO\",\"potentialAction\":[{\"@type\":\"ReadAction\",\"target\":[\"https:\/\/naturvernforbundet.no\/moreogromsdal\/molde-ma-ta-betre-vare-pa-friomrada-sine\/\"]}]},{\"@type\":\"BreadcrumbList\",\"@id\":\"https:\/\/naturvernforbundet.no\/moreogromsdal\/molde-ma-ta-betre-vare-pa-friomrada-sine\/#breadcrumb\",\"itemListElement\":[{\"@type\":\"ListItem\",\"position\":1,\"name\":\"Till naturvernforbundet.no\",\"item\":\"https:\/\/naturvernforbundet.no\/\"},{\"@type\":\"ListItem\",\"position\":2,\"name\":\"M\u00f8re og Romsdal\",\"item\":\"https:\/\/naturvernforbundet.no\/moreogromsdal\/\"},{\"@type\":\"ListItem\",\"position\":3,\"name\":\"Molde m\u00e5 ta betre vare p\u00e5 friomr\u00e5da sine\"}]},{\"@type\":\"WebSite\",\"@id\":\"https:\/\/naturvernforbundet.no\/moreogromsdal\/#website\",\"url\":\"https:\/\/naturvernforbundet.no\/moreogromsdal\/\",\"name\":\"M\u00f8re og Romsdal\",\"description\":\"Bare enda et Naturvernforbundet Sites-nettsted\",\"potentialAction\":[{\"@type\":\"SearchAction\",\"target\":{\"@type\":\"EntryPoint\",\"urlTemplate\":\"https:\/\/naturvernforbundet.no\/moreogromsdal\/?s={search_term_string}\"},\"query-input\":{\"@type\":\"PropertyValueSpecification\",\"valueRequired\":true,\"valueName\":\"search_term_string\"}}],\"inLanguage\":\"nb-NO\"},{\"@type\":\"Person\",\"@id\":\"https:\/\/naturvernforbundet.no\/moreogromsdal\/#\/schema\/person\/c72f198205979084bf071deedb6205f4\",\"name\":\"Artikkelimport\u00f8r\",\"image\":{\"@type\":\"ImageObject\",\"inLanguage\":\"nb-NO\",\"@id\":\"https:\/\/naturvernforbundet.no\/moreogromsdal\/#\/schema\/person\/image\/\",\"url\":\"https:\/\/secure.gravatar.com\/avatar\/015fa491b9ed1c823ef16a5c930294d1?s=96&d=mm&r=g\",\"contentUrl\":\"https:\/\/secure.gravatar.com\/avatar\/015fa491b9ed1c823ef16a5c930294d1?s=96&d=mm&r=g\",\"caption\":\"Artikkelimport\u00f8r\"},\"url\":\"https:\/\/naturvernforbundet.no\/moreogromsdal\/author\/artikkelimportor\/\"}]}<\/script>\n<!-- \/ Yoast SEO plugin. -->","yoast_head_json":{"title":"Molde m\u00e5 ta betre vare p\u00e5 friomr\u00e5da sine - M\u00f8re og Romsdal","robots":{"index":"index","follow":"follow","max-snippet":"max-snippet:-1","max-image-preview":"max-image-preview:large","max-video-preview":"max-video-preview:-1"},"canonical":"https:\/\/naturvernforbundet.no\/moreogromsdal\/molde-ma-ta-betre-vare-pa-friomrada-sine\/","og_locale":"nb_NO","og_type":"article","og_title":"Molde m\u00e5 ta betre vare p\u00e5 friomr\u00e5da sine - M\u00f8re og Romsdal","og_description":"Retirobekken er eit eksempel p\u00e5 at vassdrag i byomr\u00e5da i Molde har h\u00f8ge kvaliteter. Men ser Molde kommune dette?","og_url":"https:\/\/naturvernforbundet.no\/moreogromsdal\/molde-ma-ta-betre-vare-pa-friomrada-sine\/","og_site_name":"M\u00f8re og Romsdal","article_published_time":"2004-06-11T20:00:00+00:00","author":"Artikkelimport\u00f8r","twitter_card":"summary_large_image","twitter_misc":{"Skrevet av":"Artikkelimport\u00f8r","Ansl. lesetid":"1 minutt"},"schema":{"@context":"https:\/\/schema.org","@graph":[{"@type":"WebPage","@id":"https:\/\/naturvernforbundet.no\/moreogromsdal\/molde-ma-ta-betre-vare-pa-friomrada-sine\/","url":"https:\/\/naturvernforbundet.no\/moreogromsdal\/molde-ma-ta-betre-vare-pa-friomrada-sine\/","name":"Molde m\u00e5 ta betre vare p\u00e5 friomr\u00e5da sine - M\u00f8re og Romsdal","isPartOf":{"@id":"https:\/\/naturvernforbundet.no\/moreogromsdal\/#website"},"datePublished":"2004-06-11T20:00:00+00:00","author":{"@id":"https:\/\/naturvernforbundet.no\/moreogromsdal\/#\/schema\/person\/c72f198205979084bf071deedb6205f4"},"breadcrumb":{"@id":"https:\/\/naturvernforbundet.no\/moreogromsdal\/molde-ma-ta-betre-vare-pa-friomrada-sine\/#breadcrumb"},"inLanguage":"nb-NO","potentialAction":[{"@type":"ReadAction","target":["https:\/\/naturvernforbundet.no\/moreogromsdal\/molde-ma-ta-betre-vare-pa-friomrada-sine\/"]}]},{"@type":"BreadcrumbList","@id":"https:\/\/naturvernforbundet.no\/moreogromsdal\/molde-ma-ta-betre-vare-pa-friomrada-sine\/#breadcrumb","itemListElement":[{"@type":"ListItem","position":1,"name":"Till naturvernforbundet.no","item":"https:\/\/naturvernforbundet.no\/"},{"@type":"ListItem","position":2,"name":"M\u00f8re og Romsdal","item":"https:\/\/naturvernforbundet.no\/moreogromsdal\/"},{"@type":"ListItem","position":3,"name":"Molde m\u00e5 ta betre vare p\u00e5 friomr\u00e5da sine"}]},{"@type":"WebSite","@id":"https:\/\/naturvernforbundet.no\/moreogromsdal\/#website","url":"https:\/\/naturvernforbundet.no\/moreogromsdal\/","name":"M\u00f8re og Romsdal","description":"Bare enda et Naturvernforbundet Sites-nettsted","potentialAction":[{"@type":"SearchAction","target":{"@type":"EntryPoint","urlTemplate":"https:\/\/naturvernforbundet.no\/moreogromsdal\/?s={search_term_string}"},"query-input":{"@type":"PropertyValueSpecification","valueRequired":true,"valueName":"search_term_string"}}],"inLanguage":"nb-NO"},{"@type":"Person","@id":"https:\/\/naturvernforbundet.no\/moreogromsdal\/#\/schema\/person\/c72f198205979084bf071deedb6205f4","name":"Artikkelimport\u00f8r","image":{"@type":"ImageObject","inLanguage":"nb-NO","@id":"https:\/\/naturvernforbundet.no\/moreogromsdal\/#\/schema\/person\/image\/","url":"https:\/\/secure.gravatar.com\/avatar\/015fa491b9ed1c823ef16a5c930294d1?s=96&d=mm&r=g","contentUrl":"https:\/\/secure.gravatar.com\/avatar\/015fa491b9ed1c823ef16a5c930294d1?s=96&d=mm&r=g","caption":"Artikkelimport\u00f8r"},"url":"https:\/\/naturvernforbundet.no\/moreogromsdal\/author\/artikkelimportor\/"}]}},"_links":{"self":[{"href":"https:\/\/naturvernforbundet.no\/moreogromsdal\/wp-json\/wp\/v2\/posts\/1118","targetHints":{"allow":["GET"]}}],"collection":[{"href":"https:\/\/naturvernforbundet.no\/moreogromsdal\/wp-json\/wp\/v2\/posts"}],"about":[{"href":"https:\/\/naturvernforbundet.no\/moreogromsdal\/wp-json\/wp\/v2\/types\/post"}],"author":[{"embeddable":true,"href":"https:\/\/naturvernforbundet.no\/moreogromsdal\/wp-json\/wp\/v2\/users\/38"}],"replies":[{"embeddable":true,"href":"https:\/\/naturvernforbundet.no\/moreogromsdal\/wp-json\/wp\/v2\/comments?post=1118"}],"version-history":[{"count":0,"href":"https:\/\/naturvernforbundet.no\/moreogromsdal\/wp-json\/wp\/v2\/posts\/1118\/revisions"}],"wp:attachment":[{"href":"https:\/\/naturvernforbundet.no\/moreogromsdal\/wp-json\/wp\/v2\/media?parent=1118"}],"wp:term":[{"taxonomy":"category","embeddable":true,"href":"https:\/\/naturvernforbundet.no\/moreogromsdal\/wp-json\/wp\/v2\/categories?post=1118"},{"taxonomy":"post_tag","embeddable":true,"href":"https:\/\/naturvernforbundet.no\/moreogromsdal\/wp-json\/wp\/v2\/tags?post=1118"},{"taxonomy":"local","embeddable":true,"href":"https:\/\/naturvernforbundet.no\/moreogromsdal\/wp-json\/wp\/v2\/local?post=1118"}],"curies":[{"name":"wp","href":"https:\/\/api.w.org\/{rel}","templated":true}]}}