{"id":1135,"date":"2005-10-20T09:07:00","date_gmt":"2005-10-20T07:07:00","guid":{"rendered":"https:\/\/naturvernforbundet.no\/moreogromsdal\/rettferdig-handel-borgundkonfirmantene-undersoker-butikker\/"},"modified":"2005-10-20T09:07:00","modified_gmt":"2005-10-20T07:07:00","slug":"rettferdig-handel-borgundkonfirmantene-undersoker-butikker","status":"publish","type":"post","link":"https:\/\/naturvernforbundet.no\/moreogromsdal\/rettferdig-handel-borgundkonfirmantene-undersoker-butikker\/","title":{"rendered":"Rettferdig handel: Borgundkonfirmantene unders\u00f8ker butikker"},"content":{"rendered":"\t<div class=\"template-post alignfull wp-block-naturvern-hero\">\n\t\t<div class=\"hero__inner\">\n\t\t\t<div class=\"hero__inner_blocks\">\n\t\t\t\t\t\t\t\t\n\t\t\t\t\t<h1 class=\"wp-block-post-title\">Rettferdig handel: Borgundkonfirmantene unders\u00f8ker butikker<\/h1>\n\n\t\t\t\t\t<div class=\"wp-block-post-excerpt\"><p class=\"wp-block-post-excerpt__excerpt\">Fredag mellom 15.30 og 17.30 vil klesbutikker p\u00e5 Moa og dagligvarebutikker p\u00e5 Moa, Hatlane og Larsg\u00e5rden f\u00e5 bes\u00f8k av Borgundkonfirmanter. Konfirmantene vil gj\u00f8re en enkel unders\u00f8kelse av butikkenes utvalg av varer med garanti for god handel mellom nord og s\u00f8r (Max Havelaar), milj\u00f8merkede kl\u00e6r og varer (Svanen eller Blomsten) samt \u00f8kologiske matvarer (merket med Debios&hellip; <\/p><\/div>\n\n\t\t\t\t\t\n\n\t\t\t\t\t<div class=\"wp-block-naturvern-byline\">\n\t\t\t<div class=\"authors\">By <span class=\"t2-byline__author-link\">Artikkelimport\u00f8r<\/span><\/div>\n\t\t\t<small class=\"entry-date\">20.10.2005 09:07<\/small>\n\t\t<\/div>\n\t\t\t\t\t\t\t\t<\/div>\n\t\t\t\t\t<\/div>\n\t\t\t<\/div>\n\t\n<p>Med denne unders\u00f8kelsen \u00f8nsker konfirmantene \u00e5 vise hvordan vi som forbrukere kan gj\u00f8re bevisste valg i butikkene. For det andre \u00f8nsker de \u00e5 skape \u00f8kt oppmerksomhet omkring og st\u00f8rre ettersp\u00f8rsel etter milj\u00f8merkede, rettferdige og \u00f8kologiske varer, slik at butikkene kan \u00f8ke tilbudet. <br><br>M\u00f8re bisped\u00f8mme har satt sammen en arbeidsgruppe for milj\u00f8 og rettferd. Ressursgruppa \u00f8nsker \u00f8kt fokus p\u00e5 rettferdig handel og milj\u00f8 i konfirmantundervisningen og har tatt initiativ til unders\u00f8kelsene. &#8211; Vi har jo sett avisenes tester av matbutikker, som vanligvis bare fokuserer p\u00e5 pris. Maten skal f\u00f8rst og fremst v\u00e6re billig, er budskapet. Vi tror ikke at norske forbrukere egentlig er s\u00e5 ensidig opptatt av pris, og \u00f8nsker \u00e5 fokusere p\u00e5 andre kvaliteter i butikkene. Forbrukerne trenger skikkelig veiledning for \u00e5 gj\u00f8re gode valg i butikken, derfor vil vi teste kles- og dagligvarebutikkene p\u00e5 milj\u00f8 og rettferdig handel, sier Kjersti Finholt fra Naturvernforbundet og Christian \u00d8ien fra Natur og Ungdom, som skal hjelpe konfirmantene med gjennomf\u00f8ring av testen. <br><br>\nFor ytterligere informasjon, se internettadressene under.<br><br>\nFor sp\u00f8rsm\u00e5l omkring unders\u00f8kelsen og for \u00e5 avtale \u00e5 v\u00e6re med, kontakt Kjersti Finholt p\u00e5 telefon 92 29 97 38 \/ epost kjersti_finholt(a)adsl.no eller diakon i Borgund menighet, Asbj\u00f8rg Oksavik Sve p\u00e5 telefon 70 10 91 94 \/ epost asbjorg.oksavik.sve(a)kirken-aalesund.no. <br><br><br><br>Mer informasjon:<br><br><a href=\"http:\/\/www.kirken.no\/miljo\">Kirkens engasjement for milj\u00f8 og rettferd<\/a>\n \n<a href=\"http:\/\/www.etiskhandel.no\">Initiativ for Etisk Handel (IEH)<\/a> <br><br><a href=\"http:\/\/www.etiskforbruk.no\">Etisk forbrukernettverk<\/a><br><br><a href=\"http:\/\/www.maxhavelaar.no\">Max Havelaar \u2013 merkeordning for garantert god handel<\/a><br><br><a href=\"http:\/\/www.svanemerket.no\">Stiftelsen Milj\u00f8merking \u2013 om Svanemerket og Blomsten<\/a><br><br><a href=\"http:\/\/www.gronnhverdag.no\">Gr\u00f8nn hverdag<\/a> <br><br><a href=\"http:\/\/www.debio.no\">Debio \u2013 statlig godkjenning av \u00f8kologiske varer<\/a><br><br><a href=\"\">Naturvernforbundet<\/a><br><br><a href=\"http:\/\/www.nu.no\">Natur og Ungdom<\/a><\/p>\n","protected":false},"excerpt":{"rendered":"<p>Fredag mellom 15.30 og 17.30 vil klesbutikker p\u00e5 Moa og dagligvarebutikker p\u00e5 Moa, Hatlane og Larsg\u00e5rden f\u00e5 bes\u00f8k av Borgundkonfirmanter. Konfirmantene vil gj\u00f8re en enkel unders\u00f8kelse av butikkenes utvalg av varer med garanti for god handel mellom nord og s\u00f8r (Max Havelaar), milj\u00f8merkede kl\u00e6r og varer (Svanen eller Blomsten) samt \u00f8kologiske matvarer (merket med Debios \u00d8-merke). Konfirmantene vil ogs\u00e5 stille noen enkle sp\u00f8rsm\u00e5l til betjeningen omkring disse varegruppene.<\/p>\n","protected":false},"author":38,"featured_media":0,"comment_status":"closed","ping_status":"closed","sticky":false,"template":"","format":"standard","meta":{"_relevanssi_hide_post":"","_relevanssi_hide_content":"","_relevanssi_pin_for_all":"","_relevanssi_pin_keywords":"","_relevanssi_unpin_keywords":"","_relevanssi_related_keywords":"","_relevanssi_related_include_ids":"","_relevanssi_related_exclude_ids":"","_relevanssi_related_no_append":"","_relevanssi_related_not_related":"","_relevanssi_related_posts":"","_relevanssi_noindex_reason":"","hide_logo":false,"footnotes":""},"categories":[27],"tags":[],"local":[],"class_list":["post-1135","post","type-post","status-publish","format-standard","hentry","category-avfall-og-forbruk"],"acf":[],"yoast_head":"<!-- This site is optimized with the Yoast SEO plugin v24.9 - https:\/\/yoast.com\/wordpress\/plugins\/seo\/ -->\n<title>Rettferdig handel: Borgundkonfirmantene unders\u00f8ker butikker - M\u00f8re og Romsdal<\/title>\n<meta name=\"robots\" content=\"index, follow, max-snippet:-1, max-image-preview:large, max-video-preview:-1\" \/>\n<link rel=\"canonical\" href=\"https:\/\/naturvernforbundet.no\/moreogromsdal\/rettferdig-handel-borgundkonfirmantene-undersoker-butikker\/\" \/>\n<meta property=\"og:locale\" content=\"nb_NO\" \/>\n<meta property=\"og:type\" content=\"article\" \/>\n<meta property=\"og:title\" content=\"Rettferdig handel: Borgundkonfirmantene unders\u00f8ker butikker - M\u00f8re og Romsdal\" \/>\n<meta property=\"og:description\" content=\"Fredag mellom 15.30 og 17.30 vil klesbutikker p\u00e5 Moa og dagligvarebutikker p\u00e5 Moa, Hatlane og Larsg\u00e5rden f\u00e5 bes\u00f8k av Borgundkonfirmanter. Konfirmantene vil gj\u00f8re en enkel unders\u00f8kelse av butikkenes utvalg av varer med garanti for god handel mellom nord og s\u00f8r (Max Havelaar), milj\u00f8merkede kl\u00e6r og varer (Svanen eller Blomsten) samt \u00f8kologiske matvarer (merket med Debios \u00d8-merke). Konfirmantene vil ogs\u00e5 stille noen enkle sp\u00f8rsm\u00e5l til betjeningen omkring disse varegruppene.\" \/>\n<meta property=\"og:url\" content=\"https:\/\/naturvernforbundet.no\/moreogromsdal\/rettferdig-handel-borgundkonfirmantene-undersoker-butikker\/\" \/>\n<meta property=\"og:site_name\" content=\"M\u00f8re og Romsdal\" \/>\n<meta property=\"article:published_time\" content=\"2005-10-20T07:07:00+00:00\" \/>\n<meta name=\"author\" content=\"Artikkelimport\u00f8r\" \/>\n<meta name=\"twitter:card\" content=\"summary_large_image\" \/>\n<meta name=\"twitter:label1\" content=\"Skrevet av\" \/>\n\t<meta name=\"twitter:data1\" content=\"Artikkelimport\u00f8r\" \/>\n\t<meta name=\"twitter:label2\" content=\"Ansl. lesetid\" \/>\n\t<meta name=\"twitter:data2\" content=\"1 minutt\" \/>\n<script type=\"application\/ld+json\" class=\"yoast-schema-graph\">{\"@context\":\"https:\/\/schema.org\",\"@graph\":[{\"@type\":\"WebPage\",\"@id\":\"https:\/\/naturvernforbundet.no\/moreogromsdal\/rettferdig-handel-borgundkonfirmantene-undersoker-butikker\/\",\"url\":\"https:\/\/naturvernforbundet.no\/moreogromsdal\/rettferdig-handel-borgundkonfirmantene-undersoker-butikker\/\",\"name\":\"Rettferdig handel: Borgundkonfirmantene unders\u00f8ker butikker - M\u00f8re og Romsdal\",\"isPartOf\":{\"@id\":\"https:\/\/naturvernforbundet.no\/moreogromsdal\/#website\"},\"datePublished\":\"2005-10-20T07:07:00+00:00\",\"author\":{\"@id\":\"https:\/\/naturvernforbundet.no\/moreogromsdal\/#\/schema\/person\/c72f198205979084bf071deedb6205f4\"},\"breadcrumb\":{\"@id\":\"https:\/\/naturvernforbundet.no\/moreogromsdal\/rettferdig-handel-borgundkonfirmantene-undersoker-butikker\/#breadcrumb\"},\"inLanguage\":\"nb-NO\",\"potentialAction\":[{\"@type\":\"ReadAction\",\"target\":[\"https:\/\/naturvernforbundet.no\/moreogromsdal\/rettferdig-handel-borgundkonfirmantene-undersoker-butikker\/\"]}]},{\"@type\":\"BreadcrumbList\",\"@id\":\"https:\/\/naturvernforbundet.no\/moreogromsdal\/rettferdig-handel-borgundkonfirmantene-undersoker-butikker\/#breadcrumb\",\"itemListElement\":[{\"@type\":\"ListItem\",\"position\":1,\"name\":\"Till naturvernforbundet.no\",\"item\":\"https:\/\/naturvernforbundet.no\/\"},{\"@type\":\"ListItem\",\"position\":2,\"name\":\"M\u00f8re og Romsdal\",\"item\":\"https:\/\/naturvernforbundet.no\/moreogromsdal\/\"},{\"@type\":\"ListItem\",\"position\":3,\"name\":\"Rettferdig handel: Borgundkonfirmantene unders\u00f8ker butikker\"}]},{\"@type\":\"WebSite\",\"@id\":\"https:\/\/naturvernforbundet.no\/moreogromsdal\/#website\",\"url\":\"https:\/\/naturvernforbundet.no\/moreogromsdal\/\",\"name\":\"M\u00f8re og Romsdal\",\"description\":\"Bare enda et Naturvernforbundet Sites-nettsted\",\"potentialAction\":[{\"@type\":\"SearchAction\",\"target\":{\"@type\":\"EntryPoint\",\"urlTemplate\":\"https:\/\/naturvernforbundet.no\/moreogromsdal\/?s={search_term_string}\"},\"query-input\":{\"@type\":\"PropertyValueSpecification\",\"valueRequired\":true,\"valueName\":\"search_term_string\"}}],\"inLanguage\":\"nb-NO\"},{\"@type\":\"Person\",\"@id\":\"https:\/\/naturvernforbundet.no\/moreogromsdal\/#\/schema\/person\/c72f198205979084bf071deedb6205f4\",\"name\":\"Artikkelimport\u00f8r\",\"image\":{\"@type\":\"ImageObject\",\"inLanguage\":\"nb-NO\",\"@id\":\"https:\/\/naturvernforbundet.no\/moreogromsdal\/#\/schema\/person\/image\/\",\"url\":\"https:\/\/secure.gravatar.com\/avatar\/015fa491b9ed1c823ef16a5c930294d1?s=96&d=mm&r=g\",\"contentUrl\":\"https:\/\/secure.gravatar.com\/avatar\/015fa491b9ed1c823ef16a5c930294d1?s=96&d=mm&r=g\",\"caption\":\"Artikkelimport\u00f8r\"},\"url\":\"https:\/\/naturvernforbundet.no\/moreogromsdal\/author\/artikkelimportor\/\"}]}<\/script>\n<!-- \/ Yoast SEO plugin. -->","yoast_head_json":{"title":"Rettferdig handel: Borgundkonfirmantene unders\u00f8ker butikker - M\u00f8re og Romsdal","robots":{"index":"index","follow":"follow","max-snippet":"max-snippet:-1","max-image-preview":"max-image-preview:large","max-video-preview":"max-video-preview:-1"},"canonical":"https:\/\/naturvernforbundet.no\/moreogromsdal\/rettferdig-handel-borgundkonfirmantene-undersoker-butikker\/","og_locale":"nb_NO","og_type":"article","og_title":"Rettferdig handel: Borgundkonfirmantene unders\u00f8ker butikker - M\u00f8re og Romsdal","og_description":"Fredag mellom 15.30 og 17.30 vil klesbutikker p\u00e5 Moa og dagligvarebutikker p\u00e5 Moa, Hatlane og Larsg\u00e5rden f\u00e5 bes\u00f8k av Borgundkonfirmanter. Konfirmantene vil gj\u00f8re en enkel unders\u00f8kelse av butikkenes utvalg av varer med garanti for god handel mellom nord og s\u00f8r (Max Havelaar), milj\u00f8merkede kl\u00e6r og varer (Svanen eller Blomsten) samt \u00f8kologiske matvarer (merket med Debios \u00d8-merke). Konfirmantene vil ogs\u00e5 stille noen enkle sp\u00f8rsm\u00e5l til betjeningen omkring disse varegruppene.","og_url":"https:\/\/naturvernforbundet.no\/moreogromsdal\/rettferdig-handel-borgundkonfirmantene-undersoker-butikker\/","og_site_name":"M\u00f8re og Romsdal","article_published_time":"2005-10-20T07:07:00+00:00","author":"Artikkelimport\u00f8r","twitter_card":"summary_large_image","twitter_misc":{"Skrevet av":"Artikkelimport\u00f8r","Ansl. lesetid":"1 minutt"},"schema":{"@context":"https:\/\/schema.org","@graph":[{"@type":"WebPage","@id":"https:\/\/naturvernforbundet.no\/moreogromsdal\/rettferdig-handel-borgundkonfirmantene-undersoker-butikker\/","url":"https:\/\/naturvernforbundet.no\/moreogromsdal\/rettferdig-handel-borgundkonfirmantene-undersoker-butikker\/","name":"Rettferdig handel: Borgundkonfirmantene unders\u00f8ker butikker - M\u00f8re og Romsdal","isPartOf":{"@id":"https:\/\/naturvernforbundet.no\/moreogromsdal\/#website"},"datePublished":"2005-10-20T07:07:00+00:00","author":{"@id":"https:\/\/naturvernforbundet.no\/moreogromsdal\/#\/schema\/person\/c72f198205979084bf071deedb6205f4"},"breadcrumb":{"@id":"https:\/\/naturvernforbundet.no\/moreogromsdal\/rettferdig-handel-borgundkonfirmantene-undersoker-butikker\/#breadcrumb"},"inLanguage":"nb-NO","potentialAction":[{"@type":"ReadAction","target":["https:\/\/naturvernforbundet.no\/moreogromsdal\/rettferdig-handel-borgundkonfirmantene-undersoker-butikker\/"]}]},{"@type":"BreadcrumbList","@id":"https:\/\/naturvernforbundet.no\/moreogromsdal\/rettferdig-handel-borgundkonfirmantene-undersoker-butikker\/#breadcrumb","itemListElement":[{"@type":"ListItem","position":1,"name":"Till naturvernforbundet.no","item":"https:\/\/naturvernforbundet.no\/"},{"@type":"ListItem","position":2,"name":"M\u00f8re og Romsdal","item":"https:\/\/naturvernforbundet.no\/moreogromsdal\/"},{"@type":"ListItem","position":3,"name":"Rettferdig handel: Borgundkonfirmantene unders\u00f8ker butikker"}]},{"@type":"WebSite","@id":"https:\/\/naturvernforbundet.no\/moreogromsdal\/#website","url":"https:\/\/naturvernforbundet.no\/moreogromsdal\/","name":"M\u00f8re og Romsdal","description":"Bare enda et Naturvernforbundet Sites-nettsted","potentialAction":[{"@type":"SearchAction","target":{"@type":"EntryPoint","urlTemplate":"https:\/\/naturvernforbundet.no\/moreogromsdal\/?s={search_term_string}"},"query-input":{"@type":"PropertyValueSpecification","valueRequired":true,"valueName":"search_term_string"}}],"inLanguage":"nb-NO"},{"@type":"Person","@id":"https:\/\/naturvernforbundet.no\/moreogromsdal\/#\/schema\/person\/c72f198205979084bf071deedb6205f4","name":"Artikkelimport\u00f8r","image":{"@type":"ImageObject","inLanguage":"nb-NO","@id":"https:\/\/naturvernforbundet.no\/moreogromsdal\/#\/schema\/person\/image\/","url":"https:\/\/secure.gravatar.com\/avatar\/015fa491b9ed1c823ef16a5c930294d1?s=96&d=mm&r=g","contentUrl":"https:\/\/secure.gravatar.com\/avatar\/015fa491b9ed1c823ef16a5c930294d1?s=96&d=mm&r=g","caption":"Artikkelimport\u00f8r"},"url":"https:\/\/naturvernforbundet.no\/moreogromsdal\/author\/artikkelimportor\/"}]}},"_links":{"self":[{"href":"https:\/\/naturvernforbundet.no\/moreogromsdal\/wp-json\/wp\/v2\/posts\/1135","targetHints":{"allow":["GET"]}}],"collection":[{"href":"https:\/\/naturvernforbundet.no\/moreogromsdal\/wp-json\/wp\/v2\/posts"}],"about":[{"href":"https:\/\/naturvernforbundet.no\/moreogromsdal\/wp-json\/wp\/v2\/types\/post"}],"author":[{"embeddable":true,"href":"https:\/\/naturvernforbundet.no\/moreogromsdal\/wp-json\/wp\/v2\/users\/38"}],"replies":[{"embeddable":true,"href":"https:\/\/naturvernforbundet.no\/moreogromsdal\/wp-json\/wp\/v2\/comments?post=1135"}],"version-history":[{"count":0,"href":"https:\/\/naturvernforbundet.no\/moreogromsdal\/wp-json\/wp\/v2\/posts\/1135\/revisions"}],"wp:attachment":[{"href":"https:\/\/naturvernforbundet.no\/moreogromsdal\/wp-json\/wp\/v2\/media?parent=1135"}],"wp:term":[{"taxonomy":"category","embeddable":true,"href":"https:\/\/naturvernforbundet.no\/moreogromsdal\/wp-json\/wp\/v2\/categories?post=1135"},{"taxonomy":"post_tag","embeddable":true,"href":"https:\/\/naturvernforbundet.no\/moreogromsdal\/wp-json\/wp\/v2\/tags?post=1135"},{"taxonomy":"local","embeddable":true,"href":"https:\/\/naturvernforbundet.no\/moreogromsdal\/wp-json\/wp\/v2\/local?post=1135"}],"curies":[{"name":"wp","href":"https:\/\/api.w.org\/{rel}","templated":true}]}}