{"id":1137,"date":"2007-05-16T06:54:00","date_gmt":"2007-05-16T04:54:00","guid":{"rendered":"https:\/\/naturvernforbundet.no\/moreogromsdal\/naturvernforbundet-vil-ha-biogass-pa-grautneset\/"},"modified":"2007-05-16T06:54:00","modified_gmt":"2007-05-16T04:54:00","slug":"naturvernforbundet-vil-ha-biogass-pa-grautneset","status":"publish","type":"post","link":"https:\/\/naturvernforbundet.no\/moreogromsdal\/naturvernforbundet-vil-ha-biogass-pa-grautneset\/","title":{"rendered":"Naturvernforbundet vil ha biogass p\u00e5 Grautneset"},"content":{"rendered":"\t<div class=\"template-post alignfull wp-block-naturvern-hero\">\n\t\t<div class=\"hero__inner\">\n\t\t\t<div class=\"hero__inner_blocks\">\n\t\t\t\t\t\t\t\t\n\t\t\t\t\t<h1 class=\"wp-block-post-title\">Naturvernforbundet vil ha biogass p\u00e5 Grautneset<\/h1>\n\n\t\t\t\t\t<div class=\"wp-block-post-excerpt\"><p class=\"wp-block-post-excerpt__excerpt\">Tafjord Kraftvarme har s\u00f8kt om \u00e5 f\u00e5 tredoble forbrenningskapasiteten p\u00e5 Grautneset i \u00c5lesund. Naturvernforbundet p\u00e5peker at agurker brenner d\u00e5rlig, og \u00f8nsker et anlegg som lager gass av matavfall. <\/p><\/div>\n\n\t\t\t\t\t\n\n\t\t\t\t\t<div class=\"wp-block-naturvern-byline\">\n\t\t\t<div class=\"authors\">By <span class=\"t2-byline__author-link\">Artikkelimport\u00f8r<\/span><\/div>\n\t\t\t<small class=\"entry-date\">16.05.2007 06:54<\/small>\n\t\t<\/div>\n\t\t\t\t\t\t\t\t<\/div>\n\t\t\t\t\t<\/div>\n\t\t\t<\/div>\n\t\n<p>\u00d8kt forbruk medf\u00f8rer at avfallsmengdene \u00f8ker raskt. Vi produserer stadig mer avfall i Norge. Den \u00e5rlige avfallsmengden har det siste ti\u00e5ret \u00f8kt dramatisk, avfall fra husholdninger er nesten doblet. Det er ofte mulig \u00e5 gjenvinne materialene i avfall, dette kan gi redusert press p\u00e5 utvinning og produksjon av nye r\u00e5varer, lavere energiforbruk og reduserte klimagassutslipp. \n<\/p>\n\n\n\n<p>Naturvernforbundet p\u00e5peker at \u00f8kt kildesortering er det viktigste klimatiltaket p\u00e5 avfallssektoren, dette har st\u00f8rre effekt enn avfallsforbrenning. &#8211; Dessuten vil det \u00e5 fjerne matavfallet f\u00f8r restavfallet brennes gi h\u00f8yere brennverdi og bedre energiutnyttelse &#8211; det er ikke energigjenvinning \u00e5 brenne vann, selv om Tafjord Kraftvarme pr\u00f8ver \u00e5 framstille det slik, sier leder Kjersti Finholt i Naturvernforbundet i \u00c5lesund og omegn. \n<\/p>\n\n\n\n<p>Naturvernforbundet vil understreke at det \u00e5 fortsette utbyggingen av en infrastruktur for varmt vann i \u00c5lesundsomr\u00e5det er et sv\u00e6rt viktig milj\u00f8tiltak og trolig en forutsetning for \u00e5 kunne gj\u00f8re regionen kliman\u00f8ytral i overskuelig framtid. Naturvernforbundet er derfor positive til at en videre utbygging av fjernvarme i \u00c5lesund baseres p\u00e5 bruk av utsortert t\u00f8rt avfall. \n<\/p>\n\n\n\n<p>Naturvernforbundet anbefaler ogs\u00e5 at Tafjord Kraftvarme f\u00e5r tillatelse til \u00e5 installere en ny ovn, tilpasset brenning av utsortert, t\u00f8rt avfall. Samtidig krever Naturvernforbundet at den gamle ovnen, som ikke tilfredsstiller gjeldende krav (har g\u00e5tt ut p\u00e5 dato), stenges. Naturvernforbundet vil heller ikke akseptere brenning av farlig avfall i et anlegg som ikke er tilpasset dette. \n<\/p>\n\n\n\n<p>&#8211; Naturvernforbundet anbefaler Tafjord Kraftvarme \u00e5 vurdere etableringen av et biogassanlegg, integrert med det nye forbrenningsanlegget, sier Kjersti Finholt. Et slikt anlegg vil kunne benytte v\u00e5te avfallsfraksjoner fra hele regionen og varme fra den nye ovnen (som har varmeoverskudd store deler av \u00e5ret) til \u00e5 produsere biogass (metan). Biogassen vil kunne brukes til str\u00f8m- og varmeproduksjon p\u00e5 stedet eller selges til energi- og transportform\u00e5l. \n<\/p>\n\n\n\n<p>B\u00e5de Oslo, Bergen og Trondheim etablerer n\u00e5 biogassanlegg for \u00e5 f\u00e5 en milj\u00f8messig fornuftig behandling av matavfall, avl\u00f8psslam, slakteriavfall mv. Anleggene etableres mer eller mindre integrert med tradisjonelle forbrenningsanlegg. &#8211; Tafjord Kraftvarme b\u00f8r kjenne sin bes\u00f8kelsestid n\u00e5r det gjelder denne fraksjonen, mener Naturvernforbundet. \n<\/p>\n\n\n\n<p>Naturvernforbundet er bekymret for at utbygging av st\u00f8rre avfallsforbrenningsanlegg blir en sovepute for kommunene, som dermed lar v\u00e6re \u00e5 satse p\u00e5 milj\u00f8messig bedre l\u00f8sninger, som kildesortering. \n<\/p>\n\n\n\n<p>&#8211; Et godt eksempel p\u00e5 en slik sovepute er kommunene i n\u00e6romr\u00e5det til anlegget til Tafjord Kraftvarme, mener Kjersti Finholt. Statistisk Sentralbyr\u00e5 rangerer norske kommuner i forhold til hvor flinke de er til \u00e5 s\u00f8rge for total material- og energigjenvinning av husholdningsavfall. De siste tilgjengelige tallene er fra 2005. Her kommer \u00c5lesund kommune p\u00e5 en svak 166. plass av landets kommuner, med Giske p\u00e5 69. plass p\u00e5 og Sula p\u00e5 115. plass. Til sammenligning er Molde og de andre Romsdalskommunene p\u00e5 5. plass n\u00e5r det gjelder material- og energigjenvinning samlet. \n<\/p>\n\n\n\n<p>N\u00e5r det gjelder de trafikkmessige forholdene ved en utvidelse p\u00e5 Grautneset, p\u00e5peker Naturvernforbundet p\u00e5peke at Breivikaomr\u00e5det i alt for liten grad er tilpassa g\u00e5ende og syklende. En tredobling av transporten vil v\u00e6re merkbar for de som ferdes i dette omr\u00e5det. \n<\/p>\n\n\n\n<p><em>For mer informasjon kan leder Kjersti Finholt i Naturvernforbundet i \u00c5lesund  og omegn kontaktes p\u00e5 telefon 92 29 97 38.<\/em> \n<a>Ja, dette er viktig. Jeg vil bli medlem i Naturvernforbundet<\/a><br><\/p>\n\n\n\n\n\n<p><strong><br><\/strong><a>Jeg vil gjerne st\u00f8tte arbeidet til Naturvernforbundet<\/a><\/p>\n\n\n\n\n\n<p><a href=\"\/imakerdata\/f\/1\/04\/44\/2_2401_0\/uttale_Tafjord_Kraftvarme.pdf\">Les h\u00f8ringsuttalelsen fra Naturvernforbundet om den planlagte utvidelsen p\u00e5 Grautneset<\/a><\/p>\n\n\n\n<p><a href=\"\/imakerdata\/f\/1\/04\/44\/3_2401_0\/Rapport%20Biogass%20i%20Hordaland.pdf\">Rapport om biogass i Hordaland<\/a><\/p>\n\n\n\n<p><a href=\"\/imakerdata\/f\/1\/04\/44\/4_2401_0\/Soknad111006_xA0weZ8609406.pdf\">S\u00f8knad fr\u00e5 Tafjord Kraftvarme<\/a><\/p>\n\n\n\n<p><a href=\"\/imakerdata\/f\/1\/04\/44\/5_2401_0\/Konsekvensutrdening_vcs0Wd86093ng.pdf\">Konsekvensutredning fra Tafjord Kraftvarme<\/a><\/p>\n\n\n\n<p><a href=\"\/imakerdata\/f\/1\/04\/44\/6_2401_0\/Maaleprogram_9iKVUp86092am.pdf\">Forslag til m\u00e5leprogram fra Tafjord Kraftvarme<\/a><\/p>\n\n\n\n<p><a href=\"\/imakerdata\/f\/1\/04\/44\/7_2401_0\/Tafjord_Kraftvarme_utredningsprogram.pdf\">Fastsatt utredningsprogram for utvidelsen p\u00e5 Grautneset<\/a><\/p>\n\n\n\n<p><a href=\"\/imakerdata\/f\/1\/04\/44\/8_2401_0\/Tafjord_Kraftvarme_as_-_tillatelse_2005.pdf\">Oversendelse av Tafjord Kraftvarmes utslippstillatelse fra 2005<\/a><\/p>\n\n\n\n<p><a href=\"\/imakerdata\/f\/1\/04\/44\/9_2401_0\/Tafjord_Kraftvarme_as_-_tillatelse_eknspw54394se.pdf\">Tafjord Kraftvarmes utslippstillatelse fra 2005<\/a><\/p>\n","protected":false},"excerpt":{"rendered":"<p>Tafjord Kraftvarme har s\u00f8kt om \u00e5 f\u00e5 tredoble forbrenningskapasiteten p\u00e5 Grautneset i \u00c5lesund. Naturvernforbundet p\u00e5peker at agurker brenner d\u00e5rlig, og \u00f8nsker et anlegg som lager gass av matavfall.<\/p>\n","protected":false},"author":38,"featured_media":0,"comment_status":"closed","ping_status":"closed","sticky":false,"template":"","format":"standard","meta":{"_relevanssi_hide_post":"","_relevanssi_hide_content":"","_relevanssi_pin_for_all":"","_relevanssi_pin_keywords":"","_relevanssi_unpin_keywords":"","_relevanssi_related_keywords":"","_relevanssi_related_include_ids":"","_relevanssi_related_exclude_ids":"","_relevanssi_related_no_append":"","_relevanssi_related_not_related":"","_relevanssi_related_posts":"","_relevanssi_noindex_reason":"","hide_logo":false,"footnotes":""},"categories":[27],"tags":[],"local":[],"class_list":["post-1137","post","type-post","status-publish","format-standard","hentry","category-avfall-og-forbruk"],"acf":[],"yoast_head":"<!-- This site is optimized with the Yoast SEO plugin v24.9 - https:\/\/yoast.com\/wordpress\/plugins\/seo\/ -->\n<title>Naturvernforbundet vil ha biogass p\u00e5 Grautneset - M\u00f8re og Romsdal<\/title>\n<meta name=\"robots\" content=\"index, follow, max-snippet:-1, max-image-preview:large, max-video-preview:-1\" \/>\n<link rel=\"canonical\" href=\"https:\/\/naturvernforbundet.no\/moreogromsdal\/naturvernforbundet-vil-ha-biogass-pa-grautneset\/\" \/>\n<meta property=\"og:locale\" content=\"nb_NO\" \/>\n<meta property=\"og:type\" content=\"article\" \/>\n<meta property=\"og:title\" content=\"Naturvernforbundet vil ha biogass p\u00e5 Grautneset - M\u00f8re og Romsdal\" \/>\n<meta property=\"og:description\" content=\"Tafjord Kraftvarme har s\u00f8kt om \u00e5 f\u00e5 tredoble forbrenningskapasiteten p\u00e5 Grautneset i \u00c5lesund. Naturvernforbundet p\u00e5peker at agurker brenner d\u00e5rlig, og \u00f8nsker et anlegg som lager gass av matavfall.\" \/>\n<meta property=\"og:url\" content=\"https:\/\/naturvernforbundet.no\/moreogromsdal\/naturvernforbundet-vil-ha-biogass-pa-grautneset\/\" \/>\n<meta property=\"og:site_name\" content=\"M\u00f8re og Romsdal\" \/>\n<meta property=\"article:published_time\" content=\"2007-05-16T04:54:00+00:00\" \/>\n<meta name=\"author\" content=\"Artikkelimport\u00f8r\" \/>\n<meta name=\"twitter:card\" content=\"summary_large_image\" \/>\n<meta name=\"twitter:label1\" content=\"Skrevet av\" \/>\n\t<meta name=\"twitter:data1\" content=\"Artikkelimport\u00f8r\" \/>\n\t<meta name=\"twitter:label2\" content=\"Ansl. lesetid\" \/>\n\t<meta name=\"twitter:data2\" content=\"3 minutter\" \/>\n<script type=\"application\/ld+json\" class=\"yoast-schema-graph\">{\"@context\":\"https:\/\/schema.org\",\"@graph\":[{\"@type\":\"WebPage\",\"@id\":\"https:\/\/naturvernforbundet.no\/moreogromsdal\/naturvernforbundet-vil-ha-biogass-pa-grautneset\/\",\"url\":\"https:\/\/naturvernforbundet.no\/moreogromsdal\/naturvernforbundet-vil-ha-biogass-pa-grautneset\/\",\"name\":\"Naturvernforbundet vil ha biogass p\u00e5 Grautneset - M\u00f8re og Romsdal\",\"isPartOf\":{\"@id\":\"https:\/\/naturvernforbundet.no\/moreogromsdal\/#website\"},\"datePublished\":\"2007-05-16T04:54:00+00:00\",\"author\":{\"@id\":\"https:\/\/naturvernforbundet.no\/moreogromsdal\/#\/schema\/person\/c72f198205979084bf071deedb6205f4\"},\"breadcrumb\":{\"@id\":\"https:\/\/naturvernforbundet.no\/moreogromsdal\/naturvernforbundet-vil-ha-biogass-pa-grautneset\/#breadcrumb\"},\"inLanguage\":\"nb-NO\",\"potentialAction\":[{\"@type\":\"ReadAction\",\"target\":[\"https:\/\/naturvernforbundet.no\/moreogromsdal\/naturvernforbundet-vil-ha-biogass-pa-grautneset\/\"]}]},{\"@type\":\"BreadcrumbList\",\"@id\":\"https:\/\/naturvernforbundet.no\/moreogromsdal\/naturvernforbundet-vil-ha-biogass-pa-grautneset\/#breadcrumb\",\"itemListElement\":[{\"@type\":\"ListItem\",\"position\":1,\"name\":\"Till naturvernforbundet.no\",\"item\":\"https:\/\/naturvernforbundet.no\/\"},{\"@type\":\"ListItem\",\"position\":2,\"name\":\"M\u00f8re og Romsdal\",\"item\":\"https:\/\/naturvernforbundet.no\/moreogromsdal\/\"},{\"@type\":\"ListItem\",\"position\":3,\"name\":\"Naturvernforbundet vil ha biogass p\u00e5 Grautneset\"}]},{\"@type\":\"WebSite\",\"@id\":\"https:\/\/naturvernforbundet.no\/moreogromsdal\/#website\",\"url\":\"https:\/\/naturvernforbundet.no\/moreogromsdal\/\",\"name\":\"M\u00f8re og Romsdal\",\"description\":\"Bare enda et Naturvernforbundet Sites-nettsted\",\"potentialAction\":[{\"@type\":\"SearchAction\",\"target\":{\"@type\":\"EntryPoint\",\"urlTemplate\":\"https:\/\/naturvernforbundet.no\/moreogromsdal\/?s={search_term_string}\"},\"query-input\":{\"@type\":\"PropertyValueSpecification\",\"valueRequired\":true,\"valueName\":\"search_term_string\"}}],\"inLanguage\":\"nb-NO\"},{\"@type\":\"Person\",\"@id\":\"https:\/\/naturvernforbundet.no\/moreogromsdal\/#\/schema\/person\/c72f198205979084bf071deedb6205f4\",\"name\":\"Artikkelimport\u00f8r\",\"image\":{\"@type\":\"ImageObject\",\"inLanguage\":\"nb-NO\",\"@id\":\"https:\/\/naturvernforbundet.no\/moreogromsdal\/#\/schema\/person\/image\/\",\"url\":\"https:\/\/secure.gravatar.com\/avatar\/015fa491b9ed1c823ef16a5c930294d1?s=96&d=mm&r=g\",\"contentUrl\":\"https:\/\/secure.gravatar.com\/avatar\/015fa491b9ed1c823ef16a5c930294d1?s=96&d=mm&r=g\",\"caption\":\"Artikkelimport\u00f8r\"},\"url\":\"https:\/\/naturvernforbundet.no\/moreogromsdal\/author\/artikkelimportor\/\"}]}<\/script>\n<!-- \/ Yoast SEO plugin. -->","yoast_head_json":{"title":"Naturvernforbundet vil ha biogass p\u00e5 Grautneset - M\u00f8re og Romsdal","robots":{"index":"index","follow":"follow","max-snippet":"max-snippet:-1","max-image-preview":"max-image-preview:large","max-video-preview":"max-video-preview:-1"},"canonical":"https:\/\/naturvernforbundet.no\/moreogromsdal\/naturvernforbundet-vil-ha-biogass-pa-grautneset\/","og_locale":"nb_NO","og_type":"article","og_title":"Naturvernforbundet vil ha biogass p\u00e5 Grautneset - M\u00f8re og Romsdal","og_description":"Tafjord Kraftvarme har s\u00f8kt om \u00e5 f\u00e5 tredoble forbrenningskapasiteten p\u00e5 Grautneset i \u00c5lesund. Naturvernforbundet p\u00e5peker at agurker brenner d\u00e5rlig, og \u00f8nsker et anlegg som lager gass av matavfall.","og_url":"https:\/\/naturvernforbundet.no\/moreogromsdal\/naturvernforbundet-vil-ha-biogass-pa-grautneset\/","og_site_name":"M\u00f8re og Romsdal","article_published_time":"2007-05-16T04:54:00+00:00","author":"Artikkelimport\u00f8r","twitter_card":"summary_large_image","twitter_misc":{"Skrevet av":"Artikkelimport\u00f8r","Ansl. lesetid":"3 minutter"},"schema":{"@context":"https:\/\/schema.org","@graph":[{"@type":"WebPage","@id":"https:\/\/naturvernforbundet.no\/moreogromsdal\/naturvernforbundet-vil-ha-biogass-pa-grautneset\/","url":"https:\/\/naturvernforbundet.no\/moreogromsdal\/naturvernforbundet-vil-ha-biogass-pa-grautneset\/","name":"Naturvernforbundet vil ha biogass p\u00e5 Grautneset - M\u00f8re og Romsdal","isPartOf":{"@id":"https:\/\/naturvernforbundet.no\/moreogromsdal\/#website"},"datePublished":"2007-05-16T04:54:00+00:00","author":{"@id":"https:\/\/naturvernforbundet.no\/moreogromsdal\/#\/schema\/person\/c72f198205979084bf071deedb6205f4"},"breadcrumb":{"@id":"https:\/\/naturvernforbundet.no\/moreogromsdal\/naturvernforbundet-vil-ha-biogass-pa-grautneset\/#breadcrumb"},"inLanguage":"nb-NO","potentialAction":[{"@type":"ReadAction","target":["https:\/\/naturvernforbundet.no\/moreogromsdal\/naturvernforbundet-vil-ha-biogass-pa-grautneset\/"]}]},{"@type":"BreadcrumbList","@id":"https:\/\/naturvernforbundet.no\/moreogromsdal\/naturvernforbundet-vil-ha-biogass-pa-grautneset\/#breadcrumb","itemListElement":[{"@type":"ListItem","position":1,"name":"Till naturvernforbundet.no","item":"https:\/\/naturvernforbundet.no\/"},{"@type":"ListItem","position":2,"name":"M\u00f8re og Romsdal","item":"https:\/\/naturvernforbundet.no\/moreogromsdal\/"},{"@type":"ListItem","position":3,"name":"Naturvernforbundet vil ha biogass p\u00e5 Grautneset"}]},{"@type":"WebSite","@id":"https:\/\/naturvernforbundet.no\/moreogromsdal\/#website","url":"https:\/\/naturvernforbundet.no\/moreogromsdal\/","name":"M\u00f8re og Romsdal","description":"Bare enda et Naturvernforbundet Sites-nettsted","potentialAction":[{"@type":"SearchAction","target":{"@type":"EntryPoint","urlTemplate":"https:\/\/naturvernforbundet.no\/moreogromsdal\/?s={search_term_string}"},"query-input":{"@type":"PropertyValueSpecification","valueRequired":true,"valueName":"search_term_string"}}],"inLanguage":"nb-NO"},{"@type":"Person","@id":"https:\/\/naturvernforbundet.no\/moreogromsdal\/#\/schema\/person\/c72f198205979084bf071deedb6205f4","name":"Artikkelimport\u00f8r","image":{"@type":"ImageObject","inLanguage":"nb-NO","@id":"https:\/\/naturvernforbundet.no\/moreogromsdal\/#\/schema\/person\/image\/","url":"https:\/\/secure.gravatar.com\/avatar\/015fa491b9ed1c823ef16a5c930294d1?s=96&d=mm&r=g","contentUrl":"https:\/\/secure.gravatar.com\/avatar\/015fa491b9ed1c823ef16a5c930294d1?s=96&d=mm&r=g","caption":"Artikkelimport\u00f8r"},"url":"https:\/\/naturvernforbundet.no\/moreogromsdal\/author\/artikkelimportor\/"}]}},"_links":{"self":[{"href":"https:\/\/naturvernforbundet.no\/moreogromsdal\/wp-json\/wp\/v2\/posts\/1137","targetHints":{"allow":["GET"]}}],"collection":[{"href":"https:\/\/naturvernforbundet.no\/moreogromsdal\/wp-json\/wp\/v2\/posts"}],"about":[{"href":"https:\/\/naturvernforbundet.no\/moreogromsdal\/wp-json\/wp\/v2\/types\/post"}],"author":[{"embeddable":true,"href":"https:\/\/naturvernforbundet.no\/moreogromsdal\/wp-json\/wp\/v2\/users\/38"}],"replies":[{"embeddable":true,"href":"https:\/\/naturvernforbundet.no\/moreogromsdal\/wp-json\/wp\/v2\/comments?post=1137"}],"version-history":[{"count":0,"href":"https:\/\/naturvernforbundet.no\/moreogromsdal\/wp-json\/wp\/v2\/posts\/1137\/revisions"}],"wp:attachment":[{"href":"https:\/\/naturvernforbundet.no\/moreogromsdal\/wp-json\/wp\/v2\/media?parent=1137"}],"wp:term":[{"taxonomy":"category","embeddable":true,"href":"https:\/\/naturvernforbundet.no\/moreogromsdal\/wp-json\/wp\/v2\/categories?post=1137"},{"taxonomy":"post_tag","embeddable":true,"href":"https:\/\/naturvernforbundet.no\/moreogromsdal\/wp-json\/wp\/v2\/tags?post=1137"},{"taxonomy":"local","embeddable":true,"href":"https:\/\/naturvernforbundet.no\/moreogromsdal\/wp-json\/wp\/v2\/local?post=1137"}],"curies":[{"name":"wp","href":"https:\/\/api.w.org\/{rel}","templated":true}]}}