{"id":1150,"date":"2005-08-29T09:06:00","date_gmt":"2005-08-29T07:06:00","guid":{"rendered":"https:\/\/naturvernforbundet.no\/moreogromsdal\/her-kjem-avsloringa-av-co2-bloffen-ved-hustadmarmor\/"},"modified":"2005-08-29T09:06:00","modified_gmt":"2005-08-29T07:06:00","slug":"her-kjem-avsloringa-av-co2-bloffen-ved-hustadmarmor","status":"publish","type":"post","link":"https:\/\/naturvernforbundet.no\/moreogromsdal\/her-kjem-avsloringa-av-co2-bloffen-ved-hustadmarmor\/","title":{"rendered":"Her kjem avsl\u00f8ringa av CO2-bl\u00f8ffen ved Hustadmarmor"},"content":{"rendered":"\t<div class=\"template-post alignfull wp-block-naturvern-hero\">\n\t\t<div class=\"hero__inner\">\n\t\t\t<div class=\"hero__inner_blocks\">\n\t\t\t\t\t\t\t\t\n\t\t\t\t\t<h1 class=\"wp-block-post-title\">Her kjem avsl\u00f8ringa av CO2-bl\u00f8ffen ved Hustadmarmor<\/h1>\n\n\t\t\t\t\t<div class=\"wp-block-post-excerpt\"><p class=\"wp-block-post-excerpt__excerpt\">Leiar i Naturvernforbundet i M\u00f8re og Romsdal, \u00d8ystein Folden, avviser Istad, Tafjord og Hustadmarmor si gasskraftl\u00f8ysing. <\/p><\/div>\n\n\t\t\t\t\t\n\n\t\t\t\t\t<div class=\"wp-block-naturvern-byline\">\n\t\t\t<div class=\"authors\">By <span class=\"t2-byline__author-link\">Artikkelimport\u00f8r<\/span><\/div>\n\t\t\t<small class=\"entry-date\">29.08.2005 09:06<\/small>\n\t\t<\/div>\n\t\t\t\t\t\t\t\t<\/div>\n\t\t\t\t\t<\/div>\n\t\t\t<\/div>\n\t\n<p>Istad, Tafjord og Hustadmarmor kunne nyleg presentere gasskraftverket som l\u00f8yser dei fleste problema. Politikarane kasta seg over saka, s\u00e5 no er alle kriser l\u00f8yste.<br><br>Naturvernforbundet fekk h\u00f8ve til \u00e5 m\u00f8te Hustadmarmor for eit \u00e5r sidan for \u00e5 gjere seg kjende med desse planane. For vi er og sj\u00f8lvsagt interessert i gode l\u00f8ysingar n\u00e5r det gjeld CO2-handsaming. Vi m\u00f8tte ei verksemd som tar milj\u00f8et p\u00e5 alvor. Det blir gjort mykje godt milj\u00f8arbeid ved Hustadmarmor, sj\u00f8lv om ikkje alle problem er l\u00f8yste.<br><br>Opplegget s\u00e5 langt Naturvernforbundet kjenner det er at det skal nyttast brent kalk som r\u00e5stoff i produksjonen ved Hustadmarmor. I prosessen blir det tilsett CO2, og d\u00e5 f\u00e5r ein kalk eller marmor som produkt. Brent kalk har kjemisk formel CaO, marmor\/kalk har formel CaCO3. Skilnaden mellom desse er CO2. Reknestykket er enkelt: CaO+CO2=CaCO3. S\u00e5 langt er alt godt. For \u00e5 lage marmor av brent kalk trengst det CO2.<br><br>Men det er som oftast ein hake, og det er det ogs\u00e5 her: Brent kalk finst ikkje i naturen. Brent kalk f\u00e5r ein ved at marmor\/kalk blir \u201dbrent\u201d, dvs. varma opp til kring 1400 grader. D\u00e5 blir det frigjort CO2: CaCO3-CO2=CaO. Det kan her nemnast at Norcem si kalkbrenning i Brevik er Noreg sitt 3. st\u00f8rste punktutslepp av CO2.<br><br>Naturvernforbundet kan uansett ikkje akseptere eit gasskraftverk som nytter berre halvparten av den CO2 som eit gasskraftverk lager. Vi er ogs\u00e5 uroa over kor god utnytting av varmen eit gasskraftverk i Fr\u00e6na kan f\u00e5 til. Eit gasskraftverk produserer meir varme enn det innbyggjarane i Fr\u00e6na kan nytte i husa sine, og det er om vinteren. Gasskraftverk produserer varme om sommaren ogs\u00e5. D\u00e5 blir det vel god badetemperatur i fjorden?<br><br>Naturvernforbundet tykkjer i grunnen det er leit at vi m\u00e5 seie fr\u00e5 om dette. Det kunne Hustadmarmor gjort sj\u00f8lve. I denne saka har Hustadmarmor hamna p\u00e5 ein blindveg, og d\u00e5 er det best \u00e5 snu f\u00f8r det stoppar opp. Medaljar som ser ut som gull p\u00e5 framsida, men liknar aller mest p\u00e5 store kumlokk elles, dei b\u00f8r ein ikkje ha rundt halsen.<br><br>\n\u00d8ystein Folden\nLeiar, Naturvernforbundet i M\u00f8re og Romsdal\nTelefon 91 81 25 42<\/p>\n\n\n\n<p><a href=\"\/imakerdata\/f\/0\/74\/75\/8_2401_0\/Forhaandsmelding_2005-12-15.doc\">Meldinga lagt fram i desember 2005<\/a><\/p>\n\n\n\n<p><a href=\"\/imakerdata\/f\/1\/02\/25\/2_2401_0\/2006-12-01%20Konsesjonssoknad.pdf\">Konsesjonss\u00f8knaden fr\u00e5 desember 2006<\/a><\/p>\n\n\n\n<p><a href=\"\/imakerdata\/f\/1\/02\/25\/3_2401_0\/2006-12-01%20Konsekvensutredning.pdf\">Konsekvensutredninga fr\u00e5 desember 2006<\/a><\/p>\n\n\n\n<p><a href=\"\/imakerdata\/f\/1\/09\/87\/6_2401_0\/Utredningsprogram_Industrikraft_More.pdf\">Industrikraft M\u00f8re AS &#8211; Fastsetting av utredningsprogram<\/a><\/p>\n\n\n\n<p><a href=\"\/imakerdata\/f\/1\/10\/77\/3_2401_0\/industrikraft_more_utslippssoknad.pdf\">S\u00f8knad om utslippstillatelse fr\u00e5 Industrikraft M\u00f8re<\/a><\/p>\n\n\n\n<p><a href=\"\/imakerdata\/f\/1\/10\/77\/4_2401_0\/industrikraft_more_utslippssoknad_vedlegg.pdf\">Vedlegg til s\u00f8knad om utslippstillatelse fr\u00e5 Industrikraft M\u00f8re<\/a><\/p>\n\n\n\n<p><a href=\"\/imakerdata\/f\/1\/10\/77\/5_2401_0\/industrikraft_more_oppdatrring030907.pdf\">S\u00f8knad om utslippstillatelse fr\u00e5 Industrikraft M\u00f8re &#8211; tillegg<\/a><\/p>\n\n\n\n<p><a href=\"\/imakerdata\/f\/1\/10\/77\/6_2401_0\/industrikraft_more_konsekvensutredning.pdf\">S\u00f8knad om utslippstillatelse fr\u00e5 Industrikraft M\u00f8re &#8211; konsekvensutredning<\/a><\/p>\n","protected":false},"excerpt":{"rendered":"<p>Leiar i Naturvernforbundet i M\u00f8re og Romsdal, \u00d8ystein Folden, avviser Istad, Tafjord og Hustadmarmor si gasskraftl\u00f8ysing.<\/p>\n","protected":false},"author":38,"featured_media":0,"comment_status":"closed","ping_status":"closed","sticky":false,"template":"","format":"standard","meta":{"_relevanssi_hide_post":"","_relevanssi_hide_content":"","_relevanssi_pin_for_all":"","_relevanssi_pin_keywords":"","_relevanssi_unpin_keywords":"","_relevanssi_related_keywords":"","_relevanssi_related_include_ids":"","_relevanssi_related_exclude_ids":"","_relevanssi_related_no_append":"","_relevanssi_related_not_related":"","_relevanssi_related_posts":"","_relevanssi_noindex_reason":"","hide_logo":false,"footnotes":""},"categories":[19],"tags":[],"local":[],"class_list":["post-1150","post","type-post","status-publish","format-standard","hentry","category-klima"],"acf":[],"yoast_head":"<!-- This site is optimized with the Yoast SEO plugin v24.9 - https:\/\/yoast.com\/wordpress\/plugins\/seo\/ -->\n<title>Her kjem avsl\u00f8ringa av CO2-bl\u00f8ffen ved Hustadmarmor - M\u00f8re og Romsdal<\/title>\n<meta name=\"robots\" content=\"index, follow, max-snippet:-1, max-image-preview:large, max-video-preview:-1\" \/>\n<link rel=\"canonical\" href=\"https:\/\/naturvernforbundet.no\/moreogromsdal\/her-kjem-avsloringa-av-co2-bloffen-ved-hustadmarmor\/\" \/>\n<meta property=\"og:locale\" content=\"nb_NO\" \/>\n<meta property=\"og:type\" content=\"article\" \/>\n<meta property=\"og:title\" content=\"Her kjem avsl\u00f8ringa av CO2-bl\u00f8ffen ved Hustadmarmor - M\u00f8re og Romsdal\" \/>\n<meta property=\"og:description\" content=\"Leiar i Naturvernforbundet i M\u00f8re og Romsdal, \u00d8ystein Folden, avviser Istad, Tafjord og Hustadmarmor si gasskraftl\u00f8ysing.\" \/>\n<meta property=\"og:url\" content=\"https:\/\/naturvernforbundet.no\/moreogromsdal\/her-kjem-avsloringa-av-co2-bloffen-ved-hustadmarmor\/\" \/>\n<meta property=\"og:site_name\" content=\"M\u00f8re og Romsdal\" \/>\n<meta property=\"article:published_time\" content=\"2005-08-29T07:06:00+00:00\" \/>\n<meta name=\"author\" content=\"Artikkelimport\u00f8r\" \/>\n<meta name=\"twitter:card\" content=\"summary_large_image\" \/>\n<meta name=\"twitter:label1\" content=\"Skrevet av\" \/>\n\t<meta name=\"twitter:data1\" content=\"Artikkelimport\u00f8r\" \/>\n\t<meta name=\"twitter:label2\" content=\"Ansl. lesetid\" \/>\n\t<meta name=\"twitter:data2\" content=\"2 minutter\" \/>\n<script type=\"application\/ld+json\" class=\"yoast-schema-graph\">{\"@context\":\"https:\/\/schema.org\",\"@graph\":[{\"@type\":\"WebPage\",\"@id\":\"https:\/\/naturvernforbundet.no\/moreogromsdal\/her-kjem-avsloringa-av-co2-bloffen-ved-hustadmarmor\/\",\"url\":\"https:\/\/naturvernforbundet.no\/moreogromsdal\/her-kjem-avsloringa-av-co2-bloffen-ved-hustadmarmor\/\",\"name\":\"Her kjem avsl\u00f8ringa av CO2-bl\u00f8ffen ved Hustadmarmor - M\u00f8re og Romsdal\",\"isPartOf\":{\"@id\":\"https:\/\/naturvernforbundet.no\/moreogromsdal\/#website\"},\"datePublished\":\"2005-08-29T07:06:00+00:00\",\"author\":{\"@id\":\"https:\/\/naturvernforbundet.no\/moreogromsdal\/#\/schema\/person\/c72f198205979084bf071deedb6205f4\"},\"breadcrumb\":{\"@id\":\"https:\/\/naturvernforbundet.no\/moreogromsdal\/her-kjem-avsloringa-av-co2-bloffen-ved-hustadmarmor\/#breadcrumb\"},\"inLanguage\":\"nb-NO\",\"potentialAction\":[{\"@type\":\"ReadAction\",\"target\":[\"https:\/\/naturvernforbundet.no\/moreogromsdal\/her-kjem-avsloringa-av-co2-bloffen-ved-hustadmarmor\/\"]}]},{\"@type\":\"BreadcrumbList\",\"@id\":\"https:\/\/naturvernforbundet.no\/moreogromsdal\/her-kjem-avsloringa-av-co2-bloffen-ved-hustadmarmor\/#breadcrumb\",\"itemListElement\":[{\"@type\":\"ListItem\",\"position\":1,\"name\":\"Till naturvernforbundet.no\",\"item\":\"https:\/\/naturvernforbundet.no\/\"},{\"@type\":\"ListItem\",\"position\":2,\"name\":\"M\u00f8re og Romsdal\",\"item\":\"https:\/\/naturvernforbundet.no\/moreogromsdal\/\"},{\"@type\":\"ListItem\",\"position\":3,\"name\":\"Her kjem avsl\u00f8ringa av CO2-bl\u00f8ffen ved Hustadmarmor\"}]},{\"@type\":\"WebSite\",\"@id\":\"https:\/\/naturvernforbundet.no\/moreogromsdal\/#website\",\"url\":\"https:\/\/naturvernforbundet.no\/moreogromsdal\/\",\"name\":\"M\u00f8re og Romsdal\",\"description\":\"Bare enda et Naturvernforbundet Sites-nettsted\",\"potentialAction\":[{\"@type\":\"SearchAction\",\"target\":{\"@type\":\"EntryPoint\",\"urlTemplate\":\"https:\/\/naturvernforbundet.no\/moreogromsdal\/?s={search_term_string}\"},\"query-input\":{\"@type\":\"PropertyValueSpecification\",\"valueRequired\":true,\"valueName\":\"search_term_string\"}}],\"inLanguage\":\"nb-NO\"},{\"@type\":\"Person\",\"@id\":\"https:\/\/naturvernforbundet.no\/moreogromsdal\/#\/schema\/person\/c72f198205979084bf071deedb6205f4\",\"name\":\"Artikkelimport\u00f8r\",\"image\":{\"@type\":\"ImageObject\",\"inLanguage\":\"nb-NO\",\"@id\":\"https:\/\/naturvernforbundet.no\/moreogromsdal\/#\/schema\/person\/image\/\",\"url\":\"https:\/\/secure.gravatar.com\/avatar\/015fa491b9ed1c823ef16a5c930294d1?s=96&d=mm&r=g\",\"contentUrl\":\"https:\/\/secure.gravatar.com\/avatar\/015fa491b9ed1c823ef16a5c930294d1?s=96&d=mm&r=g\",\"caption\":\"Artikkelimport\u00f8r\"},\"url\":\"https:\/\/naturvernforbundet.no\/moreogromsdal\/author\/artikkelimportor\/\"}]}<\/script>\n<!-- \/ Yoast SEO plugin. -->","yoast_head_json":{"title":"Her kjem avsl\u00f8ringa av CO2-bl\u00f8ffen ved Hustadmarmor - M\u00f8re og Romsdal","robots":{"index":"index","follow":"follow","max-snippet":"max-snippet:-1","max-image-preview":"max-image-preview:large","max-video-preview":"max-video-preview:-1"},"canonical":"https:\/\/naturvernforbundet.no\/moreogromsdal\/her-kjem-avsloringa-av-co2-bloffen-ved-hustadmarmor\/","og_locale":"nb_NO","og_type":"article","og_title":"Her kjem avsl\u00f8ringa av CO2-bl\u00f8ffen ved Hustadmarmor - M\u00f8re og Romsdal","og_description":"Leiar i Naturvernforbundet i M\u00f8re og Romsdal, \u00d8ystein Folden, avviser Istad, Tafjord og Hustadmarmor si gasskraftl\u00f8ysing.","og_url":"https:\/\/naturvernforbundet.no\/moreogromsdal\/her-kjem-avsloringa-av-co2-bloffen-ved-hustadmarmor\/","og_site_name":"M\u00f8re og Romsdal","article_published_time":"2005-08-29T07:06:00+00:00","author":"Artikkelimport\u00f8r","twitter_card":"summary_large_image","twitter_misc":{"Skrevet av":"Artikkelimport\u00f8r","Ansl. lesetid":"2 minutter"},"schema":{"@context":"https:\/\/schema.org","@graph":[{"@type":"WebPage","@id":"https:\/\/naturvernforbundet.no\/moreogromsdal\/her-kjem-avsloringa-av-co2-bloffen-ved-hustadmarmor\/","url":"https:\/\/naturvernforbundet.no\/moreogromsdal\/her-kjem-avsloringa-av-co2-bloffen-ved-hustadmarmor\/","name":"Her kjem avsl\u00f8ringa av CO2-bl\u00f8ffen ved Hustadmarmor - M\u00f8re og Romsdal","isPartOf":{"@id":"https:\/\/naturvernforbundet.no\/moreogromsdal\/#website"},"datePublished":"2005-08-29T07:06:00+00:00","author":{"@id":"https:\/\/naturvernforbundet.no\/moreogromsdal\/#\/schema\/person\/c72f198205979084bf071deedb6205f4"},"breadcrumb":{"@id":"https:\/\/naturvernforbundet.no\/moreogromsdal\/her-kjem-avsloringa-av-co2-bloffen-ved-hustadmarmor\/#breadcrumb"},"inLanguage":"nb-NO","potentialAction":[{"@type":"ReadAction","target":["https:\/\/naturvernforbundet.no\/moreogromsdal\/her-kjem-avsloringa-av-co2-bloffen-ved-hustadmarmor\/"]}]},{"@type":"BreadcrumbList","@id":"https:\/\/naturvernforbundet.no\/moreogromsdal\/her-kjem-avsloringa-av-co2-bloffen-ved-hustadmarmor\/#breadcrumb","itemListElement":[{"@type":"ListItem","position":1,"name":"Till naturvernforbundet.no","item":"https:\/\/naturvernforbundet.no\/"},{"@type":"ListItem","position":2,"name":"M\u00f8re og Romsdal","item":"https:\/\/naturvernforbundet.no\/moreogromsdal\/"},{"@type":"ListItem","position":3,"name":"Her kjem avsl\u00f8ringa av CO2-bl\u00f8ffen ved Hustadmarmor"}]},{"@type":"WebSite","@id":"https:\/\/naturvernforbundet.no\/moreogromsdal\/#website","url":"https:\/\/naturvernforbundet.no\/moreogromsdal\/","name":"M\u00f8re og Romsdal","description":"Bare enda et Naturvernforbundet Sites-nettsted","potentialAction":[{"@type":"SearchAction","target":{"@type":"EntryPoint","urlTemplate":"https:\/\/naturvernforbundet.no\/moreogromsdal\/?s={search_term_string}"},"query-input":{"@type":"PropertyValueSpecification","valueRequired":true,"valueName":"search_term_string"}}],"inLanguage":"nb-NO"},{"@type":"Person","@id":"https:\/\/naturvernforbundet.no\/moreogromsdal\/#\/schema\/person\/c72f198205979084bf071deedb6205f4","name":"Artikkelimport\u00f8r","image":{"@type":"ImageObject","inLanguage":"nb-NO","@id":"https:\/\/naturvernforbundet.no\/moreogromsdal\/#\/schema\/person\/image\/","url":"https:\/\/secure.gravatar.com\/avatar\/015fa491b9ed1c823ef16a5c930294d1?s=96&d=mm&r=g","contentUrl":"https:\/\/secure.gravatar.com\/avatar\/015fa491b9ed1c823ef16a5c930294d1?s=96&d=mm&r=g","caption":"Artikkelimport\u00f8r"},"url":"https:\/\/naturvernforbundet.no\/moreogromsdal\/author\/artikkelimportor\/"}]}},"_links":{"self":[{"href":"https:\/\/naturvernforbundet.no\/moreogromsdal\/wp-json\/wp\/v2\/posts\/1150","targetHints":{"allow":["GET"]}}],"collection":[{"href":"https:\/\/naturvernforbundet.no\/moreogromsdal\/wp-json\/wp\/v2\/posts"}],"about":[{"href":"https:\/\/naturvernforbundet.no\/moreogromsdal\/wp-json\/wp\/v2\/types\/post"}],"author":[{"embeddable":true,"href":"https:\/\/naturvernforbundet.no\/moreogromsdal\/wp-json\/wp\/v2\/users\/38"}],"replies":[{"embeddable":true,"href":"https:\/\/naturvernforbundet.no\/moreogromsdal\/wp-json\/wp\/v2\/comments?post=1150"}],"version-history":[{"count":0,"href":"https:\/\/naturvernforbundet.no\/moreogromsdal\/wp-json\/wp\/v2\/posts\/1150\/revisions"}],"wp:attachment":[{"href":"https:\/\/naturvernforbundet.no\/moreogromsdal\/wp-json\/wp\/v2\/media?parent=1150"}],"wp:term":[{"taxonomy":"category","embeddable":true,"href":"https:\/\/naturvernforbundet.no\/moreogromsdal\/wp-json\/wp\/v2\/categories?post=1150"},{"taxonomy":"post_tag","embeddable":true,"href":"https:\/\/naturvernforbundet.no\/moreogromsdal\/wp-json\/wp\/v2\/tags?post=1150"},{"taxonomy":"local","embeddable":true,"href":"https:\/\/naturvernforbundet.no\/moreogromsdal\/wp-json\/wp\/v2\/local?post=1150"}],"curies":[{"name":"wp","href":"https:\/\/api.w.org\/{rel}","templated":true}]}}