{"id":1152,"date":"2006-09-18T13:13:00","date_gmt":"2006-09-18T11:13:00","guid":{"rendered":"https:\/\/naturvernforbundet.no\/moreogromsdal\/naturvernforbundet-oppmodar-more-og-romsdal-fylke-om-a-ta-grep-i-vindkraftdebatten\/"},"modified":"2006-09-18T13:13:00","modified_gmt":"2006-09-18T11:13:00","slug":"naturvernforbundet-oppmodar-more-og-romsdal-fylke-om-a-ta-grep-i-vindkraftdebatten","status":"publish","type":"post","link":"https:\/\/naturvernforbundet.no\/moreogromsdal\/naturvernforbundet-oppmodar-more-og-romsdal-fylke-om-a-ta-grep-i-vindkraftdebatten\/","title":{"rendered":"Naturvernforbundet oppmodar M\u00f8re og Romsdal fylke om \u00e5 ta grep i vindkraftdebatten"},"content":{"rendered":"\t<div class=\"template-post alignfull wp-block-naturvern-hero\">\n\t\t<div class=\"hero__inner\">\n\t\t\t<div class=\"hero__inner_blocks\">\n\t\t\t\t\t\t\t\t\n\t\t\t\t\t<h1 class=\"wp-block-post-title\">Naturvernforbundet oppmodar M\u00f8re og Romsdal fylke om \u00e5 ta grep i vindkraftdebatten<\/h1>\n\n\t\t\t\t\t<div class=\"wp-block-post-excerpt\"><p class=\"wp-block-post-excerpt__excerpt\">M\u00f8re og Romsdal fylke m\u00e5 sn\u00f8ggast r\u00e5d varsle oppstart i arbeidet med ein fylkesdelplan for vindkraft i fylket v\u00e5rt. Samstundes m\u00e5 fylket be NVE om \u00e5 &laquo;fryse&raquo; konsesjonsbehandlinga for vindkraftanlegga til fylkesdelplanen er p\u00e5 plass. Dette er n\u00f8dvendig for \u00e5 sikre at ei eventuell utbygging av vindkraft i M\u00f8re og Romsdal blir gjort p\u00e5 dei&hellip; <\/p><\/div>\n\n\t\t\t\t\t\n\n\t\t\t\t\t<div class=\"wp-block-naturvern-byline\">\n\t\t\t<div class=\"authors\">By <span class=\"t2-byline__author-link\">Artikkelimport\u00f8r<\/span><\/div>\n\t\t\t<small class=\"entry-date\">18.09.2006 13:13<\/small>\n\t\t<\/div>\n\t\t\t\t\t\t\t\t<\/div>\n\t\t\t\t\t<\/div>\n\t\t\t<\/div>\n\t\n<p>Dette er oppmodinga fr\u00e5 Naturvernforbundet i M\u00f8re og Romsdal til fylket. Debatten om vindkraft som energiform g\u00e5r h\u00f8gt i M\u00f8re og Romsdal for tida. Debatten gjeld b\u00e5de konsesjonss\u00f8knader og det at fleire energiselskap samtalar med grunneigarar og m\u00e5lar vind, truleg for \u00e5 planlegge meir vindkraftutbygging. Naturvernforbundet er uroa over at denne utbygginga skjer utan ein overordna plan. \n<\/p>\n\n\n\n<p>Det er samstundes kl\u00e5rt at det ikkje vil bli bygd ut ny vindkraft i Noreg f\u00f8r dei \u00f8konomiske st\u00f8tteordningane er p\u00e5 plass. Det er difor eit handlingsrom nett no for \u00e5 utarbeide ein overordna plan for vindkraft i fylket v\u00e5rt. \n<\/p>\n\n\n\n<p>Naturvernforbundet har merka seg at NVE gjennom media har signalisert at dei no skal begynne \u00e5 gi fleire vindkraftkonsesjonar. Dersom NVE gir fleire konsesjonar i v\u00e5rt fylke, vil meininga med \u00e5 lage ein overordna plan kunne forvitre, noko Naturvernforbundet trur f\u00f8rer til at un\u00f8dvendig mykje, og feil, natur blir rasert. \n<\/p>\n\n\n\n<p>Naturvernforbundet har lenge etterlyst ein betre plan for vindkraft. No hastar det, og vi ber M\u00f8re og Romsdal fylke om \u00e5 gjere f\u00f8lgjande: \n<\/p>\n\n\n\n<p>1) Varsle oppstart av fylkesdelplan om vindkraft. \n<\/p>\n\n\n\n<p>2) Gi melding til NVE og til olje- og energiministeren om at konsesjonsbehandlinga for vindkraft ikkje blir avgjort f\u00f8r fylkesdelplanen er p\u00e5 plass. \n<\/p>\n\n\n\n<p>3) Kalle inn naturvernorganisasjonane, kommunane og energiselskapa til ei dr\u00f8fting for \u00e5 bli samde om konkret framdriftsplan og opplegg for fylkesdelplanen. \n<\/p>\n\n\n\n<p><em>Kontakt fylkesleiar \u00d8ystein Folden p\u00e5 91 81 25 42 for meir informasjon.<\/em> \n<a>Ja, dette er ein viktig sak! Eg vil bli medlem i Naturvernforbundet<\/a><br><\/p>\n\n\n\n\n\n<p><a>Eg vil gjerne st\u00f8tte arbeidet Naturvernforbundet gj\u00f8r for \u00e5 ta vare p\u00e5 naturen<\/a><\/p>\n\n\n\n\n\n<p><a href=\"\/imakerdata\/f\/0\/93\/22\/5_2401_0\/NRKDT40961_9761F3A8D3D24DD6A1BDB3F04C49CBA8.WAV\">Svar fr\u00e5 fylkesordf\u00f8raren p\u00e5 NRK M\u00f8re og Romsdal<\/a><\/p>\n\n\n\n<p><a href=\"\/imakerdata\/f\/0\/93\/22\/7_2401_0\/WindOutlook_2006.pdf\">Globale utsikter for vindenergi &#8211; Global Wind Energy Outlook 2006<\/a><\/p>\n\n\n\n<p><a href=\"\/imakerdata\/f\/0\/93\/22\/6_2401_0\/Krav_om_fylkesdelplan.pdf\">Liknande brev fr\u00e5 Naturvernforbundet i Nord- og S\u00f8r-Tr\u00f8ndelag<\/a><\/p>\n\n\n\n<p><a href=\"\/imakerdata\/f\/0\/92\/60\/4_2401_0\/Oppmoding_om_Fylkesdelplan_for_vindkraft.pdf\">Les brevet fr\u00e5 Naturvernforbundet til M\u00f8re og Romsdal fylke<\/a><\/p>\n\n\n\n<p><a href=\"\/imakerdata\/f\/0\/94\/64\/2_2401_0\/SRAK_brev_til_regjeringa_sept_06.pdf\">Brev fra Vern Kysten til Statsministeren<\/a><\/p>\n\n\n\n<p><a href=\"\/imakerdata\/f\/0\/97\/09\/9_2401_0\/FE06-984.pdf\">Svarbrev fr\u00e5 M\u00f8re og Romsdal fylke<\/a><\/p>\n\n\n\n<p><a href=\"\/imakerdata\/f\/0\/98\/81\/3_2401_0\/vindkraft_MR.pdf\">Foredrag om vindkraft i M\u00f8re og Romsdal<\/a><\/p>\n\n\n\n<p><a href=\"\/imakerdata\/f\/0\/99\/97\/1_2401_0\/Vindkraft.txt\">Vedtak i S\u00f8r-Tr\u00f8ndelag<\/a><\/p>\n\n\n\n<p><a href=\"\/imakerdata\/f\/0\/99\/99\/2_2401_0\/tematiske_konfliktvurderinger_Zero.pdf\">ZERO med uttale til tematiske konfliktvurderinger<\/a><\/p>\n\n\n\n<p><a href=\"\/imakerdata\/f\/0\/99\/99\/5_2401_0\/Tematiske_konfliktvurderingar_for_vindkraft_17.4.06.pdf\">Naturvernforbundet i Sogn og Fjordane om tematiske konfliktvurderingar<\/a><\/p>\n","protected":false},"excerpt":{"rendered":"<p>M\u00f8re og Romsdal fylke m\u00e5 sn\u00f8ggast r\u00e5d varsle oppstart i arbeidet med ein fylkesdelplan for vindkraft i fylket v\u00e5rt. Samstundes m\u00e5 fylket be NVE om \u00e5 &laquo;fryse&raquo; konsesjonsbehandlinga for vindkraftanlegga til fylkesdelplanen er p\u00e5 plass. Dette er n\u00f8dvendig for \u00e5 sikre at ei eventuell utbygging av vindkraft i M\u00f8re og Romsdal blir gjort p\u00e5 dei rette stadane med s\u00e5 sm\u00e5 milj\u00f8konsekvensar som r\u00e5d.<\/p>\n","protected":false},"author":38,"featured_media":0,"comment_status":"closed","ping_status":"closed","sticky":false,"template":"","format":"standard","meta":{"_relevanssi_hide_post":"","_relevanssi_hide_content":"","_relevanssi_pin_for_all":"","_relevanssi_pin_keywords":"","_relevanssi_unpin_keywords":"","_relevanssi_related_keywords":"","_relevanssi_related_include_ids":"","_relevanssi_related_exclude_ids":"","_relevanssi_related_no_append":"","_relevanssi_related_not_related":"","_relevanssi_related_posts":"","_relevanssi_noindex_reason":"","hide_logo":false,"footnotes":""},"categories":[25],"tags":[],"local":[],"class_list":["post-1152","post","type-post","status-publish","format-standard","hentry","category-vindkraft"],"acf":[],"yoast_head":"<!-- This site is optimized with the Yoast SEO plugin v24.9 - https:\/\/yoast.com\/wordpress\/plugins\/seo\/ -->\n<title>Naturvernforbundet oppmodar M\u00f8re og Romsdal fylke om \u00e5 ta grep i vindkraftdebatten - M\u00f8re og Romsdal<\/title>\n<meta name=\"robots\" content=\"index, follow, max-snippet:-1, max-image-preview:large, max-video-preview:-1\" \/>\n<link rel=\"canonical\" href=\"https:\/\/naturvernforbundet.no\/moreogromsdal\/naturvernforbundet-oppmodar-more-og-romsdal-fylke-om-a-ta-grep-i-vindkraftdebatten\/\" \/>\n<meta property=\"og:locale\" content=\"nb_NO\" \/>\n<meta property=\"og:type\" content=\"article\" \/>\n<meta property=\"og:title\" content=\"Naturvernforbundet oppmodar M\u00f8re og Romsdal fylke om \u00e5 ta grep i vindkraftdebatten - M\u00f8re og Romsdal\" \/>\n<meta property=\"og:description\" content=\"M\u00f8re og Romsdal fylke m\u00e5 sn\u00f8ggast r\u00e5d varsle oppstart i arbeidet med ein fylkesdelplan for vindkraft i fylket v\u00e5rt. Samstundes m\u00e5 fylket be NVE om \u00e5 &quot;fryse&quot; konsesjonsbehandlinga for vindkraftanlegga til fylkesdelplanen er p\u00e5 plass. Dette er n\u00f8dvendig for \u00e5 sikre at ei eventuell utbygging av vindkraft i M\u00f8re og Romsdal blir gjort p\u00e5 dei rette stadane med s\u00e5 sm\u00e5 milj\u00f8konsekvensar som r\u00e5d.\" \/>\n<meta property=\"og:url\" content=\"https:\/\/naturvernforbundet.no\/moreogromsdal\/naturvernforbundet-oppmodar-more-og-romsdal-fylke-om-a-ta-grep-i-vindkraftdebatten\/\" \/>\n<meta property=\"og:site_name\" content=\"M\u00f8re og Romsdal\" \/>\n<meta property=\"article:published_time\" content=\"2006-09-18T11:13:00+00:00\" \/>\n<meta name=\"author\" content=\"Artikkelimport\u00f8r\" \/>\n<meta name=\"twitter:card\" content=\"summary_large_image\" \/>\n<meta name=\"twitter:label1\" content=\"Skrevet av\" \/>\n\t<meta name=\"twitter:data1\" content=\"Artikkelimport\u00f8r\" \/>\n\t<meta name=\"twitter:label2\" content=\"Ansl. lesetid\" \/>\n\t<meta name=\"twitter:data2\" content=\"2 minutter\" \/>\n<script type=\"application\/ld+json\" class=\"yoast-schema-graph\">{\"@context\":\"https:\/\/schema.org\",\"@graph\":[{\"@type\":\"WebPage\",\"@id\":\"https:\/\/naturvernforbundet.no\/moreogromsdal\/naturvernforbundet-oppmodar-more-og-romsdal-fylke-om-a-ta-grep-i-vindkraftdebatten\/\",\"url\":\"https:\/\/naturvernforbundet.no\/moreogromsdal\/naturvernforbundet-oppmodar-more-og-romsdal-fylke-om-a-ta-grep-i-vindkraftdebatten\/\",\"name\":\"Naturvernforbundet oppmodar M\u00f8re og Romsdal fylke om \u00e5 ta grep i vindkraftdebatten - M\u00f8re og Romsdal\",\"isPartOf\":{\"@id\":\"https:\/\/naturvernforbundet.no\/moreogromsdal\/#website\"},\"datePublished\":\"2006-09-18T11:13:00+00:00\",\"author\":{\"@id\":\"https:\/\/naturvernforbundet.no\/moreogromsdal\/#\/schema\/person\/c72f198205979084bf071deedb6205f4\"},\"breadcrumb\":{\"@id\":\"https:\/\/naturvernforbundet.no\/moreogromsdal\/naturvernforbundet-oppmodar-more-og-romsdal-fylke-om-a-ta-grep-i-vindkraftdebatten\/#breadcrumb\"},\"inLanguage\":\"nb-NO\",\"potentialAction\":[{\"@type\":\"ReadAction\",\"target\":[\"https:\/\/naturvernforbundet.no\/moreogromsdal\/naturvernforbundet-oppmodar-more-og-romsdal-fylke-om-a-ta-grep-i-vindkraftdebatten\/\"]}]},{\"@type\":\"BreadcrumbList\",\"@id\":\"https:\/\/naturvernforbundet.no\/moreogromsdal\/naturvernforbundet-oppmodar-more-og-romsdal-fylke-om-a-ta-grep-i-vindkraftdebatten\/#breadcrumb\",\"itemListElement\":[{\"@type\":\"ListItem\",\"position\":1,\"name\":\"Till naturvernforbundet.no\",\"item\":\"https:\/\/naturvernforbundet.no\/\"},{\"@type\":\"ListItem\",\"position\":2,\"name\":\"M\u00f8re og Romsdal\",\"item\":\"https:\/\/naturvernforbundet.no\/moreogromsdal\/\"},{\"@type\":\"ListItem\",\"position\":3,\"name\":\"Naturvernforbundet oppmodar M\u00f8re og Romsdal fylke om \u00e5 ta grep i vindkraftdebatten\"}]},{\"@type\":\"WebSite\",\"@id\":\"https:\/\/naturvernforbundet.no\/moreogromsdal\/#website\",\"url\":\"https:\/\/naturvernforbundet.no\/moreogromsdal\/\",\"name\":\"M\u00f8re og Romsdal\",\"description\":\"Bare enda et Naturvernforbundet Sites-nettsted\",\"potentialAction\":[{\"@type\":\"SearchAction\",\"target\":{\"@type\":\"EntryPoint\",\"urlTemplate\":\"https:\/\/naturvernforbundet.no\/moreogromsdal\/?s={search_term_string}\"},\"query-input\":{\"@type\":\"PropertyValueSpecification\",\"valueRequired\":true,\"valueName\":\"search_term_string\"}}],\"inLanguage\":\"nb-NO\"},{\"@type\":\"Person\",\"@id\":\"https:\/\/naturvernforbundet.no\/moreogromsdal\/#\/schema\/person\/c72f198205979084bf071deedb6205f4\",\"name\":\"Artikkelimport\u00f8r\",\"image\":{\"@type\":\"ImageObject\",\"inLanguage\":\"nb-NO\",\"@id\":\"https:\/\/naturvernforbundet.no\/moreogromsdal\/#\/schema\/person\/image\/\",\"url\":\"https:\/\/secure.gravatar.com\/avatar\/015fa491b9ed1c823ef16a5c930294d1?s=96&d=mm&r=g\",\"contentUrl\":\"https:\/\/secure.gravatar.com\/avatar\/015fa491b9ed1c823ef16a5c930294d1?s=96&d=mm&r=g\",\"caption\":\"Artikkelimport\u00f8r\"},\"url\":\"https:\/\/naturvernforbundet.no\/moreogromsdal\/author\/artikkelimportor\/\"}]}<\/script>\n<!-- \/ Yoast SEO plugin. -->","yoast_head_json":{"title":"Naturvernforbundet oppmodar M\u00f8re og Romsdal fylke om \u00e5 ta grep i vindkraftdebatten - M\u00f8re og Romsdal","robots":{"index":"index","follow":"follow","max-snippet":"max-snippet:-1","max-image-preview":"max-image-preview:large","max-video-preview":"max-video-preview:-1"},"canonical":"https:\/\/naturvernforbundet.no\/moreogromsdal\/naturvernforbundet-oppmodar-more-og-romsdal-fylke-om-a-ta-grep-i-vindkraftdebatten\/","og_locale":"nb_NO","og_type":"article","og_title":"Naturvernforbundet oppmodar M\u00f8re og Romsdal fylke om \u00e5 ta grep i vindkraftdebatten - M\u00f8re og Romsdal","og_description":"M\u00f8re og Romsdal fylke m\u00e5 sn\u00f8ggast r\u00e5d varsle oppstart i arbeidet med ein fylkesdelplan for vindkraft i fylket v\u00e5rt. Samstundes m\u00e5 fylket be NVE om \u00e5 \"fryse\" konsesjonsbehandlinga for vindkraftanlegga til fylkesdelplanen er p\u00e5 plass. Dette er n\u00f8dvendig for \u00e5 sikre at ei eventuell utbygging av vindkraft i M\u00f8re og Romsdal blir gjort p\u00e5 dei rette stadane med s\u00e5 sm\u00e5 milj\u00f8konsekvensar som r\u00e5d.","og_url":"https:\/\/naturvernforbundet.no\/moreogromsdal\/naturvernforbundet-oppmodar-more-og-romsdal-fylke-om-a-ta-grep-i-vindkraftdebatten\/","og_site_name":"M\u00f8re og Romsdal","article_published_time":"2006-09-18T11:13:00+00:00","author":"Artikkelimport\u00f8r","twitter_card":"summary_large_image","twitter_misc":{"Skrevet av":"Artikkelimport\u00f8r","Ansl. lesetid":"2 minutter"},"schema":{"@context":"https:\/\/schema.org","@graph":[{"@type":"WebPage","@id":"https:\/\/naturvernforbundet.no\/moreogromsdal\/naturvernforbundet-oppmodar-more-og-romsdal-fylke-om-a-ta-grep-i-vindkraftdebatten\/","url":"https:\/\/naturvernforbundet.no\/moreogromsdal\/naturvernforbundet-oppmodar-more-og-romsdal-fylke-om-a-ta-grep-i-vindkraftdebatten\/","name":"Naturvernforbundet oppmodar M\u00f8re og Romsdal fylke om \u00e5 ta grep i vindkraftdebatten - M\u00f8re og Romsdal","isPartOf":{"@id":"https:\/\/naturvernforbundet.no\/moreogromsdal\/#website"},"datePublished":"2006-09-18T11:13:00+00:00","author":{"@id":"https:\/\/naturvernforbundet.no\/moreogromsdal\/#\/schema\/person\/c72f198205979084bf071deedb6205f4"},"breadcrumb":{"@id":"https:\/\/naturvernforbundet.no\/moreogromsdal\/naturvernforbundet-oppmodar-more-og-romsdal-fylke-om-a-ta-grep-i-vindkraftdebatten\/#breadcrumb"},"inLanguage":"nb-NO","potentialAction":[{"@type":"ReadAction","target":["https:\/\/naturvernforbundet.no\/moreogromsdal\/naturvernforbundet-oppmodar-more-og-romsdal-fylke-om-a-ta-grep-i-vindkraftdebatten\/"]}]},{"@type":"BreadcrumbList","@id":"https:\/\/naturvernforbundet.no\/moreogromsdal\/naturvernforbundet-oppmodar-more-og-romsdal-fylke-om-a-ta-grep-i-vindkraftdebatten\/#breadcrumb","itemListElement":[{"@type":"ListItem","position":1,"name":"Till naturvernforbundet.no","item":"https:\/\/naturvernforbundet.no\/"},{"@type":"ListItem","position":2,"name":"M\u00f8re og Romsdal","item":"https:\/\/naturvernforbundet.no\/moreogromsdal\/"},{"@type":"ListItem","position":3,"name":"Naturvernforbundet oppmodar M\u00f8re og Romsdal fylke om \u00e5 ta grep i vindkraftdebatten"}]},{"@type":"WebSite","@id":"https:\/\/naturvernforbundet.no\/moreogromsdal\/#website","url":"https:\/\/naturvernforbundet.no\/moreogromsdal\/","name":"M\u00f8re og Romsdal","description":"Bare enda et Naturvernforbundet Sites-nettsted","potentialAction":[{"@type":"SearchAction","target":{"@type":"EntryPoint","urlTemplate":"https:\/\/naturvernforbundet.no\/moreogromsdal\/?s={search_term_string}"},"query-input":{"@type":"PropertyValueSpecification","valueRequired":true,"valueName":"search_term_string"}}],"inLanguage":"nb-NO"},{"@type":"Person","@id":"https:\/\/naturvernforbundet.no\/moreogromsdal\/#\/schema\/person\/c72f198205979084bf071deedb6205f4","name":"Artikkelimport\u00f8r","image":{"@type":"ImageObject","inLanguage":"nb-NO","@id":"https:\/\/naturvernforbundet.no\/moreogromsdal\/#\/schema\/person\/image\/","url":"https:\/\/secure.gravatar.com\/avatar\/015fa491b9ed1c823ef16a5c930294d1?s=96&d=mm&r=g","contentUrl":"https:\/\/secure.gravatar.com\/avatar\/015fa491b9ed1c823ef16a5c930294d1?s=96&d=mm&r=g","caption":"Artikkelimport\u00f8r"},"url":"https:\/\/naturvernforbundet.no\/moreogromsdal\/author\/artikkelimportor\/"}]}},"_links":{"self":[{"href":"https:\/\/naturvernforbundet.no\/moreogromsdal\/wp-json\/wp\/v2\/posts\/1152","targetHints":{"allow":["GET"]}}],"collection":[{"href":"https:\/\/naturvernforbundet.no\/moreogromsdal\/wp-json\/wp\/v2\/posts"}],"about":[{"href":"https:\/\/naturvernforbundet.no\/moreogromsdal\/wp-json\/wp\/v2\/types\/post"}],"author":[{"embeddable":true,"href":"https:\/\/naturvernforbundet.no\/moreogromsdal\/wp-json\/wp\/v2\/users\/38"}],"replies":[{"embeddable":true,"href":"https:\/\/naturvernforbundet.no\/moreogromsdal\/wp-json\/wp\/v2\/comments?post=1152"}],"version-history":[{"count":0,"href":"https:\/\/naturvernforbundet.no\/moreogromsdal\/wp-json\/wp\/v2\/posts\/1152\/revisions"}],"wp:attachment":[{"href":"https:\/\/naturvernforbundet.no\/moreogromsdal\/wp-json\/wp\/v2\/media?parent=1152"}],"wp:term":[{"taxonomy":"category","embeddable":true,"href":"https:\/\/naturvernforbundet.no\/moreogromsdal\/wp-json\/wp\/v2\/categories?post=1152"},{"taxonomy":"post_tag","embeddable":true,"href":"https:\/\/naturvernforbundet.no\/moreogromsdal\/wp-json\/wp\/v2\/tags?post=1152"},{"taxonomy":"local","embeddable":true,"href":"https:\/\/naturvernforbundet.no\/moreogromsdal\/wp-json\/wp\/v2\/local?post=1152"}],"curies":[{"name":"wp","href":"https:\/\/api.w.org\/{rel}","templated":true}]}}