{"id":1173,"date":"2007-04-20T15:48:41","date_gmt":"2007-04-20T13:48:41","guid":{"rendered":"https:\/\/naturvernforbundet.no\/moreogromsdal\/nve-avslar-to-smakraftverk-og-gjev-loyve-til-eit\/"},"modified":"2007-04-20T15:48:41","modified_gmt":"2007-04-20T13:48:41","slug":"nve-avslar-to-smakraftverk-og-gjev-loyve-til-eit","status":"publish","type":"post","link":"https:\/\/naturvernforbundet.no\/moreogromsdal\/nve-avslar-to-smakraftverk-og-gjev-loyve-til-eit\/","title":{"rendered":"NVE avsl\u00e5r to sm\u00e5kraftverk og gjev l\u00f8yve til eit"},"content":{"rendered":"\t<div class=\"template-post alignfull wp-block-naturvern-hero\">\n\t\t<div class=\"hero__inner\">\n\t\t\t<div class=\"hero__inner_blocks\">\n\t\t\t\t\t\t\t\t\n\t\t\t\t\t<h1 class=\"wp-block-post-title\">NVE avsl\u00e5r to sm\u00e5kraftverk og gjev l\u00f8yve til eit<\/h1>\n\n\t\t\t\t\t<div class=\"wp-block-post-excerpt\"><p class=\"wp-block-post-excerpt__excerpt\">NVE har gjort tre vedtak om mindre kraftverk i Volda kommune i M\u00f8re og Romsdal. &#8211; Vedtaka er til \u00e5 rope hurra for, seier \u00d8ystein Folden, leiar i Naturvernforbundet i M\u00f8re og Romsdal. Lokallaget Naturvernforbundet i \u00d8rsta og Volda, har arbeidd med alle tre sakene. Fylkeslaget har vore med p\u00e5 to av dei. No er&hellip; <\/p><\/div>\n\n\t\t\t\t\t\n\n\t\t\t\t\t<div class=\"wp-block-naturvern-byline\">\n\t\t\t<div class=\"authors\">By <span class=\"t2-byline__author-link\">Artikkelimport\u00f8r<\/span><\/div>\n\t\t\t<small class=\"entry-date\">20.04.2007 15:48<\/small>\n\t\t<\/div>\n\t\t\t\t\t\t\t\t<\/div>\n\t\t\t\t\t<\/div>\n\t\t\t<\/div>\n\t\n<p>Aurstadelva er eit monumentalt vassdrag som kastar seg nedetter fjellsida. Sm\u00e5kraft sitt prosjekt for utbygging av elva er av naturvernarar og andre omtala som \u201dheilt vilt\u201d. Volda kommune innstilte p\u00e5 nei til s\u00f8knaden, og vedtok ogs\u00e5 nei til revidert s\u00f8knad. NVE sa nei. &#8211; Det er ikkje usannsynleg at Sm\u00e5kraft klager, s\u00e5 vi er vel ikkje ferdig med saka, men denne vinn vi no, seier ein n\u00f8gd \u00d8ystein Folden.<br>\n<br>\nBotnaelva i Volda har Naturvernforbundet i \u00d8rsta og Volda arbeidd for \u00e5 redda. Her er det variert vassdragsnatur fr\u00e5 fjell til fjord, med gode naturkvalitetar. NVE sa nyleg nei til utbygging.<\/p>\n\n\n\n<p>&#8211; Skinvikelva, i Austefjorden i Volda, er ei symbolsak. Her kom det ein opprinneleg s\u00f8knad som Naturvernforbundet godtok utan problem, sidan det var elvestrekninga gjennom kulturmarka som skulle nyttast, fortel \u00d8ystein Folden. &#8211; S\u00e5 kom det ein revidert s\u00f8knad som ville ta inn vatnet halvveges oppi Skinvikfossen. D\u00e5 sa vi fr\u00e5 om at utbyggarar m\u00e5 ha magem\u00e5l. Det tykkjer visst NVE ogs\u00e5, s\u00e5 utbygginga kraftselskapet f\u00e5r lov til, blir vel i samsvar med den f\u00f8rste s\u00f8knaden som var grei nok.<\/p>\n\n\n\n<p>&#8211; Det er ein stor avslagsprosent, men resultatet i dette h\u00f8vet m\u00e5 sj\u00e5ast p\u00e5 bakgrunn av at mykje er bygd ut i dette omr\u00e5det fr\u00e5 f\u00f8r. Uansett syner dette oss at det nytter \u00e5 arbeide med desse sakene, konkluderer fylkeslagsleiar Folden.<\/p>\n\n\n\n<p><a href=\"\/cgi-bin\/naturvern\/imaker?id=74367\">Naturvernforbundet i M\u00f8re og Romsdal g\u00e5r ut mot Aurstad-utbygging<\/a><\/p>\n\n\n\n<p><a href=\"\/cgi-bin\/naturvern\/imaker?id=88515\">Les sak om Botnaelva her<\/a><\/p>\n\n\n\n<p><a href=\"\/cgi-bin\/naturvern\/imaker?id=93401\">Les Naturvernforbundet sitt syn p\u00e5 Skinvikelv-saka her<\/a><\/p>\n\n\n\n<p><a href=\"\/cgi-bin\/naturvern\/imaker?id=88754\">Spar Skinvikfossen!<\/a><\/p>\n\n\n\n<p><a href=\"\/moreromsdal\">Sj\u00e5 nettsida til Naturvernforbundet i M\u00f8re og Romsdal<\/a><\/p>\n\n\n\n<p><a href=\"\/cgi-bin\/naturvern\/imaker?id=3494&amp;visdybde=2&amp;aktiv=3494 \">Sj\u00e5 nettsida til Naturvernforbundet i \u00d8rsta og Volda<\/a><\/p>\n","protected":false},"excerpt":{"rendered":"<p>NVE har gjort tre vedtak om mindre kraftverk i Volda kommune i M\u00f8re og Romsdal. &#8211; Vedtaka er til \u00e5 rope hurra for, seier \u00d8ystein Folden, leiar i Naturvernforbundet i M\u00f8re og Romsdal. Lokallaget Naturvernforbundet i \u00d8rsta og Volda, har arbeidd med alle tre sakene. Fylkeslaget har vore med p\u00e5 to av dei. No er det jubel i begge laga.<\/p>\n","protected":false},"author":38,"featured_media":0,"comment_status":"closed","ping_status":"closed","sticky":false,"template":"","format":"standard","meta":{"_relevanssi_hide_post":"","_relevanssi_hide_content":"","_relevanssi_pin_for_all":"","_relevanssi_pin_keywords":"","_relevanssi_unpin_keywords":"","_relevanssi_related_keywords":"","_relevanssi_related_include_ids":"","_relevanssi_related_exclude_ids":"","_relevanssi_related_no_append":"","_relevanssi_related_not_related":"","_relevanssi_related_posts":"","_relevanssi_noindex_reason":"","hide_logo":false,"footnotes":""},"categories":[13],"tags":[],"local":[],"class_list":["post-1173","post","type-post","status-publish","format-standard","hentry","category-vasskraft"],"acf":[],"yoast_head":"<!-- This site is optimized with the Yoast SEO plugin v24.9 - https:\/\/yoast.com\/wordpress\/plugins\/seo\/ -->\n<title>NVE avsl\u00e5r to sm\u00e5kraftverk og gjev l\u00f8yve til eit - M\u00f8re og Romsdal<\/title>\n<meta name=\"robots\" content=\"index, follow, max-snippet:-1, max-image-preview:large, max-video-preview:-1\" \/>\n<link rel=\"canonical\" href=\"https:\/\/naturvernforbundet.no\/moreogromsdal\/nve-avslar-to-smakraftverk-og-gjev-loyve-til-eit\/\" \/>\n<meta property=\"og:locale\" content=\"nb_NO\" \/>\n<meta property=\"og:type\" content=\"article\" \/>\n<meta property=\"og:title\" content=\"NVE avsl\u00e5r to sm\u00e5kraftverk og gjev l\u00f8yve til eit - M\u00f8re og Romsdal\" \/>\n<meta property=\"og:description\" content=\"NVE har gjort tre vedtak om mindre kraftverk i Volda kommune i M\u00f8re og Romsdal. - Vedtaka er til \u00e5 rope hurra for, seier \u00d8ystein Folden, leiar i Naturvernforbundet i M\u00f8re og Romsdal. Lokallaget Naturvernforbundet i \u00d8rsta og Volda, har arbeidd med alle tre sakene. Fylkeslaget har vore med p\u00e5 to av dei. No er det jubel i begge laga.\" \/>\n<meta property=\"og:url\" content=\"https:\/\/naturvernforbundet.no\/moreogromsdal\/nve-avslar-to-smakraftverk-og-gjev-loyve-til-eit\/\" \/>\n<meta property=\"og:site_name\" content=\"M\u00f8re og Romsdal\" \/>\n<meta property=\"article:published_time\" content=\"2007-04-20T13:48:41+00:00\" \/>\n<meta name=\"author\" content=\"Artikkelimport\u00f8r\" \/>\n<meta name=\"twitter:card\" content=\"summary_large_image\" \/>\n<meta name=\"twitter:label1\" content=\"Skrevet av\" \/>\n\t<meta name=\"twitter:data1\" content=\"Artikkelimport\u00f8r\" \/>\n\t<meta name=\"twitter:label2\" content=\"Ansl. lesetid\" \/>\n\t<meta name=\"twitter:data2\" content=\"1 minutt\" \/>\n<script type=\"application\/ld+json\" class=\"yoast-schema-graph\">{\"@context\":\"https:\/\/schema.org\",\"@graph\":[{\"@type\":\"WebPage\",\"@id\":\"https:\/\/naturvernforbundet.no\/moreogromsdal\/nve-avslar-to-smakraftverk-og-gjev-loyve-til-eit\/\",\"url\":\"https:\/\/naturvernforbundet.no\/moreogromsdal\/nve-avslar-to-smakraftverk-og-gjev-loyve-til-eit\/\",\"name\":\"NVE avsl\u00e5r to sm\u00e5kraftverk og gjev l\u00f8yve til eit - M\u00f8re og Romsdal\",\"isPartOf\":{\"@id\":\"https:\/\/naturvernforbundet.no\/moreogromsdal\/#website\"},\"datePublished\":\"2007-04-20T13:48:41+00:00\",\"author\":{\"@id\":\"https:\/\/naturvernforbundet.no\/moreogromsdal\/#\/schema\/person\/c72f198205979084bf071deedb6205f4\"},\"breadcrumb\":{\"@id\":\"https:\/\/naturvernforbundet.no\/moreogromsdal\/nve-avslar-to-smakraftverk-og-gjev-loyve-til-eit\/#breadcrumb\"},\"inLanguage\":\"nb-NO\",\"potentialAction\":[{\"@type\":\"ReadAction\",\"target\":[\"https:\/\/naturvernforbundet.no\/moreogromsdal\/nve-avslar-to-smakraftverk-og-gjev-loyve-til-eit\/\"]}]},{\"@type\":\"BreadcrumbList\",\"@id\":\"https:\/\/naturvernforbundet.no\/moreogromsdal\/nve-avslar-to-smakraftverk-og-gjev-loyve-til-eit\/#breadcrumb\",\"itemListElement\":[{\"@type\":\"ListItem\",\"position\":1,\"name\":\"Till naturvernforbundet.no\",\"item\":\"https:\/\/naturvernforbundet.no\/\"},{\"@type\":\"ListItem\",\"position\":2,\"name\":\"M\u00f8re og Romsdal\",\"item\":\"https:\/\/naturvernforbundet.no\/moreogromsdal\/\"},{\"@type\":\"ListItem\",\"position\":3,\"name\":\"NVE avsl\u00e5r to sm\u00e5kraftverk og gjev l\u00f8yve til eit\"}]},{\"@type\":\"WebSite\",\"@id\":\"https:\/\/naturvernforbundet.no\/moreogromsdal\/#website\",\"url\":\"https:\/\/naturvernforbundet.no\/moreogromsdal\/\",\"name\":\"M\u00f8re og Romsdal\",\"description\":\"Bare enda et Naturvernforbundet Sites-nettsted\",\"potentialAction\":[{\"@type\":\"SearchAction\",\"target\":{\"@type\":\"EntryPoint\",\"urlTemplate\":\"https:\/\/naturvernforbundet.no\/moreogromsdal\/?s={search_term_string}\"},\"query-input\":{\"@type\":\"PropertyValueSpecification\",\"valueRequired\":true,\"valueName\":\"search_term_string\"}}],\"inLanguage\":\"nb-NO\"},{\"@type\":\"Person\",\"@id\":\"https:\/\/naturvernforbundet.no\/moreogromsdal\/#\/schema\/person\/c72f198205979084bf071deedb6205f4\",\"name\":\"Artikkelimport\u00f8r\",\"image\":{\"@type\":\"ImageObject\",\"inLanguage\":\"nb-NO\",\"@id\":\"https:\/\/naturvernforbundet.no\/moreogromsdal\/#\/schema\/person\/image\/\",\"url\":\"https:\/\/secure.gravatar.com\/avatar\/015fa491b9ed1c823ef16a5c930294d1?s=96&d=mm&r=g\",\"contentUrl\":\"https:\/\/secure.gravatar.com\/avatar\/015fa491b9ed1c823ef16a5c930294d1?s=96&d=mm&r=g\",\"caption\":\"Artikkelimport\u00f8r\"},\"url\":\"https:\/\/naturvernforbundet.no\/moreogromsdal\/author\/artikkelimportor\/\"}]}<\/script>\n<!-- \/ Yoast SEO plugin. -->","yoast_head_json":{"title":"NVE avsl\u00e5r to sm\u00e5kraftverk og gjev l\u00f8yve til eit - M\u00f8re og Romsdal","robots":{"index":"index","follow":"follow","max-snippet":"max-snippet:-1","max-image-preview":"max-image-preview:large","max-video-preview":"max-video-preview:-1"},"canonical":"https:\/\/naturvernforbundet.no\/moreogromsdal\/nve-avslar-to-smakraftverk-og-gjev-loyve-til-eit\/","og_locale":"nb_NO","og_type":"article","og_title":"NVE avsl\u00e5r to sm\u00e5kraftverk og gjev l\u00f8yve til eit - M\u00f8re og Romsdal","og_description":"NVE har gjort tre vedtak om mindre kraftverk i Volda kommune i M\u00f8re og Romsdal. - Vedtaka er til \u00e5 rope hurra for, seier \u00d8ystein Folden, leiar i Naturvernforbundet i M\u00f8re og Romsdal. Lokallaget Naturvernforbundet i \u00d8rsta og Volda, har arbeidd med alle tre sakene. Fylkeslaget har vore med p\u00e5 to av dei. No er det jubel i begge laga.","og_url":"https:\/\/naturvernforbundet.no\/moreogromsdal\/nve-avslar-to-smakraftverk-og-gjev-loyve-til-eit\/","og_site_name":"M\u00f8re og Romsdal","article_published_time":"2007-04-20T13:48:41+00:00","author":"Artikkelimport\u00f8r","twitter_card":"summary_large_image","twitter_misc":{"Skrevet av":"Artikkelimport\u00f8r","Ansl. lesetid":"1 minutt"},"schema":{"@context":"https:\/\/schema.org","@graph":[{"@type":"WebPage","@id":"https:\/\/naturvernforbundet.no\/moreogromsdal\/nve-avslar-to-smakraftverk-og-gjev-loyve-til-eit\/","url":"https:\/\/naturvernforbundet.no\/moreogromsdal\/nve-avslar-to-smakraftverk-og-gjev-loyve-til-eit\/","name":"NVE avsl\u00e5r to sm\u00e5kraftverk og gjev l\u00f8yve til eit - M\u00f8re og Romsdal","isPartOf":{"@id":"https:\/\/naturvernforbundet.no\/moreogromsdal\/#website"},"datePublished":"2007-04-20T13:48:41+00:00","author":{"@id":"https:\/\/naturvernforbundet.no\/moreogromsdal\/#\/schema\/person\/c72f198205979084bf071deedb6205f4"},"breadcrumb":{"@id":"https:\/\/naturvernforbundet.no\/moreogromsdal\/nve-avslar-to-smakraftverk-og-gjev-loyve-til-eit\/#breadcrumb"},"inLanguage":"nb-NO","potentialAction":[{"@type":"ReadAction","target":["https:\/\/naturvernforbundet.no\/moreogromsdal\/nve-avslar-to-smakraftverk-og-gjev-loyve-til-eit\/"]}]},{"@type":"BreadcrumbList","@id":"https:\/\/naturvernforbundet.no\/moreogromsdal\/nve-avslar-to-smakraftverk-og-gjev-loyve-til-eit\/#breadcrumb","itemListElement":[{"@type":"ListItem","position":1,"name":"Till naturvernforbundet.no","item":"https:\/\/naturvernforbundet.no\/"},{"@type":"ListItem","position":2,"name":"M\u00f8re og Romsdal","item":"https:\/\/naturvernforbundet.no\/moreogromsdal\/"},{"@type":"ListItem","position":3,"name":"NVE avsl\u00e5r to sm\u00e5kraftverk og gjev l\u00f8yve til eit"}]},{"@type":"WebSite","@id":"https:\/\/naturvernforbundet.no\/moreogromsdal\/#website","url":"https:\/\/naturvernforbundet.no\/moreogromsdal\/","name":"M\u00f8re og Romsdal","description":"Bare enda et Naturvernforbundet Sites-nettsted","potentialAction":[{"@type":"SearchAction","target":{"@type":"EntryPoint","urlTemplate":"https:\/\/naturvernforbundet.no\/moreogromsdal\/?s={search_term_string}"},"query-input":{"@type":"PropertyValueSpecification","valueRequired":true,"valueName":"search_term_string"}}],"inLanguage":"nb-NO"},{"@type":"Person","@id":"https:\/\/naturvernforbundet.no\/moreogromsdal\/#\/schema\/person\/c72f198205979084bf071deedb6205f4","name":"Artikkelimport\u00f8r","image":{"@type":"ImageObject","inLanguage":"nb-NO","@id":"https:\/\/naturvernforbundet.no\/moreogromsdal\/#\/schema\/person\/image\/","url":"https:\/\/secure.gravatar.com\/avatar\/015fa491b9ed1c823ef16a5c930294d1?s=96&d=mm&r=g","contentUrl":"https:\/\/secure.gravatar.com\/avatar\/015fa491b9ed1c823ef16a5c930294d1?s=96&d=mm&r=g","caption":"Artikkelimport\u00f8r"},"url":"https:\/\/naturvernforbundet.no\/moreogromsdal\/author\/artikkelimportor\/"}]}},"_links":{"self":[{"href":"https:\/\/naturvernforbundet.no\/moreogromsdal\/wp-json\/wp\/v2\/posts\/1173","targetHints":{"allow":["GET"]}}],"collection":[{"href":"https:\/\/naturvernforbundet.no\/moreogromsdal\/wp-json\/wp\/v2\/posts"}],"about":[{"href":"https:\/\/naturvernforbundet.no\/moreogromsdal\/wp-json\/wp\/v2\/types\/post"}],"author":[{"embeddable":true,"href":"https:\/\/naturvernforbundet.no\/moreogromsdal\/wp-json\/wp\/v2\/users\/38"}],"replies":[{"embeddable":true,"href":"https:\/\/naturvernforbundet.no\/moreogromsdal\/wp-json\/wp\/v2\/comments?post=1173"}],"version-history":[{"count":0,"href":"https:\/\/naturvernforbundet.no\/moreogromsdal\/wp-json\/wp\/v2\/posts\/1173\/revisions"}],"wp:attachment":[{"href":"https:\/\/naturvernforbundet.no\/moreogromsdal\/wp-json\/wp\/v2\/media?parent=1173"}],"wp:term":[{"taxonomy":"category","embeddable":true,"href":"https:\/\/naturvernforbundet.no\/moreogromsdal\/wp-json\/wp\/v2\/categories?post=1173"},{"taxonomy":"post_tag","embeddable":true,"href":"https:\/\/naturvernforbundet.no\/moreogromsdal\/wp-json\/wp\/v2\/tags?post=1173"},{"taxonomy":"local","embeddable":true,"href":"https:\/\/naturvernforbundet.no\/moreogromsdal\/wp-json\/wp\/v2\/local?post=1173"}],"curies":[{"name":"wp","href":"https:\/\/api.w.org\/{rel}","templated":true}]}}