{"id":1194,"date":"2006-01-31T07:17:00","date_gmt":"2006-01-31T06:17:00","guid":{"rendered":"https:\/\/naturvernforbundet.no\/moreogromsdal\/naturvernforbundet-utbygger-bor-trekke-soknad-om-utbygging-av-erga\/"},"modified":"2006-01-31T07:17:00","modified_gmt":"2006-01-31T06:17:00","slug":"naturvernforbundet-utbygger-bor-trekke-soknad-om-utbygging-av-erga","status":"publish","type":"post","link":"https:\/\/naturvernforbundet.no\/moreogromsdal\/naturvernforbundet-utbygger-bor-trekke-soknad-om-utbygging-av-erga\/","title":{"rendered":"Naturvernforbundet: Utbygger b\u00f8r trekke s\u00f8knad om utbygging av Erga!"},"content":{"rendered":"\t<div class=\"template-post alignfull wp-block-naturvern-hero\">\n\t\t<div class=\"hero__inner\">\n\t\t\t<div class=\"hero__inner_blocks\">\n\t\t\t\t\t\t\t\t\n\t\t\t\t\t<h1 class=\"wp-block-post-title\">Naturvernforbundet: Utbygger b\u00f8r trekke s\u00f8knad om utbygging av Erga!<\/h1>\n\n\t\t\t\t\t<div class=\"wp-block-post-excerpt\"><p class=\"wp-block-post-excerpt__excerpt\">Naturvernforbundet ber dei som s\u00f8kjer om \u00e5 byggje ut Erga i Sunndal om \u00e5 avslutte arbeidet og trekke s\u00f8knaden. &#8211; Dette er eit av dei viktigaste vassdraga vi har att, seier fylkesleiar \u00d8ystein Folden. N\u00e5r det gjeld s\u00f8knadene om utbygging av Lj\u00f8s\u00e5a og Usma har Naturvernforbundet ogs\u00e5 mange kritiske kommentarar. <\/p><\/div>\n\n\t\t\t\t\t\n\n\t\t\t\t\t<div class=\"wp-block-naturvern-byline\">\n\t\t\t<div class=\"authors\">By <span class=\"t2-byline__author-link\">Artikkelimport\u00f8r<\/span><\/div>\n\t\t\t<small class=\"entry-date\">31.01.2006 07:17<\/small>\n\t\t<\/div>\n\t\t\t\t\t\t\t\t<\/div>\n\t\t\t\t\t<\/div>\n\t\t\t<\/div>\n\t\n<p>Naturvernforbundet i Sunndal og Naturvernforbundet i M\u00f8re og Romsdal kjem med ein felles uttale i samband med at tre foresl\u00e5tte vassdragsutbyggingar no er p\u00e5 h\u00f8yring samtidig i Sunndal: \n<\/p>\n\n\n\n<p>1. Lj\u00f8s\u00e5a kraftverk \n<\/p>\n\n\n\n<p>2. Usma kraftverk \n<\/p>\n\n\n\n<p>3. Sm\u00e5voll kraftverk i Erga \n<\/p>\n\n\n\n<p>Naturvernforbundet er kritiske til \u00e5 byggje ut meir i \u00d8ksendalen, i denne delen av kommunen er det vel berre to elvar av nokon storleik igjen der det ikkje er s\u00f8kt om utbygging. I Jordalsgrenda er det meste bygd ut. \n<\/p>\n\n\n\n<p>Dessuten er Naturvernforbundet uroa over at store omr\u00e5de med hittil ur\u00f8rt natur vil g\u00e5 tapt som f\u00f8lge av utbyggingane. &#8211; Det er like stor mangel p\u00e5 ur\u00f8rt natur som det er mangel p\u00e5 kraft i fylket, seier \u00d8ystein Folden. \n<\/p>\n\n\n\n<p>Naturvernforbundet ber ogs\u00e5 Sunndal kommune gj\u00f8re ein gjennomgang av dei vassdraga som er att i kommunen, og viser i denne samanhengen til den &laquo;sorteringa&raquo; Rauma har gjennomf\u00f8rt det siste \u00e5ret. \n<\/p>\n\n\n\n<p>For meir informasjon: \n<\/p>\n\n\n\n<p>Kontakt \u00d8ystein Folden i Naturvernforbundet i M\u00f8re og Romsdal p\u00e5 telefon 91 81 25 42 \n<\/p>\n\n\n\n<p>Kontakt Jan Fredrik Laskerud i Naturvernforbundet i Sunndal p\u00e5 telefon 97 10 85 01. \n<\/p>\n\n\n\n<p><a href=\"\/imakerdata\/f\/0\/76\/22\/1_2401_0\/Uttale_-_Erga_-_Usma_-_Ljosaaa_i_Sunndal.pdf\">Les heile uttalen til NVE<\/a><\/p>\n\n\n\n<p><a href=\"\/imakerdata\/f\/0\/80\/16\/0_2401_0\/KNT.NVE.Saavollan_kraftverk._Uttalelse1.pdf\">H\u00f8ringsuttale fra Kristiansund og Nordm\u00f8re Turistforening<\/a><\/p>\n\n\n\n<p><a href=\"\/imakerdata\/f\/0\/80\/84\/6_2401_0\/Melding_om_Smaavoll.pdf\">Melding om vedtak i Sunndal kommune &#8211; Sm\u00e5voll kraftverk<\/a><\/p>\n\n\n\n<p><a href=\"\/imakerdata\/f\/0\/80\/84\/7_2401_0\/SMAAVOLL_KRAFTVERK_I_ERGA.pdf\">Saksframlegg Sunndal kommune &#8211; Sm\u00e5voll kraftverk<\/a><\/p>\n\n\n\n<p><a href=\"\/imakerdata\/f\/0\/80\/84\/8_2401_0\/Melding_om_Ljosaaa.pdf\">Melding om vedtak i Sunndal kommune &#8211; Lj\u00f8s\u00e5a kraftverk<\/a><\/p>\n\n\n\n<p><a href=\"\/imakerdata\/f\/0\/80\/84\/9_2401_0\/LJOSAAA_KRAFTVERK_I_OKSENDAL.pdf\">Saksframlegg Sunndal kommune &#8211; Lj\u00f8s\u00e5a<\/a><\/p>\n\n\n\n<p><a href=\"\/imakerdata\/f\/0\/80\/85\/0_2401_0\/Melding_om_Usma.pdf\">Melding om vedtak i Sunndal kommune &#8211; Usma<\/a><\/p>\n\n\n\n<p><a href=\"\/imakerdata\/f\/0\/80\/85\/1_2401_0\/USMA_KRAFTVERK_I_OKSENDAL.pdf\">Saksframlegg Sunndal kommune &#8211; Usma<\/a><\/p>\n\n\n\n<p><a href=\"\/imakerdata\/f\/0\/80\/85\/2_2401_0\/Docume~1-1.pdf\">Brev fra Norzep til Sunndal kommune om utbygging av Erga<\/a><\/p>\n\n\n\n<p><a href=\"\/imakerdata\/f\/0\/80\/85\/3_2401_0\/Docume~1-2.pdf\">Brev fra Driva elveeigarlag til Sunndal kommune om utbygging av Erga<\/a><\/p>\n\n\n\n<p><a href=\"\/imakerdata\/f\/0\/80\/85\/4_2401_0\/Docume~1.PDF\">Presisering fra Norzep<\/a><\/p>\n","protected":false},"excerpt":{"rendered":"<p>Naturvernforbundet ber dei som s\u00f8kjer om \u00e5 byggje ut Erga i Sunndal om \u00e5 avslutte arbeidet og trekke s\u00f8knaden. &#8211; Dette er eit av dei viktigaste vassdraga vi har att, seier fylkesleiar \u00d8ystein Folden. N\u00e5r det gjeld s\u00f8knadene om utbygging av Lj\u00f8s\u00e5a og Usma har Naturvernforbundet ogs\u00e5 mange kritiske kommentarar.<\/p>\n","protected":false},"author":38,"featured_media":0,"comment_status":"closed","ping_status":"closed","sticky":false,"template":"","format":"standard","meta":{"_relevanssi_hide_post":"","_relevanssi_hide_content":"","_relevanssi_pin_for_all":"","_relevanssi_pin_keywords":"","_relevanssi_unpin_keywords":"","_relevanssi_related_keywords":"","_relevanssi_related_include_ids":"","_relevanssi_related_exclude_ids":"","_relevanssi_related_no_append":"","_relevanssi_related_not_related":"","_relevanssi_related_posts":"","_relevanssi_noindex_reason":"","hide_logo":false,"footnotes":""},"categories":[13],"tags":[],"local":[],"class_list":["post-1194","post","type-post","status-publish","format-standard","hentry","category-vasskraft"],"acf":[],"yoast_head":"<!-- This site is optimized with the Yoast SEO plugin v24.9 - https:\/\/yoast.com\/wordpress\/plugins\/seo\/ -->\n<title>Naturvernforbundet: Utbygger b\u00f8r trekke s\u00f8knad om utbygging av Erga! - M\u00f8re og Romsdal<\/title>\n<meta name=\"robots\" content=\"index, follow, max-snippet:-1, max-image-preview:large, max-video-preview:-1\" \/>\n<link rel=\"canonical\" href=\"https:\/\/naturvernforbundet.no\/moreogromsdal\/naturvernforbundet-utbygger-bor-trekke-soknad-om-utbygging-av-erga\/\" \/>\n<meta property=\"og:locale\" content=\"nb_NO\" \/>\n<meta property=\"og:type\" content=\"article\" \/>\n<meta property=\"og:title\" content=\"Naturvernforbundet: Utbygger b\u00f8r trekke s\u00f8knad om utbygging av Erga! - M\u00f8re og Romsdal\" \/>\n<meta property=\"og:description\" content=\"Naturvernforbundet ber dei som s\u00f8kjer om \u00e5 byggje ut Erga i Sunndal om \u00e5 avslutte arbeidet og trekke s\u00f8knaden. - Dette er eit av dei viktigaste vassdraga vi har att, seier fylkesleiar \u00d8ystein Folden. N\u00e5r det gjeld s\u00f8knadene om utbygging av Lj\u00f8s\u00e5a og Usma har Naturvernforbundet ogs\u00e5 mange kritiske kommentarar.\" \/>\n<meta property=\"og:url\" content=\"https:\/\/naturvernforbundet.no\/moreogromsdal\/naturvernforbundet-utbygger-bor-trekke-soknad-om-utbygging-av-erga\/\" \/>\n<meta property=\"og:site_name\" content=\"M\u00f8re og Romsdal\" \/>\n<meta property=\"article:published_time\" content=\"2006-01-31T06:17:00+00:00\" \/>\n<meta name=\"author\" content=\"Artikkelimport\u00f8r\" \/>\n<meta name=\"twitter:card\" content=\"summary_large_image\" \/>\n<meta name=\"twitter:label1\" content=\"Skrevet av\" \/>\n\t<meta name=\"twitter:data1\" content=\"Artikkelimport\u00f8r\" \/>\n\t<meta name=\"twitter:label2\" content=\"Ansl. lesetid\" \/>\n\t<meta name=\"twitter:data2\" content=\"1 minutt\" \/>\n<script type=\"application\/ld+json\" class=\"yoast-schema-graph\">{\"@context\":\"https:\/\/schema.org\",\"@graph\":[{\"@type\":\"WebPage\",\"@id\":\"https:\/\/naturvernforbundet.no\/moreogromsdal\/naturvernforbundet-utbygger-bor-trekke-soknad-om-utbygging-av-erga\/\",\"url\":\"https:\/\/naturvernforbundet.no\/moreogromsdal\/naturvernforbundet-utbygger-bor-trekke-soknad-om-utbygging-av-erga\/\",\"name\":\"Naturvernforbundet: Utbygger b\u00f8r trekke s\u00f8knad om utbygging av Erga! - M\u00f8re og Romsdal\",\"isPartOf\":{\"@id\":\"https:\/\/naturvernforbundet.no\/moreogromsdal\/#website\"},\"datePublished\":\"2006-01-31T06:17:00+00:00\",\"author\":{\"@id\":\"https:\/\/naturvernforbundet.no\/moreogromsdal\/#\/schema\/person\/c72f198205979084bf071deedb6205f4\"},\"breadcrumb\":{\"@id\":\"https:\/\/naturvernforbundet.no\/moreogromsdal\/naturvernforbundet-utbygger-bor-trekke-soknad-om-utbygging-av-erga\/#breadcrumb\"},\"inLanguage\":\"nb-NO\",\"potentialAction\":[{\"@type\":\"ReadAction\",\"target\":[\"https:\/\/naturvernforbundet.no\/moreogromsdal\/naturvernforbundet-utbygger-bor-trekke-soknad-om-utbygging-av-erga\/\"]}]},{\"@type\":\"BreadcrumbList\",\"@id\":\"https:\/\/naturvernforbundet.no\/moreogromsdal\/naturvernforbundet-utbygger-bor-trekke-soknad-om-utbygging-av-erga\/#breadcrumb\",\"itemListElement\":[{\"@type\":\"ListItem\",\"position\":1,\"name\":\"Till naturvernforbundet.no\",\"item\":\"https:\/\/naturvernforbundet.no\/\"},{\"@type\":\"ListItem\",\"position\":2,\"name\":\"M\u00f8re og Romsdal\",\"item\":\"https:\/\/naturvernforbundet.no\/moreogromsdal\/\"},{\"@type\":\"ListItem\",\"position\":3,\"name\":\"Naturvernforbundet: Utbygger b\u00f8r trekke s\u00f8knad om utbygging av Erga!\"}]},{\"@type\":\"WebSite\",\"@id\":\"https:\/\/naturvernforbundet.no\/moreogromsdal\/#website\",\"url\":\"https:\/\/naturvernforbundet.no\/moreogromsdal\/\",\"name\":\"M\u00f8re og Romsdal\",\"description\":\"Bare enda et Naturvernforbundet Sites-nettsted\",\"potentialAction\":[{\"@type\":\"SearchAction\",\"target\":{\"@type\":\"EntryPoint\",\"urlTemplate\":\"https:\/\/naturvernforbundet.no\/moreogromsdal\/?s={search_term_string}\"},\"query-input\":{\"@type\":\"PropertyValueSpecification\",\"valueRequired\":true,\"valueName\":\"search_term_string\"}}],\"inLanguage\":\"nb-NO\"},{\"@type\":\"Person\",\"@id\":\"https:\/\/naturvernforbundet.no\/moreogromsdal\/#\/schema\/person\/c72f198205979084bf071deedb6205f4\",\"name\":\"Artikkelimport\u00f8r\",\"image\":{\"@type\":\"ImageObject\",\"inLanguage\":\"nb-NO\",\"@id\":\"https:\/\/naturvernforbundet.no\/moreogromsdal\/#\/schema\/person\/image\/\",\"url\":\"https:\/\/secure.gravatar.com\/avatar\/015fa491b9ed1c823ef16a5c930294d1?s=96&d=mm&r=g\",\"contentUrl\":\"https:\/\/secure.gravatar.com\/avatar\/015fa491b9ed1c823ef16a5c930294d1?s=96&d=mm&r=g\",\"caption\":\"Artikkelimport\u00f8r\"},\"url\":\"https:\/\/naturvernforbundet.no\/moreogromsdal\/author\/artikkelimportor\/\"}]}<\/script>\n<!-- \/ Yoast SEO plugin. -->","yoast_head_json":{"title":"Naturvernforbundet: Utbygger b\u00f8r trekke s\u00f8knad om utbygging av Erga! - M\u00f8re og Romsdal","robots":{"index":"index","follow":"follow","max-snippet":"max-snippet:-1","max-image-preview":"max-image-preview:large","max-video-preview":"max-video-preview:-1"},"canonical":"https:\/\/naturvernforbundet.no\/moreogromsdal\/naturvernforbundet-utbygger-bor-trekke-soknad-om-utbygging-av-erga\/","og_locale":"nb_NO","og_type":"article","og_title":"Naturvernforbundet: Utbygger b\u00f8r trekke s\u00f8knad om utbygging av Erga! - M\u00f8re og Romsdal","og_description":"Naturvernforbundet ber dei som s\u00f8kjer om \u00e5 byggje ut Erga i Sunndal om \u00e5 avslutte arbeidet og trekke s\u00f8knaden. - Dette er eit av dei viktigaste vassdraga vi har att, seier fylkesleiar \u00d8ystein Folden. N\u00e5r det gjeld s\u00f8knadene om utbygging av Lj\u00f8s\u00e5a og Usma har Naturvernforbundet ogs\u00e5 mange kritiske kommentarar.","og_url":"https:\/\/naturvernforbundet.no\/moreogromsdal\/naturvernforbundet-utbygger-bor-trekke-soknad-om-utbygging-av-erga\/","og_site_name":"M\u00f8re og Romsdal","article_published_time":"2006-01-31T06:17:00+00:00","author":"Artikkelimport\u00f8r","twitter_card":"summary_large_image","twitter_misc":{"Skrevet av":"Artikkelimport\u00f8r","Ansl. lesetid":"1 minutt"},"schema":{"@context":"https:\/\/schema.org","@graph":[{"@type":"WebPage","@id":"https:\/\/naturvernforbundet.no\/moreogromsdal\/naturvernforbundet-utbygger-bor-trekke-soknad-om-utbygging-av-erga\/","url":"https:\/\/naturvernforbundet.no\/moreogromsdal\/naturvernforbundet-utbygger-bor-trekke-soknad-om-utbygging-av-erga\/","name":"Naturvernforbundet: Utbygger b\u00f8r trekke s\u00f8knad om utbygging av Erga! - M\u00f8re og Romsdal","isPartOf":{"@id":"https:\/\/naturvernforbundet.no\/moreogromsdal\/#website"},"datePublished":"2006-01-31T06:17:00+00:00","author":{"@id":"https:\/\/naturvernforbundet.no\/moreogromsdal\/#\/schema\/person\/c72f198205979084bf071deedb6205f4"},"breadcrumb":{"@id":"https:\/\/naturvernforbundet.no\/moreogromsdal\/naturvernforbundet-utbygger-bor-trekke-soknad-om-utbygging-av-erga\/#breadcrumb"},"inLanguage":"nb-NO","potentialAction":[{"@type":"ReadAction","target":["https:\/\/naturvernforbundet.no\/moreogromsdal\/naturvernforbundet-utbygger-bor-trekke-soknad-om-utbygging-av-erga\/"]}]},{"@type":"BreadcrumbList","@id":"https:\/\/naturvernforbundet.no\/moreogromsdal\/naturvernforbundet-utbygger-bor-trekke-soknad-om-utbygging-av-erga\/#breadcrumb","itemListElement":[{"@type":"ListItem","position":1,"name":"Till naturvernforbundet.no","item":"https:\/\/naturvernforbundet.no\/"},{"@type":"ListItem","position":2,"name":"M\u00f8re og Romsdal","item":"https:\/\/naturvernforbundet.no\/moreogromsdal\/"},{"@type":"ListItem","position":3,"name":"Naturvernforbundet: Utbygger b\u00f8r trekke s\u00f8knad om utbygging av Erga!"}]},{"@type":"WebSite","@id":"https:\/\/naturvernforbundet.no\/moreogromsdal\/#website","url":"https:\/\/naturvernforbundet.no\/moreogromsdal\/","name":"M\u00f8re og Romsdal","description":"Bare enda et Naturvernforbundet Sites-nettsted","potentialAction":[{"@type":"SearchAction","target":{"@type":"EntryPoint","urlTemplate":"https:\/\/naturvernforbundet.no\/moreogromsdal\/?s={search_term_string}"},"query-input":{"@type":"PropertyValueSpecification","valueRequired":true,"valueName":"search_term_string"}}],"inLanguage":"nb-NO"},{"@type":"Person","@id":"https:\/\/naturvernforbundet.no\/moreogromsdal\/#\/schema\/person\/c72f198205979084bf071deedb6205f4","name":"Artikkelimport\u00f8r","image":{"@type":"ImageObject","inLanguage":"nb-NO","@id":"https:\/\/naturvernforbundet.no\/moreogromsdal\/#\/schema\/person\/image\/","url":"https:\/\/secure.gravatar.com\/avatar\/015fa491b9ed1c823ef16a5c930294d1?s=96&d=mm&r=g","contentUrl":"https:\/\/secure.gravatar.com\/avatar\/015fa491b9ed1c823ef16a5c930294d1?s=96&d=mm&r=g","caption":"Artikkelimport\u00f8r"},"url":"https:\/\/naturvernforbundet.no\/moreogromsdal\/author\/artikkelimportor\/"}]}},"_links":{"self":[{"href":"https:\/\/naturvernforbundet.no\/moreogromsdal\/wp-json\/wp\/v2\/posts\/1194","targetHints":{"allow":["GET"]}}],"collection":[{"href":"https:\/\/naturvernforbundet.no\/moreogromsdal\/wp-json\/wp\/v2\/posts"}],"about":[{"href":"https:\/\/naturvernforbundet.no\/moreogromsdal\/wp-json\/wp\/v2\/types\/post"}],"author":[{"embeddable":true,"href":"https:\/\/naturvernforbundet.no\/moreogromsdal\/wp-json\/wp\/v2\/users\/38"}],"replies":[{"embeddable":true,"href":"https:\/\/naturvernforbundet.no\/moreogromsdal\/wp-json\/wp\/v2\/comments?post=1194"}],"version-history":[{"count":0,"href":"https:\/\/naturvernforbundet.no\/moreogromsdal\/wp-json\/wp\/v2\/posts\/1194\/revisions"}],"wp:attachment":[{"href":"https:\/\/naturvernforbundet.no\/moreogromsdal\/wp-json\/wp\/v2\/media?parent=1194"}],"wp:term":[{"taxonomy":"category","embeddable":true,"href":"https:\/\/naturvernforbundet.no\/moreogromsdal\/wp-json\/wp\/v2\/categories?post=1194"},{"taxonomy":"post_tag","embeddable":true,"href":"https:\/\/naturvernforbundet.no\/moreogromsdal\/wp-json\/wp\/v2\/tags?post=1194"},{"taxonomy":"local","embeddable":true,"href":"https:\/\/naturvernforbundet.no\/moreogromsdal\/wp-json\/wp\/v2\/local?post=1194"}],"curies":[{"name":"wp","href":"https:\/\/api.w.org\/{rel}","templated":true}]}}