{"id":1238,"date":"2006-01-03T10:44:00","date_gmt":"2006-01-03T09:44:00","guid":{"rendered":"https:\/\/naturvernforbundet.no\/moreogromsdal\/naturvernforbundet-klager-pa-motorferdselloyve-til-eikesdal-alpin\/"},"modified":"2006-01-03T10:44:00","modified_gmt":"2006-01-03T09:44:00","slug":"naturvernforbundet-klager-pa-motorferdselloyve-til-eikesdal-alpin","status":"publish","type":"post","link":"https:\/\/naturvernforbundet.no\/moreogromsdal\/naturvernforbundet-klager-pa-motorferdselloyve-til-eikesdal-alpin\/","title":{"rendered":"Naturvernforbundet klager p\u00e5 motorferdsell\u00f8yve til Eikesdal Alpin"},"content":{"rendered":"\t<div class=\"template-post alignfull wp-block-naturvern-hero\">\n\t\t<div class=\"hero__inner\">\n\t\t\t<div class=\"hero__inner_blocks\">\n\t\t\t\t\t\t\t\t\n\t\t\t\t\t<h1 class=\"wp-block-post-title\">Naturvernforbundet klager p\u00e5 motorferdsell\u00f8yve til Eikesdal Alpin<\/h1>\n\n\t\t\t\t\t<div class=\"wp-block-post-excerpt\"><p class=\"wp-block-post-excerpt__excerpt\">Nesset kommune har gitt Eikesdal alpin l\u00f8yve til k\u00f8yring med sn\u00f8skuter, bandvagn, trakkemaskin og helikopter. Naturvernforbundet klagar p\u00e5 vedtaket og ber kommunen om \u00e5 gj\u00f8re om alle delar av vedtaket. &#8211; Det er eit merkeleg vedtak Nesset kommune har fatta, seier leiar i Naturvernforbundet i M\u00f8re og Romsdal, \u00d8ystein Folden. <\/p><\/div>\n\n\t\t\t\t\t\n\n\t\t\t\t\t<div class=\"wp-block-naturvern-byline\">\n\t\t\t<div class=\"authors\">By <span class=\"t2-byline__author-link\">Artikkelimport\u00f8r<\/span><\/div>\n\t\t\t<small class=\"entry-date\">03.01.2006 10:44<\/small>\n\t\t<\/div>\n\t\t\t\t\t\t\t\t<\/div>\n\t\t\t\t\t<\/div>\n\t\t\t<\/div>\n\t\n<p>L\u00f8yvet gjeld k\u00f8yring heilt opp til landskapsvernomr\u00e5det. \n<\/p>\n\n\n\n<p>Landskapsvernomr\u00e5det har mykje av si grunngjeving i at omr\u00e5det er viktig for ein del av Nord-Europas attlevande villreinstamme. Det har gjennom \u00e5r vore arbeidd for at reinen skulle komme tilbake til dette omr\u00e5det, og det er oppn\u00e5dd dei seinare \u00e5ra. Seinvinteren er ei tid d\u00e5 villreinen kan ha noko marginale tilh\u00f8ve, b\u00e5de med omsyn til at det kan vere vanskeleg \u00e5 finne mat og at det n\u00e6rmar seg kalving. Villreinen er var og blir fort p\u00e5verka av trafikk, anten det er med eller utan motor. N\u00e5r kommunen set som vilk\u00e5r at trafikken skal stoppast viss det er villrein i omr\u00e5det, er dette eit vilk\u00e5r som biologisk sett er vanskeleg. Det skal vel godt gjerast \u00e5 sjekke omr\u00e5de med omsyn til at det er rein eller ikkje der utan \u00e5 opps\u00f8ke omr\u00e5det. N\u00e5r bes\u00f8ket er gjort, kan dette vere nok til at det ikkje er rein der. N\u00e5r det f\u00f8rst er \n<\/p>\n\n\n\n<p>litt trafikk, vil ikkje reinen trekke til omr\u00e5det. Sj\u00f8lv om vilk\u00e5ret sikkert er godt meint, gjev ikkje vilk\u00e5ret noko vern for reinen i praksis. Norsk natur skal forvaltast etter f\u00f8re var-prinsippet. Dispensasjon for motorferdsel i dette omr\u00e5det p\u00e5 denne \u00e5rstida vil vere alvorleg i alle fall. Her er det tale om fritidsrelatert bruk, og dispensasjon skal ikkje kome p\u00e5 tale. \n<\/p>\n\n\n\n<p>Det er etter Naturvernforbundet si meining s\u00e6rlege grunner for at det ikkje skal gjevast dispensasjon for motorferdsel til oms\u00f8kte f\u00f8rem\u00e5l i dette omr\u00e5det. \n<\/p>\n\n\n\n<p>\u00d8ystein Folden kan kontaktast p\u00e5 telefon 91 81 25 42.<\/p>\n\n\n\n<p><a href=\"\/imakerdata\/f\/0\/74\/81\/7_2401_0\/klage_-_loyve_til_motorferdsel_i_Eikesdalen_2006.pdf\">Les klagen fr\u00e5 Naturvernforbundet<\/a><\/p>\n\n\n\n<p><a href=\"\/imakerdata\/f\/1\/34\/82\/3_2401_0\/Jonnstadnotat220308.doc\">Naturverdiar i og ved Eikesdalen Landskapsvernomr\u00e5de<\/a><\/p>\n","protected":false},"excerpt":{"rendered":"<p>Nesset kommune har gitt Eikesdal alpin l\u00f8yve til k\u00f8yring med sn\u00f8skuter, bandvagn, trakkemaskin og helikopter. Naturvernforbundet klagar p\u00e5 vedtaket og ber kommunen om \u00e5 gj\u00f8re om alle delar av vedtaket. &#8211; Det er eit merkeleg vedtak Nesset kommune har fatta, seier leiar i Naturvernforbundet i M\u00f8re og Romsdal, \u00d8ystein Folden.<\/p>\n","protected":false},"author":38,"featured_media":0,"comment_status":"closed","ping_status":"closed","sticky":false,"template":"","format":"standard","meta":{"_relevanssi_hide_post":"","_relevanssi_hide_content":"","_relevanssi_pin_for_all":"","_relevanssi_pin_keywords":"","_relevanssi_unpin_keywords":"","_relevanssi_related_keywords":"","_relevanssi_related_include_ids":"","_relevanssi_related_exclude_ids":"","_relevanssi_related_no_append":"","_relevanssi_related_not_related":"","_relevanssi_related_posts":"","_relevanssi_noindex_reason":"","hide_logo":false,"footnotes":""},"categories":[16],"tags":[],"local":[],"class_list":["post-1238","post","type-post","status-publish","format-standard","hentry","category-naturmangfold"],"acf":[],"yoast_head":"<!-- This site is optimized with the Yoast SEO plugin v24.9 - https:\/\/yoast.com\/wordpress\/plugins\/seo\/ -->\n<title>Naturvernforbundet klager p\u00e5 motorferdsell\u00f8yve til Eikesdal Alpin - M\u00f8re og Romsdal<\/title>\n<meta name=\"robots\" content=\"index, follow, max-snippet:-1, max-image-preview:large, max-video-preview:-1\" \/>\n<link rel=\"canonical\" href=\"https:\/\/naturvernforbundet.no\/moreogromsdal\/naturvernforbundet-klager-pa-motorferdselloyve-til-eikesdal-alpin\/\" \/>\n<meta property=\"og:locale\" content=\"nb_NO\" \/>\n<meta property=\"og:type\" content=\"article\" \/>\n<meta property=\"og:title\" content=\"Naturvernforbundet klager p\u00e5 motorferdsell\u00f8yve til Eikesdal Alpin - M\u00f8re og Romsdal\" \/>\n<meta property=\"og:description\" content=\"Nesset kommune har gitt Eikesdal alpin l\u00f8yve til k\u00f8yring med sn\u00f8skuter, bandvagn, trakkemaskin og helikopter. Naturvernforbundet klagar p\u00e5 vedtaket og ber kommunen om \u00e5 gj\u00f8re om alle delar av vedtaket. - Det er eit merkeleg vedtak Nesset kommune har fatta, seier leiar i Naturvernforbundet i M\u00f8re og Romsdal, \u00d8ystein Folden.\" \/>\n<meta property=\"og:url\" content=\"https:\/\/naturvernforbundet.no\/moreogromsdal\/naturvernforbundet-klager-pa-motorferdselloyve-til-eikesdal-alpin\/\" \/>\n<meta property=\"og:site_name\" content=\"M\u00f8re og Romsdal\" \/>\n<meta property=\"article:published_time\" content=\"2006-01-03T09:44:00+00:00\" \/>\n<meta name=\"author\" content=\"Artikkelimport\u00f8r\" \/>\n<meta name=\"twitter:card\" content=\"summary_large_image\" \/>\n<meta name=\"twitter:label1\" content=\"Skrevet av\" \/>\n\t<meta name=\"twitter:data1\" content=\"Artikkelimport\u00f8r\" \/>\n\t<meta name=\"twitter:label2\" content=\"Ansl. lesetid\" \/>\n\t<meta name=\"twitter:data2\" content=\"1 minutt\" \/>\n<script type=\"application\/ld+json\" class=\"yoast-schema-graph\">{\"@context\":\"https:\/\/schema.org\",\"@graph\":[{\"@type\":\"WebPage\",\"@id\":\"https:\/\/naturvernforbundet.no\/moreogromsdal\/naturvernforbundet-klager-pa-motorferdselloyve-til-eikesdal-alpin\/\",\"url\":\"https:\/\/naturvernforbundet.no\/moreogromsdal\/naturvernforbundet-klager-pa-motorferdselloyve-til-eikesdal-alpin\/\",\"name\":\"Naturvernforbundet klager p\u00e5 motorferdsell\u00f8yve til Eikesdal Alpin - M\u00f8re og Romsdal\",\"isPartOf\":{\"@id\":\"https:\/\/naturvernforbundet.no\/moreogromsdal\/#website\"},\"datePublished\":\"2006-01-03T09:44:00+00:00\",\"author\":{\"@id\":\"https:\/\/naturvernforbundet.no\/moreogromsdal\/#\/schema\/person\/c72f198205979084bf071deedb6205f4\"},\"breadcrumb\":{\"@id\":\"https:\/\/naturvernforbundet.no\/moreogromsdal\/naturvernforbundet-klager-pa-motorferdselloyve-til-eikesdal-alpin\/#breadcrumb\"},\"inLanguage\":\"nb-NO\",\"potentialAction\":[{\"@type\":\"ReadAction\",\"target\":[\"https:\/\/naturvernforbundet.no\/moreogromsdal\/naturvernforbundet-klager-pa-motorferdselloyve-til-eikesdal-alpin\/\"]}]},{\"@type\":\"BreadcrumbList\",\"@id\":\"https:\/\/naturvernforbundet.no\/moreogromsdal\/naturvernforbundet-klager-pa-motorferdselloyve-til-eikesdal-alpin\/#breadcrumb\",\"itemListElement\":[{\"@type\":\"ListItem\",\"position\":1,\"name\":\"Till naturvernforbundet.no\",\"item\":\"https:\/\/naturvernforbundet.no\/\"},{\"@type\":\"ListItem\",\"position\":2,\"name\":\"M\u00f8re og Romsdal\",\"item\":\"https:\/\/naturvernforbundet.no\/moreogromsdal\/\"},{\"@type\":\"ListItem\",\"position\":3,\"name\":\"Naturvernforbundet klager p\u00e5 motorferdsell\u00f8yve til Eikesdal Alpin\"}]},{\"@type\":\"WebSite\",\"@id\":\"https:\/\/naturvernforbundet.no\/moreogromsdal\/#website\",\"url\":\"https:\/\/naturvernforbundet.no\/moreogromsdal\/\",\"name\":\"M\u00f8re og Romsdal\",\"description\":\"Bare enda et Naturvernforbundet Sites-nettsted\",\"potentialAction\":[{\"@type\":\"SearchAction\",\"target\":{\"@type\":\"EntryPoint\",\"urlTemplate\":\"https:\/\/naturvernforbundet.no\/moreogromsdal\/?s={search_term_string}\"},\"query-input\":{\"@type\":\"PropertyValueSpecification\",\"valueRequired\":true,\"valueName\":\"search_term_string\"}}],\"inLanguage\":\"nb-NO\"},{\"@type\":\"Person\",\"@id\":\"https:\/\/naturvernforbundet.no\/moreogromsdal\/#\/schema\/person\/c72f198205979084bf071deedb6205f4\",\"name\":\"Artikkelimport\u00f8r\",\"image\":{\"@type\":\"ImageObject\",\"inLanguage\":\"nb-NO\",\"@id\":\"https:\/\/naturvernforbundet.no\/moreogromsdal\/#\/schema\/person\/image\/\",\"url\":\"https:\/\/secure.gravatar.com\/avatar\/015fa491b9ed1c823ef16a5c930294d1?s=96&d=mm&r=g\",\"contentUrl\":\"https:\/\/secure.gravatar.com\/avatar\/015fa491b9ed1c823ef16a5c930294d1?s=96&d=mm&r=g\",\"caption\":\"Artikkelimport\u00f8r\"},\"url\":\"https:\/\/naturvernforbundet.no\/moreogromsdal\/author\/artikkelimportor\/\"}]}<\/script>\n<!-- \/ Yoast SEO plugin. -->","yoast_head_json":{"title":"Naturvernforbundet klager p\u00e5 motorferdsell\u00f8yve til Eikesdal Alpin - M\u00f8re og Romsdal","robots":{"index":"index","follow":"follow","max-snippet":"max-snippet:-1","max-image-preview":"max-image-preview:large","max-video-preview":"max-video-preview:-1"},"canonical":"https:\/\/naturvernforbundet.no\/moreogromsdal\/naturvernforbundet-klager-pa-motorferdselloyve-til-eikesdal-alpin\/","og_locale":"nb_NO","og_type":"article","og_title":"Naturvernforbundet klager p\u00e5 motorferdsell\u00f8yve til Eikesdal Alpin - M\u00f8re og Romsdal","og_description":"Nesset kommune har gitt Eikesdal alpin l\u00f8yve til k\u00f8yring med sn\u00f8skuter, bandvagn, trakkemaskin og helikopter. Naturvernforbundet klagar p\u00e5 vedtaket og ber kommunen om \u00e5 gj\u00f8re om alle delar av vedtaket. - Det er eit merkeleg vedtak Nesset kommune har fatta, seier leiar i Naturvernforbundet i M\u00f8re og Romsdal, \u00d8ystein Folden.","og_url":"https:\/\/naturvernforbundet.no\/moreogromsdal\/naturvernforbundet-klager-pa-motorferdselloyve-til-eikesdal-alpin\/","og_site_name":"M\u00f8re og Romsdal","article_published_time":"2006-01-03T09:44:00+00:00","author":"Artikkelimport\u00f8r","twitter_card":"summary_large_image","twitter_misc":{"Skrevet av":"Artikkelimport\u00f8r","Ansl. lesetid":"1 minutt"},"schema":{"@context":"https:\/\/schema.org","@graph":[{"@type":"WebPage","@id":"https:\/\/naturvernforbundet.no\/moreogromsdal\/naturvernforbundet-klager-pa-motorferdselloyve-til-eikesdal-alpin\/","url":"https:\/\/naturvernforbundet.no\/moreogromsdal\/naturvernforbundet-klager-pa-motorferdselloyve-til-eikesdal-alpin\/","name":"Naturvernforbundet klager p\u00e5 motorferdsell\u00f8yve til Eikesdal Alpin - M\u00f8re og Romsdal","isPartOf":{"@id":"https:\/\/naturvernforbundet.no\/moreogromsdal\/#website"},"datePublished":"2006-01-03T09:44:00+00:00","author":{"@id":"https:\/\/naturvernforbundet.no\/moreogromsdal\/#\/schema\/person\/c72f198205979084bf071deedb6205f4"},"breadcrumb":{"@id":"https:\/\/naturvernforbundet.no\/moreogromsdal\/naturvernforbundet-klager-pa-motorferdselloyve-til-eikesdal-alpin\/#breadcrumb"},"inLanguage":"nb-NO","potentialAction":[{"@type":"ReadAction","target":["https:\/\/naturvernforbundet.no\/moreogromsdal\/naturvernforbundet-klager-pa-motorferdselloyve-til-eikesdal-alpin\/"]}]},{"@type":"BreadcrumbList","@id":"https:\/\/naturvernforbundet.no\/moreogromsdal\/naturvernforbundet-klager-pa-motorferdselloyve-til-eikesdal-alpin\/#breadcrumb","itemListElement":[{"@type":"ListItem","position":1,"name":"Till naturvernforbundet.no","item":"https:\/\/naturvernforbundet.no\/"},{"@type":"ListItem","position":2,"name":"M\u00f8re og Romsdal","item":"https:\/\/naturvernforbundet.no\/moreogromsdal\/"},{"@type":"ListItem","position":3,"name":"Naturvernforbundet klager p\u00e5 motorferdsell\u00f8yve til Eikesdal Alpin"}]},{"@type":"WebSite","@id":"https:\/\/naturvernforbundet.no\/moreogromsdal\/#website","url":"https:\/\/naturvernforbundet.no\/moreogromsdal\/","name":"M\u00f8re og Romsdal","description":"Bare enda et Naturvernforbundet Sites-nettsted","potentialAction":[{"@type":"SearchAction","target":{"@type":"EntryPoint","urlTemplate":"https:\/\/naturvernforbundet.no\/moreogromsdal\/?s={search_term_string}"},"query-input":{"@type":"PropertyValueSpecification","valueRequired":true,"valueName":"search_term_string"}}],"inLanguage":"nb-NO"},{"@type":"Person","@id":"https:\/\/naturvernforbundet.no\/moreogromsdal\/#\/schema\/person\/c72f198205979084bf071deedb6205f4","name":"Artikkelimport\u00f8r","image":{"@type":"ImageObject","inLanguage":"nb-NO","@id":"https:\/\/naturvernforbundet.no\/moreogromsdal\/#\/schema\/person\/image\/","url":"https:\/\/secure.gravatar.com\/avatar\/015fa491b9ed1c823ef16a5c930294d1?s=96&d=mm&r=g","contentUrl":"https:\/\/secure.gravatar.com\/avatar\/015fa491b9ed1c823ef16a5c930294d1?s=96&d=mm&r=g","caption":"Artikkelimport\u00f8r"},"url":"https:\/\/naturvernforbundet.no\/moreogromsdal\/author\/artikkelimportor\/"}]}},"_links":{"self":[{"href":"https:\/\/naturvernforbundet.no\/moreogromsdal\/wp-json\/wp\/v2\/posts\/1238","targetHints":{"allow":["GET"]}}],"collection":[{"href":"https:\/\/naturvernforbundet.no\/moreogromsdal\/wp-json\/wp\/v2\/posts"}],"about":[{"href":"https:\/\/naturvernforbundet.no\/moreogromsdal\/wp-json\/wp\/v2\/types\/post"}],"author":[{"embeddable":true,"href":"https:\/\/naturvernforbundet.no\/moreogromsdal\/wp-json\/wp\/v2\/users\/38"}],"replies":[{"embeddable":true,"href":"https:\/\/naturvernforbundet.no\/moreogromsdal\/wp-json\/wp\/v2\/comments?post=1238"}],"version-history":[{"count":0,"href":"https:\/\/naturvernforbundet.no\/moreogromsdal\/wp-json\/wp\/v2\/posts\/1238\/revisions"}],"wp:attachment":[{"href":"https:\/\/naturvernforbundet.no\/moreogromsdal\/wp-json\/wp\/v2\/media?parent=1238"}],"wp:term":[{"taxonomy":"category","embeddable":true,"href":"https:\/\/naturvernforbundet.no\/moreogromsdal\/wp-json\/wp\/v2\/categories?post=1238"},{"taxonomy":"post_tag","embeddable":true,"href":"https:\/\/naturvernforbundet.no\/moreogromsdal\/wp-json\/wp\/v2\/tags?post=1238"},{"taxonomy":"local","embeddable":true,"href":"https:\/\/naturvernforbundet.no\/moreogromsdal\/wp-json\/wp\/v2\/local?post=1238"}],"curies":[{"name":"wp","href":"https:\/\/api.w.org\/{rel}","templated":true}]}}