{"id":1247,"date":"2005-09-20T06:23:25","date_gmt":"2005-09-20T04:23:25","guid":{"rendered":"https:\/\/naturvernforbundet.no\/moreogromsdal\/naturvernforbundet-vil-verne-aurstadfossen-i-volda\/"},"modified":"2005-09-20T06:23:25","modified_gmt":"2005-09-20T04:23:25","slug":"naturvernforbundet-vil-verne-aurstadfossen-i-volda","status":"publish","type":"post","link":"https:\/\/naturvernforbundet.no\/moreogromsdal\/naturvernforbundet-vil-verne-aurstadfossen-i-volda\/","title":{"rendered":"Naturvernforbundet vil verne Aurstadfossen i Volda"},"content":{"rendered":"\t<div class=\"template-post alignfull wp-block-naturvern-hero\">\n\t\t<div class=\"hero__inner\">\n\t\t\t<div class=\"hero__inner_blocks\">\n\t\t\t\t\t\t\t\t\n\t\t\t\t\t<h1 class=\"wp-block-post-title\">Naturvernforbundet vil verne Aurstadfossen i Volda<\/h1>\n\n\t\t\t\t\t<div class=\"wp-block-post-excerpt\"><p class=\"wp-block-post-excerpt__excerpt\">I ein uttale til NVE g\u00e5r Naturvernforbundet i M\u00f8re og Romsdal mot den omstridte utbygginga av Aurstadelva i M\u00f8re og Romsdal. Det er levert s\u00f8knad om ei utbygging som vil f\u00f8re til t\u00f8rrlegging av denne sv\u00e6rt synlege fossen i Austefjorden i Volda. S\u00f8knaden innehalder ogs\u00e5 feilopplysningar om verneverdiane i vassdraget. <\/p><\/div>\n\n\t\t\t\t\t\n\n\t\t\t\t\t<div class=\"wp-block-naturvern-byline\">\n\t\t\t<div class=\"authors\">By <span class=\"t2-byline__author-link\">Artikkelimport\u00f8r<\/span><\/div>\n\t\t\t<small class=\"entry-date\">20.09.2005 06:23<\/small>\n\t\t<\/div>\n\t\t\t\t\t\t\t\t<\/div>\n\t\t\t\t\t<\/div>\n\t\t\t<\/div>\n\t\n<p>I konklusjonen skriv Naturvernforbundet mellom anna:<br><br>Det er f\u00e5 vassdrag att i dette omr\u00e5det som framleis renn fritt. Dette vassdraget har betydelege estetiske kvalitetar. Vidare er det biotop for fossekall som ein kan rekne med vil vere truga p\u00e5 noko sikt. Ulempene med redusert vassf\u00f8ring er store. Det er viktig at dette vassdraget ikkje blir bygd ut. Verdiane ein kan rekne med finst ved eit fritt vassdrag er dessutan betydelege og truleg st\u00f8rre enn det ein kan f\u00e5 ut av kraftproduksjon.<br><br>Leiar i Naturvernforbundet i M\u00f8re og Romsdal, \u00d8ystein Folden, kan kontaktast p\u00e5 telefon 91 81 25 42.<\/p>\n\n\n\n<p><a href=\"\/imakerdata\/f\/0\/69\/65\/7_2401_0\/Konsesjonssoknad-Aurstadelva-mai_2005_(2).doc\">Konsesjonss\u00f8knaden<\/a><\/p>\n\n\n\n<p><a href=\"\/imakerdata\/f\/0\/69\/65\/8_2401_0\/NY_563004-5A.pdf\">Kart<\/a><\/p>\n\n\n\n<p><a href=\"\/imakerdata\/f\/0\/69\/65\/9_2401_0\/563004-05B.pdf\">Kart<\/a><\/p>\n\n\n\n<p><a href=\"\/imakerdata\/f\/0\/69\/66\/1_2401_0\/innlegg_smaakraft.jpg\">Leserinnlegg fra Sm\u00e5kraft i Avisa M\u00f8re<\/a><\/p>\n\n\n\n<p><a href=\"\/imakerdata\/f\/0\/69\/73\/1_2401_0\/Aurstadfossen.pdf\">Leserinnlegg i Sunnm\u00f8rsposten 16. august 2005<\/a><\/p>\n\n\n\n<p><a href=\"\/imakerdata\/f\/0\/69\/78\/4_2401_0\/uttale_-_Aurstadelva_kraftverk_i_Volda.pdf\">Les uttalen fr\u00e5 Naturvernforbundet i M\u00f8re og Romsdal<\/a><\/p>\n\n\n\n<p><a href=\"\/imakerdata\/f\/0\/69\/87\/8_2401_0\/Aurstad_Brende.jpg\">Oppslag i M\u00f8re om uttale fr\u00e5 Naturvernforbundet og intervju med B\u00f8rge Brende<\/a><\/p>\n\n\n\n<p><a href=\"\/imakerdata\/f\/0\/69\/88\/0_2401_0\/underskrift.jpg\">Underskriftkampanje mot utbygging<\/a><\/p>\n\n\n\n<p><a href=\"\/imakerdata\/f\/0\/69\/88\/1_2401_0\/fortidsminneforeninga.jpg\">Fortidsminneforeninga med uttale<\/a><\/p>\n\n\n\n<p><a href=\"\/imakerdata\/f\/0\/69\/88\/2_2401_0\/Aurstadelva_25.08.05.pdf\">Uttale med liste over vassdrag i Austefjorden og status for desse<\/a><\/p>\n\n\n\n<p><a href=\"\/imakerdata\/f\/0\/70\/51\/2_2401_0\/Aurstad.pdf\">Planutvalet i Volda vil ikkje ha utbygging<\/a><\/p>\n\n\n\n<p><a href=\"\/imakerdata\/f\/0\/70\/56\/7_2401_0\/kraftutbygging.pdf\">Utbyggarane gir seg ikkje<\/a><\/p>\n\n\n\n<p><a href=\"\/imakerdata\/f\/0\/70\/56\/8_2401_0\/meir_Aurstad.jpg\">Oppslag i M\u00f8re<\/a><\/p>\n\n\n\n<figure class=\"wp-block-image\"><img decoding=\"async\" src=\"\/imakerdata\/b\/0\/68\/83\/8_2701_0.jpg\" alt=\"\"\/><\/figure>\n\n\n\n<p>Foto: Naturvernforbundet<\/p>\n\n\n\n<figure class=\"wp-block-image\"><img decoding=\"async\" src=\"\/imakerdata\/b\/0\/68\/84\/1_2701_0.jpg\" alt=\"\"\/><\/figure>\n\n\n\n<p>Foto: Naturvernforbundet<\/p>\n","protected":false},"excerpt":{"rendered":"<p>I ein uttale til NVE g\u00e5r Naturvernforbundet i M\u00f8re og Romsdal mot den omstridte utbygginga av Aurstadelva i M\u00f8re og Romsdal. Det er levert s\u00f8knad om ei utbygging som vil f\u00f8re til t\u00f8rrlegging av denne sv\u00e6rt synlege fossen i Austefjorden i Volda. S\u00f8knaden innehalder ogs\u00e5 feilopplysningar om verneverdiane i vassdraget.<\/p>\n","protected":false},"author":38,"featured_media":0,"comment_status":"closed","ping_status":"closed","sticky":false,"template":"","format":"standard","meta":{"_relevanssi_hide_post":"","_relevanssi_hide_content":"","_relevanssi_pin_for_all":"","_relevanssi_pin_keywords":"","_relevanssi_unpin_keywords":"","_relevanssi_related_keywords":"","_relevanssi_related_include_ids":"","_relevanssi_related_exclude_ids":"","_relevanssi_related_no_append":"","_relevanssi_related_not_related":"","_relevanssi_related_posts":"","_relevanssi_noindex_reason":"","hide_logo":false,"footnotes":""},"categories":[13],"tags":[],"local":[],"class_list":["post-1247","post","type-post","status-publish","format-standard","hentry","category-vasskraft"],"acf":[],"yoast_head":"<!-- This site is optimized with the Yoast SEO plugin v24.9 - https:\/\/yoast.com\/wordpress\/plugins\/seo\/ -->\n<title>Naturvernforbundet vil verne Aurstadfossen i Volda - M\u00f8re og Romsdal<\/title>\n<meta name=\"robots\" content=\"index, follow, max-snippet:-1, max-image-preview:large, max-video-preview:-1\" \/>\n<link rel=\"canonical\" href=\"https:\/\/naturvernforbundet.no\/moreogromsdal\/naturvernforbundet-vil-verne-aurstadfossen-i-volda\/\" \/>\n<meta property=\"og:locale\" content=\"nb_NO\" \/>\n<meta property=\"og:type\" content=\"article\" \/>\n<meta property=\"og:title\" content=\"Naturvernforbundet vil verne Aurstadfossen i Volda - M\u00f8re og Romsdal\" \/>\n<meta property=\"og:description\" content=\"I ein uttale til NVE g\u00e5r Naturvernforbundet i M\u00f8re og Romsdal mot den omstridte utbygginga av Aurstadelva i M\u00f8re og Romsdal. Det er levert s\u00f8knad om ei utbygging som vil f\u00f8re til t\u00f8rrlegging av denne sv\u00e6rt synlege fossen i Austefjorden i Volda. S\u00f8knaden innehalder ogs\u00e5 feilopplysningar om verneverdiane i vassdraget.\" \/>\n<meta property=\"og:url\" content=\"https:\/\/naturvernforbundet.no\/moreogromsdal\/naturvernforbundet-vil-verne-aurstadfossen-i-volda\/\" \/>\n<meta property=\"og:site_name\" content=\"M\u00f8re og Romsdal\" \/>\n<meta property=\"article:published_time\" content=\"2005-09-20T04:23:25+00:00\" \/>\n<meta name=\"author\" content=\"Artikkelimport\u00f8r\" \/>\n<meta name=\"twitter:card\" content=\"summary_large_image\" \/>\n<meta name=\"twitter:label1\" content=\"Skrevet av\" \/>\n\t<meta name=\"twitter:data1\" content=\"Artikkelimport\u00f8r\" \/>\n\t<meta name=\"twitter:label2\" content=\"Ansl. lesetid\" \/>\n\t<meta name=\"twitter:data2\" content=\"1 minutt\" \/>\n<script type=\"application\/ld+json\" class=\"yoast-schema-graph\">{\"@context\":\"https:\/\/schema.org\",\"@graph\":[{\"@type\":\"WebPage\",\"@id\":\"https:\/\/naturvernforbundet.no\/moreogromsdal\/naturvernforbundet-vil-verne-aurstadfossen-i-volda\/\",\"url\":\"https:\/\/naturvernforbundet.no\/moreogromsdal\/naturvernforbundet-vil-verne-aurstadfossen-i-volda\/\",\"name\":\"Naturvernforbundet vil verne Aurstadfossen i Volda - M\u00f8re og Romsdal\",\"isPartOf\":{\"@id\":\"https:\/\/naturvernforbundet.no\/moreogromsdal\/#website\"},\"datePublished\":\"2005-09-20T04:23:25+00:00\",\"author\":{\"@id\":\"https:\/\/naturvernforbundet.no\/moreogromsdal\/#\/schema\/person\/c72f198205979084bf071deedb6205f4\"},\"breadcrumb\":{\"@id\":\"https:\/\/naturvernforbundet.no\/moreogromsdal\/naturvernforbundet-vil-verne-aurstadfossen-i-volda\/#breadcrumb\"},\"inLanguage\":\"nb-NO\",\"potentialAction\":[{\"@type\":\"ReadAction\",\"target\":[\"https:\/\/naturvernforbundet.no\/moreogromsdal\/naturvernforbundet-vil-verne-aurstadfossen-i-volda\/\"]}]},{\"@type\":\"BreadcrumbList\",\"@id\":\"https:\/\/naturvernforbundet.no\/moreogromsdal\/naturvernforbundet-vil-verne-aurstadfossen-i-volda\/#breadcrumb\",\"itemListElement\":[{\"@type\":\"ListItem\",\"position\":1,\"name\":\"Till naturvernforbundet.no\",\"item\":\"https:\/\/naturvernforbundet.no\/\"},{\"@type\":\"ListItem\",\"position\":2,\"name\":\"M\u00f8re og Romsdal\",\"item\":\"https:\/\/naturvernforbundet.no\/moreogromsdal\/\"},{\"@type\":\"ListItem\",\"position\":3,\"name\":\"Naturvernforbundet vil verne Aurstadfossen i Volda\"}]},{\"@type\":\"WebSite\",\"@id\":\"https:\/\/naturvernforbundet.no\/moreogromsdal\/#website\",\"url\":\"https:\/\/naturvernforbundet.no\/moreogromsdal\/\",\"name\":\"M\u00f8re og Romsdal\",\"description\":\"Bare enda et Naturvernforbundet Sites-nettsted\",\"potentialAction\":[{\"@type\":\"SearchAction\",\"target\":{\"@type\":\"EntryPoint\",\"urlTemplate\":\"https:\/\/naturvernforbundet.no\/moreogromsdal\/?s={search_term_string}\"},\"query-input\":{\"@type\":\"PropertyValueSpecification\",\"valueRequired\":true,\"valueName\":\"search_term_string\"}}],\"inLanguage\":\"nb-NO\"},{\"@type\":\"Person\",\"@id\":\"https:\/\/naturvernforbundet.no\/moreogromsdal\/#\/schema\/person\/c72f198205979084bf071deedb6205f4\",\"name\":\"Artikkelimport\u00f8r\",\"image\":{\"@type\":\"ImageObject\",\"inLanguage\":\"nb-NO\",\"@id\":\"https:\/\/naturvernforbundet.no\/moreogromsdal\/#\/schema\/person\/image\/\",\"url\":\"https:\/\/secure.gravatar.com\/avatar\/015fa491b9ed1c823ef16a5c930294d1?s=96&d=mm&r=g\",\"contentUrl\":\"https:\/\/secure.gravatar.com\/avatar\/015fa491b9ed1c823ef16a5c930294d1?s=96&d=mm&r=g\",\"caption\":\"Artikkelimport\u00f8r\"},\"url\":\"https:\/\/naturvernforbundet.no\/moreogromsdal\/author\/artikkelimportor\/\"}]}<\/script>\n<!-- \/ Yoast SEO plugin. -->","yoast_head_json":{"title":"Naturvernforbundet vil verne Aurstadfossen i Volda - M\u00f8re og Romsdal","robots":{"index":"index","follow":"follow","max-snippet":"max-snippet:-1","max-image-preview":"max-image-preview:large","max-video-preview":"max-video-preview:-1"},"canonical":"https:\/\/naturvernforbundet.no\/moreogromsdal\/naturvernforbundet-vil-verne-aurstadfossen-i-volda\/","og_locale":"nb_NO","og_type":"article","og_title":"Naturvernforbundet vil verne Aurstadfossen i Volda - M\u00f8re og Romsdal","og_description":"I ein uttale til NVE g\u00e5r Naturvernforbundet i M\u00f8re og Romsdal mot den omstridte utbygginga av Aurstadelva i M\u00f8re og Romsdal. Det er levert s\u00f8knad om ei utbygging som vil f\u00f8re til t\u00f8rrlegging av denne sv\u00e6rt synlege fossen i Austefjorden i Volda. S\u00f8knaden innehalder ogs\u00e5 feilopplysningar om verneverdiane i vassdraget.","og_url":"https:\/\/naturvernforbundet.no\/moreogromsdal\/naturvernforbundet-vil-verne-aurstadfossen-i-volda\/","og_site_name":"M\u00f8re og Romsdal","article_published_time":"2005-09-20T04:23:25+00:00","author":"Artikkelimport\u00f8r","twitter_card":"summary_large_image","twitter_misc":{"Skrevet av":"Artikkelimport\u00f8r","Ansl. lesetid":"1 minutt"},"schema":{"@context":"https:\/\/schema.org","@graph":[{"@type":"WebPage","@id":"https:\/\/naturvernforbundet.no\/moreogromsdal\/naturvernforbundet-vil-verne-aurstadfossen-i-volda\/","url":"https:\/\/naturvernforbundet.no\/moreogromsdal\/naturvernforbundet-vil-verne-aurstadfossen-i-volda\/","name":"Naturvernforbundet vil verne Aurstadfossen i Volda - M\u00f8re og Romsdal","isPartOf":{"@id":"https:\/\/naturvernforbundet.no\/moreogromsdal\/#website"},"datePublished":"2005-09-20T04:23:25+00:00","author":{"@id":"https:\/\/naturvernforbundet.no\/moreogromsdal\/#\/schema\/person\/c72f198205979084bf071deedb6205f4"},"breadcrumb":{"@id":"https:\/\/naturvernforbundet.no\/moreogromsdal\/naturvernforbundet-vil-verne-aurstadfossen-i-volda\/#breadcrumb"},"inLanguage":"nb-NO","potentialAction":[{"@type":"ReadAction","target":["https:\/\/naturvernforbundet.no\/moreogromsdal\/naturvernforbundet-vil-verne-aurstadfossen-i-volda\/"]}]},{"@type":"BreadcrumbList","@id":"https:\/\/naturvernforbundet.no\/moreogromsdal\/naturvernforbundet-vil-verne-aurstadfossen-i-volda\/#breadcrumb","itemListElement":[{"@type":"ListItem","position":1,"name":"Till naturvernforbundet.no","item":"https:\/\/naturvernforbundet.no\/"},{"@type":"ListItem","position":2,"name":"M\u00f8re og Romsdal","item":"https:\/\/naturvernforbundet.no\/moreogromsdal\/"},{"@type":"ListItem","position":3,"name":"Naturvernforbundet vil verne Aurstadfossen i Volda"}]},{"@type":"WebSite","@id":"https:\/\/naturvernforbundet.no\/moreogromsdal\/#website","url":"https:\/\/naturvernforbundet.no\/moreogromsdal\/","name":"M\u00f8re og Romsdal","description":"Bare enda et Naturvernforbundet Sites-nettsted","potentialAction":[{"@type":"SearchAction","target":{"@type":"EntryPoint","urlTemplate":"https:\/\/naturvernforbundet.no\/moreogromsdal\/?s={search_term_string}"},"query-input":{"@type":"PropertyValueSpecification","valueRequired":true,"valueName":"search_term_string"}}],"inLanguage":"nb-NO"},{"@type":"Person","@id":"https:\/\/naturvernforbundet.no\/moreogromsdal\/#\/schema\/person\/c72f198205979084bf071deedb6205f4","name":"Artikkelimport\u00f8r","image":{"@type":"ImageObject","inLanguage":"nb-NO","@id":"https:\/\/naturvernforbundet.no\/moreogromsdal\/#\/schema\/person\/image\/","url":"https:\/\/secure.gravatar.com\/avatar\/015fa491b9ed1c823ef16a5c930294d1?s=96&d=mm&r=g","contentUrl":"https:\/\/secure.gravatar.com\/avatar\/015fa491b9ed1c823ef16a5c930294d1?s=96&d=mm&r=g","caption":"Artikkelimport\u00f8r"},"url":"https:\/\/naturvernforbundet.no\/moreogromsdal\/author\/artikkelimportor\/"}]}},"_links":{"self":[{"href":"https:\/\/naturvernforbundet.no\/moreogromsdal\/wp-json\/wp\/v2\/posts\/1247","targetHints":{"allow":["GET"]}}],"collection":[{"href":"https:\/\/naturvernforbundet.no\/moreogromsdal\/wp-json\/wp\/v2\/posts"}],"about":[{"href":"https:\/\/naturvernforbundet.no\/moreogromsdal\/wp-json\/wp\/v2\/types\/post"}],"author":[{"embeddable":true,"href":"https:\/\/naturvernforbundet.no\/moreogromsdal\/wp-json\/wp\/v2\/users\/38"}],"replies":[{"embeddable":true,"href":"https:\/\/naturvernforbundet.no\/moreogromsdal\/wp-json\/wp\/v2\/comments?post=1247"}],"version-history":[{"count":0,"href":"https:\/\/naturvernforbundet.no\/moreogromsdal\/wp-json\/wp\/v2\/posts\/1247\/revisions"}],"wp:attachment":[{"href":"https:\/\/naturvernforbundet.no\/moreogromsdal\/wp-json\/wp\/v2\/media?parent=1247"}],"wp:term":[{"taxonomy":"category","embeddable":true,"href":"https:\/\/naturvernforbundet.no\/moreogromsdal\/wp-json\/wp\/v2\/categories?post=1247"},{"taxonomy":"post_tag","embeddable":true,"href":"https:\/\/naturvernforbundet.no\/moreogromsdal\/wp-json\/wp\/v2\/tags?post=1247"},{"taxonomy":"local","embeddable":true,"href":"https:\/\/naturvernforbundet.no\/moreogromsdal\/wp-json\/wp\/v2\/local?post=1247"}],"curies":[{"name":"wp","href":"https:\/\/api.w.org\/{rel}","templated":true}]}}