{"id":1250,"date":"2006-10-24T06:58:00","date_gmt":"2006-10-24T04:58:00","guid":{"rendered":"https:\/\/naturvernforbundet.no\/moreogromsdal\/fleire-sporsmal-om-rogneskarvegen\/"},"modified":"2006-10-24T06:58:00","modified_gmt":"2006-10-24T04:58:00","slug":"fleire-sporsmal-om-rogneskarvegen","status":"publish","type":"post","link":"https:\/\/naturvernforbundet.no\/moreogromsdal\/fleire-sporsmal-om-rogneskarvegen\/","title":{"rendered":"Fleire sp\u00f8rsm\u00e5l om Rogneskarvegen"},"content":{"rendered":"\t<div class=\"template-post alignfull wp-block-naturvern-hero\">\n\t\t<div class=\"hero__inner\">\n\t\t\t<div class=\"hero__inner_blocks\">\n\t\t\t\t\t\t\t\t\n\t\t\t\t\t<h1 class=\"wp-block-post-title\">Fleire sp\u00f8rsm\u00e5l om Rogneskarvegen<\/h1>\n\n\t\t\t\t\t<div class=\"wp-block-post-excerpt\"><p class=\"wp-block-post-excerpt__excerpt\">Epost fr\u00e5 Naturvernforbundet i M\u00f8re og Romsdal til Skodje kommune 23. oktober 2006. <\/p><\/div>\n\n\t\t\t\t\t\n\n\t\t\t\t\t<div class=\"wp-block-naturvern-byline\">\n\t\t\t<div class=\"authors\">By <span class=\"t2-byline__author-link\">Artikkelimport\u00f8r<\/span><\/div>\n\t\t\t<small class=\"entry-date\">24.10.2006 06:58<\/small>\n\t\t<\/div>\n\t\t\t\t\t\t\t\t<\/div>\n\t\t\t\t\t<\/div>\n\t\t\t<\/div>\n\t\n<p>I samband med at vi f\u00e5r f\u00f8respurnader om Rogneskarvegen \u00f8nskjer vi \u00e5 f\u00e5 opplysningar om f\u00f8lgjande:\n<\/p>\n\n\n\n<p>1. Har det vore byggemeldt eit bygg nr. 2 i samband med fritidshytta p\u00e5 gnr 25 bnr 1 oppunder Nihusen. I s\u00e5 fall \u00f8nskjer vi \u00e5 f\u00e5 kopi (gjerne digitalt) av saksdokumenta tilsendt.\n<\/p>\n\n\n\n<p>Vi har alt f\u00e5tt dokumenta knytt til riving av opprinneleg koie og bygging av ny hytte, s\u00e5 den treng vi ikkje.\n<\/p>\n\n\n\n<p>2. Har det vore s\u00f8kt om dispensasjon for k\u00f8yring med motork\u00f8yrety i utmark i samband med bygginga av hytte p\u00e5 gnr 25 bnr 1? I s\u00e5 fall \u00f8nskjer vi \u00e5 f\u00e5 kopi (gjerne digitalt) av saksdokumenta tilsendt.\n<\/p>\n\n\n\n<p>Med helsing\n<\/p>\n\n\n\n<p>\u00d8ystein Folden\n<\/p>\n\n\n\n<p>leiar, Naturvernforbundet i M\u00f8re og Romsdal\n<\/p>\n\n\n\n<p>6630 Tingvoll\n<\/p>\n\n\n\n<p>tlf 918 12 542 \/ 71 53 33 31\n<\/p>\n\n\n\n<p>epost: moreromsdal(a)naturvern.no\n<\/p>\n\n\n\n<p><a href=\"\/cgi-bin\/naturvern\/www.naturvern.no\/moreromsdal\">www.naturvern.no\/moreromsdal<\/a><\/p>\n\n\n\n<p><a href=\"\/imakerdata\/f\/0\/95\/31\/7_2401_0\/Rogneskarvegen_-_kart_vedlagt_vedtaket_001.jpg\">Kart over vegen<\/a><\/p>\n\n\n\n<p><a href=\"\/imakerdata\/f\/0\/95\/31\/8_2401_0\/Rogneskarvegen_-_vedtak_001.jpg\">Vedtaket i saka<\/a><\/p>\n\n\n\n<p><a href=\"\/imakerdata\/f\/0\/95\/31\/9_2401_0\/Rogneskarvegen_-_sokad_11-04-2005_001.jpg\">S\u00f8knaden<\/a><\/p>\n\n\n\n<p><a href=\"\/imakerdata\/f\/0\/95\/32\/0_2401_0\/Rogneskarvegen_-_sjekkeliste_001.jpg\">Sjekkliste<\/a><\/p>\n\n\n\n<p><a href=\"\/imakerdata\/f\/0\/95\/32\/1_2401_0\/Rogneskarvegen_-_Bygdebladet_4-10-2006_001.jpg\">Bygdebladet 4. oktober 2006<\/a><\/p>\n","protected":false},"excerpt":{"rendered":"<p>Epost fr\u00e5 Naturvernforbundet i M\u00f8re og Romsdal til Skodje kommune 23. oktober 2006.<\/p>\n","protected":false},"author":38,"featured_media":0,"comment_status":"closed","ping_status":"closed","sticky":false,"template":"","format":"standard","meta":{"_relevanssi_hide_post":"","_relevanssi_hide_content":"","_relevanssi_pin_for_all":"","_relevanssi_pin_keywords":"","_relevanssi_unpin_keywords":"","_relevanssi_related_keywords":"","_relevanssi_related_include_ids":"","_relevanssi_related_exclude_ids":"","_relevanssi_related_no_append":"","_relevanssi_related_not_related":"","_relevanssi_related_posts":"","_relevanssi_noindex_reason":"","hide_logo":false,"footnotes":""},"categories":[16],"tags":[],"local":[],"class_list":["post-1250","post","type-post","status-publish","format-standard","hentry","category-naturmangfold"],"acf":[],"yoast_head":"<!-- This site is optimized with the Yoast SEO plugin v24.9 - https:\/\/yoast.com\/wordpress\/plugins\/seo\/ -->\n<title>Fleire sp\u00f8rsm\u00e5l om Rogneskarvegen - M\u00f8re og Romsdal<\/title>\n<meta name=\"robots\" content=\"index, follow, max-snippet:-1, max-image-preview:large, max-video-preview:-1\" \/>\n<link rel=\"canonical\" href=\"https:\/\/naturvernforbundet.no\/moreogromsdal\/fleire-sporsmal-om-rogneskarvegen\/\" \/>\n<meta property=\"og:locale\" content=\"nb_NO\" \/>\n<meta property=\"og:type\" content=\"article\" \/>\n<meta property=\"og:title\" content=\"Fleire sp\u00f8rsm\u00e5l om Rogneskarvegen - M\u00f8re og Romsdal\" \/>\n<meta property=\"og:description\" content=\"Epost fr\u00e5 Naturvernforbundet i M\u00f8re og Romsdal til Skodje kommune 23. oktober 2006.\" \/>\n<meta property=\"og:url\" content=\"https:\/\/naturvernforbundet.no\/moreogromsdal\/fleire-sporsmal-om-rogneskarvegen\/\" \/>\n<meta property=\"og:site_name\" content=\"M\u00f8re og Romsdal\" \/>\n<meta property=\"article:published_time\" content=\"2006-10-24T04:58:00+00:00\" \/>\n<meta name=\"author\" content=\"Artikkelimport\u00f8r\" \/>\n<meta name=\"twitter:card\" content=\"summary_large_image\" \/>\n<meta name=\"twitter:label1\" content=\"Skrevet av\" \/>\n\t<meta name=\"twitter:data1\" content=\"Artikkelimport\u00f8r\" \/>\n\t<meta name=\"twitter:label2\" content=\"Ansl. lesetid\" \/>\n\t<meta name=\"twitter:data2\" content=\"1 minutt\" \/>\n<script type=\"application\/ld+json\" class=\"yoast-schema-graph\">{\"@context\":\"https:\/\/schema.org\",\"@graph\":[{\"@type\":\"WebPage\",\"@id\":\"https:\/\/naturvernforbundet.no\/moreogromsdal\/fleire-sporsmal-om-rogneskarvegen\/\",\"url\":\"https:\/\/naturvernforbundet.no\/moreogromsdal\/fleire-sporsmal-om-rogneskarvegen\/\",\"name\":\"Fleire sp\u00f8rsm\u00e5l om Rogneskarvegen - M\u00f8re og Romsdal\",\"isPartOf\":{\"@id\":\"https:\/\/naturvernforbundet.no\/moreogromsdal\/#website\"},\"datePublished\":\"2006-10-24T04:58:00+00:00\",\"author\":{\"@id\":\"https:\/\/naturvernforbundet.no\/moreogromsdal\/#\/schema\/person\/c72f198205979084bf071deedb6205f4\"},\"breadcrumb\":{\"@id\":\"https:\/\/naturvernforbundet.no\/moreogromsdal\/fleire-sporsmal-om-rogneskarvegen\/#breadcrumb\"},\"inLanguage\":\"nb-NO\",\"potentialAction\":[{\"@type\":\"ReadAction\",\"target\":[\"https:\/\/naturvernforbundet.no\/moreogromsdal\/fleire-sporsmal-om-rogneskarvegen\/\"]}]},{\"@type\":\"BreadcrumbList\",\"@id\":\"https:\/\/naturvernforbundet.no\/moreogromsdal\/fleire-sporsmal-om-rogneskarvegen\/#breadcrumb\",\"itemListElement\":[{\"@type\":\"ListItem\",\"position\":1,\"name\":\"Till naturvernforbundet.no\",\"item\":\"https:\/\/naturvernforbundet.no\/\"},{\"@type\":\"ListItem\",\"position\":2,\"name\":\"M\u00f8re og Romsdal\",\"item\":\"https:\/\/naturvernforbundet.no\/moreogromsdal\/\"},{\"@type\":\"ListItem\",\"position\":3,\"name\":\"Fleire sp\u00f8rsm\u00e5l om Rogneskarvegen\"}]},{\"@type\":\"WebSite\",\"@id\":\"https:\/\/naturvernforbundet.no\/moreogromsdal\/#website\",\"url\":\"https:\/\/naturvernforbundet.no\/moreogromsdal\/\",\"name\":\"M\u00f8re og Romsdal\",\"description\":\"Bare enda et Naturvernforbundet Sites-nettsted\",\"potentialAction\":[{\"@type\":\"SearchAction\",\"target\":{\"@type\":\"EntryPoint\",\"urlTemplate\":\"https:\/\/naturvernforbundet.no\/moreogromsdal\/?s={search_term_string}\"},\"query-input\":{\"@type\":\"PropertyValueSpecification\",\"valueRequired\":true,\"valueName\":\"search_term_string\"}}],\"inLanguage\":\"nb-NO\"},{\"@type\":\"Person\",\"@id\":\"https:\/\/naturvernforbundet.no\/moreogromsdal\/#\/schema\/person\/c72f198205979084bf071deedb6205f4\",\"name\":\"Artikkelimport\u00f8r\",\"image\":{\"@type\":\"ImageObject\",\"inLanguage\":\"nb-NO\",\"@id\":\"https:\/\/naturvernforbundet.no\/moreogromsdal\/#\/schema\/person\/image\/\",\"url\":\"https:\/\/secure.gravatar.com\/avatar\/015fa491b9ed1c823ef16a5c930294d1?s=96&d=mm&r=g\",\"contentUrl\":\"https:\/\/secure.gravatar.com\/avatar\/015fa491b9ed1c823ef16a5c930294d1?s=96&d=mm&r=g\",\"caption\":\"Artikkelimport\u00f8r\"},\"url\":\"https:\/\/naturvernforbundet.no\/moreogromsdal\/author\/artikkelimportor\/\"}]}<\/script>\n<!-- \/ Yoast SEO plugin. -->","yoast_head_json":{"title":"Fleire sp\u00f8rsm\u00e5l om Rogneskarvegen - M\u00f8re og Romsdal","robots":{"index":"index","follow":"follow","max-snippet":"max-snippet:-1","max-image-preview":"max-image-preview:large","max-video-preview":"max-video-preview:-1"},"canonical":"https:\/\/naturvernforbundet.no\/moreogromsdal\/fleire-sporsmal-om-rogneskarvegen\/","og_locale":"nb_NO","og_type":"article","og_title":"Fleire sp\u00f8rsm\u00e5l om Rogneskarvegen - M\u00f8re og Romsdal","og_description":"Epost fr\u00e5 Naturvernforbundet i M\u00f8re og Romsdal til Skodje kommune 23. oktober 2006.","og_url":"https:\/\/naturvernforbundet.no\/moreogromsdal\/fleire-sporsmal-om-rogneskarvegen\/","og_site_name":"M\u00f8re og Romsdal","article_published_time":"2006-10-24T04:58:00+00:00","author":"Artikkelimport\u00f8r","twitter_card":"summary_large_image","twitter_misc":{"Skrevet av":"Artikkelimport\u00f8r","Ansl. lesetid":"1 minutt"},"schema":{"@context":"https:\/\/schema.org","@graph":[{"@type":"WebPage","@id":"https:\/\/naturvernforbundet.no\/moreogromsdal\/fleire-sporsmal-om-rogneskarvegen\/","url":"https:\/\/naturvernforbundet.no\/moreogromsdal\/fleire-sporsmal-om-rogneskarvegen\/","name":"Fleire sp\u00f8rsm\u00e5l om Rogneskarvegen - M\u00f8re og Romsdal","isPartOf":{"@id":"https:\/\/naturvernforbundet.no\/moreogromsdal\/#website"},"datePublished":"2006-10-24T04:58:00+00:00","author":{"@id":"https:\/\/naturvernforbundet.no\/moreogromsdal\/#\/schema\/person\/c72f198205979084bf071deedb6205f4"},"breadcrumb":{"@id":"https:\/\/naturvernforbundet.no\/moreogromsdal\/fleire-sporsmal-om-rogneskarvegen\/#breadcrumb"},"inLanguage":"nb-NO","potentialAction":[{"@type":"ReadAction","target":["https:\/\/naturvernforbundet.no\/moreogromsdal\/fleire-sporsmal-om-rogneskarvegen\/"]}]},{"@type":"BreadcrumbList","@id":"https:\/\/naturvernforbundet.no\/moreogromsdal\/fleire-sporsmal-om-rogneskarvegen\/#breadcrumb","itemListElement":[{"@type":"ListItem","position":1,"name":"Till naturvernforbundet.no","item":"https:\/\/naturvernforbundet.no\/"},{"@type":"ListItem","position":2,"name":"M\u00f8re og Romsdal","item":"https:\/\/naturvernforbundet.no\/moreogromsdal\/"},{"@type":"ListItem","position":3,"name":"Fleire sp\u00f8rsm\u00e5l om Rogneskarvegen"}]},{"@type":"WebSite","@id":"https:\/\/naturvernforbundet.no\/moreogromsdal\/#website","url":"https:\/\/naturvernforbundet.no\/moreogromsdal\/","name":"M\u00f8re og Romsdal","description":"Bare enda et Naturvernforbundet Sites-nettsted","potentialAction":[{"@type":"SearchAction","target":{"@type":"EntryPoint","urlTemplate":"https:\/\/naturvernforbundet.no\/moreogromsdal\/?s={search_term_string}"},"query-input":{"@type":"PropertyValueSpecification","valueRequired":true,"valueName":"search_term_string"}}],"inLanguage":"nb-NO"},{"@type":"Person","@id":"https:\/\/naturvernforbundet.no\/moreogromsdal\/#\/schema\/person\/c72f198205979084bf071deedb6205f4","name":"Artikkelimport\u00f8r","image":{"@type":"ImageObject","inLanguage":"nb-NO","@id":"https:\/\/naturvernforbundet.no\/moreogromsdal\/#\/schema\/person\/image\/","url":"https:\/\/secure.gravatar.com\/avatar\/015fa491b9ed1c823ef16a5c930294d1?s=96&d=mm&r=g","contentUrl":"https:\/\/secure.gravatar.com\/avatar\/015fa491b9ed1c823ef16a5c930294d1?s=96&d=mm&r=g","caption":"Artikkelimport\u00f8r"},"url":"https:\/\/naturvernforbundet.no\/moreogromsdal\/author\/artikkelimportor\/"}]}},"_links":{"self":[{"href":"https:\/\/naturvernforbundet.no\/moreogromsdal\/wp-json\/wp\/v2\/posts\/1250","targetHints":{"allow":["GET"]}}],"collection":[{"href":"https:\/\/naturvernforbundet.no\/moreogromsdal\/wp-json\/wp\/v2\/posts"}],"about":[{"href":"https:\/\/naturvernforbundet.no\/moreogromsdal\/wp-json\/wp\/v2\/types\/post"}],"author":[{"embeddable":true,"href":"https:\/\/naturvernforbundet.no\/moreogromsdal\/wp-json\/wp\/v2\/users\/38"}],"replies":[{"embeddable":true,"href":"https:\/\/naturvernforbundet.no\/moreogromsdal\/wp-json\/wp\/v2\/comments?post=1250"}],"version-history":[{"count":0,"href":"https:\/\/naturvernforbundet.no\/moreogromsdal\/wp-json\/wp\/v2\/posts\/1250\/revisions"}],"wp:attachment":[{"href":"https:\/\/naturvernforbundet.no\/moreogromsdal\/wp-json\/wp\/v2\/media?parent=1250"}],"wp:term":[{"taxonomy":"category","embeddable":true,"href":"https:\/\/naturvernforbundet.no\/moreogromsdal\/wp-json\/wp\/v2\/categories?post=1250"},{"taxonomy":"post_tag","embeddable":true,"href":"https:\/\/naturvernforbundet.no\/moreogromsdal\/wp-json\/wp\/v2\/tags?post=1250"},{"taxonomy":"local","embeddable":true,"href":"https:\/\/naturvernforbundet.no\/moreogromsdal\/wp-json\/wp\/v2\/local?post=1250"}],"curies":[{"name":"wp","href":"https:\/\/api.w.org\/{rel}","templated":true}]}}