{"id":1260,"date":"2006-03-28T18:55:00","date_gmt":"2006-03-28T16:55:00","guid":{"rendered":"https:\/\/naturvernforbundet.no\/moreogromsdal\/oystein-folden-held-fram-som-leiar-i-naturvernforbundet-i-more-og-romsdal\/"},"modified":"2006-03-28T18:55:00","modified_gmt":"2006-03-28T16:55:00","slug":"oystein-folden-held-fram-som-leiar-i-naturvernforbundet-i-more-og-romsdal","status":"publish","type":"post","link":"https:\/\/naturvernforbundet.no\/moreogromsdal\/oystein-folden-held-fram-som-leiar-i-naturvernforbundet-i-more-og-romsdal\/","title":{"rendered":"\u00d8ystein Folden held fram som leiar i Naturvernforbundet i M\u00f8re og Romsdal"},"content":{"rendered":"\t<div class=\"template-post alignfull wp-block-naturvern-hero\">\n\t\t<div class=\"hero__inner\">\n\t\t\t<div class=\"hero__inner_blocks\">\n\t\t\t\t\t\t\t\t\n\t\t\t\t\t<h1 class=\"wp-block-post-title\">\u00d8ystein Folden held fram som leiar i Naturvernforbundet i M\u00f8re og Romsdal<\/h1>\n\n\t\t\t\t\t<div class=\"wp-block-post-excerpt\"><p class=\"wp-block-post-excerpt__excerpt\">\u00d8ystein Folden (45) fr\u00e5 Tingvoll held fram som leiar i Naturvernforbundet i M\u00f8re og Romsdal. Han har vore leiar sidan 2002. Det er optimisme og vekst i Naturvernforbundet i fylket for tida. <\/p><\/div>\n\n\t\t\t\t\t\n\n\t\t\t\t\t<div class=\"wp-block-naturvern-byline\">\n\t\t\t<div class=\"authors\">By <span class=\"t2-byline__author-link\">Artikkelimport\u00f8r<\/span><\/div>\n\t\t\t<small class=\"entry-date\">28.03.2006 18:55<\/small>\n\t\t<\/div>\n\t\t\t\t\t\t\t\t<\/div>\n\t\t\t\t\t<\/div>\n\t\t\t<\/div>\n\t\n<p>\u00c5rsm\u00f8tet blei halde 20. mars i Molde, og oppm\u00f8tet var truleg det st\u00f8rste p\u00e5 minst ti \u00e5r. Det gjeld ogs\u00e5 auka i medlemstalet i fylket. Leiar i Norges Naturvernforbund, Lars Haltbrekken, innleia om klima- og energisituasjonen. \u00c5rsm\u00f8tet fekk ei orientering om energisituasjonen i M\u00f8re og Romsdal, og vedtok ein uttale om Langedalselva i Stranda. \n<\/p>\n\n\n\n<p>Det nye styret i Naturvernforbundet i M\u00f8re og Romsdal er: \n<\/p>\n\n\n\n<p><u>Leiar: <\/u>\n<\/p>\n\n\n\n<p>\u00d8ystein Folden (Tingvoll) \n<\/p>\n\n\n\n<p><u>Kasserar: <\/u>\n<\/p>\n\n\n\n<p>Knut L\u00f8ken (Molde) \n<\/p>\n\n\n\n<p><u>Styremedlemmer: <\/u>\n<\/p>\n\n\n\n<p>\u00d8ystein Solev\u00e5g (\u00c5lesund og omegn) \n<\/p>\n\n\n\n<p>Gunn Morst\u00f8l (Rauma) \n<\/p>\n\n\n\n<p>Olav Dahl (Haram) \n<\/p>\n\n\n\n<p>John Ole Aars\u00e6ther (fritt grunnlag) \n<\/p>\n\n\n\n<p>Jan Fredrik Laskerud (Sunndal) \n<\/p>\n\n\n\n<p>Geir Helge Nilsen (\u00d8rsta og Volda) \n<\/p>\n\n\n\n<p>Anne Kjersti Folden (Natur og Ungdom) \n<\/p>\n\n\n\n<p><u>Varamedlemmer:<\/u> \n<\/p>\n\n\n\n<p>Siw Berbu (Haram) \n<\/p>\n\n\n\n<p>John Aasen (Rauma) \n<\/p>\n\n\n\n<p>Odd Steinar Viseth (fritt grunnlag) \n<\/p>\n\n\n\n<p>Astrid Buset (Molde) \n<\/p>\n\n\n\n<p>Hildur R\u00f8dst\u00f8l (\u00c5lesund og omegn) \n<\/p>\n\n\n\n<p>Knut Fest\u00f8 (\u00d8rsta og Volda) \n<\/p>\n\n\n\n<p>Ane Marte Rognskog (Natur og Ungdom) \n<\/p>\n\n\n\n<p><em>\u00d8ystein Folden er sj\u00f8lvstendig n\u00e6ringsdrivande (anleggsgartnar). Han treffast p\u00e5 mobiltelefon 91 81 25 42. Det er ogs\u00e5 ofte mogleg \u00e5 kontakte \u00d8ystein Solev\u00e5g p\u00e5 telefon 40 23 47 05 om Folden ikkje er tilgjengeleg.<\/em> \n<a>Ja, dette er viktig. Jeg vil bli medlem i Naturvernforbundet<\/a><br><\/p>\n\n\n\n\n\n<p><a>Jeg vil gjerne st\u00f8tte Naturvernforbundets arbeid for \u00e5 ta vare p\u00e5 naturen<\/a><\/p>\n\n\n\n\n\n<p><a href=\"\/imakerdata\/f\/0\/82\/92\/6_2401_0\/Referat.pdf\">Referat fr\u00e5 \u00e5rsm\u00f8tet i Naturvernforbundet i M\u00f8re og Romsdal 20. mars 2006<\/a><\/p>\n\n\n\n<p><a href=\"\/imakerdata\/f\/0\/82\/92\/7_2401_0\/AArsmelding_2005-2006_forslag.pdf\">\u00c5rsmelding 2005 &#8211; Naturvernforbundet i M\u00f8re og Romsdal<\/a><\/p>\n\n\n\n<p><a href=\"\/imakerdata\/f\/0\/82\/92\/8_2401_0\/Arbeidsplan.pdf\">Arbeidsplan 2006<\/a><\/p>\n\n\n\n<p><a href=\"\/imakerdata\/f\/0\/82\/92\/9_2401_0\/budsjettforslaga2006.pdf\">Budsjett 2006<\/a><\/p>\n\n\n\n<p><a href=\"\/imakerdata\/f\/0\/82\/93\/0_2401_0\/rekneskap.pdf\">Revidert rekneskap 2005 &#8211; Naturvernforbundet i M\u00f8re og Romsdal<\/a><\/p>\n\n\n\n<p><a href=\"\/imakerdata\/f\/0\/83\/07\/2_2401_0\/aarsmote_more_og_romsdal_20_mars_2006.pdf\">Presentasjonen til Lars Haltbrekken p\u00e5 \u00e5rsm\u00f8tet<\/a><\/p>\n\n\n\n<figure class=\"wp-block-image\"><img decoding=\"async\" src=\"\/imakerdata\/b\/0\/62\/03\/8_2701_0.jpg\" alt=\"\"\/><\/figure>\n\n\n\n<p>Bildet kan nyttast fritt. Oppgi fotograf.<\/p>\n\n\n\n<figure class=\"wp-block-image\"><img decoding=\"async\" src=\"\/imakerdata\/b\/0\/62\/03\/9_2701_0.jpg\" alt=\"\"\/><\/figure>\n\n\n\n<p>Bildet kan nyttast fritt. Oppgi fotograf.<\/p>\n\n\n\n<figure class=\"wp-block-image\"><img decoding=\"async\" src=\"\/imakerdata\/b\/0\/62\/04\/0_2701_0.jpg\" alt=\"\"\/><\/figure>\n\n\n\n<p>Bildet kan nyttast fritt. Oppgi fotograf.<\/p>\n","protected":false},"excerpt":{"rendered":"<p>\u00d8ystein Folden (45) fr\u00e5 Tingvoll held fram som leiar i Naturvernforbundet i M\u00f8re og Romsdal. Han har vore leiar sidan 2002. Det er optimisme og vekst i Naturvernforbundet i fylket for tida.<\/p>\n","protected":false},"author":38,"featured_media":0,"comment_status":"closed","ping_status":"closed","sticky":false,"template":"","format":"standard","meta":{"_relevanssi_hide_post":"","_relevanssi_hide_content":"","_relevanssi_pin_for_all":"","_relevanssi_pin_keywords":"","_relevanssi_unpin_keywords":"","_relevanssi_related_keywords":"","_relevanssi_related_include_ids":"","_relevanssi_related_exclude_ids":"","_relevanssi_related_no_append":"","_relevanssi_related_not_related":"","_relevanssi_related_posts":"","_relevanssi_noindex_reason":"","hide_logo":false,"footnotes":""},"categories":[45],"tags":[],"local":[],"class_list":["post-1260","post","type-post","status-publish","format-standard","hentry","category-naturvernforbundet"],"acf":[],"yoast_head":"<!-- This site is optimized with the Yoast SEO plugin v24.9 - https:\/\/yoast.com\/wordpress\/plugins\/seo\/ -->\n<title>\u00d8ystein Folden held fram som leiar i Naturvernforbundet i M\u00f8re og Romsdal - M\u00f8re og Romsdal<\/title>\n<meta name=\"robots\" content=\"index, follow, max-snippet:-1, max-image-preview:large, max-video-preview:-1\" \/>\n<link rel=\"canonical\" href=\"https:\/\/naturvernforbundet.no\/moreogromsdal\/oystein-folden-held-fram-som-leiar-i-naturvernforbundet-i-more-og-romsdal\/\" \/>\n<meta property=\"og:locale\" content=\"nb_NO\" \/>\n<meta property=\"og:type\" content=\"article\" \/>\n<meta property=\"og:title\" content=\"\u00d8ystein Folden held fram som leiar i Naturvernforbundet i M\u00f8re og Romsdal - M\u00f8re og Romsdal\" \/>\n<meta property=\"og:description\" content=\"\u00d8ystein Folden (45) fr\u00e5 Tingvoll held fram som leiar i Naturvernforbundet i M\u00f8re og Romsdal. Han har vore leiar sidan 2002. Det er optimisme og vekst i Naturvernforbundet i fylket for tida.\" \/>\n<meta property=\"og:url\" content=\"https:\/\/naturvernforbundet.no\/moreogromsdal\/oystein-folden-held-fram-som-leiar-i-naturvernforbundet-i-more-og-romsdal\/\" \/>\n<meta property=\"og:site_name\" content=\"M\u00f8re og Romsdal\" \/>\n<meta property=\"article:published_time\" content=\"2006-03-28T16:55:00+00:00\" \/>\n<meta name=\"author\" content=\"Artikkelimport\u00f8r\" \/>\n<meta name=\"twitter:card\" content=\"summary_large_image\" \/>\n<meta name=\"twitter:label1\" content=\"Skrevet av\" \/>\n\t<meta name=\"twitter:data1\" content=\"Artikkelimport\u00f8r\" \/>\n\t<meta name=\"twitter:label2\" content=\"Ansl. lesetid\" \/>\n\t<meta name=\"twitter:data2\" content=\"1 minutt\" \/>\n<script type=\"application\/ld+json\" class=\"yoast-schema-graph\">{\"@context\":\"https:\/\/schema.org\",\"@graph\":[{\"@type\":\"WebPage\",\"@id\":\"https:\/\/naturvernforbundet.no\/moreogromsdal\/oystein-folden-held-fram-som-leiar-i-naturvernforbundet-i-more-og-romsdal\/\",\"url\":\"https:\/\/naturvernforbundet.no\/moreogromsdal\/oystein-folden-held-fram-som-leiar-i-naturvernforbundet-i-more-og-romsdal\/\",\"name\":\"\u00d8ystein Folden held fram som leiar i Naturvernforbundet i M\u00f8re og Romsdal - M\u00f8re og Romsdal\",\"isPartOf\":{\"@id\":\"https:\/\/naturvernforbundet.no\/moreogromsdal\/#website\"},\"datePublished\":\"2006-03-28T16:55:00+00:00\",\"author\":{\"@id\":\"https:\/\/naturvernforbundet.no\/moreogromsdal\/#\/schema\/person\/c72f198205979084bf071deedb6205f4\"},\"breadcrumb\":{\"@id\":\"https:\/\/naturvernforbundet.no\/moreogromsdal\/oystein-folden-held-fram-som-leiar-i-naturvernforbundet-i-more-og-romsdal\/#breadcrumb\"},\"inLanguage\":\"nb-NO\",\"potentialAction\":[{\"@type\":\"ReadAction\",\"target\":[\"https:\/\/naturvernforbundet.no\/moreogromsdal\/oystein-folden-held-fram-som-leiar-i-naturvernforbundet-i-more-og-romsdal\/\"]}]},{\"@type\":\"BreadcrumbList\",\"@id\":\"https:\/\/naturvernforbundet.no\/moreogromsdal\/oystein-folden-held-fram-som-leiar-i-naturvernforbundet-i-more-og-romsdal\/#breadcrumb\",\"itemListElement\":[{\"@type\":\"ListItem\",\"position\":1,\"name\":\"Till naturvernforbundet.no\",\"item\":\"https:\/\/naturvernforbundet.no\/\"},{\"@type\":\"ListItem\",\"position\":2,\"name\":\"M\u00f8re og Romsdal\",\"item\":\"https:\/\/naturvernforbundet.no\/moreogromsdal\/\"},{\"@type\":\"ListItem\",\"position\":3,\"name\":\"\u00d8ystein Folden held fram som leiar i Naturvernforbundet i M\u00f8re og Romsdal\"}]},{\"@type\":\"WebSite\",\"@id\":\"https:\/\/naturvernforbundet.no\/moreogromsdal\/#website\",\"url\":\"https:\/\/naturvernforbundet.no\/moreogromsdal\/\",\"name\":\"M\u00f8re og Romsdal\",\"description\":\"Bare enda et Naturvernforbundet Sites-nettsted\",\"potentialAction\":[{\"@type\":\"SearchAction\",\"target\":{\"@type\":\"EntryPoint\",\"urlTemplate\":\"https:\/\/naturvernforbundet.no\/moreogromsdal\/?s={search_term_string}\"},\"query-input\":{\"@type\":\"PropertyValueSpecification\",\"valueRequired\":true,\"valueName\":\"search_term_string\"}}],\"inLanguage\":\"nb-NO\"},{\"@type\":\"Person\",\"@id\":\"https:\/\/naturvernforbundet.no\/moreogromsdal\/#\/schema\/person\/c72f198205979084bf071deedb6205f4\",\"name\":\"Artikkelimport\u00f8r\",\"image\":{\"@type\":\"ImageObject\",\"inLanguage\":\"nb-NO\",\"@id\":\"https:\/\/naturvernforbundet.no\/moreogromsdal\/#\/schema\/person\/image\/\",\"url\":\"https:\/\/secure.gravatar.com\/avatar\/015fa491b9ed1c823ef16a5c930294d1?s=96&d=mm&r=g\",\"contentUrl\":\"https:\/\/secure.gravatar.com\/avatar\/015fa491b9ed1c823ef16a5c930294d1?s=96&d=mm&r=g\",\"caption\":\"Artikkelimport\u00f8r\"},\"url\":\"https:\/\/naturvernforbundet.no\/moreogromsdal\/author\/artikkelimportor\/\"}]}<\/script>\n<!-- \/ Yoast SEO plugin. -->","yoast_head_json":{"title":"\u00d8ystein Folden held fram som leiar i Naturvernforbundet i M\u00f8re og Romsdal - M\u00f8re og Romsdal","robots":{"index":"index","follow":"follow","max-snippet":"max-snippet:-1","max-image-preview":"max-image-preview:large","max-video-preview":"max-video-preview:-1"},"canonical":"https:\/\/naturvernforbundet.no\/moreogromsdal\/oystein-folden-held-fram-som-leiar-i-naturvernforbundet-i-more-og-romsdal\/","og_locale":"nb_NO","og_type":"article","og_title":"\u00d8ystein Folden held fram som leiar i Naturvernforbundet i M\u00f8re og Romsdal - M\u00f8re og Romsdal","og_description":"\u00d8ystein Folden (45) fr\u00e5 Tingvoll held fram som leiar i Naturvernforbundet i M\u00f8re og Romsdal. Han har vore leiar sidan 2002. Det er optimisme og vekst i Naturvernforbundet i fylket for tida.","og_url":"https:\/\/naturvernforbundet.no\/moreogromsdal\/oystein-folden-held-fram-som-leiar-i-naturvernforbundet-i-more-og-romsdal\/","og_site_name":"M\u00f8re og Romsdal","article_published_time":"2006-03-28T16:55:00+00:00","author":"Artikkelimport\u00f8r","twitter_card":"summary_large_image","twitter_misc":{"Skrevet av":"Artikkelimport\u00f8r","Ansl. lesetid":"1 minutt"},"schema":{"@context":"https:\/\/schema.org","@graph":[{"@type":"WebPage","@id":"https:\/\/naturvernforbundet.no\/moreogromsdal\/oystein-folden-held-fram-som-leiar-i-naturvernforbundet-i-more-og-romsdal\/","url":"https:\/\/naturvernforbundet.no\/moreogromsdal\/oystein-folden-held-fram-som-leiar-i-naturvernforbundet-i-more-og-romsdal\/","name":"\u00d8ystein Folden held fram som leiar i Naturvernforbundet i M\u00f8re og Romsdal - M\u00f8re og Romsdal","isPartOf":{"@id":"https:\/\/naturvernforbundet.no\/moreogromsdal\/#website"},"datePublished":"2006-03-28T16:55:00+00:00","author":{"@id":"https:\/\/naturvernforbundet.no\/moreogromsdal\/#\/schema\/person\/c72f198205979084bf071deedb6205f4"},"breadcrumb":{"@id":"https:\/\/naturvernforbundet.no\/moreogromsdal\/oystein-folden-held-fram-som-leiar-i-naturvernforbundet-i-more-og-romsdal\/#breadcrumb"},"inLanguage":"nb-NO","potentialAction":[{"@type":"ReadAction","target":["https:\/\/naturvernforbundet.no\/moreogromsdal\/oystein-folden-held-fram-som-leiar-i-naturvernforbundet-i-more-og-romsdal\/"]}]},{"@type":"BreadcrumbList","@id":"https:\/\/naturvernforbundet.no\/moreogromsdal\/oystein-folden-held-fram-som-leiar-i-naturvernforbundet-i-more-og-romsdal\/#breadcrumb","itemListElement":[{"@type":"ListItem","position":1,"name":"Till naturvernforbundet.no","item":"https:\/\/naturvernforbundet.no\/"},{"@type":"ListItem","position":2,"name":"M\u00f8re og Romsdal","item":"https:\/\/naturvernforbundet.no\/moreogromsdal\/"},{"@type":"ListItem","position":3,"name":"\u00d8ystein Folden held fram som leiar i Naturvernforbundet i M\u00f8re og Romsdal"}]},{"@type":"WebSite","@id":"https:\/\/naturvernforbundet.no\/moreogromsdal\/#website","url":"https:\/\/naturvernforbundet.no\/moreogromsdal\/","name":"M\u00f8re og Romsdal","description":"Bare enda et Naturvernforbundet Sites-nettsted","potentialAction":[{"@type":"SearchAction","target":{"@type":"EntryPoint","urlTemplate":"https:\/\/naturvernforbundet.no\/moreogromsdal\/?s={search_term_string}"},"query-input":{"@type":"PropertyValueSpecification","valueRequired":true,"valueName":"search_term_string"}}],"inLanguage":"nb-NO"},{"@type":"Person","@id":"https:\/\/naturvernforbundet.no\/moreogromsdal\/#\/schema\/person\/c72f198205979084bf071deedb6205f4","name":"Artikkelimport\u00f8r","image":{"@type":"ImageObject","inLanguage":"nb-NO","@id":"https:\/\/naturvernforbundet.no\/moreogromsdal\/#\/schema\/person\/image\/","url":"https:\/\/secure.gravatar.com\/avatar\/015fa491b9ed1c823ef16a5c930294d1?s=96&d=mm&r=g","contentUrl":"https:\/\/secure.gravatar.com\/avatar\/015fa491b9ed1c823ef16a5c930294d1?s=96&d=mm&r=g","caption":"Artikkelimport\u00f8r"},"url":"https:\/\/naturvernforbundet.no\/moreogromsdal\/author\/artikkelimportor\/"}]}},"_links":{"self":[{"href":"https:\/\/naturvernforbundet.no\/moreogromsdal\/wp-json\/wp\/v2\/posts\/1260","targetHints":{"allow":["GET"]}}],"collection":[{"href":"https:\/\/naturvernforbundet.no\/moreogromsdal\/wp-json\/wp\/v2\/posts"}],"about":[{"href":"https:\/\/naturvernforbundet.no\/moreogromsdal\/wp-json\/wp\/v2\/types\/post"}],"author":[{"embeddable":true,"href":"https:\/\/naturvernforbundet.no\/moreogromsdal\/wp-json\/wp\/v2\/users\/38"}],"replies":[{"embeddable":true,"href":"https:\/\/naturvernforbundet.no\/moreogromsdal\/wp-json\/wp\/v2\/comments?post=1260"}],"version-history":[{"count":0,"href":"https:\/\/naturvernforbundet.no\/moreogromsdal\/wp-json\/wp\/v2\/posts\/1260\/revisions"}],"wp:attachment":[{"href":"https:\/\/naturvernforbundet.no\/moreogromsdal\/wp-json\/wp\/v2\/media?parent=1260"}],"wp:term":[{"taxonomy":"category","embeddable":true,"href":"https:\/\/naturvernforbundet.no\/moreogromsdal\/wp-json\/wp\/v2\/categories?post=1260"},{"taxonomy":"post_tag","embeddable":true,"href":"https:\/\/naturvernforbundet.no\/moreogromsdal\/wp-json\/wp\/v2\/tags?post=1260"},{"taxonomy":"local","embeddable":true,"href":"https:\/\/naturvernforbundet.no\/moreogromsdal\/wp-json\/wp\/v2\/local?post=1260"}],"curies":[{"name":"wp","href":"https:\/\/api.w.org\/{rel}","templated":true}]}}