{"id":1305,"date":"2006-09-05T05:55:00","date_gmt":"2006-09-05T03:55:00","guid":{"rendered":"https:\/\/naturvernforbundet.no\/moreogromsdal\/ekstremistar-og-kraftpolitikk\/"},"modified":"2006-09-05T05:55:00","modified_gmt":"2006-09-05T03:55:00","slug":"ekstremistar-og-kraftpolitikk","status":"publish","type":"post","link":"https:\/\/naturvernforbundet.no\/moreogromsdal\/ekstremistar-og-kraftpolitikk\/","title":{"rendered":"Ekstremistar og kraftpolitikk"},"content":{"rendered":"\t<div class=\"template-post alignfull wp-block-naturvern-hero\">\n\t\t<div class=\"hero__inner\">\n\t\t\t<div class=\"hero__inner_blocks\">\n\t\t\t\t\t\t\t\t\n\t\t\t\t\t<h1 class=\"wp-block-post-title\">Ekstremistar og kraftpolitikk<\/h1>\n\n\t\t\t\t\t<div class=\"wp-block-post-excerpt\"><p class=\"wp-block-post-excerpt__excerpt\">Lesarbrev fr\u00e5 Naturvernforbundet i M\u00f8re og Romsdal. <\/p><\/div>\n\n\t\t\t\t\t\n\n\t\t\t\t\t<div class=\"wp-block-naturvern-byline\">\n\t\t\t<div class=\"authors\">By <span class=\"t2-byline__author-link\">Artikkelimport\u00f8r<\/span><\/div>\n\t\t\t<small class=\"entry-date\">05.09.2006 05:55<\/small>\n\t\t<\/div>\n\t\t\t\t\t\t\t\t<\/div>\n\t\t\t\t\t<\/div>\n\t\t\t<\/div>\n\t\n<p>Mellvin Steinsvoll held fram som f\u00f8r, i alle fall som kraftsosialist og skribent. N\u00e5r han skriv om politikarskapt kraftkrise s\u00e5 kan han ha mykje rett i det. Rolla han tildeler natur- og milj\u00f8vernarane er derimot t\u00f8vete.\n<\/p>\n\n\n\n<p>Dei dyre straumprisane skuldast ikkje manglande utbygging. I Noreg har vi alt bygd ut 2\/3 av vassdragsressursane v\u00e5re, og mesteparten av det som er att m\u00e5 f\u00e5 lov \u00e5 vere vassdrag og ikkje t\u00f8rre bekkefar. \u00c5rsaka er helst at vi som i mange andre samanhengar tar enklaste veg. I energisamanheng tyder det \u00e5 bruke meir straum. Det har vi gjort utan tanke for om det finst meir straum tilgjengeleg. Viss ein l\u00f8nstakar gjer p\u00e5 same m\u00e5ten, g\u00e5r han konk. Politikarane si rolle? Dei har klappa i hendene over \u201dutviklinga\u201d i staden for \u00e5 vise veg og peike p\u00e5 korleis vi kunne avgrense energibruken og klare oss med det vi har.\n<\/p>\n\n\n\n<p>N\u00e5r Steinsvoll skuldar milj\u00f8r\u00f8rsla for \u00e5 ville legge ned den kraftkrevjande industrien, tar han feil. Naturvernforbundet \u00f8nskjer ikkje den kraftkrevjande industrien til livs, men vi tykkjer det er rett at ogs\u00e5 denne industrien b\u00f8r sj\u00e5 p\u00e5 korleis dei nyttar energien. I v\u00e5r energigjennomgang finn vi at kreftkrevjande industri i Midt-Noreg b\u00f8r kunne redusere forbruket med ca. 1,5 TWh innan 10 \u00e5r utan \u00e5 redusere produksjonen. Heilt utan kostnad blir det ikkje, men ikkje verre enn at det b\u00f8r vere mogleg.\n<\/p>\n\n\n\n<p>Viss milj\u00f8r\u00f8rsla hadde f\u00e5tt det som vi ville s\u00e5 hadde vi slutta med \u00e5 auke energiforbruket. Utan auke kunne det vel hende det var eit visst overskot p\u00e5 straum, og med overskot hadde ikkje prisen dratt i veg p\u00e5 same m\u00e5ten. Skal nokon tildelast skuld for auka straumpris s\u00e5 er det dei som har auka forbruket sitt som er rette adressaten. Dette har ikkje milj\u00f8r\u00f8rsla skulda for.\n<\/p>\n\n\n\n<p>Elles ligg det i energisektoren store godbitar i form av arbeidsplassar til Steinsvoll. Naturvernforbundet vil heller ha folk ut i utmarka for \u00e5 hente skog til flis og pellets. D\u00e5 er det tale om i alle fall 400 arbeidsplassar for \u00e5 produsere ein TWh med energi. Det tykkjer vi er betre enn \u00e5 satse p\u00e5 meir energikrevjande industri. For kvar tilsett ved Hydro Sunndal blir det brukt meir enn 5 000 000 kilowattimar. Ein familiebustad brukar til samanlikning 20 000 kilowattimar.\n<\/p>\n\n\n\n<p>N\u00e5r Steinsvoll no vil ha milj\u00f8vernarane av banen slik at politikarane kan l\u00f8yse \u201dkraftkrisa\u201d, set han saka p\u00e5 hovudet. Naturvernforbundet har i alle fall lagt fram ein rapport som viser l\u00f8ysingar p\u00e5 problemet. Desse l\u00f8ysingane verker ogs\u00e5 i \u00e5ra f\u00f8r 2010. F\u00e5r politikarane i fylket halde p\u00e5 utan v\u00e5r hjelp, skal dei visst lage mykje straum, men det er ikkje noko \u00e5 tale om f\u00f8r i 2010 eller 2012. Og l\u00f8ysinga dei har er i alle fall ikkje sunt for kloden.\n<\/p>\n\n\n\n<p>\u00d8ystein Folden\n<\/p>\n\n\n\n<p>Leiar, Naturvernforbundet i M\u00f8re og Romsdal\n<\/p>\n\n\n\n<pre class=\"wp-block-preformatted\"><p><\/p><a title=\"\/cgi-bin\/naturvern\/imaker?id=32&amp;visdybde=1&amp;aktiv=32\" href=\"\/cgi-bin\/naturvern\/imaker?id=32&amp;visdybde=1&amp;aktiv=32\" target=\"linkvindu\" rel=\"noopener\">Ja, dette er viktig. Eg vil bli medlem i Naturvernforbundet<\/a><br><table cellspacing=\"0\" cellpadding=\"0\" border=\"0\"><\/table><p><br><\/p><p><\/p><a title=\"\/cgi-bin\/naturvern\/imaker?id=25252\" href=\"\/cgi-bin\/naturvern\/imaker?id=25252\" target=\"linkvindu\" rel=\"noopener\">Eg vil gjerne st\u00f8tte arbeidet Naturvernforbundets gj\u00f8r for \u00e5 redusere energibruk og klimaendringar<\/a><table cellspacing=\"0\" cellpadding=\"0\" border=\"0\"><\/table><\/pre>\n\n\n\n<p><a href=\"\/imakerdata\/f\/0\/91\/98\/6_2401_0\/Politikerskapt_kraftkrise_001.jpg\">Innlegget til Melvin Steinsvoll<\/a><\/p>\n","protected":false},"excerpt":{"rendered":"<p>Lesarbrev fr\u00e5 Naturvernforbundet i M\u00f8re og Romsdal.<\/p>\n","protected":false},"author":38,"featured_media":0,"comment_status":"closed","ping_status":"closed","sticky":false,"template":"","format":"standard","meta":{"_relevanssi_hide_post":"","_relevanssi_hide_content":"","_relevanssi_pin_for_all":"","_relevanssi_pin_keywords":"","_relevanssi_unpin_keywords":"","_relevanssi_related_keywords":"","_relevanssi_related_include_ids":"","_relevanssi_related_exclude_ids":"","_relevanssi_related_no_append":"","_relevanssi_related_not_related":"","_relevanssi_related_posts":"","_relevanssi_noindex_reason":"","hide_logo":false,"footnotes":""},"categories":[19],"tags":[],"local":[],"class_list":["post-1305","post","type-post","status-publish","format-standard","hentry","category-klima"],"acf":[],"yoast_head":"<!-- This site is optimized with the Yoast SEO plugin v24.9 - https:\/\/yoast.com\/wordpress\/plugins\/seo\/ -->\n<title>Ekstremistar og kraftpolitikk - M\u00f8re og Romsdal<\/title>\n<meta name=\"robots\" content=\"index, follow, max-snippet:-1, max-image-preview:large, max-video-preview:-1\" \/>\n<link rel=\"canonical\" href=\"https:\/\/naturvernforbundet.no\/moreogromsdal\/ekstremistar-og-kraftpolitikk\/\" \/>\n<meta property=\"og:locale\" content=\"nb_NO\" \/>\n<meta property=\"og:type\" content=\"article\" \/>\n<meta property=\"og:title\" content=\"Ekstremistar og kraftpolitikk - M\u00f8re og Romsdal\" \/>\n<meta property=\"og:description\" content=\"Lesarbrev fr\u00e5 Naturvernforbundet i M\u00f8re og Romsdal.\" \/>\n<meta property=\"og:url\" content=\"https:\/\/naturvernforbundet.no\/moreogromsdal\/ekstremistar-og-kraftpolitikk\/\" \/>\n<meta property=\"og:site_name\" content=\"M\u00f8re og Romsdal\" \/>\n<meta property=\"article:published_time\" content=\"2006-09-05T03:55:00+00:00\" \/>\n<meta name=\"author\" content=\"Artikkelimport\u00f8r\" \/>\n<meta name=\"twitter:card\" content=\"summary_large_image\" \/>\n<meta name=\"twitter:label1\" content=\"Skrevet av\" \/>\n\t<meta name=\"twitter:data1\" content=\"Artikkelimport\u00f8r\" \/>\n\t<meta name=\"twitter:label2\" content=\"Ansl. lesetid\" \/>\n\t<meta name=\"twitter:data2\" content=\"3 minutter\" \/>\n<script type=\"application\/ld+json\" class=\"yoast-schema-graph\">{\"@context\":\"https:\/\/schema.org\",\"@graph\":[{\"@type\":\"WebPage\",\"@id\":\"https:\/\/naturvernforbundet.no\/moreogromsdal\/ekstremistar-og-kraftpolitikk\/\",\"url\":\"https:\/\/naturvernforbundet.no\/moreogromsdal\/ekstremistar-og-kraftpolitikk\/\",\"name\":\"Ekstremistar og kraftpolitikk - M\u00f8re og Romsdal\",\"isPartOf\":{\"@id\":\"https:\/\/naturvernforbundet.no\/moreogromsdal\/#website\"},\"datePublished\":\"2006-09-05T03:55:00+00:00\",\"author\":{\"@id\":\"https:\/\/naturvernforbundet.no\/moreogromsdal\/#\/schema\/person\/c72f198205979084bf071deedb6205f4\"},\"breadcrumb\":{\"@id\":\"https:\/\/naturvernforbundet.no\/moreogromsdal\/ekstremistar-og-kraftpolitikk\/#breadcrumb\"},\"inLanguage\":\"nb-NO\",\"potentialAction\":[{\"@type\":\"ReadAction\",\"target\":[\"https:\/\/naturvernforbundet.no\/moreogromsdal\/ekstremistar-og-kraftpolitikk\/\"]}]},{\"@type\":\"BreadcrumbList\",\"@id\":\"https:\/\/naturvernforbundet.no\/moreogromsdal\/ekstremistar-og-kraftpolitikk\/#breadcrumb\",\"itemListElement\":[{\"@type\":\"ListItem\",\"position\":1,\"name\":\"Till naturvernforbundet.no\",\"item\":\"https:\/\/naturvernforbundet.no\/\"},{\"@type\":\"ListItem\",\"position\":2,\"name\":\"M\u00f8re og Romsdal\",\"item\":\"https:\/\/naturvernforbundet.no\/moreogromsdal\/\"},{\"@type\":\"ListItem\",\"position\":3,\"name\":\"Ekstremistar og kraftpolitikk\"}]},{\"@type\":\"WebSite\",\"@id\":\"https:\/\/naturvernforbundet.no\/moreogromsdal\/#website\",\"url\":\"https:\/\/naturvernforbundet.no\/moreogromsdal\/\",\"name\":\"M\u00f8re og Romsdal\",\"description\":\"Bare enda et Naturvernforbundet Sites-nettsted\",\"potentialAction\":[{\"@type\":\"SearchAction\",\"target\":{\"@type\":\"EntryPoint\",\"urlTemplate\":\"https:\/\/naturvernforbundet.no\/moreogromsdal\/?s={search_term_string}\"},\"query-input\":{\"@type\":\"PropertyValueSpecification\",\"valueRequired\":true,\"valueName\":\"search_term_string\"}}],\"inLanguage\":\"nb-NO\"},{\"@type\":\"Person\",\"@id\":\"https:\/\/naturvernforbundet.no\/moreogromsdal\/#\/schema\/person\/c72f198205979084bf071deedb6205f4\",\"name\":\"Artikkelimport\u00f8r\",\"image\":{\"@type\":\"ImageObject\",\"inLanguage\":\"nb-NO\",\"@id\":\"https:\/\/naturvernforbundet.no\/moreogromsdal\/#\/schema\/person\/image\/\",\"url\":\"https:\/\/secure.gravatar.com\/avatar\/015fa491b9ed1c823ef16a5c930294d1?s=96&d=mm&r=g\",\"contentUrl\":\"https:\/\/secure.gravatar.com\/avatar\/015fa491b9ed1c823ef16a5c930294d1?s=96&d=mm&r=g\",\"caption\":\"Artikkelimport\u00f8r\"},\"url\":\"https:\/\/naturvernforbundet.no\/moreogromsdal\/author\/artikkelimportor\/\"}]}<\/script>\n<!-- \/ Yoast SEO plugin. -->","yoast_head_json":{"title":"Ekstremistar og kraftpolitikk - M\u00f8re og Romsdal","robots":{"index":"index","follow":"follow","max-snippet":"max-snippet:-1","max-image-preview":"max-image-preview:large","max-video-preview":"max-video-preview:-1"},"canonical":"https:\/\/naturvernforbundet.no\/moreogromsdal\/ekstremistar-og-kraftpolitikk\/","og_locale":"nb_NO","og_type":"article","og_title":"Ekstremistar og kraftpolitikk - M\u00f8re og Romsdal","og_description":"Lesarbrev fr\u00e5 Naturvernforbundet i M\u00f8re og Romsdal.","og_url":"https:\/\/naturvernforbundet.no\/moreogromsdal\/ekstremistar-og-kraftpolitikk\/","og_site_name":"M\u00f8re og Romsdal","article_published_time":"2006-09-05T03:55:00+00:00","author":"Artikkelimport\u00f8r","twitter_card":"summary_large_image","twitter_misc":{"Skrevet av":"Artikkelimport\u00f8r","Ansl. lesetid":"3 minutter"},"schema":{"@context":"https:\/\/schema.org","@graph":[{"@type":"WebPage","@id":"https:\/\/naturvernforbundet.no\/moreogromsdal\/ekstremistar-og-kraftpolitikk\/","url":"https:\/\/naturvernforbundet.no\/moreogromsdal\/ekstremistar-og-kraftpolitikk\/","name":"Ekstremistar og kraftpolitikk - M\u00f8re og Romsdal","isPartOf":{"@id":"https:\/\/naturvernforbundet.no\/moreogromsdal\/#website"},"datePublished":"2006-09-05T03:55:00+00:00","author":{"@id":"https:\/\/naturvernforbundet.no\/moreogromsdal\/#\/schema\/person\/c72f198205979084bf071deedb6205f4"},"breadcrumb":{"@id":"https:\/\/naturvernforbundet.no\/moreogromsdal\/ekstremistar-og-kraftpolitikk\/#breadcrumb"},"inLanguage":"nb-NO","potentialAction":[{"@type":"ReadAction","target":["https:\/\/naturvernforbundet.no\/moreogromsdal\/ekstremistar-og-kraftpolitikk\/"]}]},{"@type":"BreadcrumbList","@id":"https:\/\/naturvernforbundet.no\/moreogromsdal\/ekstremistar-og-kraftpolitikk\/#breadcrumb","itemListElement":[{"@type":"ListItem","position":1,"name":"Till naturvernforbundet.no","item":"https:\/\/naturvernforbundet.no\/"},{"@type":"ListItem","position":2,"name":"M\u00f8re og Romsdal","item":"https:\/\/naturvernforbundet.no\/moreogromsdal\/"},{"@type":"ListItem","position":3,"name":"Ekstremistar og kraftpolitikk"}]},{"@type":"WebSite","@id":"https:\/\/naturvernforbundet.no\/moreogromsdal\/#website","url":"https:\/\/naturvernforbundet.no\/moreogromsdal\/","name":"M\u00f8re og Romsdal","description":"Bare enda et Naturvernforbundet Sites-nettsted","potentialAction":[{"@type":"SearchAction","target":{"@type":"EntryPoint","urlTemplate":"https:\/\/naturvernforbundet.no\/moreogromsdal\/?s={search_term_string}"},"query-input":{"@type":"PropertyValueSpecification","valueRequired":true,"valueName":"search_term_string"}}],"inLanguage":"nb-NO"},{"@type":"Person","@id":"https:\/\/naturvernforbundet.no\/moreogromsdal\/#\/schema\/person\/c72f198205979084bf071deedb6205f4","name":"Artikkelimport\u00f8r","image":{"@type":"ImageObject","inLanguage":"nb-NO","@id":"https:\/\/naturvernforbundet.no\/moreogromsdal\/#\/schema\/person\/image\/","url":"https:\/\/secure.gravatar.com\/avatar\/015fa491b9ed1c823ef16a5c930294d1?s=96&d=mm&r=g","contentUrl":"https:\/\/secure.gravatar.com\/avatar\/015fa491b9ed1c823ef16a5c930294d1?s=96&d=mm&r=g","caption":"Artikkelimport\u00f8r"},"url":"https:\/\/naturvernforbundet.no\/moreogromsdal\/author\/artikkelimportor\/"}]}},"_links":{"self":[{"href":"https:\/\/naturvernforbundet.no\/moreogromsdal\/wp-json\/wp\/v2\/posts\/1305","targetHints":{"allow":["GET"]}}],"collection":[{"href":"https:\/\/naturvernforbundet.no\/moreogromsdal\/wp-json\/wp\/v2\/posts"}],"about":[{"href":"https:\/\/naturvernforbundet.no\/moreogromsdal\/wp-json\/wp\/v2\/types\/post"}],"author":[{"embeddable":true,"href":"https:\/\/naturvernforbundet.no\/moreogromsdal\/wp-json\/wp\/v2\/users\/38"}],"replies":[{"embeddable":true,"href":"https:\/\/naturvernforbundet.no\/moreogromsdal\/wp-json\/wp\/v2\/comments?post=1305"}],"version-history":[{"count":0,"href":"https:\/\/naturvernforbundet.no\/moreogromsdal\/wp-json\/wp\/v2\/posts\/1305\/revisions"}],"wp:attachment":[{"href":"https:\/\/naturvernforbundet.no\/moreogromsdal\/wp-json\/wp\/v2\/media?parent=1305"}],"wp:term":[{"taxonomy":"category","embeddable":true,"href":"https:\/\/naturvernforbundet.no\/moreogromsdal\/wp-json\/wp\/v2\/categories?post=1305"},{"taxonomy":"post_tag","embeddable":true,"href":"https:\/\/naturvernforbundet.no\/moreogromsdal\/wp-json\/wp\/v2\/tags?post=1305"},{"taxonomy":"local","embeddable":true,"href":"https:\/\/naturvernforbundet.no\/moreogromsdal\/wp-json\/wp\/v2\/local?post=1305"}],"curies":[{"name":"wp","href":"https:\/\/api.w.org\/{rel}","templated":true}]}}