{"id":1309,"date":"2006-03-19T16:34:00","date_gmt":"2006-03-19T15:34:00","guid":{"rendered":"https:\/\/naturvernforbundet.no\/moreogromsdal\/straum-pa-hytta\/"},"modified":"2006-03-19T16:34:00","modified_gmt":"2006-03-19T15:34:00","slug":"straum-pa-hytta","status":"publish","type":"post","link":"https:\/\/naturvernforbundet.no\/moreogromsdal\/straum-pa-hytta\/","title":{"rendered":"Straum p\u00e5 hytta?"},"content":{"rendered":"\t<div class=\"template-post alignfull wp-block-naturvern-hero\">\n\t\t<div class=\"hero__inner\">\n\t\t\t<div class=\"hero__inner_blocks\">\n\t\t\t\t\t\t\t\t\n\t\t\t\t\t<h1 class=\"wp-block-post-title\">Straum p\u00e5 hytta?<\/h1>\n\n\t\t\t\t\t<div class=\"wp-block-post-excerpt\"><p class=\"wp-block-post-excerpt__excerpt\">Lesarinnlegg fr\u00e5 Naturvernforbundet i M\u00f8re og Romsdal. <\/p><\/div>\n\n\t\t\t\t\t\n\n\t\t\t\t\t<div class=\"wp-block-naturvern-byline\">\n\t\t\t<div class=\"authors\">By <span class=\"t2-byline__author-link\">Artikkelimport\u00f8r<\/span><\/div>\n\t\t\t<small class=\"entry-date\">19.03.2006 16:34<\/small>\n\t\t<\/div>\n\t\t\t\t\t\t\t\t<\/div>\n\t\t\t\t\t<\/div>\n\t\t\t<\/div>\n\t\n<p>N\u00e5r den gode gamle hytta f\u00e5r brukarar som tar til \u00e5 bli b\u00e5de gode og gamle dei ogs\u00e5, d\u00e5 melder tankane seg om \u00e5 legge inn straum p\u00e5 hytta. Dei seinare \u00e5ra har dei f\u00e5tt selskap av yngre brukargrupper som har liknande tankar. Er det ein god ide \u00e5 legge inn straum p\u00e5 hytta \u2013 eller er det ikkje det?\n<\/p>\n\n\n\n<p>Naturvernforbundet vil peike p\u00e5 f\u00f8lgjande moment i desse sakene:\n<\/p>\n\n\n\n<p>&#8211; Dei som har hytte der det ikkje er straum eller veg har i utgangspunktet bygd eller kj\u00f8pt ei hytte som har den kvaliteten at det ikkje er veg eller straum. Slik har naboane deira tenkt ogs\u00e5.\n<\/p>\n\n\n\n<p>&#8211; Det er lite aktuelt \u00e5 bygge nye hytter spreidd i landskapet. Mange nye hyttefelt har h\u00f8gare tilrettelegging enn gamle. Dei som gjerne vil ha enkle tilh\u00f8ve vil f\u00e5 stadig st\u00f8rre vanskar med \u00e5 finne slike hytter. \n<\/p>\n\n\n\n<p>&#8211; Viss gamle hytter f\u00e5r straum og veks i storleik slik dei ofte gjer, passer dette ofte d\u00e5rleg med den opprinnelege hytteplana. Det ser rett og slett ikkje triveleg ut. \n<\/p>\n\n\n\n<p>&#8211; Hytter utan veg og straum er oftast ikkje s\u00e5 store. Dei innbyr dessutan til ein annan type liv enn store hytter med h\u00f8g tilrettelegging. For mange gjer det godt \u00e5 bruke god tid p\u00e5 \u00e5 gjere dei heilt enkle tinga som \u00e5 fyre i ovnen og vaske opp i balje. P\u00e5 den m\u00e5ten g\u00e5r livet saktare og det blir meir tid til \u00e5 puste ut og leve. \n<\/p>\n\n\n\n<p>Naturvernforbundet vil klart r\u00e5 fr\u00e5 at det blir bygd straum eller veg til eksisterande hyttefelt.\n<\/p>\n\n\n\n<p>I den seinare tida har det kome til eit moment i tillegg, som gjeld like mykje for heilt nye hytteomr\u00e5de. P\u00e5 same m\u00e5ten som for nokre ti\u00e5r sidan er det knapt med straum. Hytter er som andre bygningar meir energikrevjande om vinteren n\u00e5r det er knappast med straum. S\u00e5 lenge vi ikkje har betre l\u00f8ysingar p\u00e5 ny straumproduksjon enn at det er mykje til ulempe for folk b\u00e5de her i landet og andre stader i verda, m\u00e5 vi ordne oss utan straum. Det er ikkje knapt med varme i Noreg, s\u00e5 vi har gode alternativ for \u00e5 ha det varmt p\u00e5 hytta.\n<\/p>\n\n\n\n<p>Naturvernforbundet meiner det er betre med enkelt friluftsliv i fin natur framfor \u00e5 bygge ut hytta omlag slik som huset heime, og s\u00e5 legge alle bekkar i r\u00f8yr med tilh\u00f8yrande kraftliner for \u00e5 f\u00e5 nok straum til slike byggverk. Kvifor skal ein d\u00e5 ha hytte, n\u00e5r omr\u00e5da rundt ser ut omlag som i byggefeltet heime? Vil ein ha mykje luksus og tilrettelegging, g\u00e5r det godt an \u00e5 leige seg inn p\u00e5 hotell i staden.\n<\/p>\n\n\n\n<p>Difor er Naturvernforbundet si oppmoding enkel: Har du hytte utan straum og vil ha straum, s\u00e5 sel hytta til nokon som vil feriere straumlaust. S\u00e5 kan du velje om du vil kj\u00f8pe ei hytte med straum ein annan stad, eller kanskje like gjerne leige hytte, g\u00e5 mellom hyttene til Turistforeininga eller dra p\u00e5 hotellferie.\n<\/p>\n\n\n\n<p>Med det same kan vi seie fr\u00e5 om at pelletskaminen som f\u00e5r straumbehovet sitt dekt av solpanel er undervegs. Er det mobildekning p\u00e5 hytta, kan du ringe hytta varm, utan straum. \n<\/p>\n\n\n\n<p>\u00d8ystein Folden\n<\/p>\n\n\n\n<p>Leiar, Naturvernforbundet i M\u00f8re og Romsdal\n<a>Ja, dette er viktig. Eg vil bli medlem i Naturvernforbundet<\/a><br><\/p>\n\n\n\n\n\n<p><a>Eg vil gjerne st\u00f8tte arbeidet Naturvernforbundets gj\u00f8r for \u00e5 redusere energibruk og klimaendringar<\/a><\/p>\n\n\n","protected":false},"excerpt":{"rendered":"<p>Lesarinnlegg fr\u00e5 Naturvernforbundet i M\u00f8re og Romsdal.<\/p>\n","protected":false},"author":38,"featured_media":0,"comment_status":"closed","ping_status":"closed","sticky":false,"template":"","format":"standard","meta":{"_relevanssi_hide_post":"","_relevanssi_hide_content":"","_relevanssi_pin_for_all":"","_relevanssi_pin_keywords":"","_relevanssi_unpin_keywords":"","_relevanssi_related_keywords":"","_relevanssi_related_include_ids":"","_relevanssi_related_exclude_ids":"","_relevanssi_related_no_append":"","_relevanssi_related_not_related":"","_relevanssi_related_posts":"","_relevanssi_noindex_reason":"","hide_logo":false,"footnotes":""},"categories":[16],"tags":[],"local":[],"class_list":["post-1309","post","type-post","status-publish","format-standard","hentry","category-naturmangfold"],"acf":[],"yoast_head":"<!-- This site is optimized with the Yoast SEO plugin v24.9 - https:\/\/yoast.com\/wordpress\/plugins\/seo\/ -->\n<title>Straum p\u00e5 hytta? - M\u00f8re og Romsdal<\/title>\n<meta name=\"robots\" content=\"index, follow, max-snippet:-1, max-image-preview:large, max-video-preview:-1\" \/>\n<link rel=\"canonical\" href=\"https:\/\/naturvernforbundet.no\/moreogromsdal\/straum-pa-hytta\/\" \/>\n<meta property=\"og:locale\" content=\"nb_NO\" \/>\n<meta property=\"og:type\" content=\"article\" \/>\n<meta property=\"og:title\" content=\"Straum p\u00e5 hytta? - M\u00f8re og Romsdal\" \/>\n<meta property=\"og:description\" content=\"Lesarinnlegg fr\u00e5 Naturvernforbundet i M\u00f8re og Romsdal.\" \/>\n<meta property=\"og:url\" content=\"https:\/\/naturvernforbundet.no\/moreogromsdal\/straum-pa-hytta\/\" \/>\n<meta property=\"og:site_name\" content=\"M\u00f8re og Romsdal\" \/>\n<meta property=\"article:published_time\" content=\"2006-03-19T15:34:00+00:00\" \/>\n<meta name=\"author\" content=\"Artikkelimport\u00f8r\" \/>\n<meta name=\"twitter:card\" content=\"summary_large_image\" \/>\n<meta name=\"twitter:label1\" content=\"Skrevet av\" \/>\n\t<meta name=\"twitter:data1\" content=\"Artikkelimport\u00f8r\" \/>\n\t<meta name=\"twitter:label2\" content=\"Ansl. lesetid\" \/>\n\t<meta name=\"twitter:data2\" content=\"3 minutter\" \/>\n<script type=\"application\/ld+json\" class=\"yoast-schema-graph\">{\"@context\":\"https:\/\/schema.org\",\"@graph\":[{\"@type\":\"WebPage\",\"@id\":\"https:\/\/naturvernforbundet.no\/moreogromsdal\/straum-pa-hytta\/\",\"url\":\"https:\/\/naturvernforbundet.no\/moreogromsdal\/straum-pa-hytta\/\",\"name\":\"Straum p\u00e5 hytta? - M\u00f8re og Romsdal\",\"isPartOf\":{\"@id\":\"https:\/\/naturvernforbundet.no\/moreogromsdal\/#website\"},\"datePublished\":\"2006-03-19T15:34:00+00:00\",\"author\":{\"@id\":\"https:\/\/naturvernforbundet.no\/moreogromsdal\/#\/schema\/person\/c72f198205979084bf071deedb6205f4\"},\"breadcrumb\":{\"@id\":\"https:\/\/naturvernforbundet.no\/moreogromsdal\/straum-pa-hytta\/#breadcrumb\"},\"inLanguage\":\"nb-NO\",\"potentialAction\":[{\"@type\":\"ReadAction\",\"target\":[\"https:\/\/naturvernforbundet.no\/moreogromsdal\/straum-pa-hytta\/\"]}]},{\"@type\":\"BreadcrumbList\",\"@id\":\"https:\/\/naturvernforbundet.no\/moreogromsdal\/straum-pa-hytta\/#breadcrumb\",\"itemListElement\":[{\"@type\":\"ListItem\",\"position\":1,\"name\":\"Till naturvernforbundet.no\",\"item\":\"https:\/\/naturvernforbundet.no\/\"},{\"@type\":\"ListItem\",\"position\":2,\"name\":\"M\u00f8re og Romsdal\",\"item\":\"https:\/\/naturvernforbundet.no\/moreogromsdal\/\"},{\"@type\":\"ListItem\",\"position\":3,\"name\":\"Straum p\u00e5 hytta?\"}]},{\"@type\":\"WebSite\",\"@id\":\"https:\/\/naturvernforbundet.no\/moreogromsdal\/#website\",\"url\":\"https:\/\/naturvernforbundet.no\/moreogromsdal\/\",\"name\":\"M\u00f8re og Romsdal\",\"description\":\"Bare enda et Naturvernforbundet Sites-nettsted\",\"potentialAction\":[{\"@type\":\"SearchAction\",\"target\":{\"@type\":\"EntryPoint\",\"urlTemplate\":\"https:\/\/naturvernforbundet.no\/moreogromsdal\/?s={search_term_string}\"},\"query-input\":{\"@type\":\"PropertyValueSpecification\",\"valueRequired\":true,\"valueName\":\"search_term_string\"}}],\"inLanguage\":\"nb-NO\"},{\"@type\":\"Person\",\"@id\":\"https:\/\/naturvernforbundet.no\/moreogromsdal\/#\/schema\/person\/c72f198205979084bf071deedb6205f4\",\"name\":\"Artikkelimport\u00f8r\",\"image\":{\"@type\":\"ImageObject\",\"inLanguage\":\"nb-NO\",\"@id\":\"https:\/\/naturvernforbundet.no\/moreogromsdal\/#\/schema\/person\/image\/\",\"url\":\"https:\/\/secure.gravatar.com\/avatar\/015fa491b9ed1c823ef16a5c930294d1?s=96&d=mm&r=g\",\"contentUrl\":\"https:\/\/secure.gravatar.com\/avatar\/015fa491b9ed1c823ef16a5c930294d1?s=96&d=mm&r=g\",\"caption\":\"Artikkelimport\u00f8r\"},\"url\":\"https:\/\/naturvernforbundet.no\/moreogromsdal\/author\/artikkelimportor\/\"}]}<\/script>\n<!-- \/ Yoast SEO plugin. -->","yoast_head_json":{"title":"Straum p\u00e5 hytta? - M\u00f8re og Romsdal","robots":{"index":"index","follow":"follow","max-snippet":"max-snippet:-1","max-image-preview":"max-image-preview:large","max-video-preview":"max-video-preview:-1"},"canonical":"https:\/\/naturvernforbundet.no\/moreogromsdal\/straum-pa-hytta\/","og_locale":"nb_NO","og_type":"article","og_title":"Straum p\u00e5 hytta? - M\u00f8re og Romsdal","og_description":"Lesarinnlegg fr\u00e5 Naturvernforbundet i M\u00f8re og Romsdal.","og_url":"https:\/\/naturvernforbundet.no\/moreogromsdal\/straum-pa-hytta\/","og_site_name":"M\u00f8re og Romsdal","article_published_time":"2006-03-19T15:34:00+00:00","author":"Artikkelimport\u00f8r","twitter_card":"summary_large_image","twitter_misc":{"Skrevet av":"Artikkelimport\u00f8r","Ansl. lesetid":"3 minutter"},"schema":{"@context":"https:\/\/schema.org","@graph":[{"@type":"WebPage","@id":"https:\/\/naturvernforbundet.no\/moreogromsdal\/straum-pa-hytta\/","url":"https:\/\/naturvernforbundet.no\/moreogromsdal\/straum-pa-hytta\/","name":"Straum p\u00e5 hytta? - M\u00f8re og Romsdal","isPartOf":{"@id":"https:\/\/naturvernforbundet.no\/moreogromsdal\/#website"},"datePublished":"2006-03-19T15:34:00+00:00","author":{"@id":"https:\/\/naturvernforbundet.no\/moreogromsdal\/#\/schema\/person\/c72f198205979084bf071deedb6205f4"},"breadcrumb":{"@id":"https:\/\/naturvernforbundet.no\/moreogromsdal\/straum-pa-hytta\/#breadcrumb"},"inLanguage":"nb-NO","potentialAction":[{"@type":"ReadAction","target":["https:\/\/naturvernforbundet.no\/moreogromsdal\/straum-pa-hytta\/"]}]},{"@type":"BreadcrumbList","@id":"https:\/\/naturvernforbundet.no\/moreogromsdal\/straum-pa-hytta\/#breadcrumb","itemListElement":[{"@type":"ListItem","position":1,"name":"Till naturvernforbundet.no","item":"https:\/\/naturvernforbundet.no\/"},{"@type":"ListItem","position":2,"name":"M\u00f8re og Romsdal","item":"https:\/\/naturvernforbundet.no\/moreogromsdal\/"},{"@type":"ListItem","position":3,"name":"Straum p\u00e5 hytta?"}]},{"@type":"WebSite","@id":"https:\/\/naturvernforbundet.no\/moreogromsdal\/#website","url":"https:\/\/naturvernforbundet.no\/moreogromsdal\/","name":"M\u00f8re og Romsdal","description":"Bare enda et Naturvernforbundet Sites-nettsted","potentialAction":[{"@type":"SearchAction","target":{"@type":"EntryPoint","urlTemplate":"https:\/\/naturvernforbundet.no\/moreogromsdal\/?s={search_term_string}"},"query-input":{"@type":"PropertyValueSpecification","valueRequired":true,"valueName":"search_term_string"}}],"inLanguage":"nb-NO"},{"@type":"Person","@id":"https:\/\/naturvernforbundet.no\/moreogromsdal\/#\/schema\/person\/c72f198205979084bf071deedb6205f4","name":"Artikkelimport\u00f8r","image":{"@type":"ImageObject","inLanguage":"nb-NO","@id":"https:\/\/naturvernforbundet.no\/moreogromsdal\/#\/schema\/person\/image\/","url":"https:\/\/secure.gravatar.com\/avatar\/015fa491b9ed1c823ef16a5c930294d1?s=96&d=mm&r=g","contentUrl":"https:\/\/secure.gravatar.com\/avatar\/015fa491b9ed1c823ef16a5c930294d1?s=96&d=mm&r=g","caption":"Artikkelimport\u00f8r"},"url":"https:\/\/naturvernforbundet.no\/moreogromsdal\/author\/artikkelimportor\/"}]}},"_links":{"self":[{"href":"https:\/\/naturvernforbundet.no\/moreogromsdal\/wp-json\/wp\/v2\/posts\/1309","targetHints":{"allow":["GET"]}}],"collection":[{"href":"https:\/\/naturvernforbundet.no\/moreogromsdal\/wp-json\/wp\/v2\/posts"}],"about":[{"href":"https:\/\/naturvernforbundet.no\/moreogromsdal\/wp-json\/wp\/v2\/types\/post"}],"author":[{"embeddable":true,"href":"https:\/\/naturvernforbundet.no\/moreogromsdal\/wp-json\/wp\/v2\/users\/38"}],"replies":[{"embeddable":true,"href":"https:\/\/naturvernforbundet.no\/moreogromsdal\/wp-json\/wp\/v2\/comments?post=1309"}],"version-history":[{"count":0,"href":"https:\/\/naturvernforbundet.no\/moreogromsdal\/wp-json\/wp\/v2\/posts\/1309\/revisions"}],"wp:attachment":[{"href":"https:\/\/naturvernforbundet.no\/moreogromsdal\/wp-json\/wp\/v2\/media?parent=1309"}],"wp:term":[{"taxonomy":"category","embeddable":true,"href":"https:\/\/naturvernforbundet.no\/moreogromsdal\/wp-json\/wp\/v2\/categories?post=1309"},{"taxonomy":"post_tag","embeddable":true,"href":"https:\/\/naturvernforbundet.no\/moreogromsdal\/wp-json\/wp\/v2\/tags?post=1309"},{"taxonomy":"local","embeddable":true,"href":"https:\/\/naturvernforbundet.no\/moreogromsdal\/wp-json\/wp\/v2\/local?post=1309"}],"curies":[{"name":"wp","href":"https:\/\/api.w.org\/{rel}","templated":true}]}}