{"id":1311,"date":"2005-02-26T16:10:43","date_gmt":"2005-02-26T15:10:43","guid":{"rendered":"https:\/\/naturvernforbundet.no\/moreogromsdal\/innlegget-sunnmorsposten-ikke-ville-trykke\/"},"modified":"2005-02-26T16:10:43","modified_gmt":"2005-02-26T15:10:43","slug":"innlegget-sunnmorsposten-ikke-ville-trykke","status":"publish","type":"post","link":"https:\/\/naturvernforbundet.no\/moreogromsdal\/innlegget-sunnmorsposten-ikke-ville-trykke\/","title":{"rendered":"Innlegget Sunnm\u00f8rsposten ikke ville trykke . . ."},"content":{"rendered":"\t<div class=\"template-post alignfull wp-block-naturvern-hero\">\n\t\t<div class=\"hero__inner\">\n\t\t\t<div class=\"hero__inner_blocks\">\n\t\t\t\t\t\t\t\t\n\t\t\t\t\t<h1 class=\"wp-block-post-title\">Innlegget Sunnm\u00f8rsposten ikke ville trykke . . .<\/h1>\n\n\t\t\t\t\t<div class=\"wp-block-post-excerpt\"><p class=\"wp-block-post-excerpt__excerpt\">Sunnm\u00f8rsposten smalt til med en leder 13. april 2004 som var full av feil om energi og milj\u00f8. Naturvernforbundet sendte inn et oppklarende svar, men det kom ikke p\u00e5 trykk. Organisasjonen ga opp h\u00e5pet og luftet sin frustrasjon p\u00e5 denne plass. Men 4. mai ble innlegget omsider publisert. <\/p><\/div>\n\n\t\t\t\t\t\n\n\t\t\t\t\t<div class=\"wp-block-naturvern-byline\">\n\t\t\t<div class=\"authors\">By <span class=\"t2-byline__author-link\">Artikkelimport\u00f8r<\/span><\/div>\n\t\t\t<small class=\"entry-date\">26.02.2005 16:10<\/small>\n\t\t<\/div>\n\t\t\t\t\t\t\t\t<\/div>\n\t\t\t\t\t<\/div>\n\t\t\t<\/div>\n\t\n<h1 class=\"wp-block-heading\">Kraftig, men kunnskapsl\u00f8st<\/h1>\n\n\n\n<p>Sunnm\u00f8rsposten tar kraftig i i sin leder ?Kraftl\u00f8st? 13. april, og \u00f8nsker seg flere gasskraftverk i Norge s\u00e5 fort som mulig. Vi i Naturvernforbundet er skuffet over Sunnm\u00f8rsposten.\n<\/p>\n\n\n\n<p>For det f\u00f8rste er vi skuffet over Sunnm\u00f8rsposten fordi avisa kaster fram sv\u00e6rt sterke meninger om energipolitikk uten \u00e5 i det hele tatt ta inn over seg klimautfordringene verden st\u00e5r overfor. Skal vi klare \u00e5 l\u00f8se klimaproblemene m\u00e5 vi gj\u00f8re oss mindre avhengig av fossil energi. Bygging av gasskraftverk i Norge vil gi \u00f8kte utslipp av klimagasser. Det vil ogs\u00e5 bli vanskelig for Norge \u00e5 n\u00e5 de internasjonale forpliktelsene vi har tatt p\u00e5 oss n\u00e5r det gjelder \u00e5 redusere klimagassutslippene.\n<\/p>\n\n\n\n<p>For det andre er vi i Naturvernforbundet skuffet over Sunnm\u00f8rsposten fordi avisa kaster fram sv\u00e6rt sterke meninger om milj\u00f8 og energi uten \u00e5 sjekke fakta. Her er tre fakta:\n<\/p>\n\n\n\n<p>1) Norge eksporterer i gjennomsnitt mer str\u00f8m enn vi kj\u00f8per fra utlandet. Uansett om man regner gjennomsnittet for de siste 5 \u00e5rene, de siste 10 \u00e5rene eller de siste 15 \u00e5rene, viser tallene det samme: Norge eksporterer mer elektrisitet enn vi kj\u00f8per fra utlandet. Sunnm\u00f8rspostens energiknapphet finnes bare p\u00e5 lederplass.\n<\/p>\n\n\n\n<p>2) Resultater fra MMIs unders\u00f8kelse Norsk Monitor viser at fire av ti (44 %) mener at man i fremtiden b\u00f8r satse p\u00e5 \u00e5 bygge ut vind, sol, b\u00f8lge og biokraft som energiform. Bare halvparten s\u00e5 mange mener man i fremtiden b\u00f8r satse p\u00e5 gasskraft (22 %) eller vannkraft (20 %). Sunnm\u00f8rspostens folkekrav om gasskraft finnes bare i redaksjonen. Sp\u00f8rsm\u00e5let i meningsm\u00e5lingen fra NHO som Sunnm\u00f8rsposten viser til er sv\u00e6rt tendensi\u00f8st.\n<\/p>\n\n\n\n<p>3) Norske gasskraftverk kommer ikke i stedet for kullkraftverk. Kraft som bygges ut i Norge f\u00f8res inn i et europeisk kraftmarked der den utveksles med andre lands elektrisitet. Sunnm\u00f8rsposten framstiller det som om kraften som Norge importerer alltid er kullkraft. Vinteren 2002\/2003 hadde for eksempel alle europeiske land som vi utveksler kraft med stort sett balanse i sin import og eksport. Det betyr at de ikke produserte mer enn det de selv brukte gjennom \u00e5ret og at kullkraftproduksjonen dermed ikke var h\u00f8yere enn den ellers ville v\u00e6rt. De eneste landene som hadde netto eksport var \u00d8sterrike og Sveits, og de eksporterte vannkraft! \n<\/p>\n\n\n\n<p>Sunnm\u00f8rsposten tar for gitt at energibruken i Norge vil fortsette \u00e5 \u00f8ke, og avisa ser \u00f8kt energiproduksjon fra gasskraft som eneste l\u00f8sning p\u00e5 problemet. Naturvernforbundet mener vi i stedet m\u00e5 g\u00e5 til kjernen i problemet. Dersom vi skal f\u00e5 en energibruk som er tilpasset hensynet til milj\u00f8et og framtidige generasjoner, m\u00e5 vi bli flinkere til \u00e5 spare energi, og vi m\u00e5 s\u00f8rge for at den energien vi bruker er produsert p\u00e5 en milj\u00f8messig forsvarlig m\u00e5te. Vi m\u00e5 ogs\u00e5 gj\u00f8re oss mindre avhengig av elektrisitet og \u00f8ke bruken av lokale varmekilder som pellets.\n<\/p>\n\n\n\n<p>Fossilgass har dermed ingen plass i Norges framtidige energibruk.\n<\/p>\n\n\n\n<p>\u00d8ystein Folden\n<\/p>\n\n\n\n<p>Leder i Naturvernforbundet i M\u00f8re og Romsdal<\/p>\n","protected":false},"excerpt":{"rendered":"<p>Sunnm\u00f8rsposten smalt til med en leder 13. april 2004 som var full av feil om energi og milj\u00f8. Naturvernforbundet sendte inn et oppklarende svar, men det kom ikke p\u00e5 trykk. Organisasjonen ga opp h\u00e5pet og luftet sin frustrasjon p\u00e5 denne plass. Men 4. mai ble innlegget omsider publisert.<\/p>\n","protected":false},"author":38,"featured_media":0,"comment_status":"closed","ping_status":"closed","sticky":false,"template":"","format":"standard","meta":{"_relevanssi_hide_post":"","_relevanssi_hide_content":"","_relevanssi_pin_for_all":"","_relevanssi_pin_keywords":"","_relevanssi_unpin_keywords":"","_relevanssi_related_keywords":"","_relevanssi_related_include_ids":"","_relevanssi_related_exclude_ids":"","_relevanssi_related_no_append":"","_relevanssi_related_not_related":"","_relevanssi_related_posts":"","_relevanssi_noindex_reason":"","hide_logo":false,"footnotes":""},"categories":[19],"tags":[],"local":[],"class_list":["post-1311","post","type-post","status-publish","format-standard","hentry","category-klima"],"acf":[],"yoast_head":"<!-- This site is optimized with the Yoast SEO plugin v24.9 - https:\/\/yoast.com\/wordpress\/plugins\/seo\/ -->\n<title>Innlegget Sunnm\u00f8rsposten ikke ville trykke . . . - M\u00f8re og Romsdal<\/title>\n<meta name=\"robots\" content=\"index, follow, max-snippet:-1, max-image-preview:large, max-video-preview:-1\" \/>\n<link rel=\"canonical\" href=\"https:\/\/naturvernforbundet.no\/moreogromsdal\/innlegget-sunnmorsposten-ikke-ville-trykke\/\" \/>\n<meta property=\"og:locale\" content=\"nb_NO\" \/>\n<meta property=\"og:type\" content=\"article\" \/>\n<meta property=\"og:title\" content=\"Innlegget Sunnm\u00f8rsposten ikke ville trykke . . . - M\u00f8re og Romsdal\" \/>\n<meta property=\"og:description\" content=\"Sunnm\u00f8rsposten smalt til med en leder 13. april 2004 som var full av feil om energi og milj\u00f8. Naturvernforbundet sendte inn et oppklarende svar, men det kom ikke p\u00e5 trykk. Organisasjonen ga opp h\u00e5pet og luftet sin frustrasjon p\u00e5 denne plass. Men 4. mai ble innlegget omsider publisert.\" \/>\n<meta property=\"og:url\" content=\"https:\/\/naturvernforbundet.no\/moreogromsdal\/innlegget-sunnmorsposten-ikke-ville-trykke\/\" \/>\n<meta property=\"og:site_name\" content=\"M\u00f8re og Romsdal\" \/>\n<meta property=\"article:published_time\" content=\"2005-02-26T15:10:43+00:00\" \/>\n<meta name=\"author\" content=\"Artikkelimport\u00f8r\" \/>\n<meta name=\"twitter:card\" content=\"summary_large_image\" \/>\n<meta name=\"twitter:label1\" content=\"Skrevet av\" \/>\n\t<meta name=\"twitter:data1\" content=\"Artikkelimport\u00f8r\" \/>\n\t<meta name=\"twitter:label2\" content=\"Ansl. lesetid\" \/>\n\t<meta name=\"twitter:data2\" content=\"2 minutter\" \/>\n<script type=\"application\/ld+json\" class=\"yoast-schema-graph\">{\"@context\":\"https:\/\/schema.org\",\"@graph\":[{\"@type\":\"WebPage\",\"@id\":\"https:\/\/naturvernforbundet.no\/moreogromsdal\/innlegget-sunnmorsposten-ikke-ville-trykke\/\",\"url\":\"https:\/\/naturvernforbundet.no\/moreogromsdal\/innlegget-sunnmorsposten-ikke-ville-trykke\/\",\"name\":\"Innlegget Sunnm\u00f8rsposten ikke ville trykke . . . - M\u00f8re og Romsdal\",\"isPartOf\":{\"@id\":\"https:\/\/naturvernforbundet.no\/moreogromsdal\/#website\"},\"datePublished\":\"2005-02-26T15:10:43+00:00\",\"author\":{\"@id\":\"https:\/\/naturvernforbundet.no\/moreogromsdal\/#\/schema\/person\/c72f198205979084bf071deedb6205f4\"},\"breadcrumb\":{\"@id\":\"https:\/\/naturvernforbundet.no\/moreogromsdal\/innlegget-sunnmorsposten-ikke-ville-trykke\/#breadcrumb\"},\"inLanguage\":\"nb-NO\",\"potentialAction\":[{\"@type\":\"ReadAction\",\"target\":[\"https:\/\/naturvernforbundet.no\/moreogromsdal\/innlegget-sunnmorsposten-ikke-ville-trykke\/\"]}]},{\"@type\":\"BreadcrumbList\",\"@id\":\"https:\/\/naturvernforbundet.no\/moreogromsdal\/innlegget-sunnmorsposten-ikke-ville-trykke\/#breadcrumb\",\"itemListElement\":[{\"@type\":\"ListItem\",\"position\":1,\"name\":\"Till naturvernforbundet.no\",\"item\":\"https:\/\/naturvernforbundet.no\/\"},{\"@type\":\"ListItem\",\"position\":2,\"name\":\"M\u00f8re og Romsdal\",\"item\":\"https:\/\/naturvernforbundet.no\/moreogromsdal\/\"},{\"@type\":\"ListItem\",\"position\":3,\"name\":\"Innlegget Sunnm\u00f8rsposten ikke ville trykke . . .\"}]},{\"@type\":\"WebSite\",\"@id\":\"https:\/\/naturvernforbundet.no\/moreogromsdal\/#website\",\"url\":\"https:\/\/naturvernforbundet.no\/moreogromsdal\/\",\"name\":\"M\u00f8re og Romsdal\",\"description\":\"Bare enda et Naturvernforbundet Sites-nettsted\",\"potentialAction\":[{\"@type\":\"SearchAction\",\"target\":{\"@type\":\"EntryPoint\",\"urlTemplate\":\"https:\/\/naturvernforbundet.no\/moreogromsdal\/?s={search_term_string}\"},\"query-input\":{\"@type\":\"PropertyValueSpecification\",\"valueRequired\":true,\"valueName\":\"search_term_string\"}}],\"inLanguage\":\"nb-NO\"},{\"@type\":\"Person\",\"@id\":\"https:\/\/naturvernforbundet.no\/moreogromsdal\/#\/schema\/person\/c72f198205979084bf071deedb6205f4\",\"name\":\"Artikkelimport\u00f8r\",\"image\":{\"@type\":\"ImageObject\",\"inLanguage\":\"nb-NO\",\"@id\":\"https:\/\/naturvernforbundet.no\/moreogromsdal\/#\/schema\/person\/image\/\",\"url\":\"https:\/\/secure.gravatar.com\/avatar\/015fa491b9ed1c823ef16a5c930294d1?s=96&d=mm&r=g\",\"contentUrl\":\"https:\/\/secure.gravatar.com\/avatar\/015fa491b9ed1c823ef16a5c930294d1?s=96&d=mm&r=g\",\"caption\":\"Artikkelimport\u00f8r\"},\"url\":\"https:\/\/naturvernforbundet.no\/moreogromsdal\/author\/artikkelimportor\/\"}]}<\/script>\n<!-- \/ Yoast SEO plugin. -->","yoast_head_json":{"title":"Innlegget Sunnm\u00f8rsposten ikke ville trykke . . . - M\u00f8re og Romsdal","robots":{"index":"index","follow":"follow","max-snippet":"max-snippet:-1","max-image-preview":"max-image-preview:large","max-video-preview":"max-video-preview:-1"},"canonical":"https:\/\/naturvernforbundet.no\/moreogromsdal\/innlegget-sunnmorsposten-ikke-ville-trykke\/","og_locale":"nb_NO","og_type":"article","og_title":"Innlegget Sunnm\u00f8rsposten ikke ville trykke . . . - M\u00f8re og Romsdal","og_description":"Sunnm\u00f8rsposten smalt til med en leder 13. april 2004 som var full av feil om energi og milj\u00f8. Naturvernforbundet sendte inn et oppklarende svar, men det kom ikke p\u00e5 trykk. Organisasjonen ga opp h\u00e5pet og luftet sin frustrasjon p\u00e5 denne plass. Men 4. mai ble innlegget omsider publisert.","og_url":"https:\/\/naturvernforbundet.no\/moreogromsdal\/innlegget-sunnmorsposten-ikke-ville-trykke\/","og_site_name":"M\u00f8re og Romsdal","article_published_time":"2005-02-26T15:10:43+00:00","author":"Artikkelimport\u00f8r","twitter_card":"summary_large_image","twitter_misc":{"Skrevet av":"Artikkelimport\u00f8r","Ansl. lesetid":"2 minutter"},"schema":{"@context":"https:\/\/schema.org","@graph":[{"@type":"WebPage","@id":"https:\/\/naturvernforbundet.no\/moreogromsdal\/innlegget-sunnmorsposten-ikke-ville-trykke\/","url":"https:\/\/naturvernforbundet.no\/moreogromsdal\/innlegget-sunnmorsposten-ikke-ville-trykke\/","name":"Innlegget Sunnm\u00f8rsposten ikke ville trykke . . . - M\u00f8re og Romsdal","isPartOf":{"@id":"https:\/\/naturvernforbundet.no\/moreogromsdal\/#website"},"datePublished":"2005-02-26T15:10:43+00:00","author":{"@id":"https:\/\/naturvernforbundet.no\/moreogromsdal\/#\/schema\/person\/c72f198205979084bf071deedb6205f4"},"breadcrumb":{"@id":"https:\/\/naturvernforbundet.no\/moreogromsdal\/innlegget-sunnmorsposten-ikke-ville-trykke\/#breadcrumb"},"inLanguage":"nb-NO","potentialAction":[{"@type":"ReadAction","target":["https:\/\/naturvernforbundet.no\/moreogromsdal\/innlegget-sunnmorsposten-ikke-ville-trykke\/"]}]},{"@type":"BreadcrumbList","@id":"https:\/\/naturvernforbundet.no\/moreogromsdal\/innlegget-sunnmorsposten-ikke-ville-trykke\/#breadcrumb","itemListElement":[{"@type":"ListItem","position":1,"name":"Till naturvernforbundet.no","item":"https:\/\/naturvernforbundet.no\/"},{"@type":"ListItem","position":2,"name":"M\u00f8re og Romsdal","item":"https:\/\/naturvernforbundet.no\/moreogromsdal\/"},{"@type":"ListItem","position":3,"name":"Innlegget Sunnm\u00f8rsposten ikke ville trykke . . ."}]},{"@type":"WebSite","@id":"https:\/\/naturvernforbundet.no\/moreogromsdal\/#website","url":"https:\/\/naturvernforbundet.no\/moreogromsdal\/","name":"M\u00f8re og Romsdal","description":"Bare enda et Naturvernforbundet Sites-nettsted","potentialAction":[{"@type":"SearchAction","target":{"@type":"EntryPoint","urlTemplate":"https:\/\/naturvernforbundet.no\/moreogromsdal\/?s={search_term_string}"},"query-input":{"@type":"PropertyValueSpecification","valueRequired":true,"valueName":"search_term_string"}}],"inLanguage":"nb-NO"},{"@type":"Person","@id":"https:\/\/naturvernforbundet.no\/moreogromsdal\/#\/schema\/person\/c72f198205979084bf071deedb6205f4","name":"Artikkelimport\u00f8r","image":{"@type":"ImageObject","inLanguage":"nb-NO","@id":"https:\/\/naturvernforbundet.no\/moreogromsdal\/#\/schema\/person\/image\/","url":"https:\/\/secure.gravatar.com\/avatar\/015fa491b9ed1c823ef16a5c930294d1?s=96&d=mm&r=g","contentUrl":"https:\/\/secure.gravatar.com\/avatar\/015fa491b9ed1c823ef16a5c930294d1?s=96&d=mm&r=g","caption":"Artikkelimport\u00f8r"},"url":"https:\/\/naturvernforbundet.no\/moreogromsdal\/author\/artikkelimportor\/"}]}},"_links":{"self":[{"href":"https:\/\/naturvernforbundet.no\/moreogromsdal\/wp-json\/wp\/v2\/posts\/1311","targetHints":{"allow":["GET"]}}],"collection":[{"href":"https:\/\/naturvernforbundet.no\/moreogromsdal\/wp-json\/wp\/v2\/posts"}],"about":[{"href":"https:\/\/naturvernforbundet.no\/moreogromsdal\/wp-json\/wp\/v2\/types\/post"}],"author":[{"embeddable":true,"href":"https:\/\/naturvernforbundet.no\/moreogromsdal\/wp-json\/wp\/v2\/users\/38"}],"replies":[{"embeddable":true,"href":"https:\/\/naturvernforbundet.no\/moreogromsdal\/wp-json\/wp\/v2\/comments?post=1311"}],"version-history":[{"count":0,"href":"https:\/\/naturvernforbundet.no\/moreogromsdal\/wp-json\/wp\/v2\/posts\/1311\/revisions"}],"wp:attachment":[{"href":"https:\/\/naturvernforbundet.no\/moreogromsdal\/wp-json\/wp\/v2\/media?parent=1311"}],"wp:term":[{"taxonomy":"category","embeddable":true,"href":"https:\/\/naturvernforbundet.no\/moreogromsdal\/wp-json\/wp\/v2\/categories?post=1311"},{"taxonomy":"post_tag","embeddable":true,"href":"https:\/\/naturvernforbundet.no\/moreogromsdal\/wp-json\/wp\/v2\/tags?post=1311"},{"taxonomy":"local","embeddable":true,"href":"https:\/\/naturvernforbundet.no\/moreogromsdal\/wp-json\/wp\/v2\/local?post=1311"}],"curies":[{"name":"wp","href":"https:\/\/api.w.org\/{rel}","templated":true}]}}