{"id":1331,"date":"2007-05-24T21:29:00","date_gmt":"2007-05-24T19:29:00","guid":{"rendered":"https:\/\/naturvernforbundet.no\/moreogromsdal\/kysinga-i-rindal-naturvernforbundet-klagar-pa-saksbehandlinga\/"},"modified":"2007-05-24T21:29:00","modified_gmt":"2007-05-24T19:29:00","slug":"kysinga-i-rindal-naturvernforbundet-klagar-pa-saksbehandlinga","status":"publish","type":"post","link":"https:\/\/naturvernforbundet.no\/moreogromsdal\/kysinga-i-rindal-naturvernforbundet-klagar-pa-saksbehandlinga\/","title":{"rendered":"Kysinga i Rindal: Naturvernforbundet klagar p\u00e5 saksbehandlinga"},"content":{"rendered":"\t<div class=\"template-post alignfull wp-block-naturvern-hero\">\n\t\t<div class=\"hero__inner\">\n\t\t\t<div class=\"hero__inner_blocks\">\n\t\t\t\t\t\t\t\t\n\t\t\t\t\t<h1 class=\"wp-block-post-title\">Kysinga i Rindal: Naturvernforbundet klagar p\u00e5 saksbehandlinga<\/h1>\n\n\t\t\t\t\t<div class=\"wp-block-post-excerpt\"><p class=\"wp-block-post-excerpt__excerpt\">I 2006 kom det ein s\u00f8knad fr\u00e5 Kysinga kraft i Rindal. Naturvernforbundet peika p\u00e5 at dei vurderingane som var gjort av naturmangfaldet i s\u00f8knaden ikkje kunne nyttast til noko som helst. No inviterer Norges vassdrags- og energidirektorat (NVE) til synfaring i saka, men Naturvernforbundet klagar. <\/p><\/div>\n\n\t\t\t\t\t\n\n\t\t\t\t\t<div class=\"wp-block-naturvern-byline\">\n\t\t\t<div class=\"authors\">By <span class=\"t2-byline__author-link\">Artikkelimport\u00f8r<\/span><\/div>\n\t\t\t<small class=\"entry-date\">24.05.2007 21:29<\/small>\n\t\t<\/div>\n\t\t\t\t\t\t\t\t<\/div>\n\t\t\t\t\t<\/div>\n\t\t\t<\/div>\n\t\n<p>&#8211; Det at NVE g\u00e5r vidare med utbyggingss\u00f8knaden i staden for \u00e5 sende heile s\u00f8knaden i retur, tolkar vi som at NVE godkjenner kva som helst av s\u00f8knader, utan \u00e5 vurdere kvaliteten, seier fylkesleiar \u00d8ystein Folden i Naturvernforbundet. \n<\/p>\n\n\n\n<p>Naturvernforbundet sender no klage p\u00e5 saksbehandlinga til NVE. Naturvernforbundet har i ei tidlegare sak i Rindal, Gryta kraftverk, f\u00e5tt gjennomf\u00f8rt ei eiga kartlegging av biologisk mangfald som viste at utbyggarane hadde gjort slett arbeid. Det blir no varsla at det kan vere aktuelt \u00e5 gj\u00f8re det sama i denne saka. NVE vil m\u00e5tte betale for denne kartlegginga.\n<\/p>\n\n\n\n<p>\u00d8ystein Folden har telefon 91 81 25 42. \n\n<a title=\"\/cgi-bin\/naturvern\/imaker?id=32&amp;visdybde=1&amp;aktiv=32\" href=\"\/cgi-bin\/naturvern\/imaker?id=32&amp;visdybde=1&amp;aktiv=32\" target=\"linkvindu\" rel=\"noopener\">Ja, dette er viktig. Eg vil bli medlem i Naturvernforbundet<\/a><br><\/p>\n\n\n\n\n\n<p><a title=\"\/cgi-bin\/naturvern\/imaker?id=25252\" href=\"\/cgi-bin\/naturvern\/imaker?id=25252\" target=\"linkvindu\" rel=\"noopener\">Eg vil gjerne st\u00f8tte Naturvernforbundets arbeid for bevaring av vassdraga v\u00e5re<\/a><\/p>\n\n\n\n\n\n<p><a href=\"\/imakerdata\/f\/1\/04\/65\/5_2401_0\/Til_NVE_-_klage_paa_manglande_vedtak.pdf\">Les klagen fr\u00e5 Naturvernforbundet<\/a><\/p>\n","protected":false},"excerpt":{"rendered":"<p>I 2006 kom det ein s\u00f8knad fr\u00e5 Kysinga kraft i Rindal. Naturvernforbundet peika p\u00e5 at dei vurderingane som var gjort av naturmangfaldet i s\u00f8knaden ikkje kunne nyttast til noko som helst. No inviterer Norges vassdrags- og energidirektorat (NVE) til synfaring i saka, men Naturvernforbundet klagar.<\/p>\n","protected":false},"author":38,"featured_media":0,"comment_status":"closed","ping_status":"closed","sticky":false,"template":"","format":"standard","meta":{"_relevanssi_hide_post":"","_relevanssi_hide_content":"","_relevanssi_pin_for_all":"","_relevanssi_pin_keywords":"","_relevanssi_unpin_keywords":"","_relevanssi_related_keywords":"","_relevanssi_related_include_ids":"","_relevanssi_related_exclude_ids":"","_relevanssi_related_no_append":"","_relevanssi_related_not_related":"","_relevanssi_related_posts":"","_relevanssi_noindex_reason":"","hide_logo":false,"footnotes":""},"categories":[13],"tags":[],"local":[],"class_list":["post-1331","post","type-post","status-publish","format-standard","hentry","category-vasskraft"],"acf":[],"yoast_head":"<!-- This site is optimized with the Yoast SEO plugin v24.9 - https:\/\/yoast.com\/wordpress\/plugins\/seo\/ -->\n<title>Kysinga i Rindal: Naturvernforbundet klagar p\u00e5 saksbehandlinga - M\u00f8re og Romsdal<\/title>\n<meta name=\"robots\" content=\"index, follow, max-snippet:-1, max-image-preview:large, max-video-preview:-1\" \/>\n<link rel=\"canonical\" href=\"https:\/\/naturvernforbundet.no\/moreogromsdal\/kysinga-i-rindal-naturvernforbundet-klagar-pa-saksbehandlinga\/\" \/>\n<meta property=\"og:locale\" content=\"nb_NO\" \/>\n<meta property=\"og:type\" content=\"article\" \/>\n<meta property=\"og:title\" content=\"Kysinga i Rindal: Naturvernforbundet klagar p\u00e5 saksbehandlinga - M\u00f8re og Romsdal\" \/>\n<meta property=\"og:description\" content=\"I 2006 kom det ein s\u00f8knad fr\u00e5 Kysinga kraft i Rindal. Naturvernforbundet peika p\u00e5 at dei vurderingane som var gjort av naturmangfaldet i s\u00f8knaden ikkje kunne nyttast til noko som helst. No inviterer Norges vassdrags- og energidirektorat (NVE) til synfaring i saka, men Naturvernforbundet klagar.\" \/>\n<meta property=\"og:url\" content=\"https:\/\/naturvernforbundet.no\/moreogromsdal\/kysinga-i-rindal-naturvernforbundet-klagar-pa-saksbehandlinga\/\" \/>\n<meta property=\"og:site_name\" content=\"M\u00f8re og Romsdal\" \/>\n<meta property=\"article:published_time\" content=\"2007-05-24T19:29:00+00:00\" \/>\n<meta name=\"author\" content=\"Artikkelimport\u00f8r\" \/>\n<meta name=\"twitter:card\" content=\"summary_large_image\" \/>\n<meta name=\"twitter:label1\" content=\"Skrevet av\" \/>\n\t<meta name=\"twitter:data1\" content=\"Artikkelimport\u00f8r\" \/>\n\t<meta name=\"twitter:label2\" content=\"Ansl. lesetid\" \/>\n\t<meta name=\"twitter:data2\" content=\"1 minutt\" \/>\n<script type=\"application\/ld+json\" class=\"yoast-schema-graph\">{\"@context\":\"https:\/\/schema.org\",\"@graph\":[{\"@type\":\"WebPage\",\"@id\":\"https:\/\/naturvernforbundet.no\/moreogromsdal\/kysinga-i-rindal-naturvernforbundet-klagar-pa-saksbehandlinga\/\",\"url\":\"https:\/\/naturvernforbundet.no\/moreogromsdal\/kysinga-i-rindal-naturvernforbundet-klagar-pa-saksbehandlinga\/\",\"name\":\"Kysinga i Rindal: Naturvernforbundet klagar p\u00e5 saksbehandlinga - M\u00f8re og Romsdal\",\"isPartOf\":{\"@id\":\"https:\/\/naturvernforbundet.no\/moreogromsdal\/#website\"},\"datePublished\":\"2007-05-24T19:29:00+00:00\",\"author\":{\"@id\":\"https:\/\/naturvernforbundet.no\/moreogromsdal\/#\/schema\/person\/c72f198205979084bf071deedb6205f4\"},\"breadcrumb\":{\"@id\":\"https:\/\/naturvernforbundet.no\/moreogromsdal\/kysinga-i-rindal-naturvernforbundet-klagar-pa-saksbehandlinga\/#breadcrumb\"},\"inLanguage\":\"nb-NO\",\"potentialAction\":[{\"@type\":\"ReadAction\",\"target\":[\"https:\/\/naturvernforbundet.no\/moreogromsdal\/kysinga-i-rindal-naturvernforbundet-klagar-pa-saksbehandlinga\/\"]}]},{\"@type\":\"BreadcrumbList\",\"@id\":\"https:\/\/naturvernforbundet.no\/moreogromsdal\/kysinga-i-rindal-naturvernforbundet-klagar-pa-saksbehandlinga\/#breadcrumb\",\"itemListElement\":[{\"@type\":\"ListItem\",\"position\":1,\"name\":\"Till naturvernforbundet.no\",\"item\":\"https:\/\/naturvernforbundet.no\/\"},{\"@type\":\"ListItem\",\"position\":2,\"name\":\"M\u00f8re og Romsdal\",\"item\":\"https:\/\/naturvernforbundet.no\/moreogromsdal\/\"},{\"@type\":\"ListItem\",\"position\":3,\"name\":\"Kysinga i Rindal: Naturvernforbundet klagar p\u00e5 saksbehandlinga\"}]},{\"@type\":\"WebSite\",\"@id\":\"https:\/\/naturvernforbundet.no\/moreogromsdal\/#website\",\"url\":\"https:\/\/naturvernforbundet.no\/moreogromsdal\/\",\"name\":\"M\u00f8re og Romsdal\",\"description\":\"Bare enda et Naturvernforbundet Sites-nettsted\",\"potentialAction\":[{\"@type\":\"SearchAction\",\"target\":{\"@type\":\"EntryPoint\",\"urlTemplate\":\"https:\/\/naturvernforbundet.no\/moreogromsdal\/?s={search_term_string}\"},\"query-input\":{\"@type\":\"PropertyValueSpecification\",\"valueRequired\":true,\"valueName\":\"search_term_string\"}}],\"inLanguage\":\"nb-NO\"},{\"@type\":\"Person\",\"@id\":\"https:\/\/naturvernforbundet.no\/moreogromsdal\/#\/schema\/person\/c72f198205979084bf071deedb6205f4\",\"name\":\"Artikkelimport\u00f8r\",\"image\":{\"@type\":\"ImageObject\",\"inLanguage\":\"nb-NO\",\"@id\":\"https:\/\/naturvernforbundet.no\/moreogromsdal\/#\/schema\/person\/image\/\",\"url\":\"https:\/\/secure.gravatar.com\/avatar\/015fa491b9ed1c823ef16a5c930294d1?s=96&d=mm&r=g\",\"contentUrl\":\"https:\/\/secure.gravatar.com\/avatar\/015fa491b9ed1c823ef16a5c930294d1?s=96&d=mm&r=g\",\"caption\":\"Artikkelimport\u00f8r\"},\"url\":\"https:\/\/naturvernforbundet.no\/moreogromsdal\/author\/artikkelimportor\/\"}]}<\/script>\n<!-- \/ Yoast SEO plugin. -->","yoast_head_json":{"title":"Kysinga i Rindal: Naturvernforbundet klagar p\u00e5 saksbehandlinga - M\u00f8re og Romsdal","robots":{"index":"index","follow":"follow","max-snippet":"max-snippet:-1","max-image-preview":"max-image-preview:large","max-video-preview":"max-video-preview:-1"},"canonical":"https:\/\/naturvernforbundet.no\/moreogromsdal\/kysinga-i-rindal-naturvernforbundet-klagar-pa-saksbehandlinga\/","og_locale":"nb_NO","og_type":"article","og_title":"Kysinga i Rindal: Naturvernforbundet klagar p\u00e5 saksbehandlinga - M\u00f8re og Romsdal","og_description":"I 2006 kom det ein s\u00f8knad fr\u00e5 Kysinga kraft i Rindal. Naturvernforbundet peika p\u00e5 at dei vurderingane som var gjort av naturmangfaldet i s\u00f8knaden ikkje kunne nyttast til noko som helst. No inviterer Norges vassdrags- og energidirektorat (NVE) til synfaring i saka, men Naturvernforbundet klagar.","og_url":"https:\/\/naturvernforbundet.no\/moreogromsdal\/kysinga-i-rindal-naturvernforbundet-klagar-pa-saksbehandlinga\/","og_site_name":"M\u00f8re og Romsdal","article_published_time":"2007-05-24T19:29:00+00:00","author":"Artikkelimport\u00f8r","twitter_card":"summary_large_image","twitter_misc":{"Skrevet av":"Artikkelimport\u00f8r","Ansl. lesetid":"1 minutt"},"schema":{"@context":"https:\/\/schema.org","@graph":[{"@type":"WebPage","@id":"https:\/\/naturvernforbundet.no\/moreogromsdal\/kysinga-i-rindal-naturvernforbundet-klagar-pa-saksbehandlinga\/","url":"https:\/\/naturvernforbundet.no\/moreogromsdal\/kysinga-i-rindal-naturvernforbundet-klagar-pa-saksbehandlinga\/","name":"Kysinga i Rindal: Naturvernforbundet klagar p\u00e5 saksbehandlinga - M\u00f8re og Romsdal","isPartOf":{"@id":"https:\/\/naturvernforbundet.no\/moreogromsdal\/#website"},"datePublished":"2007-05-24T19:29:00+00:00","author":{"@id":"https:\/\/naturvernforbundet.no\/moreogromsdal\/#\/schema\/person\/c72f198205979084bf071deedb6205f4"},"breadcrumb":{"@id":"https:\/\/naturvernforbundet.no\/moreogromsdal\/kysinga-i-rindal-naturvernforbundet-klagar-pa-saksbehandlinga\/#breadcrumb"},"inLanguage":"nb-NO","potentialAction":[{"@type":"ReadAction","target":["https:\/\/naturvernforbundet.no\/moreogromsdal\/kysinga-i-rindal-naturvernforbundet-klagar-pa-saksbehandlinga\/"]}]},{"@type":"BreadcrumbList","@id":"https:\/\/naturvernforbundet.no\/moreogromsdal\/kysinga-i-rindal-naturvernforbundet-klagar-pa-saksbehandlinga\/#breadcrumb","itemListElement":[{"@type":"ListItem","position":1,"name":"Till naturvernforbundet.no","item":"https:\/\/naturvernforbundet.no\/"},{"@type":"ListItem","position":2,"name":"M\u00f8re og Romsdal","item":"https:\/\/naturvernforbundet.no\/moreogromsdal\/"},{"@type":"ListItem","position":3,"name":"Kysinga i Rindal: Naturvernforbundet klagar p\u00e5 saksbehandlinga"}]},{"@type":"WebSite","@id":"https:\/\/naturvernforbundet.no\/moreogromsdal\/#website","url":"https:\/\/naturvernforbundet.no\/moreogromsdal\/","name":"M\u00f8re og Romsdal","description":"Bare enda et Naturvernforbundet Sites-nettsted","potentialAction":[{"@type":"SearchAction","target":{"@type":"EntryPoint","urlTemplate":"https:\/\/naturvernforbundet.no\/moreogromsdal\/?s={search_term_string}"},"query-input":{"@type":"PropertyValueSpecification","valueRequired":true,"valueName":"search_term_string"}}],"inLanguage":"nb-NO"},{"@type":"Person","@id":"https:\/\/naturvernforbundet.no\/moreogromsdal\/#\/schema\/person\/c72f198205979084bf071deedb6205f4","name":"Artikkelimport\u00f8r","image":{"@type":"ImageObject","inLanguage":"nb-NO","@id":"https:\/\/naturvernforbundet.no\/moreogromsdal\/#\/schema\/person\/image\/","url":"https:\/\/secure.gravatar.com\/avatar\/015fa491b9ed1c823ef16a5c930294d1?s=96&d=mm&r=g","contentUrl":"https:\/\/secure.gravatar.com\/avatar\/015fa491b9ed1c823ef16a5c930294d1?s=96&d=mm&r=g","caption":"Artikkelimport\u00f8r"},"url":"https:\/\/naturvernforbundet.no\/moreogromsdal\/author\/artikkelimportor\/"}]}},"_links":{"self":[{"href":"https:\/\/naturvernforbundet.no\/moreogromsdal\/wp-json\/wp\/v2\/posts\/1331","targetHints":{"allow":["GET"]}}],"collection":[{"href":"https:\/\/naturvernforbundet.no\/moreogromsdal\/wp-json\/wp\/v2\/posts"}],"about":[{"href":"https:\/\/naturvernforbundet.no\/moreogromsdal\/wp-json\/wp\/v2\/types\/post"}],"author":[{"embeddable":true,"href":"https:\/\/naturvernforbundet.no\/moreogromsdal\/wp-json\/wp\/v2\/users\/38"}],"replies":[{"embeddable":true,"href":"https:\/\/naturvernforbundet.no\/moreogromsdal\/wp-json\/wp\/v2\/comments?post=1331"}],"version-history":[{"count":0,"href":"https:\/\/naturvernforbundet.no\/moreogromsdal\/wp-json\/wp\/v2\/posts\/1331\/revisions"}],"wp:attachment":[{"href":"https:\/\/naturvernforbundet.no\/moreogromsdal\/wp-json\/wp\/v2\/media?parent=1331"}],"wp:term":[{"taxonomy":"category","embeddable":true,"href":"https:\/\/naturvernforbundet.no\/moreogromsdal\/wp-json\/wp\/v2\/categories?post=1331"},{"taxonomy":"post_tag","embeddable":true,"href":"https:\/\/naturvernforbundet.no\/moreogromsdal\/wp-json\/wp\/v2\/tags?post=1331"},{"taxonomy":"local","embeddable":true,"href":"https:\/\/naturvernforbundet.no\/moreogromsdal\/wp-json\/wp\/v2\/local?post=1331"}],"curies":[{"name":"wp","href":"https:\/\/api.w.org\/{rel}","templated":true}]}}