{"id":1344,"date":"2006-04-07T22:11:00","date_gmt":"2006-04-07T20:11:00","guid":{"rendered":"https:\/\/naturvernforbundet.no\/moreogromsdal\/sjofuglvern-ma-omfatte-omrader-i-sjoen\/"},"modified":"2006-04-07T22:11:00","modified_gmt":"2006-04-07T20:11:00","slug":"sjofuglvern-ma-omfatte-omrader-i-sjoen","status":"publish","type":"post","link":"https:\/\/naturvernforbundet.no\/moreogromsdal\/sjofuglvern-ma-omfatte-omrader-i-sjoen\/","title":{"rendered":"&#8211; Sj\u00f8fuglvern m\u00e5 omfatte omr\u00e5der i sj\u00f8en"},"content":{"rendered":"\t<div class=\"template-post alignfull wp-block-naturvern-hero\">\n\t\t<div class=\"hero__inner\">\n\t\t\t<div class=\"hero__inner_blocks\">\n\t\t\t\t\t\t\t\t\n\t\t\t\t\t<h1 class=\"wp-block-post-title\">&#8211; Sj\u00f8fuglvern m\u00e5 omfatte omr\u00e5der i sj\u00f8en<\/h1>\n\n\t\t\t\t\t<div class=\"wp-block-post-excerpt\"><p class=\"wp-block-post-excerpt__excerpt\">Forslag til verneplan i M\u00f8re og Romsdal fylke for hekkende sj\u00f8fugl er ute p\u00e5 h\u00f8ring. &#8211; Et selvf\u00f8lgelig krav er at verneplanen omfatter n\u00e6rliggende sj\u00f8areal til hekkeplassene. Videre m\u00e5 det ikke \u00e5pnes for taretr\u00e5ling i verneomr\u00e5dene, sier generalsekret\u00e6r Tore Killingland i Norges Naturvernforbund. <\/p><\/div>\n\n\t\t\t\t\t\n\n\t\t\t\t\t<div class=\"wp-block-naturvern-byline\">\n\t\t\t<div class=\"authors\">By <span class=\"t2-byline__author-link\">Artikkelimport\u00f8r<\/span><\/div>\n\t\t\t<small class=\"entry-date\">07.04.2006 22:11<\/small>\n\t\t<\/div>\n\t\t\t\t\t\t\t\t<\/div>\n\t\t\t\t\t<\/div>\n\t\t\t<\/div>\n\t\n<p>I en felles uttalelse til verneplanen skriver Norges Naturvernforbund og Naturvernforbundet i M\u00f8re og Romsdal at det ikke m\u00e5 gis ytterligere \u00e5pning for ferdsel uten at det etableres alternative beskyttende tiltak samt klare retningslinjer for innskrenking i bruken hvis det skjer overtramp og skader for fuglelivet. <\/p>\n\n\n\n<p>Naturvernforbundet har ogs\u00e5 kommentarer til innspill fra andre h\u00f8ringsinstanser. Blant annet reagerer organisasjonen kraftig p\u00e5 Fiskeridirektoratets avdeling i M\u00f8re og Romsdal som krever at sj\u00f8areal ikke skal inkluderes i verneomr\u00e5dene. \u2013 Dette er selvsagt et helt uakseptabelt krav n\u00e5r en verneplan for hekkende sj\u00f8fugl skal utformes, sier Killingland. &#8211; Vi avviser like kategorisk taretr\u00e5lern\u00e6ringas krav om tr\u00e5ling i reservatene.<\/p>\n\n\n\n<p><em><strong>Les hele uttalelsen lenger nede p\u00e5 denne siden<\/strong><\/em>.<\/p>\n\n\n\n<p><a href=\"\/moreogromsdal\/\">Naturvernforbundet i M\u00f8re og Romsdals nettside<br><\/a><\/p>\n\n\n\n<p><a href=\"\/cgi-bin\/naturvern\/imaker?id=32&amp;visdybde=1&amp;aktiv=32\">Ja, dette er en viktig sak. Jeg vil gjerne vite mer om hvordan jeg kan bli medlem og p\u00e5 annen m\u00e5te st\u00f8tte Norges Naturvernforbunds arbeid<\/a><\/p>\n\n\n\n\n\n<p>Noen tidligere sj\u00f8fugl-relaterte saker:<br>16.03.2006 <a href=\"\/cgi-bin\/naturvern\/imaker?id=81764\">Redningsaksjon for oljeskadd fugl trenger flere frivillige<\/a><br>18.01.2006 <a href=\"\/cgi-bin\/naturvern\/imaker?id=75349\">Hvorfor er dette farlig?<\/a><br>31.05.2005 <a href=\"\/cgi-bin\/naturvern\/imaker?id=67355\">Fuglenett p\u00e5 Sotra ble fjernet<\/a><br>28.06.2004 <a href=\"\/cgi-bin\/naturvern\/imaker?id=24196\">Sildem\u00e5kene er i ferd med \u00e5 bli utryddet<\/a><br>21.01.2004 <a href=\"\/cgi-bin\/naturvern\/imaker?id=62836\">Aksjon Ren Fugl<\/a><br>25.06.2003 <a href=\"\/cgi-bin\/naturvern\/imaker?id=22859\">Norges Naturvernforbund varsler oljekatastrofe i NRKs program Brennpunkt<\/a><br>04.06.2002 <a href=\"\/cgi-bin\/naturvern\/imaker?id=21854\">Vern av sj\u00f8fuglomr\u00e5der<\/a><br><br>Faktaark: <a href=\"\/cgi-bin\/naturvern\/imaker?id=1843\">Fiskespisende sj\u00f8dyr i fare<\/a><br><br><strong><u><em>Les hele uttalelsen<\/em><\/u><\/strong>: \n<\/p>\n\n\n\n<p>                                                     03.04.2006<br><br><strong>Forslag til verneplan for hekkende sj\u00f8fugl i M\u00f8re og Romsdal Lokal og sentral h\u00f8ring<\/strong> \n<\/p>\n\n\n\n<p>Det vises til fylkets h\u00f8ringsbrev av 25. januar i \u00e5r. <br>Norges Naturvernforbund avgir med dette en felles uttalelse fra v\u00e5rt fylkeslag og forbundet sentralt. \n<\/p>\n\n\n\n<p>I all hovedsak st\u00f8tter vi det framlagte forslag. Vi har likevel enkelte kommentarer til planen og dessuten til innspillene fra andre h\u00f8ringsinstanser. \n<\/p>\n\n\n\n<p>Konklusjoner: \n<\/p>\n\n\n\n<ul class=\"wp-block-list\"><li>Milj\u00f8vernmyndighetene m\u00e5 redegj\u00f8re for hvilken betydning verneplanen vil ha for bevaring av sj\u00f8fuglbestandene i M\u00f8re og Romsdal, inkludert en oversikt over hvor stor andel av hekkebestandene for de enkelte arter som ligger innenfor verneomr\u00e5dene \n<\/li><li>Det m\u00e5 v\u00e6re et selvf\u00f8lgelig krav at verneplanen omfatter n\u00e6rliggende sj\u00f8areal til hekkeplassene. \n<\/li><li>Det m\u00e5 ikke \u00e5pnes for taretr\u00e5ling i verneomr\u00e5dene. \n<\/li><li>Det m\u00e5 ikke gis ytterligere \u00e5pning for ferdsel uten at det etableres alternative beskyttende tiltak samt klare retningslinjer for innskrenking i bruken hvis det skjer overtramp og skader for fuglelivet. \n<\/li><li>Det m\u00e5 ikke legges restriksjoner p\u00e5 tradisjonell hevd av lyngheier og beitemarker. Det m\u00e5 i stedet gis \u00f8konomisk st\u00f8tte for \u00e5 opprettholde denne typen bruk. \n<\/li><li>Lomstj\u00f8nna-Hareidmyrane m\u00e5 vernes gjennom denne verneplanen. <\/li><\/ul>\n\n\n\n<p>Kommentarer til enkelte sider ved verneplanen Det savnes tydelige m\u00e5lsettinger. Det burde v\u00e6rt gode og oppdaterte situasjonsbeskrivelser av sj\u00f8fuglenes bestandssituasjon og trusselbilde i fylket og i hvor stor grad den foresl\u00e5tte planen vil sikre hekkeplassene for disse. Frav\u00e6r av slike konkrete m\u00e5l og analyser kan svekke troverdigheten til planen, og ikke minst \u00f8ke faren for at den ikke blir gjennomf\u00f8rt p\u00e5 en betryggende m\u00e5te. \n<\/p>\n\n\n\n<p>Etter lokal h\u00f8ring har fylket p\u00e5 flere omr\u00e5der tatt innvendinger til f\u00f8lge for \u00e5 redusere konfliktniv\u00e5et. Det er \u00e5 h\u00e5pe at dette ikke vil f\u00e5 for store negative konsekvenser for sj\u00f8fuglene. \n<\/p>\n\n\n\n<p>Det er grunn til \u00e5 presisere at dette er en plan for \u00e5 bevare hekkende sj\u00f8fugl, ikke en plan for \u00e5 sikre bosetting, fremme friluftsliv eller n\u00e6ringsut\u00f8velse langs kysten av fylket. Innenfor disse samlet sett sv\u00e6rt sm\u00e5 arealene langs kysten, skal hensynet til fuglelivet komme f\u00f8rst. Andre interesser m\u00e5 v\u00e6re forberedt p\u00e5 \u00e5 vike. Disse andre interessene vil lett bli prioritert innenfor resten av sj\u00f8- og kystomr\u00e5dene n\u00e5r konflikter oppst\u00e5r. Flere av h\u00f8ringsuttalelsene som har kommet under lokal h\u00f8ring og i oppstartsmeldinga vitner om manglende forst\u00e5else og respekt for dette egentlig selvf\u00f8lgelig forhold. \n<\/p>\n\n\n\n<p>Fiskeridirektoratet, region M\u00f8re og Romsdal, har &#8211; overraskende nok til \u00e5 v\u00e6re en offentlig etat &#8211; de mest ekstreme holdningene i s\u00e5 m\u00e5te. Fylket oppsummerer deres uttalelse slik: \u201dFiskeridirektoratet seier at det m\u00e5 vere eit krav at sj\u00f8areala i verneforslaga blir trekt ut, og berre landareala inng\u00e5r i planane. Sj\u00f8fuglane hekkar trass alt berre p\u00e5 land. Vidare seier det at under alle omstende m\u00e5 det vere eit absolutt krav at ut\u00f8ving av yrkesmessig fiskeri- og oppdrettsverksemd ikkje m\u00e5 bli hindra eller bli p\u00e5lagt nokon form for restriksjonar korkje i hekketida eller i andre tider p\u00e5 \u00e5ret eller i n\u00e6rleiken av evnt. verneomr\u00e5de.\u201d \n<\/p>\n\n\n\n<p>Slike synspunkter vitner om en fullstendig kompromissl\u00f8s og arrogant holdning. Uttalelser av denne typen gir grunn til \u00e5 stille sp\u00f8rsm\u00e5l ved fiskerimyndighetenes milj\u00f8politikk generelt. Uansett undergraver et slikt syn deres troverdighet i s\u00e5 m\u00e5te. Det er derfor prisverdig at M\u00f8re og Romsdal fylke ikke har gitt noen innr\u00f8mmelser i forhold til Fiskeridirektoratets krav. \n<\/p>\n\n\n\n<p>Heldigvis er det stort sett bare Fiskeridirektoratet som er s\u00e5 ekstremt i sitt syn at man g\u00e5r i mot vern av sj\u00f8areal. Sj\u00f8areal m\u00e5 v\u00e6re en selvsagt del av en slik verneplan. Forstyrrelser som f\u00f8lge av ferdsel og andre aktiviteter i n\u00e6romr\u00e5det til hekkeplassene kan v\u00e6re sv\u00e6rt negativt, selv om det ikke er ferdsel p\u00e5 land og helt inntil reirplassene for fuglene. Derfor m\u00e5 myndighetene ha mulighet til \u00e5 regulere slike aktiviteter i n\u00f8dvendig grad ogs\u00e5 innenfor sj\u00f8areal n\u00e6r hekkeplassene. Det er tross alt sj\u00f8fugl dette handler om, fugler som lever omtrent hele livet p\u00e5 sj\u00f8en og s\u00f8ker sin n\u00e6ring der. Sammenhengen mellom valg av hekkeplass og n\u00e6ringsomr\u00e5der er ikke alltid like sterk i et lokalt perspektiv, men for mange arter vil n\u00e6romr\u00e5det v\u00e6re sv\u00e6rt viktig, og for de aller fleste arter har det en viss betydning. Beskyttelse av deler av n\u00e6ringsomr\u00e5dene, og da ikke minst n\u00e6romr\u00e5det til hekkeplassen, b\u00f8r derfor v\u00e6re en selvsagt del av en seri\u00f8s verneplan for hekkende sj\u00f8fugl. \n<\/p>\n\n\n\n<p>Taretr\u00e5ling er et viktig konfliktpunkt i forhold til vernet, og tr\u00e5lern\u00e6ringa \u00f8nsker en relativt omfattende og fri adgang til alle drivverdige tarefelt &#8211; ogs\u00e5 innenfor reservatene. Alle milj\u00f8konsekvensene av taretr\u00e5ling er fortsatt d\u00e5rlig kjent. Det er imidlertid all grunn til \u00e5 mene at den har enkelte klart negative effekter, i det minste p\u00e5 kort sikt, mens de mer langsiktige effektene fortsatt er h\u00f8yst usikre. \n<\/p>\n\n\n\n<p>Det er derfor n\u00f8dvendig \u00e5 ha en del referanseomr\u00e5der langs kysten der det ikke ut\u00f8ves taretr\u00e5ling, ogs\u00e5 p\u00e5 grunt vann, slik at det er mulig \u00e5 studere forskjellene mellom tareomr\u00e5der som i ulik grad blir h\u00f8stet. \n<\/p>\n\n\n\n<p>Hvis det er alvorlige langsiktige negative effekter av taretr\u00e5lingen, vil slike referanseomr\u00e5der ogs\u00e5 utgj\u00f8re viktige refugier for arter og samfunn som er s\u00e5rbare for tr\u00e5lingen. N\u00e5r det gjelder sj\u00f8fuglene mer spesifikt, sier fylket at det for enkelte hekkende arter (skarv og teist) er spesiell grunn til \u00e5 p\u00e5peke at taren er viktig i deler av hekketida og derfor m\u00e5 beskyttes. \n<\/p>\n\n\n\n<p>Fylket g\u00e5r likevel langt i \u00e5 gi etter for n\u00e6ringa, ved \u00e5 \u00e5pne for taretr\u00e5ling i 13 av 22 aktuelle verneomr\u00e5der. Norges Naturvernforbund mener det uten unntak er uakseptabelt \u00e5 \u00e5pne for taretr\u00e5ling i de aktuelle verneomr\u00e5dene. \n<\/p>\n\n\n\n<p>I h\u00f8ringsfasen har det kommet sterke lokale protester mot foresl\u00e5tte ferdselsrestriksjoner p\u00e5 \u00f8yene der sj\u00f8fuglene hekker. Det er ingen opplagte l\u00f8sninger p\u00e5 dette punktet. Tidligere gjennomf\u00f8rte lokalbefolkningen ofte spesielle tiltak for \u00e5 beskytte hekkende sj\u00f8fugl, og dette kunne ha store positive konsekvenser for lokale bestander. P\u00e5 den andre siden er det i nyere tid godt dokumentert skader av friluftsliv som f\u00f8lge av opphold p\u00e5 og ved hekkeplassene, og dette utgj\u00f8r mange steder den kanskje mest alvorlige trusselen mot flere sj\u00f8fuglbestander. For \u00e5 redusere konfliktniv\u00e5et kan det virke fristende \u00e5 lempe p\u00e5 ferdselsforbudet mange steder. Det er likevel langt fra opplagt lenger at folk i M\u00f8re og Romsdal respekterer sj\u00f8fuglenes behov for fred og ro i hekketida, og flere h\u00f8ringsuttalelser gir da ogs\u00e5 tydelige uttrykk for dette. En ukritisk im\u00f8tekommenhet overfor lokalbefolkningens \u00f8nsker om fri ferdsel m\u00e5 derfor sees p\u00e5 som uforsvarlig. \n<\/p>\n\n\n\n<p>I utgangspunktet g\u00e5r vi derfor mot en mer \u00e5pen tilgang til reservatene. Skal dette likevel komme p\u00e5 tale enkelte steder, er det et krav at det settes i verk kompenserende tiltak for \u00e5 beskytte de hekkende fuglene. \n<\/p>\n\n\n\n<p>Et eksempel p\u00e5 et slikt tiltak er krav til de aktuelle kommunene om \u00e5 sette av midler og ressurser for overv\u00e5king av fuglene i hekketida, slik at uheldige forstyrrelser raskt blir oppdaget og tiltak satt i verk for \u00e5 stoppe dette. I tillegg m\u00e5 det etableres helt klare og entydige rutiner for innskjerpelse i ferdselsmulighetene n\u00e5r skader for hekkinga oppst\u00e5r. Et eksempel p\u00e5 dette kan v\u00e6re at redusert hekkesuksess som f\u00f8lge av forstyrrelser automatisk utl\u00f8ser ferdselsforbud p\u00e5 vedkommende \u00f8y de neste 5 \u00e5rene. \n<\/p>\n\n\n\n<p>Sj\u00f8fugl foretrekker normalt \u00e5 hekke i \u00e5pne landskap og skyr skogsmilj\u00f8er. Flere steder har tradisjonell utmarksbruk gjennom husdyrbeite, brenning av lynghei m.v. virket positivt og trolig gitt bedre hekkebetingelser for sj\u00f8fuglene. I v\u00e5re dager registrerer vi i denne sammenheng en negativ utvikling i form av gjengroing av landskapet som i neste omgang f\u00f8rer til at fuglene g\u00e5r tilbake i antall eller forsvinner. Opprettholdelse av den tradisjonelle bruken av slike omr\u00e5der er derfor n\u00f8dvendig og m\u00e5 videref\u00f8res ogs\u00e5 etter at omr\u00e5dene er vernet. Det er da viktig at dette skjer p\u00e5 en sk\u00e5nsom og riktig m\u00e5te i forhold til fuglene, f.eks. at lyngheibrenning foreg\u00e5r f\u00f8r fuglene har begynt \u00e5 hekke og at det ikke benyttes dyreslag om kan skade fuglelivet. Samtidig m\u00e5 det om n\u00f8dvendig gis tilstrekkelig offentlig st\u00f8tte for at brukere blir motivert til \u00e5 fortsette denne type bruk av omr\u00e5dene. \n<\/p>\n\n\n\n<p>Lomstj\u00f8nna-Hareidmyrane representerer et spesielt konfliktomr\u00e5de der det er relativt stor lokal motstand mot vernet. Samtidig er verneverdiene ganske opplagte, mens forst\u00e5elsen for disse er p\u00e5fallende liten lokalt. Dette er bare med p\u00e5 \u00e5 forsterke behovet for vern av lokaliteten. Det er b\u00e5de skuffende og urovekkende at de negative holdningene er s\u00e5pass markerte lokalt, ikke minst sett i lys av den forringelsen det n\u00e6rliggende v\u00e5tmarkssystemet tilknyttet Grimstadvatnet har gjennomg\u00e5tt i nyere tid. Her har lokalsamfunnet i vesentlig grad redusert det som inntil for noen \u00e5r siden antagelig var det mest verdifulle og s\u00e6rpregede v\u00e5tmarkssystemet p\u00e5 kysten av M\u00f8re og Romsdal &#8211; som f\u00f8lge av forurensning, forbygning, senking m.v. \n<\/p>\n\n\n\n<p>At ikke Hareid kommune og lokale grunneiere kan v\u00e6re positive til dette fors\u00f8ket p\u00e5 \u00e5 bevare noe av restene av det rike fuglelivet i omr\u00e5det, er meget beklagelig. Det er totalt uforsvarlig \u00e5 foreta noen som helst form for reduksjon i verneomfang for denne lokaliteten, og framtidig forvaltning b\u00f8r heller ikke delegeres til kommunen. \n<\/p>\n\n\n\n<p>Med vennlig hilsen <br><strong>Norges Naturvernforbund<\/strong> og <strong>Naturvernforbundet i M\u00f8re og Romsdal<\/strong> \n<\/p>\n\n\n\n<p>Tore Killingland, generalsekret\u00e6r          \u00d8ystein Folden, fylkesleder \n<\/p>\n\n\n\n<p><em>Fylkesleder \u00d8ystein Folden i Naturvernforbundet i M\u00f8re og Romsdal har telefon 91 81 25 42.<\/em><\/p>\n\n\n\n<p><a href=\"\/imakerdata\/f\/0\/84\/89\/6_2401_0\/Sjofuglplan_MR_(2).pdf\">Uttale fr\u00e5 Norsk ornitologisk forening<\/a><\/p>\n","protected":false},"excerpt":{"rendered":"<p>Forslag til verneplan i M\u00f8re og Romsdal fylke for hekkende sj\u00f8fugl er ute p\u00e5 h\u00f8ring. &#8211; Et selvf\u00f8lgelig krav er at verneplanen omfatter n\u00e6rliggende sj\u00f8areal til hekkeplassene. Videre m\u00e5 det ikke \u00e5pnes for taretr\u00e5ling i verneomr\u00e5dene, sier generalsekret\u00e6r Tore Killingland i Norges Naturvernforbund.<\/p>\n","protected":false},"author":38,"featured_media":0,"comment_status":"closed","ping_status":"closed","sticky":false,"template":"","format":"standard","meta":{"_relevanssi_hide_post":"","_relevanssi_hide_content":"","_relevanssi_pin_for_all":"","_relevanssi_pin_keywords":"","_relevanssi_unpin_keywords":"","_relevanssi_related_keywords":"","_relevanssi_related_include_ids":"","_relevanssi_related_exclude_ids":"","_relevanssi_related_no_append":"","_relevanssi_related_not_related":"","_relevanssi_related_posts":"","_relevanssi_noindex_reason":"","hide_logo":false,"footnotes":""},"categories":[16],"tags":[],"local":[],"class_list":["post-1344","post","type-post","status-publish","format-standard","hentry","category-naturmangfold"],"acf":[],"yoast_head":"<!-- This site is optimized with the Yoast SEO plugin v24.9 - https:\/\/yoast.com\/wordpress\/plugins\/seo\/ -->\n<title>- Sj\u00f8fuglvern m\u00e5 omfatte omr\u00e5der i sj\u00f8en - M\u00f8re og Romsdal<\/title>\n<meta name=\"robots\" content=\"index, follow, max-snippet:-1, max-image-preview:large, max-video-preview:-1\" \/>\n<link rel=\"canonical\" href=\"https:\/\/naturvernforbundet.no\/moreogromsdal\/sjofuglvern-ma-omfatte-omrader-i-sjoen\/\" \/>\n<meta property=\"og:locale\" content=\"nb_NO\" \/>\n<meta property=\"og:type\" content=\"article\" \/>\n<meta property=\"og:title\" content=\"- Sj\u00f8fuglvern m\u00e5 omfatte omr\u00e5der i sj\u00f8en - M\u00f8re og Romsdal\" \/>\n<meta property=\"og:description\" content=\"Forslag til verneplan i M\u00f8re og Romsdal fylke for hekkende sj\u00f8fugl er ute p\u00e5 h\u00f8ring. - Et selvf\u00f8lgelig krav er at verneplanen omfatter n\u00e6rliggende sj\u00f8areal til hekkeplassene. Videre m\u00e5 det ikke \u00e5pnes for taretr\u00e5ling i verneomr\u00e5dene, sier generalsekret\u00e6r Tore Killingland i Norges Naturvernforbund.\" \/>\n<meta property=\"og:url\" content=\"https:\/\/naturvernforbundet.no\/moreogromsdal\/sjofuglvern-ma-omfatte-omrader-i-sjoen\/\" \/>\n<meta property=\"og:site_name\" content=\"M\u00f8re og Romsdal\" \/>\n<meta property=\"article:published_time\" content=\"2006-04-07T20:11:00+00:00\" \/>\n<meta name=\"author\" content=\"Artikkelimport\u00f8r\" \/>\n<meta name=\"twitter:card\" content=\"summary_large_image\" \/>\n<meta name=\"twitter:label1\" content=\"Skrevet av\" \/>\n\t<meta name=\"twitter:data1\" content=\"Artikkelimport\u00f8r\" \/>\n\t<meta name=\"twitter:label2\" content=\"Ansl. lesetid\" \/>\n\t<meta name=\"twitter:data2\" content=\"9 minutter\" \/>\n<script type=\"application\/ld+json\" class=\"yoast-schema-graph\">{\"@context\":\"https:\/\/schema.org\",\"@graph\":[{\"@type\":\"WebPage\",\"@id\":\"https:\/\/naturvernforbundet.no\/moreogromsdal\/sjofuglvern-ma-omfatte-omrader-i-sjoen\/\",\"url\":\"https:\/\/naturvernforbundet.no\/moreogromsdal\/sjofuglvern-ma-omfatte-omrader-i-sjoen\/\",\"name\":\"- Sj\u00f8fuglvern m\u00e5 omfatte omr\u00e5der i sj\u00f8en - M\u00f8re og Romsdal\",\"isPartOf\":{\"@id\":\"https:\/\/naturvernforbundet.no\/moreogromsdal\/#website\"},\"datePublished\":\"2006-04-07T20:11:00+00:00\",\"author\":{\"@id\":\"https:\/\/naturvernforbundet.no\/moreogromsdal\/#\/schema\/person\/c72f198205979084bf071deedb6205f4\"},\"breadcrumb\":{\"@id\":\"https:\/\/naturvernforbundet.no\/moreogromsdal\/sjofuglvern-ma-omfatte-omrader-i-sjoen\/#breadcrumb\"},\"inLanguage\":\"nb-NO\",\"potentialAction\":[{\"@type\":\"ReadAction\",\"target\":[\"https:\/\/naturvernforbundet.no\/moreogromsdal\/sjofuglvern-ma-omfatte-omrader-i-sjoen\/\"]}]},{\"@type\":\"BreadcrumbList\",\"@id\":\"https:\/\/naturvernforbundet.no\/moreogromsdal\/sjofuglvern-ma-omfatte-omrader-i-sjoen\/#breadcrumb\",\"itemListElement\":[{\"@type\":\"ListItem\",\"position\":1,\"name\":\"Till naturvernforbundet.no\",\"item\":\"https:\/\/naturvernforbundet.no\/\"},{\"@type\":\"ListItem\",\"position\":2,\"name\":\"M\u00f8re og Romsdal\",\"item\":\"https:\/\/naturvernforbundet.no\/moreogromsdal\/\"},{\"@type\":\"ListItem\",\"position\":3,\"name\":\"&#8211; Sj\u00f8fuglvern m\u00e5 omfatte omr\u00e5der i sj\u00f8en\"}]},{\"@type\":\"WebSite\",\"@id\":\"https:\/\/naturvernforbundet.no\/moreogromsdal\/#website\",\"url\":\"https:\/\/naturvernforbundet.no\/moreogromsdal\/\",\"name\":\"M\u00f8re og Romsdal\",\"description\":\"Bare enda et Naturvernforbundet Sites-nettsted\",\"potentialAction\":[{\"@type\":\"SearchAction\",\"target\":{\"@type\":\"EntryPoint\",\"urlTemplate\":\"https:\/\/naturvernforbundet.no\/moreogromsdal\/?s={search_term_string}\"},\"query-input\":{\"@type\":\"PropertyValueSpecification\",\"valueRequired\":true,\"valueName\":\"search_term_string\"}}],\"inLanguage\":\"nb-NO\"},{\"@type\":\"Person\",\"@id\":\"https:\/\/naturvernforbundet.no\/moreogromsdal\/#\/schema\/person\/c72f198205979084bf071deedb6205f4\",\"name\":\"Artikkelimport\u00f8r\",\"image\":{\"@type\":\"ImageObject\",\"inLanguage\":\"nb-NO\",\"@id\":\"https:\/\/naturvernforbundet.no\/moreogromsdal\/#\/schema\/person\/image\/\",\"url\":\"https:\/\/secure.gravatar.com\/avatar\/015fa491b9ed1c823ef16a5c930294d1?s=96&d=mm&r=g\",\"contentUrl\":\"https:\/\/secure.gravatar.com\/avatar\/015fa491b9ed1c823ef16a5c930294d1?s=96&d=mm&r=g\",\"caption\":\"Artikkelimport\u00f8r\"},\"url\":\"https:\/\/naturvernforbundet.no\/moreogromsdal\/author\/artikkelimportor\/\"}]}<\/script>\n<!-- \/ Yoast SEO plugin. -->","yoast_head_json":{"title":"- Sj\u00f8fuglvern m\u00e5 omfatte omr\u00e5der i sj\u00f8en - M\u00f8re og Romsdal","robots":{"index":"index","follow":"follow","max-snippet":"max-snippet:-1","max-image-preview":"max-image-preview:large","max-video-preview":"max-video-preview:-1"},"canonical":"https:\/\/naturvernforbundet.no\/moreogromsdal\/sjofuglvern-ma-omfatte-omrader-i-sjoen\/","og_locale":"nb_NO","og_type":"article","og_title":"- Sj\u00f8fuglvern m\u00e5 omfatte omr\u00e5der i sj\u00f8en - M\u00f8re og Romsdal","og_description":"Forslag til verneplan i M\u00f8re og Romsdal fylke for hekkende sj\u00f8fugl er ute p\u00e5 h\u00f8ring. - Et selvf\u00f8lgelig krav er at verneplanen omfatter n\u00e6rliggende sj\u00f8areal til hekkeplassene. Videre m\u00e5 det ikke \u00e5pnes for taretr\u00e5ling i verneomr\u00e5dene, sier generalsekret\u00e6r Tore Killingland i Norges Naturvernforbund.","og_url":"https:\/\/naturvernforbundet.no\/moreogromsdal\/sjofuglvern-ma-omfatte-omrader-i-sjoen\/","og_site_name":"M\u00f8re og Romsdal","article_published_time":"2006-04-07T20:11:00+00:00","author":"Artikkelimport\u00f8r","twitter_card":"summary_large_image","twitter_misc":{"Skrevet av":"Artikkelimport\u00f8r","Ansl. lesetid":"9 minutter"},"schema":{"@context":"https:\/\/schema.org","@graph":[{"@type":"WebPage","@id":"https:\/\/naturvernforbundet.no\/moreogromsdal\/sjofuglvern-ma-omfatte-omrader-i-sjoen\/","url":"https:\/\/naturvernforbundet.no\/moreogromsdal\/sjofuglvern-ma-omfatte-omrader-i-sjoen\/","name":"- Sj\u00f8fuglvern m\u00e5 omfatte omr\u00e5der i sj\u00f8en - M\u00f8re og Romsdal","isPartOf":{"@id":"https:\/\/naturvernforbundet.no\/moreogromsdal\/#website"},"datePublished":"2006-04-07T20:11:00+00:00","author":{"@id":"https:\/\/naturvernforbundet.no\/moreogromsdal\/#\/schema\/person\/c72f198205979084bf071deedb6205f4"},"breadcrumb":{"@id":"https:\/\/naturvernforbundet.no\/moreogromsdal\/sjofuglvern-ma-omfatte-omrader-i-sjoen\/#breadcrumb"},"inLanguage":"nb-NO","potentialAction":[{"@type":"ReadAction","target":["https:\/\/naturvernforbundet.no\/moreogromsdal\/sjofuglvern-ma-omfatte-omrader-i-sjoen\/"]}]},{"@type":"BreadcrumbList","@id":"https:\/\/naturvernforbundet.no\/moreogromsdal\/sjofuglvern-ma-omfatte-omrader-i-sjoen\/#breadcrumb","itemListElement":[{"@type":"ListItem","position":1,"name":"Till naturvernforbundet.no","item":"https:\/\/naturvernforbundet.no\/"},{"@type":"ListItem","position":2,"name":"M\u00f8re og Romsdal","item":"https:\/\/naturvernforbundet.no\/moreogromsdal\/"},{"@type":"ListItem","position":3,"name":"&#8211; Sj\u00f8fuglvern m\u00e5 omfatte omr\u00e5der i sj\u00f8en"}]},{"@type":"WebSite","@id":"https:\/\/naturvernforbundet.no\/moreogromsdal\/#website","url":"https:\/\/naturvernforbundet.no\/moreogromsdal\/","name":"M\u00f8re og Romsdal","description":"Bare enda et Naturvernforbundet Sites-nettsted","potentialAction":[{"@type":"SearchAction","target":{"@type":"EntryPoint","urlTemplate":"https:\/\/naturvernforbundet.no\/moreogromsdal\/?s={search_term_string}"},"query-input":{"@type":"PropertyValueSpecification","valueRequired":true,"valueName":"search_term_string"}}],"inLanguage":"nb-NO"},{"@type":"Person","@id":"https:\/\/naturvernforbundet.no\/moreogromsdal\/#\/schema\/person\/c72f198205979084bf071deedb6205f4","name":"Artikkelimport\u00f8r","image":{"@type":"ImageObject","inLanguage":"nb-NO","@id":"https:\/\/naturvernforbundet.no\/moreogromsdal\/#\/schema\/person\/image\/","url":"https:\/\/secure.gravatar.com\/avatar\/015fa491b9ed1c823ef16a5c930294d1?s=96&d=mm&r=g","contentUrl":"https:\/\/secure.gravatar.com\/avatar\/015fa491b9ed1c823ef16a5c930294d1?s=96&d=mm&r=g","caption":"Artikkelimport\u00f8r"},"url":"https:\/\/naturvernforbundet.no\/moreogromsdal\/author\/artikkelimportor\/"}]}},"_links":{"self":[{"href":"https:\/\/naturvernforbundet.no\/moreogromsdal\/wp-json\/wp\/v2\/posts\/1344","targetHints":{"allow":["GET"]}}],"collection":[{"href":"https:\/\/naturvernforbundet.no\/moreogromsdal\/wp-json\/wp\/v2\/posts"}],"about":[{"href":"https:\/\/naturvernforbundet.no\/moreogromsdal\/wp-json\/wp\/v2\/types\/post"}],"author":[{"embeddable":true,"href":"https:\/\/naturvernforbundet.no\/moreogromsdal\/wp-json\/wp\/v2\/users\/38"}],"replies":[{"embeddable":true,"href":"https:\/\/naturvernforbundet.no\/moreogromsdal\/wp-json\/wp\/v2\/comments?post=1344"}],"version-history":[{"count":0,"href":"https:\/\/naturvernforbundet.no\/moreogromsdal\/wp-json\/wp\/v2\/posts\/1344\/revisions"}],"wp:attachment":[{"href":"https:\/\/naturvernforbundet.no\/moreogromsdal\/wp-json\/wp\/v2\/media?parent=1344"}],"wp:term":[{"taxonomy":"category","embeddable":true,"href":"https:\/\/naturvernforbundet.no\/moreogromsdal\/wp-json\/wp\/v2\/categories?post=1344"},{"taxonomy":"post_tag","embeddable":true,"href":"https:\/\/naturvernforbundet.no\/moreogromsdal\/wp-json\/wp\/v2\/tags?post=1344"},{"taxonomy":"local","embeddable":true,"href":"https:\/\/naturvernforbundet.no\/moreogromsdal\/wp-json\/wp\/v2\/local?post=1344"}],"curies":[{"name":"wp","href":"https:\/\/api.w.org\/{rel}","templated":true}]}}