{"id":1397,"date":"2005-09-02T18:31:00","date_gmt":"2005-09-02T16:31:00","guid":{"rendered":"https:\/\/naturvernforbundet.no\/moreogromsdal\/naturvernforbundet-inviterer-til-miljogiftseminar\/"},"modified":"2005-09-02T18:31:00","modified_gmt":"2005-09-02T16:31:00","slug":"naturvernforbundet-inviterer-til-miljogiftseminar","status":"publish","type":"post","link":"https:\/\/naturvernforbundet.no\/moreogromsdal\/naturvernforbundet-inviterer-til-miljogiftseminar\/","title":{"rendered":"Naturvernforbundet inviterer til milj\u00f8giftseminar"},"content":{"rendered":"\t<div class=\"template-post alignfull wp-block-naturvern-hero\">\n\t\t<div class=\"hero__inner\">\n\t\t\t<div class=\"hero__inner_blocks\">\n\t\t\t\t\t\t\t\t\n\t\t\t\t\t<h1 class=\"wp-block-post-title\">Naturvernforbundet inviterer til milj\u00f8giftseminar<\/h1>\n\n\t\t\t\t\t<div class=\"wp-block-post-excerpt\"><p class=\"wp-block-post-excerpt__excerpt\">Norges Naturvernforbund og Naturvernforbundet i \u00c5lesund og omegn inviterer medlemmer og andre interesserte til MILJ\u00d8GIFTSEMINAR i \u00c5lesund helga 8. &#8211; 9. oktober. <\/p><\/div>\n\n\t\t\t\t\t\n\n\t\t\t\t\t<div class=\"wp-block-naturvern-byline\">\n\t\t\t<div class=\"authors\">By <span class=\"t2-byline__author-link\">Artikkelimport\u00f8r<\/span><\/div>\n\t\t\t<small class=\"entry-date\">02.09.2005 18:31<\/small>\n\t\t<\/div>\n\t\t\t\t\t\t\t\t<\/div>\n\t\t\t\t\t<\/div>\n\t\t\t<\/div>\n\t\n<p>Seminaret vil ta for seg b\u00e5de gamle synder og nye problemer.<br><br>Detaljert program sendes ut senere, men det vil dreie seg om: \n&#8211; myndighetenes arbeid med opprydning av forurensede sedimenter \n&#8211; hva som har skjedd, hva som vil skje fremover og hvilke utfordringer man st\u00e5r overfor \n&#8211; hvordan gamle og nye milj\u00f8gifter skaper problemer for mennesker og dyr i Norge \n&#8211; hvilke nye stoffer og kilder som vil v\u00e6re sentrale i milj\u00f8giftarbeidet fremover \n&#8211; hvordan milj\u00f8vernere kan jobbe aktivit for opprydning og utfasing av milj\u00f8gifter<br><br><b>PRAKTISKE OPPLYSNINGER<\/b><br><br><i>Sted:<\/i> \nRogne trafikkskole, Storev\u00e5gen p\u00e5 Blindheim i \u00c5lesund &#8211; ligger n\u00e6rt busstoppet Blindheimsskiftet der lokalbussene fra Moa trafikkterminal i Spjelkavik stopper, det er alts\u00e5 IKKE i \u00c5lesund sentrum, s\u00e5 sp\u00f8r busssj\u00e5f\u00f8rer om \u00e5 si fra hvor dere skal g\u00e5 av.<br><br>\u00c9n av flybussene, togbuss og nattbuss stopper p\u00e5 Moa trafikkterminal.<br><br><i>Tid:<\/i> \nL\u00f8rdag 8. oktober: 11:00 &#8211; 17:30 \nS\u00f8ndag 9. oktober: 9:30 &#8211; ca. 14:00<br><br>Naturvernforbundets sekretariat dekker utgifter til overnatting m\/frokost og lunsj (2 el. 3-mannsrom &#8211; ta med sovepose) for medlemmer av Naturvernforbundet. <br><br>Vi h\u00e5per det kan finnes midler til reiseutgifter i lokallagene. For de som har lang og dyr reisevei eller kommer fra lokallag som har spesielt d\u00e5rlig \u00f8konomi, kan det sendes dokumentasjon p\u00e5 dette for \u00e5 f\u00e5 dekket noe reiseutgifter. Det kan bli mulighet for \u00e5 dekke deler av reiseutgiftene for flere, men det kan vi dessverre ikke love p\u00e5 dette tidspunktet. <br><br><i>REISEMULIGHETER (se <a href=\"http:\/\/www.rutebok.no\">www.rutebok.no<\/a>):<\/i><br><br>1. Oslo-\u00c5lesund <br><br>*Buss (+ tog)<br><br>Fredag: Avreise 10:37 tog fra Oslo S, tog fra Hamar 12:06., buss fra \u00c5ndalsnes 16:40, ankomst Moa trafikkterminal 18:30. <br><br>*Buss:<br><br>Fredag: Avreise 10:00 Oslo Bussterminal, ankomst Moa trafikkterminal 19:55. <br><br>Fredag: Avreise 22:00 Oslo Bussterminal, ankomst Moa trafikkterminal l\u00f8rdag 07:40<br><br>S\u00f8ndag: Avreise 21:30 Moa trafikkterminal, ankomst 06:40 Oslo Bussterminal<br><br>Makspris 450 dagtid, 590 natt pr. vei<br><br>*Fly *(ankomst l\u00f8rdag, avreise s\u00f8ndag &#8211; det er ogs\u00e5 mulig \u00e5 komme fredag: <br><br>L\u00f8rdag: Avreise 09:25, ankomst 10:15 <br><br>S\u00f8ndag: Avreise 16:35, ankomst 17:25 <br><br>\n2. Trondheim-\u00c5lesund <br><br>*Buss <br><br>*Fredag: Avreise 12:20 Trondheim S, ankomst 19:20 Moa trafikkterminal <br><br>Fredag: Avreise 13:45 Trondheim S, ankomst 20:25 Moa trafikkterminal <br><br>Fredag: Avreise 16:35 Trondheim S, ankomst 23:25 Moa trafikkterminal<br><br>S\u00f8ndag: Avreise 16:25 Moa trafikkterminal, ankomst 23:20 Trondheim S<br><br>*Fly* <br><br>L\u00f8rdag: Avreise 08:00, ankomst 10:15 (inkl mellomlanding) <br><br>S\u00f8ndag: Avreise 16:00, ankomst 16:40 <br><br>\n3. Bergen-\u00c5lesund <br><br>*Fly* <br><br>L\u00f8rdag: Avreise 09:05, ankomst 09:45 <br><br>S\u00f8ndag Avreise 17:30, ankomst 18:05 <br><br>\nFly &#8211; se <a href=\"http:\/\/www.sasbraathens.no\">www.sasbraathens.no<\/a>)<br><br>Flybuss Vigra lufthavn &#8211; Moa trafikkterminal &#8211; se <a href=\"http:\/\/http:\/\/www.aalesund-bilruter.no\/rutetider\/flybussen.htm\">Nettbuss M\u00f8re<\/a><br><br>P\u00c5MELDINGSFRIST er onsdag 21. september.  Alle m\u00e5 melde seg p\u00e5, ogs\u00e5 medlemmer i Milj\u00f8giftutvalget og lokallaget!<br><br>22. september vil vi sende ut beskjed om det er nok p\u00e5meldte og om det dermed blir noe av eller ikke. <br><br>Da gjelder det \u00e5 kaste seg rundt og bestille reise, slik at det blir billigst mulig.<br><br>Vi h\u00e5per imidlertid at det er nok p\u00e5meldte tidligere enn ovenforst\u00e5ende frist, det blir i s\u00e5 tilfelle sendt ut beskjed om det.<br><br><b>P\u00e5meldinger og sp\u00f8rsm\u00e5l rettes til:<\/b> \nMaiken  &#8211; maiken(a)oikos.no, 23 10 96 42 eller 41 20 22 40\nMarte &#8211; marte(a)naturvern.no, 23 10 96 34<br><br>\nVennlig hilsen \nMaiken Pollestad Sele, \nMilj\u00f8giftutvalget i Naturvernforbundet <\/p>\n","protected":false},"excerpt":{"rendered":"<p>Norges Naturvernforbund og Naturvernforbundet i \u00c5lesund og omegn inviterer medlemmer og andre interesserte til MILJ\u00d8GIFTSEMINAR i \u00c5lesund helga 8. &#8211; 9. oktober.<\/p>\n","protected":false},"author":38,"featured_media":0,"comment_status":"closed","ping_status":"closed","sticky":false,"template":"","format":"standard","meta":{"_relevanssi_hide_post":"","_relevanssi_hide_content":"","_relevanssi_pin_for_all":"","_relevanssi_pin_keywords":"","_relevanssi_unpin_keywords":"","_relevanssi_related_keywords":"","_relevanssi_related_include_ids":"","_relevanssi_related_exclude_ids":"","_relevanssi_related_no_append":"","_relevanssi_related_not_related":"","_relevanssi_related_posts":"","_relevanssi_noindex_reason":"","hide_logo":false,"footnotes":""},"categories":[30],"tags":[],"local":[],"class_list":["post-1397","post","type-post","status-publish","format-standard","hentry","category-miljogifter"],"acf":[],"yoast_head":"<!-- This site is optimized with the Yoast SEO plugin v24.9 - https:\/\/yoast.com\/wordpress\/plugins\/seo\/ -->\n<title>Naturvernforbundet inviterer til milj\u00f8giftseminar - M\u00f8re og Romsdal<\/title>\n<meta name=\"robots\" content=\"index, follow, max-snippet:-1, max-image-preview:large, max-video-preview:-1\" \/>\n<link rel=\"canonical\" href=\"https:\/\/naturvernforbundet.no\/moreogromsdal\/naturvernforbundet-inviterer-til-miljogiftseminar\/\" \/>\n<meta property=\"og:locale\" content=\"nb_NO\" \/>\n<meta property=\"og:type\" content=\"article\" \/>\n<meta property=\"og:title\" content=\"Naturvernforbundet inviterer til milj\u00f8giftseminar - M\u00f8re og Romsdal\" \/>\n<meta property=\"og:description\" content=\"Norges Naturvernforbund og Naturvernforbundet i \u00c5lesund og omegn inviterer medlemmer og andre interesserte til MILJ\u00d8GIFTSEMINAR i \u00c5lesund helga 8. - 9. oktober.\" \/>\n<meta property=\"og:url\" content=\"https:\/\/naturvernforbundet.no\/moreogromsdal\/naturvernforbundet-inviterer-til-miljogiftseminar\/\" \/>\n<meta property=\"og:site_name\" content=\"M\u00f8re og Romsdal\" \/>\n<meta property=\"article:published_time\" content=\"2005-09-02T16:31:00+00:00\" \/>\n<meta name=\"author\" content=\"Artikkelimport\u00f8r\" \/>\n<meta name=\"twitter:card\" content=\"summary_large_image\" \/>\n<meta name=\"twitter:label1\" content=\"Skrevet av\" \/>\n\t<meta name=\"twitter:data1\" content=\"Artikkelimport\u00f8r\" \/>\n\t<meta name=\"twitter:label2\" content=\"Ansl. lesetid\" \/>\n\t<meta name=\"twitter:data2\" content=\"2 minutter\" \/>\n<script type=\"application\/ld+json\" class=\"yoast-schema-graph\">{\"@context\":\"https:\/\/schema.org\",\"@graph\":[{\"@type\":\"WebPage\",\"@id\":\"https:\/\/naturvernforbundet.no\/moreogromsdal\/naturvernforbundet-inviterer-til-miljogiftseminar\/\",\"url\":\"https:\/\/naturvernforbundet.no\/moreogromsdal\/naturvernforbundet-inviterer-til-miljogiftseminar\/\",\"name\":\"Naturvernforbundet inviterer til milj\u00f8giftseminar - M\u00f8re og Romsdal\",\"isPartOf\":{\"@id\":\"https:\/\/naturvernforbundet.no\/moreogromsdal\/#website\"},\"datePublished\":\"2005-09-02T16:31:00+00:00\",\"author\":{\"@id\":\"https:\/\/naturvernforbundet.no\/moreogromsdal\/#\/schema\/person\/c72f198205979084bf071deedb6205f4\"},\"breadcrumb\":{\"@id\":\"https:\/\/naturvernforbundet.no\/moreogromsdal\/naturvernforbundet-inviterer-til-miljogiftseminar\/#breadcrumb\"},\"inLanguage\":\"nb-NO\",\"potentialAction\":[{\"@type\":\"ReadAction\",\"target\":[\"https:\/\/naturvernforbundet.no\/moreogromsdal\/naturvernforbundet-inviterer-til-miljogiftseminar\/\"]}]},{\"@type\":\"BreadcrumbList\",\"@id\":\"https:\/\/naturvernforbundet.no\/moreogromsdal\/naturvernforbundet-inviterer-til-miljogiftseminar\/#breadcrumb\",\"itemListElement\":[{\"@type\":\"ListItem\",\"position\":1,\"name\":\"Till naturvernforbundet.no\",\"item\":\"https:\/\/naturvernforbundet.no\/\"},{\"@type\":\"ListItem\",\"position\":2,\"name\":\"M\u00f8re og Romsdal\",\"item\":\"https:\/\/naturvernforbundet.no\/moreogromsdal\/\"},{\"@type\":\"ListItem\",\"position\":3,\"name\":\"Naturvernforbundet inviterer til milj\u00f8giftseminar\"}]},{\"@type\":\"WebSite\",\"@id\":\"https:\/\/naturvernforbundet.no\/moreogromsdal\/#website\",\"url\":\"https:\/\/naturvernforbundet.no\/moreogromsdal\/\",\"name\":\"M\u00f8re og Romsdal\",\"description\":\"Bare enda et Naturvernforbundet Sites-nettsted\",\"potentialAction\":[{\"@type\":\"SearchAction\",\"target\":{\"@type\":\"EntryPoint\",\"urlTemplate\":\"https:\/\/naturvernforbundet.no\/moreogromsdal\/?s={search_term_string}\"},\"query-input\":{\"@type\":\"PropertyValueSpecification\",\"valueRequired\":true,\"valueName\":\"search_term_string\"}}],\"inLanguage\":\"nb-NO\"},{\"@type\":\"Person\",\"@id\":\"https:\/\/naturvernforbundet.no\/moreogromsdal\/#\/schema\/person\/c72f198205979084bf071deedb6205f4\",\"name\":\"Artikkelimport\u00f8r\",\"image\":{\"@type\":\"ImageObject\",\"inLanguage\":\"nb-NO\",\"@id\":\"https:\/\/naturvernforbundet.no\/moreogromsdal\/#\/schema\/person\/image\/\",\"url\":\"https:\/\/secure.gravatar.com\/avatar\/015fa491b9ed1c823ef16a5c930294d1?s=96&d=mm&r=g\",\"contentUrl\":\"https:\/\/secure.gravatar.com\/avatar\/015fa491b9ed1c823ef16a5c930294d1?s=96&d=mm&r=g\",\"caption\":\"Artikkelimport\u00f8r\"},\"url\":\"https:\/\/naturvernforbundet.no\/moreogromsdal\/author\/artikkelimportor\/\"}]}<\/script>\n<!-- \/ Yoast SEO plugin. -->","yoast_head_json":{"title":"Naturvernforbundet inviterer til milj\u00f8giftseminar - M\u00f8re og Romsdal","robots":{"index":"index","follow":"follow","max-snippet":"max-snippet:-1","max-image-preview":"max-image-preview:large","max-video-preview":"max-video-preview:-1"},"canonical":"https:\/\/naturvernforbundet.no\/moreogromsdal\/naturvernforbundet-inviterer-til-miljogiftseminar\/","og_locale":"nb_NO","og_type":"article","og_title":"Naturvernforbundet inviterer til milj\u00f8giftseminar - M\u00f8re og Romsdal","og_description":"Norges Naturvernforbund og Naturvernforbundet i \u00c5lesund og omegn inviterer medlemmer og andre interesserte til MILJ\u00d8GIFTSEMINAR i \u00c5lesund helga 8. - 9. oktober.","og_url":"https:\/\/naturvernforbundet.no\/moreogromsdal\/naturvernforbundet-inviterer-til-miljogiftseminar\/","og_site_name":"M\u00f8re og Romsdal","article_published_time":"2005-09-02T16:31:00+00:00","author":"Artikkelimport\u00f8r","twitter_card":"summary_large_image","twitter_misc":{"Skrevet av":"Artikkelimport\u00f8r","Ansl. lesetid":"2 minutter"},"schema":{"@context":"https:\/\/schema.org","@graph":[{"@type":"WebPage","@id":"https:\/\/naturvernforbundet.no\/moreogromsdal\/naturvernforbundet-inviterer-til-miljogiftseminar\/","url":"https:\/\/naturvernforbundet.no\/moreogromsdal\/naturvernforbundet-inviterer-til-miljogiftseminar\/","name":"Naturvernforbundet inviterer til milj\u00f8giftseminar - M\u00f8re og Romsdal","isPartOf":{"@id":"https:\/\/naturvernforbundet.no\/moreogromsdal\/#website"},"datePublished":"2005-09-02T16:31:00+00:00","author":{"@id":"https:\/\/naturvernforbundet.no\/moreogromsdal\/#\/schema\/person\/c72f198205979084bf071deedb6205f4"},"breadcrumb":{"@id":"https:\/\/naturvernforbundet.no\/moreogromsdal\/naturvernforbundet-inviterer-til-miljogiftseminar\/#breadcrumb"},"inLanguage":"nb-NO","potentialAction":[{"@type":"ReadAction","target":["https:\/\/naturvernforbundet.no\/moreogromsdal\/naturvernforbundet-inviterer-til-miljogiftseminar\/"]}]},{"@type":"BreadcrumbList","@id":"https:\/\/naturvernforbundet.no\/moreogromsdal\/naturvernforbundet-inviterer-til-miljogiftseminar\/#breadcrumb","itemListElement":[{"@type":"ListItem","position":1,"name":"Till naturvernforbundet.no","item":"https:\/\/naturvernforbundet.no\/"},{"@type":"ListItem","position":2,"name":"M\u00f8re og Romsdal","item":"https:\/\/naturvernforbundet.no\/moreogromsdal\/"},{"@type":"ListItem","position":3,"name":"Naturvernforbundet inviterer til milj\u00f8giftseminar"}]},{"@type":"WebSite","@id":"https:\/\/naturvernforbundet.no\/moreogromsdal\/#website","url":"https:\/\/naturvernforbundet.no\/moreogromsdal\/","name":"M\u00f8re og Romsdal","description":"Bare enda et Naturvernforbundet Sites-nettsted","potentialAction":[{"@type":"SearchAction","target":{"@type":"EntryPoint","urlTemplate":"https:\/\/naturvernforbundet.no\/moreogromsdal\/?s={search_term_string}"},"query-input":{"@type":"PropertyValueSpecification","valueRequired":true,"valueName":"search_term_string"}}],"inLanguage":"nb-NO"},{"@type":"Person","@id":"https:\/\/naturvernforbundet.no\/moreogromsdal\/#\/schema\/person\/c72f198205979084bf071deedb6205f4","name":"Artikkelimport\u00f8r","image":{"@type":"ImageObject","inLanguage":"nb-NO","@id":"https:\/\/naturvernforbundet.no\/moreogromsdal\/#\/schema\/person\/image\/","url":"https:\/\/secure.gravatar.com\/avatar\/015fa491b9ed1c823ef16a5c930294d1?s=96&d=mm&r=g","contentUrl":"https:\/\/secure.gravatar.com\/avatar\/015fa491b9ed1c823ef16a5c930294d1?s=96&d=mm&r=g","caption":"Artikkelimport\u00f8r"},"url":"https:\/\/naturvernforbundet.no\/moreogromsdal\/author\/artikkelimportor\/"}]}},"_links":{"self":[{"href":"https:\/\/naturvernforbundet.no\/moreogromsdal\/wp-json\/wp\/v2\/posts\/1397","targetHints":{"allow":["GET"]}}],"collection":[{"href":"https:\/\/naturvernforbundet.no\/moreogromsdal\/wp-json\/wp\/v2\/posts"}],"about":[{"href":"https:\/\/naturvernforbundet.no\/moreogromsdal\/wp-json\/wp\/v2\/types\/post"}],"author":[{"embeddable":true,"href":"https:\/\/naturvernforbundet.no\/moreogromsdal\/wp-json\/wp\/v2\/users\/38"}],"replies":[{"embeddable":true,"href":"https:\/\/naturvernforbundet.no\/moreogromsdal\/wp-json\/wp\/v2\/comments?post=1397"}],"version-history":[{"count":0,"href":"https:\/\/naturvernforbundet.no\/moreogromsdal\/wp-json\/wp\/v2\/posts\/1397\/revisions"}],"wp:attachment":[{"href":"https:\/\/naturvernforbundet.no\/moreogromsdal\/wp-json\/wp\/v2\/media?parent=1397"}],"wp:term":[{"taxonomy":"category","embeddable":true,"href":"https:\/\/naturvernforbundet.no\/moreogromsdal\/wp-json\/wp\/v2\/categories?post=1397"},{"taxonomy":"post_tag","embeddable":true,"href":"https:\/\/naturvernforbundet.no\/moreogromsdal\/wp-json\/wp\/v2\/tags?post=1397"},{"taxonomy":"local","embeddable":true,"href":"https:\/\/naturvernforbundet.no\/moreogromsdal\/wp-json\/wp\/v2\/local?post=1397"}],"curies":[{"name":"wp","href":"https:\/\/api.w.org\/{rel}","templated":true}]}}