{"id":1414,"date":"2006-10-17T06:22:00","date_gmt":"2006-10-17T04:22:00","guid":{"rendered":"https:\/\/naturvernforbundet.no\/moreogromsdal\/miljo-grublerier\/"},"modified":"2006-10-17T06:22:00","modified_gmt":"2006-10-17T04:22:00","slug":"miljo-grublerier","status":"publish","type":"post","link":"https:\/\/naturvernforbundet.no\/moreogromsdal\/miljo-grublerier\/","title":{"rendered":"Milj\u00f8-grublerier"},"content":{"rendered":"\t<div class=\"template-post alignfull wp-block-naturvern-hero\">\n\t\t<div class=\"hero__inner\">\n\t\t\t<div class=\"hero__inner_blocks\">\n\t\t\t\t\t\t\t\t\n\t\t\t\t\t<h1 class=\"wp-block-post-title\">Milj\u00f8-grublerier<\/h1>\n\n\t\t\t\t\t<div class=\"wp-block-post-excerpt\"><p class=\"wp-block-post-excerpt__excerpt\">Epost fr\u00e5 Naturvernforbundet i M\u00f8re og Romsdal til &laquo;Barnekroken&raquo; i Aura Avis. <\/p><\/div>\n\n\t\t\t\t\t\n\n\t\t\t\t\t<div class=\"wp-block-naturvern-byline\">\n\t\t\t<div class=\"authors\">By <span class=\"t2-byline__author-link\">Artikkelimport\u00f8r<\/span><\/div>\n\t\t\t<small class=\"entry-date\">17.10.2006 06:22<\/small>\n\t\t<\/div>\n\t\t\t\t\t\t\t\t<\/div>\n\t\t\t\t\t<\/div>\n\t\t\t<\/div>\n\t\n<p>Eg les Barnekroken i Aura Avis 17. oktober. Her er milj\u00f8 tema.\n<\/p>\n\n\n\n<p>Konklusjonen er:\n<\/p>\n\n\n\n<p>&#8211; milj\u00f8biler er teit\n<\/p>\n\n\n\n<p>&#8211; kartongbretting er teit\n<\/p>\n\n\n\n<p>&#8211; vedfyring er teit\n<\/p>\n\n\n\n<p>Viss dette skuldast manglande kunnskap, let det seg gjere \u00e5 f\u00e5 ordna opp i det.\n<\/p>\n\n\n\n<p>Milj\u00f8agentane kan sikkert hjelpe til d\u00e5.\n<\/p>\n\n\n\n<p>Viss dette skuldast noko anna, d\u00e5 tykkjer eg dette er b\u00e5de sv\u00e6rt alvorleg og leit.\n<\/p>\n\n\n\n<p>Kollektivfeltet er der for at dei som vel denne l\u00f8ysinga skal bli favorisert ved \u00e5 kome fortare fram. Viss bussen bruker like lang tid vil ingen ta buss. Samfunnet gir ved dette eit viktig signal om at folk b\u00f8r bruke bussen oftare. Sidan det er ledig kapasitet i kollektivfeltet, vil samfunnet p\u00e5 same m\u00e5ten lokke folk til \u00e5 byte til el-bil. Denne gongen har samfunnet bruka gulrot i staden for forbod. S\u00e5 Eli &#8211; k\u00f8yr buss eller el-bil du ogs\u00e5, viss du skal lenger enn at f\u00f8tene eller pedalane duger.\n<\/p>\n\n\n\n<p>Desse forskarane seier at varmt vatn til kartongskylling er d\u00e5rleg rekneskap. Men det er tull \u00e5 skylle vekk proteinrestar med varmt vatn. Kartongane blir rikeleg reine nok med kaldt vatn (og to sm\u00e5 skvettar er nok om kartongen ikkje har st\u00e5tt ei tid). Det seier forskarane ogs\u00e5.\n<\/p>\n\n\n\n<p>Peis er berre for pynt. Skal du fyre med ved eller biobrensel b\u00f8r ein sj\u00f8lvsagt bruke reintbrennande omn eller pelletskamin. Desse er mykje meir effektive, og dei har l\u00e5ge utslepp. Dei har utslepp, og det er nok somme stader nokre som hostar litt av r\u00f8yken. Men stadig sultnare panelomnar som f\u00e5r straumen sin fr\u00e5 gasskraftverk som politikarar stadig ivrar for at vi m\u00e5 skaffe oss f\u00f8rer til mange andre problem. Er det noko betre at mange millionar menneske i Bangladesh og andre stader blir g\u00e5ande med vatn til over magen i bustadomr\u00e5dene sine n\u00e5r havet stig som f\u00f8lgje av klimagassutslepp og tilh\u00f8yrande havstiging?\n<\/p>\n\n\n\n<p>\u00d8ystein Folden\n<\/p>\n\n\n\n<p>leiar, Naturvernforbundet i M\u00f8re og Romsdal\n<\/p>\n\n\n\n<p>6630 Tingvoll\n<\/p>\n\n\n\n<p>tlf 918 12 542 \/ 71 53 33 31\n<\/p>\n\n\n\n<p>epost: moreromsdal(a)naturvern.no\n<\/p>\n\n\n\n<p>internett: <a href=\"\/cgi-bin\/naturvern\/www.naturvern.no\/moreromsdal\">www.naturvern.no\/moreromsdal<\/a><\/p>\n\n\n\n<p><a href=\"\/imakerdata\/f\/0\/94\/45\/1_2401_0\/Barnekroken_001.jpg\">Oppslaget med Eli Rygg<\/a><\/p>\n","protected":false},"excerpt":{"rendered":"<p>Epost fr\u00e5 Naturvernforbundet i M\u00f8re og Romsdal til &laquo;Barnekroken&raquo; i Aura Avis.<\/p>\n","protected":false},"author":38,"featured_media":0,"comment_status":"closed","ping_status":"closed","sticky":false,"template":"","format":"standard","meta":{"_relevanssi_hide_post":"","_relevanssi_hide_content":"","_relevanssi_pin_for_all":"","_relevanssi_pin_keywords":"","_relevanssi_unpin_keywords":"","_relevanssi_related_keywords":"","_relevanssi_related_include_ids":"","_relevanssi_related_exclude_ids":"","_relevanssi_related_no_append":"","_relevanssi_related_not_related":"","_relevanssi_related_posts":"","_relevanssi_noindex_reason":"","hide_logo":false,"footnotes":""},"categories":[20],"tags":[],"local":[],"class_list":["post-1414","post","type-post","status-publish","format-standard","hentry","category-miljopolitikk"],"acf":[],"yoast_head":"<!-- This site is optimized with the Yoast SEO plugin v24.9 - https:\/\/yoast.com\/wordpress\/plugins\/seo\/ -->\n<title>Milj\u00f8-grublerier - M\u00f8re og Romsdal<\/title>\n<meta name=\"robots\" content=\"index, follow, max-snippet:-1, max-image-preview:large, max-video-preview:-1\" \/>\n<link rel=\"canonical\" href=\"https:\/\/naturvernforbundet.no\/moreogromsdal\/miljo-grublerier\/\" \/>\n<meta property=\"og:locale\" content=\"nb_NO\" \/>\n<meta property=\"og:type\" content=\"article\" \/>\n<meta property=\"og:title\" content=\"Milj\u00f8-grublerier - M\u00f8re og Romsdal\" \/>\n<meta property=\"og:description\" content=\"Epost fr\u00e5 Naturvernforbundet i M\u00f8re og Romsdal til &quot;Barnekroken&quot; i Aura Avis.\" \/>\n<meta property=\"og:url\" content=\"https:\/\/naturvernforbundet.no\/moreogromsdal\/miljo-grublerier\/\" \/>\n<meta property=\"og:site_name\" content=\"M\u00f8re og Romsdal\" \/>\n<meta property=\"article:published_time\" content=\"2006-10-17T04:22:00+00:00\" \/>\n<meta name=\"author\" content=\"Artikkelimport\u00f8r\" \/>\n<meta name=\"twitter:card\" content=\"summary_large_image\" \/>\n<meta name=\"twitter:label1\" content=\"Skrevet av\" \/>\n\t<meta name=\"twitter:data1\" content=\"Artikkelimport\u00f8r\" \/>\n\t<meta name=\"twitter:label2\" content=\"Ansl. lesetid\" \/>\n\t<meta name=\"twitter:data2\" content=\"2 minutter\" \/>\n<script type=\"application\/ld+json\" class=\"yoast-schema-graph\">{\"@context\":\"https:\/\/schema.org\",\"@graph\":[{\"@type\":\"WebPage\",\"@id\":\"https:\/\/naturvernforbundet.no\/moreogromsdal\/miljo-grublerier\/\",\"url\":\"https:\/\/naturvernforbundet.no\/moreogromsdal\/miljo-grublerier\/\",\"name\":\"Milj\u00f8-grublerier - M\u00f8re og Romsdal\",\"isPartOf\":{\"@id\":\"https:\/\/naturvernforbundet.no\/moreogromsdal\/#website\"},\"datePublished\":\"2006-10-17T04:22:00+00:00\",\"author\":{\"@id\":\"https:\/\/naturvernforbundet.no\/moreogromsdal\/#\/schema\/person\/c72f198205979084bf071deedb6205f4\"},\"breadcrumb\":{\"@id\":\"https:\/\/naturvernforbundet.no\/moreogromsdal\/miljo-grublerier\/#breadcrumb\"},\"inLanguage\":\"nb-NO\",\"potentialAction\":[{\"@type\":\"ReadAction\",\"target\":[\"https:\/\/naturvernforbundet.no\/moreogromsdal\/miljo-grublerier\/\"]}]},{\"@type\":\"BreadcrumbList\",\"@id\":\"https:\/\/naturvernforbundet.no\/moreogromsdal\/miljo-grublerier\/#breadcrumb\",\"itemListElement\":[{\"@type\":\"ListItem\",\"position\":1,\"name\":\"Till naturvernforbundet.no\",\"item\":\"https:\/\/naturvernforbundet.no\/\"},{\"@type\":\"ListItem\",\"position\":2,\"name\":\"M\u00f8re og Romsdal\",\"item\":\"https:\/\/naturvernforbundet.no\/moreogromsdal\/\"},{\"@type\":\"ListItem\",\"position\":3,\"name\":\"Milj\u00f8-grublerier\"}]},{\"@type\":\"WebSite\",\"@id\":\"https:\/\/naturvernforbundet.no\/moreogromsdal\/#website\",\"url\":\"https:\/\/naturvernforbundet.no\/moreogromsdal\/\",\"name\":\"M\u00f8re og Romsdal\",\"description\":\"Bare enda et Naturvernforbundet Sites-nettsted\",\"potentialAction\":[{\"@type\":\"SearchAction\",\"target\":{\"@type\":\"EntryPoint\",\"urlTemplate\":\"https:\/\/naturvernforbundet.no\/moreogromsdal\/?s={search_term_string}\"},\"query-input\":{\"@type\":\"PropertyValueSpecification\",\"valueRequired\":true,\"valueName\":\"search_term_string\"}}],\"inLanguage\":\"nb-NO\"},{\"@type\":\"Person\",\"@id\":\"https:\/\/naturvernforbundet.no\/moreogromsdal\/#\/schema\/person\/c72f198205979084bf071deedb6205f4\",\"name\":\"Artikkelimport\u00f8r\",\"image\":{\"@type\":\"ImageObject\",\"inLanguage\":\"nb-NO\",\"@id\":\"https:\/\/naturvernforbundet.no\/moreogromsdal\/#\/schema\/person\/image\/\",\"url\":\"https:\/\/secure.gravatar.com\/avatar\/015fa491b9ed1c823ef16a5c930294d1?s=96&d=mm&r=g\",\"contentUrl\":\"https:\/\/secure.gravatar.com\/avatar\/015fa491b9ed1c823ef16a5c930294d1?s=96&d=mm&r=g\",\"caption\":\"Artikkelimport\u00f8r\"},\"url\":\"https:\/\/naturvernforbundet.no\/moreogromsdal\/author\/artikkelimportor\/\"}]}<\/script>\n<!-- \/ Yoast SEO plugin. -->","yoast_head_json":{"title":"Milj\u00f8-grublerier - M\u00f8re og Romsdal","robots":{"index":"index","follow":"follow","max-snippet":"max-snippet:-1","max-image-preview":"max-image-preview:large","max-video-preview":"max-video-preview:-1"},"canonical":"https:\/\/naturvernforbundet.no\/moreogromsdal\/miljo-grublerier\/","og_locale":"nb_NO","og_type":"article","og_title":"Milj\u00f8-grublerier - M\u00f8re og Romsdal","og_description":"Epost fr\u00e5 Naturvernforbundet i M\u00f8re og Romsdal til \"Barnekroken\" i Aura Avis.","og_url":"https:\/\/naturvernforbundet.no\/moreogromsdal\/miljo-grublerier\/","og_site_name":"M\u00f8re og Romsdal","article_published_time":"2006-10-17T04:22:00+00:00","author":"Artikkelimport\u00f8r","twitter_card":"summary_large_image","twitter_misc":{"Skrevet av":"Artikkelimport\u00f8r","Ansl. lesetid":"2 minutter"},"schema":{"@context":"https:\/\/schema.org","@graph":[{"@type":"WebPage","@id":"https:\/\/naturvernforbundet.no\/moreogromsdal\/miljo-grublerier\/","url":"https:\/\/naturvernforbundet.no\/moreogromsdal\/miljo-grublerier\/","name":"Milj\u00f8-grublerier - M\u00f8re og Romsdal","isPartOf":{"@id":"https:\/\/naturvernforbundet.no\/moreogromsdal\/#website"},"datePublished":"2006-10-17T04:22:00+00:00","author":{"@id":"https:\/\/naturvernforbundet.no\/moreogromsdal\/#\/schema\/person\/c72f198205979084bf071deedb6205f4"},"breadcrumb":{"@id":"https:\/\/naturvernforbundet.no\/moreogromsdal\/miljo-grublerier\/#breadcrumb"},"inLanguage":"nb-NO","potentialAction":[{"@type":"ReadAction","target":["https:\/\/naturvernforbundet.no\/moreogromsdal\/miljo-grublerier\/"]}]},{"@type":"BreadcrumbList","@id":"https:\/\/naturvernforbundet.no\/moreogromsdal\/miljo-grublerier\/#breadcrumb","itemListElement":[{"@type":"ListItem","position":1,"name":"Till naturvernforbundet.no","item":"https:\/\/naturvernforbundet.no\/"},{"@type":"ListItem","position":2,"name":"M\u00f8re og Romsdal","item":"https:\/\/naturvernforbundet.no\/moreogromsdal\/"},{"@type":"ListItem","position":3,"name":"Milj\u00f8-grublerier"}]},{"@type":"WebSite","@id":"https:\/\/naturvernforbundet.no\/moreogromsdal\/#website","url":"https:\/\/naturvernforbundet.no\/moreogromsdal\/","name":"M\u00f8re og Romsdal","description":"Bare enda et Naturvernforbundet Sites-nettsted","potentialAction":[{"@type":"SearchAction","target":{"@type":"EntryPoint","urlTemplate":"https:\/\/naturvernforbundet.no\/moreogromsdal\/?s={search_term_string}"},"query-input":{"@type":"PropertyValueSpecification","valueRequired":true,"valueName":"search_term_string"}}],"inLanguage":"nb-NO"},{"@type":"Person","@id":"https:\/\/naturvernforbundet.no\/moreogromsdal\/#\/schema\/person\/c72f198205979084bf071deedb6205f4","name":"Artikkelimport\u00f8r","image":{"@type":"ImageObject","inLanguage":"nb-NO","@id":"https:\/\/naturvernforbundet.no\/moreogromsdal\/#\/schema\/person\/image\/","url":"https:\/\/secure.gravatar.com\/avatar\/015fa491b9ed1c823ef16a5c930294d1?s=96&d=mm&r=g","contentUrl":"https:\/\/secure.gravatar.com\/avatar\/015fa491b9ed1c823ef16a5c930294d1?s=96&d=mm&r=g","caption":"Artikkelimport\u00f8r"},"url":"https:\/\/naturvernforbundet.no\/moreogromsdal\/author\/artikkelimportor\/"}]}},"_links":{"self":[{"href":"https:\/\/naturvernforbundet.no\/moreogromsdal\/wp-json\/wp\/v2\/posts\/1414","targetHints":{"allow":["GET"]}}],"collection":[{"href":"https:\/\/naturvernforbundet.no\/moreogromsdal\/wp-json\/wp\/v2\/posts"}],"about":[{"href":"https:\/\/naturvernforbundet.no\/moreogromsdal\/wp-json\/wp\/v2\/types\/post"}],"author":[{"embeddable":true,"href":"https:\/\/naturvernforbundet.no\/moreogromsdal\/wp-json\/wp\/v2\/users\/38"}],"replies":[{"embeddable":true,"href":"https:\/\/naturvernforbundet.no\/moreogromsdal\/wp-json\/wp\/v2\/comments?post=1414"}],"version-history":[{"count":0,"href":"https:\/\/naturvernforbundet.no\/moreogromsdal\/wp-json\/wp\/v2\/posts\/1414\/revisions"}],"wp:attachment":[{"href":"https:\/\/naturvernforbundet.no\/moreogromsdal\/wp-json\/wp\/v2\/media?parent=1414"}],"wp:term":[{"taxonomy":"category","embeddable":true,"href":"https:\/\/naturvernforbundet.no\/moreogromsdal\/wp-json\/wp\/v2\/categories?post=1414"},{"taxonomy":"post_tag","embeddable":true,"href":"https:\/\/naturvernforbundet.no\/moreogromsdal\/wp-json\/wp\/v2\/tags?post=1414"},{"taxonomy":"local","embeddable":true,"href":"https:\/\/naturvernforbundet.no\/moreogromsdal\/wp-json\/wp\/v2\/local?post=1414"}],"curies":[{"name":"wp","href":"https:\/\/api.w.org\/{rel}","templated":true}]}}