{"id":1419,"date":"2006-01-02T08:05:00","date_gmt":"2006-01-02T07:05:00","guid":{"rendered":"https:\/\/naturvernforbundet.no\/moreogromsdal\/naturvernforbundet-om-fylkesvise-planar-for-vindkraft-godt-forslag-fra-regjeringa\/"},"modified":"2006-01-02T08:05:00","modified_gmt":"2006-01-02T07:05:00","slug":"naturvernforbundet-om-fylkesvise-planar-for-vindkraft-godt-forslag-fra-regjeringa","status":"publish","type":"post","link":"https:\/\/naturvernforbundet.no\/moreogromsdal\/naturvernforbundet-om-fylkesvise-planar-for-vindkraft-godt-forslag-fra-regjeringa\/","title":{"rendered":"Naturvernforbundet om fylkesvise planar for vindkraft: Godt forslag fr\u00e5 regjeringa"},"content":{"rendered":"\t<div class=\"template-post alignfull wp-block-naturvern-hero\">\n\t\t<div class=\"hero__inner\">\n\t\t\t<div class=\"hero__inner_blocks\">\n\t\t\t\t\t\t\t\t\n\t\t\t\t\t<h1 class=\"wp-block-post-title\">Naturvernforbundet om fylkesvise planar for vindkraft: Godt forslag fr\u00e5 regjeringa<\/h1>\n\n\t\t\t\t\t<div class=\"wp-block-post-excerpt\"><p class=\"wp-block-post-excerpt__excerpt\">&#8211; Naturvernforbundet meiner det er n\u00f8dvendig med vidare utvikling av fornybare energikjelder, men det m\u00e5 stillast same strenge krav til natur- og milj\u00f8hensyn i slike saker som i andre utbyggingssaker, seier leiar \u00d8ystein Folden i Naturvernforbundet i M\u00f8re og Romsdal. &#8211; Det at M\u00f8re og Romsdal fylke f\u00f8r jul vedtok \u00e5 ikkje lage fylkesdelplan for&hellip; <\/p><\/div>\n\n\t\t\t\t\t\n\n\t\t\t\t\t<div class=\"wp-block-naturvern-byline\">\n\t\t\t<div class=\"authors\">By <span class=\"t2-byline__author-link\">Artikkelimport\u00f8r<\/span><\/div>\n\t\t\t<small class=\"entry-date\">02.01.2006 08:05<\/small>\n\t\t<\/div>\n\t\t\t\t\t\t\t\t<\/div>\n\t\t\t\t\t<\/div>\n\t\t\t<\/div>\n\t\n<p>Det var i oktober i \u00e5r Milj\u00f8verndepartementet fremja forslag til retningsliner for planlegging og lokalisering av vindkraftanlegg. Her skriv departementet m.a. at fylkesdelplanar vil vere godt eigna for \u00e5 styre lokaliseringa av vindkraftanlegg til omr\u00e5de der konfliktniv\u00e5et er l\u00e5gare. \n<\/p>\n\n\n\n<p>I fr\u00e5segna si til Milj\u00f8verndepartementet skriv Norges Naturvernforbund at vurderingar for st\u00f8rre omr\u00e5de i samanheng er avgjerande for \u00e5 f\u00e5 til utbyggingar med minst mogeleg konfliktar og milj\u00f8kostnader. &#8211; Vi gir full st\u00f8tte til at handteringa av konsesjonss\u00f8knadene vert utsett til dei regionale planane er ferdige. Det er heilt i tr\u00e5d med v\u00e5re krav fr\u00e5 tidlegare, seier \u00d8ystein Folden. \n<\/p>\n\n\n\n<p>Naturvernforbundet har dei siste \u00e5ra fleire gonge r oppmoda M\u00f8re og Romsdal fylke til \u00e5 ta grep i vindkraftdebatten. M\u00f8re og Romsdal er eit av dei fylka der konfliktniv\u00e5et knytt til vindkraft er h\u00f8gast. &#8211; Dette skuldast og fremst uprofesjonelle utbyggarar og famlande styresmakter, seier \u00d8ystein Folden. \n<\/p>\n\n\n\n<p>I Tidens Krav i jula har venstrepolitikarar Iver Nordseth fr\u00e5 Sm\u00f8la eit innlegg der han skuldar Naturvernforbundet for den manglande framdrifta i vindkraftutbygginga. &#8211; Nordseth har fleire hattar, han er b\u00e5de ordf\u00f8rar, leiar i Landsforeninga for norske vindkraftkommunar og fylkespolitikarar. Likevel har han ikkje l\u00f8fta ein finger for \u00e5 f\u00e5 p\u00e5 plass vindkraftplanlegging i v\u00e5rt fylke. Nordseth har sv\u00e6rt liten truverd n\u00e5r han kritiserer Naturvernforbundet, seier Folden. \n<\/p>\n\n\n\n<p>Naturvernforbundet har elles ei rekke kommentarar til innhaldet i retningslinene fr\u00e5 Milj\u00f8verndepartementet: \n<\/p>\n\n\n\n<p>&#8211; Nettilknyting for vindkraftanlegg skal vurderast som ein integrert del av vindkrafta i dei regionale planane, og bruk av jordkabel m\u00e5 inn som eit tiltak for vurdering. <br><br>&#8211; Godkjende regionale planar m\u00e5 dei vere bindande for NVE. Det vil seie at NVE utan vidare avviser s\u00f8knader som etter ei samla konsekvensvurdering er spesielt konfliktfylte. Det same m\u00e5 gjelde der utbygging vil g\u00e5 ut over store einskildverdiar i natur og landskap, understrekar Folden. &#8211; Med nasjonale m\u00e5l som utgangspunkt for planane, vil ein slik praksis vere heilt parallell til den vellukka ordninga vi har med Samla plan for vassdrag.<br><br>&#8211; Den folkelege motstanden mot vindkraftplanar er mange stader stor, framhevar Naturvernforbundet. &#8211; Denne motstanden har truleg vakse raskare i vindkraftsaka enn i noko anna milj\u00f8sp\u00f8rsm\u00e5l. Vi ser dette som eit uttrykk for at natur og landskap er viktigare for mange i dag enn tidlegare. <br>Norges Naturvernforbund meinar at omsynet til samverknader generelt sett b\u00f8r bli sterkare i retningslinene. <br><br>&#8211; Dei to m\u00e5la for energiforsyninga, \u00e5 avgrense utsleppa av klimagassar og \u00e5 halde naturinngrepa p\u00e5 eit niv\u00e5 med akseptable ulemper, inneber ein dobbel skranke for st\u00f8rre energitilgang. Vi g\u00e5r ut fr\u00e5 at akseptable ulemper inneber at vindkraft ikkje skal g\u00e5 ut over m\u00e5let om \u00e5 stanse nedgangen i biomangfald innan 2010, avsluttar Folden. <br>\n<\/p>\n\n\n\n<p><em>Kontakt fylkesleiar \u00d8ystein Folden p\u00e5 91 81 25 42 for meir informasjon.<\/em> \n<a>Ja, dette er ein viktig sak! Eg vil bli medlem i Naturvernforbundet<\/a><br><\/p>\n\n\n\n\n\n<p><a>Eg vil gjerne st\u00f8tte arbeidet Naturvernforbundet gj\u00f8r for \u00e5 ta vare p\u00e5 naturen<\/a><\/p>\n\n\n\n\n\n<p><a href=\"\/imakerdata\/f\/0\/98\/47\/7_2401_0\/Vindkraft_Retningslinjer.pdf\">Les uttalen fr\u00e5 Naturvernforbundet til Milj\u00f8verndepartementet<\/a><\/p>\n\n\n\n<p><a href=\"\/imakerdata\/f\/0\/98\/47\/8_2401_0\/Nordseth_om_NNV_og_vindkraft_001.jpg\">Innlegg fr\u00e5 Iver Nordseth i Tidens Krav<\/a><\/p>\n\n\n\n<p><a href=\"\/imakerdata\/f\/0\/98\/79\/5_2401_0\/Fagrapport.pdf\">Fagrapport friluftsliv og vindkraft i Rogaland<\/a><\/p>\n\n\n\n<p><a href=\"\/imakerdata\/f\/0\/98\/79\/7_2401_0\/fdp_vindkraft_vedtattplanprogram.pdf\">Planprogram for fylkesdelplan for vindkraft i Rogaland<\/a><\/p>\n\n\n\n<p><a href=\"\/imakerdata\/f\/0\/98\/80\/0_2401_0\/oppstart_Nordland.pdf\">Oppstart av arbeid med fylkesdelplan for vindkraft i Nordland<\/a><\/p>\n\n\n\n<p><a href=\"\/imakerdata\/f\/1\/02\/25\/7_2401_0\/Planprogram_vindkraft-_horingsutkast_21.02.07.doc\">Forslag til planprogram &#8211; fylkesdelplan for vindkraft i S\u00f8r-Tr\u00f8ndelag<\/a><\/p>\n\n\n\n<p><a href=\"\/imakerdata\/f\/1\/02\/25\/8_2401_0\/Vindkraft_19_03_2007.pdf\">Vindkraft i S\u00f8r-Tr\u00f8ndelag: Presentasjon ved oppstart av fylkesdelplanarbeidet<\/a><\/p>\n","protected":false},"excerpt":{"rendered":"<p>&#8211; Naturvernforbundet meiner det er n\u00f8dvendig med vidare utvikling av fornybare energikjelder, men det m\u00e5 stillast same strenge krav til natur- og milj\u00f8hensyn i slike saker som i andre utbyggingssaker, seier leiar \u00d8ystein Folden i Naturvernforbundet i M\u00f8re og Romsdal. &#8211; Det at M\u00f8re og Romsdal fylke f\u00f8r jul vedtok \u00e5 ikkje lage fylkesdelplan for vindkraft viser berre at alle festtalane om einskapsfylket som regional utviklingsakt\u00f8r er tomprat.<\/p>\n","protected":false},"author":38,"featured_media":0,"comment_status":"closed","ping_status":"closed","sticky":false,"template":"","format":"standard","meta":{"_relevanssi_hide_post":"","_relevanssi_hide_content":"","_relevanssi_pin_for_all":"","_relevanssi_pin_keywords":"","_relevanssi_unpin_keywords":"","_relevanssi_related_keywords":"","_relevanssi_related_include_ids":"","_relevanssi_related_exclude_ids":"","_relevanssi_related_no_append":"","_relevanssi_related_not_related":"","_relevanssi_related_posts":"","_relevanssi_noindex_reason":"","hide_logo":false,"footnotes":""},"categories":[25],"tags":[],"local":[],"class_list":["post-1419","post","type-post","status-publish","format-standard","hentry","category-vindkraft"],"acf":[],"yoast_head":"<!-- This site is optimized with the Yoast SEO plugin v24.9 - https:\/\/yoast.com\/wordpress\/plugins\/seo\/ -->\n<title>Naturvernforbundet om fylkesvise planar for vindkraft: Godt forslag fr\u00e5 regjeringa - M\u00f8re og Romsdal<\/title>\n<meta name=\"robots\" content=\"index, follow, max-snippet:-1, max-image-preview:large, max-video-preview:-1\" \/>\n<link rel=\"canonical\" href=\"https:\/\/naturvernforbundet.no\/moreogromsdal\/naturvernforbundet-om-fylkesvise-planar-for-vindkraft-godt-forslag-fra-regjeringa\/\" \/>\n<meta property=\"og:locale\" content=\"nb_NO\" \/>\n<meta property=\"og:type\" content=\"article\" \/>\n<meta property=\"og:title\" content=\"Naturvernforbundet om fylkesvise planar for vindkraft: Godt forslag fr\u00e5 regjeringa - M\u00f8re og Romsdal\" \/>\n<meta property=\"og:description\" content=\"- Naturvernforbundet meiner det er n\u00f8dvendig med vidare utvikling av fornybare energikjelder, men det m\u00e5 stillast same strenge krav til natur- og milj\u00f8hensyn i slike saker som i andre utbyggingssaker, seier leiar \u00d8ystein Folden i Naturvernforbundet i M\u00f8re og Romsdal. - Det at M\u00f8re og Romsdal fylke f\u00f8r jul vedtok \u00e5 ikkje lage fylkesdelplan for vindkraft viser berre at alle festtalane om einskapsfylket som regional utviklingsakt\u00f8r er tomprat.\" \/>\n<meta property=\"og:url\" content=\"https:\/\/naturvernforbundet.no\/moreogromsdal\/naturvernforbundet-om-fylkesvise-planar-for-vindkraft-godt-forslag-fra-regjeringa\/\" \/>\n<meta property=\"og:site_name\" content=\"M\u00f8re og Romsdal\" \/>\n<meta property=\"article:published_time\" content=\"2006-01-02T07:05:00+00:00\" \/>\n<meta name=\"author\" content=\"Artikkelimport\u00f8r\" \/>\n<meta name=\"twitter:card\" content=\"summary_large_image\" \/>\n<meta name=\"twitter:label1\" content=\"Skrevet av\" \/>\n\t<meta name=\"twitter:data1\" content=\"Artikkelimport\u00f8r\" \/>\n\t<meta name=\"twitter:label2\" content=\"Ansl. lesetid\" \/>\n\t<meta name=\"twitter:data2\" content=\"3 minutter\" \/>\n<script type=\"application\/ld+json\" class=\"yoast-schema-graph\">{\"@context\":\"https:\/\/schema.org\",\"@graph\":[{\"@type\":\"WebPage\",\"@id\":\"https:\/\/naturvernforbundet.no\/moreogromsdal\/naturvernforbundet-om-fylkesvise-planar-for-vindkraft-godt-forslag-fra-regjeringa\/\",\"url\":\"https:\/\/naturvernforbundet.no\/moreogromsdal\/naturvernforbundet-om-fylkesvise-planar-for-vindkraft-godt-forslag-fra-regjeringa\/\",\"name\":\"Naturvernforbundet om fylkesvise planar for vindkraft: Godt forslag fr\u00e5 regjeringa - M\u00f8re og Romsdal\",\"isPartOf\":{\"@id\":\"https:\/\/naturvernforbundet.no\/moreogromsdal\/#website\"},\"datePublished\":\"2006-01-02T07:05:00+00:00\",\"author\":{\"@id\":\"https:\/\/naturvernforbundet.no\/moreogromsdal\/#\/schema\/person\/c72f198205979084bf071deedb6205f4\"},\"breadcrumb\":{\"@id\":\"https:\/\/naturvernforbundet.no\/moreogromsdal\/naturvernforbundet-om-fylkesvise-planar-for-vindkraft-godt-forslag-fra-regjeringa\/#breadcrumb\"},\"inLanguage\":\"nb-NO\",\"potentialAction\":[{\"@type\":\"ReadAction\",\"target\":[\"https:\/\/naturvernforbundet.no\/moreogromsdal\/naturvernforbundet-om-fylkesvise-planar-for-vindkraft-godt-forslag-fra-regjeringa\/\"]}]},{\"@type\":\"BreadcrumbList\",\"@id\":\"https:\/\/naturvernforbundet.no\/moreogromsdal\/naturvernforbundet-om-fylkesvise-planar-for-vindkraft-godt-forslag-fra-regjeringa\/#breadcrumb\",\"itemListElement\":[{\"@type\":\"ListItem\",\"position\":1,\"name\":\"Till naturvernforbundet.no\",\"item\":\"https:\/\/naturvernforbundet.no\/\"},{\"@type\":\"ListItem\",\"position\":2,\"name\":\"M\u00f8re og Romsdal\",\"item\":\"https:\/\/naturvernforbundet.no\/moreogromsdal\/\"},{\"@type\":\"ListItem\",\"position\":3,\"name\":\"Naturvernforbundet om fylkesvise planar for vindkraft: Godt forslag fr\u00e5 regjeringa\"}]},{\"@type\":\"WebSite\",\"@id\":\"https:\/\/naturvernforbundet.no\/moreogromsdal\/#website\",\"url\":\"https:\/\/naturvernforbundet.no\/moreogromsdal\/\",\"name\":\"M\u00f8re og Romsdal\",\"description\":\"Bare enda et Naturvernforbundet Sites-nettsted\",\"potentialAction\":[{\"@type\":\"SearchAction\",\"target\":{\"@type\":\"EntryPoint\",\"urlTemplate\":\"https:\/\/naturvernforbundet.no\/moreogromsdal\/?s={search_term_string}\"},\"query-input\":{\"@type\":\"PropertyValueSpecification\",\"valueRequired\":true,\"valueName\":\"search_term_string\"}}],\"inLanguage\":\"nb-NO\"},{\"@type\":\"Person\",\"@id\":\"https:\/\/naturvernforbundet.no\/moreogromsdal\/#\/schema\/person\/c72f198205979084bf071deedb6205f4\",\"name\":\"Artikkelimport\u00f8r\",\"image\":{\"@type\":\"ImageObject\",\"inLanguage\":\"nb-NO\",\"@id\":\"https:\/\/naturvernforbundet.no\/moreogromsdal\/#\/schema\/person\/image\/\",\"url\":\"https:\/\/secure.gravatar.com\/avatar\/015fa491b9ed1c823ef16a5c930294d1?s=96&d=mm&r=g\",\"contentUrl\":\"https:\/\/secure.gravatar.com\/avatar\/015fa491b9ed1c823ef16a5c930294d1?s=96&d=mm&r=g\",\"caption\":\"Artikkelimport\u00f8r\"},\"url\":\"https:\/\/naturvernforbundet.no\/moreogromsdal\/author\/artikkelimportor\/\"}]}<\/script>\n<!-- \/ Yoast SEO plugin. -->","yoast_head_json":{"title":"Naturvernforbundet om fylkesvise planar for vindkraft: Godt forslag fr\u00e5 regjeringa - M\u00f8re og Romsdal","robots":{"index":"index","follow":"follow","max-snippet":"max-snippet:-1","max-image-preview":"max-image-preview:large","max-video-preview":"max-video-preview:-1"},"canonical":"https:\/\/naturvernforbundet.no\/moreogromsdal\/naturvernforbundet-om-fylkesvise-planar-for-vindkraft-godt-forslag-fra-regjeringa\/","og_locale":"nb_NO","og_type":"article","og_title":"Naturvernforbundet om fylkesvise planar for vindkraft: Godt forslag fr\u00e5 regjeringa - M\u00f8re og Romsdal","og_description":"- Naturvernforbundet meiner det er n\u00f8dvendig med vidare utvikling av fornybare energikjelder, men det m\u00e5 stillast same strenge krav til natur- og milj\u00f8hensyn i slike saker som i andre utbyggingssaker, seier leiar \u00d8ystein Folden i Naturvernforbundet i M\u00f8re og Romsdal. - Det at M\u00f8re og Romsdal fylke f\u00f8r jul vedtok \u00e5 ikkje lage fylkesdelplan for vindkraft viser berre at alle festtalane om einskapsfylket som regional utviklingsakt\u00f8r er tomprat.","og_url":"https:\/\/naturvernforbundet.no\/moreogromsdal\/naturvernforbundet-om-fylkesvise-planar-for-vindkraft-godt-forslag-fra-regjeringa\/","og_site_name":"M\u00f8re og Romsdal","article_published_time":"2006-01-02T07:05:00+00:00","author":"Artikkelimport\u00f8r","twitter_card":"summary_large_image","twitter_misc":{"Skrevet av":"Artikkelimport\u00f8r","Ansl. lesetid":"3 minutter"},"schema":{"@context":"https:\/\/schema.org","@graph":[{"@type":"WebPage","@id":"https:\/\/naturvernforbundet.no\/moreogromsdal\/naturvernforbundet-om-fylkesvise-planar-for-vindkraft-godt-forslag-fra-regjeringa\/","url":"https:\/\/naturvernforbundet.no\/moreogromsdal\/naturvernforbundet-om-fylkesvise-planar-for-vindkraft-godt-forslag-fra-regjeringa\/","name":"Naturvernforbundet om fylkesvise planar for vindkraft: Godt forslag fr\u00e5 regjeringa - M\u00f8re og Romsdal","isPartOf":{"@id":"https:\/\/naturvernforbundet.no\/moreogromsdal\/#website"},"datePublished":"2006-01-02T07:05:00+00:00","author":{"@id":"https:\/\/naturvernforbundet.no\/moreogromsdal\/#\/schema\/person\/c72f198205979084bf071deedb6205f4"},"breadcrumb":{"@id":"https:\/\/naturvernforbundet.no\/moreogromsdal\/naturvernforbundet-om-fylkesvise-planar-for-vindkraft-godt-forslag-fra-regjeringa\/#breadcrumb"},"inLanguage":"nb-NO","potentialAction":[{"@type":"ReadAction","target":["https:\/\/naturvernforbundet.no\/moreogromsdal\/naturvernforbundet-om-fylkesvise-planar-for-vindkraft-godt-forslag-fra-regjeringa\/"]}]},{"@type":"BreadcrumbList","@id":"https:\/\/naturvernforbundet.no\/moreogromsdal\/naturvernforbundet-om-fylkesvise-planar-for-vindkraft-godt-forslag-fra-regjeringa\/#breadcrumb","itemListElement":[{"@type":"ListItem","position":1,"name":"Till naturvernforbundet.no","item":"https:\/\/naturvernforbundet.no\/"},{"@type":"ListItem","position":2,"name":"M\u00f8re og Romsdal","item":"https:\/\/naturvernforbundet.no\/moreogromsdal\/"},{"@type":"ListItem","position":3,"name":"Naturvernforbundet om fylkesvise planar for vindkraft: Godt forslag fr\u00e5 regjeringa"}]},{"@type":"WebSite","@id":"https:\/\/naturvernforbundet.no\/moreogromsdal\/#website","url":"https:\/\/naturvernforbundet.no\/moreogromsdal\/","name":"M\u00f8re og Romsdal","description":"Bare enda et Naturvernforbundet Sites-nettsted","potentialAction":[{"@type":"SearchAction","target":{"@type":"EntryPoint","urlTemplate":"https:\/\/naturvernforbundet.no\/moreogromsdal\/?s={search_term_string}"},"query-input":{"@type":"PropertyValueSpecification","valueRequired":true,"valueName":"search_term_string"}}],"inLanguage":"nb-NO"},{"@type":"Person","@id":"https:\/\/naturvernforbundet.no\/moreogromsdal\/#\/schema\/person\/c72f198205979084bf071deedb6205f4","name":"Artikkelimport\u00f8r","image":{"@type":"ImageObject","inLanguage":"nb-NO","@id":"https:\/\/naturvernforbundet.no\/moreogromsdal\/#\/schema\/person\/image\/","url":"https:\/\/secure.gravatar.com\/avatar\/015fa491b9ed1c823ef16a5c930294d1?s=96&d=mm&r=g","contentUrl":"https:\/\/secure.gravatar.com\/avatar\/015fa491b9ed1c823ef16a5c930294d1?s=96&d=mm&r=g","caption":"Artikkelimport\u00f8r"},"url":"https:\/\/naturvernforbundet.no\/moreogromsdal\/author\/artikkelimportor\/"}]}},"_links":{"self":[{"href":"https:\/\/naturvernforbundet.no\/moreogromsdal\/wp-json\/wp\/v2\/posts\/1419","targetHints":{"allow":["GET"]}}],"collection":[{"href":"https:\/\/naturvernforbundet.no\/moreogromsdal\/wp-json\/wp\/v2\/posts"}],"about":[{"href":"https:\/\/naturvernforbundet.no\/moreogromsdal\/wp-json\/wp\/v2\/types\/post"}],"author":[{"embeddable":true,"href":"https:\/\/naturvernforbundet.no\/moreogromsdal\/wp-json\/wp\/v2\/users\/38"}],"replies":[{"embeddable":true,"href":"https:\/\/naturvernforbundet.no\/moreogromsdal\/wp-json\/wp\/v2\/comments?post=1419"}],"version-history":[{"count":0,"href":"https:\/\/naturvernforbundet.no\/moreogromsdal\/wp-json\/wp\/v2\/posts\/1419\/revisions"}],"wp:attachment":[{"href":"https:\/\/naturvernforbundet.no\/moreogromsdal\/wp-json\/wp\/v2\/media?parent=1419"}],"wp:term":[{"taxonomy":"category","embeddable":true,"href":"https:\/\/naturvernforbundet.no\/moreogromsdal\/wp-json\/wp\/v2\/categories?post=1419"},{"taxonomy":"post_tag","embeddable":true,"href":"https:\/\/naturvernforbundet.no\/moreogromsdal\/wp-json\/wp\/v2\/tags?post=1419"},{"taxonomy":"local","embeddable":true,"href":"https:\/\/naturvernforbundet.no\/moreogromsdal\/wp-json\/wp\/v2\/local?post=1419"}],"curies":[{"name":"wp","href":"https:\/\/api.w.org\/{rel}","templated":true}]}}