{"id":1440,"date":"2006-10-23T17:04:00","date_gmt":"2006-10-23T15:04:00","guid":{"rendered":"https:\/\/naturvernforbundet.no\/moreogromsdal\/naturvernforbundet-reagerer-pa-slurv-i-molde-kommune-si-behandling-av-forsoplingssak\/"},"modified":"2006-10-23T17:04:00","modified_gmt":"2006-10-23T15:04:00","slug":"naturvernforbundet-reagerer-pa-slurv-i-molde-kommune-si-behandling-av-forsoplingssak","status":"publish","type":"post","link":"https:\/\/naturvernforbundet.no\/moreogromsdal\/naturvernforbundet-reagerer-pa-slurv-i-molde-kommune-si-behandling-av-forsoplingssak\/","title":{"rendered":"Naturvernforbundet reagerer p\u00e5 slurv i Molde kommune si behandling av fors\u00f8plingssak"},"content":{"rendered":"\t<div class=\"template-post alignfull wp-block-naturvern-hero\">\n\t\t<div class=\"hero__inner\">\n\t\t\t<div class=\"hero__inner_blocks\">\n\t\t\t\t\t\t\t\t\n\t\t\t\t\t<h1 class=\"wp-block-post-title\">Naturvernforbundet reagerer p\u00e5 slurv i Molde kommune si behandling av fors\u00f8plingssak<\/h1>\n\n\t\t\t\t\t<div class=\"wp-block-post-excerpt\"><p class=\"wp-block-post-excerpt__excerpt\">Naturvernforbundet i Molde sendte i sommar eit brev til Molde kommune. Bakgrunnen var eit tips lokallaget fekk om noko som kunne vere ulovleg fors\u00f8pling. Svaret fr\u00e5 Molde kommune var sv\u00e6rt mangelfullt, og Naturvernforbundet har difor kontakta ordf\u00f8raren for \u00e5 f\u00e5 avklart nokre tilh\u00f8ve. <\/p><\/div>\n\n\t\t\t\t\t\n\n\t\t\t\t\t<div class=\"wp-block-naturvern-byline\">\n\t\t\t<div class=\"authors\">By <span class=\"t2-byline__author-link\">Artikkelimport\u00f8r<\/span><\/div>\n\t\t\t<small class=\"entry-date\">23.10.2006 17:04<\/small>\n\t\t<\/div>\n\t\t\t\t\t\t\t\t<\/div>\n\t\t\t\t\t<\/div>\n\t\t\t<\/div>\n\t\n<p>Det er kommunane som er styresmakt i fors\u00f8plingssaker. Naturvernforbundet kontaktar difor rutinemessig kommunar n\u00e5r vi f\u00e5r tips som kan innebere ulovleg fors\u00f8pling. \n<\/p>\n\n\n\n<p>Dersom kommunane ikkje har rutiner for \u00e5 handtere fors\u00f8plingssaker bryt dei forureiningslova. Naturvernforbundet har difor sendt kopi av brevet til ordf\u00f8raren til M\u00f8re og Romsdal fylke.<\/p>\n\n\n\n<p><a href=\"\/imakerdata\/f\/0\/94\/75\/3_2401_0\/avfall_Sekken.pdf\">Det uakseptable brevet fr\u00e5 Molde kommune<\/a><\/p>\n\n\n\n<p><a href=\"\/imakerdata\/f\/0\/94\/75\/4_2401_0\/Avfall_Molde.pdf\">Tipset fr\u00e5 Naturvernforbundet til Molde kommune<\/a><\/p>\n\n\n\n<p><a href=\"\/imakerdata\/f\/0\/94\/75\/5_2401_0\/brev_til_ordforaren_forsopling.pdf\">Brev fr\u00e5 Naturvernforbundet til ordf\u00f8raren i Molde<\/a><\/p>\n\n\n\n<p><a href=\"\/imakerdata\/f\/0\/98\/63\/4_2401_0\/Forsopling_sekken.pdf\">Svar fr\u00e5 Molde kommune<\/a><\/p>\n\n\n\n<p><a href=\"\/imakerdata\/f\/0\/98\/63\/5_2401_0\/Forsopling_sekken_-_videre_arbeid.pdf\">Videre arbeid med fors\u00f8pling p\u00e5 Sekken<\/a><\/p>\n","protected":false},"excerpt":{"rendered":"<p>Naturvernforbundet i Molde sendte i sommar eit brev til Molde kommune. Bakgrunnen var eit tips lokallaget fekk om noko som kunne vere ulovleg fors\u00f8pling. Svaret fr\u00e5 Molde kommune var sv\u00e6rt mangelfullt, og Naturvernforbundet har difor kontakta ordf\u00f8raren for \u00e5 f\u00e5 avklart nokre tilh\u00f8ve.<\/p>\n","protected":false},"author":38,"featured_media":0,"comment_status":"closed","ping_status":"closed","sticky":false,"template":"","format":"standard","meta":{"_relevanssi_hide_post":"","_relevanssi_hide_content":"","_relevanssi_pin_for_all":"","_relevanssi_pin_keywords":"","_relevanssi_unpin_keywords":"","_relevanssi_related_keywords":"","_relevanssi_related_include_ids":"","_relevanssi_related_exclude_ids":"","_relevanssi_related_no_append":"","_relevanssi_related_not_related":"","_relevanssi_related_posts":"","_relevanssi_noindex_reason":"","hide_logo":false,"footnotes":""},"categories":[27],"tags":[],"local":[],"class_list":["post-1440","post","type-post","status-publish","format-standard","hentry","category-avfall-og-forbruk"],"acf":[],"yoast_head":"<!-- This site is optimized with the Yoast SEO plugin v24.9 - https:\/\/yoast.com\/wordpress\/plugins\/seo\/ -->\n<title>Naturvernforbundet reagerer p\u00e5 slurv i Molde kommune si behandling av fors\u00f8plingssak - M\u00f8re og Romsdal<\/title>\n<meta name=\"robots\" content=\"index, follow, max-snippet:-1, max-image-preview:large, max-video-preview:-1\" \/>\n<link rel=\"canonical\" href=\"https:\/\/naturvernforbundet.no\/moreogromsdal\/naturvernforbundet-reagerer-pa-slurv-i-molde-kommune-si-behandling-av-forsoplingssak\/\" \/>\n<meta property=\"og:locale\" content=\"nb_NO\" \/>\n<meta property=\"og:type\" content=\"article\" \/>\n<meta property=\"og:title\" content=\"Naturvernforbundet reagerer p\u00e5 slurv i Molde kommune si behandling av fors\u00f8plingssak - M\u00f8re og Romsdal\" \/>\n<meta property=\"og:description\" content=\"Naturvernforbundet i Molde sendte i sommar eit brev til Molde kommune. Bakgrunnen var eit tips lokallaget fekk om noko som kunne vere ulovleg fors\u00f8pling. Svaret fr\u00e5 Molde kommune var sv\u00e6rt mangelfullt, og Naturvernforbundet har difor kontakta ordf\u00f8raren for \u00e5 f\u00e5 avklart nokre tilh\u00f8ve.\" \/>\n<meta property=\"og:url\" content=\"https:\/\/naturvernforbundet.no\/moreogromsdal\/naturvernforbundet-reagerer-pa-slurv-i-molde-kommune-si-behandling-av-forsoplingssak\/\" \/>\n<meta property=\"og:site_name\" content=\"M\u00f8re og Romsdal\" \/>\n<meta property=\"article:published_time\" content=\"2006-10-23T15:04:00+00:00\" \/>\n<meta name=\"author\" content=\"Artikkelimport\u00f8r\" \/>\n<meta name=\"twitter:card\" content=\"summary_large_image\" \/>\n<meta name=\"twitter:label1\" content=\"Skrevet av\" \/>\n\t<meta name=\"twitter:data1\" content=\"Artikkelimport\u00f8r\" \/>\n<script type=\"application\/ld+json\" class=\"yoast-schema-graph\">{\"@context\":\"https:\/\/schema.org\",\"@graph\":[{\"@type\":\"WebPage\",\"@id\":\"https:\/\/naturvernforbundet.no\/moreogromsdal\/naturvernforbundet-reagerer-pa-slurv-i-molde-kommune-si-behandling-av-forsoplingssak\/\",\"url\":\"https:\/\/naturvernforbundet.no\/moreogromsdal\/naturvernforbundet-reagerer-pa-slurv-i-molde-kommune-si-behandling-av-forsoplingssak\/\",\"name\":\"Naturvernforbundet reagerer p\u00e5 slurv i Molde kommune si behandling av fors\u00f8plingssak - M\u00f8re og Romsdal\",\"isPartOf\":{\"@id\":\"https:\/\/naturvernforbundet.no\/moreogromsdal\/#website\"},\"datePublished\":\"2006-10-23T15:04:00+00:00\",\"author\":{\"@id\":\"https:\/\/naturvernforbundet.no\/moreogromsdal\/#\/schema\/person\/c72f198205979084bf071deedb6205f4\"},\"breadcrumb\":{\"@id\":\"https:\/\/naturvernforbundet.no\/moreogromsdal\/naturvernforbundet-reagerer-pa-slurv-i-molde-kommune-si-behandling-av-forsoplingssak\/#breadcrumb\"},\"inLanguage\":\"nb-NO\",\"potentialAction\":[{\"@type\":\"ReadAction\",\"target\":[\"https:\/\/naturvernforbundet.no\/moreogromsdal\/naturvernforbundet-reagerer-pa-slurv-i-molde-kommune-si-behandling-av-forsoplingssak\/\"]}]},{\"@type\":\"BreadcrumbList\",\"@id\":\"https:\/\/naturvernforbundet.no\/moreogromsdal\/naturvernforbundet-reagerer-pa-slurv-i-molde-kommune-si-behandling-av-forsoplingssak\/#breadcrumb\",\"itemListElement\":[{\"@type\":\"ListItem\",\"position\":1,\"name\":\"Till naturvernforbundet.no\",\"item\":\"https:\/\/naturvernforbundet.no\/\"},{\"@type\":\"ListItem\",\"position\":2,\"name\":\"M\u00f8re og Romsdal\",\"item\":\"https:\/\/naturvernforbundet.no\/moreogromsdal\/\"},{\"@type\":\"ListItem\",\"position\":3,\"name\":\"Naturvernforbundet reagerer p\u00e5 slurv i Molde kommune si behandling av fors\u00f8plingssak\"}]},{\"@type\":\"WebSite\",\"@id\":\"https:\/\/naturvernforbundet.no\/moreogromsdal\/#website\",\"url\":\"https:\/\/naturvernforbundet.no\/moreogromsdal\/\",\"name\":\"M\u00f8re og Romsdal\",\"description\":\"Bare enda et Naturvernforbundet Sites-nettsted\",\"potentialAction\":[{\"@type\":\"SearchAction\",\"target\":{\"@type\":\"EntryPoint\",\"urlTemplate\":\"https:\/\/naturvernforbundet.no\/moreogromsdal\/?s={search_term_string}\"},\"query-input\":{\"@type\":\"PropertyValueSpecification\",\"valueRequired\":true,\"valueName\":\"search_term_string\"}}],\"inLanguage\":\"nb-NO\"},{\"@type\":\"Person\",\"@id\":\"https:\/\/naturvernforbundet.no\/moreogromsdal\/#\/schema\/person\/c72f198205979084bf071deedb6205f4\",\"name\":\"Artikkelimport\u00f8r\",\"image\":{\"@type\":\"ImageObject\",\"inLanguage\":\"nb-NO\",\"@id\":\"https:\/\/naturvernforbundet.no\/moreogromsdal\/#\/schema\/person\/image\/\",\"url\":\"https:\/\/secure.gravatar.com\/avatar\/015fa491b9ed1c823ef16a5c930294d1?s=96&d=mm&r=g\",\"contentUrl\":\"https:\/\/secure.gravatar.com\/avatar\/015fa491b9ed1c823ef16a5c930294d1?s=96&d=mm&r=g\",\"caption\":\"Artikkelimport\u00f8r\"},\"url\":\"https:\/\/naturvernforbundet.no\/moreogromsdal\/author\/artikkelimportor\/\"}]}<\/script>\n<!-- \/ Yoast SEO plugin. -->","yoast_head_json":{"title":"Naturvernforbundet reagerer p\u00e5 slurv i Molde kommune si behandling av fors\u00f8plingssak - M\u00f8re og Romsdal","robots":{"index":"index","follow":"follow","max-snippet":"max-snippet:-1","max-image-preview":"max-image-preview:large","max-video-preview":"max-video-preview:-1"},"canonical":"https:\/\/naturvernforbundet.no\/moreogromsdal\/naturvernforbundet-reagerer-pa-slurv-i-molde-kommune-si-behandling-av-forsoplingssak\/","og_locale":"nb_NO","og_type":"article","og_title":"Naturvernforbundet reagerer p\u00e5 slurv i Molde kommune si behandling av fors\u00f8plingssak - M\u00f8re og Romsdal","og_description":"Naturvernforbundet i Molde sendte i sommar eit brev til Molde kommune. Bakgrunnen var eit tips lokallaget fekk om noko som kunne vere ulovleg fors\u00f8pling. Svaret fr\u00e5 Molde kommune var sv\u00e6rt mangelfullt, og Naturvernforbundet har difor kontakta ordf\u00f8raren for \u00e5 f\u00e5 avklart nokre tilh\u00f8ve.","og_url":"https:\/\/naturvernforbundet.no\/moreogromsdal\/naturvernforbundet-reagerer-pa-slurv-i-molde-kommune-si-behandling-av-forsoplingssak\/","og_site_name":"M\u00f8re og Romsdal","article_published_time":"2006-10-23T15:04:00+00:00","author":"Artikkelimport\u00f8r","twitter_card":"summary_large_image","twitter_misc":{"Skrevet av":"Artikkelimport\u00f8r"},"schema":{"@context":"https:\/\/schema.org","@graph":[{"@type":"WebPage","@id":"https:\/\/naturvernforbundet.no\/moreogromsdal\/naturvernforbundet-reagerer-pa-slurv-i-molde-kommune-si-behandling-av-forsoplingssak\/","url":"https:\/\/naturvernforbundet.no\/moreogromsdal\/naturvernforbundet-reagerer-pa-slurv-i-molde-kommune-si-behandling-av-forsoplingssak\/","name":"Naturvernforbundet reagerer p\u00e5 slurv i Molde kommune si behandling av fors\u00f8plingssak - M\u00f8re og Romsdal","isPartOf":{"@id":"https:\/\/naturvernforbundet.no\/moreogromsdal\/#website"},"datePublished":"2006-10-23T15:04:00+00:00","author":{"@id":"https:\/\/naturvernforbundet.no\/moreogromsdal\/#\/schema\/person\/c72f198205979084bf071deedb6205f4"},"breadcrumb":{"@id":"https:\/\/naturvernforbundet.no\/moreogromsdal\/naturvernforbundet-reagerer-pa-slurv-i-molde-kommune-si-behandling-av-forsoplingssak\/#breadcrumb"},"inLanguage":"nb-NO","potentialAction":[{"@type":"ReadAction","target":["https:\/\/naturvernforbundet.no\/moreogromsdal\/naturvernforbundet-reagerer-pa-slurv-i-molde-kommune-si-behandling-av-forsoplingssak\/"]}]},{"@type":"BreadcrumbList","@id":"https:\/\/naturvernforbundet.no\/moreogromsdal\/naturvernforbundet-reagerer-pa-slurv-i-molde-kommune-si-behandling-av-forsoplingssak\/#breadcrumb","itemListElement":[{"@type":"ListItem","position":1,"name":"Till naturvernforbundet.no","item":"https:\/\/naturvernforbundet.no\/"},{"@type":"ListItem","position":2,"name":"M\u00f8re og Romsdal","item":"https:\/\/naturvernforbundet.no\/moreogromsdal\/"},{"@type":"ListItem","position":3,"name":"Naturvernforbundet reagerer p\u00e5 slurv i Molde kommune si behandling av fors\u00f8plingssak"}]},{"@type":"WebSite","@id":"https:\/\/naturvernforbundet.no\/moreogromsdal\/#website","url":"https:\/\/naturvernforbundet.no\/moreogromsdal\/","name":"M\u00f8re og Romsdal","description":"Bare enda et Naturvernforbundet Sites-nettsted","potentialAction":[{"@type":"SearchAction","target":{"@type":"EntryPoint","urlTemplate":"https:\/\/naturvernforbundet.no\/moreogromsdal\/?s={search_term_string}"},"query-input":{"@type":"PropertyValueSpecification","valueRequired":true,"valueName":"search_term_string"}}],"inLanguage":"nb-NO"},{"@type":"Person","@id":"https:\/\/naturvernforbundet.no\/moreogromsdal\/#\/schema\/person\/c72f198205979084bf071deedb6205f4","name":"Artikkelimport\u00f8r","image":{"@type":"ImageObject","inLanguage":"nb-NO","@id":"https:\/\/naturvernforbundet.no\/moreogromsdal\/#\/schema\/person\/image\/","url":"https:\/\/secure.gravatar.com\/avatar\/015fa491b9ed1c823ef16a5c930294d1?s=96&d=mm&r=g","contentUrl":"https:\/\/secure.gravatar.com\/avatar\/015fa491b9ed1c823ef16a5c930294d1?s=96&d=mm&r=g","caption":"Artikkelimport\u00f8r"},"url":"https:\/\/naturvernforbundet.no\/moreogromsdal\/author\/artikkelimportor\/"}]}},"_links":{"self":[{"href":"https:\/\/naturvernforbundet.no\/moreogromsdal\/wp-json\/wp\/v2\/posts\/1440","targetHints":{"allow":["GET"]}}],"collection":[{"href":"https:\/\/naturvernforbundet.no\/moreogromsdal\/wp-json\/wp\/v2\/posts"}],"about":[{"href":"https:\/\/naturvernforbundet.no\/moreogromsdal\/wp-json\/wp\/v2\/types\/post"}],"author":[{"embeddable":true,"href":"https:\/\/naturvernforbundet.no\/moreogromsdal\/wp-json\/wp\/v2\/users\/38"}],"replies":[{"embeddable":true,"href":"https:\/\/naturvernforbundet.no\/moreogromsdal\/wp-json\/wp\/v2\/comments?post=1440"}],"version-history":[{"count":0,"href":"https:\/\/naturvernforbundet.no\/moreogromsdal\/wp-json\/wp\/v2\/posts\/1440\/revisions"}],"wp:attachment":[{"href":"https:\/\/naturvernforbundet.no\/moreogromsdal\/wp-json\/wp\/v2\/media?parent=1440"}],"wp:term":[{"taxonomy":"category","embeddable":true,"href":"https:\/\/naturvernforbundet.no\/moreogromsdal\/wp-json\/wp\/v2\/categories?post=1440"},{"taxonomy":"post_tag","embeddable":true,"href":"https:\/\/naturvernforbundet.no\/moreogromsdal\/wp-json\/wp\/v2\/tags?post=1440"},{"taxonomy":"local","embeddable":true,"href":"https:\/\/naturvernforbundet.no\/moreogromsdal\/wp-json\/wp\/v2\/local?post=1440"}],"curies":[{"name":"wp","href":"https:\/\/api.w.org\/{rel}","templated":true}]}}