{"id":1455,"date":"2006-08-15T11:34:00","date_gmt":"2006-08-15T09:34:00","guid":{"rendered":"https:\/\/naturvernforbundet.no\/moreogromsdal\/bli-med-pa-synfaring-og-ope-mote-om-kraftlina-i-orsta\/"},"modified":"2006-08-15T11:34:00","modified_gmt":"2006-08-15T09:34:00","slug":"bli-med-pa-synfaring-og-ope-mote-om-kraftlina-i-orsta","status":"publish","type":"post","link":"https:\/\/naturvernforbundet.no\/moreogromsdal\/bli-med-pa-synfaring-og-ope-mote-om-kraftlina-i-orsta\/","title":{"rendered":"Bli med p\u00e5 synfaring og ope m\u00f8te om kraftlina i \u00d8rsta!"},"content":{"rendered":"\t<div class=\"template-post alignfull wp-block-naturvern-hero\">\n\t\t<div class=\"hero__inner\">\n\t\t\t<div class=\"hero__inner_blocks\">\n\t\t\t\t\t\t\t\t\n\t\t\t\t\t<h1 class=\"wp-block-post-title\">Bli med p\u00e5 synfaring og ope m\u00f8te om kraftlina i \u00d8rsta!<\/h1>\n\n\t\t\t\t\t<div class=\"wp-block-post-excerpt\"><p class=\"wp-block-post-excerpt__excerpt\">Naturvernforbundet og Folkesaksjonen mot 420 kV luftlinje \u00d8rskog &#8211; Fardal arrangerer synfaring og ope m\u00f8te om kraftlina tysdag 29. august. Leiar Lars Haltbrekken i Norges Naturvernforbund, stortingsrepresentant Bj\u00f8rn Jacobsen og ordf\u00f8rar Hans Olav Myklebust er mellom dei som er med. <\/p><\/div>\n\n\t\t\t\t\t\n\n\t\t\t\t\t<div class=\"wp-block-naturvern-byline\">\n\t\t\t<div class=\"authors\">By <span class=\"t2-byline__author-link\">Artikkelimport\u00f8r<\/span><\/div>\n\t\t\t<small class=\"entry-date\">15.08.2006 11:34<\/small>\n\t\t<\/div>\n\t\t\t\t\t\t\t\t<\/div>\n\t\t\t\t\t<\/div>\n\t\t\t<\/div>\n\t\n<p>Det er Naturvernforbundet og Folkeaksjonen mot 420 kV luftlinje \u00d8rskog-Fardal som saman st\u00e5r som arrang\u00f8rar denne dagen. \n<\/p>\n\n\n\n<p>Programmet for dagen ser slik ut: \n<\/p>\n\n\n\n<p><strong>Kl. 14:30 Avreise \u00c5lesund, Skateflukaia med hurtigb\u00e5t<\/strong> <br>Synfaring med b\u00e5ttur p\u00e5 Hj\u00f8rundfjorden til Standal. Busstur over Standaleidet og inn i Romedalen. Kaffipause. Kjentmann: Kjetil Standal. Middag p\u00e5 Rekkedal Gjesteg\u00e5rd. \n<\/p>\n\n\n\n<p>B\u00e5t- og bussturen er open for inntil 25 personar og kostar 100 kr. Eventuell middag kjem i tillegg. P\u00e5melding er n\u00f8dvendig. \n<\/p>\n\n\n\n<p><strong>Kl. 1600: Synfaring i Romedalen<\/strong> \n<\/p>\n\n\n\n<p><strong>Kl. 1900: Bondalen Grendahus, OPE M\u00d8TE<br><\/strong>1) Opning v\/Inge Kol\u00e5s og \u00d8ystein Solev\u00e5g <br>2) Kraftlina \u00d8rskog &#8211; Fardal: Konsekvensar for Sunnm\u00f8re <br>Presentasjon av planane v\/\u00d8ivind Rue og Magne Maurset, Statnett <br>Konsekvensar for milj\u00f8et v\/Johnny Loen, M\u00f8re og Romsdal fylke<br>Konsekvensar for skogeigarane v\/Thommas Engan, Allskog <br>Konsekvensar for reiselivet v\/Bjarne Rekkedal, repr. lokalt reiseliv \n<\/p>\n\n\n\n<p>3) Alternativ til kraftlina og behovet for ein ny kraftlinepolitikk <br>Innlegg v\/Lars Haltbrekken, leiar i Norges Naturvernforbund <br>Kommentar v\/Bj\u00f8rn Jacobsen, stortingsrepresentant (SV) \n<\/p>\n\n\n\n<p>4) Vidare arbeid med kraftlina \u00d8rskog &#8211; Fardal <br>Innlegg v\/Hans Olav Myklebust, ordf\u00f8rar i \u00d8rsta <br>Innlegg v\/Inge Kol\u00e5s, Folkeaksjonen og \u00d8ystein Solev\u00e5g, Naturvernforbundet \n<\/p>\n\n\n\n<p>Ca kl. 21:30 returbuss til \u00d8rsta og \u00c5lesund \n<\/p>\n\n\n\n<p><strong>Praktiske opplysningar: <br><\/strong>Synfaringane p\u00e5 fjorden og med buss, samt middag, er ope for alle som melder seg p\u00e5, men deltakarane m\u00e5 sj\u00f8lve betale hurtigb\u00e5t og buss (100 kr) og middag. \n<\/p>\n\n\n\n<p>M\u00f8tet er gratis og ope for alle. \n<\/p>\n\n\n\n<p><strong>P\u00e5melding og meir informasjon:<\/strong> <br>\u00d8ystein Solev\u00e5g, telefon 40 23 47 05 eller epost: moreromsdal(a)naturvern.no <br><br>Inge Kol\u00e5s, telefon 99 26 46 99 eller epost: post(a)ingekolas.no \n<\/p>\n\n\n\n<p><strong>Frist for p\u00e5melding: Fredag 25. august kl. 1200<\/strong> \n<\/p>\n\n\n\n<p><a title=\"\/cgi-bin\/naturvern\/imaker?id=32&amp;visdybde=1&amp;aktiv=32\" href=\"\/cgi-bin\/naturvern\/imaker?id=32&amp;visdybde=1&amp;aktiv=32\" target=\"linkvindu\" rel=\"noopener\">Ja, dette er ein viktig sak! Eg vil bli medlem i Naturvernforbundet<\/a> \n<\/p>\n\n\n\n<p><a title=\"\/cgi-bin\/naturvern\/imaker?id=25252\" href=\"\/cgi-bin\/naturvern\/imaker?id=25252\" target=\"linkvindu\" rel=\"noopener\">Eg vil gjerne st\u00f8tte arbeidet Naturvernforbundet gj\u00f8r for \u00e5 ta vare p\u00e5 naturen<\/a><\/p>\n\n\n\n<p><a href=\"\/imakerdata\/f\/0\/90\/05\/4_2401_0\/invitasjon_kraftline.pdf\">Last ned invitasjon<\/a><\/p>\n","protected":false},"excerpt":{"rendered":"<p>Naturvernforbundet og Folkesaksjonen mot 420 kV luftlinje \u00d8rskog &#8211; Fardal arrangerer synfaring og ope m\u00f8te om kraftlina tysdag 29. august. Leiar Lars Haltbrekken i Norges Naturvernforbund, stortingsrepresentant Bj\u00f8rn Jacobsen og ordf\u00f8rar Hans Olav Myklebust er mellom dei som er med.<\/p>\n","protected":false},"author":38,"featured_media":0,"comment_status":"closed","ping_status":"closed","sticky":false,"template":"","format":"standard","meta":{"_relevanssi_hide_post":"","_relevanssi_hide_content":"","_relevanssi_pin_for_all":"","_relevanssi_pin_keywords":"","_relevanssi_unpin_keywords":"","_relevanssi_related_keywords":"","_relevanssi_related_include_ids":"","_relevanssi_related_exclude_ids":"","_relevanssi_related_no_append":"","_relevanssi_related_not_related":"","_relevanssi_related_posts":"","_relevanssi_noindex_reason":"","hide_logo":false,"footnotes":""},"categories":[16],"tags":[],"local":[],"class_list":["post-1455","post","type-post","status-publish","format-standard","hentry","category-naturmangfold"],"acf":[],"yoast_head":"<!-- This site is optimized with the Yoast SEO plugin v24.9 - https:\/\/yoast.com\/wordpress\/plugins\/seo\/ -->\n<title>Bli med p\u00e5 synfaring og ope m\u00f8te om kraftlina i \u00d8rsta! - M\u00f8re og Romsdal<\/title>\n<meta name=\"robots\" content=\"index, follow, max-snippet:-1, max-image-preview:large, max-video-preview:-1\" \/>\n<link rel=\"canonical\" href=\"https:\/\/naturvernforbundet.no\/moreogromsdal\/bli-med-pa-synfaring-og-ope-mote-om-kraftlina-i-orsta\/\" \/>\n<meta property=\"og:locale\" content=\"nb_NO\" \/>\n<meta property=\"og:type\" content=\"article\" \/>\n<meta property=\"og:title\" content=\"Bli med p\u00e5 synfaring og ope m\u00f8te om kraftlina i \u00d8rsta! - M\u00f8re og Romsdal\" \/>\n<meta property=\"og:description\" content=\"Naturvernforbundet og Folkesaksjonen mot 420 kV luftlinje \u00d8rskog - Fardal arrangerer synfaring og ope m\u00f8te om kraftlina tysdag 29. august. Leiar Lars Haltbrekken i Norges Naturvernforbund, stortingsrepresentant Bj\u00f8rn Jacobsen og ordf\u00f8rar Hans Olav Myklebust er mellom dei som er med.\" \/>\n<meta property=\"og:url\" content=\"https:\/\/naturvernforbundet.no\/moreogromsdal\/bli-med-pa-synfaring-og-ope-mote-om-kraftlina-i-orsta\/\" \/>\n<meta property=\"og:site_name\" content=\"M\u00f8re og Romsdal\" \/>\n<meta property=\"article:published_time\" content=\"2006-08-15T09:34:00+00:00\" \/>\n<meta name=\"author\" content=\"Artikkelimport\u00f8r\" \/>\n<meta name=\"twitter:card\" content=\"summary_large_image\" \/>\n<meta name=\"twitter:label1\" content=\"Skrevet av\" \/>\n\t<meta name=\"twitter:data1\" content=\"Artikkelimport\u00f8r\" \/>\n\t<meta name=\"twitter:label2\" content=\"Ansl. lesetid\" \/>\n\t<meta name=\"twitter:data2\" content=\"2 minutter\" \/>\n<script type=\"application\/ld+json\" class=\"yoast-schema-graph\">{\"@context\":\"https:\/\/schema.org\",\"@graph\":[{\"@type\":\"WebPage\",\"@id\":\"https:\/\/naturvernforbundet.no\/moreogromsdal\/bli-med-pa-synfaring-og-ope-mote-om-kraftlina-i-orsta\/\",\"url\":\"https:\/\/naturvernforbundet.no\/moreogromsdal\/bli-med-pa-synfaring-og-ope-mote-om-kraftlina-i-orsta\/\",\"name\":\"Bli med p\u00e5 synfaring og ope m\u00f8te om kraftlina i \u00d8rsta! - M\u00f8re og Romsdal\",\"isPartOf\":{\"@id\":\"https:\/\/naturvernforbundet.no\/moreogromsdal\/#website\"},\"datePublished\":\"2006-08-15T09:34:00+00:00\",\"author\":{\"@id\":\"https:\/\/naturvernforbundet.no\/moreogromsdal\/#\/schema\/person\/c72f198205979084bf071deedb6205f4\"},\"breadcrumb\":{\"@id\":\"https:\/\/naturvernforbundet.no\/moreogromsdal\/bli-med-pa-synfaring-og-ope-mote-om-kraftlina-i-orsta\/#breadcrumb\"},\"inLanguage\":\"nb-NO\",\"potentialAction\":[{\"@type\":\"ReadAction\",\"target\":[\"https:\/\/naturvernforbundet.no\/moreogromsdal\/bli-med-pa-synfaring-og-ope-mote-om-kraftlina-i-orsta\/\"]}]},{\"@type\":\"BreadcrumbList\",\"@id\":\"https:\/\/naturvernforbundet.no\/moreogromsdal\/bli-med-pa-synfaring-og-ope-mote-om-kraftlina-i-orsta\/#breadcrumb\",\"itemListElement\":[{\"@type\":\"ListItem\",\"position\":1,\"name\":\"Till naturvernforbundet.no\",\"item\":\"https:\/\/naturvernforbundet.no\/\"},{\"@type\":\"ListItem\",\"position\":2,\"name\":\"M\u00f8re og Romsdal\",\"item\":\"https:\/\/naturvernforbundet.no\/moreogromsdal\/\"},{\"@type\":\"ListItem\",\"position\":3,\"name\":\"Bli med p\u00e5 synfaring og ope m\u00f8te om kraftlina i \u00d8rsta!\"}]},{\"@type\":\"WebSite\",\"@id\":\"https:\/\/naturvernforbundet.no\/moreogromsdal\/#website\",\"url\":\"https:\/\/naturvernforbundet.no\/moreogromsdal\/\",\"name\":\"M\u00f8re og Romsdal\",\"description\":\"Bare enda et Naturvernforbundet Sites-nettsted\",\"potentialAction\":[{\"@type\":\"SearchAction\",\"target\":{\"@type\":\"EntryPoint\",\"urlTemplate\":\"https:\/\/naturvernforbundet.no\/moreogromsdal\/?s={search_term_string}\"},\"query-input\":{\"@type\":\"PropertyValueSpecification\",\"valueRequired\":true,\"valueName\":\"search_term_string\"}}],\"inLanguage\":\"nb-NO\"},{\"@type\":\"Person\",\"@id\":\"https:\/\/naturvernforbundet.no\/moreogromsdal\/#\/schema\/person\/c72f198205979084bf071deedb6205f4\",\"name\":\"Artikkelimport\u00f8r\",\"image\":{\"@type\":\"ImageObject\",\"inLanguage\":\"nb-NO\",\"@id\":\"https:\/\/naturvernforbundet.no\/moreogromsdal\/#\/schema\/person\/image\/\",\"url\":\"https:\/\/secure.gravatar.com\/avatar\/015fa491b9ed1c823ef16a5c930294d1?s=96&d=mm&r=g\",\"contentUrl\":\"https:\/\/secure.gravatar.com\/avatar\/015fa491b9ed1c823ef16a5c930294d1?s=96&d=mm&r=g\",\"caption\":\"Artikkelimport\u00f8r\"},\"url\":\"https:\/\/naturvernforbundet.no\/moreogromsdal\/author\/artikkelimportor\/\"}]}<\/script>\n<!-- \/ Yoast SEO plugin. -->","yoast_head_json":{"title":"Bli med p\u00e5 synfaring og ope m\u00f8te om kraftlina i \u00d8rsta! - M\u00f8re og Romsdal","robots":{"index":"index","follow":"follow","max-snippet":"max-snippet:-1","max-image-preview":"max-image-preview:large","max-video-preview":"max-video-preview:-1"},"canonical":"https:\/\/naturvernforbundet.no\/moreogromsdal\/bli-med-pa-synfaring-og-ope-mote-om-kraftlina-i-orsta\/","og_locale":"nb_NO","og_type":"article","og_title":"Bli med p\u00e5 synfaring og ope m\u00f8te om kraftlina i \u00d8rsta! - M\u00f8re og Romsdal","og_description":"Naturvernforbundet og Folkesaksjonen mot 420 kV luftlinje \u00d8rskog - Fardal arrangerer synfaring og ope m\u00f8te om kraftlina tysdag 29. august. Leiar Lars Haltbrekken i Norges Naturvernforbund, stortingsrepresentant Bj\u00f8rn Jacobsen og ordf\u00f8rar Hans Olav Myklebust er mellom dei som er med.","og_url":"https:\/\/naturvernforbundet.no\/moreogromsdal\/bli-med-pa-synfaring-og-ope-mote-om-kraftlina-i-orsta\/","og_site_name":"M\u00f8re og Romsdal","article_published_time":"2006-08-15T09:34:00+00:00","author":"Artikkelimport\u00f8r","twitter_card":"summary_large_image","twitter_misc":{"Skrevet av":"Artikkelimport\u00f8r","Ansl. lesetid":"2 minutter"},"schema":{"@context":"https:\/\/schema.org","@graph":[{"@type":"WebPage","@id":"https:\/\/naturvernforbundet.no\/moreogromsdal\/bli-med-pa-synfaring-og-ope-mote-om-kraftlina-i-orsta\/","url":"https:\/\/naturvernforbundet.no\/moreogromsdal\/bli-med-pa-synfaring-og-ope-mote-om-kraftlina-i-orsta\/","name":"Bli med p\u00e5 synfaring og ope m\u00f8te om kraftlina i \u00d8rsta! - M\u00f8re og Romsdal","isPartOf":{"@id":"https:\/\/naturvernforbundet.no\/moreogromsdal\/#website"},"datePublished":"2006-08-15T09:34:00+00:00","author":{"@id":"https:\/\/naturvernforbundet.no\/moreogromsdal\/#\/schema\/person\/c72f198205979084bf071deedb6205f4"},"breadcrumb":{"@id":"https:\/\/naturvernforbundet.no\/moreogromsdal\/bli-med-pa-synfaring-og-ope-mote-om-kraftlina-i-orsta\/#breadcrumb"},"inLanguage":"nb-NO","potentialAction":[{"@type":"ReadAction","target":["https:\/\/naturvernforbundet.no\/moreogromsdal\/bli-med-pa-synfaring-og-ope-mote-om-kraftlina-i-orsta\/"]}]},{"@type":"BreadcrumbList","@id":"https:\/\/naturvernforbundet.no\/moreogromsdal\/bli-med-pa-synfaring-og-ope-mote-om-kraftlina-i-orsta\/#breadcrumb","itemListElement":[{"@type":"ListItem","position":1,"name":"Till naturvernforbundet.no","item":"https:\/\/naturvernforbundet.no\/"},{"@type":"ListItem","position":2,"name":"M\u00f8re og Romsdal","item":"https:\/\/naturvernforbundet.no\/moreogromsdal\/"},{"@type":"ListItem","position":3,"name":"Bli med p\u00e5 synfaring og ope m\u00f8te om kraftlina i \u00d8rsta!"}]},{"@type":"WebSite","@id":"https:\/\/naturvernforbundet.no\/moreogromsdal\/#website","url":"https:\/\/naturvernforbundet.no\/moreogromsdal\/","name":"M\u00f8re og Romsdal","description":"Bare enda et Naturvernforbundet Sites-nettsted","potentialAction":[{"@type":"SearchAction","target":{"@type":"EntryPoint","urlTemplate":"https:\/\/naturvernforbundet.no\/moreogromsdal\/?s={search_term_string}"},"query-input":{"@type":"PropertyValueSpecification","valueRequired":true,"valueName":"search_term_string"}}],"inLanguage":"nb-NO"},{"@type":"Person","@id":"https:\/\/naturvernforbundet.no\/moreogromsdal\/#\/schema\/person\/c72f198205979084bf071deedb6205f4","name":"Artikkelimport\u00f8r","image":{"@type":"ImageObject","inLanguage":"nb-NO","@id":"https:\/\/naturvernforbundet.no\/moreogromsdal\/#\/schema\/person\/image\/","url":"https:\/\/secure.gravatar.com\/avatar\/015fa491b9ed1c823ef16a5c930294d1?s=96&d=mm&r=g","contentUrl":"https:\/\/secure.gravatar.com\/avatar\/015fa491b9ed1c823ef16a5c930294d1?s=96&d=mm&r=g","caption":"Artikkelimport\u00f8r"},"url":"https:\/\/naturvernforbundet.no\/moreogromsdal\/author\/artikkelimportor\/"}]}},"_links":{"self":[{"href":"https:\/\/naturvernforbundet.no\/moreogromsdal\/wp-json\/wp\/v2\/posts\/1455","targetHints":{"allow":["GET"]}}],"collection":[{"href":"https:\/\/naturvernforbundet.no\/moreogromsdal\/wp-json\/wp\/v2\/posts"}],"about":[{"href":"https:\/\/naturvernforbundet.no\/moreogromsdal\/wp-json\/wp\/v2\/types\/post"}],"author":[{"embeddable":true,"href":"https:\/\/naturvernforbundet.no\/moreogromsdal\/wp-json\/wp\/v2\/users\/38"}],"replies":[{"embeddable":true,"href":"https:\/\/naturvernforbundet.no\/moreogromsdal\/wp-json\/wp\/v2\/comments?post=1455"}],"version-history":[{"count":0,"href":"https:\/\/naturvernforbundet.no\/moreogromsdal\/wp-json\/wp\/v2\/posts\/1455\/revisions"}],"wp:attachment":[{"href":"https:\/\/naturvernforbundet.no\/moreogromsdal\/wp-json\/wp\/v2\/media?parent=1455"}],"wp:term":[{"taxonomy":"category","embeddable":true,"href":"https:\/\/naturvernforbundet.no\/moreogromsdal\/wp-json\/wp\/v2\/categories?post=1455"},{"taxonomy":"post_tag","embeddable":true,"href":"https:\/\/naturvernforbundet.no\/moreogromsdal\/wp-json\/wp\/v2\/tags?post=1455"},{"taxonomy":"local","embeddable":true,"href":"https:\/\/naturvernforbundet.no\/moreogromsdal\/wp-json\/wp\/v2\/local?post=1455"}],"curies":[{"name":"wp","href":"https:\/\/api.w.org\/{rel}","templated":true}]}}