{"id":1466,"date":"2006-08-09T08:23:00","date_gmt":"2006-08-09T06:23:00","guid":{"rendered":"https:\/\/naturvernforbundet.no\/moreogromsdal\/enoksen-varslar-miljosvik\/"},"modified":"2006-08-09T08:23:00","modified_gmt":"2006-08-09T06:23:00","slug":"enoksen-varslar-miljosvik","status":"publish","type":"post","link":"https:\/\/naturvernforbundet.no\/moreogromsdal\/enoksen-varslar-miljosvik\/","title":{"rendered":"Enoksen varslar milj\u00f8svik"},"content":{"rendered":"\t<div class=\"template-post alignfull wp-block-naturvern-hero\">\n\t\t<div class=\"hero__inner\">\n\t\t\t<div class=\"hero__inner_blocks\">\n\t\t\t\t\t\t\t\t\n\t\t\t\t\t<h1 class=\"wp-block-post-title\">Enoksen varslar milj\u00f8svik<\/h1>\n\n\t\t\t\t\t<div class=\"wp-block-post-excerpt\"><p class=\"wp-block-post-excerpt__excerpt\">Olje- og energiminister Odd Roger Enoksen har g\u00e5tt ut og varsla at det kan vere aktuelt \u00e5 opne for bygging av eit forureinande gasskraftverk p\u00e5 Skogn i Nord-Tr\u00f8ndelag. &#8211; Dersom regjeringa st\u00e5r bak dette, er det eit milj\u00f8svik av dimensjonar, seiar leiar i Norges Naturvernforbund, Lars Haltbrekken. <\/p><\/div>\n\n\t\t\t\t\t\n\n\t\t\t\t\t<div class=\"wp-block-naturvern-byline\">\n\t\t\t<div class=\"authors\">By <span class=\"t2-byline__author-link\">Artikkelimport\u00f8r<\/span><\/div>\n\t\t\t<small class=\"entry-date\">09.08.2006 08:23<\/small>\n\t\t<\/div>\n\t\t\t\t\t\t\t\t<\/div>\n\t\t\t\t\t<\/div>\n\t\t\t<\/div>\n\t\n<p>I Soria Moria-erkl\u00e6ringa er det semje om at all ny gasskraft skal ha CO2-handtering. Dette har vore regjeringa si fanesak i klimapolitikken. \n<\/p>\n\n\n\n<p>Eit gasskraftverk p\u00e5 Skogn vil utan rensing sleppe ut over 2 millionar tonn CO2 i \u00e5ret. Det tilsvarar utsleppa fr\u00e5 over 700 000 personbilar. Konsesjonen til gasskraftverket blei gitt av den forrige Stoltenberg-regjeringa, etter at ei regjering av Senterpartiet, Venstre og Kristeleg Folkeparti gikk av 9. mars 2000 p\u00e5 saka. \n<\/p>\n\n\n\n<p>&#8211; Eit gasskraftverk utan rensing vil f\u00f8re Noreg enda lenger vekk fr\u00e5 m\u00e5la i Kyotoprotokollen, seier Lars Haltbrekken. &#8211; Noreg er allereie i dag eit av dei landa som er lengst fr\u00e5 \u00e5 n\u00e5 m\u00e5la vi har f\u00e5tt om \u00e5 redusere klimagassutsleppa. \n<\/p>\n\n\n\n<p>&#8211; I 2000 var Senterpartiet med p\u00e5 \u00e5 skrive seg inn i milj\u00f8historia med gullskrift. I dag sl\u00e5r partiet kontra og g\u00e5r saman med forureiningskameratane i Arbeiderpartiet og LO som har ivra for bygging av eit forureinande gasskraftverk p\u00e5 Skogn. \n<\/p>\n\n\n\n<p>Eit gasskraftverk p\u00e5 Skogn vil neppe kunne st\u00e5 ferdig f\u00f8r eit stykke ut i 2009. Dette er samstundes som at gasskraftverket p\u00e5 K\u00e5rst\u00f8 f\u00e5r installert sitt renseanlegg. \n<\/p>\n\n\n\n<p>&#8211; Det vil vere eit stort paradoks dersom det blir bygd eit forureinande gasskraftverk p\u00e5 Skogn, samstundes som eit gasskraftverk med full CO2-handtering st\u00e5r ferdig i Rogaland, seier Haltbrekken. &#8211; Enoksen har fleire ganger sagt at Noreg skal bli eit f\u00f8regangsland n\u00e5r det gjeld CO2-handtering. Naturvernforbundet kan ikkje sj\u00e5 at Noreg blir f\u00f8regangsland p\u00e5 noko anna ein CO2-utslepp dersom vi gir l\u00f8yve til fleire forureinande gasskraftverk. \n<\/p>\n\n\n\n<p>Haltbrekken stiller ogs\u00e5 sp\u00f8rsm\u00e5l ved om vi vil f\u00e5 noko satsing p\u00e5 CO2-handtering i det heile, dersom det blir opna for utbygging av gasskraftverk utan slike krav. &#8211; Kven veit kva milj\u00f8l\u00f8fte regjeringa spring fr\u00e5 i morgon? \n<\/p>\n\n\n\n<p><em>Lars Haltbrekken har telefon 91 61 21 91.<\/em> \n<\/p>\n\n\n\n<p><u>Det som st\u00e5r i Soria Moria-erkl\u00e6ringa er: <\/u>\n<\/p>\n\n\n\n<p>&laquo;Naturkraft har startet utbyggingen av gasskraftverket p\u00e5 K\u00e5rst\u00f8. Regjeringen vil s\u00f8rge for at arbeidet med \u00e5 etablere et fullskala anlegg for CO2-fjerning p\u00e5 K\u00e5rst\u00f8 startes, og bidra \u00f8konomisk til dette. M\u00e5let er at fjerning av CO2 skal skje innen 2009, slik at det blir mulig \u00e5 bruke denne som trykkst\u00f8tte for felt i Nordsj\u00f8en.Dersom det blir aktuelt \u00e5 ta i bruk de gitte konsesjonene for gasskraftverk p\u00e5 Skogn og Kollsnes vil Regjeringen ogs\u00e5 bidra til CO2-fjerning ved disse. \n<\/p>\n\n\n\n<p>Gjennom \u00f8konomiske virkemidler og satsing p\u00e5 ny teknologi vil vi s\u00f8rge for at nye konsesjoner til gasskraft skal basere seg p\u00e5 CO2-fjerning. Norsk sokkel kan bli et deponeringssted for store mengder av CO2, og CO2 kan brukes for \u00e5 f\u00e5 mer olje og gass ut av sokkelen.&raquo; \n<a>Ja, dette er viktig. Eg vil bli medlem i Naturvernforbundet<\/a><br><\/p>\n\n\n\n\n\n<p><a>Eg vil gjerne st\u00f8tte arbeidet Naturvernforbundets gj\u00f8r for \u00e5 redusere energibruk og klimaendringar<\/a><\/p>\n\n\n","protected":false},"excerpt":{"rendered":"<p>Olje- og energiminister Odd Roger Enoksen har g\u00e5tt ut og varsla at det kan vere aktuelt \u00e5 opne for bygging av eit forureinande gasskraftverk p\u00e5 Skogn i Nord-Tr\u00f8ndelag. &#8211; Dersom regjeringa st\u00e5r bak dette, er det eit milj\u00f8svik av dimensjonar, seiar leiar i Norges Naturvernforbund, Lars Haltbrekken.<\/p>\n","protected":false},"author":38,"featured_media":0,"comment_status":"closed","ping_status":"closed","sticky":false,"template":"","format":"standard","meta":{"_relevanssi_hide_post":"","_relevanssi_hide_content":"","_relevanssi_pin_for_all":"","_relevanssi_pin_keywords":"","_relevanssi_unpin_keywords":"","_relevanssi_related_keywords":"","_relevanssi_related_include_ids":"","_relevanssi_related_exclude_ids":"","_relevanssi_related_no_append":"","_relevanssi_related_not_related":"","_relevanssi_related_posts":"","_relevanssi_noindex_reason":"","hide_logo":false,"footnotes":""},"categories":[19],"tags":[],"local":[],"class_list":["post-1466","post","type-post","status-publish","format-standard","hentry","category-klima"],"acf":[],"yoast_head":"<!-- This site is optimized with the Yoast SEO plugin v24.9 - https:\/\/yoast.com\/wordpress\/plugins\/seo\/ -->\n<title>Enoksen varslar milj\u00f8svik - M\u00f8re og Romsdal<\/title>\n<meta name=\"robots\" content=\"index, follow, max-snippet:-1, max-image-preview:large, max-video-preview:-1\" \/>\n<link rel=\"canonical\" href=\"https:\/\/naturvernforbundet.no\/moreogromsdal\/enoksen-varslar-miljosvik\/\" \/>\n<meta property=\"og:locale\" content=\"nb_NO\" \/>\n<meta property=\"og:type\" content=\"article\" \/>\n<meta property=\"og:title\" content=\"Enoksen varslar milj\u00f8svik - M\u00f8re og Romsdal\" \/>\n<meta property=\"og:description\" content=\"Olje- og energiminister Odd Roger Enoksen har g\u00e5tt ut og varsla at det kan vere aktuelt \u00e5 opne for bygging av eit forureinande gasskraftverk p\u00e5 Skogn i Nord-Tr\u00f8ndelag. - Dersom regjeringa st\u00e5r bak dette, er det eit milj\u00f8svik av dimensjonar, seiar leiar i Norges Naturvernforbund, Lars Haltbrekken.\" \/>\n<meta property=\"og:url\" content=\"https:\/\/naturvernforbundet.no\/moreogromsdal\/enoksen-varslar-miljosvik\/\" \/>\n<meta property=\"og:site_name\" content=\"M\u00f8re og Romsdal\" \/>\n<meta property=\"article:published_time\" content=\"2006-08-09T06:23:00+00:00\" \/>\n<meta name=\"author\" content=\"Artikkelimport\u00f8r\" \/>\n<meta name=\"twitter:card\" content=\"summary_large_image\" \/>\n<meta name=\"twitter:label1\" content=\"Skrevet av\" \/>\n\t<meta name=\"twitter:data1\" content=\"Artikkelimport\u00f8r\" \/>\n\t<meta name=\"twitter:label2\" content=\"Ansl. lesetid\" \/>\n\t<meta name=\"twitter:data2\" content=\"2 minutter\" \/>\n<script type=\"application\/ld+json\" class=\"yoast-schema-graph\">{\"@context\":\"https:\/\/schema.org\",\"@graph\":[{\"@type\":\"WebPage\",\"@id\":\"https:\/\/naturvernforbundet.no\/moreogromsdal\/enoksen-varslar-miljosvik\/\",\"url\":\"https:\/\/naturvernforbundet.no\/moreogromsdal\/enoksen-varslar-miljosvik\/\",\"name\":\"Enoksen varslar milj\u00f8svik - M\u00f8re og Romsdal\",\"isPartOf\":{\"@id\":\"https:\/\/naturvernforbundet.no\/moreogromsdal\/#website\"},\"datePublished\":\"2006-08-09T06:23:00+00:00\",\"author\":{\"@id\":\"https:\/\/naturvernforbundet.no\/moreogromsdal\/#\/schema\/person\/c72f198205979084bf071deedb6205f4\"},\"breadcrumb\":{\"@id\":\"https:\/\/naturvernforbundet.no\/moreogromsdal\/enoksen-varslar-miljosvik\/#breadcrumb\"},\"inLanguage\":\"nb-NO\",\"potentialAction\":[{\"@type\":\"ReadAction\",\"target\":[\"https:\/\/naturvernforbundet.no\/moreogromsdal\/enoksen-varslar-miljosvik\/\"]}]},{\"@type\":\"BreadcrumbList\",\"@id\":\"https:\/\/naturvernforbundet.no\/moreogromsdal\/enoksen-varslar-miljosvik\/#breadcrumb\",\"itemListElement\":[{\"@type\":\"ListItem\",\"position\":1,\"name\":\"Till naturvernforbundet.no\",\"item\":\"https:\/\/naturvernforbundet.no\/\"},{\"@type\":\"ListItem\",\"position\":2,\"name\":\"M\u00f8re og Romsdal\",\"item\":\"https:\/\/naturvernforbundet.no\/moreogromsdal\/\"},{\"@type\":\"ListItem\",\"position\":3,\"name\":\"Enoksen varslar milj\u00f8svik\"}]},{\"@type\":\"WebSite\",\"@id\":\"https:\/\/naturvernforbundet.no\/moreogromsdal\/#website\",\"url\":\"https:\/\/naturvernforbundet.no\/moreogromsdal\/\",\"name\":\"M\u00f8re og Romsdal\",\"description\":\"Bare enda et Naturvernforbundet Sites-nettsted\",\"potentialAction\":[{\"@type\":\"SearchAction\",\"target\":{\"@type\":\"EntryPoint\",\"urlTemplate\":\"https:\/\/naturvernforbundet.no\/moreogromsdal\/?s={search_term_string}\"},\"query-input\":{\"@type\":\"PropertyValueSpecification\",\"valueRequired\":true,\"valueName\":\"search_term_string\"}}],\"inLanguage\":\"nb-NO\"},{\"@type\":\"Person\",\"@id\":\"https:\/\/naturvernforbundet.no\/moreogromsdal\/#\/schema\/person\/c72f198205979084bf071deedb6205f4\",\"name\":\"Artikkelimport\u00f8r\",\"image\":{\"@type\":\"ImageObject\",\"inLanguage\":\"nb-NO\",\"@id\":\"https:\/\/naturvernforbundet.no\/moreogromsdal\/#\/schema\/person\/image\/\",\"url\":\"https:\/\/secure.gravatar.com\/avatar\/015fa491b9ed1c823ef16a5c930294d1?s=96&d=mm&r=g\",\"contentUrl\":\"https:\/\/secure.gravatar.com\/avatar\/015fa491b9ed1c823ef16a5c930294d1?s=96&d=mm&r=g\",\"caption\":\"Artikkelimport\u00f8r\"},\"url\":\"https:\/\/naturvernforbundet.no\/moreogromsdal\/author\/artikkelimportor\/\"}]}<\/script>\n<!-- \/ Yoast SEO plugin. -->","yoast_head_json":{"title":"Enoksen varslar milj\u00f8svik - M\u00f8re og Romsdal","robots":{"index":"index","follow":"follow","max-snippet":"max-snippet:-1","max-image-preview":"max-image-preview:large","max-video-preview":"max-video-preview:-1"},"canonical":"https:\/\/naturvernforbundet.no\/moreogromsdal\/enoksen-varslar-miljosvik\/","og_locale":"nb_NO","og_type":"article","og_title":"Enoksen varslar milj\u00f8svik - M\u00f8re og Romsdal","og_description":"Olje- og energiminister Odd Roger Enoksen har g\u00e5tt ut og varsla at det kan vere aktuelt \u00e5 opne for bygging av eit forureinande gasskraftverk p\u00e5 Skogn i Nord-Tr\u00f8ndelag. - Dersom regjeringa st\u00e5r bak dette, er det eit milj\u00f8svik av dimensjonar, seiar leiar i Norges Naturvernforbund, Lars Haltbrekken.","og_url":"https:\/\/naturvernforbundet.no\/moreogromsdal\/enoksen-varslar-miljosvik\/","og_site_name":"M\u00f8re og Romsdal","article_published_time":"2006-08-09T06:23:00+00:00","author":"Artikkelimport\u00f8r","twitter_card":"summary_large_image","twitter_misc":{"Skrevet av":"Artikkelimport\u00f8r","Ansl. lesetid":"2 minutter"},"schema":{"@context":"https:\/\/schema.org","@graph":[{"@type":"WebPage","@id":"https:\/\/naturvernforbundet.no\/moreogromsdal\/enoksen-varslar-miljosvik\/","url":"https:\/\/naturvernforbundet.no\/moreogromsdal\/enoksen-varslar-miljosvik\/","name":"Enoksen varslar milj\u00f8svik - M\u00f8re og Romsdal","isPartOf":{"@id":"https:\/\/naturvernforbundet.no\/moreogromsdal\/#website"},"datePublished":"2006-08-09T06:23:00+00:00","author":{"@id":"https:\/\/naturvernforbundet.no\/moreogromsdal\/#\/schema\/person\/c72f198205979084bf071deedb6205f4"},"breadcrumb":{"@id":"https:\/\/naturvernforbundet.no\/moreogromsdal\/enoksen-varslar-miljosvik\/#breadcrumb"},"inLanguage":"nb-NO","potentialAction":[{"@type":"ReadAction","target":["https:\/\/naturvernforbundet.no\/moreogromsdal\/enoksen-varslar-miljosvik\/"]}]},{"@type":"BreadcrumbList","@id":"https:\/\/naturvernforbundet.no\/moreogromsdal\/enoksen-varslar-miljosvik\/#breadcrumb","itemListElement":[{"@type":"ListItem","position":1,"name":"Till naturvernforbundet.no","item":"https:\/\/naturvernforbundet.no\/"},{"@type":"ListItem","position":2,"name":"M\u00f8re og Romsdal","item":"https:\/\/naturvernforbundet.no\/moreogromsdal\/"},{"@type":"ListItem","position":3,"name":"Enoksen varslar milj\u00f8svik"}]},{"@type":"WebSite","@id":"https:\/\/naturvernforbundet.no\/moreogromsdal\/#website","url":"https:\/\/naturvernforbundet.no\/moreogromsdal\/","name":"M\u00f8re og Romsdal","description":"Bare enda et Naturvernforbundet Sites-nettsted","potentialAction":[{"@type":"SearchAction","target":{"@type":"EntryPoint","urlTemplate":"https:\/\/naturvernforbundet.no\/moreogromsdal\/?s={search_term_string}"},"query-input":{"@type":"PropertyValueSpecification","valueRequired":true,"valueName":"search_term_string"}}],"inLanguage":"nb-NO"},{"@type":"Person","@id":"https:\/\/naturvernforbundet.no\/moreogromsdal\/#\/schema\/person\/c72f198205979084bf071deedb6205f4","name":"Artikkelimport\u00f8r","image":{"@type":"ImageObject","inLanguage":"nb-NO","@id":"https:\/\/naturvernforbundet.no\/moreogromsdal\/#\/schema\/person\/image\/","url":"https:\/\/secure.gravatar.com\/avatar\/015fa491b9ed1c823ef16a5c930294d1?s=96&d=mm&r=g","contentUrl":"https:\/\/secure.gravatar.com\/avatar\/015fa491b9ed1c823ef16a5c930294d1?s=96&d=mm&r=g","caption":"Artikkelimport\u00f8r"},"url":"https:\/\/naturvernforbundet.no\/moreogromsdal\/author\/artikkelimportor\/"}]}},"_links":{"self":[{"href":"https:\/\/naturvernforbundet.no\/moreogromsdal\/wp-json\/wp\/v2\/posts\/1466","targetHints":{"allow":["GET"]}}],"collection":[{"href":"https:\/\/naturvernforbundet.no\/moreogromsdal\/wp-json\/wp\/v2\/posts"}],"about":[{"href":"https:\/\/naturvernforbundet.no\/moreogromsdal\/wp-json\/wp\/v2\/types\/post"}],"author":[{"embeddable":true,"href":"https:\/\/naturvernforbundet.no\/moreogromsdal\/wp-json\/wp\/v2\/users\/38"}],"replies":[{"embeddable":true,"href":"https:\/\/naturvernforbundet.no\/moreogromsdal\/wp-json\/wp\/v2\/comments?post=1466"}],"version-history":[{"count":0,"href":"https:\/\/naturvernforbundet.no\/moreogromsdal\/wp-json\/wp\/v2\/posts\/1466\/revisions"}],"wp:attachment":[{"href":"https:\/\/naturvernforbundet.no\/moreogromsdal\/wp-json\/wp\/v2\/media?parent=1466"}],"wp:term":[{"taxonomy":"category","embeddable":true,"href":"https:\/\/naturvernforbundet.no\/moreogromsdal\/wp-json\/wp\/v2\/categories?post=1466"},{"taxonomy":"post_tag","embeddable":true,"href":"https:\/\/naturvernforbundet.no\/moreogromsdal\/wp-json\/wp\/v2\/tags?post=1466"},{"taxonomy":"local","embeddable":true,"href":"https:\/\/naturvernforbundet.no\/moreogromsdal\/wp-json\/wp\/v2\/local?post=1466"}],"curies":[{"name":"wp","href":"https:\/\/api.w.org\/{rel}","templated":true}]}}