{"id":1549,"date":"2007-06-04T20:06:00","date_gmt":"2007-06-04T18:06:00","guid":{"rendered":"https:\/\/naturvernforbundet.no\/moreogromsdal\/more-og-romsdal-natur-og-ungdom-med-nytt-fylkestyre\/"},"modified":"2007-06-04T20:06:00","modified_gmt":"2007-06-04T18:06:00","slug":"more-og-romsdal-natur-og-ungdom-med-nytt-fylkestyre","status":"publish","type":"post","link":"https:\/\/naturvernforbundet.no\/moreogromsdal\/more-og-romsdal-natur-og-ungdom-med-nytt-fylkestyre\/","title":{"rendered":"M\u00f8re og Romsdal Natur og Ungdom med nytt fylkestyre!"},"content":{"rendered":"\t<div class=\"template-post alignfull wp-block-naturvern-hero\">\n\t\t<div class=\"hero__inner\">\n\t\t\t<div class=\"hero__inner_blocks\">\n\t\t\t\t\t\t\t\t\n\t\t\t\t\t<h1 class=\"wp-block-post-title\">M\u00f8re og Romsdal Natur og Ungdom med nytt fylkestyre!<\/h1>\n\n\t\t\t\t\t<div class=\"wp-block-post-excerpt\"><p class=\"wp-block-post-excerpt__excerpt\">M\u00f8re og Romsdal Natur og Ungdom har helga 25. &#8211; 27. mai 2007 v\u00e6rt samlet p\u00e5 Bekkevoll ungdomsskole i Molde, der de har hatt seminar om aktivisme. Seminaret hadde ca. 20 deltakere, som fikk l\u00e6re om hvordan man skal f\u00e5 gjennomslag for sakene man arbeider med, og hvilke p\u00e5virkningsmidler som man kan bruke. <\/p><\/div>\n\n\t\t\t\t\t\n\n\t\t\t\t\t<div class=\"wp-block-naturvern-byline\">\n\t\t\t<div class=\"authors\">By <span class=\"t2-byline__author-link\">Artikkelimport\u00f8r<\/span><\/div>\n\t\t\t<small class=\"entry-date\">04.06.2007 20:06<\/small>\n\t\t<\/div>\n\t\t\t\t\t\t\t\t<\/div>\n\t\t\t\t\t<\/div>\n\t\t\t<\/div>\n\t\n<p>Under seminaret var det ogs\u00e5 klart for valg av nytt fylkestyre. Ane Marte Rognskog ble ny leder i M\u00f8re og Romsdal Natur og Ungdom, Lise Staurnes og Kristi Langli ble nestledere, og Guro Ugelstad ble styremedlem. \n<\/p>\n\n\n\n<p>Seminaret bestod av foredrag holdt av ulike Natur og Ungdom-medlemmer og folk utenfra. Nestleder i Natur og Ungdom nasjonalt, Lene Liebe kom for \u00e5 l\u00e6re bort en del triks. Seminardeltakerne fikk ogs\u00e5 bes\u00f8k av en tidligere politiker, Bitten Linge, som snakket om hvordan man jobber med politikk. \n<\/p>\n\n\n\n<p>L\u00f8rdag formiddag var det aksjon i Molde sentrum, der deltakerne droppet banner og delte ut l\u00f8pesedler om buss. Natur og Ungdom vil at folk skal ta bussen i stedet for \u00e5 kj\u00f8re bil, da privatbilismen stadig \u00f8ker. &#8211; Man trenger ogs\u00e5 et billigere busstilbud, slik at folk faktisk benytter seg av busstilbudet. Jo flere som tar bussen, jo bedre blir busstilbudet, sier dav\u00e6rende fylkesleder Lise Staurnes. \n<\/p>\n\n\n\n<p>&#8211; Det nye fylkestyret gleder seg veldig til \u00e5 begynne \u00e5 jobbe sammen, sier den nyvalgte fylkeslederen Ane Marte Rognskog. Saker som f\u00e5r st\u00f8rst prioritet av fylkestyret fremover blir \u00e5 f\u00e5 lokalvalget til \u00e5 handle om klima, \u00e5 bedre busstilbudet og f\u00e5 det billigere, samt selvf\u00f8lgelig rekruttering av nye medlemmer. \n<\/p>\n\n\n\n<p>For sp\u00f8rsm\u00e5l eller mer informasjon, kontakt fylkesleder Ane Marte Rognskog, p\u00e5 telefon 46413213 eller e-post anemarte(a)nu.no.<\/p>\n\n\n\n<figure class=\"wp-block-image\"><img decoding=\"async\" src=\"\/imakerdata\/b\/1\/04\/95\/7_2701_0.jpg\" alt=\"\"\/><\/figure>\n\n\n\n<p>M\u00f8re og Romsdal Natur og Ungdom med bussaksjon v\u00e5ren 2007<\/p>\n\n\n\n<figure class=\"wp-block-image\"><img decoding=\"async\" src=\"\/imakerdata\/b\/1\/04\/95\/8_2701_0.jpg\" alt=\"\"\/><\/figure>\n\n\n\n<p>M\u00f8re og Romsdal Natur og Ungdom med bussaksjon v\u00e5ren 2007<\/p>\n\n\n\n<figure class=\"wp-block-image\"><img decoding=\"async\" src=\"\/imakerdata\/b\/1\/04\/95\/9_2701_0.jpg\" alt=\"\"\/><\/figure>\n\n\n\n<p>M\u00f8re og Romsdal Natur og Ungdom med bussaksjon v\u00e5ren 2007<\/p>\n\n\n\n<figure class=\"wp-block-image\"><img decoding=\"async\" src=\"\/imakerdata\/b\/1\/04\/96\/0_2701_0.jpg\" alt=\"\"\/><\/figure>\n\n\n\n<p>M\u00f8re og Romsdal Natur og Ungdom med bussaksjon v\u00e5ren 2007<\/p>\n\n\n\n<figure class=\"wp-block-image\"><img decoding=\"async\" src=\"\/imakerdata\/b\/1\/04\/96\/1_2701_0.jpg\" alt=\"\"\/><\/figure>\n\n\n\n<p>Natur og Ungdom med v\u00e5rseminar i Molde &#8211; Bekkevoll ungdomsskole mai 2007<\/p>\n","protected":false},"excerpt":{"rendered":"<p>M\u00f8re og Romsdal Natur og Ungdom har helga 25. &#8211; 27. mai 2007 v\u00e6rt samlet p\u00e5 Bekkevoll ungdomsskole i Molde, der de har hatt seminar om aktivisme. Seminaret hadde ca. 20 deltakere, som fikk l\u00e6re om hvordan man skal f\u00e5 gjennomslag for sakene man arbeider med, og hvilke p\u00e5virkningsmidler som man kan bruke.<\/p>\n","protected":false},"author":38,"featured_media":0,"comment_status":"closed","ping_status":"closed","sticky":false,"template":"","format":"standard","meta":{"_relevanssi_hide_post":"","_relevanssi_hide_content":"","_relevanssi_pin_for_all":"","_relevanssi_pin_keywords":"","_relevanssi_unpin_keywords":"","_relevanssi_related_keywords":"","_relevanssi_related_include_ids":"","_relevanssi_related_exclude_ids":"","_relevanssi_related_no_append":"","_relevanssi_related_not_related":"","_relevanssi_related_posts":"","_relevanssi_noindex_reason":"","hide_logo":false,"footnotes":""},"categories":[45],"tags":[],"local":[],"class_list":["post-1549","post","type-post","status-publish","format-standard","hentry","category-naturvernforbundet"],"acf":[],"yoast_head":"<!-- This site is optimized with the Yoast SEO plugin v24.9 - https:\/\/yoast.com\/wordpress\/plugins\/seo\/ -->\n<title>M\u00f8re og Romsdal Natur og Ungdom med nytt fylkestyre! - M\u00f8re og Romsdal<\/title>\n<meta name=\"robots\" content=\"index, follow, max-snippet:-1, max-image-preview:large, max-video-preview:-1\" \/>\n<link rel=\"canonical\" href=\"https:\/\/naturvernforbundet.no\/moreogromsdal\/more-og-romsdal-natur-og-ungdom-med-nytt-fylkestyre\/\" \/>\n<meta property=\"og:locale\" content=\"nb_NO\" \/>\n<meta property=\"og:type\" content=\"article\" \/>\n<meta property=\"og:title\" content=\"M\u00f8re og Romsdal Natur og Ungdom med nytt fylkestyre! - M\u00f8re og Romsdal\" \/>\n<meta property=\"og:description\" content=\"M\u00f8re og Romsdal Natur og Ungdom har helga 25. - 27. mai 2007 v\u00e6rt samlet p\u00e5 Bekkevoll ungdomsskole i Molde, der de har hatt seminar om aktivisme. Seminaret hadde ca. 20 deltakere, som fikk l\u00e6re om hvordan man skal f\u00e5 gjennomslag for sakene man arbeider med, og hvilke p\u00e5virkningsmidler som man kan bruke.\" \/>\n<meta property=\"og:url\" content=\"https:\/\/naturvernforbundet.no\/moreogromsdal\/more-og-romsdal-natur-og-ungdom-med-nytt-fylkestyre\/\" \/>\n<meta property=\"og:site_name\" content=\"M\u00f8re og Romsdal\" \/>\n<meta property=\"article:published_time\" content=\"2007-06-04T18:06:00+00:00\" \/>\n<meta name=\"author\" content=\"Artikkelimport\u00f8r\" \/>\n<meta name=\"twitter:card\" content=\"summary_large_image\" \/>\n<meta name=\"twitter:label1\" content=\"Skrevet av\" \/>\n\t<meta name=\"twitter:data1\" content=\"Artikkelimport\u00f8r\" \/>\n\t<meta name=\"twitter:label2\" content=\"Ansl. lesetid\" \/>\n\t<meta name=\"twitter:data2\" content=\"1 minutt\" \/>\n<script type=\"application\/ld+json\" class=\"yoast-schema-graph\">{\"@context\":\"https:\/\/schema.org\",\"@graph\":[{\"@type\":\"WebPage\",\"@id\":\"https:\/\/naturvernforbundet.no\/moreogromsdal\/more-og-romsdal-natur-og-ungdom-med-nytt-fylkestyre\/\",\"url\":\"https:\/\/naturvernforbundet.no\/moreogromsdal\/more-og-romsdal-natur-og-ungdom-med-nytt-fylkestyre\/\",\"name\":\"M\u00f8re og Romsdal Natur og Ungdom med nytt fylkestyre! - M\u00f8re og Romsdal\",\"isPartOf\":{\"@id\":\"https:\/\/naturvernforbundet.no\/moreogromsdal\/#website\"},\"datePublished\":\"2007-06-04T18:06:00+00:00\",\"author\":{\"@id\":\"https:\/\/naturvernforbundet.no\/moreogromsdal\/#\/schema\/person\/c72f198205979084bf071deedb6205f4\"},\"breadcrumb\":{\"@id\":\"https:\/\/naturvernforbundet.no\/moreogromsdal\/more-og-romsdal-natur-og-ungdom-med-nytt-fylkestyre\/#breadcrumb\"},\"inLanguage\":\"nb-NO\",\"potentialAction\":[{\"@type\":\"ReadAction\",\"target\":[\"https:\/\/naturvernforbundet.no\/moreogromsdal\/more-og-romsdal-natur-og-ungdom-med-nytt-fylkestyre\/\"]}]},{\"@type\":\"BreadcrumbList\",\"@id\":\"https:\/\/naturvernforbundet.no\/moreogromsdal\/more-og-romsdal-natur-og-ungdom-med-nytt-fylkestyre\/#breadcrumb\",\"itemListElement\":[{\"@type\":\"ListItem\",\"position\":1,\"name\":\"Till naturvernforbundet.no\",\"item\":\"https:\/\/naturvernforbundet.no\/\"},{\"@type\":\"ListItem\",\"position\":2,\"name\":\"M\u00f8re og Romsdal\",\"item\":\"https:\/\/naturvernforbundet.no\/moreogromsdal\/\"},{\"@type\":\"ListItem\",\"position\":3,\"name\":\"M\u00f8re og Romsdal Natur og Ungdom med nytt fylkestyre!\"}]},{\"@type\":\"WebSite\",\"@id\":\"https:\/\/naturvernforbundet.no\/moreogromsdal\/#website\",\"url\":\"https:\/\/naturvernforbundet.no\/moreogromsdal\/\",\"name\":\"M\u00f8re og Romsdal\",\"description\":\"Bare enda et Naturvernforbundet Sites-nettsted\",\"potentialAction\":[{\"@type\":\"SearchAction\",\"target\":{\"@type\":\"EntryPoint\",\"urlTemplate\":\"https:\/\/naturvernforbundet.no\/moreogromsdal\/?s={search_term_string}\"},\"query-input\":{\"@type\":\"PropertyValueSpecification\",\"valueRequired\":true,\"valueName\":\"search_term_string\"}}],\"inLanguage\":\"nb-NO\"},{\"@type\":\"Person\",\"@id\":\"https:\/\/naturvernforbundet.no\/moreogromsdal\/#\/schema\/person\/c72f198205979084bf071deedb6205f4\",\"name\":\"Artikkelimport\u00f8r\",\"image\":{\"@type\":\"ImageObject\",\"inLanguage\":\"nb-NO\",\"@id\":\"https:\/\/naturvernforbundet.no\/moreogromsdal\/#\/schema\/person\/image\/\",\"url\":\"https:\/\/secure.gravatar.com\/avatar\/015fa491b9ed1c823ef16a5c930294d1?s=96&d=mm&r=g\",\"contentUrl\":\"https:\/\/secure.gravatar.com\/avatar\/015fa491b9ed1c823ef16a5c930294d1?s=96&d=mm&r=g\",\"caption\":\"Artikkelimport\u00f8r\"},\"url\":\"https:\/\/naturvernforbundet.no\/moreogromsdal\/author\/artikkelimportor\/\"}]}<\/script>\n<!-- \/ Yoast SEO plugin. -->","yoast_head_json":{"title":"M\u00f8re og Romsdal Natur og Ungdom med nytt fylkestyre! - M\u00f8re og Romsdal","robots":{"index":"index","follow":"follow","max-snippet":"max-snippet:-1","max-image-preview":"max-image-preview:large","max-video-preview":"max-video-preview:-1"},"canonical":"https:\/\/naturvernforbundet.no\/moreogromsdal\/more-og-romsdal-natur-og-ungdom-med-nytt-fylkestyre\/","og_locale":"nb_NO","og_type":"article","og_title":"M\u00f8re og Romsdal Natur og Ungdom med nytt fylkestyre! - M\u00f8re og Romsdal","og_description":"M\u00f8re og Romsdal Natur og Ungdom har helga 25. - 27. mai 2007 v\u00e6rt samlet p\u00e5 Bekkevoll ungdomsskole i Molde, der de har hatt seminar om aktivisme. Seminaret hadde ca. 20 deltakere, som fikk l\u00e6re om hvordan man skal f\u00e5 gjennomslag for sakene man arbeider med, og hvilke p\u00e5virkningsmidler som man kan bruke.","og_url":"https:\/\/naturvernforbundet.no\/moreogromsdal\/more-og-romsdal-natur-og-ungdom-med-nytt-fylkestyre\/","og_site_name":"M\u00f8re og Romsdal","article_published_time":"2007-06-04T18:06:00+00:00","author":"Artikkelimport\u00f8r","twitter_card":"summary_large_image","twitter_misc":{"Skrevet av":"Artikkelimport\u00f8r","Ansl. lesetid":"1 minutt"},"schema":{"@context":"https:\/\/schema.org","@graph":[{"@type":"WebPage","@id":"https:\/\/naturvernforbundet.no\/moreogromsdal\/more-og-romsdal-natur-og-ungdom-med-nytt-fylkestyre\/","url":"https:\/\/naturvernforbundet.no\/moreogromsdal\/more-og-romsdal-natur-og-ungdom-med-nytt-fylkestyre\/","name":"M\u00f8re og Romsdal Natur og Ungdom med nytt fylkestyre! - M\u00f8re og Romsdal","isPartOf":{"@id":"https:\/\/naturvernforbundet.no\/moreogromsdal\/#website"},"datePublished":"2007-06-04T18:06:00+00:00","author":{"@id":"https:\/\/naturvernforbundet.no\/moreogromsdal\/#\/schema\/person\/c72f198205979084bf071deedb6205f4"},"breadcrumb":{"@id":"https:\/\/naturvernforbundet.no\/moreogromsdal\/more-og-romsdal-natur-og-ungdom-med-nytt-fylkestyre\/#breadcrumb"},"inLanguage":"nb-NO","potentialAction":[{"@type":"ReadAction","target":["https:\/\/naturvernforbundet.no\/moreogromsdal\/more-og-romsdal-natur-og-ungdom-med-nytt-fylkestyre\/"]}]},{"@type":"BreadcrumbList","@id":"https:\/\/naturvernforbundet.no\/moreogromsdal\/more-og-romsdal-natur-og-ungdom-med-nytt-fylkestyre\/#breadcrumb","itemListElement":[{"@type":"ListItem","position":1,"name":"Till naturvernforbundet.no","item":"https:\/\/naturvernforbundet.no\/"},{"@type":"ListItem","position":2,"name":"M\u00f8re og Romsdal","item":"https:\/\/naturvernforbundet.no\/moreogromsdal\/"},{"@type":"ListItem","position":3,"name":"M\u00f8re og Romsdal Natur og Ungdom med nytt fylkestyre!"}]},{"@type":"WebSite","@id":"https:\/\/naturvernforbundet.no\/moreogromsdal\/#website","url":"https:\/\/naturvernforbundet.no\/moreogromsdal\/","name":"M\u00f8re og Romsdal","description":"Bare enda et Naturvernforbundet Sites-nettsted","potentialAction":[{"@type":"SearchAction","target":{"@type":"EntryPoint","urlTemplate":"https:\/\/naturvernforbundet.no\/moreogromsdal\/?s={search_term_string}"},"query-input":{"@type":"PropertyValueSpecification","valueRequired":true,"valueName":"search_term_string"}}],"inLanguage":"nb-NO"},{"@type":"Person","@id":"https:\/\/naturvernforbundet.no\/moreogromsdal\/#\/schema\/person\/c72f198205979084bf071deedb6205f4","name":"Artikkelimport\u00f8r","image":{"@type":"ImageObject","inLanguage":"nb-NO","@id":"https:\/\/naturvernforbundet.no\/moreogromsdal\/#\/schema\/person\/image\/","url":"https:\/\/secure.gravatar.com\/avatar\/015fa491b9ed1c823ef16a5c930294d1?s=96&d=mm&r=g","contentUrl":"https:\/\/secure.gravatar.com\/avatar\/015fa491b9ed1c823ef16a5c930294d1?s=96&d=mm&r=g","caption":"Artikkelimport\u00f8r"},"url":"https:\/\/naturvernforbundet.no\/moreogromsdal\/author\/artikkelimportor\/"}]}},"_links":{"self":[{"href":"https:\/\/naturvernforbundet.no\/moreogromsdal\/wp-json\/wp\/v2\/posts\/1549","targetHints":{"allow":["GET"]}}],"collection":[{"href":"https:\/\/naturvernforbundet.no\/moreogromsdal\/wp-json\/wp\/v2\/posts"}],"about":[{"href":"https:\/\/naturvernforbundet.no\/moreogromsdal\/wp-json\/wp\/v2\/types\/post"}],"author":[{"embeddable":true,"href":"https:\/\/naturvernforbundet.no\/moreogromsdal\/wp-json\/wp\/v2\/users\/38"}],"replies":[{"embeddable":true,"href":"https:\/\/naturvernforbundet.no\/moreogromsdal\/wp-json\/wp\/v2\/comments?post=1549"}],"version-history":[{"count":0,"href":"https:\/\/naturvernforbundet.no\/moreogromsdal\/wp-json\/wp\/v2\/posts\/1549\/revisions"}],"wp:attachment":[{"href":"https:\/\/naturvernforbundet.no\/moreogromsdal\/wp-json\/wp\/v2\/media?parent=1549"}],"wp:term":[{"taxonomy":"category","embeddable":true,"href":"https:\/\/naturvernforbundet.no\/moreogromsdal\/wp-json\/wp\/v2\/categories?post=1549"},{"taxonomy":"post_tag","embeddable":true,"href":"https:\/\/naturvernforbundet.no\/moreogromsdal\/wp-json\/wp\/v2\/tags?post=1549"},{"taxonomy":"local","embeddable":true,"href":"https:\/\/naturvernforbundet.no\/moreogromsdal\/wp-json\/wp\/v2\/local?post=1549"}],"curies":[{"name":"wp","href":"https:\/\/api.w.org\/{rel}","templated":true}]}}