{"id":1551,"date":"2005-11-14T20:07:00","date_gmt":"2005-11-14T19:07:00","guid":{"rendered":"https:\/\/naturvernforbundet.no\/moreogromsdal\/nar-mjolk-blir-religion\/"},"modified":"2005-11-14T20:07:00","modified_gmt":"2005-11-14T19:07:00","slug":"nar-mjolk-blir-religion","status":"publish","type":"post","link":"https:\/\/naturvernforbundet.no\/moreogromsdal\/nar-mjolk-blir-religion\/","title":{"rendered":"N\u00e5r mj\u00f8lk blir religion"},"content":{"rendered":"\t<div class=\"template-post alignfull wp-block-naturvern-hero\">\n\t\t<div class=\"hero__inner\">\n\t\t\t<div class=\"hero__inner_blocks\">\n\t\t\t\t\t\t\t\t\n\t\t\t\t\t<h1 class=\"wp-block-post-title\">N\u00e5r mj\u00f8lk blir religion<\/h1>\n\n\t\t\t\t\t<div class=\"wp-block-post-excerpt\"><p class=\"wp-block-post-excerpt__excerpt\">Tidligare innlegg fr\u00e5 Bj\u00f8rn S\u00e6b\u00f8. <\/p><\/div>\n\n\t\t\t\t\t\n\n\t\t\t\t\t<div class=\"wp-block-naturvern-byline\">\n\t\t\t<div class=\"authors\">By <span class=\"t2-byline__author-link\">Artikkelimport\u00f8r<\/span><\/div>\n\t\t\t<small class=\"entry-date\">14.11.2005 20:07<\/small>\n\t\t<\/div>\n\t\t\t\t\t\t\t\t<\/div>\n\t\t\t\t\t<\/div>\n\t\t\t<\/div>\n\t\n<p>N\u00e5r mj\u00f8lk blir religion\nEg viser til innlegget om \u00f8kologisk mj\u00f8lk i Smp. 27.10. Der blir det hevda at \u00f8kologiske varer \u00abinneheld det som naturen har lagt opp til\u00bb og at jorda og dyra har ein st\u00f8rre garanti for \u00e5 ha det bra til \u00abevig tid\u00bb med \u00f8kologisk produksjon.\nKva er \u00f8kologi?\n\u00d8kologi er l\u00e6ra om korleis planter og dyr tilpassar seg livsvilk\u00e5ra. Det m\u00e5 dei gjere anten dei lever i vill natur eller i ei eller anna form for dyrking eller husdyrhald. \u00d8kologi eller \u00f8kologisk er s\u00e5leis ikkje namnet p\u00e5 nokon driftsform eller ideologi.\nMen her i landet har dessverre ei bestemt driftsform f\u00e5tt monopol p\u00e5 ordet \u00f8kologi, med alle dei mistydingane dette f\u00f8rer med seg. F\u00f8rst og fremst blir det oppfatta som ekstra god kvalitet og rette m\u00e5ten \u00e5 drive p\u00e5, slik som ein ser det i innlegget 27.10. Det set dermed eit mindreverdsstempel p\u00e5 dei vanlege b\u00f8ndene og produkta deira. Derfor b\u00f8r ein bruke \u00abalternativt jordbruk\u00bb som eit meir h\u00f8veleg namn p\u00e5 driftsforma.\nJordbrukskunnskap og politikk\nMykje av det alternative jordbruket er god gamaldags jordbrukskunnskap. Og det er ikkje noko \u00ab\u00f8kologane\u00bb har kome p\u00e5, det var slik mest alle dreiv gardane sine f\u00f8r.\nMen det politiske kravet til produksjonsomfang og kostnadsutnytting har tvinga jordbruket inn i nye driftsm\u00e5tar. Heile tida stiller samfunnet nye og kostbare krav til b\u00f8ndene, men p\u00e5 same tid f\u00e5r dei som driv alternativt jordbruk ekstra tilskot for \u00e5 drive gamaldags og ineffektivt. Eg kjenner ein bonde med ein sv\u00e6rt stor gard etter norske tilh\u00f8ve, og han har delvis lagt om til \u00f8kologisk kornproduksjon. Det er ikkje av di han ser fagleg fornuft i driftsforma, men han vil ha sin del av pengane som f\u00f8lgjer med. \nProduktkvaliteten\nDei som driv alternativt jordbruk, ser ut til \u00e5 rekne moderne driftsmiddel som kunstgj\u00f8dsel og kjemisk plantevern som \u00abgift\u00bb. Etter deira meining b\u00f8r det, etter det eg har forst\u00e5tt, ikkje tilf\u00f8rast anna enn husdyrgj\u00f8dsel, kompost, tang o.l. som planten\u00e6ring.\nMen plantene, som b\u00e5de dyr og folk lever av, brukar ikkje kunstgj\u00f8dsel eller husdyrgj\u00f8dsel, dei brukar kjemiske stoff som blir tilgjengelege n\u00e5r gj\u00f8dsla blir oppl\u00f8yst i jordv\u00e6ska. For dyr eller folk som lever av plantekost, gjer det akkurat det same om ein nitrat-ion har kome fr\u00e5 det eine eller det andre gj\u00f8dselslaget.\nDet kjemiske grunnlaget i foret blir omgjort til mj\u00f8lk i kyrne. Derfor er det ingen som kan kjenne forskjell p\u00e5 \u00ab\u00f8kologisk\u00bb mj\u00f8lk og mj\u00f8lk fr\u00e5 eit vanleg, reint norsk gardsbruk. Kjemiske analyser vil heller ikkje kunne skilje mellom \u00ab\u00f8kologisk\u00bb mj\u00f8lk og vanleg mj\u00f8lk, og s\u00e5leis er det ei tilsniking \u00e5 tale om \u00abekstra verdifull r\u00e5vare\u00bb i motsetnad til \u00abordin\u00e6r r\u00e5vare\u00bb.\nEi oppg\u00e5ve for TINE?\nFagleg sett skulle ein derfor tru at TINE hadde meir n\u00e6rliggjande oppg\u00e5ver enn \u00e5 s\u00f8rgje for \u00ab\u00f8kologisk\u00bb mj\u00f8lk til borna. Det er lite rimeleg at ungane har sett seg s\u00e5 inn i saka at dei \u00abvil ha\u00bb produktet, her st\u00e5r det nok andre, ideologiske interesser bak, interesser som brukar born i eit spel for \u00e5 fremje sine eigne interesser.\nEi anna sak er det at produktet kanskje kan vere l\u00f8nsamt for TINE, s\u00e5 rart som politikarane ofte brukar skattepengane v\u00e5re. D\u00e5 kan det vere grunn til \u00e5 vurdere saka, nye keisarklede er sv\u00e6re greier, om ein g\u00e5r aldri s\u00e5 naken.\nBj\u00f8rn S\u00e6b\u00f8\n<\/p>\n","protected":false},"excerpt":{"rendered":"<p>Tidligare innlegg fr\u00e5 Bj\u00f8rn S\u00e6b\u00f8.<\/p>\n","protected":false},"author":38,"featured_media":0,"comment_status":"closed","ping_status":"closed","sticky":false,"template":"","format":"standard","meta":{"_relevanssi_hide_post":"","_relevanssi_hide_content":"","_relevanssi_pin_for_all":"","_relevanssi_pin_keywords":"","_relevanssi_unpin_keywords":"","_relevanssi_related_keywords":"","_relevanssi_related_include_ids":"","_relevanssi_related_exclude_ids":"","_relevanssi_related_no_append":"","_relevanssi_related_not_related":"","_relevanssi_related_posts":"","_relevanssi_noindex_reason":"","hide_logo":false,"footnotes":""},"categories":[17],"tags":[],"local":[],"class_list":["post-1551","post","type-post","status-publish","format-standard","hentry","category-more-og-romsdal"],"acf":[],"yoast_head":"<!-- This site is optimized with the Yoast SEO plugin v24.9 - https:\/\/yoast.com\/wordpress\/plugins\/seo\/ -->\n<title>N\u00e5r mj\u00f8lk blir religion - M\u00f8re og Romsdal<\/title>\n<meta name=\"robots\" content=\"index, follow, max-snippet:-1, max-image-preview:large, max-video-preview:-1\" \/>\n<link rel=\"canonical\" href=\"https:\/\/naturvernforbundet.no\/moreogromsdal\/nar-mjolk-blir-religion\/\" \/>\n<meta property=\"og:locale\" content=\"nb_NO\" \/>\n<meta property=\"og:type\" content=\"article\" \/>\n<meta property=\"og:title\" content=\"N\u00e5r mj\u00f8lk blir religion - M\u00f8re og Romsdal\" \/>\n<meta property=\"og:description\" content=\"Tidligare innlegg fr\u00e5 Bj\u00f8rn S\u00e6b\u00f8.\" \/>\n<meta property=\"og:url\" content=\"https:\/\/naturvernforbundet.no\/moreogromsdal\/nar-mjolk-blir-religion\/\" \/>\n<meta property=\"og:site_name\" content=\"M\u00f8re og Romsdal\" \/>\n<meta property=\"article:published_time\" content=\"2005-11-14T19:07:00+00:00\" \/>\n<meta name=\"author\" content=\"Artikkelimport\u00f8r\" \/>\n<meta name=\"twitter:card\" content=\"summary_large_image\" \/>\n<meta name=\"twitter:label1\" content=\"Skrevet av\" \/>\n\t<meta name=\"twitter:data1\" content=\"Artikkelimport\u00f8r\" \/>\n\t<meta name=\"twitter:label2\" content=\"Ansl. lesetid\" \/>\n\t<meta name=\"twitter:data2\" content=\"3 minutter\" \/>\n<script type=\"application\/ld+json\" class=\"yoast-schema-graph\">{\"@context\":\"https:\/\/schema.org\",\"@graph\":[{\"@type\":\"WebPage\",\"@id\":\"https:\/\/naturvernforbundet.no\/moreogromsdal\/nar-mjolk-blir-religion\/\",\"url\":\"https:\/\/naturvernforbundet.no\/moreogromsdal\/nar-mjolk-blir-religion\/\",\"name\":\"N\u00e5r mj\u00f8lk blir religion - M\u00f8re og Romsdal\",\"isPartOf\":{\"@id\":\"https:\/\/naturvernforbundet.no\/moreogromsdal\/#website\"},\"datePublished\":\"2005-11-14T19:07:00+00:00\",\"author\":{\"@id\":\"https:\/\/naturvernforbundet.no\/moreogromsdal\/#\/schema\/person\/c72f198205979084bf071deedb6205f4\"},\"breadcrumb\":{\"@id\":\"https:\/\/naturvernforbundet.no\/moreogromsdal\/nar-mjolk-blir-religion\/#breadcrumb\"},\"inLanguage\":\"nb-NO\",\"potentialAction\":[{\"@type\":\"ReadAction\",\"target\":[\"https:\/\/naturvernforbundet.no\/moreogromsdal\/nar-mjolk-blir-religion\/\"]}]},{\"@type\":\"BreadcrumbList\",\"@id\":\"https:\/\/naturvernforbundet.no\/moreogromsdal\/nar-mjolk-blir-religion\/#breadcrumb\",\"itemListElement\":[{\"@type\":\"ListItem\",\"position\":1,\"name\":\"Till naturvernforbundet.no\",\"item\":\"https:\/\/naturvernforbundet.no\/\"},{\"@type\":\"ListItem\",\"position\":2,\"name\":\"M\u00f8re og Romsdal\",\"item\":\"https:\/\/naturvernforbundet.no\/moreogromsdal\/\"},{\"@type\":\"ListItem\",\"position\":3,\"name\":\"N\u00e5r mj\u00f8lk blir religion\"}]},{\"@type\":\"WebSite\",\"@id\":\"https:\/\/naturvernforbundet.no\/moreogromsdal\/#website\",\"url\":\"https:\/\/naturvernforbundet.no\/moreogromsdal\/\",\"name\":\"M\u00f8re og Romsdal\",\"description\":\"Bare enda et Naturvernforbundet Sites-nettsted\",\"potentialAction\":[{\"@type\":\"SearchAction\",\"target\":{\"@type\":\"EntryPoint\",\"urlTemplate\":\"https:\/\/naturvernforbundet.no\/moreogromsdal\/?s={search_term_string}\"},\"query-input\":{\"@type\":\"PropertyValueSpecification\",\"valueRequired\":true,\"valueName\":\"search_term_string\"}}],\"inLanguage\":\"nb-NO\"},{\"@type\":\"Person\",\"@id\":\"https:\/\/naturvernforbundet.no\/moreogromsdal\/#\/schema\/person\/c72f198205979084bf071deedb6205f4\",\"name\":\"Artikkelimport\u00f8r\",\"image\":{\"@type\":\"ImageObject\",\"inLanguage\":\"nb-NO\",\"@id\":\"https:\/\/naturvernforbundet.no\/moreogromsdal\/#\/schema\/person\/image\/\",\"url\":\"https:\/\/secure.gravatar.com\/avatar\/015fa491b9ed1c823ef16a5c930294d1?s=96&d=mm&r=g\",\"contentUrl\":\"https:\/\/secure.gravatar.com\/avatar\/015fa491b9ed1c823ef16a5c930294d1?s=96&d=mm&r=g\",\"caption\":\"Artikkelimport\u00f8r\"},\"url\":\"https:\/\/naturvernforbundet.no\/moreogromsdal\/author\/artikkelimportor\/\"}]}<\/script>\n<!-- \/ Yoast SEO plugin. -->","yoast_head_json":{"title":"N\u00e5r mj\u00f8lk blir religion - M\u00f8re og Romsdal","robots":{"index":"index","follow":"follow","max-snippet":"max-snippet:-1","max-image-preview":"max-image-preview:large","max-video-preview":"max-video-preview:-1"},"canonical":"https:\/\/naturvernforbundet.no\/moreogromsdal\/nar-mjolk-blir-religion\/","og_locale":"nb_NO","og_type":"article","og_title":"N\u00e5r mj\u00f8lk blir religion - M\u00f8re og Romsdal","og_description":"Tidligare innlegg fr\u00e5 Bj\u00f8rn S\u00e6b\u00f8.","og_url":"https:\/\/naturvernforbundet.no\/moreogromsdal\/nar-mjolk-blir-religion\/","og_site_name":"M\u00f8re og Romsdal","article_published_time":"2005-11-14T19:07:00+00:00","author":"Artikkelimport\u00f8r","twitter_card":"summary_large_image","twitter_misc":{"Skrevet av":"Artikkelimport\u00f8r","Ansl. lesetid":"3 minutter"},"schema":{"@context":"https:\/\/schema.org","@graph":[{"@type":"WebPage","@id":"https:\/\/naturvernforbundet.no\/moreogromsdal\/nar-mjolk-blir-religion\/","url":"https:\/\/naturvernforbundet.no\/moreogromsdal\/nar-mjolk-blir-religion\/","name":"N\u00e5r mj\u00f8lk blir religion - M\u00f8re og Romsdal","isPartOf":{"@id":"https:\/\/naturvernforbundet.no\/moreogromsdal\/#website"},"datePublished":"2005-11-14T19:07:00+00:00","author":{"@id":"https:\/\/naturvernforbundet.no\/moreogromsdal\/#\/schema\/person\/c72f198205979084bf071deedb6205f4"},"breadcrumb":{"@id":"https:\/\/naturvernforbundet.no\/moreogromsdal\/nar-mjolk-blir-religion\/#breadcrumb"},"inLanguage":"nb-NO","potentialAction":[{"@type":"ReadAction","target":["https:\/\/naturvernforbundet.no\/moreogromsdal\/nar-mjolk-blir-religion\/"]}]},{"@type":"BreadcrumbList","@id":"https:\/\/naturvernforbundet.no\/moreogromsdal\/nar-mjolk-blir-religion\/#breadcrumb","itemListElement":[{"@type":"ListItem","position":1,"name":"Till naturvernforbundet.no","item":"https:\/\/naturvernforbundet.no\/"},{"@type":"ListItem","position":2,"name":"M\u00f8re og Romsdal","item":"https:\/\/naturvernforbundet.no\/moreogromsdal\/"},{"@type":"ListItem","position":3,"name":"N\u00e5r mj\u00f8lk blir religion"}]},{"@type":"WebSite","@id":"https:\/\/naturvernforbundet.no\/moreogromsdal\/#website","url":"https:\/\/naturvernforbundet.no\/moreogromsdal\/","name":"M\u00f8re og Romsdal","description":"Bare enda et Naturvernforbundet Sites-nettsted","potentialAction":[{"@type":"SearchAction","target":{"@type":"EntryPoint","urlTemplate":"https:\/\/naturvernforbundet.no\/moreogromsdal\/?s={search_term_string}"},"query-input":{"@type":"PropertyValueSpecification","valueRequired":true,"valueName":"search_term_string"}}],"inLanguage":"nb-NO"},{"@type":"Person","@id":"https:\/\/naturvernforbundet.no\/moreogromsdal\/#\/schema\/person\/c72f198205979084bf071deedb6205f4","name":"Artikkelimport\u00f8r","image":{"@type":"ImageObject","inLanguage":"nb-NO","@id":"https:\/\/naturvernforbundet.no\/moreogromsdal\/#\/schema\/person\/image\/","url":"https:\/\/secure.gravatar.com\/avatar\/015fa491b9ed1c823ef16a5c930294d1?s=96&d=mm&r=g","contentUrl":"https:\/\/secure.gravatar.com\/avatar\/015fa491b9ed1c823ef16a5c930294d1?s=96&d=mm&r=g","caption":"Artikkelimport\u00f8r"},"url":"https:\/\/naturvernforbundet.no\/moreogromsdal\/author\/artikkelimportor\/"}]}},"_links":{"self":[{"href":"https:\/\/naturvernforbundet.no\/moreogromsdal\/wp-json\/wp\/v2\/posts\/1551","targetHints":{"allow":["GET"]}}],"collection":[{"href":"https:\/\/naturvernforbundet.no\/moreogromsdal\/wp-json\/wp\/v2\/posts"}],"about":[{"href":"https:\/\/naturvernforbundet.no\/moreogromsdal\/wp-json\/wp\/v2\/types\/post"}],"author":[{"embeddable":true,"href":"https:\/\/naturvernforbundet.no\/moreogromsdal\/wp-json\/wp\/v2\/users\/38"}],"replies":[{"embeddable":true,"href":"https:\/\/naturvernforbundet.no\/moreogromsdal\/wp-json\/wp\/v2\/comments?post=1551"}],"version-history":[{"count":0,"href":"https:\/\/naturvernforbundet.no\/moreogromsdal\/wp-json\/wp\/v2\/posts\/1551\/revisions"}],"wp:attachment":[{"href":"https:\/\/naturvernforbundet.no\/moreogromsdal\/wp-json\/wp\/v2\/media?parent=1551"}],"wp:term":[{"taxonomy":"category","embeddable":true,"href":"https:\/\/naturvernforbundet.no\/moreogromsdal\/wp-json\/wp\/v2\/categories?post=1551"},{"taxonomy":"post_tag","embeddable":true,"href":"https:\/\/naturvernforbundet.no\/moreogromsdal\/wp-json\/wp\/v2\/tags?post=1551"},{"taxonomy":"local","embeddable":true,"href":"https:\/\/naturvernforbundet.no\/moreogromsdal\/wp-json\/wp\/v2\/local?post=1551"}],"curies":[{"name":"wp","href":"https:\/\/api.w.org\/{rel}","templated":true}]}}