{"id":1596,"date":"2006-08-15T06:33:00","date_gmt":"2006-08-15T04:33:00","guid":{"rendered":"https:\/\/naturvernforbundet.no\/moreogromsdal\/planar-om-gasskraftverk-pa-skogn-og-konsekvensar-for-more-og-romsdal\/"},"modified":"2006-08-15T06:33:00","modified_gmt":"2006-08-15T04:33:00","slug":"planar-om-gasskraftverk-pa-skogn-og-konsekvensar-for-more-og-romsdal","status":"publish","type":"post","link":"https:\/\/naturvernforbundet.no\/moreogromsdal\/planar-om-gasskraftverk-pa-skogn-og-konsekvensar-for-more-og-romsdal\/","title":{"rendered":"Planar om gasskraftverk p\u00e5 Skogn og konsekvensar for M\u00f8re og Romsdal"},"content":{"rendered":"\t<div class=\"template-post alignfull wp-block-naturvern-hero\">\n\t\t<div class=\"hero__inner\">\n\t\t\t<div class=\"hero__inner_blocks\">\n\t\t\t\t\t\t\t\t\n\t\t\t\t\t<h1 class=\"wp-block-post-title\">Planar om gasskraftverk p\u00e5 Skogn og konsekvensar for M\u00f8re og Romsdal<\/h1>\n\n\t\t\t\t\t<div class=\"wp-block-post-excerpt\"><p class=\"wp-block-post-excerpt__excerpt\">Epostkorrespondanse mellom Naturvernforbundet i M\u00f8re og Romsdal og Istad Nett. <\/p><\/div>\n\n\t\t\t\t\t\n\n\t\t\t\t\t<div class=\"wp-block-naturvern-byline\">\n\t\t\t<div class=\"authors\">By <span class=\"t2-byline__author-link\">Artikkelimport\u00f8r<\/span><\/div>\n\t\t\t<small class=\"entry-date\">15.08.2006 06:33<\/small>\n\t\t<\/div>\n\t\t\t\t\t\t\t\t<\/div>\n\t\t\t\t\t<\/div>\n\t\t\t<\/div>\n\t\n<p>Etter eit oppslag i Sunnm\u00f8rsposten 10. august 2006 gikk denne meldinga til Istad Nett:\n<\/p>\n\n\n\n<p>&laquo;Du seier til Sunnm\u00f8rsposten i dag at eit gasskraftverk p\u00e5 Skogn ikkje hjelper M\u00f8re og Romsdal. \n<\/p>\n\n\n\n<p>P\u00e5 direkte sp\u00f8rsm\u00e5l har Statnett sagt til Naturvernforbundet at alle tiltak mellom Otta i s\u00f8r og Namdalen i nord vil vere nyttige i forhold til den energiforsyninga i M\u00f8re og Romsdal, sj\u00f8lv om det manglar litt nett i Ytre Tr\u00f8ndelag for \u00e5 kunne bygge vindkraft der. Naturvernforbundet vil ikkje ha gasskraftverk p\u00e5 Skogn, men vi vil ha sparetiltak b\u00e5de i Tr\u00f8ndelag og M\u00f8re og Romsdal. Er det for d\u00e5rleg linjekapasitet internt i Midt-Noreg? Statnett seier alts\u00e5 noko anna.\n<\/p>\n\n\n\n<p>Det er ogs\u00e5 vanskeleg \u00e5 sj\u00e5 korleis eit gasskraftverk p\u00e5 Tjeldbergodden skulle vere mykje betre enn Skogn. Det er vel uansett linjekapasiteten mellom Surnadal og Sunndal som er begrensande?\n<\/p>\n\n\n\n<p>\u00d8ystein Solev\u00e5g\n<\/p>\n\n\n\n<p>Naturvernforbundet i M\u00f8re og Romsdal\n<\/p>\n\n\n\n<p><a href=\"\/cgi-bin\/naturvern\/www.naturvern.no\/moreromsdal\"><u>www.naturvern.no\/moreromsdal<\/u><\/a>&raquo;\n<\/p>\n\n\n\n<p>Svaret fr\u00e5 Istad Nett kom raskt:\n<\/p>\n\n\n\n<p>&laquo;Hei. <br>B\u00e5de Statnett og jeg har rett i det vi sier <br>Jeg sier til SMP at Skogn<b> ikke<\/b> l\u00f8ser kraftkrisen i M&amp;R , men det vil self\u00f8lgelig<b> bidra <\/b>til \u00e5 redusere problemet ved at linjenettet inn til M&amp;R kan utnyttes bedre slik som Statnett sier . For\u00f8vtig er det linjen fra Sogn til Sunnm\u00f8re som vil \u00f8ke importkapasiteten inn til M&amp;R dersom det finnes overskuddskraft i S&amp;F. <br>Dersom det blir bygd et gasskraftverk p\u00e5 Tjeldbergodden vil det v\u00e6re n\u00f8dvendig \u00e5 forsterke nettet mellom Surnadal og sunndal for at dette skal l\u00f8se kraftsituasjonen i M&amp;R. Det mest konkrete som Statnett i s\u00e5 fall har sett p\u00e5 er \u00e5 \u00f8ke spenningen p\u00e5 eksisterende ledning fra 300 kV til 420 kV. <br><br>For\u00f8vrig har jeg en f\u00f8lelse av at gasskrft p\u00e5 Tjeldbergodden og Skogn ligger langt fram i tid , og i mellomtiden m\u00e5 vi finne andre b\u00e5de kortsiktige og langsiktige l\u00f8sningen p\u00e5 kraftkrisen. <br><br>mvh <br><br>Svein R\u00f8dal&raquo;<\/p>\n\n\n\n<p><a href=\"\/imakerdata\/f\/0\/89\/76\/5_2401_0\/Sunnmorsposten_10._august_2006.pdf\">Sunnm\u00f8rsposten 10. august 2006<\/a><\/p>\n","protected":false},"excerpt":{"rendered":"<p>Epostkorrespondanse mellom Naturvernforbundet i M\u00f8re og Romsdal og Istad Nett.<\/p>\n","protected":false},"author":38,"featured_media":0,"comment_status":"closed","ping_status":"closed","sticky":false,"template":"","format":"standard","meta":{"_relevanssi_hide_post":"","_relevanssi_hide_content":"","_relevanssi_pin_for_all":"","_relevanssi_pin_keywords":"","_relevanssi_unpin_keywords":"","_relevanssi_related_keywords":"","_relevanssi_related_include_ids":"","_relevanssi_related_exclude_ids":"","_relevanssi_related_no_append":"","_relevanssi_related_not_related":"","_relevanssi_related_posts":"","_relevanssi_noindex_reason":"","hide_logo":false,"footnotes":""},"categories":[19],"tags":[],"local":[],"class_list":["post-1596","post","type-post","status-publish","format-standard","hentry","category-klima"],"acf":[],"yoast_head":"<!-- This site is optimized with the Yoast SEO plugin v24.9 - https:\/\/yoast.com\/wordpress\/plugins\/seo\/ -->\n<title>Planar om gasskraftverk p\u00e5 Skogn og konsekvensar for M\u00f8re og Romsdal - M\u00f8re og Romsdal<\/title>\n<meta name=\"robots\" content=\"index, follow, max-snippet:-1, max-image-preview:large, max-video-preview:-1\" \/>\n<link rel=\"canonical\" href=\"https:\/\/naturvernforbundet.no\/moreogromsdal\/planar-om-gasskraftverk-pa-skogn-og-konsekvensar-for-more-og-romsdal\/\" \/>\n<meta property=\"og:locale\" content=\"nb_NO\" \/>\n<meta property=\"og:type\" content=\"article\" \/>\n<meta property=\"og:title\" content=\"Planar om gasskraftverk p\u00e5 Skogn og konsekvensar for M\u00f8re og Romsdal - M\u00f8re og Romsdal\" \/>\n<meta property=\"og:description\" content=\"Epostkorrespondanse mellom Naturvernforbundet i M\u00f8re og Romsdal og Istad Nett.\" \/>\n<meta property=\"og:url\" content=\"https:\/\/naturvernforbundet.no\/moreogromsdal\/planar-om-gasskraftverk-pa-skogn-og-konsekvensar-for-more-og-romsdal\/\" \/>\n<meta property=\"og:site_name\" content=\"M\u00f8re og Romsdal\" \/>\n<meta property=\"article:published_time\" content=\"2006-08-15T04:33:00+00:00\" \/>\n<meta name=\"author\" content=\"Artikkelimport\u00f8r\" \/>\n<meta name=\"twitter:card\" content=\"summary_large_image\" \/>\n<meta name=\"twitter:label1\" content=\"Skrevet av\" \/>\n\t<meta name=\"twitter:data1\" content=\"Artikkelimport\u00f8r\" \/>\n\t<meta name=\"twitter:label2\" content=\"Ansl. lesetid\" \/>\n\t<meta name=\"twitter:data2\" content=\"2 minutter\" \/>\n<script type=\"application\/ld+json\" class=\"yoast-schema-graph\">{\"@context\":\"https:\/\/schema.org\",\"@graph\":[{\"@type\":\"WebPage\",\"@id\":\"https:\/\/naturvernforbundet.no\/moreogromsdal\/planar-om-gasskraftverk-pa-skogn-og-konsekvensar-for-more-og-romsdal\/\",\"url\":\"https:\/\/naturvernforbundet.no\/moreogromsdal\/planar-om-gasskraftverk-pa-skogn-og-konsekvensar-for-more-og-romsdal\/\",\"name\":\"Planar om gasskraftverk p\u00e5 Skogn og konsekvensar for M\u00f8re og Romsdal - M\u00f8re og Romsdal\",\"isPartOf\":{\"@id\":\"https:\/\/naturvernforbundet.no\/moreogromsdal\/#website\"},\"datePublished\":\"2006-08-15T04:33:00+00:00\",\"author\":{\"@id\":\"https:\/\/naturvernforbundet.no\/moreogromsdal\/#\/schema\/person\/c72f198205979084bf071deedb6205f4\"},\"breadcrumb\":{\"@id\":\"https:\/\/naturvernforbundet.no\/moreogromsdal\/planar-om-gasskraftverk-pa-skogn-og-konsekvensar-for-more-og-romsdal\/#breadcrumb\"},\"inLanguage\":\"nb-NO\",\"potentialAction\":[{\"@type\":\"ReadAction\",\"target\":[\"https:\/\/naturvernforbundet.no\/moreogromsdal\/planar-om-gasskraftverk-pa-skogn-og-konsekvensar-for-more-og-romsdal\/\"]}]},{\"@type\":\"BreadcrumbList\",\"@id\":\"https:\/\/naturvernforbundet.no\/moreogromsdal\/planar-om-gasskraftverk-pa-skogn-og-konsekvensar-for-more-og-romsdal\/#breadcrumb\",\"itemListElement\":[{\"@type\":\"ListItem\",\"position\":1,\"name\":\"Till naturvernforbundet.no\",\"item\":\"https:\/\/naturvernforbundet.no\/\"},{\"@type\":\"ListItem\",\"position\":2,\"name\":\"M\u00f8re og Romsdal\",\"item\":\"https:\/\/naturvernforbundet.no\/moreogromsdal\/\"},{\"@type\":\"ListItem\",\"position\":3,\"name\":\"Planar om gasskraftverk p\u00e5 Skogn og konsekvensar for M\u00f8re og Romsdal\"}]},{\"@type\":\"WebSite\",\"@id\":\"https:\/\/naturvernforbundet.no\/moreogromsdal\/#website\",\"url\":\"https:\/\/naturvernforbundet.no\/moreogromsdal\/\",\"name\":\"M\u00f8re og Romsdal\",\"description\":\"Bare enda et Naturvernforbundet Sites-nettsted\",\"potentialAction\":[{\"@type\":\"SearchAction\",\"target\":{\"@type\":\"EntryPoint\",\"urlTemplate\":\"https:\/\/naturvernforbundet.no\/moreogromsdal\/?s={search_term_string}\"},\"query-input\":{\"@type\":\"PropertyValueSpecification\",\"valueRequired\":true,\"valueName\":\"search_term_string\"}}],\"inLanguage\":\"nb-NO\"},{\"@type\":\"Person\",\"@id\":\"https:\/\/naturvernforbundet.no\/moreogromsdal\/#\/schema\/person\/c72f198205979084bf071deedb6205f4\",\"name\":\"Artikkelimport\u00f8r\",\"image\":{\"@type\":\"ImageObject\",\"inLanguage\":\"nb-NO\",\"@id\":\"https:\/\/naturvernforbundet.no\/moreogromsdal\/#\/schema\/person\/image\/\",\"url\":\"https:\/\/secure.gravatar.com\/avatar\/015fa491b9ed1c823ef16a5c930294d1?s=96&d=mm&r=g\",\"contentUrl\":\"https:\/\/secure.gravatar.com\/avatar\/015fa491b9ed1c823ef16a5c930294d1?s=96&d=mm&r=g\",\"caption\":\"Artikkelimport\u00f8r\"},\"url\":\"https:\/\/naturvernforbundet.no\/moreogromsdal\/author\/artikkelimportor\/\"}]}<\/script>\n<!-- \/ Yoast SEO plugin. -->","yoast_head_json":{"title":"Planar om gasskraftverk p\u00e5 Skogn og konsekvensar for M\u00f8re og Romsdal - M\u00f8re og Romsdal","robots":{"index":"index","follow":"follow","max-snippet":"max-snippet:-1","max-image-preview":"max-image-preview:large","max-video-preview":"max-video-preview:-1"},"canonical":"https:\/\/naturvernforbundet.no\/moreogromsdal\/planar-om-gasskraftverk-pa-skogn-og-konsekvensar-for-more-og-romsdal\/","og_locale":"nb_NO","og_type":"article","og_title":"Planar om gasskraftverk p\u00e5 Skogn og konsekvensar for M\u00f8re og Romsdal - M\u00f8re og Romsdal","og_description":"Epostkorrespondanse mellom Naturvernforbundet i M\u00f8re og Romsdal og Istad Nett.","og_url":"https:\/\/naturvernforbundet.no\/moreogromsdal\/planar-om-gasskraftverk-pa-skogn-og-konsekvensar-for-more-og-romsdal\/","og_site_name":"M\u00f8re og Romsdal","article_published_time":"2006-08-15T04:33:00+00:00","author":"Artikkelimport\u00f8r","twitter_card":"summary_large_image","twitter_misc":{"Skrevet av":"Artikkelimport\u00f8r","Ansl. lesetid":"2 minutter"},"schema":{"@context":"https:\/\/schema.org","@graph":[{"@type":"WebPage","@id":"https:\/\/naturvernforbundet.no\/moreogromsdal\/planar-om-gasskraftverk-pa-skogn-og-konsekvensar-for-more-og-romsdal\/","url":"https:\/\/naturvernforbundet.no\/moreogromsdal\/planar-om-gasskraftverk-pa-skogn-og-konsekvensar-for-more-og-romsdal\/","name":"Planar om gasskraftverk p\u00e5 Skogn og konsekvensar for M\u00f8re og Romsdal - M\u00f8re og Romsdal","isPartOf":{"@id":"https:\/\/naturvernforbundet.no\/moreogromsdal\/#website"},"datePublished":"2006-08-15T04:33:00+00:00","author":{"@id":"https:\/\/naturvernforbundet.no\/moreogromsdal\/#\/schema\/person\/c72f198205979084bf071deedb6205f4"},"breadcrumb":{"@id":"https:\/\/naturvernforbundet.no\/moreogromsdal\/planar-om-gasskraftverk-pa-skogn-og-konsekvensar-for-more-og-romsdal\/#breadcrumb"},"inLanguage":"nb-NO","potentialAction":[{"@type":"ReadAction","target":["https:\/\/naturvernforbundet.no\/moreogromsdal\/planar-om-gasskraftverk-pa-skogn-og-konsekvensar-for-more-og-romsdal\/"]}]},{"@type":"BreadcrumbList","@id":"https:\/\/naturvernforbundet.no\/moreogromsdal\/planar-om-gasskraftverk-pa-skogn-og-konsekvensar-for-more-og-romsdal\/#breadcrumb","itemListElement":[{"@type":"ListItem","position":1,"name":"Till naturvernforbundet.no","item":"https:\/\/naturvernforbundet.no\/"},{"@type":"ListItem","position":2,"name":"M\u00f8re og Romsdal","item":"https:\/\/naturvernforbundet.no\/moreogromsdal\/"},{"@type":"ListItem","position":3,"name":"Planar om gasskraftverk p\u00e5 Skogn og konsekvensar for M\u00f8re og Romsdal"}]},{"@type":"WebSite","@id":"https:\/\/naturvernforbundet.no\/moreogromsdal\/#website","url":"https:\/\/naturvernforbundet.no\/moreogromsdal\/","name":"M\u00f8re og Romsdal","description":"Bare enda et Naturvernforbundet Sites-nettsted","potentialAction":[{"@type":"SearchAction","target":{"@type":"EntryPoint","urlTemplate":"https:\/\/naturvernforbundet.no\/moreogromsdal\/?s={search_term_string}"},"query-input":{"@type":"PropertyValueSpecification","valueRequired":true,"valueName":"search_term_string"}}],"inLanguage":"nb-NO"},{"@type":"Person","@id":"https:\/\/naturvernforbundet.no\/moreogromsdal\/#\/schema\/person\/c72f198205979084bf071deedb6205f4","name":"Artikkelimport\u00f8r","image":{"@type":"ImageObject","inLanguage":"nb-NO","@id":"https:\/\/naturvernforbundet.no\/moreogromsdal\/#\/schema\/person\/image\/","url":"https:\/\/secure.gravatar.com\/avatar\/015fa491b9ed1c823ef16a5c930294d1?s=96&d=mm&r=g","contentUrl":"https:\/\/secure.gravatar.com\/avatar\/015fa491b9ed1c823ef16a5c930294d1?s=96&d=mm&r=g","caption":"Artikkelimport\u00f8r"},"url":"https:\/\/naturvernforbundet.no\/moreogromsdal\/author\/artikkelimportor\/"}]}},"_links":{"self":[{"href":"https:\/\/naturvernforbundet.no\/moreogromsdal\/wp-json\/wp\/v2\/posts\/1596","targetHints":{"allow":["GET"]}}],"collection":[{"href":"https:\/\/naturvernforbundet.no\/moreogromsdal\/wp-json\/wp\/v2\/posts"}],"about":[{"href":"https:\/\/naturvernforbundet.no\/moreogromsdal\/wp-json\/wp\/v2\/types\/post"}],"author":[{"embeddable":true,"href":"https:\/\/naturvernforbundet.no\/moreogromsdal\/wp-json\/wp\/v2\/users\/38"}],"replies":[{"embeddable":true,"href":"https:\/\/naturvernforbundet.no\/moreogromsdal\/wp-json\/wp\/v2\/comments?post=1596"}],"version-history":[{"count":0,"href":"https:\/\/naturvernforbundet.no\/moreogromsdal\/wp-json\/wp\/v2\/posts\/1596\/revisions"}],"wp:attachment":[{"href":"https:\/\/naturvernforbundet.no\/moreogromsdal\/wp-json\/wp\/v2\/media?parent=1596"}],"wp:term":[{"taxonomy":"category","embeddable":true,"href":"https:\/\/naturvernforbundet.no\/moreogromsdal\/wp-json\/wp\/v2\/categories?post=1596"},{"taxonomy":"post_tag","embeddable":true,"href":"https:\/\/naturvernforbundet.no\/moreogromsdal\/wp-json\/wp\/v2\/tags?post=1596"},{"taxonomy":"local","embeddable":true,"href":"https:\/\/naturvernforbundet.no\/moreogromsdal\/wp-json\/wp\/v2\/local?post=1596"}],"curies":[{"name":"wp","href":"https:\/\/api.w.org\/{rel}","templated":true}]}}