{"id":1626,"date":"2006-07-31T20:06:00","date_gmt":"2006-07-31T18:06:00","guid":{"rendered":"https:\/\/naturvernforbundet.no\/moreogromsdal\/notat-innspel-til-arbeidet-med-fylkesdelplanar-for-smakraft\/"},"modified":"2006-07-31T20:06:00","modified_gmt":"2006-07-31T18:06:00","slug":"notat-innspel-til-arbeidet-med-fylkesdelplanar-for-smakraft","status":"publish","type":"post","link":"https:\/\/naturvernforbundet.no\/moreogromsdal\/notat-innspel-til-arbeidet-med-fylkesdelplanar-for-smakraft\/","title":{"rendered":"Notat: Innspel til arbeidet med fylkesdelplanar for sm\u00e5kraft"},"content":{"rendered":"\t<div class=\"template-post alignfull wp-block-naturvern-hero\">\n\t\t<div class=\"hero__inner\">\n\t\t\t<div class=\"hero__inner_blocks\">\n\t\t\t\t\t\t\t\t\n\t\t\t\t\t<h1 class=\"wp-block-post-title\">Notat: Innspel til arbeidet med fylkesdelplanar for sm\u00e5kraft<\/h1>\n\n\t\t\t\t\t<div class=\"wp-block-post-excerpt\"><p class=\"wp-block-post-excerpt__excerpt\">Her kjem nokre innspel til arbeidet med \u00e5 utforme retningslinjer for fylkesdelplanar for mindre kraftutbyggingar. <\/p><\/div>\n\n\t\t\t\t\t\n\n\t\t\t\t\t<div class=\"wp-block-naturvern-byline\">\n\t\t\t<div class=\"authors\">By <span class=\"t2-byline__author-link\">Artikkelimport\u00f8r<\/span><\/div>\n\t\t\t<small class=\"entry-date\">31.07.2006 20:06<\/small>\n\t\t<\/div>\n\t\t\t\t\t\t\t\t<\/div>\n\t\t\t\t\t<\/div>\n\t\t\t<\/div>\n\t\n<p>P\u00e5 tampen av 2003 la Bondevik-regjeringa fram ein plan for auka etableringa av sm\u00e5 kraftverk. Planen hadde eindel \u00f8konomiske verkemiddel, men det viktigaste var at regelverket for bygging av mindre kraftverk vart endra:\n<\/p>\n\n\n\n<p>-vesentleg heving av grensa for behandling i h\u00f8ve til Samla plan for vassdrag\n<\/p>\n\n\n\n<p>-oppmjuking av regelverket i h\u00f8ve til konsesjonshandsaming for kraftverk i verna vassdrag \n<\/p>\n\n\n\n<p>-kraftverk som ikkje krev konsesjon vert handsama som vanleg byggjesak i kommunen\n<\/p>\n\n\n\n<p>NVE anslo nyleg at potensialet for utbyggingar under 3 kr\/kWh til 25 TWh. Ytterlegare 7 TWh har investeringskostnader mellom 3 og 5 kr\/kWh (Jensen 2004). Dette tilsvarar tilsaman 9 500 kraftverk.\n<\/p>\n\n\n\n<p>Mange prisverdige enkeltprosjekt for produksjon av fornybar energi ligg blant desse. Men omr\u00e5de som er egna for sm\u00e5kraft omfattar ogs\u00e5 viktige og s\u00e5rbare lokalitetar mhp biologisk mangfold. \n<\/p>\n\n\n\n<p>Elvar og bekker er ogs\u00e5 mange stader viktige landskapselement som gir visuell variasjon og trivsel for fastbuande og turistar. Uten betre dokumentasjon og planlegging vil denne nye, storstilte vasskraftutbygginga f\u00f8re til brot med Noreg sine internasjonale forpliktelsar innan b\u00e5de vassdragsforvaltning, vern av biologisk mangfold og landskapsvern.\n<\/p>\n\n\n\n<p>Tema vi meiner det b\u00f8r leggast spesiell vekt p\u00e5 ved etablering av sm\u00e5 kraftverk er:\n<\/p>\n\n\n\n<p>\u27a2   Mange bekker sm\u00e5; sumeffektar av inngrep\n<\/p>\n\n\n\n<p>Slik regelverket er i dag blir utbyggingsprosjekt innan same nedb\u00f8rsfelt behandla som individuelle saker. Inngrep i mindre deler av vassdrag er jo sjeldan ein stort problem dersom omr\u00e5da ikkje har heilt unike naturkvalitetar. Derfor blir alts\u00e5 dei fleste mindre kraftverk ikkje handsama etter vassressurslova. Naturvernforbundet meinar imidlertid at ei bit-for-bit-utbygging av den resterande norske vassdragsnaturen vil f\u00f8re til tap som vedg\u00e5r heile samfunnet. Vi m\u00e5 v\u00e5ge \u00e5 sj\u00e5 denne storstilte utbygginga i samanheng; bare slik kan vi gjere realistiske avvegingar mellom natur og n\u00e6ring.\n<\/p>\n\n\n\n<p>Alt i dag st\u00e5r 337 artar tilknytta ferskvatn p\u00e5 raudlista. Men relativt vanlege artar kan ogs\u00e5 stille h\u00f8ge krav til milj\u00f8et rundt seg. Mange av artane som lever i og n\u00e6r fossar og stryk er sv\u00e6rt spesialiserte og kan ikkje utan vidare etablere seg i andre milj\u00f8. Slik st\u00e5r no noks\u00e5 vanlege artar (som nasjonalfuglen fossekall og den noko meir ukjende vintererla) i fare for \u00e5 havne i den nye utg\u00e5va av raudlista. \n<\/p>\n\n\n\n<p>Dersom det nasjonale m\u00e5let er ei utbygging p\u00e5 over 25 TWh, utan tilh\u00f8yrande ambisjonar om tilfredsstillande kartlegging, er det ikkje tvil om at m\u00e5let om \u00e5 stoppe tapet av biologisk mangfold innan 2010 er langt utanfor rekkevidde.\n<\/p>\n\n\n\n<p>\u27a2   Vernestatus\n<\/p>\n\n\n\n<p><b>Omr\u00e5de verna etter naturvernlova\/kulturminnelova<\/b>\n<\/p>\n\n\n\n<p>At omr\u00e5de som er, eller skal bli, verna etter naturvernlova ikkje kan vurderast i samband med kraftutbygging ser vi p\u00e5 som sj\u00f8lvsagt. Dette gjeld ogs\u00e5 areal med automatisk freda kulturminne. \n<\/p>\n\n\n\n<p><b>Vassdragsvern<\/b>\n<\/p>\n\n\n\n<p>Utbygging i verna vassdrag f\u00f8rer i praksis til ei utholing av vernet. Det var jo heilskapen i vassdraget som l\u00e5g til grunn for vernevedtaket! Vassdrag som var fragmenterte\/prega av inngrep vart konsekvent plukka vekk fr\u00e5 supplerande verneplan av NVE. At vanskar i verneprosessen f\u00f8rer til hestehandel tilsvarande situasjonen i Bjerkreimselva (der ein opna for bygging av kraftverk med installert effekt opp til 3 MW) trur vi svekkar b\u00e5de verneprosessen og den p\u00e5f\u00f8lgande forvaltninga av vassdraget. Bjerkreimselva st\u00e5r i fare for \u00e5 bli eit verna vassdrag &laquo;p\u00e5 kj\u00f8t og flesk&raquo;.\n<\/p>\n\n\n\n<p>\u27a2   Dokumentasjon av biologisk mangfold og andre verdiar knytta til vassdraget\n<\/p>\n\n\n\n<p><b>Auke av \u00f8konomiske rammer og revisjon av NVE sin rettleiar<\/b>\n<\/p>\n\n\n\n<p>\u00c5 auke kostnadsramma for biologisk mangfold-unders\u00f8kelsen vil by p\u00e5 fordeler for b\u00e5de milj\u00f8forvaltning og utbyggar. Rapporten om biologisk mangfold m\u00e5 v\u00e6re s\u00e5pass konkret at den kan fungere som eit verkt\u00f8y for \u00e5 avgjere kva b\u00e5de kva konsekvensar inngrepet vil ha, og kva avb\u00f8tande tiltak som vil kunne fungere. Dette betyr at den som st\u00e5r for rapporten m\u00e5 vere <i>p\u00e5lagt<\/i> \u00e5 utf\u00f8re eit grundig feltarbeid. Fosser\u00f8yksoner skal unders\u00f8kast av personell med relevant kunnskap om naturtypen og om artane som finst her. \n<\/p>\n\n\n\n<p>Alts\u00e5 m\u00e5 det vere \u00f8konomisk rom for grundige feltunders\u00f8kelsar, slik at ein kan fastsl\u00e5 kva artar som faktisk finst i vassdraget, ikkje kva artar som sannsynlegvis kan tenkjast \u00e5 vere der. \n<\/p>\n\n\n\n<p>Kr 40 000,- vil i dei fleste tilfelle kunne dekke ein rapport som handsamar tema som biologisk mangfold, landskap og kulturminner p\u00e5 reelt grunnlag, dersom utbyggar i forkant kan legge fram eintydig informasjon om b\u00e5de sj\u00f8lve kraftverket og den tilh\u00f8yrande infrastrukturen sitt omfang.\n<\/p>\n\n\n\n<p>Det b\u00f8r ogs\u00e5 vere rom for at direktoratet kan p\u00e5legge etterunders\u00f8kelsar i utbygde vassdrag, for slik \u00e5 heve presisjonsniv\u00e5et p\u00e5 framtidige konsekvensvurderingar.\n<\/p>\n\n\n\n<p>NVE sin rettleiar for dokumentasjon av biologisk mangfold ved bygging av sm\u00e5kraftverk (Brodtkorb og Selboe, 2004) er prega av \u00f8konomiske kompromiss, og m\u00e5 opp til revisjon i l\u00f8pet av 2006.\n<\/p>\n\n\n\n<p><b>Vurdering av konsesjonskrav p\u00e5 godt kunnskapsgrunnlag-<\/b>\n<\/p>\n\n\n\n<p><b>ogs\u00e5 for kraftverk under 1 MW<\/b>\n<\/p>\n\n\n\n<p>Installert effekt er avhengig av fallh\u00f8gd, turbin-type og anlegget sin slukeevne. Det kan derfor virke vilk\u00e5rleg at kravet til begrensa unders\u00f8kingar av biologisk mangfold er basert p\u00e5 kraftverket sine dimensjonar. For \u00e5 kunne avgjere om utbyggar treng konsesjon, m\u00e5 dokumentasjon av biologisk mangfold, friluftsliv, kulturminner og landskap ligge til grunn, uavhengig av kraftverket sin installerte effekt.\n<\/p>\n\n\n\n<p>Vi er klar over at kravet til dokumentasjon aukar ved overf\u00f8ring og\/eller oppdemming av vatn, og st\u00f8ttar NVE si vurdering her.\n<\/p>\n\n\n\n<p><b>Definisjon av p\u00e5verka omr\u00e5de<\/b>\n<\/p>\n\n\n\n<p>Omr\u00e5det som blir p\u00e5verka av inngrepet (ofte kalla influensomr\u00e5det) omfattar sj\u00f8lvsagt ogs\u00e5 omr\u00e5det der trafo eller veg blir bygd, der massar blir fjerna eller deponert, og tras\u00e9 for evt ny kabel\/linjenett. Dette omr\u00e5det m\u00e5 ogs\u00e5 inng\u00e5 i biologisk mangfold og kulturminne-kartlegginga.Det m\u00e5 stillast krav til at utbyggar har gode planar og tekningar av dette i meldingsfasen, slik at vurdering av konsekvensar er praktisk mogeleg.\n<\/p>\n\n\n\n<p>I denne samanhengen vil vi minne om at lokallaga v\u00e5re stadig f\u00e5r inn saker der behovet for landbruksveg er tett knytta opp mot planar om sm\u00e5kraft og\/eller hyttebygging. Tilh\u00f8vet til landbruksforskrifter og tilskotsordningar m\u00e5 avklarast for hindre ytterlegare tap av inngrepsfri natur. Eit viktig avb\u00f8tande tiltak ved vasskraftutbygging er \u00e5 ikkje gi l\u00f8yve til bygging av permanent veg. Dette er spesielt aktuelt i omr\u00e5de n\u00e6r inngrepsfri natur og i omr\u00e5de med verdifulle landskapskvalitetar.\n<\/p>\n\n\n\n<p>For landskaps- og friluftslivsdelen av rapporten m\u00e5 influensomr\u00e5det omfatte heile arealet inngrepet er synleg fr\u00e5.\n<\/p>\n\n\n\n<p><b>P\u00e5legg om\/oppf\u00f8lging av minstevassf\u00f8ring<\/b>\n<\/p>\n\n\n\n<p>Minstevassf\u00f8ring kan bli p\u00e5lagt i konsesjonsprosessen. Det har imidlertid ikkje lukkast oss \u00e5 f\u00e5 klarhet i korleis minstevassf\u00f8ringa blir f\u00f8lgt opp i dei forskjellege kategoriane av mindre kraftverk. Det b\u00f8r stillast same krav til b\u00e5de st\u00f8rre og mindre utbyggingar n\u00e5r det gjeld \u00e5 informere b\u00e5de direktoratet og folk flest om oppf\u00f8lging av minstevassf\u00f8ringa.\n<\/p>\n\n\n\n<p>\u27a2   Vassdragsforvaltning\n<\/p>\n\n\n\n<p>I dag blir kraftverk over 1 MW som regel vurdert etter vassressurslova. Resten (ca \u00be) blir i siste instans handsama som ei vanleg byggjesak, etter at NVE har vurdert behovet for konsesjonshandsaming.\n<\/p>\n\n\n\n<p><b>I kommunane<\/b>\n<\/p>\n\n\n\n<p>Etter at MIK-overf\u00f8ringane mista \u00f8yremerka i 1997, har det g\u00e5tt nedover med milj\u00f8ambisjonane til mange utkantkommunar. Det er ein reell fare for at dei kommunane som treng det s\u00e5rast, ikkje sj\u00f8lv klarar \u00e5 ta ta overordna omsyn til bevaring av biologisk mangfold, og at dei ikkje sit inne med kapasitet\/kompetanse nok til \u00e5 aktivt bruke PBL som eit aktivt reiskap i kommunen si arealforvaltning. \n<\/p>\n\n\n\n<p><b>Ei heilskapleg, milj\u00f8retta forvaltning?<\/b>\n<\/p>\n\n\n\n<p>Naturvernforbundet legg vekt p\u00e5 at den norske vassdragsnaturen er ei felles arv med fleire kvalitetar enn bare potensiell energi, og set sp\u00f8rsm\u00e5lsteikn ved om NVE har klart \u00e5 fornye seg nok som organisasjon til at den n\u00f8dvendige milj\u00f8forst\u00e5inga inng\u00e5r som ein naturleg del av vurderingane i konsesjonssaker etter vassressurslova.\n<\/p>\n\n\n\n<p>Det nye vassrammedirektivet skal s\u00f8rgje for at forvaltninga av alt vatn, ogs\u00e5 modifiserte f\u00f8rekomstar, skal f\u00e5 ei meir koordinert forvaltning enn vi har vore vitne til fram til i dag.\n<\/p>\n\n\n\n<p>Milj\u00f8verndepartementet er ansvarleg myndighet for gjennomf\u00f8ringa av vassrammedirektivet. \n<\/p>\n\n\n\n<p>Det er dermed naturleg at Direktoratet for naturforvaltning f\u00e5r det overordna ansvaret for vurderingar som omhandlar status og milj\u00f8m\u00e5l i vatn og vassdrag. Naturvernforbundet g\u00e5r inn for at forvaltninga av naturverdiane i norske vassdrag m\u00e5 leggast til Direktoratet for naturforvaltning, der den n\u00f8dvendige kompetansen for ei heilskapleg vassdragsforvaltning alt finst.\n<\/p>\n\n\n\n<p>\u27a2   Inngrepsfri natur\n<\/p>\n\n\n\n<p>Her har signala vore klare gjennom lang tid og mange regjeringar. Stortingsmeldingar som omtalar verdien av inngrepsfri natur omfattar 29 (1996-1997), 58 (1996-1997), 42 (2000-2001), 39 (2000-2001) og 25 (2002-2003). Omr\u00e5dene forsvinn likevel fortare enn Direktoratet for naturforvaltning kan f\u00e5 kartlagt dei, og dette kan NVE ta mykje av \u00e6ra for. \n<\/p>\n\n\n\n<p>Inngrep i villmarksprega og sone I-omr\u00e5de (&gt;3 km fr\u00e5 n\u00e6raste tekniske inngrep) vurderer vi som totalt utelukka, med bakgrunn i det bortfallet som kraftutbygging og landbruksvegar medf\u00f8rt gjennom etterkrigstida. \n<\/p>\n\n\n\n<p>Inngrep i sone II-omr\u00e5de m\u00e5 kunne vurderast dersom omr\u00e5det er mindre enn 5 km2 i utstrekning, dvs at det ikkje fungerer som buffer for sone I eller villmarksprega omr\u00e5de. Dette meinar vi er i tr\u00e5d med vanleg metode for verdivurdering av inngrepsfrie omr\u00e5de (Gaarder 2003).<\/p>\n\n\n\n<p><a href=\"\/imakerdata\/f\/0\/88\/73\/5_2401_0\/Brev_Bjornoy_030106.pdf\">Brev til Helen Bj\u00f8rn\u00f8y om prosessen<\/a><\/p>\n","protected":false},"excerpt":{"rendered":"<p>Her kjem nokre innspel til arbeidet med \u00e5 utforme retningslinjer for fylkesdelplanar for mindre kraftutbyggingar.<\/p>\n","protected":false},"author":38,"featured_media":0,"comment_status":"closed","ping_status":"closed","sticky":false,"template":"","format":"standard","meta":{"_relevanssi_hide_post":"","_relevanssi_hide_content":"","_relevanssi_pin_for_all":"","_relevanssi_pin_keywords":"","_relevanssi_unpin_keywords":"","_relevanssi_related_keywords":"","_relevanssi_related_include_ids":"","_relevanssi_related_exclude_ids":"","_relevanssi_related_no_append":"","_relevanssi_related_not_related":"","_relevanssi_related_posts":"","_relevanssi_noindex_reason":"","hide_logo":false,"footnotes":""},"categories":[17],"tags":[],"local":[],"class_list":["post-1626","post","type-post","status-publish","format-standard","hentry","category-more-og-romsdal"],"acf":[],"yoast_head":"<!-- This site is optimized with the Yoast SEO plugin v24.9 - https:\/\/yoast.com\/wordpress\/plugins\/seo\/ -->\n<title>Notat: Innspel til arbeidet med fylkesdelplanar for sm\u00e5kraft - M\u00f8re og Romsdal<\/title>\n<meta name=\"robots\" content=\"index, follow, max-snippet:-1, max-image-preview:large, max-video-preview:-1\" \/>\n<link rel=\"canonical\" href=\"https:\/\/naturvernforbundet.no\/moreogromsdal\/notat-innspel-til-arbeidet-med-fylkesdelplanar-for-smakraft\/\" \/>\n<meta property=\"og:locale\" content=\"nb_NO\" \/>\n<meta property=\"og:type\" content=\"article\" \/>\n<meta property=\"og:title\" content=\"Notat: Innspel til arbeidet med fylkesdelplanar for sm\u00e5kraft - M\u00f8re og Romsdal\" \/>\n<meta property=\"og:description\" content=\"Her kjem nokre innspel til arbeidet med \u00e5 utforme retningslinjer for fylkesdelplanar for mindre kraftutbyggingar.\" \/>\n<meta property=\"og:url\" content=\"https:\/\/naturvernforbundet.no\/moreogromsdal\/notat-innspel-til-arbeidet-med-fylkesdelplanar-for-smakraft\/\" \/>\n<meta property=\"og:site_name\" content=\"M\u00f8re og Romsdal\" \/>\n<meta property=\"article:published_time\" content=\"2006-07-31T18:06:00+00:00\" \/>\n<meta name=\"author\" content=\"Artikkelimport\u00f8r\" \/>\n<meta name=\"twitter:card\" content=\"summary_large_image\" \/>\n<meta name=\"twitter:label1\" content=\"Skrevet av\" \/>\n\t<meta name=\"twitter:data1\" content=\"Artikkelimport\u00f8r\" \/>\n\t<meta name=\"twitter:label2\" content=\"Ansl. lesetid\" \/>\n\t<meta name=\"twitter:data2\" content=\"8 minutter\" \/>\n<script type=\"application\/ld+json\" class=\"yoast-schema-graph\">{\"@context\":\"https:\/\/schema.org\",\"@graph\":[{\"@type\":\"WebPage\",\"@id\":\"https:\/\/naturvernforbundet.no\/moreogromsdal\/notat-innspel-til-arbeidet-med-fylkesdelplanar-for-smakraft\/\",\"url\":\"https:\/\/naturvernforbundet.no\/moreogromsdal\/notat-innspel-til-arbeidet-med-fylkesdelplanar-for-smakraft\/\",\"name\":\"Notat: Innspel til arbeidet med fylkesdelplanar for sm\u00e5kraft - M\u00f8re og Romsdal\",\"isPartOf\":{\"@id\":\"https:\/\/naturvernforbundet.no\/moreogromsdal\/#website\"},\"datePublished\":\"2006-07-31T18:06:00+00:00\",\"author\":{\"@id\":\"https:\/\/naturvernforbundet.no\/moreogromsdal\/#\/schema\/person\/c72f198205979084bf071deedb6205f4\"},\"breadcrumb\":{\"@id\":\"https:\/\/naturvernforbundet.no\/moreogromsdal\/notat-innspel-til-arbeidet-med-fylkesdelplanar-for-smakraft\/#breadcrumb\"},\"inLanguage\":\"nb-NO\",\"potentialAction\":[{\"@type\":\"ReadAction\",\"target\":[\"https:\/\/naturvernforbundet.no\/moreogromsdal\/notat-innspel-til-arbeidet-med-fylkesdelplanar-for-smakraft\/\"]}]},{\"@type\":\"BreadcrumbList\",\"@id\":\"https:\/\/naturvernforbundet.no\/moreogromsdal\/notat-innspel-til-arbeidet-med-fylkesdelplanar-for-smakraft\/#breadcrumb\",\"itemListElement\":[{\"@type\":\"ListItem\",\"position\":1,\"name\":\"Till naturvernforbundet.no\",\"item\":\"https:\/\/naturvernforbundet.no\/\"},{\"@type\":\"ListItem\",\"position\":2,\"name\":\"M\u00f8re og Romsdal\",\"item\":\"https:\/\/naturvernforbundet.no\/moreogromsdal\/\"},{\"@type\":\"ListItem\",\"position\":3,\"name\":\"Notat: Innspel til arbeidet med fylkesdelplanar for sm\u00e5kraft\"}]},{\"@type\":\"WebSite\",\"@id\":\"https:\/\/naturvernforbundet.no\/moreogromsdal\/#website\",\"url\":\"https:\/\/naturvernforbundet.no\/moreogromsdal\/\",\"name\":\"M\u00f8re og Romsdal\",\"description\":\"Bare enda et Naturvernforbundet Sites-nettsted\",\"potentialAction\":[{\"@type\":\"SearchAction\",\"target\":{\"@type\":\"EntryPoint\",\"urlTemplate\":\"https:\/\/naturvernforbundet.no\/moreogromsdal\/?s={search_term_string}\"},\"query-input\":{\"@type\":\"PropertyValueSpecification\",\"valueRequired\":true,\"valueName\":\"search_term_string\"}}],\"inLanguage\":\"nb-NO\"},{\"@type\":\"Person\",\"@id\":\"https:\/\/naturvernforbundet.no\/moreogromsdal\/#\/schema\/person\/c72f198205979084bf071deedb6205f4\",\"name\":\"Artikkelimport\u00f8r\",\"image\":{\"@type\":\"ImageObject\",\"inLanguage\":\"nb-NO\",\"@id\":\"https:\/\/naturvernforbundet.no\/moreogromsdal\/#\/schema\/person\/image\/\",\"url\":\"https:\/\/secure.gravatar.com\/avatar\/015fa491b9ed1c823ef16a5c930294d1?s=96&d=mm&r=g\",\"contentUrl\":\"https:\/\/secure.gravatar.com\/avatar\/015fa491b9ed1c823ef16a5c930294d1?s=96&d=mm&r=g\",\"caption\":\"Artikkelimport\u00f8r\"},\"url\":\"https:\/\/naturvernforbundet.no\/moreogromsdal\/author\/artikkelimportor\/\"}]}<\/script>\n<!-- \/ Yoast SEO plugin. -->","yoast_head_json":{"title":"Notat: Innspel til arbeidet med fylkesdelplanar for sm\u00e5kraft - M\u00f8re og Romsdal","robots":{"index":"index","follow":"follow","max-snippet":"max-snippet:-1","max-image-preview":"max-image-preview:large","max-video-preview":"max-video-preview:-1"},"canonical":"https:\/\/naturvernforbundet.no\/moreogromsdal\/notat-innspel-til-arbeidet-med-fylkesdelplanar-for-smakraft\/","og_locale":"nb_NO","og_type":"article","og_title":"Notat: Innspel til arbeidet med fylkesdelplanar for sm\u00e5kraft - M\u00f8re og Romsdal","og_description":"Her kjem nokre innspel til arbeidet med \u00e5 utforme retningslinjer for fylkesdelplanar for mindre kraftutbyggingar.","og_url":"https:\/\/naturvernforbundet.no\/moreogromsdal\/notat-innspel-til-arbeidet-med-fylkesdelplanar-for-smakraft\/","og_site_name":"M\u00f8re og Romsdal","article_published_time":"2006-07-31T18:06:00+00:00","author":"Artikkelimport\u00f8r","twitter_card":"summary_large_image","twitter_misc":{"Skrevet av":"Artikkelimport\u00f8r","Ansl. lesetid":"8 minutter"},"schema":{"@context":"https:\/\/schema.org","@graph":[{"@type":"WebPage","@id":"https:\/\/naturvernforbundet.no\/moreogromsdal\/notat-innspel-til-arbeidet-med-fylkesdelplanar-for-smakraft\/","url":"https:\/\/naturvernforbundet.no\/moreogromsdal\/notat-innspel-til-arbeidet-med-fylkesdelplanar-for-smakraft\/","name":"Notat: Innspel til arbeidet med fylkesdelplanar for sm\u00e5kraft - M\u00f8re og Romsdal","isPartOf":{"@id":"https:\/\/naturvernforbundet.no\/moreogromsdal\/#website"},"datePublished":"2006-07-31T18:06:00+00:00","author":{"@id":"https:\/\/naturvernforbundet.no\/moreogromsdal\/#\/schema\/person\/c72f198205979084bf071deedb6205f4"},"breadcrumb":{"@id":"https:\/\/naturvernforbundet.no\/moreogromsdal\/notat-innspel-til-arbeidet-med-fylkesdelplanar-for-smakraft\/#breadcrumb"},"inLanguage":"nb-NO","potentialAction":[{"@type":"ReadAction","target":["https:\/\/naturvernforbundet.no\/moreogromsdal\/notat-innspel-til-arbeidet-med-fylkesdelplanar-for-smakraft\/"]}]},{"@type":"BreadcrumbList","@id":"https:\/\/naturvernforbundet.no\/moreogromsdal\/notat-innspel-til-arbeidet-med-fylkesdelplanar-for-smakraft\/#breadcrumb","itemListElement":[{"@type":"ListItem","position":1,"name":"Till naturvernforbundet.no","item":"https:\/\/naturvernforbundet.no\/"},{"@type":"ListItem","position":2,"name":"M\u00f8re og Romsdal","item":"https:\/\/naturvernforbundet.no\/moreogromsdal\/"},{"@type":"ListItem","position":3,"name":"Notat: Innspel til arbeidet med fylkesdelplanar for sm\u00e5kraft"}]},{"@type":"WebSite","@id":"https:\/\/naturvernforbundet.no\/moreogromsdal\/#website","url":"https:\/\/naturvernforbundet.no\/moreogromsdal\/","name":"M\u00f8re og Romsdal","description":"Bare enda et Naturvernforbundet Sites-nettsted","potentialAction":[{"@type":"SearchAction","target":{"@type":"EntryPoint","urlTemplate":"https:\/\/naturvernforbundet.no\/moreogromsdal\/?s={search_term_string}"},"query-input":{"@type":"PropertyValueSpecification","valueRequired":true,"valueName":"search_term_string"}}],"inLanguage":"nb-NO"},{"@type":"Person","@id":"https:\/\/naturvernforbundet.no\/moreogromsdal\/#\/schema\/person\/c72f198205979084bf071deedb6205f4","name":"Artikkelimport\u00f8r","image":{"@type":"ImageObject","inLanguage":"nb-NO","@id":"https:\/\/naturvernforbundet.no\/moreogromsdal\/#\/schema\/person\/image\/","url":"https:\/\/secure.gravatar.com\/avatar\/015fa491b9ed1c823ef16a5c930294d1?s=96&d=mm&r=g","contentUrl":"https:\/\/secure.gravatar.com\/avatar\/015fa491b9ed1c823ef16a5c930294d1?s=96&d=mm&r=g","caption":"Artikkelimport\u00f8r"},"url":"https:\/\/naturvernforbundet.no\/moreogromsdal\/author\/artikkelimportor\/"}]}},"_links":{"self":[{"href":"https:\/\/naturvernforbundet.no\/moreogromsdal\/wp-json\/wp\/v2\/posts\/1626","targetHints":{"allow":["GET"]}}],"collection":[{"href":"https:\/\/naturvernforbundet.no\/moreogromsdal\/wp-json\/wp\/v2\/posts"}],"about":[{"href":"https:\/\/naturvernforbundet.no\/moreogromsdal\/wp-json\/wp\/v2\/types\/post"}],"author":[{"embeddable":true,"href":"https:\/\/naturvernforbundet.no\/moreogromsdal\/wp-json\/wp\/v2\/users\/38"}],"replies":[{"embeddable":true,"href":"https:\/\/naturvernforbundet.no\/moreogromsdal\/wp-json\/wp\/v2\/comments?post=1626"}],"version-history":[{"count":0,"href":"https:\/\/naturvernforbundet.no\/moreogromsdal\/wp-json\/wp\/v2\/posts\/1626\/revisions"}],"wp:attachment":[{"href":"https:\/\/naturvernforbundet.no\/moreogromsdal\/wp-json\/wp\/v2\/media?parent=1626"}],"wp:term":[{"taxonomy":"category","embeddable":true,"href":"https:\/\/naturvernforbundet.no\/moreogromsdal\/wp-json\/wp\/v2\/categories?post=1626"},{"taxonomy":"post_tag","embeddable":true,"href":"https:\/\/naturvernforbundet.no\/moreogromsdal\/wp-json\/wp\/v2\/tags?post=1626"},{"taxonomy":"local","embeddable":true,"href":"https:\/\/naturvernforbundet.no\/moreogromsdal\/wp-json\/wp\/v2\/local?post=1626"}],"curies":[{"name":"wp","href":"https:\/\/api.w.org\/{rel}","templated":true}]}}